{"id":65751,"date":"2017-09-19T00:04:18","date_gmt":"2017-09-19T05:04:18","guid":{"rendered":"http:\/\/www.reconoce.mx\/?p=65751"},"modified":"2017-09-23T09:45:15","modified_gmt":"2017-09-23T14:45:15","slug":"ya-listos-para-el-ultramexico2017","status":"publish","type":"post","link":"http:\/\/www.reconoce.mx\/?p=65751","title":{"rendered":"\u00a1Ya listos para el #UltraMexico2017!"},"content":{"rendered":"<p><strong>Por <a href=\"http:\/\/twitter.com\/UrikFuentes\" target=\"_blank\" rel=\"noopener noreferrer\">Ulrich Fuentes<\/a><\/strong>.<\/p>\n<p>Sin duda uno de los eventos m\u00e1s esperados del a\u00f1o en nuestro pa\u00eds es <strong>Ultra M\u00e9xico 2017<\/strong>, y no solo porque re\u00fane lo mejor de la escena mundial de la m\u00fasica electr\u00f3nica actual, si no porque<strong> Ultra Music Festival<\/strong> est\u00e1 catalogado como uno de los festivales m\u00e1s importantes del mundo en la escena, y gracias a este reconocimiento podemos imaginar la experiencia de vivir un evento de esta talla; es por eso que la expectativa sobre el festival crece d\u00eda a d\u00eda a tan solo unas semanas de la esperada fecha.<\/p>\n<p><a href=\"http:\/\/www.reconoce.mx\/wp-content\/uploads\/2017\/09\/Cartel-Oficial-UMF.jpg\"><img loading=\"lazy\" decoding=\"async\" class=\"aligncenter size-full wp-image-65752\" src=\"http:\/\/www.reconoce.mx\/wp-content\/uploads\/2017\/09\/Cartel-Oficial-UMF.jpg\" alt=\"\" width=\"1300\" height=\"3028\" srcset=\"http:\/\/www.reconoce.mx\/wp-content\/uploads\/2017\/09\/Cartel-Oficial-UMF.jpg 1300w, http:\/\/www.reconoce.mx\/wp-content\/uploads\/2017\/09\/Cartel-Oficial-UMF-129x300.jpg 129w, http:\/\/www.reconoce.mx\/wp-content\/uploads\/2017\/09\/Cartel-Oficial-UMF-768x1789.jpg 768w, http:\/\/www.reconoce.mx\/wp-content\/uploads\/2017\/09\/Cartel-Oficial-UMF-440x1024.jpg 440w, http:\/\/www.reconoce.mx\/wp-content\/uploads\/2017\/09\/Cartel-Oficial-UMF-150x349.jpg 150w, http:\/\/www.reconoce.mx\/wp-content\/uploads\/2017\/09\/Cartel-Oficial-UMF-700x1630.jpg 700w, http:\/\/www.reconoce.mx\/wp-content\/uploads\/2017\/09\/Cartel-Oficial-UMF-658x1533.jpg 658w, http:\/\/www.reconoce.mx\/wp-content\/uploads\/2017\/09\/Cartel-Oficial-UMF-300x699.jpg 300w\" sizes=\"auto, (max-width: 1300px) 100vw, 1300px\" \/><\/a><\/p>\n<p>Tom\u00f3 tiempo en M\u00e9xico para que llegara un festival de la talla de Ultra, \u00aba nosotros nos tom\u00f3 dos a\u00f1os de trabajo de traer Ultra a M\u00e9xico. Ultra se caracteriza por estar en las ciudades mas sexys, mas tur\u00edsticas del mundo, y bueno\u2026 todos sabemos la situaci\u00f3n pasada del pa\u00eds y eso hizo un poco tardado que Ultra viniera aqu\u00ed. Tambi\u00e9n ellos ten\u00edan que ver que la producci\u00f3n, a la que est\u00e1n acostumbrados, pudiera realizarse aqu\u00ed para que fuera una experiencia Ultra\u00bb, dijo el director de <strong>Ultra M\u00e9xico 2017<\/strong>, Juan Pablo Ruvalcaba.<\/p>\n<p>Y no es para mas ya que el evento espera alrededor de 120 mil personas en sus dos d\u00edas de festival, por lo que <strong>Ultra M\u00e9xico 2017<\/strong> de la mano de <strong>Bud Light<\/strong> est\u00e1n afinando los \u00faltimos preparativos para proveer de esta gran experiencia a todos los asistentes. \u00abUltra no es s\u00f3lo m\u00fasica, es un festival que trae a la gente una experiencia desde el momento que llegas hasta el momento en que te vas\u00bb, a\u00f1adi\u00f3 uno de los organizadores.<\/p>\n<p><a href=\"http:\/\/www.reconoce.mx\/wp-content\/uploads\/2017\/09\/DKV7oCXUIAEzw-6.jpg-large.jpg\"><img loading=\"lazy\" decoding=\"async\" class=\"aligncenter size-full wp-image-65970\" src=\"http:\/\/www.reconoce.mx\/wp-content\/uploads\/2017\/09\/DKV7oCXUIAEzw-6.jpg-large.jpg\" alt=\"\" width=\"1000\" height=\"1000\" srcset=\"http:\/\/www.reconoce.mx\/wp-content\/uploads\/2017\/09\/DKV7oCXUIAEzw-6.jpg-large.jpg 1000w, http:\/\/www.reconoce.mx\/wp-content\/uploads\/2017\/09\/DKV7oCXUIAEzw-6.jpg-large-150x150.jpg 150w, http:\/\/www.reconoce.mx\/wp-content\/uploads\/2017\/09\/DKV7oCXUIAEzw-6.jpg-large-300x300.jpg 300w, http:\/\/www.reconoce.mx\/wp-content\/uploads\/2017\/09\/DKV7oCXUIAEzw-6.jpg-large-768x768.jpg 768w, http:\/\/www.reconoce.mx\/wp-content\/uploads\/2017\/09\/DKV7oCXUIAEzw-6.jpg-large-65x65.jpg 65w, http:\/\/www.reconoce.mx\/wp-content\/uploads\/2017\/09\/DKV7oCXUIAEzw-6.jpg-large-700x700.jpg 700w, http:\/\/www.reconoce.mx\/wp-content\/uploads\/2017\/09\/DKV7oCXUIAEzw-6.jpg-large-658x658.jpg 658w\" sizes=\"auto, (max-width: 1000px) 100vw, 1000px\" \/><\/a><\/p>\n<p>Aqu\u00ed un poco de lo que nos espera en t\u00e9rminos t\u00e9cnicos: 4 incre\u00edbles escenarios, con lo \u00faltimo en tecnolog\u00eda; el escenario principal o \u00abMain Stage\u00bb ser\u00e1 el m\u00e1s grande que se haya hecho en alg\u00fan festival de m\u00fasica electr\u00f3nica, con aproximadamente 1,000 metros cuadrados de pantallas, as\u00ed como m\u00e1s de 30 trailers de iluminaci\u00f3n y sonido de \u00faltima tecnolog\u00eda; 2 \u00e1reas VIP, 2 tiendas de souvenirs, 25 puntos de recarga para el sistema de pago <em>cashless<\/em> dentro del festival, m\u00e1s de 300 metros de \u00e1reas exclusivas de bebidas, as\u00ed como 60 <em>food trucks<\/em> y diversas zonas de alimentos, m\u00e1s de 1,000 polic\u00edas estatales y federales, m\u00e1s de 500 miembros de seguridad privada, 8 centros de seguridad, espacio de estacionamiento para m\u00e1s de 4 mil veh\u00edculos, espacio de objetos perdidos; y por \u00faltimo la log\u00edstica de <strong>Ultra Bus<\/strong>, que nos conectar\u00e1 sin costo y con rutas eficaces desde distintos puntos de Ciudad de M\u00e9xico hasta el <strong>Foro Pegaso<\/strong>, recinto que se utilizar\u00e1 para este este gran evento.<\/p>\n<p>Respecto a la sede del evento, Ruvalcaba coment\u00f3: \u00abnos da la flexibilidad de manejar los diferentes escenarios y diferentes zonas depende a las necesidades del festival\u00bb. Tambi\u00e9n coment\u00f3 que tendremos Ultra \u00abpara rato\u00bb, ya que est\u00e1n asegurados al menos 5 a\u00f1os en nuestro pa\u00eds. Tambi\u00e9n mencion\u00f3 que por el momento no se planea cambiar la sede del festival a alguna playa o destino tur\u00edstico, como Ultra Miami, ya que desafortunadamente este tipo de regiones en nuestro pa\u00eds a\u00fan no cuentan con la infraestructura necesaria para cobijar el festival.<\/p>\n<p>Por otra parte<strong> Bud Light<\/strong> se suma como uno de los patrocinadores m\u00e1s fuertes del festival, \u00abuno de los pilares para <strong>Bud Light<\/strong> es la m\u00fasica electr\u00f3nica, desde hace cuatro a\u00f1os que la marca est\u00e1 en M\u00e9xico hemos colaborado y hemos hecho distintas cosas al rededor de esta cultura\u00bb, mencion\u00f3 <strong>Rodrigo Casar\u00edn<\/strong>, <em>brand manager<\/em> de <strong>Bud Light M\u00e9xico<\/strong>.<\/p>\n<p>La marca se encuentra totalmente comprometida con el talento nacional y es por eso que se suma el escenario \u00abBud Light\u00bb, el cual ser\u00e1 ambientado \u00fanicamente por DJ&#8217;s mexicanos como lo son: <strong>BSNO<\/strong>, <strong>Nava &amp; Lemarroy<\/strong>, <strong>Mika<\/strong>, <strong>Neo Human<\/strong> y <strong>Grank &amp; Wallace<\/strong>.<\/p>\n<p>Por el momento no nos queda m\u00e1s que estar al pendiente de la aplicaci\u00f3n exclusiva para el festival, donde podremos encontrar mapas, horarios y la log\u00edstica de <strong>Ultra Bus<\/strong>, as\u00ed como esperar a que los d\u00edas 6 y 7 de octubre lleguen para vivir esta nueva experiencia en cuesti\u00f3n de festivales; y no porque no haya festivales grandes o importantes en m\u00e9xico, porque los hay y muchos, si no porque Ultra se caracteriza por ir siempre de la mano de la tecnolog\u00eda, y este es uno de los puntos m\u00e1s destacables del festival.<\/p>\n<p>Para m\u00e1s informaci\u00f3n y venta de boletos, visita el <a href=\"https:\/\/umfmexico.com\/es\/\" target=\"_blank\" rel=\"noopener\">sitio oficial<\/a>.<\/p>\n<p>&nbsp;<\/p>\n<p>&nbsp;<\/p>\n","protected":false},"excerpt":{"rendered":"<p>Sin duda uno de los eventos m\u00e1s esperados del a\u00f1o en nuestro pa\u00eds es Ultra M\u00e9xico 2017, y no solo porque re\u00fane lo mejor de la escena mundial de la m\u00fasica electr\u00f3nica actual, si no porque Ultra Music Festival est\u00e1 catalogado como uno de los festivales m\u00e1s importantes del mundo en la escena.<\/p>\n","protected":false},"author":2,"featured_media":65753,"comment_status":"open","ping_status":"open","sticky":false,"template":"","format":"standard","meta":{"footnotes":""},"categories":[1,18,17],"tags":[],"class_list":["post-65751","post","type-post","status-publish","format-standard","has-post-thumbnail","hentry","category-cultura","category-musica","category-principal"],"yoast_head":"<!-- This site is optimized with the Yoast SEO plugin v24.7 - https:\/\/yoast.com\/wordpress\/plugins\/seo\/ -->\n<title>\u00a1Ya listos para el #UltraMexico2017! &#171; Reconoce MX<\/title>\n<meta name=\"robots\" content=\"index, follow, max-snippet:-1, max-image-preview:large, max-video-preview:-1\" \/>\n<link rel=\"canonical\" href=\"http:\/\/www.reconoce.mx\/?p=65751\" \/>\n<meta property=\"og:locale\" content=\"es_ES\" \/>\n<meta property=\"og:type\" content=\"article\" \/>\n<meta property=\"og:title\" content=\"\u00a1Ya listos para el #UltraMexico2017! &#171; Reconoce MX\" \/>\n<meta property=\"og:description\" content=\"Sin duda uno de los eventos m\u00e1s esperados del a\u00f1o en nuestro pa\u00eds es Ultra M\u00e9xico 2017, y no solo porque re\u00fane lo mejor de la escena mundial de la m\u00fasica electr\u00f3nica actual, si no porque Ultra Music Festival est\u00e1 catalogado como uno de los festivales m\u00e1s importantes del mundo en la escena.\" \/>\n<meta property=\"og:url\" content=\"http:\/\/www.reconoce.mx\/?p=65751\" \/>\n<meta property=\"og:site_name\" content=\"Reconoce MX\" \/>\n<meta property=\"article:publisher\" content=\"https:\/\/es-la.facebook.com\/ReconoceMX\/\" \/>\n<meta property=\"article:published_time\" content=\"2017-09-19T05:04:18+00:00\" \/>\n<meta property=\"article:modified_time\" content=\"2017-09-23T14:45:15+00:00\" \/>\n<meta property=\"og:image\" content=\"http:\/\/www.reconoce.mx\/wp-content\/uploads\/2017\/09\/ultra-mexico-2017.png\" \/>\n\t<meta property=\"og:image:width\" content=\"590\" \/>\n\t<meta property=\"og:image:height\" content=\"380\" \/>\n\t<meta property=\"og:image:type\" content=\"image\/png\" \/>\n<meta name=\"author\" content=\"Reconoce MX\" \/>\n<meta name=\"twitter:card\" content=\"summary_large_image\" \/>\n<meta name=\"twitter:creator\" content=\"@reconocemx\" \/>\n<meta name=\"twitter:site\" content=\"@reconocemx\" \/>\n<meta name=\"twitter:label1\" content=\"Escrito por\" \/>\n\t<meta name=\"twitter:data1\" content=\"Reconoce MX\" \/>\n\t<meta name=\"twitter:label2\" content=\"Tiempo de lectura\" \/>\n\t<meta name=\"twitter:data2\" content=\"4 minutos\" \/>\n<script type=\"application\/ld+json\" class=\"yoast-schema-graph\">{\"@context\":\"https:\/\/schema.org\",\"@graph\":[{\"@type\":\"Article\",\"@id\":\"http:\/\/www.reconoce.mx\/?p=65751#article\",\"isPartOf\":{\"@id\":\"http:\/\/www.reconoce.mx\/?p=65751\"},\"author\":{\"name\":\"Reconoce MX\",\"@id\":\"http:\/\/www.reconoce.mx\/#\/schema\/person\/2117e997d7051dc15d6880eaf9bca0b2\"},\"headline\":\"\u00a1Ya listos para el #UltraMexico2017!\",\"datePublished\":\"2017-09-19T05:04:18+00:00\",\"dateModified\":\"2017-09-23T14:45:15+00:00\",\"mainEntityOfPage\":{\"@id\":\"http:\/\/www.reconoce.mx\/?p=65751\"},\"wordCount\":784,\"commentCount\":0,\"publisher\":{\"@id\":\"http:\/\/www.reconoce.mx\/#organization\"},\"image\":{\"@id\":\"http:\/\/www.reconoce.mx\/?p=65751#primaryimage\"},\"thumbnailUrl\":\"http:\/\/www.reconoce.mx\/wp-content\/uploads\/2017\/09\/ultra-mexico-2017.png\",\"articleSection\":[\"Cultura\",\"M\u00fasica\",\"Principal\"],\"inLanguage\":\"es\",\"potentialAction\":[{\"@type\":\"CommentAction\",\"name\":\"Comment\",\"target\":[\"http:\/\/www.reconoce.mx\/?p=65751#respond\"]}]},{\"@type\":\"WebPage\",\"@id\":\"http:\/\/www.reconoce.mx\/?p=65751\",\"url\":\"http:\/\/www.reconoce.mx\/?p=65751\",\"name\":\"\u00a1Ya listos para el #UltraMexico2017! &#171; Reconoce MX\",\"isPartOf\":{\"@id\":\"http:\/\/www.reconoce.mx\/#website\"},\"primaryImageOfPage\":{\"@id\":\"http:\/\/www.reconoce.mx\/?p=65751#primaryimage\"},\"image\":{\"@id\":\"http:\/\/www.reconoce.mx\/?p=65751#primaryimage\"},\"thumbnailUrl\":\"http:\/\/www.reconoce.mx\/wp-content\/uploads\/2017\/09\/ultra-mexico-2017.png\",\"datePublished\":\"2017-09-19T05:04:18+00:00\",\"dateModified\":\"2017-09-23T14:45:15+00:00\",\"breadcrumb\":{\"@id\":\"http:\/\/www.reconoce.mx\/?p=65751#breadcrumb\"},\"inLanguage\":\"es\",\"potentialAction\":[{\"@type\":\"ReadAction\",\"target\":[\"http:\/\/www.reconoce.mx\/?p=65751\"]}]},{\"@type\":\"ImageObject\",\"inLanguage\":\"es\",\"@id\":\"http:\/\/www.reconoce.mx\/?p=65751#primaryimage\",\"url\":\"http:\/\/www.reconoce.mx\/wp-content\/uploads\/2017\/09\/ultra-mexico-2017.png\",\"contentUrl\":\"http:\/\/www.reconoce.mx\/wp-content\/uploads\/2017\/09\/ultra-mexico-2017.png\",\"width\":590,\"height\":380},{\"@type\":\"BreadcrumbList\",\"@id\":\"http:\/\/www.reconoce.mx\/?p=65751#breadcrumb\",\"itemListElement\":[{\"@type\":\"ListItem\",\"position\":1,\"name\":\"Portada\",\"item\":\"http:\/\/www.reconoce.mx\/\"},{\"@type\":\"ListItem\",\"position\":2,\"name\":\"\u00a1Ya listos para el #UltraMexico2017!\"}]},{\"@type\":\"WebSite\",\"@id\":\"http:\/\/www.reconoce.mx\/#website\",\"url\":\"http:\/\/www.reconoce.mx\/\",\"name\":\"Reconoce MX\",\"description\":\"En Reconoce MX difundimos arte, cultura y conciencia social en M\u00e9xico. Tu ciudad en otra perspectiva.\",\"publisher\":{\"@id\":\"http:\/\/www.reconoce.mx\/#organization\"},\"potentialAction\":[{\"@type\":\"SearchAction\",\"target\":{\"@type\":\"EntryPoint\",\"urlTemplate\":\"http:\/\/www.reconoce.mx\/?s={search_term_string}\"},\"query-input\":{\"@type\":\"PropertyValueSpecification\",\"valueRequired\":true,\"valueName\":\"search_term_string\"}}],\"inLanguage\":\"es\"},{\"@type\":\"Organization\",\"@id\":\"http:\/\/www.reconoce.mx\/#organization\",\"name\":\"Reconoce MX\",\"url\":\"http:\/\/www.reconoce.mx\/\",\"logo\":{\"@type\":\"ImageObject\",\"inLanguage\":\"es\",\"@id\":\"http:\/\/www.reconoce.mx\/#\/schema\/logo\/image\/\",\"url\":\"https:\/\/www.reconoce.mx\/wp-content\/uploads\/2019\/03\/logorcmx-good-1.png\",\"contentUrl\":\"https:\/\/www.reconoce.mx\/wp-content\/uploads\/2019\/03\/logorcmx-good-1.png\",\"width\":280,\"height\":90,\"caption\":\"Reconoce MX\"},\"image\":{\"@id\":\"http:\/\/www.reconoce.mx\/#\/schema\/logo\/image\/\"},\"sameAs\":[\"https:\/\/es-la.facebook.com\/ReconoceMX\/\",\"https:\/\/x.com\/reconocemx\",\"http:\/\/@reconocemx\"]},{\"@type\":\"Person\",\"@id\":\"http:\/\/www.reconoce.mx\/#\/schema\/person\/2117e997d7051dc15d6880eaf9bca0b2\",\"name\":\"Reconoce MX\",\"image\":{\"@type\":\"ImageObject\",\"inLanguage\":\"es\",\"@id\":\"http:\/\/www.reconoce.mx\/#\/schema\/person\/image\/\",\"url\":\"https:\/\/secure.gravatar.com\/avatar\/6c8d4dc7569ca1c90c5fdcc349f839d5ddef6fe1e70b4337ead2ef1a4c43fc3a?s=96&d=identicon&r=g\",\"contentUrl\":\"https:\/\/secure.gravatar.com\/avatar\/6c8d4dc7569ca1c90c5fdcc349f839d5ddef6fe1e70b4337ead2ef1a4c43fc3a?s=96&d=identicon&r=g\",\"caption\":\"Reconoce MX\"},\"description\":\"Reconoce MX es un proyecto de difusi\u00f3n art\u00edstica, cultural y de conciencia social que est\u00e1 enfocado a difundir y fomentar el entretenimiento alternativo de calidad para todo el p\u00fablico que comparta el mismo entusiasmo.\",\"sameAs\":[\"http:\/\/www.reconoce.mx\"],\"url\":\"http:\/\/www.reconoce.mx\/?author=2\"}]}<\/script>\n<!-- \/ Yoast SEO plugin. -->","yoast_head_json":{"title":"\u00a1Ya listos para el #UltraMexico2017! &#171; Reconoce MX","robots":{"index":"index","follow":"follow","max-snippet":"max-snippet:-1","max-image-preview":"max-image-preview:large","max-video-preview":"max-video-preview:-1"},"canonical":"http:\/\/www.reconoce.mx\/?p=65751","og_locale":"es_ES","og_type":"article","og_title":"\u00a1Ya listos para el #UltraMexico2017! &#171; Reconoce MX","og_description":"Sin duda uno de los eventos m\u00e1s esperados del a\u00f1o en nuestro pa\u00eds es Ultra M\u00e9xico 2017, y no solo porque re\u00fane lo mejor de la escena mundial de la m\u00fasica electr\u00f3nica actual, si no porque Ultra Music Festival est\u00e1 catalogado como uno de los festivales m\u00e1s importantes del mundo en la escena.","og_url":"http:\/\/www.reconoce.mx\/?p=65751","og_site_name":"Reconoce MX","article_publisher":"https:\/\/es-la.facebook.com\/ReconoceMX\/","article_published_time":"2017-09-19T05:04:18+00:00","article_modified_time":"2017-09-23T14:45:15+00:00","og_image":[{"width":590,"height":380,"url":"http:\/\/www.reconoce.mx\/wp-content\/uploads\/2017\/09\/ultra-mexico-2017.png","type":"image\/png"}],"author":"Reconoce MX","twitter_card":"summary_large_image","twitter_creator":"@reconocemx","twitter_site":"@reconocemx","twitter_misc":{"Escrito por":"Reconoce MX","Tiempo de lectura":"4 minutos"},"schema":{"@context":"https:\/\/schema.org","@graph":[{"@type":"Article","@id":"http:\/\/www.reconoce.mx\/?p=65751#article","isPartOf":{"@id":"http:\/\/www.reconoce.mx\/?p=65751"},"author":{"name":"Reconoce MX","@id":"http:\/\/www.reconoce.mx\/#\/schema\/person\/2117e997d7051dc15d6880eaf9bca0b2"},"headline":"\u00a1Ya listos para el #UltraMexico2017!","datePublished":"2017-09-19T05:04:18+00:00","dateModified":"2017-09-23T14:45:15+00:00","mainEntityOfPage":{"@id":"http:\/\/www.reconoce.mx\/?p=65751"},"wordCount":784,"commentCount":0,"publisher":{"@id":"http:\/\/www.reconoce.mx\/#organization"},"image":{"@id":"http:\/\/www.reconoce.mx\/?p=65751#primaryimage"},"thumbnailUrl":"http:\/\/www.reconoce.mx\/wp-content\/uploads\/2017\/09\/ultra-mexico-2017.png","articleSection":["Cultura","M\u00fasica","Principal"],"inLanguage":"es","potentialAction":[{"@type":"CommentAction","name":"Comment","target":["http:\/\/www.reconoce.mx\/?p=65751#respond"]}]},{"@type":"WebPage","@id":"http:\/\/www.reconoce.mx\/?p=65751","url":"http:\/\/www.reconoce.mx\/?p=65751","name":"\u00a1Ya listos para el #UltraMexico2017! &#171; Reconoce MX","isPartOf":{"@id":"http:\/\/www.reconoce.mx\/#website"},"primaryImageOfPage":{"@id":"http:\/\/www.reconoce.mx\/?p=65751#primaryimage"},"image":{"@id":"http:\/\/www.reconoce.mx\/?p=65751#primaryimage"},"thumbnailUrl":"http:\/\/www.reconoce.mx\/wp-content\/uploads\/2017\/09\/ultra-mexico-2017.png","datePublished":"2017-09-19T05:04:18+00:00","dateModified":"2017-09-23T14:45:15+00:00","breadcrumb":{"@id":"http:\/\/www.reconoce.mx\/?p=65751#breadcrumb"},"inLanguage":"es","potentialAction":[{"@type":"ReadAction","target":["http:\/\/www.reconoce.mx\/?p=65751"]}]},{"@type":"ImageObject","inLanguage":"es","@id":"http:\/\/www.reconoce.mx\/?p=65751#primaryimage","url":"http:\/\/www.reconoce.mx\/wp-content\/uploads\/2017\/09\/ultra-mexico-2017.png","contentUrl":"http:\/\/www.reconoce.mx\/wp-content\/uploads\/2017\/09\/ultra-mexico-2017.png","width":590,"height":380},{"@type":"BreadcrumbList","@id":"http:\/\/www.reconoce.mx\/?p=65751#breadcrumb","itemListElement":[{"@type":"ListItem","position":1,"name":"Portada","item":"http:\/\/www.reconoce.mx\/"},{"@type":"ListItem","position":2,"name":"\u00a1Ya listos para el #UltraMexico2017!"}]},{"@type":"WebSite","@id":"http:\/\/www.reconoce.mx\/#website","url":"http:\/\/www.reconoce.mx\/","name":"Reconoce MX","description":"En Reconoce MX difundimos arte, cultura y conciencia social en M\u00e9xico. Tu ciudad en otra perspectiva.","publisher":{"@id":"http:\/\/www.reconoce.mx\/#organization"},"potentialAction":[{"@type":"SearchAction","target":{"@type":"EntryPoint","urlTemplate":"http:\/\/www.reconoce.mx\/?s={search_term_string}"},"query-input":{"@type":"PropertyValueSpecification","valueRequired":true,"valueName":"search_term_string"}}],"inLanguage":"es"},{"@type":"Organization","@id":"http:\/\/www.reconoce.mx\/#organization","name":"Reconoce MX","url":"http:\/\/www.reconoce.mx\/","logo":{"@type":"ImageObject","inLanguage":"es","@id":"http:\/\/www.reconoce.mx\/#\/schema\/logo\/image\/","url":"https:\/\/www.reconoce.mx\/wp-content\/uploads\/2019\/03\/logorcmx-good-1.png","contentUrl":"https:\/\/www.reconoce.mx\/wp-content\/uploads\/2019\/03\/logorcmx-good-1.png","width":280,"height":90,"caption":"Reconoce MX"},"image":{"@id":"http:\/\/www.reconoce.mx\/#\/schema\/logo\/image\/"},"sameAs":["https:\/\/es-la.facebook.com\/ReconoceMX\/","https:\/\/x.com\/reconocemx","http:\/\/@reconocemx"]},{"@type":"Person","@id":"http:\/\/www.reconoce.mx\/#\/schema\/person\/2117e997d7051dc15d6880eaf9bca0b2","name":"Reconoce MX","image":{"@type":"ImageObject","inLanguage":"es","@id":"http:\/\/www.reconoce.mx\/#\/schema\/person\/image\/","url":"https:\/\/secure.gravatar.com\/avatar\/6c8d4dc7569ca1c90c5fdcc349f839d5ddef6fe1e70b4337ead2ef1a4c43fc3a?s=96&d=identicon&r=g","contentUrl":"https:\/\/secure.gravatar.com\/avatar\/6c8d4dc7569ca1c90c5fdcc349f839d5ddef6fe1e70b4337ead2ef1a4c43fc3a?s=96&d=identicon&r=g","caption":"Reconoce MX"},"description":"Reconoce MX es un proyecto de difusi\u00f3n art\u00edstica, cultural y de conciencia social que est\u00e1 enfocado a difundir y fomentar el entretenimiento alternativo de calidad para todo el p\u00fablico que comparta el mismo entusiasmo.","sameAs":["http:\/\/www.reconoce.mx"],"url":"http:\/\/www.reconoce.mx\/?author=2"}]}},"_links":{"self":[{"href":"http:\/\/www.reconoce.mx\/index.php?rest_route=\/wp\/v2\/posts\/65751","targetHints":{"allow":["GET"]}}],"collection":[{"href":"http:\/\/www.reconoce.mx\/index.php?rest_route=\/wp\/v2\/posts"}],"about":[{"href":"http:\/\/www.reconoce.mx\/index.php?rest_route=\/wp\/v2\/types\/post"}],"author":[{"embeddable":true,"href":"http:\/\/www.reconoce.mx\/index.php?rest_route=\/wp\/v2\/users\/2"}],"replies":[{"embeddable":true,"href":"http:\/\/www.reconoce.mx\/index.php?rest_route=%2Fwp%2Fv2%2Fcomments&post=65751"}],"version-history":[{"count":4,"href":"http:\/\/www.reconoce.mx\/index.php?rest_route=\/wp\/v2\/posts\/65751\/revisions"}],"predecessor-version":[{"id":65972,"href":"http:\/\/www.reconoce.mx\/index.php?rest_route=\/wp\/v2\/posts\/65751\/revisions\/65972"}],"wp:featuredmedia":[{"embeddable":true,"href":"http:\/\/www.reconoce.mx\/index.php?rest_route=\/wp\/v2\/media\/65753"}],"wp:attachment":[{"href":"http:\/\/www.reconoce.mx\/index.php?rest_route=%2Fwp%2Fv2%2Fmedia&parent=65751"}],"wp:term":[{"taxonomy":"category","embeddable":true,"href":"http:\/\/www.reconoce.mx\/index.php?rest_route=%2Fwp%2Fv2%2Fcategories&post=65751"},{"taxonomy":"post_tag","embeddable":true,"href":"http:\/\/www.reconoce.mx\/index.php?rest_route=%2Fwp%2Fv2%2Ftags&post=65751"}],"curies":[{"name":"wp","href":"https:\/\/api.w.org\/{rel}","templated":true}]}}