{"id":65765,"date":"2017-09-19T00:07:58","date_gmt":"2017-09-19T05:07:58","guid":{"rendered":"http:\/\/www.reconoce.mx\/?p=65765"},"modified":"2017-09-19T10:03:45","modified_gmt":"2017-09-19T15:03:45","slug":"el-arte-de-labrar-el-onix-por-artesanos-poblanos","status":"publish","type":"post","link":"http:\/\/www.reconoce.mx\/?p=65765","title":{"rendered":"El arte de labrar el \u00f3nix por artesanos poblanos"},"content":{"rendered":"<p><a href=\"http:\/\/art32.mx\/\" target=\"_blank\" rel=\"noopener noreferrer\"><img loading=\"lazy\" decoding=\"async\" class=\"aligncenter size-full wp-image-42011\" src=\"http:\/\/www.reconoce.mx\/wp-content\/uploads\/2017\/06\/Banner_art32.mxparaRMX.png\" alt=\"art32\" width=\"570\" height=\"70\" \/><\/a><strong><br \/>\nTexto y fotos por Yemmy Sierra<\/strong>.<\/p>\n<p>Sin lugar a duda, M\u00e9xico es un pa\u00eds de gran riqueza; en la expo venta <strong>Magia Artesanal de Puebla<\/strong> que se realiz\u00f3 en el <strong>Museo Nacional de las Culturas Populares<\/strong> qued\u00f3 nuevamente demostrado con la variedad de artesanos que se presentaron de tan solo un estado. En esta ocasi\u00f3n tuve la fortuna de conocer a <strong>Celene Flores Morales <\/strong>quien forma parte un taller familiar en Concepci\u00f3n Cuautla, ubicado dentro del municipio de Tecali de Herrera, Puebla.<\/p>\n<p><a href=\"http:\/\/www.reconoce.mx\/wp-content\/uploads\/2017\/09\/IMG_0942.jpg\"><img loading=\"lazy\" decoding=\"async\" class=\"aligncenter size-full wp-image-65766\" src=\"http:\/\/www.reconoce.mx\/wp-content\/uploads\/2017\/09\/IMG_0942.jpg\" alt=\"\" width=\"3264\" height=\"2155\" srcset=\"http:\/\/www.reconoce.mx\/wp-content\/uploads\/2017\/09\/IMG_0942.jpg 3264w, http:\/\/www.reconoce.mx\/wp-content\/uploads\/2017\/09\/IMG_0942-300x198.jpg 300w, http:\/\/www.reconoce.mx\/wp-content\/uploads\/2017\/09\/IMG_0942-768x507.jpg 768w, http:\/\/www.reconoce.mx\/wp-content\/uploads\/2017\/09\/IMG_0942-1024x676.jpg 1024w, http:\/\/www.reconoce.mx\/wp-content\/uploads\/2017\/09\/IMG_0942-150x99.jpg 150w, http:\/\/www.reconoce.mx\/wp-content\/uploads\/2017\/09\/IMG_0942-700x462.jpg 700w, http:\/\/www.reconoce.mx\/wp-content\/uploads\/2017\/09\/IMG_0942-658x434.jpg 658w\" sizes=\"auto, (max-width: 3264px) 100vw, 3264px\" \/><\/a><\/p>\n<p style=\"text-align: right;\"><strong>Foto<\/strong>: Celene Flores Morales con una muestra de artesan\u00edas.<\/p>\n<p>El nombre <em>tecali<\/em> es de origen n\u00e1huatl, deriva de los vocablos t\u00e9tl (piedra) y calli (casa) que puede traducirse como casa de piedra. Se nombr\u00f3 oficialmente Tecali de Herrera en honor del coronel <strong>Ambrosio Herrera<\/strong>, combatiente de la Guerra de Reforma. Tecali de Herrera es reconocida a nivel nacional e internacional por la elaboraci\u00f3n de artesan\u00edas elaboradas con \u00f3nix y m\u00e1rmol. Los artesanos realizan una gran variedad de piezas, podemos encontrar desde aretes hasta esculturas.<\/p>\n<p><a href=\"http:\/\/www.reconoce.mx\/wp-content\/uploads\/2017\/09\/Tecali_de_Herrera_mapa.png\"><img loading=\"lazy\" decoding=\"async\" class=\"aligncenter size-full wp-image-65770\" src=\"http:\/\/www.reconoce.mx\/wp-content\/uploads\/2017\/09\/Tecali_de_Herrera_mapa.png\" alt=\"\" width=\"2000\" height=\"2678\" srcset=\"http:\/\/www.reconoce.mx\/wp-content\/uploads\/2017\/09\/Tecali_de_Herrera_mapa.png 2000w, http:\/\/www.reconoce.mx\/wp-content\/uploads\/2017\/09\/Tecali_de_Herrera_mapa-224x300.png 224w, http:\/\/www.reconoce.mx\/wp-content\/uploads\/2017\/09\/Tecali_de_Herrera_mapa-768x1028.png 768w, http:\/\/www.reconoce.mx\/wp-content\/uploads\/2017\/09\/Tecali_de_Herrera_mapa-765x1024.png 765w, http:\/\/www.reconoce.mx\/wp-content\/uploads\/2017\/09\/Tecali_de_Herrera_mapa-150x201.png 150w, http:\/\/www.reconoce.mx\/wp-content\/uploads\/2017\/09\/Tecali_de_Herrera_mapa-700x937.png 700w, http:\/\/www.reconoce.mx\/wp-content\/uploads\/2017\/09\/Tecali_de_Herrera_mapa-658x881.png 658w, http:\/\/www.reconoce.mx\/wp-content\/uploads\/2017\/09\/Tecali_de_Herrera_mapa-300x402.png 300w\" sizes=\"auto, (max-width: 2000px) 100vw, 2000px\" \/><\/a><\/p>\n<p style=\"text-align: right;\"><strong>Mapa<\/strong>: Ubicaci\u00f3n de Tecali de Herrera en Puebla.<\/p>\n<p>La lapidaria es una de las ramas de las artesan\u00edas y se define como el arte de labrar piedras preciosas y semipreciosas. El \u00f3nix es considerado una piedra semipreciosa, compran la piedra en bruto, se destroza, se saca una plantilla, se dibuja sobre la piedra y se va esmerilando hasta obtener la figura deseada, una vez que se termina se resana, se pule y se saca el brillo utilizando una pasta especial. Para obtener piezas de diferentes colores \u00e9stas se pintan y se hornean.<\/p>\n<p><a href=\"http:\/\/www.reconoce.mx\/wp-content\/uploads\/2017\/09\/Manzanas.jpg\"><img loading=\"lazy\" decoding=\"async\" class=\"aligncenter size-full wp-image-65768\" src=\"http:\/\/www.reconoce.mx\/wp-content\/uploads\/2017\/09\/Manzanas.jpg\" alt=\"\" width=\"2916\" height=\"1028\" srcset=\"http:\/\/www.reconoce.mx\/wp-content\/uploads\/2017\/09\/Manzanas.jpg 2916w, http:\/\/www.reconoce.mx\/wp-content\/uploads\/2017\/09\/Manzanas-300x106.jpg 300w, http:\/\/www.reconoce.mx\/wp-content\/uploads\/2017\/09\/Manzanas-768x271.jpg 768w, http:\/\/www.reconoce.mx\/wp-content\/uploads\/2017\/09\/Manzanas-1024x361.jpg 1024w, http:\/\/www.reconoce.mx\/wp-content\/uploads\/2017\/09\/Manzanas-150x53.jpg 150w, http:\/\/www.reconoce.mx\/wp-content\/uploads\/2017\/09\/Manzanas-700x247.jpg 700w, http:\/\/www.reconoce.mx\/wp-content\/uploads\/2017\/09\/Manzanas-658x232.jpg 658w\" sizes=\"auto, (max-width: 2916px) 100vw, 2916px\" \/><\/a><\/p>\n<p>Cada pieza es \u00fanica, ya que adem\u00e1s de tener el factor manual tiene los colores de la piedra que no siempre son iguales. La piedra puede resultar demasiado porosa y de ser as\u00ed no sirve y se desecha. Los productos que se obtienen son fuertes y duraderos, los ovalines se pueden volver a pulir si han perdido brillo con el uso y vuelven a quedar como nuevos.<\/p>\n<p>La lapidaria es un oficio dif\u00edcil, requiere mucho esfuerzo f\u00edsico y hace uso de maquinaria que no perdona distracciones; con el tiempo los artesanos corren riesgo de padecer enfermedades en v\u00edas respiratorias ya que el polvo de la piedra al pulirla va a los pulmones. <strong>Celene<\/strong> empez\u00f3 a trabajar desde ni\u00f1a en el taller, ya que es herencia familiar; participa en el armado, pulido y terminado.<\/p>\n<p><a href=\"http:\/\/www.reconoce.mx\/wp-content\/uploads\/2017\/09\/LavaboFlor.jpg\"><img loading=\"lazy\" decoding=\"async\" class=\"aligncenter size-full wp-image-65767\" src=\"http:\/\/www.reconoce.mx\/wp-content\/uploads\/2017\/09\/LavaboFlor.jpg\" alt=\"\" width=\"2393\" height=\"1706\" srcset=\"http:\/\/www.reconoce.mx\/wp-content\/uploads\/2017\/09\/LavaboFlor.jpg 2393w, http:\/\/www.reconoce.mx\/wp-content\/uploads\/2017\/09\/LavaboFlor-300x214.jpg 300w, http:\/\/www.reconoce.mx\/wp-content\/uploads\/2017\/09\/LavaboFlor-768x548.jpg 768w, http:\/\/www.reconoce.mx\/wp-content\/uploads\/2017\/09\/LavaboFlor-1024x730.jpg 1024w, http:\/\/www.reconoce.mx\/wp-content\/uploads\/2017\/09\/LavaboFlor-150x107.jpg 150w, http:\/\/www.reconoce.mx\/wp-content\/uploads\/2017\/09\/LavaboFlor-700x499.jpg 700w, http:\/\/www.reconoce.mx\/wp-content\/uploads\/2017\/09\/LavaboFlor-658x469.jpg 658w\" sizes=\"auto, (max-width: 2393px) 100vw, 2393px\" \/><\/a><\/p>\n<p>Se estima que entre un 60% y un 80% de la poblaci\u00f3n de Tecali de Herrera se dedica a trabajar el \u00f3nix y el m\u00e1rmol. <strong>Celene<\/strong> me cuenta que han bajado las ventas ya que hay m\u00e1s talleres; en su taller apuestan por la innovaci\u00f3n y la calidad, constantemente est\u00e1n en b\u00fasqueda de desarrollar nuevos productos que les permita sobresalir y diferenciarse.<\/p>\n<p>Tristemente hay otro factor que afect\u00f3 a los artesanos del municipio y fue una demanda que realiz\u00f3 una persona contra varios artesanos por un supuesto plagio. Esta persona compr\u00f3 las piezas, las registr\u00f3 ante el <strong>Instituto Mexicano de la Propiedad Industrial <\/strong>(IMPI) y ahora exige regal\u00edas tanto a los artesanos como a las tiendas que venden esos dise\u00f1os, lo que provoc\u00f3 una baja en ventas y cancelaci\u00f3n de pedidos.<\/p>\n<p>Como lo hemos visto en otras ramas de la artesan\u00eda es necesario que las autoridades act\u00faen y defiendan el trabajo artesanal, es el patrimonio que da sustento a miles de familias en M\u00e9xico, con este ejemplo nos damos cuenta de la situaci\u00f3n tan fr\u00e1gil en la que se encuentran los artesanos al no estar protegidas sus creaciones como patrimonio cultural y que tan f\u00e1cilmente puedan convertirse en v\u00edctimas de un revendedor.<\/p>\n<p>A <strong>Celene<\/strong> le gustar\u00eda que la gente valorara sus productos y todo el trabajo que hay detr\u00e1s de cada pieza.<\/p>\n<blockquote><p><a href=\"http:\/\/www.reconoce.mx\/wp-content\/uploads\/2017\/06\/YemmyCBN.jpg\" rel=\"lightbox[62647]\"><img loading=\"lazy\" decoding=\"async\" class=\"alignleft size-thumbnail wp-image-39872\" src=\"http:\/\/www.reconoce.mx\/wp-content\/uploads\/2017\/06\/YemmyCBN.jpg\" alt=\"IMG_5743\" width=\"150\" height=\"150\" \/><\/a><strong>Yemmy Sierra<\/strong>. Amante de la artesan\u00eda, la comida, la vida y la buena compa\u00f1\u00eda por lo que a menudo me encuentran en ferias y exposiciones junto a mi familia. Apasionada del aprendizaje, siento repentinos e intensos llamados que me han llevado desde estudiar japon\u00e9s hasta loditos uno en cer\u00e1mica. Me gusta sobreanalizar la vida, sumergirme en mis pensamientos, encontrar nuevos caminos, recorrerlos y desrecorrerlos. A\u00fan conservo la esperanza en la humanidad y creo que cuando cambie yo, cambiar\u00e1 el mundo: he encontrado en el emprendimiento la manera de sublimarme.<\/p><\/blockquote>\n<p>&nbsp;<\/p>\n<p>&nbsp;<\/p>\n","protected":false},"excerpt":{"rendered":"<p>Sin lugar a duda, M\u00e9xico es un pa\u00eds de gran riqueza; en la expo venta Magia Artesanal de Puebla que se realiz\u00f3 en el Museo Nacional de las Culturas Populares qued\u00f3 nuevamente demostrado con la variedad de artesanos que se presentaron de tan solo un estado. <\/p>\n","protected":false},"author":2,"featured_media":65769,"comment_status":"open","ping_status":"open","sticky":false,"template":"","format":"standard","meta":{"footnotes":""},"categories":[2659,16,17],"tags":[],"class_list":["post-65765","post","type-post","status-publish","format-standard","has-post-thumbnail","hentry","category-art32-mx","category-columnistas","category-principal"],"yoast_head":"<!-- This site is optimized with the Yoast SEO plugin v24.7 - https:\/\/yoast.com\/wordpress\/plugins\/seo\/ -->\n<title>El arte de labrar el \u00f3nix por artesanos poblanos &#171; Reconoce MX<\/title>\n<meta name=\"robots\" content=\"index, follow, max-snippet:-1, max-image-preview:large, max-video-preview:-1\" \/>\n<link rel=\"canonical\" href=\"http:\/\/www.reconoce.mx\/?p=65765\" \/>\n<meta property=\"og:locale\" content=\"es_ES\" \/>\n<meta property=\"og:type\" content=\"article\" \/>\n<meta property=\"og:title\" content=\"El arte de labrar el \u00f3nix por artesanos poblanos &#171; Reconoce MX\" \/>\n<meta property=\"og:description\" content=\"Sin lugar a duda, M\u00e9xico es un pa\u00eds de gran riqueza; en la expo venta Magia Artesanal de Puebla que se realiz\u00f3 en el Museo Nacional de las Culturas Populares qued\u00f3 nuevamente demostrado con la variedad de artesanos que se presentaron de tan solo un estado.\" \/>\n<meta property=\"og:url\" content=\"http:\/\/www.reconoce.mx\/?p=65765\" \/>\n<meta property=\"og:site_name\" content=\"Reconoce MX\" \/>\n<meta property=\"article:publisher\" content=\"https:\/\/es-la.facebook.com\/ReconoceMX\/\" \/>\n<meta property=\"article:published_time\" content=\"2017-09-19T05:07:58+00:00\" \/>\n<meta property=\"article:modified_time\" content=\"2017-09-19T15:03:45+00:00\" \/>\n<meta property=\"og:image\" content=\"http:\/\/www.reconoce.mx\/wp-content\/uploads\/2017\/09\/onix-puebla.png\" \/>\n\t<meta property=\"og:image:width\" content=\"590\" \/>\n\t<meta property=\"og:image:height\" content=\"380\" \/>\n\t<meta property=\"og:image:type\" content=\"image\/png\" \/>\n<meta name=\"author\" content=\"Reconoce MX\" \/>\n<meta name=\"twitter:card\" content=\"summary_large_image\" \/>\n<meta name=\"twitter:creator\" content=\"@reconocemx\" \/>\n<meta name=\"twitter:site\" content=\"@reconocemx\" \/>\n<meta name=\"twitter:label1\" content=\"Escrito por\" \/>\n\t<meta name=\"twitter:data1\" content=\"Reconoce MX\" \/>\n\t<meta name=\"twitter:label2\" content=\"Tiempo de lectura\" \/>\n\t<meta name=\"twitter:data2\" content=\"4 minutos\" \/>\n<script type=\"application\/ld+json\" class=\"yoast-schema-graph\">{\"@context\":\"https:\/\/schema.org\",\"@graph\":[{\"@type\":\"Article\",\"@id\":\"http:\/\/www.reconoce.mx\/?p=65765#article\",\"isPartOf\":{\"@id\":\"http:\/\/www.reconoce.mx\/?p=65765\"},\"author\":{\"name\":\"Reconoce MX\",\"@id\":\"http:\/\/www.reconoce.mx\/#\/schema\/person\/2117e997d7051dc15d6880eaf9bca0b2\"},\"headline\":\"El arte de labrar el \u00f3nix por artesanos poblanos\",\"datePublished\":\"2017-09-19T05:07:58+00:00\",\"dateModified\":\"2017-09-19T15:03:45+00:00\",\"mainEntityOfPage\":{\"@id\":\"http:\/\/www.reconoce.mx\/?p=65765\"},\"wordCount\":751,\"commentCount\":0,\"publisher\":{\"@id\":\"http:\/\/www.reconoce.mx\/#organization\"},\"image\":{\"@id\":\"http:\/\/www.reconoce.mx\/?p=65765#primaryimage\"},\"thumbnailUrl\":\"http:\/\/www.reconoce.mx\/wp-content\/uploads\/2017\/09\/onix-puebla.png\",\"articleSection\":[\"Art32.mx\",\"Columnistas\",\"Principal\"],\"inLanguage\":\"es\",\"potentialAction\":[{\"@type\":\"CommentAction\",\"name\":\"Comment\",\"target\":[\"http:\/\/www.reconoce.mx\/?p=65765#respond\"]}]},{\"@type\":\"WebPage\",\"@id\":\"http:\/\/www.reconoce.mx\/?p=65765\",\"url\":\"http:\/\/www.reconoce.mx\/?p=65765\",\"name\":\"El arte de labrar el \u00f3nix por artesanos poblanos &#171; Reconoce MX\",\"isPartOf\":{\"@id\":\"http:\/\/www.reconoce.mx\/#website\"},\"primaryImageOfPage\":{\"@id\":\"http:\/\/www.reconoce.mx\/?p=65765#primaryimage\"},\"image\":{\"@id\":\"http:\/\/www.reconoce.mx\/?p=65765#primaryimage\"},\"thumbnailUrl\":\"http:\/\/www.reconoce.mx\/wp-content\/uploads\/2017\/09\/onix-puebla.png\",\"datePublished\":\"2017-09-19T05:07:58+00:00\",\"dateModified\":\"2017-09-19T15:03:45+00:00\",\"breadcrumb\":{\"@id\":\"http:\/\/www.reconoce.mx\/?p=65765#breadcrumb\"},\"inLanguage\":\"es\",\"potentialAction\":[{\"@type\":\"ReadAction\",\"target\":[\"http:\/\/www.reconoce.mx\/?p=65765\"]}]},{\"@type\":\"ImageObject\",\"inLanguage\":\"es\",\"@id\":\"http:\/\/www.reconoce.mx\/?p=65765#primaryimage\",\"url\":\"http:\/\/www.reconoce.mx\/wp-content\/uploads\/2017\/09\/onix-puebla.png\",\"contentUrl\":\"http:\/\/www.reconoce.mx\/wp-content\/uploads\/2017\/09\/onix-puebla.png\",\"width\":590,\"height\":380},{\"@type\":\"BreadcrumbList\",\"@id\":\"http:\/\/www.reconoce.mx\/?p=65765#breadcrumb\",\"itemListElement\":[{\"@type\":\"ListItem\",\"position\":1,\"name\":\"Portada\",\"item\":\"http:\/\/www.reconoce.mx\/\"},{\"@type\":\"ListItem\",\"position\":2,\"name\":\"El arte de labrar el \u00f3nix por artesanos poblanos\"}]},{\"@type\":\"WebSite\",\"@id\":\"http:\/\/www.reconoce.mx\/#website\",\"url\":\"http:\/\/www.reconoce.mx\/\",\"name\":\"Reconoce MX\",\"description\":\"En Reconoce MX difundimos arte, cultura y conciencia social en M\u00e9xico. Tu ciudad en otra perspectiva.\",\"publisher\":{\"@id\":\"http:\/\/www.reconoce.mx\/#organization\"},\"potentialAction\":[{\"@type\":\"SearchAction\",\"target\":{\"@type\":\"EntryPoint\",\"urlTemplate\":\"http:\/\/www.reconoce.mx\/?s={search_term_string}\"},\"query-input\":{\"@type\":\"PropertyValueSpecification\",\"valueRequired\":true,\"valueName\":\"search_term_string\"}}],\"inLanguage\":\"es\"},{\"@type\":\"Organization\",\"@id\":\"http:\/\/www.reconoce.mx\/#organization\",\"name\":\"Reconoce MX\",\"url\":\"http:\/\/www.reconoce.mx\/\",\"logo\":{\"@type\":\"ImageObject\",\"inLanguage\":\"es\",\"@id\":\"http:\/\/www.reconoce.mx\/#\/schema\/logo\/image\/\",\"url\":\"https:\/\/www.reconoce.mx\/wp-content\/uploads\/2019\/03\/logorcmx-good-1.png\",\"contentUrl\":\"https:\/\/www.reconoce.mx\/wp-content\/uploads\/2019\/03\/logorcmx-good-1.png\",\"width\":280,\"height\":90,\"caption\":\"Reconoce MX\"},\"image\":{\"@id\":\"http:\/\/www.reconoce.mx\/#\/schema\/logo\/image\/\"},\"sameAs\":[\"https:\/\/es-la.facebook.com\/ReconoceMX\/\",\"https:\/\/x.com\/reconocemx\",\"http:\/\/@reconocemx\"]},{\"@type\":\"Person\",\"@id\":\"http:\/\/www.reconoce.mx\/#\/schema\/person\/2117e997d7051dc15d6880eaf9bca0b2\",\"name\":\"Reconoce MX\",\"image\":{\"@type\":\"ImageObject\",\"inLanguage\":\"es\",\"@id\":\"http:\/\/www.reconoce.mx\/#\/schema\/person\/image\/\",\"url\":\"https:\/\/secure.gravatar.com\/avatar\/6c8d4dc7569ca1c90c5fdcc349f839d5ddef6fe1e70b4337ead2ef1a4c43fc3a?s=96&d=identicon&r=g\",\"contentUrl\":\"https:\/\/secure.gravatar.com\/avatar\/6c8d4dc7569ca1c90c5fdcc349f839d5ddef6fe1e70b4337ead2ef1a4c43fc3a?s=96&d=identicon&r=g\",\"caption\":\"Reconoce MX\"},\"description\":\"Reconoce MX es un proyecto de difusi\u00f3n art\u00edstica, cultural y de conciencia social que est\u00e1 enfocado a difundir y fomentar el entretenimiento alternativo de calidad para todo el p\u00fablico que comparta el mismo entusiasmo.\",\"sameAs\":[\"http:\/\/www.reconoce.mx\"],\"url\":\"http:\/\/www.reconoce.mx\/?author=2\"}]}<\/script>\n<!-- \/ Yoast SEO plugin. -->","yoast_head_json":{"title":"El arte de labrar el \u00f3nix por artesanos poblanos &#171; Reconoce MX","robots":{"index":"index","follow":"follow","max-snippet":"max-snippet:-1","max-image-preview":"max-image-preview:large","max-video-preview":"max-video-preview:-1"},"canonical":"http:\/\/www.reconoce.mx\/?p=65765","og_locale":"es_ES","og_type":"article","og_title":"El arte de labrar el \u00f3nix por artesanos poblanos &#171; Reconoce MX","og_description":"Sin lugar a duda, M\u00e9xico es un pa\u00eds de gran riqueza; en la expo venta Magia Artesanal de Puebla que se realiz\u00f3 en el Museo Nacional de las Culturas Populares qued\u00f3 nuevamente demostrado con la variedad de artesanos que se presentaron de tan solo un estado.","og_url":"http:\/\/www.reconoce.mx\/?p=65765","og_site_name":"Reconoce MX","article_publisher":"https:\/\/es-la.facebook.com\/ReconoceMX\/","article_published_time":"2017-09-19T05:07:58+00:00","article_modified_time":"2017-09-19T15:03:45+00:00","og_image":[{"width":590,"height":380,"url":"http:\/\/www.reconoce.mx\/wp-content\/uploads\/2017\/09\/onix-puebla.png","type":"image\/png"}],"author":"Reconoce MX","twitter_card":"summary_large_image","twitter_creator":"@reconocemx","twitter_site":"@reconocemx","twitter_misc":{"Escrito por":"Reconoce MX","Tiempo de lectura":"4 minutos"},"schema":{"@context":"https:\/\/schema.org","@graph":[{"@type":"Article","@id":"http:\/\/www.reconoce.mx\/?p=65765#article","isPartOf":{"@id":"http:\/\/www.reconoce.mx\/?p=65765"},"author":{"name":"Reconoce MX","@id":"http:\/\/www.reconoce.mx\/#\/schema\/person\/2117e997d7051dc15d6880eaf9bca0b2"},"headline":"El arte de labrar el \u00f3nix por artesanos poblanos","datePublished":"2017-09-19T05:07:58+00:00","dateModified":"2017-09-19T15:03:45+00:00","mainEntityOfPage":{"@id":"http:\/\/www.reconoce.mx\/?p=65765"},"wordCount":751,"commentCount":0,"publisher":{"@id":"http:\/\/www.reconoce.mx\/#organization"},"image":{"@id":"http:\/\/www.reconoce.mx\/?p=65765#primaryimage"},"thumbnailUrl":"http:\/\/www.reconoce.mx\/wp-content\/uploads\/2017\/09\/onix-puebla.png","articleSection":["Art32.mx","Columnistas","Principal"],"inLanguage":"es","potentialAction":[{"@type":"CommentAction","name":"Comment","target":["http:\/\/www.reconoce.mx\/?p=65765#respond"]}]},{"@type":"WebPage","@id":"http:\/\/www.reconoce.mx\/?p=65765","url":"http:\/\/www.reconoce.mx\/?p=65765","name":"El arte de labrar el \u00f3nix por artesanos poblanos &#171; Reconoce MX","isPartOf":{"@id":"http:\/\/www.reconoce.mx\/#website"},"primaryImageOfPage":{"@id":"http:\/\/www.reconoce.mx\/?p=65765#primaryimage"},"image":{"@id":"http:\/\/www.reconoce.mx\/?p=65765#primaryimage"},"thumbnailUrl":"http:\/\/www.reconoce.mx\/wp-content\/uploads\/2017\/09\/onix-puebla.png","datePublished":"2017-09-19T05:07:58+00:00","dateModified":"2017-09-19T15:03:45+00:00","breadcrumb":{"@id":"http:\/\/www.reconoce.mx\/?p=65765#breadcrumb"},"inLanguage":"es","potentialAction":[{"@type":"ReadAction","target":["http:\/\/www.reconoce.mx\/?p=65765"]}]},{"@type":"ImageObject","inLanguage":"es","@id":"http:\/\/www.reconoce.mx\/?p=65765#primaryimage","url":"http:\/\/www.reconoce.mx\/wp-content\/uploads\/2017\/09\/onix-puebla.png","contentUrl":"http:\/\/www.reconoce.mx\/wp-content\/uploads\/2017\/09\/onix-puebla.png","width":590,"height":380},{"@type":"BreadcrumbList","@id":"http:\/\/www.reconoce.mx\/?p=65765#breadcrumb","itemListElement":[{"@type":"ListItem","position":1,"name":"Portada","item":"http:\/\/www.reconoce.mx\/"},{"@type":"ListItem","position":2,"name":"El arte de labrar el \u00f3nix por artesanos poblanos"}]},{"@type":"WebSite","@id":"http:\/\/www.reconoce.mx\/#website","url":"http:\/\/www.reconoce.mx\/","name":"Reconoce MX","description":"En Reconoce MX difundimos arte, cultura y conciencia social en M\u00e9xico. Tu ciudad en otra perspectiva.","publisher":{"@id":"http:\/\/www.reconoce.mx\/#organization"},"potentialAction":[{"@type":"SearchAction","target":{"@type":"EntryPoint","urlTemplate":"http:\/\/www.reconoce.mx\/?s={search_term_string}"},"query-input":{"@type":"PropertyValueSpecification","valueRequired":true,"valueName":"search_term_string"}}],"inLanguage":"es"},{"@type":"Organization","@id":"http:\/\/www.reconoce.mx\/#organization","name":"Reconoce MX","url":"http:\/\/www.reconoce.mx\/","logo":{"@type":"ImageObject","inLanguage":"es","@id":"http:\/\/www.reconoce.mx\/#\/schema\/logo\/image\/","url":"https:\/\/www.reconoce.mx\/wp-content\/uploads\/2019\/03\/logorcmx-good-1.png","contentUrl":"https:\/\/www.reconoce.mx\/wp-content\/uploads\/2019\/03\/logorcmx-good-1.png","width":280,"height":90,"caption":"Reconoce MX"},"image":{"@id":"http:\/\/www.reconoce.mx\/#\/schema\/logo\/image\/"},"sameAs":["https:\/\/es-la.facebook.com\/ReconoceMX\/","https:\/\/x.com\/reconocemx","http:\/\/@reconocemx"]},{"@type":"Person","@id":"http:\/\/www.reconoce.mx\/#\/schema\/person\/2117e997d7051dc15d6880eaf9bca0b2","name":"Reconoce MX","image":{"@type":"ImageObject","inLanguage":"es","@id":"http:\/\/www.reconoce.mx\/#\/schema\/person\/image\/","url":"https:\/\/secure.gravatar.com\/avatar\/6c8d4dc7569ca1c90c5fdcc349f839d5ddef6fe1e70b4337ead2ef1a4c43fc3a?s=96&d=identicon&r=g","contentUrl":"https:\/\/secure.gravatar.com\/avatar\/6c8d4dc7569ca1c90c5fdcc349f839d5ddef6fe1e70b4337ead2ef1a4c43fc3a?s=96&d=identicon&r=g","caption":"Reconoce MX"},"description":"Reconoce MX es un proyecto de difusi\u00f3n art\u00edstica, cultural y de conciencia social que est\u00e1 enfocado a difundir y fomentar el entretenimiento alternativo de calidad para todo el p\u00fablico que comparta el mismo entusiasmo.","sameAs":["http:\/\/www.reconoce.mx"],"url":"http:\/\/www.reconoce.mx\/?author=2"}]}},"_links":{"self":[{"href":"http:\/\/www.reconoce.mx\/index.php?rest_route=\/wp\/v2\/posts\/65765","targetHints":{"allow":["GET"]}}],"collection":[{"href":"http:\/\/www.reconoce.mx\/index.php?rest_route=\/wp\/v2\/posts"}],"about":[{"href":"http:\/\/www.reconoce.mx\/index.php?rest_route=\/wp\/v2\/types\/post"}],"author":[{"embeddable":true,"href":"http:\/\/www.reconoce.mx\/index.php?rest_route=\/wp\/v2\/users\/2"}],"replies":[{"embeddable":true,"href":"http:\/\/www.reconoce.mx\/index.php?rest_route=%2Fwp%2Fv2%2Fcomments&post=65765"}],"version-history":[{"count":2,"href":"http:\/\/www.reconoce.mx\/index.php?rest_route=\/wp\/v2\/posts\/65765\/revisions"}],"predecessor-version":[{"id":65772,"href":"http:\/\/www.reconoce.mx\/index.php?rest_route=\/wp\/v2\/posts\/65765\/revisions\/65772"}],"wp:featuredmedia":[{"embeddable":true,"href":"http:\/\/www.reconoce.mx\/index.php?rest_route=\/wp\/v2\/media\/65769"}],"wp:attachment":[{"href":"http:\/\/www.reconoce.mx\/index.php?rest_route=%2Fwp%2Fv2%2Fmedia&parent=65765"}],"wp:term":[{"taxonomy":"category","embeddable":true,"href":"http:\/\/www.reconoce.mx\/index.php?rest_route=%2Fwp%2Fv2%2Fcategories&post=65765"},{"taxonomy":"post_tag","embeddable":true,"href":"http:\/\/www.reconoce.mx\/index.php?rest_route=%2Fwp%2Fv2%2Ftags&post=65765"}],"curies":[{"name":"wp","href":"https:\/\/api.w.org\/{rel}","templated":true}]}}