{"id":65875,"date":"2017-09-21T00:02:14","date_gmt":"2017-09-21T05:02:14","guid":{"rendered":"http:\/\/www.reconoce.mx\/?p=65875"},"modified":"2017-10-12T15:01:48","modified_gmt":"2017-10-12T20:01:48","slug":"cineteca-nacional-suspende-actividades","status":"publish","type":"post","link":"http:\/\/www.reconoce.mx\/?p=65875","title":{"rendered":"Cineteca Nacional suspende actividades"},"content":{"rendered":"<p><strong>Comunicado oficial<\/strong>.<\/p>\n<p>Cineteca Nacional informa que a causa del reciente sismo que afect\u00f3 m\u00faltiples zonas de la Ciudad de M\u00e9xico y los estados de Puebla y Morelos, por disposici\u00f3n oficial de la CDMX,\u00a0<strong>NUESTRAS ACTIVIDADES ESTAR\u00c1N SUSPENDIDAS HASTA NUEVO AVISO<\/strong> (funciones, ciclos de cine, servicios de consulta, cursos). De la misma manera, las funciones y otros eventos de prensa han sido cancelados por completo.<\/p>\n<p>El equipo de Difusi\u00f3n y Prensa del recinto, en la medida de lo posible, estar\u00e1 en contacto y mantendr\u00e1 informados a todos los usuarios y a nuestros compa\u00f1eros de los medios de comunicaci\u00f3n.<\/p>\n<p>No obstante, <strong>mantenemos nuestras puertas abiertas como centro de acopio.<\/strong> Nuestro equipo estar\u00e1 recibiendo y coordinando ayuda <strong>de 11:00 a 19:00 hrs.<\/strong> Agradecemos a todos que usen el hashtag <strong>#AcopioCineteca<\/strong> para establecer una comunicaci\u00f3n m\u00e1s clara y para conocer las necesidades m\u00e1s apremiantes en el espacio.<\/p>\n<p>Esperamos su ayuda en nuestro acceso principal: <strong><a href=\"https:\/\/maps.google.com\/?q=Av.+M%C3%A9xico-Coyoac%C3%A1n+389,+Col.+Xoco,+Del.+Benito+Ju%C3%A1rez&amp;entry=gmail&amp;source=g\">Av. M\u00e9xico-Coyoac\u00e1n 389, Col. Xoco, Del. Benito Ju\u00e1rez<\/a> (frente al Hospital de Xoco).<\/strong><\/p>\n<p>Todos los trabajadores de la Cineteca Nacional esperamos que nuestros usuarios, compa\u00f1eros de medios, sus familias y sus hogares se encuentren bien, les deseamos la mejor de las suertes y mucha fuerza en estos momentos dif\u00edciles.<\/p>\n<p style=\"text-align: right;\">Foto: <strong>Aqu\u00ed-en<\/strong>.<\/p>\n<p>&nbsp;<\/p>\n<p>&nbsp;<\/p>\n","protected":false},"excerpt":{"rendered":"<p>Cineteca Nacional informa que a causa del reciente sismo que afect\u00f3 m\u00faltiples zonas de la Ciudad de M\u00e9xico y los estados de Puebla y Morelos, por disposici\u00f3n oficial de la CDMX, NUESTRAS ACTIVIDADES ESTAR\u00c1N SUSPENDIDAS HASTA NUEVO AVISO.<\/p>\n","protected":false},"author":2,"featured_media":65876,"comment_status":"open","ping_status":"open","sticky":false,"template":"","format":"standard","meta":{"footnotes":""},"categories":[24,1,17,2663],"tags":[563],"class_list":["post-65875","post","type-post","status-publish","format-standard","has-post-thumbnail","hentry","category-cine","category-cultura","category-principal","category-sismo-19-s","tag-sismo"],"yoast_head":"<!-- This site is optimized with the Yoast SEO plugin v24.7 - https:\/\/yoast.com\/wordpress\/plugins\/seo\/ -->\n<title>Cineteca Nacional suspende actividades &#171; Reconoce MX<\/title>\n<meta name=\"robots\" content=\"index, follow, max-snippet:-1, max-image-preview:large, max-video-preview:-1\" \/>\n<link rel=\"canonical\" href=\"http:\/\/www.reconoce.mx\/?p=65875\" \/>\n<meta property=\"og:locale\" content=\"es_ES\" \/>\n<meta property=\"og:type\" content=\"article\" \/>\n<meta property=\"og:title\" content=\"Cineteca Nacional suspende actividades &#171; Reconoce MX\" \/>\n<meta property=\"og:description\" content=\"Cineteca Nacional informa que a causa del reciente sismo que afect\u00f3 m\u00faltiples zonas de la Ciudad de M\u00e9xico y los estados de Puebla y Morelos, por disposici\u00f3n oficial de la CDMX, NUESTRAS ACTIVIDADES ESTAR\u00c1N SUSPENDIDAS HASTA NUEVO AVISO.\" \/>\n<meta property=\"og:url\" content=\"http:\/\/www.reconoce.mx\/?p=65875\" \/>\n<meta property=\"og:site_name\" content=\"Reconoce MX\" \/>\n<meta property=\"article:publisher\" content=\"https:\/\/es-la.facebook.com\/ReconoceMX\/\" \/>\n<meta property=\"article:published_time\" content=\"2017-09-21T05:02:14+00:00\" \/>\n<meta property=\"article:modified_time\" content=\"2017-10-12T20:01:48+00:00\" \/>\n<meta property=\"og:image\" content=\"http:\/\/www.reconoce.mx\/wp-content\/uploads\/2017\/09\/cineteca-nacional.png\" \/>\n\t<meta property=\"og:image:width\" content=\"590\" \/>\n\t<meta property=\"og:image:height\" content=\"380\" \/>\n\t<meta property=\"og:image:type\" content=\"image\/png\" \/>\n<meta name=\"author\" content=\"Reconoce MX\" \/>\n<meta name=\"twitter:card\" content=\"summary_large_image\" \/>\n<meta name=\"twitter:creator\" content=\"@reconocemx\" \/>\n<meta name=\"twitter:site\" content=\"@reconocemx\" \/>\n<meta name=\"twitter:label1\" content=\"Escrito por\" \/>\n\t<meta name=\"twitter:data1\" content=\"Reconoce MX\" \/>\n\t<meta name=\"twitter:label2\" content=\"Tiempo de lectura\" \/>\n\t<meta name=\"twitter:data2\" content=\"1 minuto\" \/>\n<script type=\"application\/ld+json\" class=\"yoast-schema-graph\">{\"@context\":\"https:\/\/schema.org\",\"@graph\":[{\"@type\":\"Article\",\"@id\":\"http:\/\/www.reconoce.mx\/?p=65875#article\",\"isPartOf\":{\"@id\":\"http:\/\/www.reconoce.mx\/?p=65875\"},\"author\":{\"name\":\"Reconoce MX\",\"@id\":\"http:\/\/www.reconoce.mx\/#\/schema\/person\/2117e997d7051dc15d6880eaf9bca0b2\"},\"headline\":\"Cineteca Nacional suspende actividades\",\"datePublished\":\"2017-09-21T05:02:14+00:00\",\"dateModified\":\"2017-10-12T20:01:48+00:00\",\"mainEntityOfPage\":{\"@id\":\"http:\/\/www.reconoce.mx\/?p=65875\"},\"wordCount\":220,\"commentCount\":0,\"publisher\":{\"@id\":\"http:\/\/www.reconoce.mx\/#organization\"},\"image\":{\"@id\":\"http:\/\/www.reconoce.mx\/?p=65875#primaryimage\"},\"thumbnailUrl\":\"http:\/\/www.reconoce.mx\/wp-content\/uploads\/2017\/09\/cineteca-nacional.png\",\"keywords\":[\"sismo\"],\"articleSection\":[\"Cine\",\"Cultura\",\"Principal\",\"Sismo 19-S\"],\"inLanguage\":\"es\",\"potentialAction\":[{\"@type\":\"CommentAction\",\"name\":\"Comment\",\"target\":[\"http:\/\/www.reconoce.mx\/?p=65875#respond\"]}]},{\"@type\":\"WebPage\",\"@id\":\"http:\/\/www.reconoce.mx\/?p=65875\",\"url\":\"http:\/\/www.reconoce.mx\/?p=65875\",\"name\":\"Cineteca Nacional suspende actividades &#171; Reconoce MX\",\"isPartOf\":{\"@id\":\"http:\/\/www.reconoce.mx\/#website\"},\"primaryImageOfPage\":{\"@id\":\"http:\/\/www.reconoce.mx\/?p=65875#primaryimage\"},\"image\":{\"@id\":\"http:\/\/www.reconoce.mx\/?p=65875#primaryimage\"},\"thumbnailUrl\":\"http:\/\/www.reconoce.mx\/wp-content\/uploads\/2017\/09\/cineteca-nacional.png\",\"datePublished\":\"2017-09-21T05:02:14+00:00\",\"dateModified\":\"2017-10-12T20:01:48+00:00\",\"breadcrumb\":{\"@id\":\"http:\/\/www.reconoce.mx\/?p=65875#breadcrumb\"},\"inLanguage\":\"es\",\"potentialAction\":[{\"@type\":\"ReadAction\",\"target\":[\"http:\/\/www.reconoce.mx\/?p=65875\"]}]},{\"@type\":\"ImageObject\",\"inLanguage\":\"es\",\"@id\":\"http:\/\/www.reconoce.mx\/?p=65875#primaryimage\",\"url\":\"http:\/\/www.reconoce.mx\/wp-content\/uploads\/2017\/09\/cineteca-nacional.png\",\"contentUrl\":\"http:\/\/www.reconoce.mx\/wp-content\/uploads\/2017\/09\/cineteca-nacional.png\",\"width\":590,\"height\":380},{\"@type\":\"BreadcrumbList\",\"@id\":\"http:\/\/www.reconoce.mx\/?p=65875#breadcrumb\",\"itemListElement\":[{\"@type\":\"ListItem\",\"position\":1,\"name\":\"Portada\",\"item\":\"http:\/\/www.reconoce.mx\/\"},{\"@type\":\"ListItem\",\"position\":2,\"name\":\"Cineteca Nacional suspende actividades\"}]},{\"@type\":\"WebSite\",\"@id\":\"http:\/\/www.reconoce.mx\/#website\",\"url\":\"http:\/\/www.reconoce.mx\/\",\"name\":\"Reconoce MX\",\"description\":\"En Reconoce MX difundimos arte, cultura y conciencia social en M\u00e9xico. Tu ciudad en otra perspectiva.\",\"publisher\":{\"@id\":\"http:\/\/www.reconoce.mx\/#organization\"},\"potentialAction\":[{\"@type\":\"SearchAction\",\"target\":{\"@type\":\"EntryPoint\",\"urlTemplate\":\"http:\/\/www.reconoce.mx\/?s={search_term_string}\"},\"query-input\":{\"@type\":\"PropertyValueSpecification\",\"valueRequired\":true,\"valueName\":\"search_term_string\"}}],\"inLanguage\":\"es\"},{\"@type\":\"Organization\",\"@id\":\"http:\/\/www.reconoce.mx\/#organization\",\"name\":\"Reconoce MX\",\"url\":\"http:\/\/www.reconoce.mx\/\",\"logo\":{\"@type\":\"ImageObject\",\"inLanguage\":\"es\",\"@id\":\"http:\/\/www.reconoce.mx\/#\/schema\/logo\/image\/\",\"url\":\"https:\/\/www.reconoce.mx\/wp-content\/uploads\/2019\/03\/logorcmx-good-1.png\",\"contentUrl\":\"https:\/\/www.reconoce.mx\/wp-content\/uploads\/2019\/03\/logorcmx-good-1.png\",\"width\":280,\"height\":90,\"caption\":\"Reconoce MX\"},\"image\":{\"@id\":\"http:\/\/www.reconoce.mx\/#\/schema\/logo\/image\/\"},\"sameAs\":[\"https:\/\/es-la.facebook.com\/ReconoceMX\/\",\"https:\/\/x.com\/reconocemx\",\"http:\/\/@reconocemx\"]},{\"@type\":\"Person\",\"@id\":\"http:\/\/www.reconoce.mx\/#\/schema\/person\/2117e997d7051dc15d6880eaf9bca0b2\",\"name\":\"Reconoce MX\",\"image\":{\"@type\":\"ImageObject\",\"inLanguage\":\"es\",\"@id\":\"http:\/\/www.reconoce.mx\/#\/schema\/person\/image\/\",\"url\":\"https:\/\/secure.gravatar.com\/avatar\/6c8d4dc7569ca1c90c5fdcc349f839d5ddef6fe1e70b4337ead2ef1a4c43fc3a?s=96&d=identicon&r=g\",\"contentUrl\":\"https:\/\/secure.gravatar.com\/avatar\/6c8d4dc7569ca1c90c5fdcc349f839d5ddef6fe1e70b4337ead2ef1a4c43fc3a?s=96&d=identicon&r=g\",\"caption\":\"Reconoce MX\"},\"description\":\"Reconoce MX es un proyecto de difusi\u00f3n art\u00edstica, cultural y de conciencia social que est\u00e1 enfocado a difundir y fomentar el entretenimiento alternativo de calidad para todo el p\u00fablico que comparta el mismo entusiasmo.\",\"sameAs\":[\"http:\/\/www.reconoce.mx\"],\"url\":\"http:\/\/www.reconoce.mx\/?author=2\"}]}<\/script>\n<!-- \/ Yoast SEO plugin. -->","yoast_head_json":{"title":"Cineteca Nacional suspende actividades &#171; Reconoce MX","robots":{"index":"index","follow":"follow","max-snippet":"max-snippet:-1","max-image-preview":"max-image-preview:large","max-video-preview":"max-video-preview:-1"},"canonical":"http:\/\/www.reconoce.mx\/?p=65875","og_locale":"es_ES","og_type":"article","og_title":"Cineteca Nacional suspende actividades &#171; Reconoce MX","og_description":"Cineteca Nacional informa que a causa del reciente sismo que afect\u00f3 m\u00faltiples zonas de la Ciudad de M\u00e9xico y los estados de Puebla y Morelos, por disposici\u00f3n oficial de la CDMX, NUESTRAS ACTIVIDADES ESTAR\u00c1N SUSPENDIDAS HASTA NUEVO AVISO.","og_url":"http:\/\/www.reconoce.mx\/?p=65875","og_site_name":"Reconoce MX","article_publisher":"https:\/\/es-la.facebook.com\/ReconoceMX\/","article_published_time":"2017-09-21T05:02:14+00:00","article_modified_time":"2017-10-12T20:01:48+00:00","og_image":[{"width":590,"height":380,"url":"http:\/\/www.reconoce.mx\/wp-content\/uploads\/2017\/09\/cineteca-nacional.png","type":"image\/png"}],"author":"Reconoce MX","twitter_card":"summary_large_image","twitter_creator":"@reconocemx","twitter_site":"@reconocemx","twitter_misc":{"Escrito por":"Reconoce MX","Tiempo de lectura":"1 minuto"},"schema":{"@context":"https:\/\/schema.org","@graph":[{"@type":"Article","@id":"http:\/\/www.reconoce.mx\/?p=65875#article","isPartOf":{"@id":"http:\/\/www.reconoce.mx\/?p=65875"},"author":{"name":"Reconoce MX","@id":"http:\/\/www.reconoce.mx\/#\/schema\/person\/2117e997d7051dc15d6880eaf9bca0b2"},"headline":"Cineteca Nacional suspende actividades","datePublished":"2017-09-21T05:02:14+00:00","dateModified":"2017-10-12T20:01:48+00:00","mainEntityOfPage":{"@id":"http:\/\/www.reconoce.mx\/?p=65875"},"wordCount":220,"commentCount":0,"publisher":{"@id":"http:\/\/www.reconoce.mx\/#organization"},"image":{"@id":"http:\/\/www.reconoce.mx\/?p=65875#primaryimage"},"thumbnailUrl":"http:\/\/www.reconoce.mx\/wp-content\/uploads\/2017\/09\/cineteca-nacional.png","keywords":["sismo"],"articleSection":["Cine","Cultura","Principal","Sismo 19-S"],"inLanguage":"es","potentialAction":[{"@type":"CommentAction","name":"Comment","target":["http:\/\/www.reconoce.mx\/?p=65875#respond"]}]},{"@type":"WebPage","@id":"http:\/\/www.reconoce.mx\/?p=65875","url":"http:\/\/www.reconoce.mx\/?p=65875","name":"Cineteca Nacional suspende actividades &#171; Reconoce MX","isPartOf":{"@id":"http:\/\/www.reconoce.mx\/#website"},"primaryImageOfPage":{"@id":"http:\/\/www.reconoce.mx\/?p=65875#primaryimage"},"image":{"@id":"http:\/\/www.reconoce.mx\/?p=65875#primaryimage"},"thumbnailUrl":"http:\/\/www.reconoce.mx\/wp-content\/uploads\/2017\/09\/cineteca-nacional.png","datePublished":"2017-09-21T05:02:14+00:00","dateModified":"2017-10-12T20:01:48+00:00","breadcrumb":{"@id":"http:\/\/www.reconoce.mx\/?p=65875#breadcrumb"},"inLanguage":"es","potentialAction":[{"@type":"ReadAction","target":["http:\/\/www.reconoce.mx\/?p=65875"]}]},{"@type":"ImageObject","inLanguage":"es","@id":"http:\/\/www.reconoce.mx\/?p=65875#primaryimage","url":"http:\/\/www.reconoce.mx\/wp-content\/uploads\/2017\/09\/cineteca-nacional.png","contentUrl":"http:\/\/www.reconoce.mx\/wp-content\/uploads\/2017\/09\/cineteca-nacional.png","width":590,"height":380},{"@type":"BreadcrumbList","@id":"http:\/\/www.reconoce.mx\/?p=65875#breadcrumb","itemListElement":[{"@type":"ListItem","position":1,"name":"Portada","item":"http:\/\/www.reconoce.mx\/"},{"@type":"ListItem","position":2,"name":"Cineteca Nacional suspende actividades"}]},{"@type":"WebSite","@id":"http:\/\/www.reconoce.mx\/#website","url":"http:\/\/www.reconoce.mx\/","name":"Reconoce MX","description":"En Reconoce MX difundimos arte, cultura y conciencia social en M\u00e9xico. Tu ciudad en otra perspectiva.","publisher":{"@id":"http:\/\/www.reconoce.mx\/#organization"},"potentialAction":[{"@type":"SearchAction","target":{"@type":"EntryPoint","urlTemplate":"http:\/\/www.reconoce.mx\/?s={search_term_string}"},"query-input":{"@type":"PropertyValueSpecification","valueRequired":true,"valueName":"search_term_string"}}],"inLanguage":"es"},{"@type":"Organization","@id":"http:\/\/www.reconoce.mx\/#organization","name":"Reconoce MX","url":"http:\/\/www.reconoce.mx\/","logo":{"@type":"ImageObject","inLanguage":"es","@id":"http:\/\/www.reconoce.mx\/#\/schema\/logo\/image\/","url":"https:\/\/www.reconoce.mx\/wp-content\/uploads\/2019\/03\/logorcmx-good-1.png","contentUrl":"https:\/\/www.reconoce.mx\/wp-content\/uploads\/2019\/03\/logorcmx-good-1.png","width":280,"height":90,"caption":"Reconoce MX"},"image":{"@id":"http:\/\/www.reconoce.mx\/#\/schema\/logo\/image\/"},"sameAs":["https:\/\/es-la.facebook.com\/ReconoceMX\/","https:\/\/x.com\/reconocemx","http:\/\/@reconocemx"]},{"@type":"Person","@id":"http:\/\/www.reconoce.mx\/#\/schema\/person\/2117e997d7051dc15d6880eaf9bca0b2","name":"Reconoce MX","image":{"@type":"ImageObject","inLanguage":"es","@id":"http:\/\/www.reconoce.mx\/#\/schema\/person\/image\/","url":"https:\/\/secure.gravatar.com\/avatar\/6c8d4dc7569ca1c90c5fdcc349f839d5ddef6fe1e70b4337ead2ef1a4c43fc3a?s=96&d=identicon&r=g","contentUrl":"https:\/\/secure.gravatar.com\/avatar\/6c8d4dc7569ca1c90c5fdcc349f839d5ddef6fe1e70b4337ead2ef1a4c43fc3a?s=96&d=identicon&r=g","caption":"Reconoce MX"},"description":"Reconoce MX es un proyecto de difusi\u00f3n art\u00edstica, cultural y de conciencia social que est\u00e1 enfocado a difundir y fomentar el entretenimiento alternativo de calidad para todo el p\u00fablico que comparta el mismo entusiasmo.","sameAs":["http:\/\/www.reconoce.mx"],"url":"http:\/\/www.reconoce.mx\/?author=2"}]}},"_links":{"self":[{"href":"http:\/\/www.reconoce.mx\/index.php?rest_route=\/wp\/v2\/posts\/65875","targetHints":{"allow":["GET"]}}],"collection":[{"href":"http:\/\/www.reconoce.mx\/index.php?rest_route=\/wp\/v2\/posts"}],"about":[{"href":"http:\/\/www.reconoce.mx\/index.php?rest_route=\/wp\/v2\/types\/post"}],"author":[{"embeddable":true,"href":"http:\/\/www.reconoce.mx\/index.php?rest_route=\/wp\/v2\/users\/2"}],"replies":[{"embeddable":true,"href":"http:\/\/www.reconoce.mx\/index.php?rest_route=%2Fwp%2Fv2%2Fcomments&post=65875"}],"version-history":[{"count":1,"href":"http:\/\/www.reconoce.mx\/index.php?rest_route=\/wp\/v2\/posts\/65875\/revisions"}],"predecessor-version":[{"id":65877,"href":"http:\/\/www.reconoce.mx\/index.php?rest_route=\/wp\/v2\/posts\/65875\/revisions\/65877"}],"wp:featuredmedia":[{"embeddable":true,"href":"http:\/\/www.reconoce.mx\/index.php?rest_route=\/wp\/v2\/media\/65876"}],"wp:attachment":[{"href":"http:\/\/www.reconoce.mx\/index.php?rest_route=%2Fwp%2Fv2%2Fmedia&parent=65875"}],"wp:term":[{"taxonomy":"category","embeddable":true,"href":"http:\/\/www.reconoce.mx\/index.php?rest_route=%2Fwp%2Fv2%2Fcategories&post=65875"},{"taxonomy":"post_tag","embeddable":true,"href":"http:\/\/www.reconoce.mx\/index.php?rest_route=%2Fwp%2Fv2%2Ftags&post=65875"}],"curies":[{"name":"wp","href":"https:\/\/api.w.org\/{rel}","templated":true}]}}