{"id":65984,"date":"2017-09-26T00:05:54","date_gmt":"2017-09-26T05:05:54","guid":{"rendered":"http:\/\/www.reconoce.mx\/?p=65984"},"modified":"2017-09-25T22:52:37","modified_gmt":"2017-09-26T03:52:37","slug":"offfcdmx-talleres-qa-asesorias-y-mas-en-las-spritesessions","status":"publish","type":"post","link":"http:\/\/www.reconoce.mx\/?p=65984","title":{"rendered":"#OFFFCDMX: Talleres, Q&#038;A, asesor\u00edas y m\u00e1s en las #SpriteSessions"},"content":{"rendered":"<p><strong>Por <a title=\"@AsfaltosTweets\" href=\"http:\/\/twitter.com\/AsfaltosTweets\" target=\"_blank\" rel=\"noopener noreferrer\">Asfaltos<\/a><\/strong>.<\/p>\n<p>El <strong>Festival Internacional de Dise\u00f1o, Arte y Cultura Digital<\/strong>, <strong>OFFF CDMX Telcel 2017<\/strong>, se encuentra cada vez m\u00e1s cerca. Como parte de su programaci\u00f3n, <a href=\"http:\/\/www.reconoce.mx\/offf-cdmx-telcel-2017-presenta-su-emocionante-cartel\/\" target=\"_blank\" rel=\"noopener\">como ya hab\u00edamos anticipado<\/a>, se realizar\u00e1n una serie de talleres en <strong>Cocolab<\/strong> los d\u00edas 5 y 6 de octubre. La jornada de dos d\u00edas son bautizadas como las <a href=\"https:\/\/twitter.com\/search?f=images&amp;q=%23SpriteSessions&amp;src=typd\" target=\"_blank\" rel=\"noopener\"><strong>#SpriteSessions<\/strong><\/a>.<\/p>\n<p><a href=\"http:\/\/www.reconoce.mx\/wp-content\/uploads\/2017\/09\/DKBNBmVWsAE31QJ.png\"><img loading=\"lazy\" decoding=\"async\" class=\"aligncenter size-full wp-image-65986\" src=\"http:\/\/www.reconoce.mx\/wp-content\/uploads\/2017\/09\/DKBNBmVWsAE31QJ.png\" alt=\"\" width=\"600\" height=\"600\" srcset=\"http:\/\/www.reconoce.mx\/wp-content\/uploads\/2017\/09\/DKBNBmVWsAE31QJ.png 600w, http:\/\/www.reconoce.mx\/wp-content\/uploads\/2017\/09\/DKBNBmVWsAE31QJ-150x150.png 150w, http:\/\/www.reconoce.mx\/wp-content\/uploads\/2017\/09\/DKBNBmVWsAE31QJ-300x300.png 300w, http:\/\/www.reconoce.mx\/wp-content\/uploads\/2017\/09\/DKBNBmVWsAE31QJ-65x65.png 65w\" sizes=\"auto, (max-width: 600px) 100vw, 600px\" \/><\/a><\/p>\n<p>Por dos d\u00edas las <a href=\"https:\/\/twitter.com\/search?f=images&amp;q=%23SpriteSessions&amp;src=typd\" target=\"_blank\" rel=\"noopener\"><strong>#SpriteSessions<\/strong><\/a> ser\u00e1n el espacio de intercambio directo entre los invitados de la sexta edici\u00f3n de <a href=\"https:\/\/twitter.com\/search?f=images&amp;q=%23OFFFCDMX&amp;src=typd\" target=\"_blank\" rel=\"noopener\"><strong>#OFFFCDMX<\/strong><\/a> y la comunidad creativa de M\u00e9xico. Las sesiones integrar\u00e1n talleres, charlas, Q&amp;A&#8217;s, asesor\u00edas, desarrollo de proyectos, intercambio de herramientas y experiencias en sesiones intensivas entre artistas y estudios. El programa completo puedes verlo <a href=\"http:\/\/offf.mx\/workshops\/\" target=\"_blank\" rel=\"noopener\">aqu\u00ed<\/a>.<\/p>\n<p>A las <a href=\"https:\/\/twitter.com\/search?f=images&amp;q=%23SpriteSessions&amp;src=typd\" target=\"_blank\" rel=\"noopener\"><strong>#SpriteSessions<\/strong><\/a> ser\u00e1n bienvenidos dise\u00f1adores, ilustradores, publicistas, <em>growth hackers<\/em>, artistas, agentes, programadores, productores, m\u00fasicos, visualistas, cineastas y toda mente creativa en b\u00fasqueda de enriquecer sus formas de ser y hacer.<\/p>\n<p>\u00bfQu\u00e9 hay que hacer? S\u00f3lo necesitas contar con tu boleto de acceso a <strong>OFFF CDMX 2017<\/strong> en <strong>Polyforum Siqueiros<\/strong> (<a href=\"https:\/\/offf-cdmx-conferencias.boletia.com\/\" target=\"_blank\" rel=\"noopener\">adqui\u00e9relo aqu\u00ed<\/a>), y cubrir el costo de inscripci\u00f3n de $500.00 por taller. Una vez que tu compra quede registrada en <strong>Boletia<\/strong>, se te har\u00e1 llegar un correo de confirmaci\u00f3n de tu inscripci\u00f3n.<\/p>\n<p style=\"text-align: right;\">Con informaci\u00f3n e im\u00e1genes cortes\u00eda de <strong>Malfi Co<\/strong>.<\/p>\n<p>&nbsp;<\/p>\n<p>&nbsp;<\/p>\n","protected":false},"excerpt":{"rendered":"<p>El Festival Internacional de Dise\u00f1o, Arte y Cultura Digital, OFFF CDMX Telcel 2017, se encuentra cada vez m\u00e1s cerca. Como parte de su programaci\u00f3n, como ya hab\u00edamos anticipado, se realizar\u00e1n una serie de talleres en Cocolab los d\u00edas 5 y 6 de octubre. <\/p>\n","protected":false},"author":2,"featured_media":65985,"comment_status":"open","ping_status":"open","sticky":false,"template":"","format":"standard","meta":{"footnotes":""},"categories":[3,17,125],"tags":[],"class_list":["post-65984","post","type-post","status-publish","format-standard","has-post-thumbnail","hentry","category-ciudad","category-principal","category-universitarios"],"yoast_head":"<!-- This site is optimized with the Yoast SEO plugin v24.7 - https:\/\/yoast.com\/wordpress\/plugins\/seo\/ -->\n<title>#OFFFCDMX: Talleres, Q&amp;A, asesor\u00edas y m\u00e1s en las #SpriteSessions &#171; Reconoce MX<\/title>\n<meta name=\"robots\" content=\"index, follow, max-snippet:-1, max-image-preview:large, max-video-preview:-1\" \/>\n<link rel=\"canonical\" href=\"https:\/\/www.reconoce.mx\/?p=65984\" \/>\n<meta property=\"og:locale\" content=\"es_ES\" \/>\n<meta property=\"og:type\" content=\"article\" \/>\n<meta property=\"og:title\" content=\"#OFFFCDMX: Talleres, Q&amp;A, asesor\u00edas y m\u00e1s en las #SpriteSessions &#171; Reconoce MX\" \/>\n<meta property=\"og:description\" content=\"El Festival Internacional de Dise\u00f1o, Arte y Cultura Digital, OFFF CDMX Telcel 2017, se encuentra cada vez m\u00e1s cerca. Como parte de su programaci\u00f3n, como ya hab\u00edamos anticipado, se realizar\u00e1n una serie de talleres en Cocolab los d\u00edas 5 y 6 de octubre.\" \/>\n<meta property=\"og:url\" content=\"https:\/\/www.reconoce.mx\/?p=65984\" \/>\n<meta property=\"og:site_name\" content=\"Reconoce MX\" \/>\n<meta property=\"article:publisher\" content=\"https:\/\/es-la.facebook.com\/ReconoceMX\/\" \/>\n<meta property=\"article:published_time\" content=\"2017-09-26T05:05:54+00:00\" \/>\n<meta property=\"og:image\" content=\"https:\/\/www.reconoce.mx\/wp-content\/uploads\/2017\/09\/spritesessions-offf-cdmx.png\" \/>\n\t<meta property=\"og:image:width\" content=\"590\" \/>\n\t<meta property=\"og:image:height\" content=\"380\" \/>\n\t<meta property=\"og:image:type\" content=\"image\/png\" \/>\n<meta name=\"author\" content=\"Reconoce MX\" \/>\n<meta name=\"twitter:card\" content=\"summary_large_image\" \/>\n<meta name=\"twitter:creator\" content=\"@reconocemx\" \/>\n<meta name=\"twitter:site\" content=\"@reconocemx\" \/>\n<meta name=\"twitter:label1\" content=\"Escrito por\" \/>\n\t<meta name=\"twitter:data1\" content=\"Reconoce MX\" \/>\n\t<meta name=\"twitter:label2\" content=\"Tiempo de lectura\" \/>\n\t<meta name=\"twitter:data2\" content=\"1 minuto\" \/>\n<script type=\"application\/ld+json\" class=\"yoast-schema-graph\">{\"@context\":\"https:\/\/schema.org\",\"@graph\":[{\"@type\":\"Article\",\"@id\":\"https:\/\/www.reconoce.mx\/?p=65984#article\",\"isPartOf\":{\"@id\":\"https:\/\/www.reconoce.mx\/?p=65984\"},\"author\":{\"name\":\"Reconoce MX\",\"@id\":\"http:\/\/www.reconoce.mx\/#\/schema\/person\/2117e997d7051dc15d6880eaf9bca0b2\"},\"headline\":\"#OFFFCDMX: Talleres, Q&#038;A, asesor\u00edas y m\u00e1s en las #SpriteSessions\",\"datePublished\":\"2017-09-26T05:05:54+00:00\",\"mainEntityOfPage\":{\"@id\":\"https:\/\/www.reconoce.mx\/?p=65984\"},\"wordCount\":235,\"commentCount\":0,\"publisher\":{\"@id\":\"http:\/\/www.reconoce.mx\/#organization\"},\"image\":{\"@id\":\"https:\/\/www.reconoce.mx\/?p=65984#primaryimage\"},\"thumbnailUrl\":\"http:\/\/www.reconoce.mx\/wp-content\/uploads\/2017\/09\/spritesessions-offf-cdmx.png\",\"articleSection\":[\"Ciudad\",\"Principal\",\"Universitarios\"],\"inLanguage\":\"es\",\"potentialAction\":[{\"@type\":\"CommentAction\",\"name\":\"Comment\",\"target\":[\"https:\/\/www.reconoce.mx\/?p=65984#respond\"]}]},{\"@type\":\"WebPage\",\"@id\":\"https:\/\/www.reconoce.mx\/?p=65984\",\"url\":\"https:\/\/www.reconoce.mx\/?p=65984\",\"name\":\"#OFFFCDMX: Talleres, Q&A, asesor\u00edas y m\u00e1s en las #SpriteSessions &#171; Reconoce MX\",\"isPartOf\":{\"@id\":\"http:\/\/www.reconoce.mx\/#website\"},\"primaryImageOfPage\":{\"@id\":\"https:\/\/www.reconoce.mx\/?p=65984#primaryimage\"},\"image\":{\"@id\":\"https:\/\/www.reconoce.mx\/?p=65984#primaryimage\"},\"thumbnailUrl\":\"http:\/\/www.reconoce.mx\/wp-content\/uploads\/2017\/09\/spritesessions-offf-cdmx.png\",\"datePublished\":\"2017-09-26T05:05:54+00:00\",\"breadcrumb\":{\"@id\":\"https:\/\/www.reconoce.mx\/?p=65984#breadcrumb\"},\"inLanguage\":\"es\",\"potentialAction\":[{\"@type\":\"ReadAction\",\"target\":[\"https:\/\/www.reconoce.mx\/?p=65984\"]}]},{\"@type\":\"ImageObject\",\"inLanguage\":\"es\",\"@id\":\"https:\/\/www.reconoce.mx\/?p=65984#primaryimage\",\"url\":\"http:\/\/www.reconoce.mx\/wp-content\/uploads\/2017\/09\/spritesessions-offf-cdmx.png\",\"contentUrl\":\"http:\/\/www.reconoce.mx\/wp-content\/uploads\/2017\/09\/spritesessions-offf-cdmx.png\",\"width\":590,\"height\":380},{\"@type\":\"BreadcrumbList\",\"@id\":\"https:\/\/www.reconoce.mx\/?p=65984#breadcrumb\",\"itemListElement\":[{\"@type\":\"ListItem\",\"position\":1,\"name\":\"Portada\",\"item\":\"http:\/\/www.reconoce.mx\/\"},{\"@type\":\"ListItem\",\"position\":2,\"name\":\"#OFFFCDMX: Talleres, Q&#038;A, asesor\u00edas y m\u00e1s en las #SpriteSessions\"}]},{\"@type\":\"WebSite\",\"@id\":\"http:\/\/www.reconoce.mx\/#website\",\"url\":\"http:\/\/www.reconoce.mx\/\",\"name\":\"Reconoce MX\",\"description\":\"En Reconoce MX difundimos arte, cultura y conciencia social en M\u00e9xico. Tu ciudad en otra perspectiva.\",\"publisher\":{\"@id\":\"http:\/\/www.reconoce.mx\/#organization\"},\"potentialAction\":[{\"@type\":\"SearchAction\",\"target\":{\"@type\":\"EntryPoint\",\"urlTemplate\":\"http:\/\/www.reconoce.mx\/?s={search_term_string}\"},\"query-input\":{\"@type\":\"PropertyValueSpecification\",\"valueRequired\":true,\"valueName\":\"search_term_string\"}}],\"inLanguage\":\"es\"},{\"@type\":\"Organization\",\"@id\":\"http:\/\/www.reconoce.mx\/#organization\",\"name\":\"Reconoce MX\",\"url\":\"http:\/\/www.reconoce.mx\/\",\"logo\":{\"@type\":\"ImageObject\",\"inLanguage\":\"es\",\"@id\":\"http:\/\/www.reconoce.mx\/#\/schema\/logo\/image\/\",\"url\":\"https:\/\/www.reconoce.mx\/wp-content\/uploads\/2019\/03\/logorcmx-good-1.png\",\"contentUrl\":\"https:\/\/www.reconoce.mx\/wp-content\/uploads\/2019\/03\/logorcmx-good-1.png\",\"width\":280,\"height\":90,\"caption\":\"Reconoce MX\"},\"image\":{\"@id\":\"http:\/\/www.reconoce.mx\/#\/schema\/logo\/image\/\"},\"sameAs\":[\"https:\/\/es-la.facebook.com\/ReconoceMX\/\",\"https:\/\/x.com\/reconocemx\",\"http:\/\/@reconocemx\"]},{\"@type\":\"Person\",\"@id\":\"http:\/\/www.reconoce.mx\/#\/schema\/person\/2117e997d7051dc15d6880eaf9bca0b2\",\"name\":\"Reconoce MX\",\"image\":{\"@type\":\"ImageObject\",\"inLanguage\":\"es\",\"@id\":\"http:\/\/www.reconoce.mx\/#\/schema\/person\/image\/\",\"url\":\"https:\/\/secure.gravatar.com\/avatar\/6c8d4dc7569ca1c90c5fdcc349f839d5ddef6fe1e70b4337ead2ef1a4c43fc3a?s=96&d=identicon&r=g\",\"contentUrl\":\"https:\/\/secure.gravatar.com\/avatar\/6c8d4dc7569ca1c90c5fdcc349f839d5ddef6fe1e70b4337ead2ef1a4c43fc3a?s=96&d=identicon&r=g\",\"caption\":\"Reconoce MX\"},\"description\":\"Reconoce MX es un proyecto de difusi\u00f3n art\u00edstica, cultural y de conciencia social que est\u00e1 enfocado a difundir y fomentar el entretenimiento alternativo de calidad para todo el p\u00fablico que comparta el mismo entusiasmo.\",\"sameAs\":[\"http:\/\/www.reconoce.mx\"],\"url\":\"http:\/\/www.reconoce.mx\/?author=2\"}]}<\/script>\n<!-- \/ Yoast SEO plugin. -->","yoast_head_json":{"title":"#OFFFCDMX: Talleres, Q&A, asesor\u00edas y m\u00e1s en las #SpriteSessions &#171; Reconoce MX","robots":{"index":"index","follow":"follow","max-snippet":"max-snippet:-1","max-image-preview":"max-image-preview:large","max-video-preview":"max-video-preview:-1"},"canonical":"https:\/\/www.reconoce.mx\/?p=65984","og_locale":"es_ES","og_type":"article","og_title":"#OFFFCDMX: Talleres, Q&A, asesor\u00edas y m\u00e1s en las #SpriteSessions &#171; Reconoce MX","og_description":"El Festival Internacional de Dise\u00f1o, Arte y Cultura Digital, OFFF CDMX Telcel 2017, se encuentra cada vez m\u00e1s cerca. Como parte de su programaci\u00f3n, como ya hab\u00edamos anticipado, se realizar\u00e1n una serie de talleres en Cocolab los d\u00edas 5 y 6 de octubre.","og_url":"https:\/\/www.reconoce.mx\/?p=65984","og_site_name":"Reconoce MX","article_publisher":"https:\/\/es-la.facebook.com\/ReconoceMX\/","article_published_time":"2017-09-26T05:05:54+00:00","og_image":[{"width":590,"height":380,"url":"https:\/\/www.reconoce.mx\/wp-content\/uploads\/2017\/09\/spritesessions-offf-cdmx.png","type":"image\/png"}],"author":"Reconoce MX","twitter_card":"summary_large_image","twitter_creator":"@reconocemx","twitter_site":"@reconocemx","twitter_misc":{"Escrito por":"Reconoce MX","Tiempo de lectura":"1 minuto"},"schema":{"@context":"https:\/\/schema.org","@graph":[{"@type":"Article","@id":"https:\/\/www.reconoce.mx\/?p=65984#article","isPartOf":{"@id":"https:\/\/www.reconoce.mx\/?p=65984"},"author":{"name":"Reconoce MX","@id":"http:\/\/www.reconoce.mx\/#\/schema\/person\/2117e997d7051dc15d6880eaf9bca0b2"},"headline":"#OFFFCDMX: Talleres, Q&#038;A, asesor\u00edas y m\u00e1s en las #SpriteSessions","datePublished":"2017-09-26T05:05:54+00:00","mainEntityOfPage":{"@id":"https:\/\/www.reconoce.mx\/?p=65984"},"wordCount":235,"commentCount":0,"publisher":{"@id":"http:\/\/www.reconoce.mx\/#organization"},"image":{"@id":"https:\/\/www.reconoce.mx\/?p=65984#primaryimage"},"thumbnailUrl":"http:\/\/www.reconoce.mx\/wp-content\/uploads\/2017\/09\/spritesessions-offf-cdmx.png","articleSection":["Ciudad","Principal","Universitarios"],"inLanguage":"es","potentialAction":[{"@type":"CommentAction","name":"Comment","target":["https:\/\/www.reconoce.mx\/?p=65984#respond"]}]},{"@type":"WebPage","@id":"https:\/\/www.reconoce.mx\/?p=65984","url":"https:\/\/www.reconoce.mx\/?p=65984","name":"#OFFFCDMX: Talleres, Q&A, asesor\u00edas y m\u00e1s en las #SpriteSessions &#171; Reconoce MX","isPartOf":{"@id":"http:\/\/www.reconoce.mx\/#website"},"primaryImageOfPage":{"@id":"https:\/\/www.reconoce.mx\/?p=65984#primaryimage"},"image":{"@id":"https:\/\/www.reconoce.mx\/?p=65984#primaryimage"},"thumbnailUrl":"http:\/\/www.reconoce.mx\/wp-content\/uploads\/2017\/09\/spritesessions-offf-cdmx.png","datePublished":"2017-09-26T05:05:54+00:00","breadcrumb":{"@id":"https:\/\/www.reconoce.mx\/?p=65984#breadcrumb"},"inLanguage":"es","potentialAction":[{"@type":"ReadAction","target":["https:\/\/www.reconoce.mx\/?p=65984"]}]},{"@type":"ImageObject","inLanguage":"es","@id":"https:\/\/www.reconoce.mx\/?p=65984#primaryimage","url":"http:\/\/www.reconoce.mx\/wp-content\/uploads\/2017\/09\/spritesessions-offf-cdmx.png","contentUrl":"http:\/\/www.reconoce.mx\/wp-content\/uploads\/2017\/09\/spritesessions-offf-cdmx.png","width":590,"height":380},{"@type":"BreadcrumbList","@id":"https:\/\/www.reconoce.mx\/?p=65984#breadcrumb","itemListElement":[{"@type":"ListItem","position":1,"name":"Portada","item":"http:\/\/www.reconoce.mx\/"},{"@type":"ListItem","position":2,"name":"#OFFFCDMX: Talleres, Q&#038;A, asesor\u00edas y m\u00e1s en las #SpriteSessions"}]},{"@type":"WebSite","@id":"http:\/\/www.reconoce.mx\/#website","url":"http:\/\/www.reconoce.mx\/","name":"Reconoce MX","description":"En Reconoce MX difundimos arte, cultura y conciencia social en M\u00e9xico. Tu ciudad en otra perspectiva.","publisher":{"@id":"http:\/\/www.reconoce.mx\/#organization"},"potentialAction":[{"@type":"SearchAction","target":{"@type":"EntryPoint","urlTemplate":"http:\/\/www.reconoce.mx\/?s={search_term_string}"},"query-input":{"@type":"PropertyValueSpecification","valueRequired":true,"valueName":"search_term_string"}}],"inLanguage":"es"},{"@type":"Organization","@id":"http:\/\/www.reconoce.mx\/#organization","name":"Reconoce MX","url":"http:\/\/www.reconoce.mx\/","logo":{"@type":"ImageObject","inLanguage":"es","@id":"http:\/\/www.reconoce.mx\/#\/schema\/logo\/image\/","url":"https:\/\/www.reconoce.mx\/wp-content\/uploads\/2019\/03\/logorcmx-good-1.png","contentUrl":"https:\/\/www.reconoce.mx\/wp-content\/uploads\/2019\/03\/logorcmx-good-1.png","width":280,"height":90,"caption":"Reconoce MX"},"image":{"@id":"http:\/\/www.reconoce.mx\/#\/schema\/logo\/image\/"},"sameAs":["https:\/\/es-la.facebook.com\/ReconoceMX\/","https:\/\/x.com\/reconocemx","http:\/\/@reconocemx"]},{"@type":"Person","@id":"http:\/\/www.reconoce.mx\/#\/schema\/person\/2117e997d7051dc15d6880eaf9bca0b2","name":"Reconoce MX","image":{"@type":"ImageObject","inLanguage":"es","@id":"http:\/\/www.reconoce.mx\/#\/schema\/person\/image\/","url":"https:\/\/secure.gravatar.com\/avatar\/6c8d4dc7569ca1c90c5fdcc349f839d5ddef6fe1e70b4337ead2ef1a4c43fc3a?s=96&d=identicon&r=g","contentUrl":"https:\/\/secure.gravatar.com\/avatar\/6c8d4dc7569ca1c90c5fdcc349f839d5ddef6fe1e70b4337ead2ef1a4c43fc3a?s=96&d=identicon&r=g","caption":"Reconoce MX"},"description":"Reconoce MX es un proyecto de difusi\u00f3n art\u00edstica, cultural y de conciencia social que est\u00e1 enfocado a difundir y fomentar el entretenimiento alternativo de calidad para todo el p\u00fablico que comparta el mismo entusiasmo.","sameAs":["http:\/\/www.reconoce.mx"],"url":"http:\/\/www.reconoce.mx\/?author=2"}]}},"_links":{"self":[{"href":"http:\/\/www.reconoce.mx\/index.php?rest_route=\/wp\/v2\/posts\/65984","targetHints":{"allow":["GET"]}}],"collection":[{"href":"http:\/\/www.reconoce.mx\/index.php?rest_route=\/wp\/v2\/posts"}],"about":[{"href":"http:\/\/www.reconoce.mx\/index.php?rest_route=\/wp\/v2\/types\/post"}],"author":[{"embeddable":true,"href":"http:\/\/www.reconoce.mx\/index.php?rest_route=\/wp\/v2\/users\/2"}],"replies":[{"embeddable":true,"href":"http:\/\/www.reconoce.mx\/index.php?rest_route=%2Fwp%2Fv2%2Fcomments&post=65984"}],"version-history":[{"count":3,"href":"http:\/\/www.reconoce.mx\/index.php?rest_route=\/wp\/v2\/posts\/65984\/revisions"}],"predecessor-version":[{"id":65989,"href":"http:\/\/www.reconoce.mx\/index.php?rest_route=\/wp\/v2\/posts\/65984\/revisions\/65989"}],"wp:featuredmedia":[{"embeddable":true,"href":"http:\/\/www.reconoce.mx\/index.php?rest_route=\/wp\/v2\/media\/65985"}],"wp:attachment":[{"href":"http:\/\/www.reconoce.mx\/index.php?rest_route=%2Fwp%2Fv2%2Fmedia&parent=65984"}],"wp:term":[{"taxonomy":"category","embeddable":true,"href":"http:\/\/www.reconoce.mx\/index.php?rest_route=%2Fwp%2Fv2%2Fcategories&post=65984"},{"taxonomy":"post_tag","embeddable":true,"href":"http:\/\/www.reconoce.mx\/index.php?rest_route=%2Fwp%2Fv2%2Ftags&post=65984"}],"curies":[{"name":"wp","href":"https:\/\/api.w.org\/{rel}","templated":true}]}}