{"id":66006,"date":"2017-09-27T00:01:07","date_gmt":"2017-09-27T05:01:07","guid":{"rendered":"http:\/\/www.reconoce.mx\/?p=66006"},"modified":"2017-09-29T09:15:24","modified_gmt":"2017-09-29T14:15:24","slug":"caifanes-tocara-en-arena-ciudad-de-mexico","status":"publish","type":"post","link":"http:\/\/www.reconoce.mx\/?p=66006","title":{"rendered":"Caifanes tocar\u00e1 en Arena Ciudad de M\u00e9xico"},"content":{"rendered":"<p><strong>Por <a title=\"@AaronPalaciosC\" href=\"https:\/\/twitter.com\/AaronPalaciosC\" target=\"_blank\" rel=\"noopener noreferrer\">Aar\u00f3n Palacios C\u00e1rdenas<\/a><\/strong>.<\/p>\n<blockquote><p><span style=\"color: #a81f25;\"><strong>Nota #SismoCDMX<\/strong><\/span>: El concierto se realizar\u00e1. Adem\u00e1s, se ha habilitado de 14:00 a 23:00 horas del s\u00e1bado 30 de septiembre en <strong>Arena Ciudad de M\u00e9xico<\/strong>, un centro de acopio para las comunidades afectadas en Morelos, Puebla, Oaxaca, Chiapas y Ciudad de M\u00e9xico. <a href=\"https:\/\/twitter.com\/CAIFANESMEX\/status\/913474059861553154\" rel=\"noopener\" target=\"_blank\">M\u00e1s informaci\u00f3n aqu\u00ed<\/a>.<\/p><\/blockquote>\n<p>&nbsp;<br \/>\n\u00abAntes de que nos olviden haremos historia\u00bb era lo que cantaba <strong>Caifanes<\/strong> en el a\u00f1o de 1990, cuando sali\u00f3 su segundo material discogr\u00e1fico denominado \u00abVolumen II\u00bb, mejor conocido como \u00abEl diablito\u00bb. Han pasado 27 a\u00f1os desde ese entonces, y hasta el d\u00eda de hoy m\u00e1s que historia se han convertido en una leyenda viviente que han trascendido por m\u00e1s de tres generaciones.<\/p>\n<p><a href=\"http:\/\/www.reconoce.mx\/wp-content\/uploads\/2017\/09\/Caifanes_arena_ciudad_de_m\u00e9xico_2017.jpg\"><img loading=\"lazy\" decoding=\"async\" class=\"aligncenter size-full wp-image-66008\" src=\"http:\/\/www.reconoce.mx\/wp-content\/uploads\/2017\/09\/Caifanes_arena_ciudad_de_m\u00e9xico_2017.jpg\" alt=\"\" width=\"1200\" height=\"1200\" srcset=\"http:\/\/www.reconoce.mx\/wp-content\/uploads\/2017\/09\/Caifanes_arena_ciudad_de_m\u00e9xico_2017.jpg 1200w, http:\/\/www.reconoce.mx\/wp-content\/uploads\/2017\/09\/Caifanes_arena_ciudad_de_m\u00e9xico_2017-150x150.jpg 150w, http:\/\/www.reconoce.mx\/wp-content\/uploads\/2017\/09\/Caifanes_arena_ciudad_de_m\u00e9xico_2017-300x300.jpg 300w, http:\/\/www.reconoce.mx\/wp-content\/uploads\/2017\/09\/Caifanes_arena_ciudad_de_m\u00e9xico_2017-768x768.jpg 768w, http:\/\/www.reconoce.mx\/wp-content\/uploads\/2017\/09\/Caifanes_arena_ciudad_de_m\u00e9xico_2017-1024x1024.jpg 1024w, http:\/\/www.reconoce.mx\/wp-content\/uploads\/2017\/09\/Caifanes_arena_ciudad_de_m\u00e9xico_2017-65x65.jpg 65w, http:\/\/www.reconoce.mx\/wp-content\/uploads\/2017\/09\/Caifanes_arena_ciudad_de_m\u00e9xico_2017-700x700.jpg 700w, http:\/\/www.reconoce.mx\/wp-content\/uploads\/2017\/09\/Caifanes_arena_ciudad_de_m\u00e9xico_2017-658x658.jpg 658w\" sizes=\"auto, (max-width: 1200px) 100vw, 1200px\" \/><\/a><\/p>\n<p>Decir <strong>Caifanes<\/strong> es hablar de un antes y un despu\u00e9s en el rock en espa\u00f1ol, y sobre todo en el rock mexicano; una banda que abri\u00f3 el camino, resistiendo, protestando y sobre todo imprimiendo un estilo musical.<\/p>\n<p>La huella que han dejado no parece ser lo suficientemente profunda como para dejarla descansar (y qu\u00e9 bueno); es por eso que esta legendaria banda mexicana nos regalara un concierto este 30 de septiembre en la <strong>Arena Ciudad de M\u00e9xico<\/strong>.<\/p>\n<p>Para no perderte de este concierto que seguramente pasar\u00e1 a la historia, todav\u00eda puedes adquirir tus boletos a trav\u00e9s del sitio <a href=\"http:\/\/web.superboletos.com:8001\/SuperBoletos\/CDMXYEDOMEX\/CONCIERTO\/CAIFANES\/RxBLCKPjEbKLmS7aJbJT8w\" target=\"_blank\" rel=\"noopener\">SuperBoletos<\/a>.<\/p>\n<p>&nbsp;<\/p>\n<p>&nbsp;<\/p>\n","protected":false},"excerpt":{"rendered":"<p>\u00abAntes de que nos olviden haremos historia\u00bb era lo que cantaba Caifanes en el a\u00f1o de 1990, cuando sali\u00f3 su segundo material discogr\u00e1fico denominado \u00abVolumen II\u00bb, mejor conocido como \u00abEl diablito\u00bb. <\/p>\n","protected":false},"author":2,"featured_media":66007,"comment_status":"open","ping_status":"open","sticky":false,"template":"","format":"standard","meta":{"footnotes":""},"categories":[1,18,17],"tags":[],"class_list":["post-66006","post","type-post","status-publish","format-standard","has-post-thumbnail","hentry","category-cultura","category-musica","category-principal"],"yoast_head":"<!-- This site is optimized with the Yoast SEO plugin v24.7 - https:\/\/yoast.com\/wordpress\/plugins\/seo\/ -->\n<title>Caifanes tocar\u00e1 en Arena Ciudad de M\u00e9xico &#171; Reconoce MX<\/title>\n<meta name=\"robots\" content=\"index, follow, max-snippet:-1, max-image-preview:large, max-video-preview:-1\" \/>\n<link rel=\"canonical\" href=\"https:\/\/www.reconoce.mx\/?p=66006\" \/>\n<meta property=\"og:locale\" content=\"es_ES\" \/>\n<meta property=\"og:type\" content=\"article\" \/>\n<meta property=\"og:title\" content=\"Caifanes tocar\u00e1 en Arena Ciudad de M\u00e9xico &#171; Reconoce MX\" \/>\n<meta property=\"og:description\" content=\"&quot;Antes de que nos olviden haremos historia&quot; era lo que cantaba Caifanes en el a\u00f1o de 1990, cuando sali\u00f3 su segundo material discogr\u00e1fico denominado &quot;Volumen II&quot;, mejor conocido como &quot;El diablito&quot;.\" \/>\n<meta property=\"og:url\" content=\"https:\/\/www.reconoce.mx\/?p=66006\" \/>\n<meta property=\"og:site_name\" content=\"Reconoce MX\" \/>\n<meta property=\"article:publisher\" content=\"https:\/\/es-la.facebook.com\/ReconoceMX\/\" \/>\n<meta property=\"article:published_time\" content=\"2017-09-27T05:01:07+00:00\" \/>\n<meta property=\"article:modified_time\" content=\"2017-09-29T14:15:24+00:00\" \/>\n<meta property=\"og:image\" content=\"https:\/\/www.reconoce.mx\/wp-content\/uploads\/2017\/09\/caifanes-arenacdmx.png\" \/>\n\t<meta property=\"og:image:width\" content=\"590\" \/>\n\t<meta property=\"og:image:height\" content=\"380\" \/>\n\t<meta property=\"og:image:type\" content=\"image\/png\" \/>\n<meta name=\"author\" content=\"Reconoce MX\" \/>\n<meta name=\"twitter:card\" content=\"summary_large_image\" \/>\n<meta name=\"twitter:creator\" content=\"@reconocemx\" \/>\n<meta name=\"twitter:site\" content=\"@reconocemx\" \/>\n<meta name=\"twitter:label1\" content=\"Escrito por\" \/>\n\t<meta name=\"twitter:data1\" content=\"Reconoce MX\" \/>\n\t<meta name=\"twitter:label2\" content=\"Tiempo de lectura\" \/>\n\t<meta name=\"twitter:data2\" content=\"1 minuto\" \/>\n<script type=\"application\/ld+json\" class=\"yoast-schema-graph\">{\"@context\":\"https:\/\/schema.org\",\"@graph\":[{\"@type\":\"Article\",\"@id\":\"https:\/\/www.reconoce.mx\/?p=66006#article\",\"isPartOf\":{\"@id\":\"https:\/\/www.reconoce.mx\/?p=66006\"},\"author\":{\"name\":\"Reconoce MX\",\"@id\":\"http:\/\/www.reconoce.mx\/#\/schema\/person\/2117e997d7051dc15d6880eaf9bca0b2\"},\"headline\":\"Caifanes tocar\u00e1 en Arena Ciudad de M\u00e9xico\",\"datePublished\":\"2017-09-27T05:01:07+00:00\",\"dateModified\":\"2017-09-29T14:15:24+00:00\",\"mainEntityOfPage\":{\"@id\":\"https:\/\/www.reconoce.mx\/?p=66006\"},\"wordCount\":234,\"commentCount\":0,\"publisher\":{\"@id\":\"http:\/\/www.reconoce.mx\/#organization\"},\"image\":{\"@id\":\"https:\/\/www.reconoce.mx\/?p=66006#primaryimage\"},\"thumbnailUrl\":\"http:\/\/www.reconoce.mx\/wp-content\/uploads\/2017\/09\/caifanes-arenacdmx.png\",\"articleSection\":[\"Cultura\",\"M\u00fasica\",\"Principal\"],\"inLanguage\":\"es\",\"potentialAction\":[{\"@type\":\"CommentAction\",\"name\":\"Comment\",\"target\":[\"https:\/\/www.reconoce.mx\/?p=66006#respond\"]}]},{\"@type\":\"WebPage\",\"@id\":\"https:\/\/www.reconoce.mx\/?p=66006\",\"url\":\"https:\/\/www.reconoce.mx\/?p=66006\",\"name\":\"Caifanes tocar\u00e1 en Arena Ciudad de M\u00e9xico &#171; Reconoce MX\",\"isPartOf\":{\"@id\":\"http:\/\/www.reconoce.mx\/#website\"},\"primaryImageOfPage\":{\"@id\":\"https:\/\/www.reconoce.mx\/?p=66006#primaryimage\"},\"image\":{\"@id\":\"https:\/\/www.reconoce.mx\/?p=66006#primaryimage\"},\"thumbnailUrl\":\"http:\/\/www.reconoce.mx\/wp-content\/uploads\/2017\/09\/caifanes-arenacdmx.png\",\"datePublished\":\"2017-09-27T05:01:07+00:00\",\"dateModified\":\"2017-09-29T14:15:24+00:00\",\"breadcrumb\":{\"@id\":\"https:\/\/www.reconoce.mx\/?p=66006#breadcrumb\"},\"inLanguage\":\"es\",\"potentialAction\":[{\"@type\":\"ReadAction\",\"target\":[\"https:\/\/www.reconoce.mx\/?p=66006\"]}]},{\"@type\":\"ImageObject\",\"inLanguage\":\"es\",\"@id\":\"https:\/\/www.reconoce.mx\/?p=66006#primaryimage\",\"url\":\"http:\/\/www.reconoce.mx\/wp-content\/uploads\/2017\/09\/caifanes-arenacdmx.png\",\"contentUrl\":\"http:\/\/www.reconoce.mx\/wp-content\/uploads\/2017\/09\/caifanes-arenacdmx.png\",\"width\":590,\"height\":380},{\"@type\":\"BreadcrumbList\",\"@id\":\"https:\/\/www.reconoce.mx\/?p=66006#breadcrumb\",\"itemListElement\":[{\"@type\":\"ListItem\",\"position\":1,\"name\":\"Portada\",\"item\":\"http:\/\/www.reconoce.mx\/\"},{\"@type\":\"ListItem\",\"position\":2,\"name\":\"Caifanes tocar\u00e1 en Arena Ciudad de M\u00e9xico\"}]},{\"@type\":\"WebSite\",\"@id\":\"http:\/\/www.reconoce.mx\/#website\",\"url\":\"http:\/\/www.reconoce.mx\/\",\"name\":\"Reconoce MX\",\"description\":\"En Reconoce MX difundimos arte, cultura y conciencia social en M\u00e9xico. Tu ciudad en otra perspectiva.\",\"publisher\":{\"@id\":\"http:\/\/www.reconoce.mx\/#organization\"},\"potentialAction\":[{\"@type\":\"SearchAction\",\"target\":{\"@type\":\"EntryPoint\",\"urlTemplate\":\"http:\/\/www.reconoce.mx\/?s={search_term_string}\"},\"query-input\":{\"@type\":\"PropertyValueSpecification\",\"valueRequired\":true,\"valueName\":\"search_term_string\"}}],\"inLanguage\":\"es\"},{\"@type\":\"Organization\",\"@id\":\"http:\/\/www.reconoce.mx\/#organization\",\"name\":\"Reconoce MX\",\"url\":\"http:\/\/www.reconoce.mx\/\",\"logo\":{\"@type\":\"ImageObject\",\"inLanguage\":\"es\",\"@id\":\"http:\/\/www.reconoce.mx\/#\/schema\/logo\/image\/\",\"url\":\"https:\/\/www.reconoce.mx\/wp-content\/uploads\/2019\/03\/logorcmx-good-1.png\",\"contentUrl\":\"https:\/\/www.reconoce.mx\/wp-content\/uploads\/2019\/03\/logorcmx-good-1.png\",\"width\":280,\"height\":90,\"caption\":\"Reconoce MX\"},\"image\":{\"@id\":\"http:\/\/www.reconoce.mx\/#\/schema\/logo\/image\/\"},\"sameAs\":[\"https:\/\/es-la.facebook.com\/ReconoceMX\/\",\"https:\/\/x.com\/reconocemx\",\"http:\/\/@reconocemx\"]},{\"@type\":\"Person\",\"@id\":\"http:\/\/www.reconoce.mx\/#\/schema\/person\/2117e997d7051dc15d6880eaf9bca0b2\",\"name\":\"Reconoce MX\",\"image\":{\"@type\":\"ImageObject\",\"inLanguage\":\"es\",\"@id\":\"http:\/\/www.reconoce.mx\/#\/schema\/person\/image\/\",\"url\":\"https:\/\/secure.gravatar.com\/avatar\/6c8d4dc7569ca1c90c5fdcc349f839d5ddef6fe1e70b4337ead2ef1a4c43fc3a?s=96&d=identicon&r=g\",\"contentUrl\":\"https:\/\/secure.gravatar.com\/avatar\/6c8d4dc7569ca1c90c5fdcc349f839d5ddef6fe1e70b4337ead2ef1a4c43fc3a?s=96&d=identicon&r=g\",\"caption\":\"Reconoce MX\"},\"description\":\"Reconoce MX es un proyecto de difusi\u00f3n art\u00edstica, cultural y de conciencia social que est\u00e1 enfocado a difundir y fomentar el entretenimiento alternativo de calidad para todo el p\u00fablico que comparta el mismo entusiasmo.\",\"sameAs\":[\"http:\/\/www.reconoce.mx\"],\"url\":\"http:\/\/www.reconoce.mx\/?author=2\"}]}<\/script>\n<!-- \/ Yoast SEO plugin. -->","yoast_head_json":{"title":"Caifanes tocar\u00e1 en Arena Ciudad de M\u00e9xico &#171; Reconoce MX","robots":{"index":"index","follow":"follow","max-snippet":"max-snippet:-1","max-image-preview":"max-image-preview:large","max-video-preview":"max-video-preview:-1"},"canonical":"https:\/\/www.reconoce.mx\/?p=66006","og_locale":"es_ES","og_type":"article","og_title":"Caifanes tocar\u00e1 en Arena Ciudad de M\u00e9xico &#171; Reconoce MX","og_description":"\"Antes de que nos olviden haremos historia\" era lo que cantaba Caifanes en el a\u00f1o de 1990, cuando sali\u00f3 su segundo material discogr\u00e1fico denominado \"Volumen II\", mejor conocido como \"El diablito\".","og_url":"https:\/\/www.reconoce.mx\/?p=66006","og_site_name":"Reconoce MX","article_publisher":"https:\/\/es-la.facebook.com\/ReconoceMX\/","article_published_time":"2017-09-27T05:01:07+00:00","article_modified_time":"2017-09-29T14:15:24+00:00","og_image":[{"width":590,"height":380,"url":"https:\/\/www.reconoce.mx\/wp-content\/uploads\/2017\/09\/caifanes-arenacdmx.png","type":"image\/png"}],"author":"Reconoce MX","twitter_card":"summary_large_image","twitter_creator":"@reconocemx","twitter_site":"@reconocemx","twitter_misc":{"Escrito por":"Reconoce MX","Tiempo de lectura":"1 minuto"},"schema":{"@context":"https:\/\/schema.org","@graph":[{"@type":"Article","@id":"https:\/\/www.reconoce.mx\/?p=66006#article","isPartOf":{"@id":"https:\/\/www.reconoce.mx\/?p=66006"},"author":{"name":"Reconoce MX","@id":"http:\/\/www.reconoce.mx\/#\/schema\/person\/2117e997d7051dc15d6880eaf9bca0b2"},"headline":"Caifanes tocar\u00e1 en Arena Ciudad de M\u00e9xico","datePublished":"2017-09-27T05:01:07+00:00","dateModified":"2017-09-29T14:15:24+00:00","mainEntityOfPage":{"@id":"https:\/\/www.reconoce.mx\/?p=66006"},"wordCount":234,"commentCount":0,"publisher":{"@id":"http:\/\/www.reconoce.mx\/#organization"},"image":{"@id":"https:\/\/www.reconoce.mx\/?p=66006#primaryimage"},"thumbnailUrl":"http:\/\/www.reconoce.mx\/wp-content\/uploads\/2017\/09\/caifanes-arenacdmx.png","articleSection":["Cultura","M\u00fasica","Principal"],"inLanguage":"es","potentialAction":[{"@type":"CommentAction","name":"Comment","target":["https:\/\/www.reconoce.mx\/?p=66006#respond"]}]},{"@type":"WebPage","@id":"https:\/\/www.reconoce.mx\/?p=66006","url":"https:\/\/www.reconoce.mx\/?p=66006","name":"Caifanes tocar\u00e1 en Arena Ciudad de M\u00e9xico &#171; Reconoce MX","isPartOf":{"@id":"http:\/\/www.reconoce.mx\/#website"},"primaryImageOfPage":{"@id":"https:\/\/www.reconoce.mx\/?p=66006#primaryimage"},"image":{"@id":"https:\/\/www.reconoce.mx\/?p=66006#primaryimage"},"thumbnailUrl":"http:\/\/www.reconoce.mx\/wp-content\/uploads\/2017\/09\/caifanes-arenacdmx.png","datePublished":"2017-09-27T05:01:07+00:00","dateModified":"2017-09-29T14:15:24+00:00","breadcrumb":{"@id":"https:\/\/www.reconoce.mx\/?p=66006#breadcrumb"},"inLanguage":"es","potentialAction":[{"@type":"ReadAction","target":["https:\/\/www.reconoce.mx\/?p=66006"]}]},{"@type":"ImageObject","inLanguage":"es","@id":"https:\/\/www.reconoce.mx\/?p=66006#primaryimage","url":"http:\/\/www.reconoce.mx\/wp-content\/uploads\/2017\/09\/caifanes-arenacdmx.png","contentUrl":"http:\/\/www.reconoce.mx\/wp-content\/uploads\/2017\/09\/caifanes-arenacdmx.png","width":590,"height":380},{"@type":"BreadcrumbList","@id":"https:\/\/www.reconoce.mx\/?p=66006#breadcrumb","itemListElement":[{"@type":"ListItem","position":1,"name":"Portada","item":"http:\/\/www.reconoce.mx\/"},{"@type":"ListItem","position":2,"name":"Caifanes tocar\u00e1 en Arena Ciudad de M\u00e9xico"}]},{"@type":"WebSite","@id":"http:\/\/www.reconoce.mx\/#website","url":"http:\/\/www.reconoce.mx\/","name":"Reconoce MX","description":"En Reconoce MX difundimos arte, cultura y conciencia social en M\u00e9xico. Tu ciudad en otra perspectiva.","publisher":{"@id":"http:\/\/www.reconoce.mx\/#organization"},"potentialAction":[{"@type":"SearchAction","target":{"@type":"EntryPoint","urlTemplate":"http:\/\/www.reconoce.mx\/?s={search_term_string}"},"query-input":{"@type":"PropertyValueSpecification","valueRequired":true,"valueName":"search_term_string"}}],"inLanguage":"es"},{"@type":"Organization","@id":"http:\/\/www.reconoce.mx\/#organization","name":"Reconoce MX","url":"http:\/\/www.reconoce.mx\/","logo":{"@type":"ImageObject","inLanguage":"es","@id":"http:\/\/www.reconoce.mx\/#\/schema\/logo\/image\/","url":"https:\/\/www.reconoce.mx\/wp-content\/uploads\/2019\/03\/logorcmx-good-1.png","contentUrl":"https:\/\/www.reconoce.mx\/wp-content\/uploads\/2019\/03\/logorcmx-good-1.png","width":280,"height":90,"caption":"Reconoce MX"},"image":{"@id":"http:\/\/www.reconoce.mx\/#\/schema\/logo\/image\/"},"sameAs":["https:\/\/es-la.facebook.com\/ReconoceMX\/","https:\/\/x.com\/reconocemx","http:\/\/@reconocemx"]},{"@type":"Person","@id":"http:\/\/www.reconoce.mx\/#\/schema\/person\/2117e997d7051dc15d6880eaf9bca0b2","name":"Reconoce MX","image":{"@type":"ImageObject","inLanguage":"es","@id":"http:\/\/www.reconoce.mx\/#\/schema\/person\/image\/","url":"https:\/\/secure.gravatar.com\/avatar\/6c8d4dc7569ca1c90c5fdcc349f839d5ddef6fe1e70b4337ead2ef1a4c43fc3a?s=96&d=identicon&r=g","contentUrl":"https:\/\/secure.gravatar.com\/avatar\/6c8d4dc7569ca1c90c5fdcc349f839d5ddef6fe1e70b4337ead2ef1a4c43fc3a?s=96&d=identicon&r=g","caption":"Reconoce MX"},"description":"Reconoce MX es un proyecto de difusi\u00f3n art\u00edstica, cultural y de conciencia social que est\u00e1 enfocado a difundir y fomentar el entretenimiento alternativo de calidad para todo el p\u00fablico que comparta el mismo entusiasmo.","sameAs":["http:\/\/www.reconoce.mx"],"url":"http:\/\/www.reconoce.mx\/?author=2"}]}},"_links":{"self":[{"href":"http:\/\/www.reconoce.mx\/index.php?rest_route=\/wp\/v2\/posts\/66006","targetHints":{"allow":["GET"]}}],"collection":[{"href":"http:\/\/www.reconoce.mx\/index.php?rest_route=\/wp\/v2\/posts"}],"about":[{"href":"http:\/\/www.reconoce.mx\/index.php?rest_route=\/wp\/v2\/types\/post"}],"author":[{"embeddable":true,"href":"http:\/\/www.reconoce.mx\/index.php?rest_route=\/wp\/v2\/users\/2"}],"replies":[{"embeddable":true,"href":"http:\/\/www.reconoce.mx\/index.php?rest_route=%2Fwp%2Fv2%2Fcomments&post=66006"}],"version-history":[{"count":5,"href":"http:\/\/www.reconoce.mx\/index.php?rest_route=\/wp\/v2\/posts\/66006\/revisions"}],"predecessor-version":[{"id":66242,"href":"http:\/\/www.reconoce.mx\/index.php?rest_route=\/wp\/v2\/posts\/66006\/revisions\/66242"}],"wp:featuredmedia":[{"embeddable":true,"href":"http:\/\/www.reconoce.mx\/index.php?rest_route=\/wp\/v2\/media\/66007"}],"wp:attachment":[{"href":"http:\/\/www.reconoce.mx\/index.php?rest_route=%2Fwp%2Fv2%2Fmedia&parent=66006"}],"wp:term":[{"taxonomy":"category","embeddable":true,"href":"http:\/\/www.reconoce.mx\/index.php?rest_route=%2Fwp%2Fv2%2Fcategories&post=66006"},{"taxonomy":"post_tag","embeddable":true,"href":"http:\/\/www.reconoce.mx\/index.php?rest_route=%2Fwp%2Fv2%2Ftags&post=66006"}],"curies":[{"name":"wp","href":"https:\/\/api.w.org\/{rel}","templated":true}]}}