{"id":66041,"date":"2017-09-25T00:05:08","date_gmt":"2017-09-25T05:05:08","guid":{"rendered":"http:\/\/www.reconoce.mx\/?p=66041"},"modified":"2017-09-25T00:25:25","modified_gmt":"2017-09-25T05:25:25","slug":"5rolasparalasemana-del-25-al-29-de-septiembre","status":"publish","type":"post","link":"http:\/\/www.reconoce.mx\/?p=66041","title":{"rendered":"#5RolasParaLaSemana del 25 al 29 de septiembre"},"content":{"rendered":"<p><strong>Por <a title=\"@AsfaltosTweets\" href=\"http:\/\/twitter.com\/AsfaltosTweets\" target=\"_blank\" rel=\"noopener noreferrer\">Asfaltos<\/a><\/strong>.<\/p>\n<p>Semana at\u00edpica despu\u00e9s del terremoto del pasado martes 19 de septiembre. Mucho dolor, pero tambi\u00e9n, cierta alegr\u00eda. Dolor por las p\u00e9rdidas humanas, las animales, las historias desgarradoras, los damnificados; alegr\u00eda por los rescates, la ayuda a montones en las calles y sobre todo por la gente, por la gente que se volv\u00f3 a ayudar. Cansancio emocional, mucho. Por ello, y despu\u00e9s de que en estos d\u00edas se par\u00f3 en granparte la actividad, me dedicar\u00e9 a recomendar 5 canciones para sanar el alma. Ver\u00e1n, y escuchar\u00e1n, que en esta ocasi\u00f3n la m\u00fasica es resonsabilidad de mexicanas talentosas que eleg\u00ed porquesu voz, su talento, su m\u00fasica&#8230; acaricia el alma. Esperando animarles, sanarle, distraerles. Ac\u00e1 las <a href=\"http:\/\/www.reconoce.mx\/category\/cultura\/musica\/5rolasparalasemana\/\" target=\"_blank\" rel=\"noopener noreferrer\">#5RolasParaLaSemana<\/a> de la cuarta y \u00faltima semana de septiembre de 2017.<\/p>\n<p><iframe loading=\"lazy\" src=\"https:\/\/www.deezer.com\/plugins\/player?format=square&amp;autoplay=false&amp;playlist=false&amp;width=300&amp;height=300&amp;color=007FEB&amp;layout=dark&amp;size=medium&amp;type=playlist&amp;id=3618405866&amp;app_id=1\" width=\"300\" height=\"300\" frameborder=\"0\" scrolling=\"no\"><\/iframe><\/p>\n<h2><strong>\u00abSer paloma\u00bb, de Lila Downs feat. Carla Morrison<\/strong><\/h2>\n<p><a href=\"http:\/\/www.reconoce.mx\/wp-content\/uploads\/2017\/09\/COVER_web.jpg\"><img loading=\"lazy\" decoding=\"async\" class=\"aligncenter size-full wp-image-66048\" src=\"http:\/\/www.reconoce.mx\/wp-content\/uploads\/2017\/09\/COVER_web.jpg\" alt=\"\" width=\"1072\" height=\"961\" srcset=\"http:\/\/www.reconoce.mx\/wp-content\/uploads\/2017\/09\/COVER_web.jpg 1072w, http:\/\/www.reconoce.mx\/wp-content\/uploads\/2017\/09\/COVER_web-300x269.jpg 300w, http:\/\/www.reconoce.mx\/wp-content\/uploads\/2017\/09\/COVER_web-768x688.jpg 768w, http:\/\/www.reconoce.mx\/wp-content\/uploads\/2017\/09\/COVER_web-1024x918.jpg 1024w, http:\/\/www.reconoce.mx\/wp-content\/uploads\/2017\/09\/COVER_web-150x134.jpg 150w, http:\/\/www.reconoce.mx\/wp-content\/uploads\/2017\/09\/COVER_web-700x628.jpg 700w, http:\/\/www.reconoce.mx\/wp-content\/uploads\/2017\/09\/COVER_web-658x590.jpg 658w\" sizes=\"auto, (max-width: 1072px) 100vw, 1072px\" \/><\/a><\/p>\n<p>De la nacida en Tlaxiaco, Oaxaca, empezamos con \u00abSer paloma\u00bb de la siempre genial<strong> Lila Downs<\/strong>. De su m\u00e1s reciente material, el \u00abSal\u00f3n. L\u00e1grimas y deseo\u00bb estrenado en mayo de este a\u00f1o, decid\u00ed empezar con la tremenda \u00abSer paloma\u00bb, en la que la Downs se hace acompa\u00f1ar nada mas y nada menos que de otra reconfortante voz, la de <strong>Carla Morrison<\/strong>. \u00abLes gustar\u00eda que desapareci\u00e9ramos, porque creen que \u00e9ste es su poder, pero yo soy mujer, mi respiraci\u00f3n siempre vuelve&#8230;\u00bb, as\u00ed describe <strong>Lila Downs<\/strong> esta poderosa canci\u00f3n que nos hace pensar que a pesar de que en M\u00e9xico hay muchos pendientes con las mujeres, lastimadas, ofendidas y asesinadas, \u00e9stas siempre est\u00e1n ah\u00ed cuando m\u00e1s se les necesita, cuando su fortaleza se les pone a prueba. Por lo menos donde yo andaba, vi muchas mujeres luchonas, entronas, que a pesar de que en algunas ocasiones se les relegaba por seguirlas considerando \u00abel sexo d\u00e9bil\u00bb, ah\u00ed estaban y siempre demostrando que su fuerza, su entereza, es mucha, mucha&#8230; Para ellas, para todas esas palomas, \u00abSer paloma\u00bb de <strong>Lila Downs<\/strong> feat. <strong>Carla Morrison<\/strong>.<\/p>\n<blockquote class=\"twitter-tweet\" data-lang=\"es\">\n<p dir=\"ltr\" lang=\"es\">Esperamos todos se encuentren bien!<\/p>\n<p>\u2014 Lila Downs (@liladowns) <a href=\"https:\/\/twitter.com\/liladowns\/status\/910212725590102016\">19 de septiembre de 2017<\/a><\/p><\/blockquote>\n<p><script async src=\"\/\/platform.twitter.com\/widgets.js\" charset=\"utf-8\"><\/script><\/p>\n<h2><strong>\u00abOjos tristes\u00bb, de Los Rumberos de Massachusetts feat. Valgur<\/strong><\/h2>\n<p><a href=\"http:\/\/www.reconoce.mx\/wp-content\/uploads\/2017\/09\/Ojos-Tristes-feat.-Valgur-Single.jpg\"><img loading=\"lazy\" decoding=\"async\" class=\"aligncenter size-full wp-image-66049\" src=\"http:\/\/www.reconoce.mx\/wp-content\/uploads\/2017\/09\/Ojos-Tristes-feat.-Valgur-Single.jpg\" alt=\"\" width=\"600\" height=\"600\" srcset=\"http:\/\/www.reconoce.mx\/wp-content\/uploads\/2017\/09\/Ojos-Tristes-feat.-Valgur-Single.jpg 600w, http:\/\/www.reconoce.mx\/wp-content\/uploads\/2017\/09\/Ojos-Tristes-feat.-Valgur-Single-150x150.jpg 150w, http:\/\/www.reconoce.mx\/wp-content\/uploads\/2017\/09\/Ojos-Tristes-feat.-Valgur-Single-300x300.jpg 300w, http:\/\/www.reconoce.mx\/wp-content\/uploads\/2017\/09\/Ojos-Tristes-feat.-Valgur-Single-65x65.jpg 65w\" sizes=\"auto, (max-width: 600px) 100vw, 600px\" \/><\/a><\/p>\n<p>Otra voz que me gusta mucho es la de la tambi\u00e9n oaxaque\u00f1a <strong>Valgur<\/strong>. <strong>Valgur<\/strong>, quien ya andaba muy activa desde <a href=\"http:\/\/www.reconoce.mx\/ciudad-de-mexico-vive-el-mas-fuerte-sismo-en-100-anos-se-espera-replica\/\" target=\"_blank\" rel=\"noopener\">el sismo resentido sobre todo en Oaxaca y Chiapas el pasado 7 de septiembre de 2017<\/a>, no ha cesado en el apoyo a su regi\u00f3n. S\u00ed, en redes sociales pero sobre todo con acciones, <strong>Valgur<\/strong> ha andado moviliz\u00e1ndose en apoyo a los suyos. Y es que han pasado tantas cosas en las \u00faltimas semanas, que la ayuda debe continuar en las regiones afectadas, a cada momento y sin cesar. Una l\u00e1stima que la m\u00fasica de <strong>Valgur<\/strong> no est\u00e9 completa en las plataformas de m\u00fasica en l\u00ednea, pero afortunadamente, para este ejercicio, me encontr\u00e9 con \u00abOjos tristes\u00bb de<strong> Los Rumberos de Massachusetts<\/strong> feat. <strong>Valgur<\/strong>. La melod\u00eda, quiz\u00e1 menos triste que la anterior de <strong>Lila Downs<\/strong>, sigue siendo una canci\u00f3n melanc\u00f3lica que dedico a todos aquellos ojos tristes que vi en los pasados d\u00edas. Ojos tristes, ojos llorozos, ojos que reflejaban el dolor que todos y cada uno sentimos en el alma al enterarnos de la desgracia vivida; pero como bien canta <strong>Valgur<\/strong>, \u00abdetr\u00e1s de esos ojos tristes que tanto vi se esconde una mirada que tanto quiero y que tanto anhelo.\u00bb<\/p>\n<blockquote class=\"twitter-tweet\" data-lang=\"es\">\n<p dir=\"ltr\" lang=\"es\">Qu\u00e9 horror!!!!<\/p>\n<p>\u2014 Valgur (@soyvalgur) <a href=\"https:\/\/twitter.com\/soyvalgur\/status\/910371449831075840\">20 de septiembre de 2017<\/a><\/p><\/blockquote>\n<p><script async src=\"\/\/platform.twitter.com\/widgets.js\" charset=\"utf-8\"><\/script><\/p>\n<h2><strong>\u00abNada se perdi\u00f3 (En vivo) [Ac\u00fastico]\u00bb, de Vanessa Zamora<\/strong><\/h2>\n<p><a href=\"http:\/\/www.reconoce.mx\/wp-content\/uploads\/2017\/09\/a0770172137_10.jpg\"><img loading=\"lazy\" decoding=\"async\" class=\"aligncenter size-full wp-image-66046\" src=\"http:\/\/www.reconoce.mx\/wp-content\/uploads\/2017\/09\/a0770172137_10.jpg\" alt=\"\" width=\"1200\" height=\"1200\" srcset=\"http:\/\/www.reconoce.mx\/wp-content\/uploads\/2017\/09\/a0770172137_10.jpg 1200w, http:\/\/www.reconoce.mx\/wp-content\/uploads\/2017\/09\/a0770172137_10-150x150.jpg 150w, http:\/\/www.reconoce.mx\/wp-content\/uploads\/2017\/09\/a0770172137_10-300x300.jpg 300w, http:\/\/www.reconoce.mx\/wp-content\/uploads\/2017\/09\/a0770172137_10-768x768.jpg 768w, http:\/\/www.reconoce.mx\/wp-content\/uploads\/2017\/09\/a0770172137_10-1024x1024.jpg 1024w, http:\/\/www.reconoce.mx\/wp-content\/uploads\/2017\/09\/a0770172137_10-65x65.jpg 65w, http:\/\/www.reconoce.mx\/wp-content\/uploads\/2017\/09\/a0770172137_10-700x700.jpg 700w, http:\/\/www.reconoce.mx\/wp-content\/uploads\/2017\/09\/a0770172137_10-658x658.jpg 658w\" sizes=\"auto, (max-width: 1200px) 100vw, 1200px\" \/><\/a><\/p>\n<p>De Tijuana, pero adoptada por Guadalajara y ahora radicada en Ciudad de M\u00e9xico -ah, ahora de viaje por Europa-, la siguiente canci\u00f3n es responsable de <strong>Vanessa Zamora<\/strong>, otra talentosa compositora, cantante y m\u00fasica que nos regala otra melod\u00eda adecuada para continuar con el proceso de sanaci\u00f3n. Basta con escuchar la dulce voz de Vane para sentir esa acaricia emocional. Con \u00abNada se perdi\u00f3\u00bb, cuyo sentido si bien es otro, me gustar\u00eda dedicarla a todos aquellos que tras la zozobra quieren precisamente un abrazo grande y fuerte, duradero, cari\u00f1oso. Nada se perdi\u00f3, todo sigue, todo contin\u00faa, debemos volver a ver hacia adelante. \u00abNada se perdi\u00f3, s\u00f3lo queda nuestra esencia en el sol\u00bb, as\u00ed canta <strong>Vanessa Zamora<\/strong> quien a pesar de la distancia no dej\u00f3 de sumarse como pudo a la emergencia que se vive en M\u00e9xico.<\/p>\n<blockquote class=\"twitter-tweet\" data-lang=\"es\">\n<p dir=\"ltr\" lang=\"es\">Cualquier informaci\u00f3n que pueda replicar en mis redes, mandenmelo. Usemos las redes para ayudar. \ud83d\ude4f\ud83c\udffb<\/p>\n<p>\u2014 VANESSA ZAMORA (@vanezamoraa) <a href=\"https:\/\/twitter.com\/vanezamoraa\/status\/910257415379177472\">19 de septiembre de 2017<\/a><\/p><\/blockquote>\n<p><script async src=\"\/\/platform.twitter.com\/widgets.js\" charset=\"utf-8\"><\/script><\/p>\n<h2><strong>\u00abUn derecho de nacimiento\u00bb, de Banda Filarm\u00f3nica del CECAM feat. Natalia Lafourcade<\/strong><\/h2>\n<p><a href=\"http:\/\/www.reconoce.mx\/wp-content\/uploads\/2017\/09\/Banda_Filarmonica_Del_Cecam-Xeew_Volumen_1-Frontal.jpg\"><img loading=\"lazy\" decoding=\"async\" class=\"aligncenter size-full wp-image-66047\" src=\"http:\/\/www.reconoce.mx\/wp-content\/uploads\/2017\/09\/Banda_Filarmonica_Del_Cecam-Xeew_Volumen_1-Frontal.jpg\" alt=\"\" width=\"953\" height=\"953\" srcset=\"http:\/\/www.reconoce.mx\/wp-content\/uploads\/2017\/09\/Banda_Filarmonica_Del_Cecam-Xeew_Volumen_1-Frontal.jpg 953w, http:\/\/www.reconoce.mx\/wp-content\/uploads\/2017\/09\/Banda_Filarmonica_Del_Cecam-Xeew_Volumen_1-Frontal-150x150.jpg 150w, http:\/\/www.reconoce.mx\/wp-content\/uploads\/2017\/09\/Banda_Filarmonica_Del_Cecam-Xeew_Volumen_1-Frontal-300x300.jpg 300w, http:\/\/www.reconoce.mx\/wp-content\/uploads\/2017\/09\/Banda_Filarmonica_Del_Cecam-Xeew_Volumen_1-Frontal-768x768.jpg 768w, http:\/\/www.reconoce.mx\/wp-content\/uploads\/2017\/09\/Banda_Filarmonica_Del_Cecam-Xeew_Volumen_1-Frontal-65x65.jpg 65w, http:\/\/www.reconoce.mx\/wp-content\/uploads\/2017\/09\/Banda_Filarmonica_Del_Cecam-Xeew_Volumen_1-Frontal-700x700.jpg 700w, http:\/\/www.reconoce.mx\/wp-content\/uploads\/2017\/09\/Banda_Filarmonica_Del_Cecam-Xeew_Volumen_1-Frontal-658x658.jpg 658w\" sizes=\"auto, (max-width: 953px) 100vw, 953px\" \/><\/a><\/p>\n<p>Es una de mis canciones favoritas, sin duda. Nacida a ra\u00edz del movimiento <a href=\"http:\/\/www.reconoce.mx\/?s=%23YoSoy132\" target=\"_blank\" rel=\"noopener\">#YoSoy132<\/a> que por cierto se opon\u00eda al proyecto del ahora presidente <strong>Enrique Pe\u00f1a Nieto<\/strong>, \u00abUn derecho de nacimiento\u00bb es parte de este listado; ahora s\u00ed, tomando un \u00e1nimo un poco m\u00e1s alegre -porque s\u00ed, despu\u00e9s de llorar, hay que sanar, sonre\u00edr-. <a href=\"http:\/\/www.reconoce.mx\/viernes-versionado-un-derecho-de-nacimiento-version-cecam\/\" target=\"_blank\" rel=\"noopener\">Ya les hab\u00eda compartido esta canci\u00f3n en un Viernes versionado justamente<\/a>, pero lo hago de nuevo, porque ahora acompa\u00f1ada de nueva cuenta por m\u00fasicos oaxaque\u00f1os, <strong>Natalia Lafourcade<\/strong> da voz a esta hermosa canci\u00f3n. La melod\u00eda forma parte del \u00e1lbum \u00abX\u00eb\u00ebw\u00bb que es una verdadera chulada, pues la <strong>Banda Filarm\u00f3nica del CECAM<\/strong> nos regala una versi\u00f3n \u00fanica y muy emotiva. La canci\u00f3n va dedicada a todos aquellos que alzaron la voz frente a polic\u00edas que sin criterio buscaban tomar decisiones que iban en contra de salvar vida; a todos aquellos que buscaron mediar y organizar mejor rescates que por momentos lucieron descoordinados; a todos aquellos que hicieron suyo su derecho de nacimiento a retomar las riendas de un pa\u00eds que siempre ha sido nuestro. Que lo que vivimos en estos d\u00edas no se nos olvide nunca; que nos cambie para siempre.<\/p>\n<blockquote class=\"twitter-tweet\" data-lang=\"es\">\n<p dir=\"ltr\" lang=\"es\">Mi M\u00e9xico amado, desde Madrid cantamos para ustedes. Pido por nuestra tierra que est\u00e1 viva y enojada. <a href=\"https:\/\/twitter.com\/hashtag\/FuerzaMexico?src=hash\">#FuerzaMexico<\/a> <a href=\"https:\/\/t.co\/gioIczHVsU\">https:\/\/t.co\/gioIczHVsU<\/a><\/p>\n<p>\u2014 Natalia Lafourcade (@lafourcade) <a href=\"https:\/\/twitter.com\/lafourcade\/status\/910579645426188288\">20 de septiembre de 2017<\/a><\/p><\/blockquote>\n<p><script async src=\"\/\/platform.twitter.com\/widgets.js\" charset=\"utf-8\"><\/script><\/p>\n<h2><strong>\u00abNo nos parar\u00e1n\u00bb, de Ceci Bastida feat. Spoek Mathambo<\/strong><\/h2>\n<p><a href=\"http:\/\/www.reconoce.mx\/wp-content\/uploads\/2017\/09\/741360838178.jpg\"><img loading=\"lazy\" decoding=\"async\" class=\"aligncenter size-full wp-image-66045\" src=\"http:\/\/www.reconoce.mx\/wp-content\/uploads\/2017\/09\/741360838178.jpg\" alt=\"\" width=\"1000\" height=\"1000\" srcset=\"http:\/\/www.reconoce.mx\/wp-content\/uploads\/2017\/09\/741360838178.jpg 1000w, http:\/\/www.reconoce.mx\/wp-content\/uploads\/2017\/09\/741360838178-150x150.jpg 150w, http:\/\/www.reconoce.mx\/wp-content\/uploads\/2017\/09\/741360838178-300x300.jpg 300w, http:\/\/www.reconoce.mx\/wp-content\/uploads\/2017\/09\/741360838178-768x768.jpg 768w, http:\/\/www.reconoce.mx\/wp-content\/uploads\/2017\/09\/741360838178-65x65.jpg 65w, http:\/\/www.reconoce.mx\/wp-content\/uploads\/2017\/09\/741360838178-700x700.jpg 700w, http:\/\/www.reconoce.mx\/wp-content\/uploads\/2017\/09\/741360838178-658x658.jpg 658w\" sizes=\"auto, (max-width: 1000px) 100vw, 1000px\" \/><\/a><\/p>\n<p>Y por eso mismo, porque lo ideal es que despu\u00e9s de la actual tragedia nos levantemos m\u00e1s fuertes, m\u00e1s s\u00f3lidos y mejores, \u00abNo nos parar\u00e1n\u00bb. <strong>Ceci Bastida<\/strong> tiene una gran forma de expresar con grandes ritmos, y letras poderosas, lo que siente. La verdad es que es -como he insistido una, y otra vez- una de las m\u00e1s talentosas m\u00fasicas de nuestro pa\u00eds, y tambi\u00e9n una de las menos valoradas. Pues bien, \u00abNo nos parar\u00e1n\u00bb es de lo m\u00e1s reciente que nos ha regalado, y para m\u00ed una de las mejores canciones de los \u00faltimos a\u00f1os. La dedicatoria que hago es obvia: es para todos, porque lo que vivimos nunca lo olvidemos y siempre lo apliquemos. \u00abNadie nos da\u00f1ar\u00e1, nada nos matar\u00e1, nada nos parar\u00e1, nada nos da\u00f1ar\u00e1, nada nos parar\u00e1, \u00a1no nos parar\u00e1n!\u00bb.<\/p>\n<blockquote class=\"twitter-tweet\" data-lang=\"es\">\n<p dir=\"ltr\" lang=\"es\">Preocupada por toda la gente, amigos y familiares en M\u00e9xico . Mucho amor y fuerza hasta all\u00e1! \ud83d\ude13<\/p>\n<p>\u2014 Ceci Bastida (@cecibastida) <a href=\"https:\/\/twitter.com\/cecibastida\/status\/910217419695599616\">19 de septiembre de 2017<\/a><\/p><\/blockquote>\n<p><script async src=\"\/\/platform.twitter.com\/widgets.js\" charset=\"utf-8\"><\/script><\/p>\n<p style=\"text-align: right;\">Foto: <strong>Holger Prothmann<\/strong>.<\/p>\n<p>&nbsp;<\/p>\n<p>&nbsp;<\/p>\n","protected":false},"excerpt":{"rendered":"<p>Semana at\u00edpica despu\u00e9s del terremoto del pasado martes 19 de septiembre. Mucho dolor, pero tambi\u00e9n, cierta alegr\u00eda. <\/p>\n","protected":false},"author":2,"featured_media":52739,"comment_status":"open","ping_status":"open","sticky":false,"template":"","format":"standard","meta":{"footnotes":""},"categories":[2652,1,18,17],"tags":[],"class_list":["post-66041","post","type-post","status-publish","format-standard","has-post-thumbnail","hentry","category-5rolasparalasemana","category-cultura","category-musica","category-principal"],"yoast_head":"<!-- This site is optimized with the Yoast SEO plugin v24.7 - https:\/\/yoast.com\/wordpress\/plugins\/seo\/ -->\n<title>#5RolasParaLaSemana del 25 al 29 de septiembre &#171; Reconoce MX<\/title>\n<meta name=\"robots\" content=\"index, follow, max-snippet:-1, max-image-preview:large, max-video-preview:-1\" \/>\n<link rel=\"canonical\" href=\"https:\/\/www.reconoce.mx\/?p=66041\" \/>\n<meta property=\"og:locale\" content=\"es_ES\" \/>\n<meta property=\"og:type\" content=\"article\" \/>\n<meta property=\"og:title\" content=\"#5RolasParaLaSemana del 25 al 29 de septiembre &#171; Reconoce MX\" \/>\n<meta property=\"og:description\" content=\"Semana at\u00edpica despu\u00e9s del terremoto del pasado martes 19 de septiembre. Mucho dolor, pero tambi\u00e9n, cierta alegr\u00eda.\" \/>\n<meta property=\"og:url\" content=\"https:\/\/www.reconoce.mx\/?p=66041\" \/>\n<meta property=\"og:site_name\" content=\"Reconoce MX\" \/>\n<meta property=\"article:publisher\" content=\"https:\/\/es-la.facebook.com\/ReconoceMX\/\" \/>\n<meta property=\"article:published_time\" content=\"2017-09-25T05:05:08+00:00\" \/>\n<meta property=\"article:modified_time\" content=\"2017-09-25T05:25:25+00:00\" \/>\n<meta property=\"og:image\" content=\"https:\/\/www.reconoce.mx\/wp-content\/uploads\/2016\/09\/5RolasParaLaSemana-cover.png\" \/>\n\t<meta property=\"og:image:width\" content=\"590\" \/>\n\t<meta property=\"og:image:height\" content=\"380\" \/>\n\t<meta property=\"og:image:type\" content=\"image\/png\" \/>\n<meta name=\"author\" content=\"Reconoce MX\" \/>\n<meta name=\"twitter:card\" content=\"summary_large_image\" \/>\n<meta name=\"twitter:creator\" content=\"@reconocemx\" \/>\n<meta name=\"twitter:site\" content=\"@reconocemx\" \/>\n<meta name=\"twitter:label1\" content=\"Escrito por\" \/>\n\t<meta name=\"twitter:data1\" content=\"Reconoce MX\" \/>\n\t<meta name=\"twitter:label2\" content=\"Tiempo de lectura\" \/>\n\t<meta name=\"twitter:data2\" content=\"6 minutos\" \/>\n<script type=\"application\/ld+json\" class=\"yoast-schema-graph\">{\"@context\":\"https:\/\/schema.org\",\"@graph\":[{\"@type\":\"Article\",\"@id\":\"https:\/\/www.reconoce.mx\/?p=66041#article\",\"isPartOf\":{\"@id\":\"https:\/\/www.reconoce.mx\/?p=66041\"},\"author\":{\"name\":\"Reconoce MX\",\"@id\":\"http:\/\/www.reconoce.mx\/#\/schema\/person\/2117e997d7051dc15d6880eaf9bca0b2\"},\"headline\":\"#5RolasParaLaSemana del 25 al 29 de septiembre\",\"datePublished\":\"2017-09-25T05:05:08+00:00\",\"dateModified\":\"2017-09-25T05:25:25+00:00\",\"mainEntityOfPage\":{\"@id\":\"https:\/\/www.reconoce.mx\/?p=66041\"},\"wordCount\":1199,\"commentCount\":0,\"publisher\":{\"@id\":\"http:\/\/www.reconoce.mx\/#organization\"},\"image\":{\"@id\":\"https:\/\/www.reconoce.mx\/?p=66041#primaryimage\"},\"thumbnailUrl\":\"http:\/\/www.reconoce.mx\/wp-content\/uploads\/2016\/09\/5RolasParaLaSemana-cover.png\",\"articleSection\":[\"#5RolasParaLaSemana\",\"Cultura\",\"M\u00fasica\",\"Principal\"],\"inLanguage\":\"es\",\"potentialAction\":[{\"@type\":\"CommentAction\",\"name\":\"Comment\",\"target\":[\"https:\/\/www.reconoce.mx\/?p=66041#respond\"]}]},{\"@type\":\"WebPage\",\"@id\":\"https:\/\/www.reconoce.mx\/?p=66041\",\"url\":\"https:\/\/www.reconoce.mx\/?p=66041\",\"name\":\"#5RolasParaLaSemana del 25 al 29 de septiembre &#171; Reconoce MX\",\"isPartOf\":{\"@id\":\"http:\/\/www.reconoce.mx\/#website\"},\"primaryImageOfPage\":{\"@id\":\"https:\/\/www.reconoce.mx\/?p=66041#primaryimage\"},\"image\":{\"@id\":\"https:\/\/www.reconoce.mx\/?p=66041#primaryimage\"},\"thumbnailUrl\":\"http:\/\/www.reconoce.mx\/wp-content\/uploads\/2016\/09\/5RolasParaLaSemana-cover.png\",\"datePublished\":\"2017-09-25T05:05:08+00:00\",\"dateModified\":\"2017-09-25T05:25:25+00:00\",\"breadcrumb\":{\"@id\":\"https:\/\/www.reconoce.mx\/?p=66041#breadcrumb\"},\"inLanguage\":\"es\",\"potentialAction\":[{\"@type\":\"ReadAction\",\"target\":[\"https:\/\/www.reconoce.mx\/?p=66041\"]}]},{\"@type\":\"ImageObject\",\"inLanguage\":\"es\",\"@id\":\"https:\/\/www.reconoce.mx\/?p=66041#primaryimage\",\"url\":\"http:\/\/www.reconoce.mx\/wp-content\/uploads\/2016\/09\/5RolasParaLaSemana-cover.png\",\"contentUrl\":\"http:\/\/www.reconoce.mx\/wp-content\/uploads\/2016\/09\/5RolasParaLaSemana-cover.png\",\"width\":590,\"height\":380},{\"@type\":\"BreadcrumbList\",\"@id\":\"https:\/\/www.reconoce.mx\/?p=66041#breadcrumb\",\"itemListElement\":[{\"@type\":\"ListItem\",\"position\":1,\"name\":\"Portada\",\"item\":\"http:\/\/www.reconoce.mx\/\"},{\"@type\":\"ListItem\",\"position\":2,\"name\":\"#5RolasParaLaSemana del 25 al 29 de septiembre\"}]},{\"@type\":\"WebSite\",\"@id\":\"http:\/\/www.reconoce.mx\/#website\",\"url\":\"http:\/\/www.reconoce.mx\/\",\"name\":\"Reconoce MX\",\"description\":\"En Reconoce MX difundimos arte, cultura y conciencia social en M\u00e9xico. Tu ciudad en otra perspectiva.\",\"publisher\":{\"@id\":\"http:\/\/www.reconoce.mx\/#organization\"},\"potentialAction\":[{\"@type\":\"SearchAction\",\"target\":{\"@type\":\"EntryPoint\",\"urlTemplate\":\"http:\/\/www.reconoce.mx\/?s={search_term_string}\"},\"query-input\":{\"@type\":\"PropertyValueSpecification\",\"valueRequired\":true,\"valueName\":\"search_term_string\"}}],\"inLanguage\":\"es\"},{\"@type\":\"Organization\",\"@id\":\"http:\/\/www.reconoce.mx\/#organization\",\"name\":\"Reconoce MX\",\"url\":\"http:\/\/www.reconoce.mx\/\",\"logo\":{\"@type\":\"ImageObject\",\"inLanguage\":\"es\",\"@id\":\"http:\/\/www.reconoce.mx\/#\/schema\/logo\/image\/\",\"url\":\"https:\/\/www.reconoce.mx\/wp-content\/uploads\/2019\/03\/logorcmx-good-1.png\",\"contentUrl\":\"https:\/\/www.reconoce.mx\/wp-content\/uploads\/2019\/03\/logorcmx-good-1.png\",\"width\":280,\"height\":90,\"caption\":\"Reconoce MX\"},\"image\":{\"@id\":\"http:\/\/www.reconoce.mx\/#\/schema\/logo\/image\/\"},\"sameAs\":[\"https:\/\/es-la.facebook.com\/ReconoceMX\/\",\"https:\/\/x.com\/reconocemx\",\"http:\/\/@reconocemx\"]},{\"@type\":\"Person\",\"@id\":\"http:\/\/www.reconoce.mx\/#\/schema\/person\/2117e997d7051dc15d6880eaf9bca0b2\",\"name\":\"Reconoce MX\",\"image\":{\"@type\":\"ImageObject\",\"inLanguage\":\"es\",\"@id\":\"http:\/\/www.reconoce.mx\/#\/schema\/person\/image\/\",\"url\":\"https:\/\/secure.gravatar.com\/avatar\/6c8d4dc7569ca1c90c5fdcc349f839d5ddef6fe1e70b4337ead2ef1a4c43fc3a?s=96&d=identicon&r=g\",\"contentUrl\":\"https:\/\/secure.gravatar.com\/avatar\/6c8d4dc7569ca1c90c5fdcc349f839d5ddef6fe1e70b4337ead2ef1a4c43fc3a?s=96&d=identicon&r=g\",\"caption\":\"Reconoce MX\"},\"description\":\"Reconoce MX es un proyecto de difusi\u00f3n art\u00edstica, cultural y de conciencia social que est\u00e1 enfocado a difundir y fomentar el entretenimiento alternativo de calidad para todo el p\u00fablico que comparta el mismo entusiasmo.\",\"sameAs\":[\"http:\/\/www.reconoce.mx\"],\"url\":\"http:\/\/www.reconoce.mx\/?author=2\"}]}<\/script>\n<!-- \/ Yoast SEO plugin. -->","yoast_head_json":{"title":"#5RolasParaLaSemana del 25 al 29 de septiembre &#171; Reconoce MX","robots":{"index":"index","follow":"follow","max-snippet":"max-snippet:-1","max-image-preview":"max-image-preview:large","max-video-preview":"max-video-preview:-1"},"canonical":"https:\/\/www.reconoce.mx\/?p=66041","og_locale":"es_ES","og_type":"article","og_title":"#5RolasParaLaSemana del 25 al 29 de septiembre &#171; Reconoce MX","og_description":"Semana at\u00edpica despu\u00e9s del terremoto del pasado martes 19 de septiembre. Mucho dolor, pero tambi\u00e9n, cierta alegr\u00eda.","og_url":"https:\/\/www.reconoce.mx\/?p=66041","og_site_name":"Reconoce MX","article_publisher":"https:\/\/es-la.facebook.com\/ReconoceMX\/","article_published_time":"2017-09-25T05:05:08+00:00","article_modified_time":"2017-09-25T05:25:25+00:00","og_image":[{"width":590,"height":380,"url":"https:\/\/www.reconoce.mx\/wp-content\/uploads\/2016\/09\/5RolasParaLaSemana-cover.png","type":"image\/png"}],"author":"Reconoce MX","twitter_card":"summary_large_image","twitter_creator":"@reconocemx","twitter_site":"@reconocemx","twitter_misc":{"Escrito por":"Reconoce MX","Tiempo de lectura":"6 minutos"},"schema":{"@context":"https:\/\/schema.org","@graph":[{"@type":"Article","@id":"https:\/\/www.reconoce.mx\/?p=66041#article","isPartOf":{"@id":"https:\/\/www.reconoce.mx\/?p=66041"},"author":{"name":"Reconoce MX","@id":"http:\/\/www.reconoce.mx\/#\/schema\/person\/2117e997d7051dc15d6880eaf9bca0b2"},"headline":"#5RolasParaLaSemana del 25 al 29 de septiembre","datePublished":"2017-09-25T05:05:08+00:00","dateModified":"2017-09-25T05:25:25+00:00","mainEntityOfPage":{"@id":"https:\/\/www.reconoce.mx\/?p=66041"},"wordCount":1199,"commentCount":0,"publisher":{"@id":"http:\/\/www.reconoce.mx\/#organization"},"image":{"@id":"https:\/\/www.reconoce.mx\/?p=66041#primaryimage"},"thumbnailUrl":"http:\/\/www.reconoce.mx\/wp-content\/uploads\/2016\/09\/5RolasParaLaSemana-cover.png","articleSection":["#5RolasParaLaSemana","Cultura","M\u00fasica","Principal"],"inLanguage":"es","potentialAction":[{"@type":"CommentAction","name":"Comment","target":["https:\/\/www.reconoce.mx\/?p=66041#respond"]}]},{"@type":"WebPage","@id":"https:\/\/www.reconoce.mx\/?p=66041","url":"https:\/\/www.reconoce.mx\/?p=66041","name":"#5RolasParaLaSemana del 25 al 29 de septiembre &#171; Reconoce MX","isPartOf":{"@id":"http:\/\/www.reconoce.mx\/#website"},"primaryImageOfPage":{"@id":"https:\/\/www.reconoce.mx\/?p=66041#primaryimage"},"image":{"@id":"https:\/\/www.reconoce.mx\/?p=66041#primaryimage"},"thumbnailUrl":"http:\/\/www.reconoce.mx\/wp-content\/uploads\/2016\/09\/5RolasParaLaSemana-cover.png","datePublished":"2017-09-25T05:05:08+00:00","dateModified":"2017-09-25T05:25:25+00:00","breadcrumb":{"@id":"https:\/\/www.reconoce.mx\/?p=66041#breadcrumb"},"inLanguage":"es","potentialAction":[{"@type":"ReadAction","target":["https:\/\/www.reconoce.mx\/?p=66041"]}]},{"@type":"ImageObject","inLanguage":"es","@id":"https:\/\/www.reconoce.mx\/?p=66041#primaryimage","url":"http:\/\/www.reconoce.mx\/wp-content\/uploads\/2016\/09\/5RolasParaLaSemana-cover.png","contentUrl":"http:\/\/www.reconoce.mx\/wp-content\/uploads\/2016\/09\/5RolasParaLaSemana-cover.png","width":590,"height":380},{"@type":"BreadcrumbList","@id":"https:\/\/www.reconoce.mx\/?p=66041#breadcrumb","itemListElement":[{"@type":"ListItem","position":1,"name":"Portada","item":"http:\/\/www.reconoce.mx\/"},{"@type":"ListItem","position":2,"name":"#5RolasParaLaSemana del 25 al 29 de septiembre"}]},{"@type":"WebSite","@id":"http:\/\/www.reconoce.mx\/#website","url":"http:\/\/www.reconoce.mx\/","name":"Reconoce MX","description":"En Reconoce MX difundimos arte, cultura y conciencia social en M\u00e9xico. Tu ciudad en otra perspectiva.","publisher":{"@id":"http:\/\/www.reconoce.mx\/#organization"},"potentialAction":[{"@type":"SearchAction","target":{"@type":"EntryPoint","urlTemplate":"http:\/\/www.reconoce.mx\/?s={search_term_string}"},"query-input":{"@type":"PropertyValueSpecification","valueRequired":true,"valueName":"search_term_string"}}],"inLanguage":"es"},{"@type":"Organization","@id":"http:\/\/www.reconoce.mx\/#organization","name":"Reconoce MX","url":"http:\/\/www.reconoce.mx\/","logo":{"@type":"ImageObject","inLanguage":"es","@id":"http:\/\/www.reconoce.mx\/#\/schema\/logo\/image\/","url":"https:\/\/www.reconoce.mx\/wp-content\/uploads\/2019\/03\/logorcmx-good-1.png","contentUrl":"https:\/\/www.reconoce.mx\/wp-content\/uploads\/2019\/03\/logorcmx-good-1.png","width":280,"height":90,"caption":"Reconoce MX"},"image":{"@id":"http:\/\/www.reconoce.mx\/#\/schema\/logo\/image\/"},"sameAs":["https:\/\/es-la.facebook.com\/ReconoceMX\/","https:\/\/x.com\/reconocemx","http:\/\/@reconocemx"]},{"@type":"Person","@id":"http:\/\/www.reconoce.mx\/#\/schema\/person\/2117e997d7051dc15d6880eaf9bca0b2","name":"Reconoce MX","image":{"@type":"ImageObject","inLanguage":"es","@id":"http:\/\/www.reconoce.mx\/#\/schema\/person\/image\/","url":"https:\/\/secure.gravatar.com\/avatar\/6c8d4dc7569ca1c90c5fdcc349f839d5ddef6fe1e70b4337ead2ef1a4c43fc3a?s=96&d=identicon&r=g","contentUrl":"https:\/\/secure.gravatar.com\/avatar\/6c8d4dc7569ca1c90c5fdcc349f839d5ddef6fe1e70b4337ead2ef1a4c43fc3a?s=96&d=identicon&r=g","caption":"Reconoce MX"},"description":"Reconoce MX es un proyecto de difusi\u00f3n art\u00edstica, cultural y de conciencia social que est\u00e1 enfocado a difundir y fomentar el entretenimiento alternativo de calidad para todo el p\u00fablico que comparta el mismo entusiasmo.","sameAs":["http:\/\/www.reconoce.mx"],"url":"http:\/\/www.reconoce.mx\/?author=2"}]}},"_links":{"self":[{"href":"http:\/\/www.reconoce.mx\/index.php?rest_route=\/wp\/v2\/posts\/66041","targetHints":{"allow":["GET"]}}],"collection":[{"href":"http:\/\/www.reconoce.mx\/index.php?rest_route=\/wp\/v2\/posts"}],"about":[{"href":"http:\/\/www.reconoce.mx\/index.php?rest_route=\/wp\/v2\/types\/post"}],"author":[{"embeddable":true,"href":"http:\/\/www.reconoce.mx\/index.php?rest_route=\/wp\/v2\/users\/2"}],"replies":[{"embeddable":true,"href":"http:\/\/www.reconoce.mx\/index.php?rest_route=%2Fwp%2Fv2%2Fcomments&post=66041"}],"version-history":[{"count":4,"href":"http:\/\/www.reconoce.mx\/index.php?rest_route=\/wp\/v2\/posts\/66041\/revisions"}],"predecessor-version":[{"id":66050,"href":"http:\/\/www.reconoce.mx\/index.php?rest_route=\/wp\/v2\/posts\/66041\/revisions\/66050"}],"wp:featuredmedia":[{"embeddable":true,"href":"http:\/\/www.reconoce.mx\/index.php?rest_route=\/wp\/v2\/media\/52739"}],"wp:attachment":[{"href":"http:\/\/www.reconoce.mx\/index.php?rest_route=%2Fwp%2Fv2%2Fmedia&parent=66041"}],"wp:term":[{"taxonomy":"category","embeddable":true,"href":"http:\/\/www.reconoce.mx\/index.php?rest_route=%2Fwp%2Fv2%2Fcategories&post=66041"},{"taxonomy":"post_tag","embeddable":true,"href":"http:\/\/www.reconoce.mx\/index.php?rest_route=%2Fwp%2Fv2%2Ftags&post=66041"}],"curies":[{"name":"wp","href":"https:\/\/api.w.org\/{rel}","templated":true}]}}