{"id":66061,"date":"2017-09-29T00:06:35","date_gmt":"2017-09-29T05:06:35","guid":{"rendered":"http:\/\/www.reconoce.mx\/?p=66061"},"modified":"2017-09-29T08:50:12","modified_gmt":"2017-09-29T13:50:12","slug":"foro-cultural-hilvana-celebrara-en-grande-sus-10-anotes","status":"publish","type":"post","link":"http:\/\/www.reconoce.mx\/?p=66061","title":{"rendered":"Foro Cultural Hilvana celebrar\u00e1 en grande sus 10 a\u00f1otes"},"content":{"rendered":"<p><strong>Por\u00a0<a href=\"https:\/\/twitter.com\/alice_freckles\" target=\"_blank\" rel=\"noopener noreferrer\">Alicia \u00c1vila Monroy<\/a><\/strong>.<\/p>\n<p>El <strong>Foro Cultural Hilvana<\/strong> celebrar\u00e1 su 10\u00b0 Aniversario en sus instalaciones el s\u00e1bado 7 de octubre con diversas actividades y en <strong>El Plaza Condesa<\/strong> el domingo 15 de octubre con un magno concierto.<\/p>\n<p><a href=\"http:\/\/www.reconoce.mx\/wp-content\/uploads\/2017\/09\/Cartel-Goran-baja.jpg\"><img loading=\"lazy\" decoding=\"async\" class=\"aligncenter size-full wp-image-66062\" src=\"http:\/\/www.reconoce.mx\/wp-content\/uploads\/2017\/09\/Cartel-Goran-baja.jpg\" alt=\"\" width=\"2670\" height=\"4000\" srcset=\"http:\/\/www.reconoce.mx\/wp-content\/uploads\/2017\/09\/Cartel-Goran-baja.jpg 2670w, http:\/\/www.reconoce.mx\/wp-content\/uploads\/2017\/09\/Cartel-Goran-baja-200x300.jpg 200w, http:\/\/www.reconoce.mx\/wp-content\/uploads\/2017\/09\/Cartel-Goran-baja-768x1151.jpg 768w, http:\/\/www.reconoce.mx\/wp-content\/uploads\/2017\/09\/Cartel-Goran-baja-684x1024.jpg 684w, http:\/\/www.reconoce.mx\/wp-content\/uploads\/2017\/09\/Cartel-Goran-baja-150x225.jpg 150w, http:\/\/www.reconoce.mx\/wp-content\/uploads\/2017\/09\/Cartel-Goran-baja-700x1049.jpg 700w, http:\/\/www.reconoce.mx\/wp-content\/uploads\/2017\/09\/Cartel-Goran-baja-658x986.jpg 658w, http:\/\/www.reconoce.mx\/wp-content\/uploads\/2017\/09\/Cartel-Goran-baja-300x449.jpg 300w\" sizes=\"auto, (max-width: 2670px) 100vw, 2670px\" \/><\/a><\/p>\n<p>Todo empezar\u00e1 el 7 de octubre de 2017 en el <strong>Foro Cultural Hilvana<\/strong> (Puente de Alvarado, no. 17, col. Buenavista) con la inauguraci\u00f3n de la exposici\u00f3n \u00ab10.0\u00bb de un colectivo conformado por 24 artistas nacionales y extranjeros. En esta muestra se contar\u00e1 con la participaci\u00f3n de algunos de los artistas pl\u00e1sticos y visuales que han sido parte del foro a lo largo de estos diez a\u00f1os, entre ellos <strong>Mardonio Carballo<\/strong>, reconocido actor y escritor en los idiomas n\u00e1huatl y castilla; m\u00e1s tarde se podr\u00e1 disfritar de poes\u00eda con el SLAM po\u00e9tico, arte sonoro, y como invitado especial la participaci\u00f3n de <strong>Lukas Avenda\u00f1o<\/strong> artista esc\u00e9nico que aborda la confluencia de g\u00e9nero y etnicidad en obras po\u00e9ticas, danza y <em>performance<\/em>. Por la noche se cerrar\u00e1n actividades del d\u00eda como debe ser, bailando, y en esta ocasi\u00f3n ser\u00e1 al ritmo de <strong>C\u00e9sar y sus Esclavos<\/strong>, \u00a1cumbia y ballenato colombiano!<\/p>\n<p>El acceso para este evento ser\u00e1 sin costo y de cupo limitado. \u00a1Atentos!<\/p>\n<p>Adem\u00e1s, y como colof\u00f3n para el festejo, la presencia de <strong>Goran Bregovic<\/strong>. El artista serbio regresa a M\u00e9xico con su m\u00e1s reciente lanzamiento \u00abThree letter from Saragevo\u00bb, junto a su banda de <strong>Bodas y Funerales<\/strong>. El compositor contempor\u00e1neo es conocido por ser el creador de la m\u00fasica de \u00abUnderground\u00bb (\u00ab\u00c9rase una vez un pa\u00eds\u00bb), pel\u00edcula c\u00f3mica-dram\u00e1tica de 1995 que retrata la historia de Yugoslava desde la Segunda Guerra Mundial. \u00bfPor qu\u00e9 te recomendamos asistir a uno de sus shows? Aunque el artista se considera como contempor\u00e1neo, su m\u00fasica no es lo que conoces dentro de ese g\u00e9nero; al ser de los Balcanes, descubrir\u00e1s por qu\u00e9 es diferente y especial su m\u00fasica de <strong>Bodas y Funerales<\/strong> a trav\u00e9s de su banda de metales gitana, voces polif\u00f3nicas b\u00falgaras al lado de una guitarra el\u00e9ctrica, percusiones, cuerdas y voces masculinas de la iglesia ortodoxa entre otras peculiaridades.<\/p>\n<p>La cita es el domingo 15 de octubre en <strong>El Plaza Condesa<\/strong>. Las entradas est\u00e1n a la venta a trav\u00e9s del <a href=\"http:\/\/www.ticketmaster.com.mx\/Goran-Bregovic-boletos\/artist\/773413\" target=\"_blank\" rel=\"noopener\">Sistema Ticketmaster<\/a> (pista general $650; palco $850; balc\u00f3n $1,000).<\/p>\n<p>&nbsp;<\/p>\n<p>&nbsp;<\/p>\n","protected":false},"excerpt":{"rendered":"<p>El Foro Cultural Hilvana celebrar\u00e1 su 10\u00b0 Aniversario en sus instalaciones el s\u00e1bado 7 de octubre con diversas actividades y en El Plaza Condesa el domingo 15 de octubre con un magno concierto.<\/p>\n","protected":false},"author":2,"featured_media":66063,"comment_status":"open","ping_status":"open","sticky":false,"template":"","format":"standard","meta":{"footnotes":""},"categories":[1,18,17],"tags":[],"class_list":["post-66061","post","type-post","status-publish","format-standard","has-post-thumbnail","hentry","category-cultura","category-musica","category-principal"],"yoast_head":"<!-- This site is optimized with the Yoast SEO plugin v24.7 - https:\/\/yoast.com\/wordpress\/plugins\/seo\/ -->\n<title>Foro Cultural Hilvana celebrar\u00e1 en grande sus 10 a\u00f1otes &#171; Reconoce MX<\/title>\n<meta name=\"robots\" content=\"index, follow, max-snippet:-1, max-image-preview:large, max-video-preview:-1\" \/>\n<link rel=\"canonical\" href=\"https:\/\/www.reconoce.mx\/?p=66061\" \/>\n<meta property=\"og:locale\" content=\"es_ES\" \/>\n<meta property=\"og:type\" content=\"article\" \/>\n<meta property=\"og:title\" content=\"Foro Cultural Hilvana celebrar\u00e1 en grande sus 10 a\u00f1otes &#171; Reconoce MX\" \/>\n<meta property=\"og:description\" content=\"El Foro Cultural Hilvana celebrar\u00e1 su 10\u00b0 Aniversario en sus instalaciones el s\u00e1bado 7 de octubre con diversas actividades y en El Plaza Condesa el domingo 15 de octubre con un magno concierto.\" \/>\n<meta property=\"og:url\" content=\"https:\/\/www.reconoce.mx\/?p=66061\" \/>\n<meta property=\"og:site_name\" content=\"Reconoce MX\" \/>\n<meta property=\"article:publisher\" content=\"https:\/\/es-la.facebook.com\/ReconoceMX\/\" \/>\n<meta property=\"article:published_time\" content=\"2017-09-29T05:06:35+00:00\" \/>\n<meta property=\"article:modified_time\" content=\"2017-09-29T13:50:12+00:00\" \/>\n<meta property=\"og:image\" content=\"https:\/\/www.reconoce.mx\/wp-content\/uploads\/2017\/09\/foro-hilvana.png\" \/>\n\t<meta property=\"og:image:width\" content=\"590\" \/>\n\t<meta property=\"og:image:height\" content=\"380\" \/>\n\t<meta property=\"og:image:type\" content=\"image\/png\" \/>\n<meta name=\"author\" content=\"Reconoce MX\" \/>\n<meta name=\"twitter:card\" content=\"summary_large_image\" \/>\n<meta name=\"twitter:creator\" content=\"@reconocemx\" \/>\n<meta name=\"twitter:site\" content=\"@reconocemx\" \/>\n<meta name=\"twitter:label1\" content=\"Escrito por\" \/>\n\t<meta name=\"twitter:data1\" content=\"Reconoce MX\" \/>\n\t<meta name=\"twitter:label2\" content=\"Tiempo de lectura\" \/>\n\t<meta name=\"twitter:data2\" content=\"2 minutos\" \/>\n<script type=\"application\/ld+json\" class=\"yoast-schema-graph\">{\"@context\":\"https:\/\/schema.org\",\"@graph\":[{\"@type\":\"Article\",\"@id\":\"https:\/\/www.reconoce.mx\/?p=66061#article\",\"isPartOf\":{\"@id\":\"https:\/\/www.reconoce.mx\/?p=66061\"},\"author\":{\"name\":\"Reconoce MX\",\"@id\":\"http:\/\/www.reconoce.mx\/#\/schema\/person\/2117e997d7051dc15d6880eaf9bca0b2\"},\"headline\":\"Foro Cultural Hilvana celebrar\u00e1 en grande sus 10 a\u00f1otes\",\"datePublished\":\"2017-09-29T05:06:35+00:00\",\"dateModified\":\"2017-09-29T13:50:12+00:00\",\"mainEntityOfPage\":{\"@id\":\"https:\/\/www.reconoce.mx\/?p=66061\"},\"wordCount\":409,\"commentCount\":0,\"publisher\":{\"@id\":\"http:\/\/www.reconoce.mx\/#organization\"},\"image\":{\"@id\":\"https:\/\/www.reconoce.mx\/?p=66061#primaryimage\"},\"thumbnailUrl\":\"http:\/\/www.reconoce.mx\/wp-content\/uploads\/2017\/09\/foro-hilvana.png\",\"articleSection\":[\"Cultura\",\"M\u00fasica\",\"Principal\"],\"inLanguage\":\"es\",\"potentialAction\":[{\"@type\":\"CommentAction\",\"name\":\"Comment\",\"target\":[\"https:\/\/www.reconoce.mx\/?p=66061#respond\"]}]},{\"@type\":\"WebPage\",\"@id\":\"https:\/\/www.reconoce.mx\/?p=66061\",\"url\":\"https:\/\/www.reconoce.mx\/?p=66061\",\"name\":\"Foro Cultural Hilvana celebrar\u00e1 en grande sus 10 a\u00f1otes &#171; Reconoce MX\",\"isPartOf\":{\"@id\":\"http:\/\/www.reconoce.mx\/#website\"},\"primaryImageOfPage\":{\"@id\":\"https:\/\/www.reconoce.mx\/?p=66061#primaryimage\"},\"image\":{\"@id\":\"https:\/\/www.reconoce.mx\/?p=66061#primaryimage\"},\"thumbnailUrl\":\"http:\/\/www.reconoce.mx\/wp-content\/uploads\/2017\/09\/foro-hilvana.png\",\"datePublished\":\"2017-09-29T05:06:35+00:00\",\"dateModified\":\"2017-09-29T13:50:12+00:00\",\"breadcrumb\":{\"@id\":\"https:\/\/www.reconoce.mx\/?p=66061#breadcrumb\"},\"inLanguage\":\"es\",\"potentialAction\":[{\"@type\":\"ReadAction\",\"target\":[\"https:\/\/www.reconoce.mx\/?p=66061\"]}]},{\"@type\":\"ImageObject\",\"inLanguage\":\"es\",\"@id\":\"https:\/\/www.reconoce.mx\/?p=66061#primaryimage\",\"url\":\"http:\/\/www.reconoce.mx\/wp-content\/uploads\/2017\/09\/foro-hilvana.png\",\"contentUrl\":\"http:\/\/www.reconoce.mx\/wp-content\/uploads\/2017\/09\/foro-hilvana.png\",\"width\":590,\"height\":380},{\"@type\":\"BreadcrumbList\",\"@id\":\"https:\/\/www.reconoce.mx\/?p=66061#breadcrumb\",\"itemListElement\":[{\"@type\":\"ListItem\",\"position\":1,\"name\":\"Portada\",\"item\":\"http:\/\/www.reconoce.mx\/\"},{\"@type\":\"ListItem\",\"position\":2,\"name\":\"Foro Cultural Hilvana celebrar\u00e1 en grande sus 10 a\u00f1otes\"}]},{\"@type\":\"WebSite\",\"@id\":\"http:\/\/www.reconoce.mx\/#website\",\"url\":\"http:\/\/www.reconoce.mx\/\",\"name\":\"Reconoce MX\",\"description\":\"En Reconoce MX difundimos arte, cultura y conciencia social en M\u00e9xico. Tu ciudad en otra perspectiva.\",\"publisher\":{\"@id\":\"http:\/\/www.reconoce.mx\/#organization\"},\"potentialAction\":[{\"@type\":\"SearchAction\",\"target\":{\"@type\":\"EntryPoint\",\"urlTemplate\":\"http:\/\/www.reconoce.mx\/?s={search_term_string}\"},\"query-input\":{\"@type\":\"PropertyValueSpecification\",\"valueRequired\":true,\"valueName\":\"search_term_string\"}}],\"inLanguage\":\"es\"},{\"@type\":\"Organization\",\"@id\":\"http:\/\/www.reconoce.mx\/#organization\",\"name\":\"Reconoce MX\",\"url\":\"http:\/\/www.reconoce.mx\/\",\"logo\":{\"@type\":\"ImageObject\",\"inLanguage\":\"es\",\"@id\":\"http:\/\/www.reconoce.mx\/#\/schema\/logo\/image\/\",\"url\":\"https:\/\/www.reconoce.mx\/wp-content\/uploads\/2019\/03\/logorcmx-good-1.png\",\"contentUrl\":\"https:\/\/www.reconoce.mx\/wp-content\/uploads\/2019\/03\/logorcmx-good-1.png\",\"width\":280,\"height\":90,\"caption\":\"Reconoce MX\"},\"image\":{\"@id\":\"http:\/\/www.reconoce.mx\/#\/schema\/logo\/image\/\"},\"sameAs\":[\"https:\/\/es-la.facebook.com\/ReconoceMX\/\",\"https:\/\/x.com\/reconocemx\",\"http:\/\/@reconocemx\"]},{\"@type\":\"Person\",\"@id\":\"http:\/\/www.reconoce.mx\/#\/schema\/person\/2117e997d7051dc15d6880eaf9bca0b2\",\"name\":\"Reconoce MX\",\"image\":{\"@type\":\"ImageObject\",\"inLanguage\":\"es\",\"@id\":\"http:\/\/www.reconoce.mx\/#\/schema\/person\/image\/\",\"url\":\"https:\/\/secure.gravatar.com\/avatar\/6c8d4dc7569ca1c90c5fdcc349f839d5ddef6fe1e70b4337ead2ef1a4c43fc3a?s=96&d=identicon&r=g\",\"contentUrl\":\"https:\/\/secure.gravatar.com\/avatar\/6c8d4dc7569ca1c90c5fdcc349f839d5ddef6fe1e70b4337ead2ef1a4c43fc3a?s=96&d=identicon&r=g\",\"caption\":\"Reconoce MX\"},\"description\":\"Reconoce MX es un proyecto de difusi\u00f3n art\u00edstica, cultural y de conciencia social que est\u00e1 enfocado a difundir y fomentar el entretenimiento alternativo de calidad para todo el p\u00fablico que comparta el mismo entusiasmo.\",\"sameAs\":[\"http:\/\/www.reconoce.mx\"],\"url\":\"http:\/\/www.reconoce.mx\/?author=2\"}]}<\/script>\n<!-- \/ Yoast SEO plugin. -->","yoast_head_json":{"title":"Foro Cultural Hilvana celebrar\u00e1 en grande sus 10 a\u00f1otes &#171; Reconoce MX","robots":{"index":"index","follow":"follow","max-snippet":"max-snippet:-1","max-image-preview":"max-image-preview:large","max-video-preview":"max-video-preview:-1"},"canonical":"https:\/\/www.reconoce.mx\/?p=66061","og_locale":"es_ES","og_type":"article","og_title":"Foro Cultural Hilvana celebrar\u00e1 en grande sus 10 a\u00f1otes &#171; Reconoce MX","og_description":"El Foro Cultural Hilvana celebrar\u00e1 su 10\u00b0 Aniversario en sus instalaciones el s\u00e1bado 7 de octubre con diversas actividades y en El Plaza Condesa el domingo 15 de octubre con un magno concierto.","og_url":"https:\/\/www.reconoce.mx\/?p=66061","og_site_name":"Reconoce MX","article_publisher":"https:\/\/es-la.facebook.com\/ReconoceMX\/","article_published_time":"2017-09-29T05:06:35+00:00","article_modified_time":"2017-09-29T13:50:12+00:00","og_image":[{"width":590,"height":380,"url":"https:\/\/www.reconoce.mx\/wp-content\/uploads\/2017\/09\/foro-hilvana.png","type":"image\/png"}],"author":"Reconoce MX","twitter_card":"summary_large_image","twitter_creator":"@reconocemx","twitter_site":"@reconocemx","twitter_misc":{"Escrito por":"Reconoce MX","Tiempo de lectura":"2 minutos"},"schema":{"@context":"https:\/\/schema.org","@graph":[{"@type":"Article","@id":"https:\/\/www.reconoce.mx\/?p=66061#article","isPartOf":{"@id":"https:\/\/www.reconoce.mx\/?p=66061"},"author":{"name":"Reconoce MX","@id":"http:\/\/www.reconoce.mx\/#\/schema\/person\/2117e997d7051dc15d6880eaf9bca0b2"},"headline":"Foro Cultural Hilvana celebrar\u00e1 en grande sus 10 a\u00f1otes","datePublished":"2017-09-29T05:06:35+00:00","dateModified":"2017-09-29T13:50:12+00:00","mainEntityOfPage":{"@id":"https:\/\/www.reconoce.mx\/?p=66061"},"wordCount":409,"commentCount":0,"publisher":{"@id":"http:\/\/www.reconoce.mx\/#organization"},"image":{"@id":"https:\/\/www.reconoce.mx\/?p=66061#primaryimage"},"thumbnailUrl":"http:\/\/www.reconoce.mx\/wp-content\/uploads\/2017\/09\/foro-hilvana.png","articleSection":["Cultura","M\u00fasica","Principal"],"inLanguage":"es","potentialAction":[{"@type":"CommentAction","name":"Comment","target":["https:\/\/www.reconoce.mx\/?p=66061#respond"]}]},{"@type":"WebPage","@id":"https:\/\/www.reconoce.mx\/?p=66061","url":"https:\/\/www.reconoce.mx\/?p=66061","name":"Foro Cultural Hilvana celebrar\u00e1 en grande sus 10 a\u00f1otes &#171; Reconoce MX","isPartOf":{"@id":"http:\/\/www.reconoce.mx\/#website"},"primaryImageOfPage":{"@id":"https:\/\/www.reconoce.mx\/?p=66061#primaryimage"},"image":{"@id":"https:\/\/www.reconoce.mx\/?p=66061#primaryimage"},"thumbnailUrl":"http:\/\/www.reconoce.mx\/wp-content\/uploads\/2017\/09\/foro-hilvana.png","datePublished":"2017-09-29T05:06:35+00:00","dateModified":"2017-09-29T13:50:12+00:00","breadcrumb":{"@id":"https:\/\/www.reconoce.mx\/?p=66061#breadcrumb"},"inLanguage":"es","potentialAction":[{"@type":"ReadAction","target":["https:\/\/www.reconoce.mx\/?p=66061"]}]},{"@type":"ImageObject","inLanguage":"es","@id":"https:\/\/www.reconoce.mx\/?p=66061#primaryimage","url":"http:\/\/www.reconoce.mx\/wp-content\/uploads\/2017\/09\/foro-hilvana.png","contentUrl":"http:\/\/www.reconoce.mx\/wp-content\/uploads\/2017\/09\/foro-hilvana.png","width":590,"height":380},{"@type":"BreadcrumbList","@id":"https:\/\/www.reconoce.mx\/?p=66061#breadcrumb","itemListElement":[{"@type":"ListItem","position":1,"name":"Portada","item":"http:\/\/www.reconoce.mx\/"},{"@type":"ListItem","position":2,"name":"Foro Cultural Hilvana celebrar\u00e1 en grande sus 10 a\u00f1otes"}]},{"@type":"WebSite","@id":"http:\/\/www.reconoce.mx\/#website","url":"http:\/\/www.reconoce.mx\/","name":"Reconoce MX","description":"En Reconoce MX difundimos arte, cultura y conciencia social en M\u00e9xico. Tu ciudad en otra perspectiva.","publisher":{"@id":"http:\/\/www.reconoce.mx\/#organization"},"potentialAction":[{"@type":"SearchAction","target":{"@type":"EntryPoint","urlTemplate":"http:\/\/www.reconoce.mx\/?s={search_term_string}"},"query-input":{"@type":"PropertyValueSpecification","valueRequired":true,"valueName":"search_term_string"}}],"inLanguage":"es"},{"@type":"Organization","@id":"http:\/\/www.reconoce.mx\/#organization","name":"Reconoce MX","url":"http:\/\/www.reconoce.mx\/","logo":{"@type":"ImageObject","inLanguage":"es","@id":"http:\/\/www.reconoce.mx\/#\/schema\/logo\/image\/","url":"https:\/\/www.reconoce.mx\/wp-content\/uploads\/2019\/03\/logorcmx-good-1.png","contentUrl":"https:\/\/www.reconoce.mx\/wp-content\/uploads\/2019\/03\/logorcmx-good-1.png","width":280,"height":90,"caption":"Reconoce MX"},"image":{"@id":"http:\/\/www.reconoce.mx\/#\/schema\/logo\/image\/"},"sameAs":["https:\/\/es-la.facebook.com\/ReconoceMX\/","https:\/\/x.com\/reconocemx","http:\/\/@reconocemx"]},{"@type":"Person","@id":"http:\/\/www.reconoce.mx\/#\/schema\/person\/2117e997d7051dc15d6880eaf9bca0b2","name":"Reconoce MX","image":{"@type":"ImageObject","inLanguage":"es","@id":"http:\/\/www.reconoce.mx\/#\/schema\/person\/image\/","url":"https:\/\/secure.gravatar.com\/avatar\/6c8d4dc7569ca1c90c5fdcc349f839d5ddef6fe1e70b4337ead2ef1a4c43fc3a?s=96&d=identicon&r=g","contentUrl":"https:\/\/secure.gravatar.com\/avatar\/6c8d4dc7569ca1c90c5fdcc349f839d5ddef6fe1e70b4337ead2ef1a4c43fc3a?s=96&d=identicon&r=g","caption":"Reconoce MX"},"description":"Reconoce MX es un proyecto de difusi\u00f3n art\u00edstica, cultural y de conciencia social que est\u00e1 enfocado a difundir y fomentar el entretenimiento alternativo de calidad para todo el p\u00fablico que comparta el mismo entusiasmo.","sameAs":["http:\/\/www.reconoce.mx"],"url":"http:\/\/www.reconoce.mx\/?author=2"}]}},"_links":{"self":[{"href":"http:\/\/www.reconoce.mx\/index.php?rest_route=\/wp\/v2\/posts\/66061","targetHints":{"allow":["GET"]}}],"collection":[{"href":"http:\/\/www.reconoce.mx\/index.php?rest_route=\/wp\/v2\/posts"}],"about":[{"href":"http:\/\/www.reconoce.mx\/index.php?rest_route=\/wp\/v2\/types\/post"}],"author":[{"embeddable":true,"href":"http:\/\/www.reconoce.mx\/index.php?rest_route=\/wp\/v2\/users\/2"}],"replies":[{"embeddable":true,"href":"http:\/\/www.reconoce.mx\/index.php?rest_route=%2Fwp%2Fv2%2Fcomments&post=66061"}],"version-history":[{"count":4,"href":"http:\/\/www.reconoce.mx\/index.php?rest_route=\/wp\/v2\/posts\/66061\/revisions"}],"predecessor-version":[{"id":66239,"href":"http:\/\/www.reconoce.mx\/index.php?rest_route=\/wp\/v2\/posts\/66061\/revisions\/66239"}],"wp:featuredmedia":[{"embeddable":true,"href":"http:\/\/www.reconoce.mx\/index.php?rest_route=\/wp\/v2\/media\/66063"}],"wp:attachment":[{"href":"http:\/\/www.reconoce.mx\/index.php?rest_route=%2Fwp%2Fv2%2Fmedia&parent=66061"}],"wp:term":[{"taxonomy":"category","embeddable":true,"href":"http:\/\/www.reconoce.mx\/index.php?rest_route=%2Fwp%2Fv2%2Fcategories&post=66061"},{"taxonomy":"post_tag","embeddable":true,"href":"http:\/\/www.reconoce.mx\/index.php?rest_route=%2Fwp%2Fv2%2Ftags&post=66061"}],"curies":[{"name":"wp","href":"https:\/\/api.w.org\/{rel}","templated":true}]}}