{"id":66067,"date":"2017-09-26T00:04:28","date_gmt":"2017-09-26T05:04:28","guid":{"rendered":"http:\/\/www.reconoce.mx\/?p=66067"},"modified":"2017-09-27T19:32:18","modified_gmt":"2017-09-28T00:32:18","slug":"mutekcdmx-2017-musica-arte-y-tecnologia-a-traves-de-la-creatividad","status":"publish","type":"post","link":"http:\/\/www.reconoce.mx\/?p=66067","title":{"rendered":"#MUTEKCDMX 2017: m\u00fasica, arte y tecnolog\u00eda a trav\u00e9s de la creatividad"},"content":{"rendered":"<p><strong>Por\u00a0<a href=\"https:\/\/twitter.com\/alice_freckles\" target=\"_blank\" rel=\"noopener noreferrer\">Alicia \u00c1vila Monroy<\/a><\/strong>.<\/p>\n<blockquote><p><span style=\"color: #a81f25;\"><strong>Nota #SismoCDMX<\/strong><\/span>: <strong>MUTEK M\u00e9xico<\/strong> informa que \u00ab<a href=\"http:\/\/mutek.mx\/es\/nuevasfechas\/\" target=\"_blank\" rel=\"noopener\">debido al terremoto que la semana pasada afect\u00f3 a la capital y varios estados de nuestro pa\u00eds, entramos en un proceso de reconfiguraci\u00f3n y redise\u00f1o del festival. Despu\u00e9s de considerar y valorar todas las opciones decidimos cambiar la fecha a la semana del 22 al 26 de noviembre del a\u00f1o en curso; garantizando la seguridad de los asistentes, los artistas y la de nuestro equipo para ofrecer la mejor experiencia posible.<\/a>\u00ab<\/p><\/blockquote>\n<p>&nbsp;<br \/>\n<strong>MUTEK M\u00e9xico<\/strong> celebra su 14 edici\u00f3n del 11 al 15 de octubre en Ciudad de M\u00e9xico. El festival de m\u00fasica electr\u00f3nica y creatividad digital, contar\u00e1 con m\u00e1s de veinte artistas internacionales en distintas sedes de la ciudad.<\/p>\n<p><a href=\"http:\/\/www.reconoce.mx\/wp-content\/uploads\/2017\/09\/01-MUTEKMX_ANUNCIO_NUEVOS-01-e1506306696608.jpg\"><img loading=\"lazy\" decoding=\"async\" class=\"aligncenter size-full wp-image-66068\" src=\"http:\/\/www.reconoce.mx\/wp-content\/uploads\/2017\/09\/01-MUTEKMX_ANUNCIO_NUEVOS-01-e1506306696608.jpg\" alt=\"\" width=\"1000\" height=\"1463\" \/><\/a><\/p>\n<p>Con presencia en el <strong>Festival Internacional Cervantino<\/strong> en Guanajuato, <a href=\"https:\/\/twitter.com\/search?q=%23MUTEKCDMX&amp;src=typd\" target=\"_blank\" rel=\"noopener\">#MUTEKCDMX<\/a><br \/>\nse ha dedicado a escalar grandes escalones para posicionarse despu\u00e9s de 13 a\u00f1os, como uno de los festivales m\u00e1s importantes a nivel mundial.<\/p>\n<p>El a\u00f1o pasado, <strong>MUTEK M\u00e9xico<\/strong> present\u00f3 disciplinas art\u00edsticas con las que nacieron alianzas locales e internacionales; este a\u00f1o, el festival trae para ti innovaci\u00f3n tanto de espacios como artistas sin precedentes, tecnolog\u00eda, proyectos especiales y sobre todo, talento local.<\/p>\n<p>Las actividades que se tienen planeadas entre el 11 y 15 de octubre, tienen la intenci\u00f3n de crear una distinta narrativa y experimentar abrirse hacia lados m\u00e1s aventureros en cuanto a la m\u00fasica electr\u00f3nica y lo visual \u2013en cuanto a creatividad\u2013. Es por eso que esta edici\u00f3n contar\u00e1 tambi\u00e9n con el reconocido talento internacional de <strong>Squarepusher<\/strong>, <strong>The Orb<\/strong>, <strong>Telefon Tel Aviv<\/strong>, <strong>Aurora Halal<\/strong> y <strong>Alva Noto<\/strong>. Tambi\u00e9n podr\u00e1s presenciar el talento de artistas como <strong>Alexandre Burton &amp; Julie Roy<\/strong>,<strong> Sarah Davachi<\/strong> y <strong>Second Woman<\/strong>, entre muchos m\u00e1s.<\/p>\n<p>Esta vez, hubo oportunidad de agregar al <strong>Polyforum Siqueiros<\/strong> como sede participante en esta edici\u00f3n. Tres escenarios, m\u00e1s de 15 artistas por d\u00eda y muchas otras actividades es lo que podr\u00e1s disfrutar en las noches del viernes y s\u00e1bado.<\/p>\n<p>A continuaci\u00f3n el talento art\u00edstico, as\u00ed como el contenido de diversidad, el <em>line up<\/em> de este a\u00f1o con el que <strong>MUTEK M\u00e9xico<\/strong> planea atrapar a sus asistentes y despertar los est\u00edmulos de su p\u00fablico nuevo:<\/p>\n<p><a href=\"http:\/\/www.reconoce.mx\/wp-content\/uploads\/2017\/09\/MUTEK_2017_CARTEL.jpg\"><img loading=\"lazy\" decoding=\"async\" class=\"aligncenter size-full wp-image-66070\" src=\"http:\/\/www.reconoce.mx\/wp-content\/uploads\/2017\/09\/MUTEK_2017_CARTEL.jpg\" alt=\"\" width=\"2001\" height=\"1126\" srcset=\"http:\/\/www.reconoce.mx\/wp-content\/uploads\/2017\/09\/MUTEK_2017_CARTEL.jpg 2001w, http:\/\/www.reconoce.mx\/wp-content\/uploads\/2017\/09\/MUTEK_2017_CARTEL-300x169.jpg 300w, http:\/\/www.reconoce.mx\/wp-content\/uploads\/2017\/09\/MUTEK_2017_CARTEL-768x432.jpg 768w, http:\/\/www.reconoce.mx\/wp-content\/uploads\/2017\/09\/MUTEK_2017_CARTEL-1024x576.jpg 1024w, http:\/\/www.reconoce.mx\/wp-content\/uploads\/2017\/09\/MUTEK_2017_CARTEL-150x84.jpg 150w, http:\/\/www.reconoce.mx\/wp-content\/uploads\/2017\/09\/MUTEK_2017_CARTEL-700x394.jpg 700w, http:\/\/www.reconoce.mx\/wp-content\/uploads\/2017\/09\/MUTEK_2017_CARTEL-658x370.jpg 658w\" sizes=\"auto, (max-width: 2001px) 100vw, 2001px\" \/><\/a><\/p>\n<p>Como en ediciones anteriores, el festival cuenta con algunos eventos gratuitos y otros con los que deber\u00e1s contar con boleto. Los programas \u00abAPERTURA\u00bb, \u00abA\/VISIONS 1+2\u00bb y \u00abNOCTURNO 1+2\u00bb s\u00ed requieren ticket. Los programas \u00abCLAUSURA\u00bb y las actividades de \u00abDIGI LAB\u00bb, son gratuitas \u2013excepto talleres indicados\u2013. Los boletos para cada programa pago, los pasaportes y el abono nocturno, puedes adquirirlos a trav\u00e9s de <a href=\"https:\/\/www.stubhub.com.mx\/boletos-mutek-mx\/ca31398\" target=\"_blank\" rel=\"noopener\">este link<\/a>. Te compartimos tambi\u00e9n la app para llevar a cabo el procedimiento: en <a href=\"https:\/\/play.google.com\/store\/apps\/details?id=com.bbva.bbvawalletmx&amp;hl=es\" target=\"_blank\" rel=\"noopener\">Android<\/a> y en <a href=\"https:\/\/itunes.apple.com\/mx\/app\/bbva-wallet-mexico\/id970582311?mt=8\" target=\"_blank\" rel=\"noopener\">IOS<\/a>.<\/p>\n<p>Para m\u00e1s informaci\u00f3n acerca del festival y sus actividades, te pedimos seguir nuestras redes y a su vez visitar <a href=\"http:\/\/mutek.mx\/2017\/en\/\" target=\"_blank\" rel=\"noopener\">el sitio web oficial de <strong>MUTEK M\u00e9xico<\/strong><\/a>.<\/p>\n<p style=\"text-align: right;\">Con informaci\u00f3n e im\u00e1genes cortes\u00eda de <strong>MUTEK M\u00e9xico<\/strong>.<\/p>\n<p>&nbsp;<\/p>\n<p>&nbsp;<\/p>\n","protected":false},"excerpt":{"rendered":"<p>MUTEK M\u00e9xico celebra su 14 edici\u00f3n del 11 al 15 de octubre en Ciudad de M\u00e9xico. El festival de m\u00fasica electr\u00f3nica y creatividad digital, contar\u00e1 con m\u00e1s de veinte artistas internacionales en distintas sedes de la ciudad.<\/p>\n","protected":false},"author":2,"featured_media":66069,"comment_status":"open","ping_status":"open","sticky":false,"template":"","format":"standard","meta":{"footnotes":""},"categories":[1,18,17],"tags":[],"class_list":["post-66067","post","type-post","status-publish","format-standard","has-post-thumbnail","hentry","category-cultura","category-musica","category-principal"],"yoast_head":"<!-- This site is optimized with the Yoast SEO plugin v24.7 - https:\/\/yoast.com\/wordpress\/plugins\/seo\/ -->\n<title>#MUTEKCDMX 2017: m\u00fasica, arte y tecnolog\u00eda a trav\u00e9s de la creatividad &#171; Reconoce MX<\/title>\n<meta name=\"robots\" content=\"index, follow, max-snippet:-1, max-image-preview:large, max-video-preview:-1\" \/>\n<link rel=\"canonical\" href=\"https:\/\/www.reconoce.mx\/?p=66067\" \/>\n<meta property=\"og:locale\" content=\"es_ES\" \/>\n<meta property=\"og:type\" content=\"article\" \/>\n<meta property=\"og:title\" content=\"#MUTEKCDMX 2017: m\u00fasica, arte y tecnolog\u00eda a trav\u00e9s de la creatividad &#171; Reconoce MX\" \/>\n<meta property=\"og:description\" content=\"MUTEK M\u00e9xico celebra su 14 edici\u00f3n del 11 al 15 de octubre en Ciudad de M\u00e9xico. El festival de m\u00fasica electr\u00f3nica y creatividad digital, contar\u00e1 con m\u00e1s de veinte artistas internacionales en distintas sedes de la ciudad.\" \/>\n<meta property=\"og:url\" content=\"https:\/\/www.reconoce.mx\/?p=66067\" \/>\n<meta property=\"og:site_name\" content=\"Reconoce MX\" \/>\n<meta property=\"article:publisher\" content=\"https:\/\/es-la.facebook.com\/ReconoceMX\/\" \/>\n<meta property=\"article:published_time\" content=\"2017-09-26T05:04:28+00:00\" \/>\n<meta property=\"article:modified_time\" content=\"2017-09-28T00:32:18+00:00\" \/>\n<meta property=\"og:image\" content=\"https:\/\/www.reconoce.mx\/wp-content\/uploads\/2017\/09\/mutek.png\" \/>\n\t<meta property=\"og:image:width\" content=\"590\" \/>\n\t<meta property=\"og:image:height\" content=\"380\" \/>\n\t<meta property=\"og:image:type\" content=\"image\/png\" \/>\n<meta name=\"author\" content=\"Reconoce MX\" \/>\n<meta name=\"twitter:card\" content=\"summary_large_image\" \/>\n<meta name=\"twitter:creator\" content=\"@reconocemx\" \/>\n<meta name=\"twitter:site\" content=\"@reconocemx\" \/>\n<meta name=\"twitter:label1\" content=\"Escrito por\" \/>\n\t<meta name=\"twitter:data1\" content=\"Reconoce MX\" \/>\n\t<meta name=\"twitter:label2\" content=\"Tiempo de lectura\" \/>\n\t<meta name=\"twitter:data2\" content=\"3 minutos\" \/>\n<script type=\"application\/ld+json\" class=\"yoast-schema-graph\">{\"@context\":\"https:\/\/schema.org\",\"@graph\":[{\"@type\":\"Article\",\"@id\":\"https:\/\/www.reconoce.mx\/?p=66067#article\",\"isPartOf\":{\"@id\":\"https:\/\/www.reconoce.mx\/?p=66067\"},\"author\":{\"name\":\"Reconoce MX\",\"@id\":\"http:\/\/www.reconoce.mx\/#\/schema\/person\/2117e997d7051dc15d6880eaf9bca0b2\"},\"headline\":\"#MUTEKCDMX 2017: m\u00fasica, arte y tecnolog\u00eda a trav\u00e9s de la creatividad\",\"datePublished\":\"2017-09-26T05:04:28+00:00\",\"dateModified\":\"2017-09-28T00:32:18+00:00\",\"mainEntityOfPage\":{\"@id\":\"https:\/\/www.reconoce.mx\/?p=66067\"},\"wordCount\":522,\"commentCount\":0,\"publisher\":{\"@id\":\"http:\/\/www.reconoce.mx\/#organization\"},\"image\":{\"@id\":\"https:\/\/www.reconoce.mx\/?p=66067#primaryimage\"},\"thumbnailUrl\":\"http:\/\/www.reconoce.mx\/wp-content\/uploads\/2017\/09\/mutek.png\",\"articleSection\":[\"Cultura\",\"M\u00fasica\",\"Principal\"],\"inLanguage\":\"es\",\"potentialAction\":[{\"@type\":\"CommentAction\",\"name\":\"Comment\",\"target\":[\"https:\/\/www.reconoce.mx\/?p=66067#respond\"]}]},{\"@type\":\"WebPage\",\"@id\":\"https:\/\/www.reconoce.mx\/?p=66067\",\"url\":\"https:\/\/www.reconoce.mx\/?p=66067\",\"name\":\"#MUTEKCDMX 2017: m\u00fasica, arte y tecnolog\u00eda a trav\u00e9s de la creatividad &#171; Reconoce MX\",\"isPartOf\":{\"@id\":\"http:\/\/www.reconoce.mx\/#website\"},\"primaryImageOfPage\":{\"@id\":\"https:\/\/www.reconoce.mx\/?p=66067#primaryimage\"},\"image\":{\"@id\":\"https:\/\/www.reconoce.mx\/?p=66067#primaryimage\"},\"thumbnailUrl\":\"http:\/\/www.reconoce.mx\/wp-content\/uploads\/2017\/09\/mutek.png\",\"datePublished\":\"2017-09-26T05:04:28+00:00\",\"dateModified\":\"2017-09-28T00:32:18+00:00\",\"breadcrumb\":{\"@id\":\"https:\/\/www.reconoce.mx\/?p=66067#breadcrumb\"},\"inLanguage\":\"es\",\"potentialAction\":[{\"@type\":\"ReadAction\",\"target\":[\"https:\/\/www.reconoce.mx\/?p=66067\"]}]},{\"@type\":\"ImageObject\",\"inLanguage\":\"es\",\"@id\":\"https:\/\/www.reconoce.mx\/?p=66067#primaryimage\",\"url\":\"http:\/\/www.reconoce.mx\/wp-content\/uploads\/2017\/09\/mutek.png\",\"contentUrl\":\"http:\/\/www.reconoce.mx\/wp-content\/uploads\/2017\/09\/mutek.png\",\"width\":590,\"height\":380},{\"@type\":\"BreadcrumbList\",\"@id\":\"https:\/\/www.reconoce.mx\/?p=66067#breadcrumb\",\"itemListElement\":[{\"@type\":\"ListItem\",\"position\":1,\"name\":\"Portada\",\"item\":\"http:\/\/www.reconoce.mx\/\"},{\"@type\":\"ListItem\",\"position\":2,\"name\":\"#MUTEKCDMX 2017: m\u00fasica, arte y tecnolog\u00eda a trav\u00e9s de la creatividad\"}]},{\"@type\":\"WebSite\",\"@id\":\"http:\/\/www.reconoce.mx\/#website\",\"url\":\"http:\/\/www.reconoce.mx\/\",\"name\":\"Reconoce MX\",\"description\":\"En Reconoce MX difundimos arte, cultura y conciencia social en M\u00e9xico. Tu ciudad en otra perspectiva.\",\"publisher\":{\"@id\":\"http:\/\/www.reconoce.mx\/#organization\"},\"potentialAction\":[{\"@type\":\"SearchAction\",\"target\":{\"@type\":\"EntryPoint\",\"urlTemplate\":\"http:\/\/www.reconoce.mx\/?s={search_term_string}\"},\"query-input\":{\"@type\":\"PropertyValueSpecification\",\"valueRequired\":true,\"valueName\":\"search_term_string\"}}],\"inLanguage\":\"es\"},{\"@type\":\"Organization\",\"@id\":\"http:\/\/www.reconoce.mx\/#organization\",\"name\":\"Reconoce MX\",\"url\":\"http:\/\/www.reconoce.mx\/\",\"logo\":{\"@type\":\"ImageObject\",\"inLanguage\":\"es\",\"@id\":\"http:\/\/www.reconoce.mx\/#\/schema\/logo\/image\/\",\"url\":\"https:\/\/www.reconoce.mx\/wp-content\/uploads\/2019\/03\/logorcmx-good-1.png\",\"contentUrl\":\"https:\/\/www.reconoce.mx\/wp-content\/uploads\/2019\/03\/logorcmx-good-1.png\",\"width\":280,\"height\":90,\"caption\":\"Reconoce MX\"},\"image\":{\"@id\":\"http:\/\/www.reconoce.mx\/#\/schema\/logo\/image\/\"},\"sameAs\":[\"https:\/\/es-la.facebook.com\/ReconoceMX\/\",\"https:\/\/x.com\/reconocemx\",\"http:\/\/@reconocemx\"]},{\"@type\":\"Person\",\"@id\":\"http:\/\/www.reconoce.mx\/#\/schema\/person\/2117e997d7051dc15d6880eaf9bca0b2\",\"name\":\"Reconoce MX\",\"image\":{\"@type\":\"ImageObject\",\"inLanguage\":\"es\",\"@id\":\"http:\/\/www.reconoce.mx\/#\/schema\/person\/image\/\",\"url\":\"https:\/\/secure.gravatar.com\/avatar\/6c8d4dc7569ca1c90c5fdcc349f839d5ddef6fe1e70b4337ead2ef1a4c43fc3a?s=96&d=identicon&r=g\",\"contentUrl\":\"https:\/\/secure.gravatar.com\/avatar\/6c8d4dc7569ca1c90c5fdcc349f839d5ddef6fe1e70b4337ead2ef1a4c43fc3a?s=96&d=identicon&r=g\",\"caption\":\"Reconoce MX\"},\"description\":\"Reconoce MX es un proyecto de difusi\u00f3n art\u00edstica, cultural y de conciencia social que est\u00e1 enfocado a difundir y fomentar el entretenimiento alternativo de calidad para todo el p\u00fablico que comparta el mismo entusiasmo.\",\"sameAs\":[\"http:\/\/www.reconoce.mx\"],\"url\":\"http:\/\/www.reconoce.mx\/?author=2\"}]}<\/script>\n<!-- \/ Yoast SEO plugin. -->","yoast_head_json":{"title":"#MUTEKCDMX 2017: m\u00fasica, arte y tecnolog\u00eda a trav\u00e9s de la creatividad &#171; Reconoce MX","robots":{"index":"index","follow":"follow","max-snippet":"max-snippet:-1","max-image-preview":"max-image-preview:large","max-video-preview":"max-video-preview:-1"},"canonical":"https:\/\/www.reconoce.mx\/?p=66067","og_locale":"es_ES","og_type":"article","og_title":"#MUTEKCDMX 2017: m\u00fasica, arte y tecnolog\u00eda a trav\u00e9s de la creatividad &#171; Reconoce MX","og_description":"MUTEK M\u00e9xico celebra su 14 edici\u00f3n del 11 al 15 de octubre en Ciudad de M\u00e9xico. El festival de m\u00fasica electr\u00f3nica y creatividad digital, contar\u00e1 con m\u00e1s de veinte artistas internacionales en distintas sedes de la ciudad.","og_url":"https:\/\/www.reconoce.mx\/?p=66067","og_site_name":"Reconoce MX","article_publisher":"https:\/\/es-la.facebook.com\/ReconoceMX\/","article_published_time":"2017-09-26T05:04:28+00:00","article_modified_time":"2017-09-28T00:32:18+00:00","og_image":[{"width":590,"height":380,"url":"https:\/\/www.reconoce.mx\/wp-content\/uploads\/2017\/09\/mutek.png","type":"image\/png"}],"author":"Reconoce MX","twitter_card":"summary_large_image","twitter_creator":"@reconocemx","twitter_site":"@reconocemx","twitter_misc":{"Escrito por":"Reconoce MX","Tiempo de lectura":"3 minutos"},"schema":{"@context":"https:\/\/schema.org","@graph":[{"@type":"Article","@id":"https:\/\/www.reconoce.mx\/?p=66067#article","isPartOf":{"@id":"https:\/\/www.reconoce.mx\/?p=66067"},"author":{"name":"Reconoce MX","@id":"http:\/\/www.reconoce.mx\/#\/schema\/person\/2117e997d7051dc15d6880eaf9bca0b2"},"headline":"#MUTEKCDMX 2017: m\u00fasica, arte y tecnolog\u00eda a trav\u00e9s de la creatividad","datePublished":"2017-09-26T05:04:28+00:00","dateModified":"2017-09-28T00:32:18+00:00","mainEntityOfPage":{"@id":"https:\/\/www.reconoce.mx\/?p=66067"},"wordCount":522,"commentCount":0,"publisher":{"@id":"http:\/\/www.reconoce.mx\/#organization"},"image":{"@id":"https:\/\/www.reconoce.mx\/?p=66067#primaryimage"},"thumbnailUrl":"http:\/\/www.reconoce.mx\/wp-content\/uploads\/2017\/09\/mutek.png","articleSection":["Cultura","M\u00fasica","Principal"],"inLanguage":"es","potentialAction":[{"@type":"CommentAction","name":"Comment","target":["https:\/\/www.reconoce.mx\/?p=66067#respond"]}]},{"@type":"WebPage","@id":"https:\/\/www.reconoce.mx\/?p=66067","url":"https:\/\/www.reconoce.mx\/?p=66067","name":"#MUTEKCDMX 2017: m\u00fasica, arte y tecnolog\u00eda a trav\u00e9s de la creatividad &#171; Reconoce MX","isPartOf":{"@id":"http:\/\/www.reconoce.mx\/#website"},"primaryImageOfPage":{"@id":"https:\/\/www.reconoce.mx\/?p=66067#primaryimage"},"image":{"@id":"https:\/\/www.reconoce.mx\/?p=66067#primaryimage"},"thumbnailUrl":"http:\/\/www.reconoce.mx\/wp-content\/uploads\/2017\/09\/mutek.png","datePublished":"2017-09-26T05:04:28+00:00","dateModified":"2017-09-28T00:32:18+00:00","breadcrumb":{"@id":"https:\/\/www.reconoce.mx\/?p=66067#breadcrumb"},"inLanguage":"es","potentialAction":[{"@type":"ReadAction","target":["https:\/\/www.reconoce.mx\/?p=66067"]}]},{"@type":"ImageObject","inLanguage":"es","@id":"https:\/\/www.reconoce.mx\/?p=66067#primaryimage","url":"http:\/\/www.reconoce.mx\/wp-content\/uploads\/2017\/09\/mutek.png","contentUrl":"http:\/\/www.reconoce.mx\/wp-content\/uploads\/2017\/09\/mutek.png","width":590,"height":380},{"@type":"BreadcrumbList","@id":"https:\/\/www.reconoce.mx\/?p=66067#breadcrumb","itemListElement":[{"@type":"ListItem","position":1,"name":"Portada","item":"http:\/\/www.reconoce.mx\/"},{"@type":"ListItem","position":2,"name":"#MUTEKCDMX 2017: m\u00fasica, arte y tecnolog\u00eda a trav\u00e9s de la creatividad"}]},{"@type":"WebSite","@id":"http:\/\/www.reconoce.mx\/#website","url":"http:\/\/www.reconoce.mx\/","name":"Reconoce MX","description":"En Reconoce MX difundimos arte, cultura y conciencia social en M\u00e9xico. Tu ciudad en otra perspectiva.","publisher":{"@id":"http:\/\/www.reconoce.mx\/#organization"},"potentialAction":[{"@type":"SearchAction","target":{"@type":"EntryPoint","urlTemplate":"http:\/\/www.reconoce.mx\/?s={search_term_string}"},"query-input":{"@type":"PropertyValueSpecification","valueRequired":true,"valueName":"search_term_string"}}],"inLanguage":"es"},{"@type":"Organization","@id":"http:\/\/www.reconoce.mx\/#organization","name":"Reconoce MX","url":"http:\/\/www.reconoce.mx\/","logo":{"@type":"ImageObject","inLanguage":"es","@id":"http:\/\/www.reconoce.mx\/#\/schema\/logo\/image\/","url":"https:\/\/www.reconoce.mx\/wp-content\/uploads\/2019\/03\/logorcmx-good-1.png","contentUrl":"https:\/\/www.reconoce.mx\/wp-content\/uploads\/2019\/03\/logorcmx-good-1.png","width":280,"height":90,"caption":"Reconoce MX"},"image":{"@id":"http:\/\/www.reconoce.mx\/#\/schema\/logo\/image\/"},"sameAs":["https:\/\/es-la.facebook.com\/ReconoceMX\/","https:\/\/x.com\/reconocemx","http:\/\/@reconocemx"]},{"@type":"Person","@id":"http:\/\/www.reconoce.mx\/#\/schema\/person\/2117e997d7051dc15d6880eaf9bca0b2","name":"Reconoce MX","image":{"@type":"ImageObject","inLanguage":"es","@id":"http:\/\/www.reconoce.mx\/#\/schema\/person\/image\/","url":"https:\/\/secure.gravatar.com\/avatar\/6c8d4dc7569ca1c90c5fdcc349f839d5ddef6fe1e70b4337ead2ef1a4c43fc3a?s=96&d=identicon&r=g","contentUrl":"https:\/\/secure.gravatar.com\/avatar\/6c8d4dc7569ca1c90c5fdcc349f839d5ddef6fe1e70b4337ead2ef1a4c43fc3a?s=96&d=identicon&r=g","caption":"Reconoce MX"},"description":"Reconoce MX es un proyecto de difusi\u00f3n art\u00edstica, cultural y de conciencia social que est\u00e1 enfocado a difundir y fomentar el entretenimiento alternativo de calidad para todo el p\u00fablico que comparta el mismo entusiasmo.","sameAs":["http:\/\/www.reconoce.mx"],"url":"http:\/\/www.reconoce.mx\/?author=2"}]}},"_links":{"self":[{"href":"http:\/\/www.reconoce.mx\/index.php?rest_route=\/wp\/v2\/posts\/66067","targetHints":{"allow":["GET"]}}],"collection":[{"href":"http:\/\/www.reconoce.mx\/index.php?rest_route=\/wp\/v2\/posts"}],"about":[{"href":"http:\/\/www.reconoce.mx\/index.php?rest_route=\/wp\/v2\/types\/post"}],"author":[{"embeddable":true,"href":"http:\/\/www.reconoce.mx\/index.php?rest_route=\/wp\/v2\/users\/2"}],"replies":[{"embeddable":true,"href":"http:\/\/www.reconoce.mx\/index.php?rest_route=%2Fwp%2Fv2%2Fcomments&post=66067"}],"version-history":[{"count":5,"href":"http:\/\/www.reconoce.mx\/index.php?rest_route=\/wp\/v2\/posts\/66067\/revisions"}],"predecessor-version":[{"id":66180,"href":"http:\/\/www.reconoce.mx\/index.php?rest_route=\/wp\/v2\/posts\/66067\/revisions\/66180"}],"wp:featuredmedia":[{"embeddable":true,"href":"http:\/\/www.reconoce.mx\/index.php?rest_route=\/wp\/v2\/media\/66069"}],"wp:attachment":[{"href":"http:\/\/www.reconoce.mx\/index.php?rest_route=%2Fwp%2Fv2%2Fmedia&parent=66067"}],"wp:term":[{"taxonomy":"category","embeddable":true,"href":"http:\/\/www.reconoce.mx\/index.php?rest_route=%2Fwp%2Fv2%2Fcategories&post=66067"},{"taxonomy":"post_tag","embeddable":true,"href":"http:\/\/www.reconoce.mx\/index.php?rest_route=%2Fwp%2Fv2%2Ftags&post=66067"}],"curies":[{"name":"wp","href":"https:\/\/api.w.org\/{rel}","templated":true}]}}