{"id":66229,"date":"2017-09-29T00:01:18","date_gmt":"2017-09-29T05:01:18","guid":{"rendered":"http:\/\/www.reconoce.mx\/?p=66229"},"modified":"2017-09-28T18:14:10","modified_gmt":"2017-09-28T23:14:10","slug":"ya-viene-la-presentacion-de-la-femme-en-el-plaza-condesa","status":"publish","type":"post","link":"http:\/\/www.reconoce.mx\/?p=66229","title":{"rendered":"Ya viene la presentaci\u00f3n de La Femme en El Plaza Condesa"},"content":{"rendered":"<p><strong>Por <a href=\"https:\/\/twitter.com\/ryntrah\" target=\"_blank\" rel=\"noopener noreferrer\">Elch\u00edn Balboa<\/a><\/strong>.<\/p>\n<p><strong>La Femme<\/strong> calienta motores y afina instrumentos para su concierto del pr\u00f3ximo 3 de octubre en <strong>El Plaza Condesa<\/strong>. Se trata de la gira de su segundo \u00e1lbum \u00abMyst\u00e8re\u00bb que, a\u00fan si no posee la electrizante energ\u00eda del sorprendente \u00abPsycho Tropical Berlin\u00bb (2013)<em>, <\/em>mantiene la refinada calidad musical a la que ya nos tiene acostumbrados la banda liderada por <strong>Cl\u00e9mence Qu\u00e9lennec<\/strong> (vocal), <strong>Sacha Got<\/strong> (guitarra, theremin) y <strong>Marlon Magn\u00e9e<\/strong> (teclados).<\/p>\n<p><a href=\"http:\/\/www.reconoce.mx\/wp-content\/uploads\/2017\/09\/LA_FEMME_OK.jpg\"><img loading=\"lazy\" decoding=\"async\" class=\"aligncenter size-full wp-image-66231\" src=\"http:\/\/www.reconoce.mx\/wp-content\/uploads\/2017\/09\/LA_FEMME_OK.jpg\" alt=\"\" width=\"3300\" height=\"5100\" srcset=\"http:\/\/www.reconoce.mx\/wp-content\/uploads\/2017\/09\/LA_FEMME_OK.jpg 3300w, http:\/\/www.reconoce.mx\/wp-content\/uploads\/2017\/09\/LA_FEMME_OK-194x300.jpg 194w, http:\/\/www.reconoce.mx\/wp-content\/uploads\/2017\/09\/LA_FEMME_OK-768x1187.jpg 768w, http:\/\/www.reconoce.mx\/wp-content\/uploads\/2017\/09\/LA_FEMME_OK-663x1024.jpg 663w, http:\/\/www.reconoce.mx\/wp-content\/uploads\/2017\/09\/LA_FEMME_OK-150x232.jpg 150w, http:\/\/www.reconoce.mx\/wp-content\/uploads\/2017\/09\/LA_FEMME_OK-700x1082.jpg 700w, http:\/\/www.reconoce.mx\/wp-content\/uploads\/2017\/09\/LA_FEMME_OK-658x1017.jpg 658w, http:\/\/www.reconoce.mx\/wp-content\/uploads\/2017\/09\/LA_FEMME_OK-300x464.jpg 300w\" sizes=\"auto, (max-width: 3300px) 100vw, 3300px\" \/><\/a><\/p>\n<p>El concierto promete una sacudida de todo el cuerpo y es garant\u00eda de una descarga psicotr\u00f3pica, musicalmente hablando, claro est\u00e1. Y es que las influencias de este grupo no podr\u00edan ser m\u00e1s ecl\u00e9cticas: desde <strong>Kraftwerk<\/strong> hasta <strong>Ladytron<\/strong> pasando por <strong>New Order<\/strong>, <strong>Cabaret Voltaire<\/strong> y gran parte de la herencia musical de los a\u00f1os sesenta, setenta y ochenta. Todo un c\u00f3ctel de ritmos y tendencias que crea una mezcla org\u00e1nica donde conviven una gama de g\u00e9neros como el <em>electropunk<\/em>, el <em>synth pop<\/em>, el <em>trip hop<\/em>, el <em>funk<\/em> y el <em>surf<\/em>, por mencionar s\u00f3lo algunos y no hacerte m\u00e1s larga la enumeraci\u00f3n de ingredientes revulsivos.<\/p>\n<p>Si \u00abPsycho Tropical Berlin\u00bb logr\u00f3 sumergir tus o\u00eddos en un recorrido de paisajes psicod\u00e9licos, ex\u00f3ticos y sint\u00e9ticos, su nueva producci\u00f3n, \u00abMyst\u00e8re\u00bb<em>, <\/em>echa ra\u00edces en la escena de la m\u00fasica contempor\u00e1nea dibujando el retrato de una generaci\u00f3n que ha perdido sus ilusiones entre la poluci\u00f3n infinita de luces de ne\u00f3n, de pantallas y de para\u00edsos artificiales. \u00abMyst\u00e8re\u00bb pretende ser una banda sonora de momentos agridulces, de atracciones unisexuales, de bailes espont\u00e1neos sin pasos preconcebidos o esquem\u00e1ticos, al tiempo que percute entre torbellinos a veces t\u00f3xicos y a veces saludables, pero en busca de sensaciones er\u00f3ticas y de amores desprovistos de ternura.<\/p>\n<style>.embed-container { position: relative; padding-bottom: 56.25%; height: 0; overflow: hidden; max-width: 100%; } .embed-container iframe, .embed-container object, .embed-container embed { position: absolute; top: 0; left: 0; width: 100%; height: 100%; }<\/style>\n<div class='embed-container'><iframe src='https:\/\/www.youtube.com\/embed\/XOic6pVAN30' frameborder='0' allowfullscreen><\/iframe><\/div>\n<p>&nbsp;<\/p>\n<p>Otro aspecto que es digno de mencionarse es el dise\u00f1o de arte de sus dos discos que re\u00fanen visualmente el concepto de <strong>La Femme<\/strong> como banda. En el primero aparece una mujer con apariencia de vedette de los a\u00f1os veinte, mostrando el torso desnudo, con los ojos en blanco, inexpresivos, y rodeada de un collage urbano-tropical con un estilizado ocaso que se hunde al fondo. En \u00abMyst\u00e9re\u00bb aparece otra mujer, imaginada por <strong>Tanino Liberatore<\/strong>, est\u00e1 de espaldas y el cabello rojizo serpentea formando al centro una vagina trenzada; la mujer mira sus manos tensas y entrevemos su piel met\u00e1lica. Si la primera portada nos recuerda a la protagonista de \u00abMetr\u00f3polis\u00bb<em>, <\/em>el legendario filme de <strong>Fritz Lang<\/strong>, perdida y a la vez hier\u00e1tica en un paisaje ex\u00f3tico y sobreestimulado, la segunda portada nos remite a una escena <em>cyberpunk<\/em> inquietantemente austera.<\/p>\n<p>Lo anterior va muy bien con las voces femeninas que deambulan entre las canciones de la banda. La mayor parte de las veces se trata de la voz de <strong>Cl\u00e9mence Qu\u00e9lennec<\/strong>, pero tambi\u00e9n desfilan otras que dibujan con matices dulces, met\u00e1licos e indolentes el s\u00f3lido rostro de una mujer o de varias que al final no tienen cara. Rostro sin cara que s\u00f3lo trasluce la atracci\u00f3n delirante del mundo moderno que nos pasa por encima con un sinf\u00edn de t\u00e9cnicas de seducci\u00f3n, as\u00ed como de ritmos y melod\u00edas que disfrutamos sin poder asirlas.<\/p>\n<style>.embed-container { position: relative; padding-bottom: 56.25%; height: 0; overflow: hidden; max-width: 100%; } .embed-container iframe, .embed-container object, .embed-container embed { position: absolute; top: 0; left: 0; width: 100%; height: 100%; }<\/style>\n<div class='embed-container'><iframe src='https:\/\/www.youtube.com\/embed\/zXeAwlJVYqo' frameborder='0' allowfullscreen><\/iframe><\/div>\n<p>&nbsp;<\/p>\n<p>Por eso y por un mont\u00f3n de cosas que es mejor descubrir por uno mismo sin que nadie nos explique nada, el pr\u00f3ximo 3 de octubre <strong>La Femme<\/strong> ofrecer\u00e1 un concierto en <strong>El Plaza Condesa<\/strong> que promete ser uno de los mejores eventos del a\u00f1o en Ciudad de M\u00e9xico. As\u00ed que ap\u00fantalo entre tus imperdibles y si tienes o encuentras un boleto \u00a1no lo dejes ir!<\/p>\n<p>&nbsp;<\/p>\n<p>&nbsp;<\/p>\n","protected":false},"excerpt":{"rendered":"<p>La Femme calienta motores y afina instrumentos para su concierto del pr\u00f3ximo 3 de octubre en El Plaza Condesa.<\/p>\n","protected":false},"author":2,"featured_media":66233,"comment_status":"open","ping_status":"open","sticky":false,"template":"","format":"standard","meta":{"footnotes":""},"categories":[1,18,17],"tags":[],"class_list":["post-66229","post","type-post","status-publish","format-standard","has-post-thumbnail","hentry","category-cultura","category-musica","category-principal"],"yoast_head":"<!-- This site is optimized with the Yoast SEO plugin v24.7 - https:\/\/yoast.com\/wordpress\/plugins\/seo\/ -->\n<title>Ya viene la presentaci\u00f3n de La Femme en El Plaza Condesa &#171; Reconoce MX<\/title>\n<meta name=\"robots\" content=\"index, follow, max-snippet:-1, max-image-preview:large, max-video-preview:-1\" \/>\n<link rel=\"canonical\" href=\"https:\/\/www.reconoce.mx\/?p=66229\" \/>\n<meta property=\"og:locale\" content=\"es_ES\" \/>\n<meta property=\"og:type\" content=\"article\" \/>\n<meta property=\"og:title\" content=\"Ya viene la presentaci\u00f3n de La Femme en El Plaza Condesa &#171; Reconoce MX\" \/>\n<meta property=\"og:description\" content=\"La Femme calienta motores y afina instrumentos para su concierto del pr\u00f3ximo 3 de octubre en El Plaza Condesa.\" \/>\n<meta property=\"og:url\" content=\"https:\/\/www.reconoce.mx\/?p=66229\" \/>\n<meta property=\"og:site_name\" content=\"Reconoce MX\" \/>\n<meta property=\"article:publisher\" content=\"https:\/\/es-la.facebook.com\/ReconoceMX\/\" \/>\n<meta property=\"article:published_time\" content=\"2017-09-29T05:01:18+00:00\" \/>\n<meta property=\"og:image\" content=\"https:\/\/www.reconoce.mx\/wp-content\/uploads\/2017\/09\/la-femme-2.png\" \/>\n\t<meta property=\"og:image:width\" content=\"590\" \/>\n\t<meta property=\"og:image:height\" content=\"380\" \/>\n\t<meta property=\"og:image:type\" content=\"image\/png\" \/>\n<meta name=\"author\" content=\"Reconoce MX\" \/>\n<meta name=\"twitter:card\" content=\"summary_large_image\" \/>\n<meta name=\"twitter:creator\" content=\"@reconocemx\" \/>\n<meta name=\"twitter:site\" content=\"@reconocemx\" \/>\n<meta name=\"twitter:label1\" content=\"Escrito por\" \/>\n\t<meta name=\"twitter:data1\" content=\"Reconoce MX\" \/>\n\t<meta name=\"twitter:label2\" content=\"Tiempo de lectura\" \/>\n\t<meta name=\"twitter:data2\" content=\"3 minutos\" \/>\n<script type=\"application\/ld+json\" class=\"yoast-schema-graph\">{\"@context\":\"https:\/\/schema.org\",\"@graph\":[{\"@type\":\"Article\",\"@id\":\"https:\/\/www.reconoce.mx\/?p=66229#article\",\"isPartOf\":{\"@id\":\"https:\/\/www.reconoce.mx\/?p=66229\"},\"author\":{\"name\":\"Reconoce MX\",\"@id\":\"http:\/\/www.reconoce.mx\/#\/schema\/person\/2117e997d7051dc15d6880eaf9bca0b2\"},\"headline\":\"Ya viene la presentaci\u00f3n de La Femme en El Plaza Condesa\",\"datePublished\":\"2017-09-29T05:01:18+00:00\",\"mainEntityOfPage\":{\"@id\":\"https:\/\/www.reconoce.mx\/?p=66229\"},\"wordCount\":649,\"commentCount\":0,\"publisher\":{\"@id\":\"http:\/\/www.reconoce.mx\/#organization\"},\"image\":{\"@id\":\"https:\/\/www.reconoce.mx\/?p=66229#primaryimage\"},\"thumbnailUrl\":\"http:\/\/www.reconoce.mx\/wp-content\/uploads\/2017\/09\/la-femme-2.png\",\"articleSection\":[\"Cultura\",\"M\u00fasica\",\"Principal\"],\"inLanguage\":\"es\",\"potentialAction\":[{\"@type\":\"CommentAction\",\"name\":\"Comment\",\"target\":[\"https:\/\/www.reconoce.mx\/?p=66229#respond\"]}]},{\"@type\":\"WebPage\",\"@id\":\"https:\/\/www.reconoce.mx\/?p=66229\",\"url\":\"https:\/\/www.reconoce.mx\/?p=66229\",\"name\":\"Ya viene la presentaci\u00f3n de La Femme en El Plaza Condesa &#171; Reconoce MX\",\"isPartOf\":{\"@id\":\"http:\/\/www.reconoce.mx\/#website\"},\"primaryImageOfPage\":{\"@id\":\"https:\/\/www.reconoce.mx\/?p=66229#primaryimage\"},\"image\":{\"@id\":\"https:\/\/www.reconoce.mx\/?p=66229#primaryimage\"},\"thumbnailUrl\":\"http:\/\/www.reconoce.mx\/wp-content\/uploads\/2017\/09\/la-femme-2.png\",\"datePublished\":\"2017-09-29T05:01:18+00:00\",\"breadcrumb\":{\"@id\":\"https:\/\/www.reconoce.mx\/?p=66229#breadcrumb\"},\"inLanguage\":\"es\",\"potentialAction\":[{\"@type\":\"ReadAction\",\"target\":[\"https:\/\/www.reconoce.mx\/?p=66229\"]}]},{\"@type\":\"ImageObject\",\"inLanguage\":\"es\",\"@id\":\"https:\/\/www.reconoce.mx\/?p=66229#primaryimage\",\"url\":\"http:\/\/www.reconoce.mx\/wp-content\/uploads\/2017\/09\/la-femme-2.png\",\"contentUrl\":\"http:\/\/www.reconoce.mx\/wp-content\/uploads\/2017\/09\/la-femme-2.png\",\"width\":590,\"height\":380},{\"@type\":\"BreadcrumbList\",\"@id\":\"https:\/\/www.reconoce.mx\/?p=66229#breadcrumb\",\"itemListElement\":[{\"@type\":\"ListItem\",\"position\":1,\"name\":\"Portada\",\"item\":\"http:\/\/www.reconoce.mx\/\"},{\"@type\":\"ListItem\",\"position\":2,\"name\":\"Ya viene la presentaci\u00f3n de La Femme en El Plaza Condesa\"}]},{\"@type\":\"WebSite\",\"@id\":\"http:\/\/www.reconoce.mx\/#website\",\"url\":\"http:\/\/www.reconoce.mx\/\",\"name\":\"Reconoce MX\",\"description\":\"En Reconoce MX difundimos arte, cultura y conciencia social en M\u00e9xico. Tu ciudad en otra perspectiva.\",\"publisher\":{\"@id\":\"http:\/\/www.reconoce.mx\/#organization\"},\"potentialAction\":[{\"@type\":\"SearchAction\",\"target\":{\"@type\":\"EntryPoint\",\"urlTemplate\":\"http:\/\/www.reconoce.mx\/?s={search_term_string}\"},\"query-input\":{\"@type\":\"PropertyValueSpecification\",\"valueRequired\":true,\"valueName\":\"search_term_string\"}}],\"inLanguage\":\"es\"},{\"@type\":\"Organization\",\"@id\":\"http:\/\/www.reconoce.mx\/#organization\",\"name\":\"Reconoce MX\",\"url\":\"http:\/\/www.reconoce.mx\/\",\"logo\":{\"@type\":\"ImageObject\",\"inLanguage\":\"es\",\"@id\":\"http:\/\/www.reconoce.mx\/#\/schema\/logo\/image\/\",\"url\":\"https:\/\/www.reconoce.mx\/wp-content\/uploads\/2019\/03\/logorcmx-good-1.png\",\"contentUrl\":\"https:\/\/www.reconoce.mx\/wp-content\/uploads\/2019\/03\/logorcmx-good-1.png\",\"width\":280,\"height\":90,\"caption\":\"Reconoce MX\"},\"image\":{\"@id\":\"http:\/\/www.reconoce.mx\/#\/schema\/logo\/image\/\"},\"sameAs\":[\"https:\/\/es-la.facebook.com\/ReconoceMX\/\",\"https:\/\/x.com\/reconocemx\",\"http:\/\/@reconocemx\"]},{\"@type\":\"Person\",\"@id\":\"http:\/\/www.reconoce.mx\/#\/schema\/person\/2117e997d7051dc15d6880eaf9bca0b2\",\"name\":\"Reconoce MX\",\"image\":{\"@type\":\"ImageObject\",\"inLanguage\":\"es\",\"@id\":\"http:\/\/www.reconoce.mx\/#\/schema\/person\/image\/\",\"url\":\"https:\/\/secure.gravatar.com\/avatar\/6c8d4dc7569ca1c90c5fdcc349f839d5ddef6fe1e70b4337ead2ef1a4c43fc3a?s=96&d=identicon&r=g\",\"contentUrl\":\"https:\/\/secure.gravatar.com\/avatar\/6c8d4dc7569ca1c90c5fdcc349f839d5ddef6fe1e70b4337ead2ef1a4c43fc3a?s=96&d=identicon&r=g\",\"caption\":\"Reconoce MX\"},\"description\":\"Reconoce MX es un proyecto de difusi\u00f3n art\u00edstica, cultural y de conciencia social que est\u00e1 enfocado a difundir y fomentar el entretenimiento alternativo de calidad para todo el p\u00fablico que comparta el mismo entusiasmo.\",\"sameAs\":[\"http:\/\/www.reconoce.mx\"],\"url\":\"http:\/\/www.reconoce.mx\/?author=2\"}]}<\/script>\n<!-- \/ Yoast SEO plugin. -->","yoast_head_json":{"title":"Ya viene la presentaci\u00f3n de La Femme en El Plaza Condesa &#171; Reconoce MX","robots":{"index":"index","follow":"follow","max-snippet":"max-snippet:-1","max-image-preview":"max-image-preview:large","max-video-preview":"max-video-preview:-1"},"canonical":"https:\/\/www.reconoce.mx\/?p=66229","og_locale":"es_ES","og_type":"article","og_title":"Ya viene la presentaci\u00f3n de La Femme en El Plaza Condesa &#171; Reconoce MX","og_description":"La Femme calienta motores y afina instrumentos para su concierto del pr\u00f3ximo 3 de octubre en El Plaza Condesa.","og_url":"https:\/\/www.reconoce.mx\/?p=66229","og_site_name":"Reconoce MX","article_publisher":"https:\/\/es-la.facebook.com\/ReconoceMX\/","article_published_time":"2017-09-29T05:01:18+00:00","og_image":[{"width":590,"height":380,"url":"https:\/\/www.reconoce.mx\/wp-content\/uploads\/2017\/09\/la-femme-2.png","type":"image\/png"}],"author":"Reconoce MX","twitter_card":"summary_large_image","twitter_creator":"@reconocemx","twitter_site":"@reconocemx","twitter_misc":{"Escrito por":"Reconoce MX","Tiempo de lectura":"3 minutos"},"schema":{"@context":"https:\/\/schema.org","@graph":[{"@type":"Article","@id":"https:\/\/www.reconoce.mx\/?p=66229#article","isPartOf":{"@id":"https:\/\/www.reconoce.mx\/?p=66229"},"author":{"name":"Reconoce MX","@id":"http:\/\/www.reconoce.mx\/#\/schema\/person\/2117e997d7051dc15d6880eaf9bca0b2"},"headline":"Ya viene la presentaci\u00f3n de La Femme en El Plaza Condesa","datePublished":"2017-09-29T05:01:18+00:00","mainEntityOfPage":{"@id":"https:\/\/www.reconoce.mx\/?p=66229"},"wordCount":649,"commentCount":0,"publisher":{"@id":"http:\/\/www.reconoce.mx\/#organization"},"image":{"@id":"https:\/\/www.reconoce.mx\/?p=66229#primaryimage"},"thumbnailUrl":"http:\/\/www.reconoce.mx\/wp-content\/uploads\/2017\/09\/la-femme-2.png","articleSection":["Cultura","M\u00fasica","Principal"],"inLanguage":"es","potentialAction":[{"@type":"CommentAction","name":"Comment","target":["https:\/\/www.reconoce.mx\/?p=66229#respond"]}]},{"@type":"WebPage","@id":"https:\/\/www.reconoce.mx\/?p=66229","url":"https:\/\/www.reconoce.mx\/?p=66229","name":"Ya viene la presentaci\u00f3n de La Femme en El Plaza Condesa &#171; Reconoce MX","isPartOf":{"@id":"http:\/\/www.reconoce.mx\/#website"},"primaryImageOfPage":{"@id":"https:\/\/www.reconoce.mx\/?p=66229#primaryimage"},"image":{"@id":"https:\/\/www.reconoce.mx\/?p=66229#primaryimage"},"thumbnailUrl":"http:\/\/www.reconoce.mx\/wp-content\/uploads\/2017\/09\/la-femme-2.png","datePublished":"2017-09-29T05:01:18+00:00","breadcrumb":{"@id":"https:\/\/www.reconoce.mx\/?p=66229#breadcrumb"},"inLanguage":"es","potentialAction":[{"@type":"ReadAction","target":["https:\/\/www.reconoce.mx\/?p=66229"]}]},{"@type":"ImageObject","inLanguage":"es","@id":"https:\/\/www.reconoce.mx\/?p=66229#primaryimage","url":"http:\/\/www.reconoce.mx\/wp-content\/uploads\/2017\/09\/la-femme-2.png","contentUrl":"http:\/\/www.reconoce.mx\/wp-content\/uploads\/2017\/09\/la-femme-2.png","width":590,"height":380},{"@type":"BreadcrumbList","@id":"https:\/\/www.reconoce.mx\/?p=66229#breadcrumb","itemListElement":[{"@type":"ListItem","position":1,"name":"Portada","item":"http:\/\/www.reconoce.mx\/"},{"@type":"ListItem","position":2,"name":"Ya viene la presentaci\u00f3n de La Femme en El Plaza Condesa"}]},{"@type":"WebSite","@id":"http:\/\/www.reconoce.mx\/#website","url":"http:\/\/www.reconoce.mx\/","name":"Reconoce MX","description":"En Reconoce MX difundimos arte, cultura y conciencia social en M\u00e9xico. Tu ciudad en otra perspectiva.","publisher":{"@id":"http:\/\/www.reconoce.mx\/#organization"},"potentialAction":[{"@type":"SearchAction","target":{"@type":"EntryPoint","urlTemplate":"http:\/\/www.reconoce.mx\/?s={search_term_string}"},"query-input":{"@type":"PropertyValueSpecification","valueRequired":true,"valueName":"search_term_string"}}],"inLanguage":"es"},{"@type":"Organization","@id":"http:\/\/www.reconoce.mx\/#organization","name":"Reconoce MX","url":"http:\/\/www.reconoce.mx\/","logo":{"@type":"ImageObject","inLanguage":"es","@id":"http:\/\/www.reconoce.mx\/#\/schema\/logo\/image\/","url":"https:\/\/www.reconoce.mx\/wp-content\/uploads\/2019\/03\/logorcmx-good-1.png","contentUrl":"https:\/\/www.reconoce.mx\/wp-content\/uploads\/2019\/03\/logorcmx-good-1.png","width":280,"height":90,"caption":"Reconoce MX"},"image":{"@id":"http:\/\/www.reconoce.mx\/#\/schema\/logo\/image\/"},"sameAs":["https:\/\/es-la.facebook.com\/ReconoceMX\/","https:\/\/x.com\/reconocemx","http:\/\/@reconocemx"]},{"@type":"Person","@id":"http:\/\/www.reconoce.mx\/#\/schema\/person\/2117e997d7051dc15d6880eaf9bca0b2","name":"Reconoce MX","image":{"@type":"ImageObject","inLanguage":"es","@id":"http:\/\/www.reconoce.mx\/#\/schema\/person\/image\/","url":"https:\/\/secure.gravatar.com\/avatar\/6c8d4dc7569ca1c90c5fdcc349f839d5ddef6fe1e70b4337ead2ef1a4c43fc3a?s=96&d=identicon&r=g","contentUrl":"https:\/\/secure.gravatar.com\/avatar\/6c8d4dc7569ca1c90c5fdcc349f839d5ddef6fe1e70b4337ead2ef1a4c43fc3a?s=96&d=identicon&r=g","caption":"Reconoce MX"},"description":"Reconoce MX es un proyecto de difusi\u00f3n art\u00edstica, cultural y de conciencia social que est\u00e1 enfocado a difundir y fomentar el entretenimiento alternativo de calidad para todo el p\u00fablico que comparta el mismo entusiasmo.","sameAs":["http:\/\/www.reconoce.mx"],"url":"http:\/\/www.reconoce.mx\/?author=2"}]}},"_links":{"self":[{"href":"http:\/\/www.reconoce.mx\/index.php?rest_route=\/wp\/v2\/posts\/66229","targetHints":{"allow":["GET"]}}],"collection":[{"href":"http:\/\/www.reconoce.mx\/index.php?rest_route=\/wp\/v2\/posts"}],"about":[{"href":"http:\/\/www.reconoce.mx\/index.php?rest_route=\/wp\/v2\/types\/post"}],"author":[{"embeddable":true,"href":"http:\/\/www.reconoce.mx\/index.php?rest_route=\/wp\/v2\/users\/2"}],"replies":[{"embeddable":true,"href":"http:\/\/www.reconoce.mx\/index.php?rest_route=%2Fwp%2Fv2%2Fcomments&post=66229"}],"version-history":[{"count":5,"href":"http:\/\/www.reconoce.mx\/index.php?rest_route=\/wp\/v2\/posts\/66229\/revisions"}],"predecessor-version":[{"id":66237,"href":"http:\/\/www.reconoce.mx\/index.php?rest_route=\/wp\/v2\/posts\/66229\/revisions\/66237"}],"wp:featuredmedia":[{"embeddable":true,"href":"http:\/\/www.reconoce.mx\/index.php?rest_route=\/wp\/v2\/media\/66233"}],"wp:attachment":[{"href":"http:\/\/www.reconoce.mx\/index.php?rest_route=%2Fwp%2Fv2%2Fmedia&parent=66229"}],"wp:term":[{"taxonomy":"category","embeddable":true,"href":"http:\/\/www.reconoce.mx\/index.php?rest_route=%2Fwp%2Fv2%2Fcategories&post=66229"},{"taxonomy":"post_tag","embeddable":true,"href":"http:\/\/www.reconoce.mx\/index.php?rest_route=%2Fwp%2Fv2%2Ftags&post=66229"}],"curies":[{"name":"wp","href":"https:\/\/api.w.org\/{rel}","templated":true}]}}