{"id":68375,"date":"2017-12-01T00:06:22","date_gmt":"2017-12-01T06:06:22","guid":{"rendered":"http:\/\/www.reconoce.mx\/?p=68375"},"modified":"2017-12-01T02:08:12","modified_gmt":"2017-12-01T08:08:12","slug":"celebrara-el-ccemx-el-di%c2%ada-internacional-de-las-personas-con-discapacidad","status":"publish","type":"post","link":"http:\/\/www.reconoce.mx\/?p=68375","title":{"rendered":"Celebrar\u00e1 el CCEMx el D\u00ed\u00ada Internacional de las Personas con Discapacidad"},"content":{"rendered":"<p><strong>Por <a title=\"@AsfaltosTweets\" href=\"http:\/\/twitter.com\/AsfaltosTweets\" target=\"_blank\" rel=\"noopener noreferrer\" data-slimstat-type=\"0\" data-slimstat-callback=\"false\" data-slimstat-tracking=\"true\">Asfaltos<\/a><\/strong>.<\/p>\n<p>Fue en 1992, hace 25 a\u00f1os, cuando la Asamblea General de la Organizaci\u00f3n de las Naciones Unidas proclam\u00f3 el d\u00eda 3 de diciembre como D\u00eda Internacional de las Personas con Discapacidad. Ese d\u00eda, cuyo objetivo es visibilizar a las personas con discapacidad consideradas la \u00abminor\u00eda m\u00e1s amplia del mundo\u00bb, el<strong> Centro Cultural de Espa\u00f1a<\/strong> en M\u00e9xico celebrar\u00e1 una serie de actividades culturales accesibles para todos los p\u00fablicos.<\/p>\n<p><a href=\"http:\/\/www.reconoce.mx\/wp-content\/uploads\/2017\/12\/aprobado_face_discapacidades.png\"><img loading=\"lazy\" decoding=\"async\" class=\"aligncenter size-full wp-image-68384\" src=\"http:\/\/www.reconoce.mx\/wp-content\/uploads\/2017\/12\/aprobado_face_discapacidades.png\" alt=\"\" width=\"800\" height=\"1067\" srcset=\"http:\/\/www.reconoce.mx\/wp-content\/uploads\/2017\/12\/aprobado_face_discapacidades.png 800w, http:\/\/www.reconoce.mx\/wp-content\/uploads\/2017\/12\/aprobado_face_discapacidades-225x300.png 225w, http:\/\/www.reconoce.mx\/wp-content\/uploads\/2017\/12\/aprobado_face_discapacidades-768x1024.png 768w, http:\/\/www.reconoce.mx\/wp-content\/uploads\/2017\/12\/aprobado_face_discapacidades-150x200.png 150w, http:\/\/www.reconoce.mx\/wp-content\/uploads\/2017\/12\/aprobado_face_discapacidades-700x934.png 700w, http:\/\/www.reconoce.mx\/wp-content\/uploads\/2017\/12\/aprobado_face_discapacidades-658x878.png 658w, http:\/\/www.reconoce.mx\/wp-content\/uploads\/2017\/12\/aprobado_face_discapacidades-300x400.png 300w\" sizes=\"auto, (max-width: 800px) 100vw, 800px\" \/><\/a><\/p>\n<p>Talleres de danza, espect\u00e1culos infantiles, radio teatro con interpretaci\u00f3n a Lengua de Se\u00f1as Mexicana y una caminata a ciegas, son tan solo algunas de las actividades gratuitas que se realizar\u00e1n el domingo 3 de diciembre de 2017 de 10:00 a 15:00 horas.<\/p>\n<p>Como complemento a las actividades especiales, el <strong>CCEMx<\/strong> brindar\u00e1 accesibilidad y atenci\u00f3n para las Personas con Discapacidad en ambos accesos, men\u00fa del restaurante en braille, visitas guiadas con interpretaci\u00f3n en LSM y hojas de sala de las exposiciones en braille.<\/p>\n<p>A continuaci\u00f3n el itinerario de actividades:<\/p>\n<h2>Taller familiar \/ <strong>Sensoterapia<\/strong> \/ 10 a 11 h \/ con inscripci\u00f3n<\/h2>\n<p>Taller de danza en el que personas con discapacidad y sus familias utilizar\u00e1n el movimiento corporal para favorecer el bienestar, transformar el entorno y motivar la comunicaci\u00f3n con los dem\u00e1s.<\/p>\n<p>Dirigido a: familias con alg\u00fan integrante con discapacidad y a toda persona interesada en explorar el movimiento corporal.<\/p>\n<p>Imparte: Sensodanza Terapia A.C.<\/p>\n<p>Cupo: 20 familias.<\/p>\n<h2>Danza-teatro \/ <strong>Narraciones danc\u00edsticas<\/strong> \/ 11.30h<\/h2>\n<p>Espect\u00e1culo de cuentos infantiles narrados por ni\u00f1os\/as de la compa\u00f1\u00ed\u00ada inclusiva Danza Sin L\u00edmites.<\/p>\n<h2>Radio teatro + concierto \/ 1,2,3 por Radio con imaginaci\u00f3n \/ 12 h<\/h2>\n<p>Radio teatro con interpretaci\u00f3n a Lengua de Se\u00f1as Mexicana (LSM) La ciudad que queremos con Livier Z\u00fa\u00f1iga y concierto de Los Migajita Sound Band, La Granja del T\u00ed\u00ado Bob y La Cubetita V 7.0.<\/p>\n<h2><strong>Caminata a Ciega<\/strong>s \/ 14 h<\/h2>\n<p>Alumnos de la <strong>Escuela Nacional para Ciegos<\/strong> ser\u00e1n los gu\u00ed\u00adas que nos mostrar\u00e1n, a trav\u00e9s de una sensibilidad \u00fanica, c\u00f3mo experimentar el Centro Hist\u00f3rico de la Ciudad de M\u00e9xico, a trav\u00e9s de sus sonidos y texturas.<\/p>\n<p>Cupo limitado a 12 participantes<\/p>\n<p>El <strong>Centro Cultural de Espa\u00f1a en M\u00e9xico<\/strong> se localiza en Guatemala 18, colonia Centro, delegaci\u00f3n Cuauht\u00e9moc, Ciudad de M\u00e9xico. Las actividades con motivo d\u00eda Internacional de las Personas con Discapacidad, se realizar\u00e1n el domingo 3 de diciembre de 2017 de 10:00 a 15:00 horas.<\/p>\n<p style=\"text-align: right;\">Con informaci\u00f3n e im\u00e1genes proporcionadas por el <strong>CCEMx<\/strong>.<\/p>\n<p>&nbsp;<\/p>\n<p>&nbsp;<\/p>\n","protected":false},"excerpt":{"rendered":"<p>Fue en 1992, hace 25 a\u00f1os, cuando la Asamblea General de la Organizaci\u00f3n de las Naciones Unidas proclam\u00f3 el d\u00eda 3 de diciembre como D\u00eda Internacional de las Personas con Discapacidad. <\/p>\n","protected":false},"author":2,"featured_media":68387,"comment_status":"open","ping_status":"open","sticky":false,"template":"","format":"standard","meta":{"footnotes":""},"categories":[3,1115,17],"tags":[],"class_list":["post-68375","post","type-post","status-publish","format-standard","has-post-thumbnail","hentry","category-ciudad","category-convivencia-ciudadana","category-principal"],"yoast_head":"<!-- This site is optimized with the Yoast SEO plugin v24.7 - https:\/\/yoast.com\/wordpress\/plugins\/seo\/ -->\n<title>Celebrar\u00e1 el CCEMx el D\u00ed\u00ada Internacional de las Personas con Discapacidad &#171; Reconoce MX<\/title>\n<meta name=\"robots\" content=\"index, follow, max-snippet:-1, max-image-preview:large, max-video-preview:-1\" \/>\n<link rel=\"canonical\" href=\"http:\/\/www.reconoce.mx\/?p=68375\" \/>\n<meta property=\"og:locale\" content=\"es_ES\" \/>\n<meta property=\"og:type\" content=\"article\" \/>\n<meta property=\"og:title\" content=\"Celebrar\u00e1 el CCEMx el D\u00ed\u00ada Internacional de las Personas con Discapacidad &#171; Reconoce MX\" \/>\n<meta property=\"og:description\" content=\"Fue en 1992, hace 25 a\u00f1os, cuando la Asamblea General de la Organizaci\u00f3n de las Naciones Unidas proclam\u00f3 el d\u00eda 3 de diciembre como D\u00eda Internacional de las Personas con Discapacidad.\" \/>\n<meta property=\"og:url\" content=\"http:\/\/www.reconoce.mx\/?p=68375\" \/>\n<meta property=\"og:site_name\" content=\"Reconoce MX\" \/>\n<meta property=\"article:publisher\" content=\"https:\/\/es-la.facebook.com\/ReconoceMX\/\" \/>\n<meta property=\"article:published_time\" content=\"2017-12-01T06:06:22+00:00\" \/>\n<meta property=\"article:modified_time\" content=\"2017-12-01T08:08:12+00:00\" \/>\n<meta property=\"og:image\" content=\"http:\/\/www.reconoce.mx\/wp-content\/uploads\/2017\/12\/dia-personas-discapacidad.png\" \/>\n\t<meta property=\"og:image:width\" content=\"590\" \/>\n\t<meta property=\"og:image:height\" content=\"380\" \/>\n\t<meta property=\"og:image:type\" content=\"image\/png\" \/>\n<meta name=\"author\" content=\"Reconoce MX\" \/>\n<meta name=\"twitter:card\" content=\"summary_large_image\" \/>\n<meta name=\"twitter:creator\" content=\"@reconocemx\" \/>\n<meta name=\"twitter:site\" content=\"@reconocemx\" \/>\n<meta name=\"twitter:label1\" content=\"Escrito por\" \/>\n\t<meta name=\"twitter:data1\" content=\"Reconoce MX\" \/>\n\t<meta name=\"twitter:label2\" content=\"Tiempo de lectura\" \/>\n\t<meta name=\"twitter:data2\" content=\"2 minutos\" \/>\n<script type=\"application\/ld+json\" class=\"yoast-schema-graph\">{\"@context\":\"https:\/\/schema.org\",\"@graph\":[{\"@type\":\"Article\",\"@id\":\"http:\/\/www.reconoce.mx\/?p=68375#article\",\"isPartOf\":{\"@id\":\"http:\/\/www.reconoce.mx\/?p=68375\"},\"author\":{\"name\":\"Reconoce MX\",\"@id\":\"http:\/\/www.reconoce.mx\/#\/schema\/person\/2117e997d7051dc15d6880eaf9bca0b2\"},\"headline\":\"Celebrar\u00e1 el CCEMx el D\u00ed\u00ada Internacional de las Personas con Discapacidad\",\"datePublished\":\"2017-12-01T06:06:22+00:00\",\"dateModified\":\"2017-12-01T08:08:12+00:00\",\"mainEntityOfPage\":{\"@id\":\"http:\/\/www.reconoce.mx\/?p=68375\"},\"wordCount\":426,\"commentCount\":0,\"publisher\":{\"@id\":\"http:\/\/www.reconoce.mx\/#organization\"},\"image\":{\"@id\":\"http:\/\/www.reconoce.mx\/?p=68375#primaryimage\"},\"thumbnailUrl\":\"http:\/\/www.reconoce.mx\/wp-content\/uploads\/2017\/12\/dia-personas-discapacidad.png\",\"articleSection\":[\"Ciudad\",\"Convivencia ciudadana\",\"Principal\"],\"inLanguage\":\"es\",\"potentialAction\":[{\"@type\":\"CommentAction\",\"name\":\"Comment\",\"target\":[\"http:\/\/www.reconoce.mx\/?p=68375#respond\"]}]},{\"@type\":\"WebPage\",\"@id\":\"http:\/\/www.reconoce.mx\/?p=68375\",\"url\":\"http:\/\/www.reconoce.mx\/?p=68375\",\"name\":\"Celebrar\u00e1 el CCEMx el D\u00ed\u00ada Internacional de las Personas con Discapacidad &#171; Reconoce MX\",\"isPartOf\":{\"@id\":\"http:\/\/www.reconoce.mx\/#website\"},\"primaryImageOfPage\":{\"@id\":\"http:\/\/www.reconoce.mx\/?p=68375#primaryimage\"},\"image\":{\"@id\":\"http:\/\/www.reconoce.mx\/?p=68375#primaryimage\"},\"thumbnailUrl\":\"http:\/\/www.reconoce.mx\/wp-content\/uploads\/2017\/12\/dia-personas-discapacidad.png\",\"datePublished\":\"2017-12-01T06:06:22+00:00\",\"dateModified\":\"2017-12-01T08:08:12+00:00\",\"breadcrumb\":{\"@id\":\"http:\/\/www.reconoce.mx\/?p=68375#breadcrumb\"},\"inLanguage\":\"es\",\"potentialAction\":[{\"@type\":\"ReadAction\",\"target\":[\"http:\/\/www.reconoce.mx\/?p=68375\"]}]},{\"@type\":\"ImageObject\",\"inLanguage\":\"es\",\"@id\":\"http:\/\/www.reconoce.mx\/?p=68375#primaryimage\",\"url\":\"http:\/\/www.reconoce.mx\/wp-content\/uploads\/2017\/12\/dia-personas-discapacidad.png\",\"contentUrl\":\"http:\/\/www.reconoce.mx\/wp-content\/uploads\/2017\/12\/dia-personas-discapacidad.png\",\"width\":590,\"height\":380},{\"@type\":\"BreadcrumbList\",\"@id\":\"http:\/\/www.reconoce.mx\/?p=68375#breadcrumb\",\"itemListElement\":[{\"@type\":\"ListItem\",\"position\":1,\"name\":\"Portada\",\"item\":\"http:\/\/www.reconoce.mx\/\"},{\"@type\":\"ListItem\",\"position\":2,\"name\":\"Celebrar\u00e1 el CCEMx el D\u00ed\u00ada Internacional de las Personas con Discapacidad\"}]},{\"@type\":\"WebSite\",\"@id\":\"http:\/\/www.reconoce.mx\/#website\",\"url\":\"http:\/\/www.reconoce.mx\/\",\"name\":\"Reconoce MX\",\"description\":\"En Reconoce MX difundimos arte, cultura y conciencia social en M\u00e9xico. Tu ciudad en otra perspectiva.\",\"publisher\":{\"@id\":\"http:\/\/www.reconoce.mx\/#organization\"},\"potentialAction\":[{\"@type\":\"SearchAction\",\"target\":{\"@type\":\"EntryPoint\",\"urlTemplate\":\"http:\/\/www.reconoce.mx\/?s={search_term_string}\"},\"query-input\":{\"@type\":\"PropertyValueSpecification\",\"valueRequired\":true,\"valueName\":\"search_term_string\"}}],\"inLanguage\":\"es\"},{\"@type\":\"Organization\",\"@id\":\"http:\/\/www.reconoce.mx\/#organization\",\"name\":\"Reconoce MX\",\"url\":\"http:\/\/www.reconoce.mx\/\",\"logo\":{\"@type\":\"ImageObject\",\"inLanguage\":\"es\",\"@id\":\"http:\/\/www.reconoce.mx\/#\/schema\/logo\/image\/\",\"url\":\"https:\/\/www.reconoce.mx\/wp-content\/uploads\/2019\/03\/logorcmx-good-1.png\",\"contentUrl\":\"https:\/\/www.reconoce.mx\/wp-content\/uploads\/2019\/03\/logorcmx-good-1.png\",\"width\":280,\"height\":90,\"caption\":\"Reconoce MX\"},\"image\":{\"@id\":\"http:\/\/www.reconoce.mx\/#\/schema\/logo\/image\/\"},\"sameAs\":[\"https:\/\/es-la.facebook.com\/ReconoceMX\/\",\"https:\/\/x.com\/reconocemx\",\"http:\/\/@reconocemx\"]},{\"@type\":\"Person\",\"@id\":\"http:\/\/www.reconoce.mx\/#\/schema\/person\/2117e997d7051dc15d6880eaf9bca0b2\",\"name\":\"Reconoce MX\",\"image\":{\"@type\":\"ImageObject\",\"inLanguage\":\"es\",\"@id\":\"http:\/\/www.reconoce.mx\/#\/schema\/person\/image\/\",\"url\":\"https:\/\/secure.gravatar.com\/avatar\/6c8d4dc7569ca1c90c5fdcc349f839d5ddef6fe1e70b4337ead2ef1a4c43fc3a?s=96&d=identicon&r=g\",\"contentUrl\":\"https:\/\/secure.gravatar.com\/avatar\/6c8d4dc7569ca1c90c5fdcc349f839d5ddef6fe1e70b4337ead2ef1a4c43fc3a?s=96&d=identicon&r=g\",\"caption\":\"Reconoce MX\"},\"description\":\"Reconoce MX es un proyecto de difusi\u00f3n art\u00edstica, cultural y de conciencia social que est\u00e1 enfocado a difundir y fomentar el entretenimiento alternativo de calidad para todo el p\u00fablico que comparta el mismo entusiasmo.\",\"sameAs\":[\"http:\/\/www.reconoce.mx\"],\"url\":\"http:\/\/www.reconoce.mx\/?author=2\"}]}<\/script>\n<!-- \/ Yoast SEO plugin. -->","yoast_head_json":{"title":"Celebrar\u00e1 el CCEMx el D\u00ed\u00ada Internacional de las Personas con Discapacidad &#171; Reconoce MX","robots":{"index":"index","follow":"follow","max-snippet":"max-snippet:-1","max-image-preview":"max-image-preview:large","max-video-preview":"max-video-preview:-1"},"canonical":"http:\/\/www.reconoce.mx\/?p=68375","og_locale":"es_ES","og_type":"article","og_title":"Celebrar\u00e1 el CCEMx el D\u00ed\u00ada Internacional de las Personas con Discapacidad &#171; Reconoce MX","og_description":"Fue en 1992, hace 25 a\u00f1os, cuando la Asamblea General de la Organizaci\u00f3n de las Naciones Unidas proclam\u00f3 el d\u00eda 3 de diciembre como D\u00eda Internacional de las Personas con Discapacidad.","og_url":"http:\/\/www.reconoce.mx\/?p=68375","og_site_name":"Reconoce MX","article_publisher":"https:\/\/es-la.facebook.com\/ReconoceMX\/","article_published_time":"2017-12-01T06:06:22+00:00","article_modified_time":"2017-12-01T08:08:12+00:00","og_image":[{"width":590,"height":380,"url":"http:\/\/www.reconoce.mx\/wp-content\/uploads\/2017\/12\/dia-personas-discapacidad.png","type":"image\/png"}],"author":"Reconoce MX","twitter_card":"summary_large_image","twitter_creator":"@reconocemx","twitter_site":"@reconocemx","twitter_misc":{"Escrito por":"Reconoce MX","Tiempo de lectura":"2 minutos"},"schema":{"@context":"https:\/\/schema.org","@graph":[{"@type":"Article","@id":"http:\/\/www.reconoce.mx\/?p=68375#article","isPartOf":{"@id":"http:\/\/www.reconoce.mx\/?p=68375"},"author":{"name":"Reconoce MX","@id":"http:\/\/www.reconoce.mx\/#\/schema\/person\/2117e997d7051dc15d6880eaf9bca0b2"},"headline":"Celebrar\u00e1 el CCEMx el D\u00ed\u00ada Internacional de las Personas con Discapacidad","datePublished":"2017-12-01T06:06:22+00:00","dateModified":"2017-12-01T08:08:12+00:00","mainEntityOfPage":{"@id":"http:\/\/www.reconoce.mx\/?p=68375"},"wordCount":426,"commentCount":0,"publisher":{"@id":"http:\/\/www.reconoce.mx\/#organization"},"image":{"@id":"http:\/\/www.reconoce.mx\/?p=68375#primaryimage"},"thumbnailUrl":"http:\/\/www.reconoce.mx\/wp-content\/uploads\/2017\/12\/dia-personas-discapacidad.png","articleSection":["Ciudad","Convivencia ciudadana","Principal"],"inLanguage":"es","potentialAction":[{"@type":"CommentAction","name":"Comment","target":["http:\/\/www.reconoce.mx\/?p=68375#respond"]}]},{"@type":"WebPage","@id":"http:\/\/www.reconoce.mx\/?p=68375","url":"http:\/\/www.reconoce.mx\/?p=68375","name":"Celebrar\u00e1 el CCEMx el D\u00ed\u00ada Internacional de las Personas con Discapacidad &#171; Reconoce MX","isPartOf":{"@id":"http:\/\/www.reconoce.mx\/#website"},"primaryImageOfPage":{"@id":"http:\/\/www.reconoce.mx\/?p=68375#primaryimage"},"image":{"@id":"http:\/\/www.reconoce.mx\/?p=68375#primaryimage"},"thumbnailUrl":"http:\/\/www.reconoce.mx\/wp-content\/uploads\/2017\/12\/dia-personas-discapacidad.png","datePublished":"2017-12-01T06:06:22+00:00","dateModified":"2017-12-01T08:08:12+00:00","breadcrumb":{"@id":"http:\/\/www.reconoce.mx\/?p=68375#breadcrumb"},"inLanguage":"es","potentialAction":[{"@type":"ReadAction","target":["http:\/\/www.reconoce.mx\/?p=68375"]}]},{"@type":"ImageObject","inLanguage":"es","@id":"http:\/\/www.reconoce.mx\/?p=68375#primaryimage","url":"http:\/\/www.reconoce.mx\/wp-content\/uploads\/2017\/12\/dia-personas-discapacidad.png","contentUrl":"http:\/\/www.reconoce.mx\/wp-content\/uploads\/2017\/12\/dia-personas-discapacidad.png","width":590,"height":380},{"@type":"BreadcrumbList","@id":"http:\/\/www.reconoce.mx\/?p=68375#breadcrumb","itemListElement":[{"@type":"ListItem","position":1,"name":"Portada","item":"http:\/\/www.reconoce.mx\/"},{"@type":"ListItem","position":2,"name":"Celebrar\u00e1 el CCEMx el D\u00ed\u00ada Internacional de las Personas con Discapacidad"}]},{"@type":"WebSite","@id":"http:\/\/www.reconoce.mx\/#website","url":"http:\/\/www.reconoce.mx\/","name":"Reconoce MX","description":"En Reconoce MX difundimos arte, cultura y conciencia social en M\u00e9xico. Tu ciudad en otra perspectiva.","publisher":{"@id":"http:\/\/www.reconoce.mx\/#organization"},"potentialAction":[{"@type":"SearchAction","target":{"@type":"EntryPoint","urlTemplate":"http:\/\/www.reconoce.mx\/?s={search_term_string}"},"query-input":{"@type":"PropertyValueSpecification","valueRequired":true,"valueName":"search_term_string"}}],"inLanguage":"es"},{"@type":"Organization","@id":"http:\/\/www.reconoce.mx\/#organization","name":"Reconoce MX","url":"http:\/\/www.reconoce.mx\/","logo":{"@type":"ImageObject","inLanguage":"es","@id":"http:\/\/www.reconoce.mx\/#\/schema\/logo\/image\/","url":"https:\/\/www.reconoce.mx\/wp-content\/uploads\/2019\/03\/logorcmx-good-1.png","contentUrl":"https:\/\/www.reconoce.mx\/wp-content\/uploads\/2019\/03\/logorcmx-good-1.png","width":280,"height":90,"caption":"Reconoce MX"},"image":{"@id":"http:\/\/www.reconoce.mx\/#\/schema\/logo\/image\/"},"sameAs":["https:\/\/es-la.facebook.com\/ReconoceMX\/","https:\/\/x.com\/reconocemx","http:\/\/@reconocemx"]},{"@type":"Person","@id":"http:\/\/www.reconoce.mx\/#\/schema\/person\/2117e997d7051dc15d6880eaf9bca0b2","name":"Reconoce MX","image":{"@type":"ImageObject","inLanguage":"es","@id":"http:\/\/www.reconoce.mx\/#\/schema\/person\/image\/","url":"https:\/\/secure.gravatar.com\/avatar\/6c8d4dc7569ca1c90c5fdcc349f839d5ddef6fe1e70b4337ead2ef1a4c43fc3a?s=96&d=identicon&r=g","contentUrl":"https:\/\/secure.gravatar.com\/avatar\/6c8d4dc7569ca1c90c5fdcc349f839d5ddef6fe1e70b4337ead2ef1a4c43fc3a?s=96&d=identicon&r=g","caption":"Reconoce MX"},"description":"Reconoce MX es un proyecto de difusi\u00f3n art\u00edstica, cultural y de conciencia social que est\u00e1 enfocado a difundir y fomentar el entretenimiento alternativo de calidad para todo el p\u00fablico que comparta el mismo entusiasmo.","sameAs":["http:\/\/www.reconoce.mx"],"url":"http:\/\/www.reconoce.mx\/?author=2"}]}},"_links":{"self":[{"href":"http:\/\/www.reconoce.mx\/index.php?rest_route=\/wp\/v2\/posts\/68375","targetHints":{"allow":["GET"]}}],"collection":[{"href":"http:\/\/www.reconoce.mx\/index.php?rest_route=\/wp\/v2\/posts"}],"about":[{"href":"http:\/\/www.reconoce.mx\/index.php?rest_route=\/wp\/v2\/types\/post"}],"author":[{"embeddable":true,"href":"http:\/\/www.reconoce.mx\/index.php?rest_route=\/wp\/v2\/users\/2"}],"replies":[{"embeddable":true,"href":"http:\/\/www.reconoce.mx\/index.php?rest_route=%2Fwp%2Fv2%2Fcomments&post=68375"}],"version-history":[{"count":5,"href":"http:\/\/www.reconoce.mx\/index.php?rest_route=\/wp\/v2\/posts\/68375\/revisions"}],"predecessor-version":[{"id":68388,"href":"http:\/\/www.reconoce.mx\/index.php?rest_route=\/wp\/v2\/posts\/68375\/revisions\/68388"}],"wp:featuredmedia":[{"embeddable":true,"href":"http:\/\/www.reconoce.mx\/index.php?rest_route=\/wp\/v2\/media\/68387"}],"wp:attachment":[{"href":"http:\/\/www.reconoce.mx\/index.php?rest_route=%2Fwp%2Fv2%2Fmedia&parent=68375"}],"wp:term":[{"taxonomy":"category","embeddable":true,"href":"http:\/\/www.reconoce.mx\/index.php?rest_route=%2Fwp%2Fv2%2Fcategories&post=68375"},{"taxonomy":"post_tag","embeddable":true,"href":"http:\/\/www.reconoce.mx\/index.php?rest_route=%2Fwp%2Fv2%2Ftags&post=68375"}],"curies":[{"name":"wp","href":"https:\/\/api.w.org\/{rel}","templated":true}]}}