{"id":68416,"date":"2017-12-22T00:02:11","date_gmt":"2017-12-22T06:02:11","guid":{"rendered":"http:\/\/www.reconoce.mx\/?p=68416"},"modified":"2017-12-21T19:09:04","modified_gmt":"2017-12-22T01:09:04","slug":"morbido-anuncia-alianza-con-la-reconocida-productora-monica-lozano","status":"publish","type":"post","link":"http:\/\/www.reconoce.mx\/?p=68416","title":{"rendered":"M\u00f3rbido anuncia alianza con la reconocida productora M\u00f3nica Lozano"},"content":{"rendered":"<p><strong>Por <a title=\"@AsfaltosTweets\" href=\"http:\/\/twitter.com\/AsfaltosTweets\" target=\"_blank\" rel=\"noopener noreferrer\" data-slimstat-type=\"0\" data-slimstat-callback=\"false\" data-slimstat-tracking=\"true\">Asfaltos<\/a><\/strong>.<\/p>\n<p><strong>M\u00f3rbido Fest<\/strong>, miembro de la prestigiada Federaci\u00f3n Europea de Festivales de Cine Fant\u00e1stico (Melies.org), a trav\u00e9s de su CEO y fundador, <strong>Pablo Guisa Koestinger<\/strong>; y la m\u00e1s importante productora de cine en M\u00e9xico<strong>,<\/strong> <strong>M\u00f3nica Lozano<\/strong> (\u00abNo se aceptan devoluciones\u00bb, \u00abAmores perros\u00bb), anunciaron en los pasados d\u00edas una importante alianza de producci\u00f3n. El anuncio se hizo en el marco de las actividades de <strong>M\u00f3rbido Fest<\/strong> en<strong> Ventana Sur<\/strong> y en el <strong>Blood Window Market<\/strong> de Argentina.<\/p>\n<p>Ambas partes acordaron explorar diversos caminos para desarrollar, producir y estrenar cintas de g\u00e9nero en Latinoam\u00e9rica en una asociaci\u00f3n exclusiva entre <strong>M\u00f3rbido<\/strong> y <strong>Alebrije<\/strong> (compa\u00f1\u00eda productora de<strong> M\u00f3nica Lozano<\/strong>). Cada filme reflejar\u00e1 la originalidad y los temas m\u00e1s excitantes de la regi\u00f3n, creando as\u00ed una nueva experiencia para los fan\u00e1ticos del cine de g\u00e9nero.<\/p>\n<p>\u00ab\u00c9ste es el momento adecuado para <strong>M\u00f3rbido<\/strong> de dar el paso hacia la producci\u00f3n de pel\u00edculas m\u00e1s grandes e introducir a las audiencias latinas a un nuevo paquete de pel\u00edculas que cuenten con el soporte de la m\u00e1s prestigiosa y exitosa productora en M\u00e9xico\u00bb, comparti\u00f3 <strong>Pablo Guisa<\/strong>.<\/p>\n<p>Por su parte, <strong>M\u00f3nica Lozano<\/strong> comparti\u00f3 que \u00abM\u00f3rbido tiene un &#8216;knowhow&#8217; muy espec\u00edfico, as\u00ed como acceso a proyectos que est\u00e1n m\u00e1s all\u00e1 del radar de la mayor\u00eda de los productores y sus ideas, tambi\u00e9n tienen un compromiso con el cine de g\u00e9nero, que es su misi\u00f3n de vida\u00bb.<\/p>\n<p><strong>M\u00f3nica Lozano<\/strong>, CEO de la empresa <strong>Alebrije Cine y Video<\/strong>, ha participado en m\u00e1s de 40 largometrajes, entre los cuales destacan \u00abAmores perros\u00bb, \u00abVoces inocentes\u00bb, \u00abNicotina\u00bb, \u00abEl baile de San Juan\u00bb, \u00abMalos h\u00e1bitos\u00bb, \u00abNo se aceptan devoluciones\u00bb, \u00ab\u00bfQu\u00e9 culpa tiene el ni\u00f1o?\u00bb, \u00abEl Jerem\u00edas\u00bb, \u00abEl elegido\u00bb y \u00abSue\u00f1o en otro idioma\u00bb, entre otras. <strong>Alebrije<\/strong> es una empresa mexicana de producci\u00f3n que fue fundada en 2008 y cuyo planteamiento se ha mantenido firme desde sus inicios al trabajar con personas creativas que compartan su pasi\u00f3n por el quehacer cinematogr\u00e1fico.<\/p>\n<p>La alianza entre <strong>M\u00f3nica Lozano<\/strong> y <strong>Pablo Guisa<\/strong> no solamente ofrecer\u00e1 las mejores cintas de g\u00e9nero a una mayor audiencia, sino que tambi\u00e9n operar\u00e1 como una sola fuerza avanzando para consolidar una mayor presencia del horror latinoamericano en el box office regional.<\/p>\n<p><strong>M\u00f3rbido<\/strong> est\u00e1 abierto a evaluar los guiones de escritores latinoamericanos que deseen ser considerados para su posible producci\u00f3n. <strong>M\u00f3rbido Fest<\/strong> sobresale como una importante plataforma de difusi\u00f3n para el cine de g\u00e9nero y apoya a los nuevos realizadores que buscan contar historias originales.<\/p>\n<p style=\"text-align: right;\">Imagen cortes\u00eda de <strong>M\u00f3rbido<\/strong>.<\/p>\n<p>&nbsp;<\/p>\n<p>&nbsp;<\/p>\n","protected":false},"excerpt":{"rendered":"<p>M\u00f3rbido Fest, a trav\u00e9s de su CEO y fundador, Pablo Guisa Koestinger; y la m\u00e1s importante productora de cine en M\u00e9xico, M\u00f3nica Lozano, anunciaron en los pasados d\u00edas una importante alianza de producci\u00f3n.<\/p>\n","protected":false},"author":2,"featured_media":68417,"comment_status":"open","ping_status":"open","sticky":false,"template":"","format":"standard","meta":{"footnotes":""},"categories":[24,1,17],"tags":[],"class_list":["post-68416","post","type-post","status-publish","format-standard","has-post-thumbnail","hentry","category-cine","category-cultura","category-principal"],"yoast_head":"<!-- This site is optimized with the Yoast SEO plugin v24.7 - https:\/\/yoast.com\/wordpress\/plugins\/seo\/ -->\n<title>M\u00f3rbido anuncia alianza con la reconocida productora M\u00f3nica Lozano &#171; Reconoce MX<\/title>\n<meta name=\"robots\" content=\"index, follow, max-snippet:-1, max-image-preview:large, max-video-preview:-1\" \/>\n<link rel=\"canonical\" href=\"https:\/\/www.reconoce.mx\/?p=68416\" \/>\n<meta property=\"og:locale\" content=\"es_ES\" \/>\n<meta property=\"og:type\" content=\"article\" \/>\n<meta property=\"og:title\" content=\"M\u00f3rbido anuncia alianza con la reconocida productora M\u00f3nica Lozano &#171; Reconoce MX\" \/>\n<meta property=\"og:description\" content=\"M\u00f3rbido Fest, a trav\u00e9s de su CEO y fundador, Pablo Guisa Koestinger; y la m\u00e1s importante productora de cine en M\u00e9xico, M\u00f3nica Lozano, anunciaron en los pasados d\u00edas una importante alianza de producci\u00f3n.\" \/>\n<meta property=\"og:url\" content=\"https:\/\/www.reconoce.mx\/?p=68416\" \/>\n<meta property=\"og:site_name\" content=\"Reconoce MX\" \/>\n<meta property=\"article:publisher\" content=\"https:\/\/es-la.facebook.com\/ReconoceMX\/\" \/>\n<meta property=\"article:published_time\" content=\"2017-12-22T06:02:11+00:00\" \/>\n<meta property=\"og:image\" content=\"https:\/\/www.reconoce.mx\/wp-content\/uploads\/2017\/12\/macabro-lozano.png\" \/>\n\t<meta property=\"og:image:width\" content=\"590\" \/>\n\t<meta property=\"og:image:height\" content=\"380\" \/>\n\t<meta property=\"og:image:type\" content=\"image\/png\" \/>\n<meta name=\"author\" content=\"Reconoce MX\" \/>\n<meta name=\"twitter:card\" content=\"summary_large_image\" \/>\n<meta name=\"twitter:creator\" content=\"@reconocemx\" \/>\n<meta name=\"twitter:site\" content=\"@reconocemx\" \/>\n<meta name=\"twitter:label1\" content=\"Escrito por\" \/>\n\t<meta name=\"twitter:data1\" content=\"Reconoce MX\" \/>\n\t<meta name=\"twitter:label2\" content=\"Tiempo de lectura\" \/>\n\t<meta name=\"twitter:data2\" content=\"2 minutos\" \/>\n<script type=\"application\/ld+json\" class=\"yoast-schema-graph\">{\"@context\":\"https:\/\/schema.org\",\"@graph\":[{\"@type\":\"Article\",\"@id\":\"https:\/\/www.reconoce.mx\/?p=68416#article\",\"isPartOf\":{\"@id\":\"https:\/\/www.reconoce.mx\/?p=68416\"},\"author\":{\"name\":\"Reconoce MX\",\"@id\":\"http:\/\/www.reconoce.mx\/#\/schema\/person\/2117e997d7051dc15d6880eaf9bca0b2\"},\"headline\":\"M\u00f3rbido anuncia alianza con la reconocida productora M\u00f3nica Lozano\",\"datePublished\":\"2017-12-22T06:02:11+00:00\",\"mainEntityOfPage\":{\"@id\":\"https:\/\/www.reconoce.mx\/?p=68416\"},\"wordCount\":470,\"commentCount\":0,\"publisher\":{\"@id\":\"http:\/\/www.reconoce.mx\/#organization\"},\"image\":{\"@id\":\"https:\/\/www.reconoce.mx\/?p=68416#primaryimage\"},\"thumbnailUrl\":\"http:\/\/www.reconoce.mx\/wp-content\/uploads\/2017\/12\/macabro-lozano.png\",\"articleSection\":[\"Cine\",\"Cultura\",\"Principal\"],\"inLanguage\":\"es\",\"potentialAction\":[{\"@type\":\"CommentAction\",\"name\":\"Comment\",\"target\":[\"https:\/\/www.reconoce.mx\/?p=68416#respond\"]}]},{\"@type\":\"WebPage\",\"@id\":\"https:\/\/www.reconoce.mx\/?p=68416\",\"url\":\"https:\/\/www.reconoce.mx\/?p=68416\",\"name\":\"M\u00f3rbido anuncia alianza con la reconocida productora M\u00f3nica Lozano &#171; Reconoce MX\",\"isPartOf\":{\"@id\":\"http:\/\/www.reconoce.mx\/#website\"},\"primaryImageOfPage\":{\"@id\":\"https:\/\/www.reconoce.mx\/?p=68416#primaryimage\"},\"image\":{\"@id\":\"https:\/\/www.reconoce.mx\/?p=68416#primaryimage\"},\"thumbnailUrl\":\"http:\/\/www.reconoce.mx\/wp-content\/uploads\/2017\/12\/macabro-lozano.png\",\"datePublished\":\"2017-12-22T06:02:11+00:00\",\"breadcrumb\":{\"@id\":\"https:\/\/www.reconoce.mx\/?p=68416#breadcrumb\"},\"inLanguage\":\"es\",\"potentialAction\":[{\"@type\":\"ReadAction\",\"target\":[\"https:\/\/www.reconoce.mx\/?p=68416\"]}]},{\"@type\":\"ImageObject\",\"inLanguage\":\"es\",\"@id\":\"https:\/\/www.reconoce.mx\/?p=68416#primaryimage\",\"url\":\"http:\/\/www.reconoce.mx\/wp-content\/uploads\/2017\/12\/macabro-lozano.png\",\"contentUrl\":\"http:\/\/www.reconoce.mx\/wp-content\/uploads\/2017\/12\/macabro-lozano.png\",\"width\":590,\"height\":380},{\"@type\":\"BreadcrumbList\",\"@id\":\"https:\/\/www.reconoce.mx\/?p=68416#breadcrumb\",\"itemListElement\":[{\"@type\":\"ListItem\",\"position\":1,\"name\":\"Portada\",\"item\":\"http:\/\/www.reconoce.mx\/\"},{\"@type\":\"ListItem\",\"position\":2,\"name\":\"M\u00f3rbido anuncia alianza con la reconocida productora M\u00f3nica Lozano\"}]},{\"@type\":\"WebSite\",\"@id\":\"http:\/\/www.reconoce.mx\/#website\",\"url\":\"http:\/\/www.reconoce.mx\/\",\"name\":\"Reconoce MX\",\"description\":\"En Reconoce MX difundimos arte, cultura y conciencia social en M\u00e9xico. Tu ciudad en otra perspectiva.\",\"publisher\":{\"@id\":\"http:\/\/www.reconoce.mx\/#organization\"},\"potentialAction\":[{\"@type\":\"SearchAction\",\"target\":{\"@type\":\"EntryPoint\",\"urlTemplate\":\"http:\/\/www.reconoce.mx\/?s={search_term_string}\"},\"query-input\":{\"@type\":\"PropertyValueSpecification\",\"valueRequired\":true,\"valueName\":\"search_term_string\"}}],\"inLanguage\":\"es\"},{\"@type\":\"Organization\",\"@id\":\"http:\/\/www.reconoce.mx\/#organization\",\"name\":\"Reconoce MX\",\"url\":\"http:\/\/www.reconoce.mx\/\",\"logo\":{\"@type\":\"ImageObject\",\"inLanguage\":\"es\",\"@id\":\"http:\/\/www.reconoce.mx\/#\/schema\/logo\/image\/\",\"url\":\"https:\/\/www.reconoce.mx\/wp-content\/uploads\/2019\/03\/logorcmx-good-1.png\",\"contentUrl\":\"https:\/\/www.reconoce.mx\/wp-content\/uploads\/2019\/03\/logorcmx-good-1.png\",\"width\":280,\"height\":90,\"caption\":\"Reconoce MX\"},\"image\":{\"@id\":\"http:\/\/www.reconoce.mx\/#\/schema\/logo\/image\/\"},\"sameAs\":[\"https:\/\/es-la.facebook.com\/ReconoceMX\/\",\"https:\/\/x.com\/reconocemx\",\"http:\/\/@reconocemx\"]},{\"@type\":\"Person\",\"@id\":\"http:\/\/www.reconoce.mx\/#\/schema\/person\/2117e997d7051dc15d6880eaf9bca0b2\",\"name\":\"Reconoce MX\",\"image\":{\"@type\":\"ImageObject\",\"inLanguage\":\"es\",\"@id\":\"http:\/\/www.reconoce.mx\/#\/schema\/person\/image\/\",\"url\":\"https:\/\/secure.gravatar.com\/avatar\/6c8d4dc7569ca1c90c5fdcc349f839d5ddef6fe1e70b4337ead2ef1a4c43fc3a?s=96&d=identicon&r=g\",\"contentUrl\":\"https:\/\/secure.gravatar.com\/avatar\/6c8d4dc7569ca1c90c5fdcc349f839d5ddef6fe1e70b4337ead2ef1a4c43fc3a?s=96&d=identicon&r=g\",\"caption\":\"Reconoce MX\"},\"description\":\"Reconoce MX es un proyecto de difusi\u00f3n art\u00edstica, cultural y de conciencia social que est\u00e1 enfocado a difundir y fomentar el entretenimiento alternativo de calidad para todo el p\u00fablico que comparta el mismo entusiasmo.\",\"sameAs\":[\"http:\/\/www.reconoce.mx\"],\"url\":\"http:\/\/www.reconoce.mx\/?author=2\"}]}<\/script>\n<!-- \/ Yoast SEO plugin. -->","yoast_head_json":{"title":"M\u00f3rbido anuncia alianza con la reconocida productora M\u00f3nica Lozano &#171; Reconoce MX","robots":{"index":"index","follow":"follow","max-snippet":"max-snippet:-1","max-image-preview":"max-image-preview:large","max-video-preview":"max-video-preview:-1"},"canonical":"https:\/\/www.reconoce.mx\/?p=68416","og_locale":"es_ES","og_type":"article","og_title":"M\u00f3rbido anuncia alianza con la reconocida productora M\u00f3nica Lozano &#171; Reconoce MX","og_description":"M\u00f3rbido Fest, a trav\u00e9s de su CEO y fundador, Pablo Guisa Koestinger; y la m\u00e1s importante productora de cine en M\u00e9xico, M\u00f3nica Lozano, anunciaron en los pasados d\u00edas una importante alianza de producci\u00f3n.","og_url":"https:\/\/www.reconoce.mx\/?p=68416","og_site_name":"Reconoce MX","article_publisher":"https:\/\/es-la.facebook.com\/ReconoceMX\/","article_published_time":"2017-12-22T06:02:11+00:00","og_image":[{"width":590,"height":380,"url":"https:\/\/www.reconoce.mx\/wp-content\/uploads\/2017\/12\/macabro-lozano.png","type":"image\/png"}],"author":"Reconoce MX","twitter_card":"summary_large_image","twitter_creator":"@reconocemx","twitter_site":"@reconocemx","twitter_misc":{"Escrito por":"Reconoce MX","Tiempo de lectura":"2 minutos"},"schema":{"@context":"https:\/\/schema.org","@graph":[{"@type":"Article","@id":"https:\/\/www.reconoce.mx\/?p=68416#article","isPartOf":{"@id":"https:\/\/www.reconoce.mx\/?p=68416"},"author":{"name":"Reconoce MX","@id":"http:\/\/www.reconoce.mx\/#\/schema\/person\/2117e997d7051dc15d6880eaf9bca0b2"},"headline":"M\u00f3rbido anuncia alianza con la reconocida productora M\u00f3nica Lozano","datePublished":"2017-12-22T06:02:11+00:00","mainEntityOfPage":{"@id":"https:\/\/www.reconoce.mx\/?p=68416"},"wordCount":470,"commentCount":0,"publisher":{"@id":"http:\/\/www.reconoce.mx\/#organization"},"image":{"@id":"https:\/\/www.reconoce.mx\/?p=68416#primaryimage"},"thumbnailUrl":"http:\/\/www.reconoce.mx\/wp-content\/uploads\/2017\/12\/macabro-lozano.png","articleSection":["Cine","Cultura","Principal"],"inLanguage":"es","potentialAction":[{"@type":"CommentAction","name":"Comment","target":["https:\/\/www.reconoce.mx\/?p=68416#respond"]}]},{"@type":"WebPage","@id":"https:\/\/www.reconoce.mx\/?p=68416","url":"https:\/\/www.reconoce.mx\/?p=68416","name":"M\u00f3rbido anuncia alianza con la reconocida productora M\u00f3nica Lozano &#171; Reconoce MX","isPartOf":{"@id":"http:\/\/www.reconoce.mx\/#website"},"primaryImageOfPage":{"@id":"https:\/\/www.reconoce.mx\/?p=68416#primaryimage"},"image":{"@id":"https:\/\/www.reconoce.mx\/?p=68416#primaryimage"},"thumbnailUrl":"http:\/\/www.reconoce.mx\/wp-content\/uploads\/2017\/12\/macabro-lozano.png","datePublished":"2017-12-22T06:02:11+00:00","breadcrumb":{"@id":"https:\/\/www.reconoce.mx\/?p=68416#breadcrumb"},"inLanguage":"es","potentialAction":[{"@type":"ReadAction","target":["https:\/\/www.reconoce.mx\/?p=68416"]}]},{"@type":"ImageObject","inLanguage":"es","@id":"https:\/\/www.reconoce.mx\/?p=68416#primaryimage","url":"http:\/\/www.reconoce.mx\/wp-content\/uploads\/2017\/12\/macabro-lozano.png","contentUrl":"http:\/\/www.reconoce.mx\/wp-content\/uploads\/2017\/12\/macabro-lozano.png","width":590,"height":380},{"@type":"BreadcrumbList","@id":"https:\/\/www.reconoce.mx\/?p=68416#breadcrumb","itemListElement":[{"@type":"ListItem","position":1,"name":"Portada","item":"http:\/\/www.reconoce.mx\/"},{"@type":"ListItem","position":2,"name":"M\u00f3rbido anuncia alianza con la reconocida productora M\u00f3nica Lozano"}]},{"@type":"WebSite","@id":"http:\/\/www.reconoce.mx\/#website","url":"http:\/\/www.reconoce.mx\/","name":"Reconoce MX","description":"En Reconoce MX difundimos arte, cultura y conciencia social en M\u00e9xico. Tu ciudad en otra perspectiva.","publisher":{"@id":"http:\/\/www.reconoce.mx\/#organization"},"potentialAction":[{"@type":"SearchAction","target":{"@type":"EntryPoint","urlTemplate":"http:\/\/www.reconoce.mx\/?s={search_term_string}"},"query-input":{"@type":"PropertyValueSpecification","valueRequired":true,"valueName":"search_term_string"}}],"inLanguage":"es"},{"@type":"Organization","@id":"http:\/\/www.reconoce.mx\/#organization","name":"Reconoce MX","url":"http:\/\/www.reconoce.mx\/","logo":{"@type":"ImageObject","inLanguage":"es","@id":"http:\/\/www.reconoce.mx\/#\/schema\/logo\/image\/","url":"https:\/\/www.reconoce.mx\/wp-content\/uploads\/2019\/03\/logorcmx-good-1.png","contentUrl":"https:\/\/www.reconoce.mx\/wp-content\/uploads\/2019\/03\/logorcmx-good-1.png","width":280,"height":90,"caption":"Reconoce MX"},"image":{"@id":"http:\/\/www.reconoce.mx\/#\/schema\/logo\/image\/"},"sameAs":["https:\/\/es-la.facebook.com\/ReconoceMX\/","https:\/\/x.com\/reconocemx","http:\/\/@reconocemx"]},{"@type":"Person","@id":"http:\/\/www.reconoce.mx\/#\/schema\/person\/2117e997d7051dc15d6880eaf9bca0b2","name":"Reconoce MX","image":{"@type":"ImageObject","inLanguage":"es","@id":"http:\/\/www.reconoce.mx\/#\/schema\/person\/image\/","url":"https:\/\/secure.gravatar.com\/avatar\/6c8d4dc7569ca1c90c5fdcc349f839d5ddef6fe1e70b4337ead2ef1a4c43fc3a?s=96&d=identicon&r=g","contentUrl":"https:\/\/secure.gravatar.com\/avatar\/6c8d4dc7569ca1c90c5fdcc349f839d5ddef6fe1e70b4337ead2ef1a4c43fc3a?s=96&d=identicon&r=g","caption":"Reconoce MX"},"description":"Reconoce MX es un proyecto de difusi\u00f3n art\u00edstica, cultural y de conciencia social que est\u00e1 enfocado a difundir y fomentar el entretenimiento alternativo de calidad para todo el p\u00fablico que comparta el mismo entusiasmo.","sameAs":["http:\/\/www.reconoce.mx"],"url":"http:\/\/www.reconoce.mx\/?author=2"}]}},"_links":{"self":[{"href":"http:\/\/www.reconoce.mx\/index.php?rest_route=\/wp\/v2\/posts\/68416","targetHints":{"allow":["GET"]}}],"collection":[{"href":"http:\/\/www.reconoce.mx\/index.php?rest_route=\/wp\/v2\/posts"}],"about":[{"href":"http:\/\/www.reconoce.mx\/index.php?rest_route=\/wp\/v2\/types\/post"}],"author":[{"embeddable":true,"href":"http:\/\/www.reconoce.mx\/index.php?rest_route=\/wp\/v2\/users\/2"}],"replies":[{"embeddable":true,"href":"http:\/\/www.reconoce.mx\/index.php?rest_route=%2Fwp%2Fv2%2Fcomments&post=68416"}],"version-history":[{"count":2,"href":"http:\/\/www.reconoce.mx\/index.php?rest_route=\/wp\/v2\/posts\/68416\/revisions"}],"predecessor-version":[{"id":68419,"href":"http:\/\/www.reconoce.mx\/index.php?rest_route=\/wp\/v2\/posts\/68416\/revisions\/68419"}],"wp:featuredmedia":[{"embeddable":true,"href":"http:\/\/www.reconoce.mx\/index.php?rest_route=\/wp\/v2\/media\/68417"}],"wp:attachment":[{"href":"http:\/\/www.reconoce.mx\/index.php?rest_route=%2Fwp%2Fv2%2Fmedia&parent=68416"}],"wp:term":[{"taxonomy":"category","embeddable":true,"href":"http:\/\/www.reconoce.mx\/index.php?rest_route=%2Fwp%2Fv2%2Fcategories&post=68416"},{"taxonomy":"post_tag","embeddable":true,"href":"http:\/\/www.reconoce.mx\/index.php?rest_route=%2Fwp%2Fv2%2Ftags&post=68416"}],"curies":[{"name":"wp","href":"https:\/\/api.w.org\/{rel}","templated":true}]}}