{"id":68567,"date":"2017-12-07T00:04:01","date_gmt":"2017-12-07T06:04:01","guid":{"rendered":"http:\/\/www.reconoce.mx\/?p=68567"},"modified":"2017-12-07T17:21:23","modified_gmt":"2017-12-07T23:21:23","slug":"fobia-estan-de-regreso-y-celebraran-30-anos-de-carrera","status":"publish","type":"post","link":"http:\/\/www.reconoce.mx\/?p=68567","title":{"rendered":"Fobia est\u00e1n de regreso y celebrar\u00e1n 30 a\u00f1os de carrera"},"content":{"rendered":"<p><strong>Texto y fotos por <a href=\"https:\/\/twitter.com\/soandreea\" target=\"_blank\" rel=\"noopener\">Andrea Ram\u00edrez<\/a><\/strong>.<\/p>\n<p>Despu\u00e9s de 6 a\u00f1os sin tocar y la separaci\u00f3n de <strong>Fobia<\/strong> se vuelven a reunir <strong>Leonardo de Lozanne<\/strong>, <strong>I\u00f1aki V\u00e1zquez<\/strong>, <strong>Javier \u00abEl Cha!\u00bb Ram\u00edrez<\/strong> y <strong>Jay de la Cueva<\/strong> para celebrar los 30 a\u00f1os de <strong>Fobia<\/strong>, con shows por M\u00e9xico, Estados Unidos y Sudam\u00e9rica.<\/p>\n<p><a href=\"http:\/\/www.reconoce.mx\/wp-content\/uploads\/2017\/12\/WhatsApp-Image-2017-12-02-at-11.39.02-PM-1.jpeg\"><img loading=\"lazy\" decoding=\"async\" class=\"aligncenter size-full wp-image-68570\" src=\"http:\/\/www.reconoce.mx\/wp-content\/uploads\/2017\/12\/WhatsApp-Image-2017-12-02-at-11.39.02-PM-1.jpeg\" alt=\"\" width=\"1280\" height=\"853\" srcset=\"http:\/\/www.reconoce.mx\/wp-content\/uploads\/2017\/12\/WhatsApp-Image-2017-12-02-at-11.39.02-PM-1.jpeg 1280w, http:\/\/www.reconoce.mx\/wp-content\/uploads\/2017\/12\/WhatsApp-Image-2017-12-02-at-11.39.02-PM-1-300x200.jpeg 300w, http:\/\/www.reconoce.mx\/wp-content\/uploads\/2017\/12\/WhatsApp-Image-2017-12-02-at-11.39.02-PM-1-768x512.jpeg 768w, http:\/\/www.reconoce.mx\/wp-content\/uploads\/2017\/12\/WhatsApp-Image-2017-12-02-at-11.39.02-PM-1-1024x682.jpeg 1024w, http:\/\/www.reconoce.mx\/wp-content\/uploads\/2017\/12\/WhatsApp-Image-2017-12-02-at-11.39.02-PM-1-150x100.jpeg 150w, http:\/\/www.reconoce.mx\/wp-content\/uploads\/2017\/12\/WhatsApp-Image-2017-12-02-at-11.39.02-PM-1-700x466.jpeg 700w, http:\/\/www.reconoce.mx\/wp-content\/uploads\/2017\/12\/WhatsApp-Image-2017-12-02-at-11.39.02-PM-1-658x438.jpeg 658w\" sizes=\"auto, (max-width: 1280px) 100vw, 1280px\" \/><\/a><\/p>\n<p>Con esta celebraci\u00f3n llega tambi\u00e9n un <em>box set<\/em> para todos los coleccionistas de vinil en el que se incluyen 6 discos de estudio en LP. \u00abHacerlo como especie de colecci\u00f3n porque s\u00ed, se est\u00e1 resumiendo de alguna manera una historia de 30 a\u00f1os\u00bb, coment\u00f3 \u00abCha!\u00bb.<\/p>\n<p>Tras la separaci\u00f3n de la banda en 2012, despu\u00e9s del lanzamiento de \u00abDestruye hogares\u00bb, mencionaron que el mismo p\u00fablico fue esencial para \u00e9sta reuni\u00f3n. \u00abEl ver que la gente nos quiere seguir escuchando y sigue queriendo comprar el <em>box set<\/em> y sigue queriendo escuchar, es un gran est\u00edmulo para nosotros\u00bb, mencion\u00f3 Leo.<\/p>\n<p><strong>Jay de la Cueva<\/strong>, el cual form\u00f3 parte de la alineaci\u00f3n en 2005, expres\u00f3 su emoci\u00f3n y nostalgia por esta reuni\u00f3n.<\/p>\n<p>Los shows se dar\u00e1n a conocer por medio de redes sociales de la banda (<a href=\"https:\/\/www.facebook.com\/Fobia--229125910447257\/\" target=\"_blank\" rel=\"noopener\">Facebook<\/a>, <a href=\"https:\/\/twitter.com\/fobiamx?lang=es\" target=\"_blank\" rel=\"noopener\">Twitter<\/a>, <a href=\"https:\/\/twitter.com\/fobiamx?lang=es\" target=\"_blank\" rel=\"noopener\">Instagram<\/a>), mientras que el <em>box set<\/em> ya est\u00e1 a la venta.<\/p>\n<p>&nbsp;<\/p>\n<p>&nbsp;<\/p>\n","protected":false},"excerpt":{"rendered":"<p> Despu\u00e9s de 6 a\u00f1os sin tocar y la separaci\u00f3n de Fobia se vuelven a reunir Leonardo de Lozanne, I\u00f1aki V\u00e1zquez, Javier \u00abEl Cha!\u00bb Ram\u00edrez y Jay de la Cueva para celebrar los 30 a\u00f1os de Fobia, con shows por M\u00e9xico, Estados Unidos y Sudam\u00e9rica.<\/p>\n","protected":false},"author":2,"featured_media":68569,"comment_status":"open","ping_status":"open","sticky":false,"template":"","format":"standard","meta":{"footnotes":""},"categories":[1,18,17],"tags":[],"class_list":["post-68567","post","type-post","status-publish","format-standard","has-post-thumbnail","hentry","category-cultura","category-musica","category-principal"],"yoast_head":"<!-- This site is optimized with the Yoast SEO plugin v24.7 - https:\/\/yoast.com\/wordpress\/plugins\/seo\/ -->\n<title>Fobia est\u00e1n de regreso y celebrar\u00e1n 30 a\u00f1os de carrera &#171; Reconoce MX<\/title>\n<meta name=\"robots\" content=\"index, follow, max-snippet:-1, max-image-preview:large, max-video-preview:-1\" \/>\n<link rel=\"canonical\" href=\"https:\/\/www.reconoce.mx\/?p=68567\" \/>\n<meta property=\"og:locale\" content=\"es_ES\" \/>\n<meta property=\"og:type\" content=\"article\" \/>\n<meta property=\"og:title\" content=\"Fobia est\u00e1n de regreso y celebrar\u00e1n 30 a\u00f1os de carrera &#171; Reconoce MX\" \/>\n<meta property=\"og:description\" content=\"Despu\u00e9s de 6 a\u00f1os sin tocar y la separaci\u00f3n de Fobia se vuelven a reunir Leonardo de Lozanne, I\u00f1aki V\u00e1zquez, Javier &quot;El Cha!&quot; Ram\u00edrez y Jay de la Cueva para celebrar los 30 a\u00f1os de Fobia, con shows por M\u00e9xico, Estados Unidos y Sudam\u00e9rica.\" \/>\n<meta property=\"og:url\" content=\"https:\/\/www.reconoce.mx\/?p=68567\" \/>\n<meta property=\"og:site_name\" content=\"Reconoce MX\" \/>\n<meta property=\"article:publisher\" content=\"https:\/\/es-la.facebook.com\/ReconoceMX\/\" \/>\n<meta property=\"article:published_time\" content=\"2017-12-07T06:04:01+00:00\" \/>\n<meta property=\"article:modified_time\" content=\"2017-12-07T23:21:23+00:00\" \/>\n<meta property=\"og:image\" content=\"https:\/\/www.reconoce.mx\/wp-content\/uploads\/2017\/12\/fobia.png\" \/>\n\t<meta property=\"og:image:width\" content=\"590\" \/>\n\t<meta property=\"og:image:height\" content=\"380\" \/>\n\t<meta property=\"og:image:type\" content=\"image\/png\" \/>\n<meta name=\"author\" content=\"Reconoce MX\" \/>\n<meta name=\"twitter:card\" content=\"summary_large_image\" \/>\n<meta name=\"twitter:creator\" content=\"@reconocemx\" \/>\n<meta name=\"twitter:site\" content=\"@reconocemx\" \/>\n<meta name=\"twitter:label1\" content=\"Escrito por\" \/>\n\t<meta name=\"twitter:data1\" content=\"Reconoce MX\" \/>\n\t<meta name=\"twitter:label2\" content=\"Tiempo de lectura\" \/>\n\t<meta name=\"twitter:data2\" content=\"1 minuto\" \/>\n<script type=\"application\/ld+json\" class=\"yoast-schema-graph\">{\"@context\":\"https:\/\/schema.org\",\"@graph\":[{\"@type\":\"Article\",\"@id\":\"https:\/\/www.reconoce.mx\/?p=68567#article\",\"isPartOf\":{\"@id\":\"https:\/\/www.reconoce.mx\/?p=68567\"},\"author\":{\"name\":\"Reconoce MX\",\"@id\":\"http:\/\/www.reconoce.mx\/#\/schema\/person\/2117e997d7051dc15d6880eaf9bca0b2\"},\"headline\":\"Fobia est\u00e1n de regreso y celebrar\u00e1n 30 a\u00f1os de carrera\",\"datePublished\":\"2017-12-07T06:04:01+00:00\",\"dateModified\":\"2017-12-07T23:21:23+00:00\",\"mainEntityOfPage\":{\"@id\":\"https:\/\/www.reconoce.mx\/?p=68567\"},\"wordCount\":226,\"commentCount\":0,\"publisher\":{\"@id\":\"http:\/\/www.reconoce.mx\/#organization\"},\"image\":{\"@id\":\"https:\/\/www.reconoce.mx\/?p=68567#primaryimage\"},\"thumbnailUrl\":\"http:\/\/www.reconoce.mx\/wp-content\/uploads\/2017\/12\/fobia.png\",\"articleSection\":[\"Cultura\",\"M\u00fasica\",\"Principal\"],\"inLanguage\":\"es\",\"potentialAction\":[{\"@type\":\"CommentAction\",\"name\":\"Comment\",\"target\":[\"https:\/\/www.reconoce.mx\/?p=68567#respond\"]}]},{\"@type\":\"WebPage\",\"@id\":\"https:\/\/www.reconoce.mx\/?p=68567\",\"url\":\"https:\/\/www.reconoce.mx\/?p=68567\",\"name\":\"Fobia est\u00e1n de regreso y celebrar\u00e1n 30 a\u00f1os de carrera &#171; Reconoce MX\",\"isPartOf\":{\"@id\":\"http:\/\/www.reconoce.mx\/#website\"},\"primaryImageOfPage\":{\"@id\":\"https:\/\/www.reconoce.mx\/?p=68567#primaryimage\"},\"image\":{\"@id\":\"https:\/\/www.reconoce.mx\/?p=68567#primaryimage\"},\"thumbnailUrl\":\"http:\/\/www.reconoce.mx\/wp-content\/uploads\/2017\/12\/fobia.png\",\"datePublished\":\"2017-12-07T06:04:01+00:00\",\"dateModified\":\"2017-12-07T23:21:23+00:00\",\"breadcrumb\":{\"@id\":\"https:\/\/www.reconoce.mx\/?p=68567#breadcrumb\"},\"inLanguage\":\"es\",\"potentialAction\":[{\"@type\":\"ReadAction\",\"target\":[\"https:\/\/www.reconoce.mx\/?p=68567\"]}]},{\"@type\":\"ImageObject\",\"inLanguage\":\"es\",\"@id\":\"https:\/\/www.reconoce.mx\/?p=68567#primaryimage\",\"url\":\"http:\/\/www.reconoce.mx\/wp-content\/uploads\/2017\/12\/fobia.png\",\"contentUrl\":\"http:\/\/www.reconoce.mx\/wp-content\/uploads\/2017\/12\/fobia.png\",\"width\":590,\"height\":380},{\"@type\":\"BreadcrumbList\",\"@id\":\"https:\/\/www.reconoce.mx\/?p=68567#breadcrumb\",\"itemListElement\":[{\"@type\":\"ListItem\",\"position\":1,\"name\":\"Portada\",\"item\":\"http:\/\/www.reconoce.mx\/\"},{\"@type\":\"ListItem\",\"position\":2,\"name\":\"Fobia est\u00e1n de regreso y celebrar\u00e1n 30 a\u00f1os de carrera\"}]},{\"@type\":\"WebSite\",\"@id\":\"http:\/\/www.reconoce.mx\/#website\",\"url\":\"http:\/\/www.reconoce.mx\/\",\"name\":\"Reconoce MX\",\"description\":\"En Reconoce MX difundimos arte, cultura y conciencia social en M\u00e9xico. Tu ciudad en otra perspectiva.\",\"publisher\":{\"@id\":\"http:\/\/www.reconoce.mx\/#organization\"},\"potentialAction\":[{\"@type\":\"SearchAction\",\"target\":{\"@type\":\"EntryPoint\",\"urlTemplate\":\"http:\/\/www.reconoce.mx\/?s={search_term_string}\"},\"query-input\":{\"@type\":\"PropertyValueSpecification\",\"valueRequired\":true,\"valueName\":\"search_term_string\"}}],\"inLanguage\":\"es\"},{\"@type\":\"Organization\",\"@id\":\"http:\/\/www.reconoce.mx\/#organization\",\"name\":\"Reconoce MX\",\"url\":\"http:\/\/www.reconoce.mx\/\",\"logo\":{\"@type\":\"ImageObject\",\"inLanguage\":\"es\",\"@id\":\"http:\/\/www.reconoce.mx\/#\/schema\/logo\/image\/\",\"url\":\"https:\/\/www.reconoce.mx\/wp-content\/uploads\/2019\/03\/logorcmx-good-1.png\",\"contentUrl\":\"https:\/\/www.reconoce.mx\/wp-content\/uploads\/2019\/03\/logorcmx-good-1.png\",\"width\":280,\"height\":90,\"caption\":\"Reconoce MX\"},\"image\":{\"@id\":\"http:\/\/www.reconoce.mx\/#\/schema\/logo\/image\/\"},\"sameAs\":[\"https:\/\/es-la.facebook.com\/ReconoceMX\/\",\"https:\/\/x.com\/reconocemx\",\"http:\/\/@reconocemx\"]},{\"@type\":\"Person\",\"@id\":\"http:\/\/www.reconoce.mx\/#\/schema\/person\/2117e997d7051dc15d6880eaf9bca0b2\",\"name\":\"Reconoce MX\",\"image\":{\"@type\":\"ImageObject\",\"inLanguage\":\"es\",\"@id\":\"http:\/\/www.reconoce.mx\/#\/schema\/person\/image\/\",\"url\":\"https:\/\/secure.gravatar.com\/avatar\/6c8d4dc7569ca1c90c5fdcc349f839d5ddef6fe1e70b4337ead2ef1a4c43fc3a?s=96&d=identicon&r=g\",\"contentUrl\":\"https:\/\/secure.gravatar.com\/avatar\/6c8d4dc7569ca1c90c5fdcc349f839d5ddef6fe1e70b4337ead2ef1a4c43fc3a?s=96&d=identicon&r=g\",\"caption\":\"Reconoce MX\"},\"description\":\"Reconoce MX es un proyecto de difusi\u00f3n art\u00edstica, cultural y de conciencia social que est\u00e1 enfocado a difundir y fomentar el entretenimiento alternativo de calidad para todo el p\u00fablico que comparta el mismo entusiasmo.\",\"sameAs\":[\"http:\/\/www.reconoce.mx\"],\"url\":\"http:\/\/www.reconoce.mx\/?author=2\"}]}<\/script>\n<!-- \/ Yoast SEO plugin. -->","yoast_head_json":{"title":"Fobia est\u00e1n de regreso y celebrar\u00e1n 30 a\u00f1os de carrera &#171; Reconoce MX","robots":{"index":"index","follow":"follow","max-snippet":"max-snippet:-1","max-image-preview":"max-image-preview:large","max-video-preview":"max-video-preview:-1"},"canonical":"https:\/\/www.reconoce.mx\/?p=68567","og_locale":"es_ES","og_type":"article","og_title":"Fobia est\u00e1n de regreso y celebrar\u00e1n 30 a\u00f1os de carrera &#171; Reconoce MX","og_description":"Despu\u00e9s de 6 a\u00f1os sin tocar y la separaci\u00f3n de Fobia se vuelven a reunir Leonardo de Lozanne, I\u00f1aki V\u00e1zquez, Javier \"El Cha!\" Ram\u00edrez y Jay de la Cueva para celebrar los 30 a\u00f1os de Fobia, con shows por M\u00e9xico, Estados Unidos y Sudam\u00e9rica.","og_url":"https:\/\/www.reconoce.mx\/?p=68567","og_site_name":"Reconoce MX","article_publisher":"https:\/\/es-la.facebook.com\/ReconoceMX\/","article_published_time":"2017-12-07T06:04:01+00:00","article_modified_time":"2017-12-07T23:21:23+00:00","og_image":[{"width":590,"height":380,"url":"https:\/\/www.reconoce.mx\/wp-content\/uploads\/2017\/12\/fobia.png","type":"image\/png"}],"author":"Reconoce MX","twitter_card":"summary_large_image","twitter_creator":"@reconocemx","twitter_site":"@reconocemx","twitter_misc":{"Escrito por":"Reconoce MX","Tiempo de lectura":"1 minuto"},"schema":{"@context":"https:\/\/schema.org","@graph":[{"@type":"Article","@id":"https:\/\/www.reconoce.mx\/?p=68567#article","isPartOf":{"@id":"https:\/\/www.reconoce.mx\/?p=68567"},"author":{"name":"Reconoce MX","@id":"http:\/\/www.reconoce.mx\/#\/schema\/person\/2117e997d7051dc15d6880eaf9bca0b2"},"headline":"Fobia est\u00e1n de regreso y celebrar\u00e1n 30 a\u00f1os de carrera","datePublished":"2017-12-07T06:04:01+00:00","dateModified":"2017-12-07T23:21:23+00:00","mainEntityOfPage":{"@id":"https:\/\/www.reconoce.mx\/?p=68567"},"wordCount":226,"commentCount":0,"publisher":{"@id":"http:\/\/www.reconoce.mx\/#organization"},"image":{"@id":"https:\/\/www.reconoce.mx\/?p=68567#primaryimage"},"thumbnailUrl":"http:\/\/www.reconoce.mx\/wp-content\/uploads\/2017\/12\/fobia.png","articleSection":["Cultura","M\u00fasica","Principal"],"inLanguage":"es","potentialAction":[{"@type":"CommentAction","name":"Comment","target":["https:\/\/www.reconoce.mx\/?p=68567#respond"]}]},{"@type":"WebPage","@id":"https:\/\/www.reconoce.mx\/?p=68567","url":"https:\/\/www.reconoce.mx\/?p=68567","name":"Fobia est\u00e1n de regreso y celebrar\u00e1n 30 a\u00f1os de carrera &#171; Reconoce MX","isPartOf":{"@id":"http:\/\/www.reconoce.mx\/#website"},"primaryImageOfPage":{"@id":"https:\/\/www.reconoce.mx\/?p=68567#primaryimage"},"image":{"@id":"https:\/\/www.reconoce.mx\/?p=68567#primaryimage"},"thumbnailUrl":"http:\/\/www.reconoce.mx\/wp-content\/uploads\/2017\/12\/fobia.png","datePublished":"2017-12-07T06:04:01+00:00","dateModified":"2017-12-07T23:21:23+00:00","breadcrumb":{"@id":"https:\/\/www.reconoce.mx\/?p=68567#breadcrumb"},"inLanguage":"es","potentialAction":[{"@type":"ReadAction","target":["https:\/\/www.reconoce.mx\/?p=68567"]}]},{"@type":"ImageObject","inLanguage":"es","@id":"https:\/\/www.reconoce.mx\/?p=68567#primaryimage","url":"http:\/\/www.reconoce.mx\/wp-content\/uploads\/2017\/12\/fobia.png","contentUrl":"http:\/\/www.reconoce.mx\/wp-content\/uploads\/2017\/12\/fobia.png","width":590,"height":380},{"@type":"BreadcrumbList","@id":"https:\/\/www.reconoce.mx\/?p=68567#breadcrumb","itemListElement":[{"@type":"ListItem","position":1,"name":"Portada","item":"http:\/\/www.reconoce.mx\/"},{"@type":"ListItem","position":2,"name":"Fobia est\u00e1n de regreso y celebrar\u00e1n 30 a\u00f1os de carrera"}]},{"@type":"WebSite","@id":"http:\/\/www.reconoce.mx\/#website","url":"http:\/\/www.reconoce.mx\/","name":"Reconoce MX","description":"En Reconoce MX difundimos arte, cultura y conciencia social en M\u00e9xico. Tu ciudad en otra perspectiva.","publisher":{"@id":"http:\/\/www.reconoce.mx\/#organization"},"potentialAction":[{"@type":"SearchAction","target":{"@type":"EntryPoint","urlTemplate":"http:\/\/www.reconoce.mx\/?s={search_term_string}"},"query-input":{"@type":"PropertyValueSpecification","valueRequired":true,"valueName":"search_term_string"}}],"inLanguage":"es"},{"@type":"Organization","@id":"http:\/\/www.reconoce.mx\/#organization","name":"Reconoce MX","url":"http:\/\/www.reconoce.mx\/","logo":{"@type":"ImageObject","inLanguage":"es","@id":"http:\/\/www.reconoce.mx\/#\/schema\/logo\/image\/","url":"https:\/\/www.reconoce.mx\/wp-content\/uploads\/2019\/03\/logorcmx-good-1.png","contentUrl":"https:\/\/www.reconoce.mx\/wp-content\/uploads\/2019\/03\/logorcmx-good-1.png","width":280,"height":90,"caption":"Reconoce MX"},"image":{"@id":"http:\/\/www.reconoce.mx\/#\/schema\/logo\/image\/"},"sameAs":["https:\/\/es-la.facebook.com\/ReconoceMX\/","https:\/\/x.com\/reconocemx","http:\/\/@reconocemx"]},{"@type":"Person","@id":"http:\/\/www.reconoce.mx\/#\/schema\/person\/2117e997d7051dc15d6880eaf9bca0b2","name":"Reconoce MX","image":{"@type":"ImageObject","inLanguage":"es","@id":"http:\/\/www.reconoce.mx\/#\/schema\/person\/image\/","url":"https:\/\/secure.gravatar.com\/avatar\/6c8d4dc7569ca1c90c5fdcc349f839d5ddef6fe1e70b4337ead2ef1a4c43fc3a?s=96&d=identicon&r=g","contentUrl":"https:\/\/secure.gravatar.com\/avatar\/6c8d4dc7569ca1c90c5fdcc349f839d5ddef6fe1e70b4337ead2ef1a4c43fc3a?s=96&d=identicon&r=g","caption":"Reconoce MX"},"description":"Reconoce MX es un proyecto de difusi\u00f3n art\u00edstica, cultural y de conciencia social que est\u00e1 enfocado a difundir y fomentar el entretenimiento alternativo de calidad para todo el p\u00fablico que comparta el mismo entusiasmo.","sameAs":["http:\/\/www.reconoce.mx"],"url":"http:\/\/www.reconoce.mx\/?author=2"}]}},"_links":{"self":[{"href":"http:\/\/www.reconoce.mx\/index.php?rest_route=\/wp\/v2\/posts\/68567","targetHints":{"allow":["GET"]}}],"collection":[{"href":"http:\/\/www.reconoce.mx\/index.php?rest_route=\/wp\/v2\/posts"}],"about":[{"href":"http:\/\/www.reconoce.mx\/index.php?rest_route=\/wp\/v2\/types\/post"}],"author":[{"embeddable":true,"href":"http:\/\/www.reconoce.mx\/index.php?rest_route=\/wp\/v2\/users\/2"}],"replies":[{"embeddable":true,"href":"http:\/\/www.reconoce.mx\/index.php?rest_route=%2Fwp%2Fv2%2Fcomments&post=68567"}],"version-history":[{"count":2,"href":"http:\/\/www.reconoce.mx\/index.php?rest_route=\/wp\/v2\/posts\/68567\/revisions"}],"predecessor-version":[{"id":68572,"href":"http:\/\/www.reconoce.mx\/index.php?rest_route=\/wp\/v2\/posts\/68567\/revisions\/68572"}],"wp:featuredmedia":[{"embeddable":true,"href":"http:\/\/www.reconoce.mx\/index.php?rest_route=\/wp\/v2\/media\/68569"}],"wp:attachment":[{"href":"http:\/\/www.reconoce.mx\/index.php?rest_route=%2Fwp%2Fv2%2Fmedia&parent=68567"}],"wp:term":[{"taxonomy":"category","embeddable":true,"href":"http:\/\/www.reconoce.mx\/index.php?rest_route=%2Fwp%2Fv2%2Fcategories&post=68567"},{"taxonomy":"post_tag","embeddable":true,"href":"http:\/\/www.reconoce.mx\/index.php?rest_route=%2Fwp%2Fv2%2Ftags&post=68567"}],"curies":[{"name":"wp","href":"https:\/\/api.w.org\/{rel}","templated":true}]}}