{"id":68716,"date":"2017-12-12T00:05:07","date_gmt":"2017-12-12T06:05:07","guid":{"rendered":"http:\/\/www.reconoce.mx\/?p=68716"},"modified":"2017-12-12T12:52:47","modified_gmt":"2017-12-12T18:52:47","slug":"little-jesus-y-la-orquesta-fantasma-en-teatro-de-la-ciudad","status":"publish","type":"post","link":"http:\/\/www.reconoce.mx\/?p=68716","title":{"rendered":"Little Jesus y la Orquesta Fantasma en Teatro de la Ciudad"},"content":{"rendered":"<p><strong>Texto por <a href=\"https:\/\/twitter.com\/soandreea\" target=\"_blank\" rel=\"noopener\">Andrea Ram\u00edrez<\/a><\/strong>.<br \/>\n<strong>Fotos por <a href=\"https:\/\/twitter.com\/Alexis_Smithxcv\" target=\"_blank\" rel=\"noopener\">Alexis Castillo<\/a><\/strong>.<\/p>\n<p style=\"text-align: right;\"><em>\u00abLas noches son nuestras especialidad\u00bb.<\/em><\/p>\n<p>Lo prometido fue deuda, <strong>Little Jesus<\/strong> explot\u00f3 el <strong>Teatro de la Ciudad<\/strong> con magia, m\u00fasica, emociones, luces, invitados especiales, rosas, bailes y una gran presentaci\u00f3n.<\/p>\n<p><img loading=\"lazy\" decoding=\"async\" class=\"alignnone size-full\" src=\"https:\/\/c1.staticflickr.com\/5\/4573\/24145262507_95c011556e_c.jpg\" width=\"800\" height=\"534\" \/><\/p>\n<p><em><strong>&gt;&gt;<a href=\"https:\/\/www.flickr.com\/photos\/reconocemx\/albums\/72157661531008127\" target=\"_blank\" rel=\"noopener\">Disfruta nuestra galer\u00eda completa de Little Jesus en el Teatro de la Ciudad<\/a><a href=\"https:\/\/www.flickr.com\/photos\/reconocemx\/albums\/72157688300446482\" target=\"_blank\" rel=\"noopener\"><\/a>&lt;&lt;<\/strong><\/em><\/p>\n<p>La agrupaci\u00f3n mexicana regal\u00f3 una locura en el <strong>Teatro de la Ciudad \u201cEsperanza Iris\u201d, <\/strong>junto con la <strong>Orquesta Fantasma<\/strong> dirigida por <strong>Josefa <\/strong>y<strong> Esperanza de Velasco<\/strong> y los arreglos de <strong>Arturo V\u00e1zquez-Vela<\/strong>. \u00abR\u00edo Salvaje\u00bb y \u00abNorte\u00bb fueron renovados para dar la sorpresa que tanto se esperaba.<\/p>\n<p>Los fans siguieron las reglas, fue una noche de gala; chicos en traje, chicas en vestido, rosas rojas para la agrupaci\u00f3n, \u00a1qu\u00e9 noche!<\/p>\n<h2><strong>Primer tiempo.<\/strong><\/h2>\n<p>Con una \u00faltima \u00abola humana\u00bb por parte de la <strong>Orquesta Fantasma<\/strong> y la entrada de <strong>Josefa Velasco<\/strong> al escenario, \u00abNuevos amigos\u00bb con un toque de orquesta son\u00f3 en todo el teatro junto con la entrada de <strong>Santiago Casillas<\/strong>, vocalista de la agrupaci\u00f3n; el coro se acercaba y la banda por completo entraba. <strong>Fernando Bueno<\/strong>,<strong> Carlos Medina<\/strong> y <strong>Juan S\u00e1nchez<\/strong> aparecieron por la parte izquierda del escenario, tomaron sus instrumentos y empezaron.<\/p>\n<p><img loading=\"lazy\" decoding=\"async\" class=\"alignnone size-full\" src=\"https:\/\/c1.staticflickr.com\/5\/4585\/27231595319_08056d3428_c.jpg\" width=\"800\" height=\"534\" \/><\/p>\n<p><em><strong>&gt;&gt;<a href=\"https:\/\/www.flickr.com\/photos\/reconocemx\/albums\/72157661531008127\" target=\"_blank\" rel=\"noopener\">Disfruta nuestra galer\u00eda completa de Little Jesus en el Teatro de la Ciudad<\/a>&lt;&lt;<\/strong><\/em><\/p>\n<p><strong>Jay de la Cueva <\/strong>fue el primer invitado especial de la noche, con la banda y la orquesta \u00abMala onda\u00bb tuvo un toque cl\u00e1sico rockero, terminando con un comentario al p\u00fablico y la banda: \u00ab\u00a1Qu\u00e9 viva el esp\u00edritu de la m\u00fasica y se apodere de nosotros \u00e9sta noche!\u00bb.<\/p>\n<p>\u00abNuevo M\u00e9xico\u00bb, \u00abTr\u00e1game tierra\u00bb, \u00abGolden choice\u00bb, \u00abNi\u00f1a bien\u00bb y \u00abLa Magia\u00bb de su segundo material \u00abR\u00edo Salvaje\u00bb fueron las canciones que sonaron en el primer tiempo, d\u00e1ndole tiempo a \u00abSur\u00bb para terminar y marcar el inicio del segundo tiempo.<\/p>\n<h2><strong>Segundo tiempo.<\/strong><\/h2>\n<p>Un aplauso del p\u00fablico marc\u00f3 la entrada del segundo tiempo, la entrada de <strong>Esperanza de Velasco <\/strong>y su invitada especial <strong>Carla Sari\u00f1ana <\/strong>bajista de <strong>Ruido Rosa<\/strong> para cantar \u00abNorte\u00bb con la agrupaci\u00f3n.<\/p>\n<p><img loading=\"lazy\" decoding=\"async\" class=\"alignnone size-full\" src=\"https:\/\/c1.staticflickr.com\/5\/4679\/24145266207_7a5183b268_c.jpg\" width=\"800\" height=\"534\" \/><\/p>\n<p><em><strong>&gt;&gt;<a href=\"https:\/\/www.flickr.com\/photos\/reconocemx\/albums\/72157661531008127\" target=\"_blank\" rel=\"noopener\">Disfruta nuestra galer\u00eda completa de Little Jesus en el Teatro de la Ciudad<\/a>&lt;&lt;<\/strong><\/em><\/p>\n<p>El segundo tiempo remontaba el primer material de <strong>Little Jesus <\/strong>y \u00abQu\u00edmicos\u00bb fue adornada por la compa\u00f1\u00eda de <strong>Chuy Manzanares<\/strong> de <strong>Rom\u00e1nticos de Zacatecas<\/strong>.<\/p>\n<p>Mientras que para \u00abPesadilla\u00bb, \u00abBerl\u00edn\u00bb y \u00abAzul\u00bb, Santiago invit\u00f3 al p\u00fablico a bailar e ir al escenario, el <strong>Teatro de la Ciudad<\/strong> ya sent\u00eda el <em>tropipop<\/em> en sus paredes.<\/p>\n<p>\u00abT.Q.M.\u00bb nos trajo a los invitados especiales de la noche, Jay, Carla y <strong>Nan de Miguel<\/strong> mejor conocida como <strong>Girl Ultra<\/strong>, le dieron el toque rockero de la noche, adornando el escenario con rosas rojas aventadas por el p\u00fablico, el sentimiento de la locura hecha por <strong>Little Jesus<\/strong> se pod\u00eda sentir.<\/p>\n<p>Con una gran sonrisa y un abrazo los chicos se despidieron de su p\u00fablico con un cover, \u00abGood Night\u00bb de <strong>The Beatles<\/strong>, marcaron el final de la noche, siendo la locura una gran presentaci\u00f3n.<\/p>\n<p><strong>\u00a0<\/strong><\/p>\n<p>&nbsp;<\/p>\n","protected":false},"excerpt":{"rendered":"<p>Lo prometido fue deuda, Little Jesus explot\u00f3 el Teatro de la Ciudad con magia, m\u00fasica, emociones, luces, invitados especiales, rosas, bailes y una gran presentaci\u00f3n.<\/p>\n","protected":false},"author":2,"featured_media":68717,"comment_status":"open","ping_status":"open","sticky":false,"template":"","format":"standard","meta":{"footnotes":""},"categories":[1,18,17],"tags":[],"class_list":["post-68716","post","type-post","status-publish","format-standard","has-post-thumbnail","hentry","category-cultura","category-musica","category-principal"],"yoast_head":"<!-- This site is optimized with the Yoast SEO plugin v24.7 - https:\/\/yoast.com\/wordpress\/plugins\/seo\/ -->\n<title>Little Jesus y la Orquesta Fantasma en Teatro de la Ciudad &#171; Reconoce MX<\/title>\n<meta name=\"robots\" content=\"index, follow, max-snippet:-1, max-image-preview:large, max-video-preview:-1\" \/>\n<link rel=\"canonical\" href=\"http:\/\/www.reconoce.mx\/?p=68716\" \/>\n<meta property=\"og:locale\" content=\"es_ES\" \/>\n<meta property=\"og:type\" content=\"article\" \/>\n<meta property=\"og:title\" content=\"Little Jesus y la Orquesta Fantasma en Teatro de la Ciudad &#171; Reconoce MX\" \/>\n<meta property=\"og:description\" content=\"Lo prometido fue deuda, Little Jesus explot\u00f3 el Teatro de la Ciudad con magia, m\u00fasica, emociones, luces, invitados especiales, rosas, bailes y una gran presentaci\u00f3n.\" \/>\n<meta property=\"og:url\" content=\"http:\/\/www.reconoce.mx\/?p=68716\" \/>\n<meta property=\"og:site_name\" content=\"Reconoce MX\" \/>\n<meta property=\"article:publisher\" content=\"https:\/\/es-la.facebook.com\/ReconoceMX\/\" \/>\n<meta property=\"article:published_time\" content=\"2017-12-12T06:05:07+00:00\" \/>\n<meta property=\"article:modified_time\" content=\"2017-12-12T18:52:47+00:00\" \/>\n<meta property=\"og:image\" content=\"http:\/\/www.reconoce.mx\/wp-content\/uploads\/2017\/12\/little-jesus-teatro-de-la-ciudad.png\" \/>\n\t<meta property=\"og:image:width\" content=\"590\" \/>\n\t<meta property=\"og:image:height\" content=\"380\" \/>\n\t<meta property=\"og:image:type\" content=\"image\/png\" \/>\n<meta name=\"author\" content=\"Reconoce MX\" \/>\n<meta name=\"twitter:card\" content=\"summary_large_image\" \/>\n<meta name=\"twitter:creator\" content=\"@reconocemx\" \/>\n<meta name=\"twitter:site\" content=\"@reconocemx\" \/>\n<meta name=\"twitter:label1\" content=\"Escrito por\" \/>\n\t<meta name=\"twitter:data1\" content=\"Reconoce MX\" \/>\n\t<meta name=\"twitter:label2\" content=\"Tiempo de lectura\" \/>\n\t<meta name=\"twitter:data2\" content=\"3 minutos\" \/>\n<script type=\"application\/ld+json\" class=\"yoast-schema-graph\">{\"@context\":\"https:\/\/schema.org\",\"@graph\":[{\"@type\":\"Article\",\"@id\":\"http:\/\/www.reconoce.mx\/?p=68716#article\",\"isPartOf\":{\"@id\":\"http:\/\/www.reconoce.mx\/?p=68716\"},\"author\":{\"name\":\"Reconoce MX\",\"@id\":\"http:\/\/www.reconoce.mx\/#\/schema\/person\/2117e997d7051dc15d6880eaf9bca0b2\"},\"headline\":\"Little Jesus y la Orquesta Fantasma en Teatro de la Ciudad\",\"datePublished\":\"2017-12-12T06:05:07+00:00\",\"dateModified\":\"2017-12-12T18:52:47+00:00\",\"mainEntityOfPage\":{\"@id\":\"http:\/\/www.reconoce.mx\/?p=68716\"},\"wordCount\":538,\"commentCount\":0,\"publisher\":{\"@id\":\"http:\/\/www.reconoce.mx\/#organization\"},\"image\":{\"@id\":\"http:\/\/www.reconoce.mx\/?p=68716#primaryimage\"},\"thumbnailUrl\":\"http:\/\/www.reconoce.mx\/wp-content\/uploads\/2017\/12\/little-jesus-teatro-de-la-ciudad.png\",\"articleSection\":[\"Cultura\",\"M\u00fasica\",\"Principal\"],\"inLanguage\":\"es\",\"potentialAction\":[{\"@type\":\"CommentAction\",\"name\":\"Comment\",\"target\":[\"http:\/\/www.reconoce.mx\/?p=68716#respond\"]}]},{\"@type\":\"WebPage\",\"@id\":\"http:\/\/www.reconoce.mx\/?p=68716\",\"url\":\"http:\/\/www.reconoce.mx\/?p=68716\",\"name\":\"Little Jesus y la Orquesta Fantasma en Teatro de la Ciudad &#171; Reconoce MX\",\"isPartOf\":{\"@id\":\"http:\/\/www.reconoce.mx\/#website\"},\"primaryImageOfPage\":{\"@id\":\"http:\/\/www.reconoce.mx\/?p=68716#primaryimage\"},\"image\":{\"@id\":\"http:\/\/www.reconoce.mx\/?p=68716#primaryimage\"},\"thumbnailUrl\":\"http:\/\/www.reconoce.mx\/wp-content\/uploads\/2017\/12\/little-jesus-teatro-de-la-ciudad.png\",\"datePublished\":\"2017-12-12T06:05:07+00:00\",\"dateModified\":\"2017-12-12T18:52:47+00:00\",\"breadcrumb\":{\"@id\":\"http:\/\/www.reconoce.mx\/?p=68716#breadcrumb\"},\"inLanguage\":\"es\",\"potentialAction\":[{\"@type\":\"ReadAction\",\"target\":[\"http:\/\/www.reconoce.mx\/?p=68716\"]}]},{\"@type\":\"ImageObject\",\"inLanguage\":\"es\",\"@id\":\"http:\/\/www.reconoce.mx\/?p=68716#primaryimage\",\"url\":\"http:\/\/www.reconoce.mx\/wp-content\/uploads\/2017\/12\/little-jesus-teatro-de-la-ciudad.png\",\"contentUrl\":\"http:\/\/www.reconoce.mx\/wp-content\/uploads\/2017\/12\/little-jesus-teatro-de-la-ciudad.png\",\"width\":590,\"height\":380},{\"@type\":\"BreadcrumbList\",\"@id\":\"http:\/\/www.reconoce.mx\/?p=68716#breadcrumb\",\"itemListElement\":[{\"@type\":\"ListItem\",\"position\":1,\"name\":\"Portada\",\"item\":\"http:\/\/www.reconoce.mx\/\"},{\"@type\":\"ListItem\",\"position\":2,\"name\":\"Little Jesus y la Orquesta Fantasma en Teatro de la Ciudad\"}]},{\"@type\":\"WebSite\",\"@id\":\"http:\/\/www.reconoce.mx\/#website\",\"url\":\"http:\/\/www.reconoce.mx\/\",\"name\":\"Reconoce MX\",\"description\":\"En Reconoce MX difundimos arte, cultura y conciencia social en M\u00e9xico. Tu ciudad en otra perspectiva.\",\"publisher\":{\"@id\":\"http:\/\/www.reconoce.mx\/#organization\"},\"potentialAction\":[{\"@type\":\"SearchAction\",\"target\":{\"@type\":\"EntryPoint\",\"urlTemplate\":\"http:\/\/www.reconoce.mx\/?s={search_term_string}\"},\"query-input\":{\"@type\":\"PropertyValueSpecification\",\"valueRequired\":true,\"valueName\":\"search_term_string\"}}],\"inLanguage\":\"es\"},{\"@type\":\"Organization\",\"@id\":\"http:\/\/www.reconoce.mx\/#organization\",\"name\":\"Reconoce MX\",\"url\":\"http:\/\/www.reconoce.mx\/\",\"logo\":{\"@type\":\"ImageObject\",\"inLanguage\":\"es\",\"@id\":\"http:\/\/www.reconoce.mx\/#\/schema\/logo\/image\/\",\"url\":\"https:\/\/www.reconoce.mx\/wp-content\/uploads\/2019\/03\/logorcmx-good-1.png\",\"contentUrl\":\"https:\/\/www.reconoce.mx\/wp-content\/uploads\/2019\/03\/logorcmx-good-1.png\",\"width\":280,\"height\":90,\"caption\":\"Reconoce MX\"},\"image\":{\"@id\":\"http:\/\/www.reconoce.mx\/#\/schema\/logo\/image\/\"},\"sameAs\":[\"https:\/\/es-la.facebook.com\/ReconoceMX\/\",\"https:\/\/x.com\/reconocemx\",\"http:\/\/@reconocemx\"]},{\"@type\":\"Person\",\"@id\":\"http:\/\/www.reconoce.mx\/#\/schema\/person\/2117e997d7051dc15d6880eaf9bca0b2\",\"name\":\"Reconoce MX\",\"image\":{\"@type\":\"ImageObject\",\"inLanguage\":\"es\",\"@id\":\"http:\/\/www.reconoce.mx\/#\/schema\/person\/image\/\",\"url\":\"https:\/\/secure.gravatar.com\/avatar\/6c8d4dc7569ca1c90c5fdcc349f839d5ddef6fe1e70b4337ead2ef1a4c43fc3a?s=96&d=identicon&r=g\",\"contentUrl\":\"https:\/\/secure.gravatar.com\/avatar\/6c8d4dc7569ca1c90c5fdcc349f839d5ddef6fe1e70b4337ead2ef1a4c43fc3a?s=96&d=identicon&r=g\",\"caption\":\"Reconoce MX\"},\"description\":\"Reconoce MX es un proyecto de difusi\u00f3n art\u00edstica, cultural y de conciencia social que est\u00e1 enfocado a difundir y fomentar el entretenimiento alternativo de calidad para todo el p\u00fablico que comparta el mismo entusiasmo.\",\"sameAs\":[\"http:\/\/www.reconoce.mx\"],\"url\":\"http:\/\/www.reconoce.mx\/?author=2\"}]}<\/script>\n<!-- \/ Yoast SEO plugin. -->","yoast_head_json":{"title":"Little Jesus y la Orquesta Fantasma en Teatro de la Ciudad &#171; Reconoce MX","robots":{"index":"index","follow":"follow","max-snippet":"max-snippet:-1","max-image-preview":"max-image-preview:large","max-video-preview":"max-video-preview:-1"},"canonical":"http:\/\/www.reconoce.mx\/?p=68716","og_locale":"es_ES","og_type":"article","og_title":"Little Jesus y la Orquesta Fantasma en Teatro de la Ciudad &#171; Reconoce MX","og_description":"Lo prometido fue deuda, Little Jesus explot\u00f3 el Teatro de la Ciudad con magia, m\u00fasica, emociones, luces, invitados especiales, rosas, bailes y una gran presentaci\u00f3n.","og_url":"http:\/\/www.reconoce.mx\/?p=68716","og_site_name":"Reconoce MX","article_publisher":"https:\/\/es-la.facebook.com\/ReconoceMX\/","article_published_time":"2017-12-12T06:05:07+00:00","article_modified_time":"2017-12-12T18:52:47+00:00","og_image":[{"width":590,"height":380,"url":"http:\/\/www.reconoce.mx\/wp-content\/uploads\/2017\/12\/little-jesus-teatro-de-la-ciudad.png","type":"image\/png"}],"author":"Reconoce MX","twitter_card":"summary_large_image","twitter_creator":"@reconocemx","twitter_site":"@reconocemx","twitter_misc":{"Escrito por":"Reconoce MX","Tiempo de lectura":"3 minutos"},"schema":{"@context":"https:\/\/schema.org","@graph":[{"@type":"Article","@id":"http:\/\/www.reconoce.mx\/?p=68716#article","isPartOf":{"@id":"http:\/\/www.reconoce.mx\/?p=68716"},"author":{"name":"Reconoce MX","@id":"http:\/\/www.reconoce.mx\/#\/schema\/person\/2117e997d7051dc15d6880eaf9bca0b2"},"headline":"Little Jesus y la Orquesta Fantasma en Teatro de la Ciudad","datePublished":"2017-12-12T06:05:07+00:00","dateModified":"2017-12-12T18:52:47+00:00","mainEntityOfPage":{"@id":"http:\/\/www.reconoce.mx\/?p=68716"},"wordCount":538,"commentCount":0,"publisher":{"@id":"http:\/\/www.reconoce.mx\/#organization"},"image":{"@id":"http:\/\/www.reconoce.mx\/?p=68716#primaryimage"},"thumbnailUrl":"http:\/\/www.reconoce.mx\/wp-content\/uploads\/2017\/12\/little-jesus-teatro-de-la-ciudad.png","articleSection":["Cultura","M\u00fasica","Principal"],"inLanguage":"es","potentialAction":[{"@type":"CommentAction","name":"Comment","target":["http:\/\/www.reconoce.mx\/?p=68716#respond"]}]},{"@type":"WebPage","@id":"http:\/\/www.reconoce.mx\/?p=68716","url":"http:\/\/www.reconoce.mx\/?p=68716","name":"Little Jesus y la Orquesta Fantasma en Teatro de la Ciudad &#171; Reconoce MX","isPartOf":{"@id":"http:\/\/www.reconoce.mx\/#website"},"primaryImageOfPage":{"@id":"http:\/\/www.reconoce.mx\/?p=68716#primaryimage"},"image":{"@id":"http:\/\/www.reconoce.mx\/?p=68716#primaryimage"},"thumbnailUrl":"http:\/\/www.reconoce.mx\/wp-content\/uploads\/2017\/12\/little-jesus-teatro-de-la-ciudad.png","datePublished":"2017-12-12T06:05:07+00:00","dateModified":"2017-12-12T18:52:47+00:00","breadcrumb":{"@id":"http:\/\/www.reconoce.mx\/?p=68716#breadcrumb"},"inLanguage":"es","potentialAction":[{"@type":"ReadAction","target":["http:\/\/www.reconoce.mx\/?p=68716"]}]},{"@type":"ImageObject","inLanguage":"es","@id":"http:\/\/www.reconoce.mx\/?p=68716#primaryimage","url":"http:\/\/www.reconoce.mx\/wp-content\/uploads\/2017\/12\/little-jesus-teatro-de-la-ciudad.png","contentUrl":"http:\/\/www.reconoce.mx\/wp-content\/uploads\/2017\/12\/little-jesus-teatro-de-la-ciudad.png","width":590,"height":380},{"@type":"BreadcrumbList","@id":"http:\/\/www.reconoce.mx\/?p=68716#breadcrumb","itemListElement":[{"@type":"ListItem","position":1,"name":"Portada","item":"http:\/\/www.reconoce.mx\/"},{"@type":"ListItem","position":2,"name":"Little Jesus y la Orquesta Fantasma en Teatro de la Ciudad"}]},{"@type":"WebSite","@id":"http:\/\/www.reconoce.mx\/#website","url":"http:\/\/www.reconoce.mx\/","name":"Reconoce MX","description":"En Reconoce MX difundimos arte, cultura y conciencia social en M\u00e9xico. Tu ciudad en otra perspectiva.","publisher":{"@id":"http:\/\/www.reconoce.mx\/#organization"},"potentialAction":[{"@type":"SearchAction","target":{"@type":"EntryPoint","urlTemplate":"http:\/\/www.reconoce.mx\/?s={search_term_string}"},"query-input":{"@type":"PropertyValueSpecification","valueRequired":true,"valueName":"search_term_string"}}],"inLanguage":"es"},{"@type":"Organization","@id":"http:\/\/www.reconoce.mx\/#organization","name":"Reconoce MX","url":"http:\/\/www.reconoce.mx\/","logo":{"@type":"ImageObject","inLanguage":"es","@id":"http:\/\/www.reconoce.mx\/#\/schema\/logo\/image\/","url":"https:\/\/www.reconoce.mx\/wp-content\/uploads\/2019\/03\/logorcmx-good-1.png","contentUrl":"https:\/\/www.reconoce.mx\/wp-content\/uploads\/2019\/03\/logorcmx-good-1.png","width":280,"height":90,"caption":"Reconoce MX"},"image":{"@id":"http:\/\/www.reconoce.mx\/#\/schema\/logo\/image\/"},"sameAs":["https:\/\/es-la.facebook.com\/ReconoceMX\/","https:\/\/x.com\/reconocemx","http:\/\/@reconocemx"]},{"@type":"Person","@id":"http:\/\/www.reconoce.mx\/#\/schema\/person\/2117e997d7051dc15d6880eaf9bca0b2","name":"Reconoce MX","image":{"@type":"ImageObject","inLanguage":"es","@id":"http:\/\/www.reconoce.mx\/#\/schema\/person\/image\/","url":"https:\/\/secure.gravatar.com\/avatar\/6c8d4dc7569ca1c90c5fdcc349f839d5ddef6fe1e70b4337ead2ef1a4c43fc3a?s=96&d=identicon&r=g","contentUrl":"https:\/\/secure.gravatar.com\/avatar\/6c8d4dc7569ca1c90c5fdcc349f839d5ddef6fe1e70b4337ead2ef1a4c43fc3a?s=96&d=identicon&r=g","caption":"Reconoce MX"},"description":"Reconoce MX es un proyecto de difusi\u00f3n art\u00edstica, cultural y de conciencia social que est\u00e1 enfocado a difundir y fomentar el entretenimiento alternativo de calidad para todo el p\u00fablico que comparta el mismo entusiasmo.","sameAs":["http:\/\/www.reconoce.mx"],"url":"http:\/\/www.reconoce.mx\/?author=2"}]}},"_links":{"self":[{"href":"http:\/\/www.reconoce.mx\/index.php?rest_route=\/wp\/v2\/posts\/68716","targetHints":{"allow":["GET"]}}],"collection":[{"href":"http:\/\/www.reconoce.mx\/index.php?rest_route=\/wp\/v2\/posts"}],"about":[{"href":"http:\/\/www.reconoce.mx\/index.php?rest_route=\/wp\/v2\/types\/post"}],"author":[{"embeddable":true,"href":"http:\/\/www.reconoce.mx\/index.php?rest_route=\/wp\/v2\/users\/2"}],"replies":[{"embeddable":true,"href":"http:\/\/www.reconoce.mx\/index.php?rest_route=%2Fwp%2Fv2%2Fcomments&post=68716"}],"version-history":[{"count":5,"href":"http:\/\/www.reconoce.mx\/index.php?rest_route=\/wp\/v2\/posts\/68716\/revisions"}],"predecessor-version":[{"id":68731,"href":"http:\/\/www.reconoce.mx\/index.php?rest_route=\/wp\/v2\/posts\/68716\/revisions\/68731"}],"wp:featuredmedia":[{"embeddable":true,"href":"http:\/\/www.reconoce.mx\/index.php?rest_route=\/wp\/v2\/media\/68717"}],"wp:attachment":[{"href":"http:\/\/www.reconoce.mx\/index.php?rest_route=%2Fwp%2Fv2%2Fmedia&parent=68716"}],"wp:term":[{"taxonomy":"category","embeddable":true,"href":"http:\/\/www.reconoce.mx\/index.php?rest_route=%2Fwp%2Fv2%2Fcategories&post=68716"},{"taxonomy":"post_tag","embeddable":true,"href":"http:\/\/www.reconoce.mx\/index.php?rest_route=%2Fwp%2Fv2%2Ftags&post=68716"}],"curies":[{"name":"wp","href":"https:\/\/api.w.org\/{rel}","templated":true}]}}