{"id":68722,"date":"2017-12-12T00:04:51","date_gmt":"2017-12-12T06:04:51","guid":{"rendered":"http:\/\/www.reconoce.mx\/?p=68722"},"modified":"2017-12-12T12:53:33","modified_gmt":"2017-12-12T18:53:33","slug":"enjambre-presentaron-su-imperfecto-extrano-en-el-auditorio","status":"publish","type":"post","link":"http:\/\/www.reconoce.mx\/?p=68722","title":{"rendered":"Enjambre presentaron su \u00abImperfecto extra\u00f1o\u00bb en el Auditorio"},"content":{"rendered":"<p><strong>Texto y fotos por <a href=\"https:\/\/www.instagram.com\/miriam_alavez\/\" target=\"_blank\" rel=\"noopener\">Miriam Alavez<\/a>.<br \/>\n<\/strong><\/p>\n<p><strong>Enjambre<\/strong> regres\u00f3 a Ciudad de M\u00e9xico para consentir a su p\u00fablico chilango con su reciente material titulado \u00abImperfecto extra\u00f1o\u00bb, no sin antes dar un incre\u00edble e intenso recorrido por todos sus \u00e1lbumes.<\/p>\n<p><img loading=\"lazy\" decoding=\"async\" class=\"alignnone size-full\" src=\"https:\/\/c1.staticflickr.com\/5\/4536\/38124014425_fa83905eaf_c.jpg\" width=\"800\" height=\"533\" \/><\/p>\n<p><em><strong>&gt;&gt;<a href=\"https:\/\/www.flickr.com\/photos\/reconocemx\/albums\/72157690917994395\" target=\"_blank\" rel=\"noopener\">Disfruta nuestra galer\u00eda completa de Enjambre en Auditorio Nacional<\/a><a href=\"https:\/\/www.flickr.com\/photos\/reconocemx\/albums\/72157661531008127\" target=\"_blank\" rel=\"noopener\"><\/a>&lt;&lt;<\/strong><\/em><\/p>\n<p>La noche del 6 de diciembre tornaba fr\u00eda, j\u00f3venes -y no tan j\u00f3venes- se mostraban entusiasmados para recibir a una de las bandas regias favoritas de los \u00faltimos tiempos: <strong>Enjambre<\/strong>.<\/p>\n<p><strong>Luis Humberto Navejas<\/strong> y compa\u00f1\u00eda se hicieron presentes en el majestuoso <strong>Auditorio Nacional<\/strong> ubicado en Ciudad de M\u00e9xico, segunda visita a este recinto y cuya fecha tuvo que ser pospuesta por los recientes sismos que se registraron en nuestro pa\u00eds.<\/p>\n<p>El acto comenz\u00f3 con <strong>Lori Meyers<\/strong>, agrupaci\u00f3n espa\u00f1ola de indie-rock que se encuentra promocionando su disco \u00abEn la espiral\u00bb publicado en febrero de 2017; su presentaci\u00f3n cautiv\u00f3 el sentido auditivo del p\u00fablico quienes los despidieron con muchos aplausos que expresaban el gusto por su m\u00fasica.<\/p>\n<p><img loading=\"lazy\" decoding=\"async\" class=\"alignnone size-full\" src=\"https:\/\/c1.staticflickr.com\/5\/4577\/38124016815_4c84d94fe4_z.jpg\" width=\"640\" height=\"459\" \/><\/p>\n<p><em><strong>&gt;&gt;<a href=\"https:\/\/www.flickr.com\/photos\/reconocemx\/albums\/72157690917994395\" target=\"_blank\" rel=\"noopener\">Disfruta nuestra galer\u00eda completa de Enjambre en Auditorio Nacional<\/a>&lt;&lt;<\/strong><\/em><\/p>\n<p>Con puntualidad y actitud Luis Humberto, Juli\u00e1n, Rafael, Javier y \u00c1ngel subieron al escenario para transformarse en verdaderos rockstars, pues se han caracterizado por darlo todo en cada uno de sus shows; desde sentir la m\u00fasica, sufrir las letras, hasta gozar cada ritmo de sus canciones. Al dar la bienvenida<strong> Rafael Navejas<\/strong> expres\u00f3 que ser\u00eda una noche \u00fanica, una \u00abnoche de complacencias\u00bb.<\/p>\n<p>La funci\u00f3n de \u00abenjambrescuchas\u00bb dio inicio con \u00abObertura\u00bb, seguido por \u00abCeleste\u00bb tema perteneciente a su reciente \u00e1lbum \u00abImperfecto extra\u00f1o\u00bb, del cual tambi\u00e9n pudimos escuchar \u00abTercer Tipo\u00bb, \u00abAman\u00e9ceme\u00bb y \u00abDet\u00e9stame\u00bb.<\/p>\n<p>As\u00ed transcurr\u00eda la velada de los zacatecanos en el coloso de Reforma y no dejaron pasar la oportunidad para tocar canciones que hace mucho no se hac\u00edan presentes en sus conciertos, tales como: \u00abN\u00e9ctar\u00bb, \u00abDulce Soledad\u00bb, \u00abCiencia de la lluvia\u00bb, \u00abCobarde\u00bb, y qu\u00e9 decir del gran himno de los corazones: \u00abMan\u00eda Cardiaca\u00bb, \u00e9xito que siempre estar\u00e1 presente en alguna playlist de nuestras vidas.<\/p>\n<p><img loading=\"lazy\" decoding=\"async\" class=\"alignnone size-full\" src=\"https:\/\/c1.staticflickr.com\/5\/4598\/39010575931_540b256b5e_b.jpg\" width=\"1024\" height=\"989\" \/><\/p>\n<p><em><strong>&gt;&gt;<a href=\"https:\/\/www.flickr.com\/photos\/reconocemx\/albums\/72157690917994395\" target=\"_blank\" rel=\"noopener\">Disfruta nuestra galer\u00eda completa de Enjambre en Auditorio Nacional<\/a>&lt;&lt;<\/strong><\/em><\/p>\n<p>Lleg\u00f3 el momento de las sorpresas, una en especial fue la de sus invitados de honor directamente desde la Argentina: <strong>Banda de Turistas<\/strong>, con quienes compartieron tarima para tocar \u00abS\u00e1bado Perpetuo\u00bb, track perteneciente a su excelente \u00abProa\u00f1o\u00bb de 2014.<\/p>\n<p>Para su encore y cerrar con broche de oro son\u00f3 \u00abEste Invierno\u00bb, tema en el que dedicaron unas palabras a sus seguidores para desearles felices fiestas muy a su estilo musical.<\/p>\n<p>La reconocida banda de rock, hizo vibrar una vez m\u00e1s a su p\u00fablico mexicano saldando esa deuda y complaciendo con su magia psicod\u00e9lica a todos y cada uno de los asistentes.<\/p>\n<p>&nbsp;<\/p>\n<p>&nbsp;<\/p>\n","protected":false},"excerpt":{"rendered":"<p>Enjambre regres\u00f3 a Ciudad de M\u00e9xico para consentir a su p\u00fablico chilango con su reciente material titulado \u00abImperfecto Extra\u00f1o\u00bb, no sin antes dar un incre\u00edble e intenso recorrido por todos sus \u00e1lbumes.<\/p>\n","protected":false},"author":2,"featured_media":68723,"comment_status":"open","ping_status":"open","sticky":false,"template":"","format":"standard","meta":{"footnotes":""},"categories":[1,18,17],"tags":[],"class_list":["post-68722","post","type-post","status-publish","format-standard","has-post-thumbnail","hentry","category-cultura","category-musica","category-principal"],"yoast_head":"<!-- This site is optimized with the Yoast SEO plugin v24.7 - https:\/\/yoast.com\/wordpress\/plugins\/seo\/ -->\n<title>Enjambre presentaron su &quot;Imperfecto extra\u00f1o&quot; en el Auditorio &#171; Reconoce MX<\/title>\n<meta name=\"robots\" content=\"index, follow, max-snippet:-1, max-image-preview:large, max-video-preview:-1\" \/>\n<link rel=\"canonical\" href=\"http:\/\/www.reconoce.mx\/?p=68722\" \/>\n<meta property=\"og:locale\" content=\"es_ES\" \/>\n<meta property=\"og:type\" content=\"article\" \/>\n<meta property=\"og:title\" content=\"Enjambre presentaron su &quot;Imperfecto extra\u00f1o&quot; en el Auditorio &#171; Reconoce MX\" \/>\n<meta property=\"og:description\" content=\"Enjambre regres\u00f3 a Ciudad de M\u00e9xico para consentir a su p\u00fablico chilango con su reciente material titulado &quot;Imperfecto Extra\u00f1o&quot;, no sin antes dar un incre\u00edble e intenso recorrido por todos sus \u00e1lbumes.\" \/>\n<meta property=\"og:url\" content=\"http:\/\/www.reconoce.mx\/?p=68722\" \/>\n<meta property=\"og:site_name\" content=\"Reconoce MX\" \/>\n<meta property=\"article:publisher\" content=\"https:\/\/es-la.facebook.com\/ReconoceMX\/\" \/>\n<meta property=\"article:published_time\" content=\"2017-12-12T06:04:51+00:00\" \/>\n<meta property=\"article:modified_time\" content=\"2017-12-12T18:53:33+00:00\" \/>\n<meta property=\"og:image\" content=\"http:\/\/www.reconoce.mx\/wp-content\/uploads\/2017\/12\/enjambre-cover.png\" \/>\n\t<meta property=\"og:image:width\" content=\"590\" \/>\n\t<meta property=\"og:image:height\" content=\"380\" \/>\n\t<meta property=\"og:image:type\" content=\"image\/png\" \/>\n<meta name=\"author\" content=\"Reconoce MX\" \/>\n<meta name=\"twitter:card\" content=\"summary_large_image\" \/>\n<meta name=\"twitter:creator\" content=\"@reconocemx\" \/>\n<meta name=\"twitter:site\" content=\"@reconocemx\" \/>\n<meta name=\"twitter:label1\" content=\"Escrito por\" \/>\n\t<meta name=\"twitter:data1\" content=\"Reconoce MX\" \/>\n\t<meta name=\"twitter:label2\" content=\"Tiempo de lectura\" \/>\n\t<meta name=\"twitter:data2\" content=\"2 minutos\" \/>\n<script type=\"application\/ld+json\" class=\"yoast-schema-graph\">{\"@context\":\"https:\/\/schema.org\",\"@graph\":[{\"@type\":\"Article\",\"@id\":\"http:\/\/www.reconoce.mx\/?p=68722#article\",\"isPartOf\":{\"@id\":\"http:\/\/www.reconoce.mx\/?p=68722\"},\"author\":{\"name\":\"Reconoce MX\",\"@id\":\"http:\/\/www.reconoce.mx\/#\/schema\/person\/2117e997d7051dc15d6880eaf9bca0b2\"},\"headline\":\"Enjambre presentaron su \u00abImperfecto extra\u00f1o\u00bb en el Auditorio\",\"datePublished\":\"2017-12-12T06:04:51+00:00\",\"dateModified\":\"2017-12-12T18:53:33+00:00\",\"mainEntityOfPage\":{\"@id\":\"http:\/\/www.reconoce.mx\/?p=68722\"},\"wordCount\":490,\"commentCount\":0,\"publisher\":{\"@id\":\"http:\/\/www.reconoce.mx\/#organization\"},\"image\":{\"@id\":\"http:\/\/www.reconoce.mx\/?p=68722#primaryimage\"},\"thumbnailUrl\":\"http:\/\/www.reconoce.mx\/wp-content\/uploads\/2017\/12\/enjambre-cover.png\",\"articleSection\":[\"Cultura\",\"M\u00fasica\",\"Principal\"],\"inLanguage\":\"es\",\"potentialAction\":[{\"@type\":\"CommentAction\",\"name\":\"Comment\",\"target\":[\"http:\/\/www.reconoce.mx\/?p=68722#respond\"]}]},{\"@type\":\"WebPage\",\"@id\":\"http:\/\/www.reconoce.mx\/?p=68722\",\"url\":\"http:\/\/www.reconoce.mx\/?p=68722\",\"name\":\"Enjambre presentaron su \\\"Imperfecto extra\u00f1o\\\" en el Auditorio &#171; Reconoce MX\",\"isPartOf\":{\"@id\":\"http:\/\/www.reconoce.mx\/#website\"},\"primaryImageOfPage\":{\"@id\":\"http:\/\/www.reconoce.mx\/?p=68722#primaryimage\"},\"image\":{\"@id\":\"http:\/\/www.reconoce.mx\/?p=68722#primaryimage\"},\"thumbnailUrl\":\"http:\/\/www.reconoce.mx\/wp-content\/uploads\/2017\/12\/enjambre-cover.png\",\"datePublished\":\"2017-12-12T06:04:51+00:00\",\"dateModified\":\"2017-12-12T18:53:33+00:00\",\"breadcrumb\":{\"@id\":\"http:\/\/www.reconoce.mx\/?p=68722#breadcrumb\"},\"inLanguage\":\"es\",\"potentialAction\":[{\"@type\":\"ReadAction\",\"target\":[\"http:\/\/www.reconoce.mx\/?p=68722\"]}]},{\"@type\":\"ImageObject\",\"inLanguage\":\"es\",\"@id\":\"http:\/\/www.reconoce.mx\/?p=68722#primaryimage\",\"url\":\"http:\/\/www.reconoce.mx\/wp-content\/uploads\/2017\/12\/enjambre-cover.png\",\"contentUrl\":\"http:\/\/www.reconoce.mx\/wp-content\/uploads\/2017\/12\/enjambre-cover.png\",\"width\":590,\"height\":380},{\"@type\":\"BreadcrumbList\",\"@id\":\"http:\/\/www.reconoce.mx\/?p=68722#breadcrumb\",\"itemListElement\":[{\"@type\":\"ListItem\",\"position\":1,\"name\":\"Portada\",\"item\":\"http:\/\/www.reconoce.mx\/\"},{\"@type\":\"ListItem\",\"position\":2,\"name\":\"Enjambre presentaron su \u00abImperfecto extra\u00f1o\u00bb en el Auditorio\"}]},{\"@type\":\"WebSite\",\"@id\":\"http:\/\/www.reconoce.mx\/#website\",\"url\":\"http:\/\/www.reconoce.mx\/\",\"name\":\"Reconoce MX\",\"description\":\"En Reconoce MX difundimos arte, cultura y conciencia social en M\u00e9xico. Tu ciudad en otra perspectiva.\",\"publisher\":{\"@id\":\"http:\/\/www.reconoce.mx\/#organization\"},\"potentialAction\":[{\"@type\":\"SearchAction\",\"target\":{\"@type\":\"EntryPoint\",\"urlTemplate\":\"http:\/\/www.reconoce.mx\/?s={search_term_string}\"},\"query-input\":{\"@type\":\"PropertyValueSpecification\",\"valueRequired\":true,\"valueName\":\"search_term_string\"}}],\"inLanguage\":\"es\"},{\"@type\":\"Organization\",\"@id\":\"http:\/\/www.reconoce.mx\/#organization\",\"name\":\"Reconoce MX\",\"url\":\"http:\/\/www.reconoce.mx\/\",\"logo\":{\"@type\":\"ImageObject\",\"inLanguage\":\"es\",\"@id\":\"http:\/\/www.reconoce.mx\/#\/schema\/logo\/image\/\",\"url\":\"https:\/\/www.reconoce.mx\/wp-content\/uploads\/2019\/03\/logorcmx-good-1.png\",\"contentUrl\":\"https:\/\/www.reconoce.mx\/wp-content\/uploads\/2019\/03\/logorcmx-good-1.png\",\"width\":280,\"height\":90,\"caption\":\"Reconoce MX\"},\"image\":{\"@id\":\"http:\/\/www.reconoce.mx\/#\/schema\/logo\/image\/\"},\"sameAs\":[\"https:\/\/es-la.facebook.com\/ReconoceMX\/\",\"https:\/\/x.com\/reconocemx\",\"http:\/\/@reconocemx\"]},{\"@type\":\"Person\",\"@id\":\"http:\/\/www.reconoce.mx\/#\/schema\/person\/2117e997d7051dc15d6880eaf9bca0b2\",\"name\":\"Reconoce MX\",\"image\":{\"@type\":\"ImageObject\",\"inLanguage\":\"es\",\"@id\":\"http:\/\/www.reconoce.mx\/#\/schema\/person\/image\/\",\"url\":\"https:\/\/secure.gravatar.com\/avatar\/6c8d4dc7569ca1c90c5fdcc349f839d5ddef6fe1e70b4337ead2ef1a4c43fc3a?s=96&d=identicon&r=g\",\"contentUrl\":\"https:\/\/secure.gravatar.com\/avatar\/6c8d4dc7569ca1c90c5fdcc349f839d5ddef6fe1e70b4337ead2ef1a4c43fc3a?s=96&d=identicon&r=g\",\"caption\":\"Reconoce MX\"},\"description\":\"Reconoce MX es un proyecto de difusi\u00f3n art\u00edstica, cultural y de conciencia social que est\u00e1 enfocado a difundir y fomentar el entretenimiento alternativo de calidad para todo el p\u00fablico que comparta el mismo entusiasmo.\",\"sameAs\":[\"http:\/\/www.reconoce.mx\"],\"url\":\"http:\/\/www.reconoce.mx\/?author=2\"}]}<\/script>\n<!-- \/ Yoast SEO plugin. -->","yoast_head_json":{"title":"Enjambre presentaron su \"Imperfecto extra\u00f1o\" en el Auditorio &#171; Reconoce MX","robots":{"index":"index","follow":"follow","max-snippet":"max-snippet:-1","max-image-preview":"max-image-preview:large","max-video-preview":"max-video-preview:-1"},"canonical":"http:\/\/www.reconoce.mx\/?p=68722","og_locale":"es_ES","og_type":"article","og_title":"Enjambre presentaron su \"Imperfecto extra\u00f1o\" en el Auditorio &#171; Reconoce MX","og_description":"Enjambre regres\u00f3 a Ciudad de M\u00e9xico para consentir a su p\u00fablico chilango con su reciente material titulado \"Imperfecto Extra\u00f1o\", no sin antes dar un incre\u00edble e intenso recorrido por todos sus \u00e1lbumes.","og_url":"http:\/\/www.reconoce.mx\/?p=68722","og_site_name":"Reconoce MX","article_publisher":"https:\/\/es-la.facebook.com\/ReconoceMX\/","article_published_time":"2017-12-12T06:04:51+00:00","article_modified_time":"2017-12-12T18:53:33+00:00","og_image":[{"width":590,"height":380,"url":"http:\/\/www.reconoce.mx\/wp-content\/uploads\/2017\/12\/enjambre-cover.png","type":"image\/png"}],"author":"Reconoce MX","twitter_card":"summary_large_image","twitter_creator":"@reconocemx","twitter_site":"@reconocemx","twitter_misc":{"Escrito por":"Reconoce MX","Tiempo de lectura":"2 minutos"},"schema":{"@context":"https:\/\/schema.org","@graph":[{"@type":"Article","@id":"http:\/\/www.reconoce.mx\/?p=68722#article","isPartOf":{"@id":"http:\/\/www.reconoce.mx\/?p=68722"},"author":{"name":"Reconoce MX","@id":"http:\/\/www.reconoce.mx\/#\/schema\/person\/2117e997d7051dc15d6880eaf9bca0b2"},"headline":"Enjambre presentaron su \u00abImperfecto extra\u00f1o\u00bb en el Auditorio","datePublished":"2017-12-12T06:04:51+00:00","dateModified":"2017-12-12T18:53:33+00:00","mainEntityOfPage":{"@id":"http:\/\/www.reconoce.mx\/?p=68722"},"wordCount":490,"commentCount":0,"publisher":{"@id":"http:\/\/www.reconoce.mx\/#organization"},"image":{"@id":"http:\/\/www.reconoce.mx\/?p=68722#primaryimage"},"thumbnailUrl":"http:\/\/www.reconoce.mx\/wp-content\/uploads\/2017\/12\/enjambre-cover.png","articleSection":["Cultura","M\u00fasica","Principal"],"inLanguage":"es","potentialAction":[{"@type":"CommentAction","name":"Comment","target":["http:\/\/www.reconoce.mx\/?p=68722#respond"]}]},{"@type":"WebPage","@id":"http:\/\/www.reconoce.mx\/?p=68722","url":"http:\/\/www.reconoce.mx\/?p=68722","name":"Enjambre presentaron su \"Imperfecto extra\u00f1o\" en el Auditorio &#171; Reconoce MX","isPartOf":{"@id":"http:\/\/www.reconoce.mx\/#website"},"primaryImageOfPage":{"@id":"http:\/\/www.reconoce.mx\/?p=68722#primaryimage"},"image":{"@id":"http:\/\/www.reconoce.mx\/?p=68722#primaryimage"},"thumbnailUrl":"http:\/\/www.reconoce.mx\/wp-content\/uploads\/2017\/12\/enjambre-cover.png","datePublished":"2017-12-12T06:04:51+00:00","dateModified":"2017-12-12T18:53:33+00:00","breadcrumb":{"@id":"http:\/\/www.reconoce.mx\/?p=68722#breadcrumb"},"inLanguage":"es","potentialAction":[{"@type":"ReadAction","target":["http:\/\/www.reconoce.mx\/?p=68722"]}]},{"@type":"ImageObject","inLanguage":"es","@id":"http:\/\/www.reconoce.mx\/?p=68722#primaryimage","url":"http:\/\/www.reconoce.mx\/wp-content\/uploads\/2017\/12\/enjambre-cover.png","contentUrl":"http:\/\/www.reconoce.mx\/wp-content\/uploads\/2017\/12\/enjambre-cover.png","width":590,"height":380},{"@type":"BreadcrumbList","@id":"http:\/\/www.reconoce.mx\/?p=68722#breadcrumb","itemListElement":[{"@type":"ListItem","position":1,"name":"Portada","item":"http:\/\/www.reconoce.mx\/"},{"@type":"ListItem","position":2,"name":"Enjambre presentaron su \u00abImperfecto extra\u00f1o\u00bb en el Auditorio"}]},{"@type":"WebSite","@id":"http:\/\/www.reconoce.mx\/#website","url":"http:\/\/www.reconoce.mx\/","name":"Reconoce MX","description":"En Reconoce MX difundimos arte, cultura y conciencia social en M\u00e9xico. Tu ciudad en otra perspectiva.","publisher":{"@id":"http:\/\/www.reconoce.mx\/#organization"},"potentialAction":[{"@type":"SearchAction","target":{"@type":"EntryPoint","urlTemplate":"http:\/\/www.reconoce.mx\/?s={search_term_string}"},"query-input":{"@type":"PropertyValueSpecification","valueRequired":true,"valueName":"search_term_string"}}],"inLanguage":"es"},{"@type":"Organization","@id":"http:\/\/www.reconoce.mx\/#organization","name":"Reconoce MX","url":"http:\/\/www.reconoce.mx\/","logo":{"@type":"ImageObject","inLanguage":"es","@id":"http:\/\/www.reconoce.mx\/#\/schema\/logo\/image\/","url":"https:\/\/www.reconoce.mx\/wp-content\/uploads\/2019\/03\/logorcmx-good-1.png","contentUrl":"https:\/\/www.reconoce.mx\/wp-content\/uploads\/2019\/03\/logorcmx-good-1.png","width":280,"height":90,"caption":"Reconoce MX"},"image":{"@id":"http:\/\/www.reconoce.mx\/#\/schema\/logo\/image\/"},"sameAs":["https:\/\/es-la.facebook.com\/ReconoceMX\/","https:\/\/x.com\/reconocemx","http:\/\/@reconocemx"]},{"@type":"Person","@id":"http:\/\/www.reconoce.mx\/#\/schema\/person\/2117e997d7051dc15d6880eaf9bca0b2","name":"Reconoce MX","image":{"@type":"ImageObject","inLanguage":"es","@id":"http:\/\/www.reconoce.mx\/#\/schema\/person\/image\/","url":"https:\/\/secure.gravatar.com\/avatar\/6c8d4dc7569ca1c90c5fdcc349f839d5ddef6fe1e70b4337ead2ef1a4c43fc3a?s=96&d=identicon&r=g","contentUrl":"https:\/\/secure.gravatar.com\/avatar\/6c8d4dc7569ca1c90c5fdcc349f839d5ddef6fe1e70b4337ead2ef1a4c43fc3a?s=96&d=identicon&r=g","caption":"Reconoce MX"},"description":"Reconoce MX es un proyecto de difusi\u00f3n art\u00edstica, cultural y de conciencia social que est\u00e1 enfocado a difundir y fomentar el entretenimiento alternativo de calidad para todo el p\u00fablico que comparta el mismo entusiasmo.","sameAs":["http:\/\/www.reconoce.mx"],"url":"http:\/\/www.reconoce.mx\/?author=2"}]}},"_links":{"self":[{"href":"http:\/\/www.reconoce.mx\/index.php?rest_route=\/wp\/v2\/posts\/68722","targetHints":{"allow":["GET"]}}],"collection":[{"href":"http:\/\/www.reconoce.mx\/index.php?rest_route=\/wp\/v2\/posts"}],"about":[{"href":"http:\/\/www.reconoce.mx\/index.php?rest_route=\/wp\/v2\/types\/post"}],"author":[{"embeddable":true,"href":"http:\/\/www.reconoce.mx\/index.php?rest_route=\/wp\/v2\/users\/2"}],"replies":[{"embeddable":true,"href":"http:\/\/www.reconoce.mx\/index.php?rest_route=%2Fwp%2Fv2%2Fcomments&post=68722"}],"version-history":[{"count":4,"href":"http:\/\/www.reconoce.mx\/index.php?rest_route=\/wp\/v2\/posts\/68722\/revisions"}],"predecessor-version":[{"id":68733,"href":"http:\/\/www.reconoce.mx\/index.php?rest_route=\/wp\/v2\/posts\/68722\/revisions\/68733"}],"wp:featuredmedia":[{"embeddable":true,"href":"http:\/\/www.reconoce.mx\/index.php?rest_route=\/wp\/v2\/media\/68723"}],"wp:attachment":[{"href":"http:\/\/www.reconoce.mx\/index.php?rest_route=%2Fwp%2Fv2%2Fmedia&parent=68722"}],"wp:term":[{"taxonomy":"category","embeddable":true,"href":"http:\/\/www.reconoce.mx\/index.php?rest_route=%2Fwp%2Fv2%2Fcategories&post=68722"},{"taxonomy":"post_tag","embeddable":true,"href":"http:\/\/www.reconoce.mx\/index.php?rest_route=%2Fwp%2Fv2%2Ftags&post=68722"}],"curies":[{"name":"wp","href":"https:\/\/api.w.org\/{rel}","templated":true}]}}