{"id":68753,"date":"2017-12-13T00:05:12","date_gmt":"2017-12-13T06:05:12","guid":{"rendered":"http:\/\/www.reconoce.mx\/?p=68753"},"modified":"2017-12-13T09:39:07","modified_gmt":"2017-12-13T15:39:07","slug":"the-sconek-t-desconecte-musica-de-camara-alternativa-en-plaza-de-las-artes","status":"publish","type":"post","link":"http:\/\/www.reconoce.mx\/?p=68753","title":{"rendered":"The Sconek-T (Desconecte): m\u00fasica de c\u00e1mara alternativa en Plaza de las Artes"},"content":{"rendered":"<p><strong>Por\u00a0<span class=\"st\"><a href=\"https:\/\/twitter.com\/Amauryshow\" target=\"_blank\" rel=\"noopener noreferrer\">Amaury Berdejo Ju\u00e1rez<\/a><\/span>.<\/strong><\/p>\n<p><strong>The Sconek-T (Desconecte)<\/strong> es un ensamble mexicano conformado por dos violines, chelo y percusi\u00f3n. Como parte de su trayectoria han tocado en importantes escenarios y festivales de M\u00e9xico. En el \u00e1mbito internacional destaca la participaci\u00f3n en el <strong>Festival del Teatro de Sibi\u00fa<\/strong> en Rumania, en el centro cultural<strong> La Cueva<\/strong> de Berl\u00edn, Alemania y en el concierto inaugural de la<strong> Latin Alternative Music Conference (LAMC)<\/strong> en Central Park en Nueva York. Han colaborado con <strong>Los M\u00fasicos de Jos\u00e9<\/strong>, <strong>San Pascualito Rey<\/strong>, <strong>Liber Ter\u00e1n<\/strong>, <strong>Alex Otaola<\/strong> y <strong>Rub\u00e9n Albarr\u00e1n<\/strong> de Caf\u00e9 Tacvba. En el \u00e1mbito cinematogr\u00e1fico participan en la m\u00fasica de pel\u00edculas mexicanas como \u00abColosio: El Asesinato\u00bb, \u00abLa Suave Patria\u00bb y \u00abLas Aparicio\u00bb.<\/p>\n<p><iframe title=\"Spotify Embed: Quasimodo\" style=\"border-radius: 12px\" width=\"100%\" height=\"352\" frameborder=\"0\" allowfullscreen allow=\"autoplay; clipboard-write; encrypted-media; fullscreen; picture-in-picture\" loading=\"lazy\" src=\"https:\/\/open.spotify.com\/embed\/album\/0jOBmcPIfSjf4FkA7YiQbZ?utm_source=oembed\"><\/iframe><\/p>\n<p>Con motivo de la presentaci\u00f3n de su tercer disco, este pr\u00f3ximo s\u00e1bado 16 de diciembre en <strong>Plaza de las Artes<\/strong>, entrevistamos a <strong>Israel Torres<\/strong>, violinista de The Sconek-T (Desconecte), esto fue lo que nos platic\u00f3:<\/p>\n<p><span style=\"color: #a81f25;\"><strong>Reconoce MX<\/strong><\/span>: Desde tu punto de vista como m\u00fasico \u00bfqu\u00e9 salto cualitativo o cuantitativo hay entre tus discos \u00abAcoustic Proyect\u00bb, \u00abCorriente Alterna\u00bb y ahora su m\u00e1s reciente placa: \u00abQuasimodo\u00bb?<\/p>\n<p><span style=\"color: #0aa650;\"><strong>Israel<\/strong><\/span>: Creo que nuestro primer disco fue la etapa m\u00e1s \u00abindependiente\u00bb, donde hicimos el trabajo por nuestra cuenta, grabamos todo en una noche en una sala de conciertos en la escuela, ten\u00eda covers de m\u00fasica popular como \u00abLa Llorona\u00bb y algunos temas originales. El segundo disco fue la inquietud por hacer algo original. A trav\u00e9s de una beca, tuvimos la gran oportunidad de grabar en Londres, lo cual fue muy buena experiencia. Finalmente, este tercer disco naci\u00f3 de la idea de musicalizar la pel\u00edcula de \u00abQuasimodo\u00bb (\u00abNuestra Se\u00f1ora de Par\u00eds\u00bb, 1923) y de ah\u00ed comenz\u00f3 todo.<\/p>\n<p><span style=\"color: #a81f25;\"><strong>RCMX<\/strong><\/span>: \u00bfQu\u00e9 podr\u00eda esperar una persona que nunca los ha escuchado o incluso un fan de su pr\u00f3xima presentaci\u00f3n en <strong>Plaza de las Artes<\/strong> este pr\u00f3ximo 16 de diciembre?<\/p>\n<p><span style=\"color: #0aa650;\">I<\/span>: Para esta presentaci\u00f3n queremos revivir la atm\u00f3sfera en que se grab\u00f3 el disco, por lo que vamos a proyectar partes de la pel\u00edcula mientras tocamos. No ser\u00e1 toda pues la cinta original, dura una hora cuarenta, pero s\u00ed interpretaremos tema por tema en el orden que van en el disco y al final tendremos un par de sorpresas para el p\u00fablico.<\/p>\n<p><strong><span style=\"color: #a81f25;\">RCMX<\/span><\/strong>: Hemos escuchado de algunos m\u00fasicos que hay dos tipos de genialidad: la sencilla y la compleja, las bandas con muy pocos elementos y las altamente elaboradas. En ese sentido, \u00bfen qu\u00e9 nivel de complejidad est\u00e1 la banda y para qu\u00e9 tipo de persona es su m\u00fasica?<\/p>\n<p><strong><span style=\"color: #0aa650;\">I<\/span><\/strong>: A pesar de que nuestra formaci\u00f3n fue como m\u00fasicos de c\u00e1mara, intentamos decir mucho con poco. Creo que estamos en medio de dos mundos, entre la complejidad y la sencillez, ya que la gente a veces piensa que tiene que ir vestida de una forma para escuchar m\u00fasica con violines o que debe prepararse escuchando cosas complicadas para disfrutar realmente de los m\u00fasicos de c\u00e1mara, pero creemos que no es as\u00ed: abogamos por que la gente entienda nuestro mensaje. Nuestro proyecto puede ser escuchado igualmente por personas que gustan del metal que las que prefieren el jazz, es para ni\u00f1os o gente mayor. Queremos ser un proyecto inclusivo sin muchas etiquetas.<\/p>\n<p><span style=\"color: #a81f25;\"><strong>RCMX<\/strong><\/span>: \u00bfQu\u00e9 influencias no musicales han intervenido en la creaci\u00f3n de m\u00fasica por parte de <strong>The Sconek-T (Desconecte)<\/strong>?<\/p>\n<p><strong><span style=\"color: #0aa650;\">I<\/span><\/strong>: Danza y literatura. Nos gusta leer a <strong>Charles Bukowski<\/strong>, <strong>William Shakespeare<\/strong> o <strong>Victor Hugo<\/strong>. Apreciamos la danza internacional y tambi\u00e9n otras cosas como la animaci\u00f3n japonesa. Nos gustar\u00eda basar nuestros show en elementos como esos para crear algo m\u00e1s trascendente.<\/p>\n<p><span style=\"color: #a81f25;\"><strong>RCMX<\/strong><\/span>: Si <strong>The Sconek-T (Desconecte)<\/strong> fuera una persona o un personaje, \u00bfc\u00f3mo ser\u00eda, qu\u00e9 personalidad tendr\u00eda?<\/p>\n<p><span style=\"color: #0aa650;\"><strong>I<\/strong><\/span>: Jajajaja, pues creo que ser\u00eda un camale\u00f3n. Somos un ensamble que estudi\u00f3 temas cl\u00e1sicos pero que tambi\u00e9n ama la m\u00fasica de esta generaci\u00f3n; ah\u00ed ya son 300 a\u00f1os de diferencia entre las influencias. Incorporamos violines el\u00e9ctricos y procesamiento a los instrumentos: este camale\u00f3n nos ha llevado a escenarios muy padres como el <strong>Vive Latino<\/strong>, y cuando nos preguntan el g\u00e9nero, nos hemos manejado como \u00abm\u00fasica de c\u00e1mara alternativa\u00bb.<\/p>\n<p><span style=\"color: #a81f25;\"><strong>RCMX<\/strong><\/span>: \u00bfC\u00f3mo te imaginas un show de<strong> The Sconek-T (Desconecte)<\/strong> en 20 a\u00f1os?<\/p>\n<p><strong><span style=\"color: #0aa650;\">I<\/span><\/strong>: Pues primero que nada ya con canas, jajajajaja. Nos gustar\u00eda lograr lo que te comentaba: una combinaci\u00f3n entre m\u00fasica y visuales, tal vez al estilo de <strong>Roger Waters<\/strong>. Me imagino conjuntar escenas multimedia con danza, agregar m\u00e1s elementos musicales y electr\u00f3nicos, as\u00ed me gustar\u00eda que fuera.<\/p>\n<p><strong>The Sconek-T (Desconecte)<\/strong> se presenta este s\u00e1bado 16 de diciembre a las 19:00 horas en la <strong>Plaza de las Artes<\/strong> (<strong>Centro Nacional de las Artes<\/strong>: R\u00edo Churubusco 79 esq. con Calzada de Tlalpan, col. Country Club, Ciudad de M\u00e9xico). La entrada es libre pero el cupo es limitado.<\/p>\n<p>\u00a1No pierdas la oportunidad de verlos!<\/p>\n<p>&nbsp;<\/p>\n<p>&nbsp;<\/p>\n","protected":false},"excerpt":{"rendered":"<p>The Sconek-T (Desconecte) es un ensamble mexicano conformado por dos violines, chelo y percusi\u00f3n. Como parte de su trayectoria han tocado en importantes escenarios y festivales de M\u00e9xico.<\/p>\n","protected":false},"author":2,"featured_media":68755,"comment_status":"open","ping_status":"open","sticky":false,"template":"","format":"standard","meta":{"footnotes":""},"categories":[1,18,17],"tags":[],"class_list":["post-68753","post","type-post","status-publish","format-standard","has-post-thumbnail","hentry","category-cultura","category-musica","category-principal"],"yoast_head":"<!-- This site is optimized with the Yoast SEO plugin v24.7 - https:\/\/yoast.com\/wordpress\/plugins\/seo\/ -->\n<title>The Sconek-T (Desconecte): m\u00fasica de c\u00e1mara alternativa en Plaza de las Artes &#171; Reconoce MX<\/title>\n<meta name=\"robots\" content=\"index, follow, max-snippet:-1, max-image-preview:large, max-video-preview:-1\" \/>\n<link rel=\"canonical\" href=\"http:\/\/www.reconoce.mx\/?p=68753\" \/>\n<meta property=\"og:locale\" content=\"es_ES\" \/>\n<meta property=\"og:type\" content=\"article\" \/>\n<meta property=\"og:title\" content=\"The Sconek-T (Desconecte): m\u00fasica de c\u00e1mara alternativa en Plaza de las Artes &#171; Reconoce MX\" \/>\n<meta property=\"og:description\" content=\"The Sconek-T (Desconecte) es un ensamble mexicano conformado por dos violines, chelo y percusi\u00f3n. Como parte de su trayectoria han tocado en importantes escenarios y festivales de M\u00e9xico.\" \/>\n<meta property=\"og:url\" content=\"http:\/\/www.reconoce.mx\/?p=68753\" \/>\n<meta property=\"og:site_name\" content=\"Reconoce MX\" \/>\n<meta property=\"article:publisher\" content=\"https:\/\/es-la.facebook.com\/ReconoceMX\/\" \/>\n<meta property=\"article:published_time\" content=\"2017-12-13T06:05:12+00:00\" \/>\n<meta property=\"article:modified_time\" content=\"2017-12-13T15:39:07+00:00\" \/>\n<meta property=\"og:image\" content=\"http:\/\/www.reconoce.mx\/wp-content\/uploads\/2017\/12\/desconecte.png\" \/>\n\t<meta property=\"og:image:width\" content=\"590\" \/>\n\t<meta property=\"og:image:height\" content=\"380\" \/>\n\t<meta property=\"og:image:type\" content=\"image\/png\" \/>\n<meta name=\"author\" content=\"Reconoce MX\" \/>\n<meta name=\"twitter:card\" content=\"summary_large_image\" \/>\n<meta name=\"twitter:creator\" content=\"@reconocemx\" \/>\n<meta name=\"twitter:site\" content=\"@reconocemx\" \/>\n<meta name=\"twitter:label1\" content=\"Escrito por\" \/>\n\t<meta name=\"twitter:data1\" content=\"Reconoce MX\" \/>\n\t<meta name=\"twitter:label2\" content=\"Tiempo de lectura\" \/>\n\t<meta name=\"twitter:data2\" content=\"4 minutos\" \/>\n<script type=\"application\/ld+json\" class=\"yoast-schema-graph\">{\"@context\":\"https:\/\/schema.org\",\"@graph\":[{\"@type\":\"Article\",\"@id\":\"http:\/\/www.reconoce.mx\/?p=68753#article\",\"isPartOf\":{\"@id\":\"http:\/\/www.reconoce.mx\/?p=68753\"},\"author\":{\"name\":\"Reconoce MX\",\"@id\":\"http:\/\/www.reconoce.mx\/#\/schema\/person\/2117e997d7051dc15d6880eaf9bca0b2\"},\"headline\":\"The Sconek-T (Desconecte): m\u00fasica de c\u00e1mara alternativa en Plaza de las Artes\",\"datePublished\":\"2017-12-13T06:05:12+00:00\",\"dateModified\":\"2017-12-13T15:39:07+00:00\",\"mainEntityOfPage\":{\"@id\":\"http:\/\/www.reconoce.mx\/?p=68753\"},\"wordCount\":873,\"commentCount\":0,\"publisher\":{\"@id\":\"http:\/\/www.reconoce.mx\/#organization\"},\"image\":{\"@id\":\"http:\/\/www.reconoce.mx\/?p=68753#primaryimage\"},\"thumbnailUrl\":\"http:\/\/www.reconoce.mx\/wp-content\/uploads\/2017\/12\/desconecte.png\",\"articleSection\":[\"Cultura\",\"M\u00fasica\",\"Principal\"],\"inLanguage\":\"es\",\"potentialAction\":[{\"@type\":\"CommentAction\",\"name\":\"Comment\",\"target\":[\"http:\/\/www.reconoce.mx\/?p=68753#respond\"]}]},{\"@type\":\"WebPage\",\"@id\":\"http:\/\/www.reconoce.mx\/?p=68753\",\"url\":\"http:\/\/www.reconoce.mx\/?p=68753\",\"name\":\"The Sconek-T (Desconecte): m\u00fasica de c\u00e1mara alternativa en Plaza de las Artes &#171; Reconoce MX\",\"isPartOf\":{\"@id\":\"http:\/\/www.reconoce.mx\/#website\"},\"primaryImageOfPage\":{\"@id\":\"http:\/\/www.reconoce.mx\/?p=68753#primaryimage\"},\"image\":{\"@id\":\"http:\/\/www.reconoce.mx\/?p=68753#primaryimage\"},\"thumbnailUrl\":\"http:\/\/www.reconoce.mx\/wp-content\/uploads\/2017\/12\/desconecte.png\",\"datePublished\":\"2017-12-13T06:05:12+00:00\",\"dateModified\":\"2017-12-13T15:39:07+00:00\",\"breadcrumb\":{\"@id\":\"http:\/\/www.reconoce.mx\/?p=68753#breadcrumb\"},\"inLanguage\":\"es\",\"potentialAction\":[{\"@type\":\"ReadAction\",\"target\":[\"http:\/\/www.reconoce.mx\/?p=68753\"]}]},{\"@type\":\"ImageObject\",\"inLanguage\":\"es\",\"@id\":\"http:\/\/www.reconoce.mx\/?p=68753#primaryimage\",\"url\":\"http:\/\/www.reconoce.mx\/wp-content\/uploads\/2017\/12\/desconecte.png\",\"contentUrl\":\"http:\/\/www.reconoce.mx\/wp-content\/uploads\/2017\/12\/desconecte.png\",\"width\":590,\"height\":380},{\"@type\":\"BreadcrumbList\",\"@id\":\"http:\/\/www.reconoce.mx\/?p=68753#breadcrumb\",\"itemListElement\":[{\"@type\":\"ListItem\",\"position\":1,\"name\":\"Portada\",\"item\":\"http:\/\/www.reconoce.mx\/\"},{\"@type\":\"ListItem\",\"position\":2,\"name\":\"The Sconek-T (Desconecte): m\u00fasica de c\u00e1mara alternativa en Plaza de las Artes\"}]},{\"@type\":\"WebSite\",\"@id\":\"http:\/\/www.reconoce.mx\/#website\",\"url\":\"http:\/\/www.reconoce.mx\/\",\"name\":\"Reconoce MX\",\"description\":\"En Reconoce MX difundimos arte, cultura y conciencia social en M\u00e9xico. Tu ciudad en otra perspectiva.\",\"publisher\":{\"@id\":\"http:\/\/www.reconoce.mx\/#organization\"},\"potentialAction\":[{\"@type\":\"SearchAction\",\"target\":{\"@type\":\"EntryPoint\",\"urlTemplate\":\"http:\/\/www.reconoce.mx\/?s={search_term_string}\"},\"query-input\":{\"@type\":\"PropertyValueSpecification\",\"valueRequired\":true,\"valueName\":\"search_term_string\"}}],\"inLanguage\":\"es\"},{\"@type\":\"Organization\",\"@id\":\"http:\/\/www.reconoce.mx\/#organization\",\"name\":\"Reconoce MX\",\"url\":\"http:\/\/www.reconoce.mx\/\",\"logo\":{\"@type\":\"ImageObject\",\"inLanguage\":\"es\",\"@id\":\"http:\/\/www.reconoce.mx\/#\/schema\/logo\/image\/\",\"url\":\"https:\/\/www.reconoce.mx\/wp-content\/uploads\/2019\/03\/logorcmx-good-1.png\",\"contentUrl\":\"https:\/\/www.reconoce.mx\/wp-content\/uploads\/2019\/03\/logorcmx-good-1.png\",\"width\":280,\"height\":90,\"caption\":\"Reconoce MX\"},\"image\":{\"@id\":\"http:\/\/www.reconoce.mx\/#\/schema\/logo\/image\/\"},\"sameAs\":[\"https:\/\/es-la.facebook.com\/ReconoceMX\/\",\"https:\/\/x.com\/reconocemx\",\"http:\/\/@reconocemx\"]},{\"@type\":\"Person\",\"@id\":\"http:\/\/www.reconoce.mx\/#\/schema\/person\/2117e997d7051dc15d6880eaf9bca0b2\",\"name\":\"Reconoce MX\",\"image\":{\"@type\":\"ImageObject\",\"inLanguage\":\"es\",\"@id\":\"http:\/\/www.reconoce.mx\/#\/schema\/person\/image\/\",\"url\":\"https:\/\/secure.gravatar.com\/avatar\/6c8d4dc7569ca1c90c5fdcc349f839d5ddef6fe1e70b4337ead2ef1a4c43fc3a?s=96&d=identicon&r=g\",\"contentUrl\":\"https:\/\/secure.gravatar.com\/avatar\/6c8d4dc7569ca1c90c5fdcc349f839d5ddef6fe1e70b4337ead2ef1a4c43fc3a?s=96&d=identicon&r=g\",\"caption\":\"Reconoce MX\"},\"description\":\"Reconoce MX es un proyecto de difusi\u00f3n art\u00edstica, cultural y de conciencia social que est\u00e1 enfocado a difundir y fomentar el entretenimiento alternativo de calidad para todo el p\u00fablico que comparta el mismo entusiasmo.\",\"sameAs\":[\"http:\/\/www.reconoce.mx\"],\"url\":\"http:\/\/www.reconoce.mx\/?author=2\"}]}<\/script>\n<!-- \/ Yoast SEO plugin. -->","yoast_head_json":{"title":"The Sconek-T (Desconecte): m\u00fasica de c\u00e1mara alternativa en Plaza de las Artes &#171; Reconoce MX","robots":{"index":"index","follow":"follow","max-snippet":"max-snippet:-1","max-image-preview":"max-image-preview:large","max-video-preview":"max-video-preview:-1"},"canonical":"http:\/\/www.reconoce.mx\/?p=68753","og_locale":"es_ES","og_type":"article","og_title":"The Sconek-T (Desconecte): m\u00fasica de c\u00e1mara alternativa en Plaza de las Artes &#171; Reconoce MX","og_description":"The Sconek-T (Desconecte) es un ensamble mexicano conformado por dos violines, chelo y percusi\u00f3n. Como parte de su trayectoria han tocado en importantes escenarios y festivales de M\u00e9xico.","og_url":"http:\/\/www.reconoce.mx\/?p=68753","og_site_name":"Reconoce MX","article_publisher":"https:\/\/es-la.facebook.com\/ReconoceMX\/","article_published_time":"2017-12-13T06:05:12+00:00","article_modified_time":"2017-12-13T15:39:07+00:00","og_image":[{"width":590,"height":380,"url":"http:\/\/www.reconoce.mx\/wp-content\/uploads\/2017\/12\/desconecte.png","type":"image\/png"}],"author":"Reconoce MX","twitter_card":"summary_large_image","twitter_creator":"@reconocemx","twitter_site":"@reconocemx","twitter_misc":{"Escrito por":"Reconoce MX","Tiempo de lectura":"4 minutos"},"schema":{"@context":"https:\/\/schema.org","@graph":[{"@type":"Article","@id":"http:\/\/www.reconoce.mx\/?p=68753#article","isPartOf":{"@id":"http:\/\/www.reconoce.mx\/?p=68753"},"author":{"name":"Reconoce MX","@id":"http:\/\/www.reconoce.mx\/#\/schema\/person\/2117e997d7051dc15d6880eaf9bca0b2"},"headline":"The Sconek-T (Desconecte): m\u00fasica de c\u00e1mara alternativa en Plaza de las Artes","datePublished":"2017-12-13T06:05:12+00:00","dateModified":"2017-12-13T15:39:07+00:00","mainEntityOfPage":{"@id":"http:\/\/www.reconoce.mx\/?p=68753"},"wordCount":873,"commentCount":0,"publisher":{"@id":"http:\/\/www.reconoce.mx\/#organization"},"image":{"@id":"http:\/\/www.reconoce.mx\/?p=68753#primaryimage"},"thumbnailUrl":"http:\/\/www.reconoce.mx\/wp-content\/uploads\/2017\/12\/desconecte.png","articleSection":["Cultura","M\u00fasica","Principal"],"inLanguage":"es","potentialAction":[{"@type":"CommentAction","name":"Comment","target":["http:\/\/www.reconoce.mx\/?p=68753#respond"]}]},{"@type":"WebPage","@id":"http:\/\/www.reconoce.mx\/?p=68753","url":"http:\/\/www.reconoce.mx\/?p=68753","name":"The Sconek-T (Desconecte): m\u00fasica de c\u00e1mara alternativa en Plaza de las Artes &#171; Reconoce MX","isPartOf":{"@id":"http:\/\/www.reconoce.mx\/#website"},"primaryImageOfPage":{"@id":"http:\/\/www.reconoce.mx\/?p=68753#primaryimage"},"image":{"@id":"http:\/\/www.reconoce.mx\/?p=68753#primaryimage"},"thumbnailUrl":"http:\/\/www.reconoce.mx\/wp-content\/uploads\/2017\/12\/desconecte.png","datePublished":"2017-12-13T06:05:12+00:00","dateModified":"2017-12-13T15:39:07+00:00","breadcrumb":{"@id":"http:\/\/www.reconoce.mx\/?p=68753#breadcrumb"},"inLanguage":"es","potentialAction":[{"@type":"ReadAction","target":["http:\/\/www.reconoce.mx\/?p=68753"]}]},{"@type":"ImageObject","inLanguage":"es","@id":"http:\/\/www.reconoce.mx\/?p=68753#primaryimage","url":"http:\/\/www.reconoce.mx\/wp-content\/uploads\/2017\/12\/desconecte.png","contentUrl":"http:\/\/www.reconoce.mx\/wp-content\/uploads\/2017\/12\/desconecte.png","width":590,"height":380},{"@type":"BreadcrumbList","@id":"http:\/\/www.reconoce.mx\/?p=68753#breadcrumb","itemListElement":[{"@type":"ListItem","position":1,"name":"Portada","item":"http:\/\/www.reconoce.mx\/"},{"@type":"ListItem","position":2,"name":"The Sconek-T (Desconecte): m\u00fasica de c\u00e1mara alternativa en Plaza de las Artes"}]},{"@type":"WebSite","@id":"http:\/\/www.reconoce.mx\/#website","url":"http:\/\/www.reconoce.mx\/","name":"Reconoce MX","description":"En Reconoce MX difundimos arte, cultura y conciencia social en M\u00e9xico. Tu ciudad en otra perspectiva.","publisher":{"@id":"http:\/\/www.reconoce.mx\/#organization"},"potentialAction":[{"@type":"SearchAction","target":{"@type":"EntryPoint","urlTemplate":"http:\/\/www.reconoce.mx\/?s={search_term_string}"},"query-input":{"@type":"PropertyValueSpecification","valueRequired":true,"valueName":"search_term_string"}}],"inLanguage":"es"},{"@type":"Organization","@id":"http:\/\/www.reconoce.mx\/#organization","name":"Reconoce MX","url":"http:\/\/www.reconoce.mx\/","logo":{"@type":"ImageObject","inLanguage":"es","@id":"http:\/\/www.reconoce.mx\/#\/schema\/logo\/image\/","url":"https:\/\/www.reconoce.mx\/wp-content\/uploads\/2019\/03\/logorcmx-good-1.png","contentUrl":"https:\/\/www.reconoce.mx\/wp-content\/uploads\/2019\/03\/logorcmx-good-1.png","width":280,"height":90,"caption":"Reconoce MX"},"image":{"@id":"http:\/\/www.reconoce.mx\/#\/schema\/logo\/image\/"},"sameAs":["https:\/\/es-la.facebook.com\/ReconoceMX\/","https:\/\/x.com\/reconocemx","http:\/\/@reconocemx"]},{"@type":"Person","@id":"http:\/\/www.reconoce.mx\/#\/schema\/person\/2117e997d7051dc15d6880eaf9bca0b2","name":"Reconoce MX","image":{"@type":"ImageObject","inLanguage":"es","@id":"http:\/\/www.reconoce.mx\/#\/schema\/person\/image\/","url":"https:\/\/secure.gravatar.com\/avatar\/6c8d4dc7569ca1c90c5fdcc349f839d5ddef6fe1e70b4337ead2ef1a4c43fc3a?s=96&d=identicon&r=g","contentUrl":"https:\/\/secure.gravatar.com\/avatar\/6c8d4dc7569ca1c90c5fdcc349f839d5ddef6fe1e70b4337ead2ef1a4c43fc3a?s=96&d=identicon&r=g","caption":"Reconoce MX"},"description":"Reconoce MX es un proyecto de difusi\u00f3n art\u00edstica, cultural y de conciencia social que est\u00e1 enfocado a difundir y fomentar el entretenimiento alternativo de calidad para todo el p\u00fablico que comparta el mismo entusiasmo.","sameAs":["http:\/\/www.reconoce.mx"],"url":"http:\/\/www.reconoce.mx\/?author=2"}]}},"_links":{"self":[{"href":"http:\/\/www.reconoce.mx\/index.php?rest_route=\/wp\/v2\/posts\/68753","targetHints":{"allow":["GET"]}}],"collection":[{"href":"http:\/\/www.reconoce.mx\/index.php?rest_route=\/wp\/v2\/posts"}],"about":[{"href":"http:\/\/www.reconoce.mx\/index.php?rest_route=\/wp\/v2\/types\/post"}],"author":[{"embeddable":true,"href":"http:\/\/www.reconoce.mx\/index.php?rest_route=\/wp\/v2\/users\/2"}],"replies":[{"embeddable":true,"href":"http:\/\/www.reconoce.mx\/index.php?rest_route=%2Fwp%2Fv2%2Fcomments&post=68753"}],"version-history":[{"count":2,"href":"http:\/\/www.reconoce.mx\/index.php?rest_route=\/wp\/v2\/posts\/68753\/revisions"}],"predecessor-version":[{"id":68756,"href":"http:\/\/www.reconoce.mx\/index.php?rest_route=\/wp\/v2\/posts\/68753\/revisions\/68756"}],"wp:featuredmedia":[{"embeddable":true,"href":"http:\/\/www.reconoce.mx\/index.php?rest_route=\/wp\/v2\/media\/68755"}],"wp:attachment":[{"href":"http:\/\/www.reconoce.mx\/index.php?rest_route=%2Fwp%2Fv2%2Fmedia&parent=68753"}],"wp:term":[{"taxonomy":"category","embeddable":true,"href":"http:\/\/www.reconoce.mx\/index.php?rest_route=%2Fwp%2Fv2%2Fcategories&post=68753"},{"taxonomy":"post_tag","embeddable":true,"href":"http:\/\/www.reconoce.mx\/index.php?rest_route=%2Fwp%2Fv2%2Ftags&post=68753"}],"curies":[{"name":"wp","href":"https:\/\/api.w.org\/{rel}","templated":true}]}}