{"id":68781,"date":"2017-12-13T00:03:57","date_gmt":"2017-12-13T06:03:57","guid":{"rendered":"http:\/\/www.reconoce.mx\/?p=68781"},"modified":"2017-12-13T13:50:09","modified_gmt":"2017-12-13T19:50:09","slug":"tanto-amor-me-marea-de-la-tremenda-korte","status":"publish","type":"post","link":"http:\/\/www.reconoce.mx\/?p=68781","title":{"rendered":"&#8216;Tanto amor me marea&#8217;, de La Tremenda Korte"},"content":{"rendered":"<p><a href=\"http:\/\/www.reconoce.mx\/category\/cultura\/musica\/miercoles-nostalgico\/\"><img loading=\"lazy\" decoding=\"async\" class=\"aligncenter size-full wp-image-38360\" src=\"http:\/\/www.reconoce.mx\/wp-content\/uploads\/2015\/06\/Miercoles.png\" alt=\"Martes\" width=\"550\" height=\"70\" \/><\/a><strong><br \/>\nPor <a title=\"@AsfaltosTweets\" href=\"http:\/\/twitter.com\/AsfaltosTweets\" target=\"_blank\" rel=\"noopener\">Asfaltos<\/a><\/strong>.<\/p>\n<p>Nos acercamos al fin de a\u00f1o, y como ya es costumbre, inician las posadas. Si bien ya por estas fechas a cualquier celebraci\u00f3n se le llama posada, cabr\u00eda destacar que primero para ser estrictamente una, habr\u00eda de llevarse a cabo los nueve d\u00edas antes de la celebraci\u00f3n de la Navidad, es decir, del 16 al 24 de diciembre. En esa l\u00f3gica la <a href=\"https:\/\/twitter.com\/search?q=%23PosadaGR17&amp;src=typd\" target=\"_blank\" rel=\"noopener\">#PosadaGR17<\/a> de <a href=\"http:\/\/gritaradio.com\/\" target=\"_blank\" rel=\"noopener\"><strong>Gritaradio.com<\/strong><\/a>, entra por lo menos en fecha como posada.<\/p>\n<style>.embed-container { position: relative; padding-bottom: 56.25%; height: 0; overflow: hidden; max-width: 100%; } .embed-container iframe, .embed-container object, .embed-container embed { position: absolute; top: 0; left: 0; width: 100%; height: 100%; }<\/style>\n<div class=\"embed-container\"><iframe loading=\"lazy\" src=\"https:\/\/www.youtube.com\/embed\/58jxpd6Dp-U\" width=\"300\" height=\"150\" frameborder=\"0\" allowfullscreen=\"allowfullscreen\"><\/iframe><\/div>\n<p>&nbsp;<\/p>\n<p>Lo anterior lo traigo a colaci\u00f3n porque s\u00ed, la <a href=\"https:\/\/twitter.com\/search?q=%23PosadaGR17&amp;src=typd\" target=\"_blank\" rel=\"noopener\">#PosadaGR17<\/a> de <a href=\"http:\/\/gritaradio.com\/\" target=\"_blank\" rel=\"noopener\"><strong>Gritaradio.com<\/strong><\/a> se celebrar\u00e1 el pr\u00f3ximo s\u00e1bado 16 de diciembre, marcando as\u00ed el inicio de las posadas en M\u00e9xico. La posada ya tradicional ser\u00e1 un concierto masivo en Carpa Astros a partir de las 13:00 horas con m\u00fasicos como <a href=\"http:\/\/www.reconoce.mx\/jc-del-barrio-de-el-haragan-y-compania\/\" target=\"_blank\" rel=\"noopener\"><strong>El Harag\u00e1n y C\u00eda<\/strong><\/a>, <a href=\"http:\/\/www.reconoce.mx\/martes-asfaltoso-pinche-vatito-de-charlie-monttana\/\" target=\"_blank\" rel=\"noopener\"><strong>Charlie Monttana<\/strong><\/a>, <a href=\"http:\/\/www.reconoce.mx\/pobre-rocanrolero-de-tex-tex\/\" target=\"_blank\" rel=\"noopener\"><strong>Tex Tex<\/strong><\/a>, <strong>Vel\u00e1zquez<\/strong>, <strong>Riesgo de Contagio<\/strong>, <strong>IlDiavlo<\/strong>, <strong>Kenny y Los El\u00e9ctricos<\/strong>, <strong>Motor<\/strong> y <strong>La Tremenda Korte<\/strong>, entre otros. Para conocer m\u00e1s del evento, <a href=\"http:\/\/gritaradio.com\/eventos\/gran-posadagr17-en-carpa-astros\/\" target=\"_blank\" rel=\"noopener\">denle click aqu\u00ed<\/a>.<\/p>\n<p>En fin, con la <a href=\"https:\/\/twitter.com\/search?q=%23PosadaGR17&amp;src=typd\" target=\"_blank\" rel=\"noopener\">#PosadaGR17<\/a> de <a href=\"http:\/\/gritaradio.com\/\" target=\"_blank\" rel=\"noopener\"><strong>Gritaradio.com<\/strong><\/a> como excusa, para el Mi\u00e9rcoles nost\u00e1lgico de hoy rescato a un grupo del que no hab\u00eda hablado. Y primero he de confesarles que no hab\u00eda hablado de ellos antes, porque la verdad, la verdad, el ska no es lo m\u00edo&#8230; No lo es y para qu\u00e9 les voy a mentir. Pero vale, de que el g\u00e9nero tiene pegue y se ha convertido con el paso de los a\u00f1os en un referente sobre todo en nuestro pa\u00eds, de ello no hay duda. Un ejemplo vivo es en efecto<strong> La Tremenda Korte<\/strong>.<\/p>\n<p>Con m\u00e1s de 20 a\u00f1os de carrera, despu\u00e9s de que en 1994 comenzaran su historia, <strong>La Tremenda Korte<\/strong> han cosechado trounfos diversos que incluyen de manera muy puntual su segundo material titulado \u00abFrecuencia Rebelde\u00bb. El \u00e1lbum, editado bajo el sello de <strong>Warner Music<\/strong>, les permiti\u00f3 un crecimiento fundamental que los llev\u00f3 por Sudam\u00e9rica y Europa, altrernar con diversos grupos relevantes, as\u00ed como presentaciones masivas en M\u00e9xico en sitios como Ciudad Universitaria, el <strong>Vive Latino<\/strong> y el Z\u00f3calo, solo por mencionar algunos logros.<\/p>\n<p>Pues bien, del \u00abFrecuencia Rebelde\u00bb, yo les dejo precisamente con \u00abTanto amor me marea\u00bb de <strong>La Tremenda Korte<\/strong>. Y a ustedes, \u00bfs\u00ed les gusta el ska o les marea mas bien el amor?<\/p>\n<p>&nbsp;<\/p>\n<p>&nbsp;<\/p>\n","protected":false},"excerpt":{"rendered":"<p>Nos acercamos al fin de a\u00f1o, y como ya es costumbre, inician las posadas. <\/p>\n","protected":false},"author":2,"featured_media":68783,"comment_status":"open","ping_status":"open","sticky":false,"template":"","format":"standard","meta":{"footnotes":""},"categories":[1,2580,18,17],"tags":[],"class_list":["post-68781","post","type-post","status-publish","format-standard","has-post-thumbnail","hentry","category-cultura","category-miercoles-nostalgico","category-musica","category-principal"],"yoast_head":"<!-- This site is optimized with the Yoast SEO plugin v24.7 - https:\/\/yoast.com\/wordpress\/plugins\/seo\/ -->\n<title>&#039;Tanto amor me marea&#039;, de La Tremenda Korte &#171; Reconoce MX<\/title>\n<meta name=\"robots\" content=\"index, follow, max-snippet:-1, max-image-preview:large, max-video-preview:-1\" \/>\n<link rel=\"canonical\" href=\"http:\/\/www.reconoce.mx\/?p=68781\" \/>\n<meta property=\"og:locale\" content=\"es_ES\" \/>\n<meta property=\"og:type\" content=\"article\" \/>\n<meta property=\"og:title\" content=\"&#039;Tanto amor me marea&#039;, de La Tremenda Korte &#171; Reconoce MX\" \/>\n<meta property=\"og:description\" content=\"Nos acercamos al fin de a\u00f1o, y como ya es costumbre, inician las posadas.\" \/>\n<meta property=\"og:url\" content=\"http:\/\/www.reconoce.mx\/?p=68781\" \/>\n<meta property=\"og:site_name\" content=\"Reconoce MX\" \/>\n<meta property=\"article:publisher\" content=\"https:\/\/es-la.facebook.com\/ReconoceMX\/\" \/>\n<meta property=\"article:published_time\" content=\"2017-12-13T06:03:57+00:00\" \/>\n<meta property=\"article:modified_time\" content=\"2017-12-13T19:50:09+00:00\" \/>\n<meta property=\"og:image\" content=\"http:\/\/www.reconoce.mx\/wp-content\/uploads\/2017\/12\/la-tremenda-korte.png\" \/>\n\t<meta property=\"og:image:width\" content=\"590\" \/>\n\t<meta property=\"og:image:height\" content=\"380\" \/>\n\t<meta property=\"og:image:type\" content=\"image\/png\" \/>\n<meta name=\"author\" content=\"Reconoce MX\" \/>\n<meta name=\"twitter:card\" content=\"summary_large_image\" \/>\n<meta name=\"twitter:creator\" content=\"@reconocemx\" \/>\n<meta name=\"twitter:site\" content=\"@reconocemx\" \/>\n<meta name=\"twitter:label1\" content=\"Escrito por\" \/>\n\t<meta name=\"twitter:data1\" content=\"Reconoce MX\" \/>\n\t<meta name=\"twitter:label2\" content=\"Tiempo de lectura\" \/>\n\t<meta name=\"twitter:data2\" content=\"2 minutos\" \/>\n<script type=\"application\/ld+json\" class=\"yoast-schema-graph\">{\"@context\":\"https:\/\/schema.org\",\"@graph\":[{\"@type\":\"Article\",\"@id\":\"http:\/\/www.reconoce.mx\/?p=68781#article\",\"isPartOf\":{\"@id\":\"http:\/\/www.reconoce.mx\/?p=68781\"},\"author\":{\"name\":\"Reconoce MX\",\"@id\":\"http:\/\/www.reconoce.mx\/#\/schema\/person\/2117e997d7051dc15d6880eaf9bca0b2\"},\"headline\":\"&#8216;Tanto amor me marea&#8217;, de La Tremenda Korte\",\"datePublished\":\"2017-12-13T06:03:57+00:00\",\"dateModified\":\"2017-12-13T19:50:09+00:00\",\"mainEntityOfPage\":{\"@id\":\"http:\/\/www.reconoce.mx\/?p=68781\"},\"wordCount\":407,\"commentCount\":0,\"publisher\":{\"@id\":\"http:\/\/www.reconoce.mx\/#organization\"},\"image\":{\"@id\":\"http:\/\/www.reconoce.mx\/?p=68781#primaryimage\"},\"thumbnailUrl\":\"http:\/\/www.reconoce.mx\/wp-content\/uploads\/2017\/12\/la-tremenda-korte.png\",\"articleSection\":[\"Cultura\",\"Mi\u00e9rcoles nost\u00e1lgico\",\"M\u00fasica\",\"Principal\"],\"inLanguage\":\"es\",\"potentialAction\":[{\"@type\":\"CommentAction\",\"name\":\"Comment\",\"target\":[\"http:\/\/www.reconoce.mx\/?p=68781#respond\"]}]},{\"@type\":\"WebPage\",\"@id\":\"http:\/\/www.reconoce.mx\/?p=68781\",\"url\":\"http:\/\/www.reconoce.mx\/?p=68781\",\"name\":\"'Tanto amor me marea', de La Tremenda Korte &#171; Reconoce MX\",\"isPartOf\":{\"@id\":\"http:\/\/www.reconoce.mx\/#website\"},\"primaryImageOfPage\":{\"@id\":\"http:\/\/www.reconoce.mx\/?p=68781#primaryimage\"},\"image\":{\"@id\":\"http:\/\/www.reconoce.mx\/?p=68781#primaryimage\"},\"thumbnailUrl\":\"http:\/\/www.reconoce.mx\/wp-content\/uploads\/2017\/12\/la-tremenda-korte.png\",\"datePublished\":\"2017-12-13T06:03:57+00:00\",\"dateModified\":\"2017-12-13T19:50:09+00:00\",\"breadcrumb\":{\"@id\":\"http:\/\/www.reconoce.mx\/?p=68781#breadcrumb\"},\"inLanguage\":\"es\",\"potentialAction\":[{\"@type\":\"ReadAction\",\"target\":[\"http:\/\/www.reconoce.mx\/?p=68781\"]}]},{\"@type\":\"ImageObject\",\"inLanguage\":\"es\",\"@id\":\"http:\/\/www.reconoce.mx\/?p=68781#primaryimage\",\"url\":\"http:\/\/www.reconoce.mx\/wp-content\/uploads\/2017\/12\/la-tremenda-korte.png\",\"contentUrl\":\"http:\/\/www.reconoce.mx\/wp-content\/uploads\/2017\/12\/la-tremenda-korte.png\",\"width\":590,\"height\":380},{\"@type\":\"BreadcrumbList\",\"@id\":\"http:\/\/www.reconoce.mx\/?p=68781#breadcrumb\",\"itemListElement\":[{\"@type\":\"ListItem\",\"position\":1,\"name\":\"Portada\",\"item\":\"http:\/\/www.reconoce.mx\/\"},{\"@type\":\"ListItem\",\"position\":2,\"name\":\"&#8216;Tanto amor me marea&#8217;, de La Tremenda Korte\"}]},{\"@type\":\"WebSite\",\"@id\":\"http:\/\/www.reconoce.mx\/#website\",\"url\":\"http:\/\/www.reconoce.mx\/\",\"name\":\"Reconoce MX\",\"description\":\"En Reconoce MX difundimos arte, cultura y conciencia social en M\u00e9xico. Tu ciudad en otra perspectiva.\",\"publisher\":{\"@id\":\"http:\/\/www.reconoce.mx\/#organization\"},\"potentialAction\":[{\"@type\":\"SearchAction\",\"target\":{\"@type\":\"EntryPoint\",\"urlTemplate\":\"http:\/\/www.reconoce.mx\/?s={search_term_string}\"},\"query-input\":{\"@type\":\"PropertyValueSpecification\",\"valueRequired\":true,\"valueName\":\"search_term_string\"}}],\"inLanguage\":\"es\"},{\"@type\":\"Organization\",\"@id\":\"http:\/\/www.reconoce.mx\/#organization\",\"name\":\"Reconoce MX\",\"url\":\"http:\/\/www.reconoce.mx\/\",\"logo\":{\"@type\":\"ImageObject\",\"inLanguage\":\"es\",\"@id\":\"http:\/\/www.reconoce.mx\/#\/schema\/logo\/image\/\",\"url\":\"https:\/\/www.reconoce.mx\/wp-content\/uploads\/2019\/03\/logorcmx-good-1.png\",\"contentUrl\":\"https:\/\/www.reconoce.mx\/wp-content\/uploads\/2019\/03\/logorcmx-good-1.png\",\"width\":280,\"height\":90,\"caption\":\"Reconoce MX\"},\"image\":{\"@id\":\"http:\/\/www.reconoce.mx\/#\/schema\/logo\/image\/\"},\"sameAs\":[\"https:\/\/es-la.facebook.com\/ReconoceMX\/\",\"https:\/\/x.com\/reconocemx\",\"http:\/\/@reconocemx\"]},{\"@type\":\"Person\",\"@id\":\"http:\/\/www.reconoce.mx\/#\/schema\/person\/2117e997d7051dc15d6880eaf9bca0b2\",\"name\":\"Reconoce MX\",\"image\":{\"@type\":\"ImageObject\",\"inLanguage\":\"es\",\"@id\":\"http:\/\/www.reconoce.mx\/#\/schema\/person\/image\/\",\"url\":\"https:\/\/secure.gravatar.com\/avatar\/6c8d4dc7569ca1c90c5fdcc349f839d5ddef6fe1e70b4337ead2ef1a4c43fc3a?s=96&d=identicon&r=g\",\"contentUrl\":\"https:\/\/secure.gravatar.com\/avatar\/6c8d4dc7569ca1c90c5fdcc349f839d5ddef6fe1e70b4337ead2ef1a4c43fc3a?s=96&d=identicon&r=g\",\"caption\":\"Reconoce MX\"},\"description\":\"Reconoce MX es un proyecto de difusi\u00f3n art\u00edstica, cultural y de conciencia social que est\u00e1 enfocado a difundir y fomentar el entretenimiento alternativo de calidad para todo el p\u00fablico que comparta el mismo entusiasmo.\",\"sameAs\":[\"http:\/\/www.reconoce.mx\"],\"url\":\"http:\/\/www.reconoce.mx\/?author=2\"}]}<\/script>\n<!-- \/ Yoast SEO plugin. -->","yoast_head_json":{"title":"'Tanto amor me marea', de La Tremenda Korte &#171; Reconoce MX","robots":{"index":"index","follow":"follow","max-snippet":"max-snippet:-1","max-image-preview":"max-image-preview:large","max-video-preview":"max-video-preview:-1"},"canonical":"http:\/\/www.reconoce.mx\/?p=68781","og_locale":"es_ES","og_type":"article","og_title":"'Tanto amor me marea', de La Tremenda Korte &#171; Reconoce MX","og_description":"Nos acercamos al fin de a\u00f1o, y como ya es costumbre, inician las posadas.","og_url":"http:\/\/www.reconoce.mx\/?p=68781","og_site_name":"Reconoce MX","article_publisher":"https:\/\/es-la.facebook.com\/ReconoceMX\/","article_published_time":"2017-12-13T06:03:57+00:00","article_modified_time":"2017-12-13T19:50:09+00:00","og_image":[{"width":590,"height":380,"url":"http:\/\/www.reconoce.mx\/wp-content\/uploads\/2017\/12\/la-tremenda-korte.png","type":"image\/png"}],"author":"Reconoce MX","twitter_card":"summary_large_image","twitter_creator":"@reconocemx","twitter_site":"@reconocemx","twitter_misc":{"Escrito por":"Reconoce MX","Tiempo de lectura":"2 minutos"},"schema":{"@context":"https:\/\/schema.org","@graph":[{"@type":"Article","@id":"http:\/\/www.reconoce.mx\/?p=68781#article","isPartOf":{"@id":"http:\/\/www.reconoce.mx\/?p=68781"},"author":{"name":"Reconoce MX","@id":"http:\/\/www.reconoce.mx\/#\/schema\/person\/2117e997d7051dc15d6880eaf9bca0b2"},"headline":"&#8216;Tanto amor me marea&#8217;, de La Tremenda Korte","datePublished":"2017-12-13T06:03:57+00:00","dateModified":"2017-12-13T19:50:09+00:00","mainEntityOfPage":{"@id":"http:\/\/www.reconoce.mx\/?p=68781"},"wordCount":407,"commentCount":0,"publisher":{"@id":"http:\/\/www.reconoce.mx\/#organization"},"image":{"@id":"http:\/\/www.reconoce.mx\/?p=68781#primaryimage"},"thumbnailUrl":"http:\/\/www.reconoce.mx\/wp-content\/uploads\/2017\/12\/la-tremenda-korte.png","articleSection":["Cultura","Mi\u00e9rcoles nost\u00e1lgico","M\u00fasica","Principal"],"inLanguage":"es","potentialAction":[{"@type":"CommentAction","name":"Comment","target":["http:\/\/www.reconoce.mx\/?p=68781#respond"]}]},{"@type":"WebPage","@id":"http:\/\/www.reconoce.mx\/?p=68781","url":"http:\/\/www.reconoce.mx\/?p=68781","name":"'Tanto amor me marea', de La Tremenda Korte &#171; Reconoce MX","isPartOf":{"@id":"http:\/\/www.reconoce.mx\/#website"},"primaryImageOfPage":{"@id":"http:\/\/www.reconoce.mx\/?p=68781#primaryimage"},"image":{"@id":"http:\/\/www.reconoce.mx\/?p=68781#primaryimage"},"thumbnailUrl":"http:\/\/www.reconoce.mx\/wp-content\/uploads\/2017\/12\/la-tremenda-korte.png","datePublished":"2017-12-13T06:03:57+00:00","dateModified":"2017-12-13T19:50:09+00:00","breadcrumb":{"@id":"http:\/\/www.reconoce.mx\/?p=68781#breadcrumb"},"inLanguage":"es","potentialAction":[{"@type":"ReadAction","target":["http:\/\/www.reconoce.mx\/?p=68781"]}]},{"@type":"ImageObject","inLanguage":"es","@id":"http:\/\/www.reconoce.mx\/?p=68781#primaryimage","url":"http:\/\/www.reconoce.mx\/wp-content\/uploads\/2017\/12\/la-tremenda-korte.png","contentUrl":"http:\/\/www.reconoce.mx\/wp-content\/uploads\/2017\/12\/la-tremenda-korte.png","width":590,"height":380},{"@type":"BreadcrumbList","@id":"http:\/\/www.reconoce.mx\/?p=68781#breadcrumb","itemListElement":[{"@type":"ListItem","position":1,"name":"Portada","item":"http:\/\/www.reconoce.mx\/"},{"@type":"ListItem","position":2,"name":"&#8216;Tanto amor me marea&#8217;, de La Tremenda Korte"}]},{"@type":"WebSite","@id":"http:\/\/www.reconoce.mx\/#website","url":"http:\/\/www.reconoce.mx\/","name":"Reconoce MX","description":"En Reconoce MX difundimos arte, cultura y conciencia social en M\u00e9xico. Tu ciudad en otra perspectiva.","publisher":{"@id":"http:\/\/www.reconoce.mx\/#organization"},"potentialAction":[{"@type":"SearchAction","target":{"@type":"EntryPoint","urlTemplate":"http:\/\/www.reconoce.mx\/?s={search_term_string}"},"query-input":{"@type":"PropertyValueSpecification","valueRequired":true,"valueName":"search_term_string"}}],"inLanguage":"es"},{"@type":"Organization","@id":"http:\/\/www.reconoce.mx\/#organization","name":"Reconoce MX","url":"http:\/\/www.reconoce.mx\/","logo":{"@type":"ImageObject","inLanguage":"es","@id":"http:\/\/www.reconoce.mx\/#\/schema\/logo\/image\/","url":"https:\/\/www.reconoce.mx\/wp-content\/uploads\/2019\/03\/logorcmx-good-1.png","contentUrl":"https:\/\/www.reconoce.mx\/wp-content\/uploads\/2019\/03\/logorcmx-good-1.png","width":280,"height":90,"caption":"Reconoce MX"},"image":{"@id":"http:\/\/www.reconoce.mx\/#\/schema\/logo\/image\/"},"sameAs":["https:\/\/es-la.facebook.com\/ReconoceMX\/","https:\/\/x.com\/reconocemx","http:\/\/@reconocemx"]},{"@type":"Person","@id":"http:\/\/www.reconoce.mx\/#\/schema\/person\/2117e997d7051dc15d6880eaf9bca0b2","name":"Reconoce MX","image":{"@type":"ImageObject","inLanguage":"es","@id":"http:\/\/www.reconoce.mx\/#\/schema\/person\/image\/","url":"https:\/\/secure.gravatar.com\/avatar\/6c8d4dc7569ca1c90c5fdcc349f839d5ddef6fe1e70b4337ead2ef1a4c43fc3a?s=96&d=identicon&r=g","contentUrl":"https:\/\/secure.gravatar.com\/avatar\/6c8d4dc7569ca1c90c5fdcc349f839d5ddef6fe1e70b4337ead2ef1a4c43fc3a?s=96&d=identicon&r=g","caption":"Reconoce MX"},"description":"Reconoce MX es un proyecto de difusi\u00f3n art\u00edstica, cultural y de conciencia social que est\u00e1 enfocado a difundir y fomentar el entretenimiento alternativo de calidad para todo el p\u00fablico que comparta el mismo entusiasmo.","sameAs":["http:\/\/www.reconoce.mx"],"url":"http:\/\/www.reconoce.mx\/?author=2"}]}},"_links":{"self":[{"href":"http:\/\/www.reconoce.mx\/index.php?rest_route=\/wp\/v2\/posts\/68781","targetHints":{"allow":["GET"]}}],"collection":[{"href":"http:\/\/www.reconoce.mx\/index.php?rest_route=\/wp\/v2\/posts"}],"about":[{"href":"http:\/\/www.reconoce.mx\/index.php?rest_route=\/wp\/v2\/types\/post"}],"author":[{"embeddable":true,"href":"http:\/\/www.reconoce.mx\/index.php?rest_route=\/wp\/v2\/users\/2"}],"replies":[{"embeddable":true,"href":"http:\/\/www.reconoce.mx\/index.php?rest_route=%2Fwp%2Fv2%2Fcomments&post=68781"}],"version-history":[{"count":3,"href":"http:\/\/www.reconoce.mx\/index.php?rest_route=\/wp\/v2\/posts\/68781\/revisions"}],"predecessor-version":[{"id":68785,"href":"http:\/\/www.reconoce.mx\/index.php?rest_route=\/wp\/v2\/posts\/68781\/revisions\/68785"}],"wp:featuredmedia":[{"embeddable":true,"href":"http:\/\/www.reconoce.mx\/index.php?rest_route=\/wp\/v2\/media\/68783"}],"wp:attachment":[{"href":"http:\/\/www.reconoce.mx\/index.php?rest_route=%2Fwp%2Fv2%2Fmedia&parent=68781"}],"wp:term":[{"taxonomy":"category","embeddable":true,"href":"http:\/\/www.reconoce.mx\/index.php?rest_route=%2Fwp%2Fv2%2Fcategories&post=68781"},{"taxonomy":"post_tag","embeddable":true,"href":"http:\/\/www.reconoce.mx\/index.php?rest_route=%2Fwp%2Fv2%2Ftags&post=68781"}],"curies":[{"name":"wp","href":"https:\/\/api.w.org\/{rel}","templated":true}]}}