{"id":68831,"date":"2017-12-14T00:02:07","date_gmt":"2017-12-14T06:02:07","guid":{"rendered":"http:\/\/www.reconoce.mx\/?p=68831"},"modified":"2017-12-14T01:10:34","modified_gmt":"2017-12-14T07:10:34","slug":"domingo-de-la-otra-cara-de-la-nada","status":"publish","type":"post","link":"http:\/\/www.reconoce.mx\/?p=68831","title":{"rendered":"&#8216;Domingo&#8217;, de La Otra Cara de la Nada"},"content":{"rendered":"<p><a href=\"http:\/\/www.reconoce.mx\/category\/cultura\/musica\/jueves-indie\/\"><img loading=\"lazy\" decoding=\"async\" class=\"aligncenter size-full wp-image-38360\" src=\"http:\/\/www.reconoce.mx\/wp-content\/uploads\/2015\/06\/Jueves.png\" alt=\"Martes\" width=\"550\" height=\"70\" \/><\/a><strong><br \/>\nPor <a title=\"@AsfaltosTweets\" href=\"http:\/\/twitter.com\/AsfaltosTweets\" target=\"_blank\" rel=\"noopener noreferrer\">Asfaltos<\/a><\/strong>.<\/p>\n<p>Estamos ya en el pen\u00faltimo <a href=\"http:\/\/www.reconoce.mx\/category\/cultura\/musica\/jueves-indie\/\" target=\"_blank\" rel=\"noopener\">Jueves independiente<\/a> del a\u00f1o, que como saben, siempre en la \u00faltima semana lo dedicamos para elegir las 5 canciones de fuera de M\u00e9xico ac\u00e1 presentadas que m\u00e1s nos pegaron. Pero mientras nos preparamos, mientras calentamos motores, \u00bfles late darse una vuelta por Argentina, darse una vuelta por la m\u00fasica de <strong>La Otra Cara de la Nada<\/strong>?<\/p>\n<p><iframe loading=\"lazy\" style=\"border: 0; width: 100%; height: 120px;\" src=\"https:\/\/bandcamp.com\/EmbeddedPlayer\/album=1550061043\/size=large\/bgcol=ffffff\/linkcol=0687f5\/tracklist=false\/artwork=small\/track=39920321\/transparent=true\/\" width=\"300\" height=\"150\" seamless=\"\"><a href=\"http:\/\/laotracaradelanada.bandcamp.com\/album\/sobre-premios-y-tormentas\">Sobre Premios y Tormentas by La otra Cara de la Nada<\/a><\/iframe><\/p>\n<p>El nuevo fichaje del sello chileno <strong>Quemasucabeza<\/strong> son precisamente los argentinos de <strong>La Otra Cara de la Nada<\/strong>, agrupaci\u00f3n que se form\u00f3 en Misiones en el a\u00f1o de 2011. La suma de esta nueva agrupaci\u00f3n se hace a partir de la edici\u00f3n digital del \u00abSobre premios y tormentas\u00bb, su m\u00e1s reciente material discogr\u00e1fico.<\/p>\n<p>Estrenado en junio de este a\u00f1o, con sonidos que deambulan por el post rock, dream pop, guitarras ambientales y algo de shoegaze, la propuesta de <strong>La Otra Cara de la Nada<\/strong> resulta en una bocanada de aire fresco, y un lindo refuerzo del indie transandino que se produce en aquellas latitudes. La verdad es que <strong>Quemasucabeza<\/strong> seleccionan bien a qui\u00e9nes fichar, sobre todo respetando un sonido claro y s\u00f3lido que tambi\u00e9n les caracterice.<\/p>\n<p>Integrado por <strong>Ignacio del P\u00f3rtico<\/strong>, voz y guitarra; <strong>Germ\u00e1n Vazquez<\/strong>, voz y bajo; <strong>Bruno Gross<\/strong>, guitarra y sintetizadores; <strong>Ariel Duce<\/strong>, guitarra; y <strong>Nicolas Pe\u00f1a<\/strong>, voz, bater\u00eda y percusiones, de <strong>La Otra Cara de la Nada<\/strong> les dejo yo con su cancio\u00f3n \u00abDomingo\u00bb. El tema, apertura del \u00abSobre premios y tormentas\u00bb, nos hace pensar en un sobrevuelo sobre la cordillera andina, con un cielo despejado y el sol pegando en la cara.<\/p>\n<p>\u00abSobre premios y tormentas\u00bb est\u00e1 ya disponible en plataformas digitales como <strong>Spotify<\/strong>, <strong>Apple Music<\/strong>, <strong>Deezer<\/strong>, as\u00ed como en el canal de <strong>YouTube<\/strong> de <strong>Quemasucabeza<\/strong>. Ya saben, para apoyar a la banda hay que darles like en <a href=\"https:\/\/www.facebook.com\/LaOtraCaraDeLaNada\" target=\"_blank\" rel=\"noopener\"><strong>Facebook<\/strong><\/a>.<\/p>\n<p style=\"text-align: right;\">Con informaci\u00f3n e imagen cortes\u00eda de <strong>Arm\u00f3nica Comunicaciones<\/strong>.<\/p>\n<p>&nbsp;<\/p>\n<p>&nbsp;<\/p>\n","protected":false},"excerpt":{"rendered":"<p>Estamos ya en el pen\u00faltimo Jueves independiente del a\u00f1o, que como saben, siempre en la \u00faltima semana lo dedicamos para elegir las 5 canciones de fuera de M\u00e9xico ac\u00e1 presentadas que m\u00e1s nos pegaron.<\/p>\n","protected":false},"author":2,"featured_media":68833,"comment_status":"open","ping_status":"open","sticky":false,"template":"","format":"standard","meta":{"footnotes":""},"categories":[1,430,18,17],"tags":[],"class_list":["post-68831","post","type-post","status-publish","format-standard","has-post-thumbnail","hentry","category-cultura","category-jueves-indie","category-musica","category-principal"],"yoast_head":"<!-- This site is optimized with the Yoast SEO plugin v24.7 - https:\/\/yoast.com\/wordpress\/plugins\/seo\/ -->\n<title>&#039;Domingo&#039;, de La Otra Cara de la Nada &#171; Reconoce MX<\/title>\n<meta name=\"robots\" content=\"index, follow, max-snippet:-1, max-image-preview:large, max-video-preview:-1\" \/>\n<link rel=\"canonical\" href=\"http:\/\/www.reconoce.mx\/?p=68831\" \/>\n<meta property=\"og:locale\" content=\"es_ES\" \/>\n<meta property=\"og:type\" content=\"article\" \/>\n<meta property=\"og:title\" content=\"&#039;Domingo&#039;, de La Otra Cara de la Nada &#171; Reconoce MX\" \/>\n<meta property=\"og:description\" content=\"Estamos ya en el pen\u00faltimo Jueves independiente del a\u00f1o, que como saben, siempre en la \u00faltima semana lo dedicamos para elegir las 5 canciones de fuera de M\u00e9xico ac\u00e1 presentadas que m\u00e1s nos pegaron.\" \/>\n<meta property=\"og:url\" content=\"http:\/\/www.reconoce.mx\/?p=68831\" \/>\n<meta property=\"og:site_name\" content=\"Reconoce MX\" \/>\n<meta property=\"article:publisher\" content=\"https:\/\/es-la.facebook.com\/ReconoceMX\/\" \/>\n<meta property=\"article:published_time\" content=\"2017-12-14T06:02:07+00:00\" \/>\n<meta property=\"article:modified_time\" content=\"2017-12-14T07:10:34+00:00\" \/>\n<meta property=\"og:image\" content=\"http:\/\/www.reconoce.mx\/wp-content\/uploads\/2017\/12\/La-Otra-Cara-de-la-Nada.png\" \/>\n\t<meta property=\"og:image:width\" content=\"590\" \/>\n\t<meta property=\"og:image:height\" content=\"380\" \/>\n\t<meta property=\"og:image:type\" content=\"image\/png\" \/>\n<meta name=\"author\" content=\"Reconoce MX\" \/>\n<meta name=\"twitter:card\" content=\"summary_large_image\" \/>\n<meta name=\"twitter:creator\" content=\"@reconocemx\" \/>\n<meta name=\"twitter:site\" content=\"@reconocemx\" \/>\n<meta name=\"twitter:label1\" content=\"Escrito por\" \/>\n\t<meta name=\"twitter:data1\" content=\"Reconoce MX\" \/>\n\t<meta name=\"twitter:label2\" content=\"Tiempo de lectura\" \/>\n\t<meta name=\"twitter:data2\" content=\"2 minutos\" \/>\n<script type=\"application\/ld+json\" class=\"yoast-schema-graph\">{\"@context\":\"https:\/\/schema.org\",\"@graph\":[{\"@type\":\"Article\",\"@id\":\"http:\/\/www.reconoce.mx\/?p=68831#article\",\"isPartOf\":{\"@id\":\"http:\/\/www.reconoce.mx\/?p=68831\"},\"author\":{\"name\":\"Reconoce MX\",\"@id\":\"http:\/\/www.reconoce.mx\/#\/schema\/person\/2117e997d7051dc15d6880eaf9bca0b2\"},\"headline\":\"&#8216;Domingo&#8217;, de La Otra Cara de la Nada\",\"datePublished\":\"2017-12-14T06:02:07+00:00\",\"dateModified\":\"2017-12-14T07:10:34+00:00\",\"mainEntityOfPage\":{\"@id\":\"http:\/\/www.reconoce.mx\/?p=68831\"},\"wordCount\":347,\"commentCount\":0,\"publisher\":{\"@id\":\"http:\/\/www.reconoce.mx\/#organization\"},\"image\":{\"@id\":\"http:\/\/www.reconoce.mx\/?p=68831#primaryimage\"},\"thumbnailUrl\":\"http:\/\/www.reconoce.mx\/wp-content\/uploads\/2017\/12\/La-Otra-Cara-de-la-Nada.png\",\"articleSection\":[\"Cultura\",\"Jueves indie\",\"M\u00fasica\",\"Principal\"],\"inLanguage\":\"es\",\"potentialAction\":[{\"@type\":\"CommentAction\",\"name\":\"Comment\",\"target\":[\"http:\/\/www.reconoce.mx\/?p=68831#respond\"]}]},{\"@type\":\"WebPage\",\"@id\":\"http:\/\/www.reconoce.mx\/?p=68831\",\"url\":\"http:\/\/www.reconoce.mx\/?p=68831\",\"name\":\"'Domingo', de La Otra Cara de la Nada &#171; Reconoce MX\",\"isPartOf\":{\"@id\":\"http:\/\/www.reconoce.mx\/#website\"},\"primaryImageOfPage\":{\"@id\":\"http:\/\/www.reconoce.mx\/?p=68831#primaryimage\"},\"image\":{\"@id\":\"http:\/\/www.reconoce.mx\/?p=68831#primaryimage\"},\"thumbnailUrl\":\"http:\/\/www.reconoce.mx\/wp-content\/uploads\/2017\/12\/La-Otra-Cara-de-la-Nada.png\",\"datePublished\":\"2017-12-14T06:02:07+00:00\",\"dateModified\":\"2017-12-14T07:10:34+00:00\",\"breadcrumb\":{\"@id\":\"http:\/\/www.reconoce.mx\/?p=68831#breadcrumb\"},\"inLanguage\":\"es\",\"potentialAction\":[{\"@type\":\"ReadAction\",\"target\":[\"http:\/\/www.reconoce.mx\/?p=68831\"]}]},{\"@type\":\"ImageObject\",\"inLanguage\":\"es\",\"@id\":\"http:\/\/www.reconoce.mx\/?p=68831#primaryimage\",\"url\":\"http:\/\/www.reconoce.mx\/wp-content\/uploads\/2017\/12\/La-Otra-Cara-de-la-Nada.png\",\"contentUrl\":\"http:\/\/www.reconoce.mx\/wp-content\/uploads\/2017\/12\/La-Otra-Cara-de-la-Nada.png\",\"width\":590,\"height\":380},{\"@type\":\"BreadcrumbList\",\"@id\":\"http:\/\/www.reconoce.mx\/?p=68831#breadcrumb\",\"itemListElement\":[{\"@type\":\"ListItem\",\"position\":1,\"name\":\"Portada\",\"item\":\"http:\/\/www.reconoce.mx\/\"},{\"@type\":\"ListItem\",\"position\":2,\"name\":\"&#8216;Domingo&#8217;, de La Otra Cara de la Nada\"}]},{\"@type\":\"WebSite\",\"@id\":\"http:\/\/www.reconoce.mx\/#website\",\"url\":\"http:\/\/www.reconoce.mx\/\",\"name\":\"Reconoce MX\",\"description\":\"En Reconoce MX difundimos arte, cultura y conciencia social en M\u00e9xico. Tu ciudad en otra perspectiva.\",\"publisher\":{\"@id\":\"http:\/\/www.reconoce.mx\/#organization\"},\"potentialAction\":[{\"@type\":\"SearchAction\",\"target\":{\"@type\":\"EntryPoint\",\"urlTemplate\":\"http:\/\/www.reconoce.mx\/?s={search_term_string}\"},\"query-input\":{\"@type\":\"PropertyValueSpecification\",\"valueRequired\":true,\"valueName\":\"search_term_string\"}}],\"inLanguage\":\"es\"},{\"@type\":\"Organization\",\"@id\":\"http:\/\/www.reconoce.mx\/#organization\",\"name\":\"Reconoce MX\",\"url\":\"http:\/\/www.reconoce.mx\/\",\"logo\":{\"@type\":\"ImageObject\",\"inLanguage\":\"es\",\"@id\":\"http:\/\/www.reconoce.mx\/#\/schema\/logo\/image\/\",\"url\":\"https:\/\/www.reconoce.mx\/wp-content\/uploads\/2019\/03\/logorcmx-good-1.png\",\"contentUrl\":\"https:\/\/www.reconoce.mx\/wp-content\/uploads\/2019\/03\/logorcmx-good-1.png\",\"width\":280,\"height\":90,\"caption\":\"Reconoce MX\"},\"image\":{\"@id\":\"http:\/\/www.reconoce.mx\/#\/schema\/logo\/image\/\"},\"sameAs\":[\"https:\/\/es-la.facebook.com\/ReconoceMX\/\",\"https:\/\/x.com\/reconocemx\",\"http:\/\/@reconocemx\"]},{\"@type\":\"Person\",\"@id\":\"http:\/\/www.reconoce.mx\/#\/schema\/person\/2117e997d7051dc15d6880eaf9bca0b2\",\"name\":\"Reconoce MX\",\"image\":{\"@type\":\"ImageObject\",\"inLanguage\":\"es\",\"@id\":\"http:\/\/www.reconoce.mx\/#\/schema\/person\/image\/\",\"url\":\"https:\/\/secure.gravatar.com\/avatar\/6c8d4dc7569ca1c90c5fdcc349f839d5ddef6fe1e70b4337ead2ef1a4c43fc3a?s=96&d=identicon&r=g\",\"contentUrl\":\"https:\/\/secure.gravatar.com\/avatar\/6c8d4dc7569ca1c90c5fdcc349f839d5ddef6fe1e70b4337ead2ef1a4c43fc3a?s=96&d=identicon&r=g\",\"caption\":\"Reconoce MX\"},\"description\":\"Reconoce MX es un proyecto de difusi\u00f3n art\u00edstica, cultural y de conciencia social que est\u00e1 enfocado a difundir y fomentar el entretenimiento alternativo de calidad para todo el p\u00fablico que comparta el mismo entusiasmo.\",\"sameAs\":[\"http:\/\/www.reconoce.mx\"],\"url\":\"http:\/\/www.reconoce.mx\/?author=2\"}]}<\/script>\n<!-- \/ Yoast SEO plugin. -->","yoast_head_json":{"title":"'Domingo', de La Otra Cara de la Nada &#171; Reconoce MX","robots":{"index":"index","follow":"follow","max-snippet":"max-snippet:-1","max-image-preview":"max-image-preview:large","max-video-preview":"max-video-preview:-1"},"canonical":"http:\/\/www.reconoce.mx\/?p=68831","og_locale":"es_ES","og_type":"article","og_title":"'Domingo', de La Otra Cara de la Nada &#171; Reconoce MX","og_description":"Estamos ya en el pen\u00faltimo Jueves independiente del a\u00f1o, que como saben, siempre en la \u00faltima semana lo dedicamos para elegir las 5 canciones de fuera de M\u00e9xico ac\u00e1 presentadas que m\u00e1s nos pegaron.","og_url":"http:\/\/www.reconoce.mx\/?p=68831","og_site_name":"Reconoce MX","article_publisher":"https:\/\/es-la.facebook.com\/ReconoceMX\/","article_published_time":"2017-12-14T06:02:07+00:00","article_modified_time":"2017-12-14T07:10:34+00:00","og_image":[{"width":590,"height":380,"url":"http:\/\/www.reconoce.mx\/wp-content\/uploads\/2017\/12\/La-Otra-Cara-de-la-Nada.png","type":"image\/png"}],"author":"Reconoce MX","twitter_card":"summary_large_image","twitter_creator":"@reconocemx","twitter_site":"@reconocemx","twitter_misc":{"Escrito por":"Reconoce MX","Tiempo de lectura":"2 minutos"},"schema":{"@context":"https:\/\/schema.org","@graph":[{"@type":"Article","@id":"http:\/\/www.reconoce.mx\/?p=68831#article","isPartOf":{"@id":"http:\/\/www.reconoce.mx\/?p=68831"},"author":{"name":"Reconoce MX","@id":"http:\/\/www.reconoce.mx\/#\/schema\/person\/2117e997d7051dc15d6880eaf9bca0b2"},"headline":"&#8216;Domingo&#8217;, de La Otra Cara de la Nada","datePublished":"2017-12-14T06:02:07+00:00","dateModified":"2017-12-14T07:10:34+00:00","mainEntityOfPage":{"@id":"http:\/\/www.reconoce.mx\/?p=68831"},"wordCount":347,"commentCount":0,"publisher":{"@id":"http:\/\/www.reconoce.mx\/#organization"},"image":{"@id":"http:\/\/www.reconoce.mx\/?p=68831#primaryimage"},"thumbnailUrl":"http:\/\/www.reconoce.mx\/wp-content\/uploads\/2017\/12\/La-Otra-Cara-de-la-Nada.png","articleSection":["Cultura","Jueves indie","M\u00fasica","Principal"],"inLanguage":"es","potentialAction":[{"@type":"CommentAction","name":"Comment","target":["http:\/\/www.reconoce.mx\/?p=68831#respond"]}]},{"@type":"WebPage","@id":"http:\/\/www.reconoce.mx\/?p=68831","url":"http:\/\/www.reconoce.mx\/?p=68831","name":"'Domingo', de La Otra Cara de la Nada &#171; Reconoce MX","isPartOf":{"@id":"http:\/\/www.reconoce.mx\/#website"},"primaryImageOfPage":{"@id":"http:\/\/www.reconoce.mx\/?p=68831#primaryimage"},"image":{"@id":"http:\/\/www.reconoce.mx\/?p=68831#primaryimage"},"thumbnailUrl":"http:\/\/www.reconoce.mx\/wp-content\/uploads\/2017\/12\/La-Otra-Cara-de-la-Nada.png","datePublished":"2017-12-14T06:02:07+00:00","dateModified":"2017-12-14T07:10:34+00:00","breadcrumb":{"@id":"http:\/\/www.reconoce.mx\/?p=68831#breadcrumb"},"inLanguage":"es","potentialAction":[{"@type":"ReadAction","target":["http:\/\/www.reconoce.mx\/?p=68831"]}]},{"@type":"ImageObject","inLanguage":"es","@id":"http:\/\/www.reconoce.mx\/?p=68831#primaryimage","url":"http:\/\/www.reconoce.mx\/wp-content\/uploads\/2017\/12\/La-Otra-Cara-de-la-Nada.png","contentUrl":"http:\/\/www.reconoce.mx\/wp-content\/uploads\/2017\/12\/La-Otra-Cara-de-la-Nada.png","width":590,"height":380},{"@type":"BreadcrumbList","@id":"http:\/\/www.reconoce.mx\/?p=68831#breadcrumb","itemListElement":[{"@type":"ListItem","position":1,"name":"Portada","item":"http:\/\/www.reconoce.mx\/"},{"@type":"ListItem","position":2,"name":"&#8216;Domingo&#8217;, de La Otra Cara de la Nada"}]},{"@type":"WebSite","@id":"http:\/\/www.reconoce.mx\/#website","url":"http:\/\/www.reconoce.mx\/","name":"Reconoce MX","description":"En Reconoce MX difundimos arte, cultura y conciencia social en M\u00e9xico. Tu ciudad en otra perspectiva.","publisher":{"@id":"http:\/\/www.reconoce.mx\/#organization"},"potentialAction":[{"@type":"SearchAction","target":{"@type":"EntryPoint","urlTemplate":"http:\/\/www.reconoce.mx\/?s={search_term_string}"},"query-input":{"@type":"PropertyValueSpecification","valueRequired":true,"valueName":"search_term_string"}}],"inLanguage":"es"},{"@type":"Organization","@id":"http:\/\/www.reconoce.mx\/#organization","name":"Reconoce MX","url":"http:\/\/www.reconoce.mx\/","logo":{"@type":"ImageObject","inLanguage":"es","@id":"http:\/\/www.reconoce.mx\/#\/schema\/logo\/image\/","url":"https:\/\/www.reconoce.mx\/wp-content\/uploads\/2019\/03\/logorcmx-good-1.png","contentUrl":"https:\/\/www.reconoce.mx\/wp-content\/uploads\/2019\/03\/logorcmx-good-1.png","width":280,"height":90,"caption":"Reconoce MX"},"image":{"@id":"http:\/\/www.reconoce.mx\/#\/schema\/logo\/image\/"},"sameAs":["https:\/\/es-la.facebook.com\/ReconoceMX\/","https:\/\/x.com\/reconocemx","http:\/\/@reconocemx"]},{"@type":"Person","@id":"http:\/\/www.reconoce.mx\/#\/schema\/person\/2117e997d7051dc15d6880eaf9bca0b2","name":"Reconoce MX","image":{"@type":"ImageObject","inLanguage":"es","@id":"http:\/\/www.reconoce.mx\/#\/schema\/person\/image\/","url":"https:\/\/secure.gravatar.com\/avatar\/6c8d4dc7569ca1c90c5fdcc349f839d5ddef6fe1e70b4337ead2ef1a4c43fc3a?s=96&d=identicon&r=g","contentUrl":"https:\/\/secure.gravatar.com\/avatar\/6c8d4dc7569ca1c90c5fdcc349f839d5ddef6fe1e70b4337ead2ef1a4c43fc3a?s=96&d=identicon&r=g","caption":"Reconoce MX"},"description":"Reconoce MX es un proyecto de difusi\u00f3n art\u00edstica, cultural y de conciencia social que est\u00e1 enfocado a difundir y fomentar el entretenimiento alternativo de calidad para todo el p\u00fablico que comparta el mismo entusiasmo.","sameAs":["http:\/\/www.reconoce.mx"],"url":"http:\/\/www.reconoce.mx\/?author=2"}]}},"_links":{"self":[{"href":"http:\/\/www.reconoce.mx\/index.php?rest_route=\/wp\/v2\/posts\/68831","targetHints":{"allow":["GET"]}}],"collection":[{"href":"http:\/\/www.reconoce.mx\/index.php?rest_route=\/wp\/v2\/posts"}],"about":[{"href":"http:\/\/www.reconoce.mx\/index.php?rest_route=\/wp\/v2\/types\/post"}],"author":[{"embeddable":true,"href":"http:\/\/www.reconoce.mx\/index.php?rest_route=\/wp\/v2\/users\/2"}],"replies":[{"embeddable":true,"href":"http:\/\/www.reconoce.mx\/index.php?rest_route=%2Fwp%2Fv2%2Fcomments&post=68831"}],"version-history":[{"count":3,"href":"http:\/\/www.reconoce.mx\/index.php?rest_route=\/wp\/v2\/posts\/68831\/revisions"}],"predecessor-version":[{"id":68850,"href":"http:\/\/www.reconoce.mx\/index.php?rest_route=\/wp\/v2\/posts\/68831\/revisions\/68850"}],"wp:featuredmedia":[{"embeddable":true,"href":"http:\/\/www.reconoce.mx\/index.php?rest_route=\/wp\/v2\/media\/68833"}],"wp:attachment":[{"href":"http:\/\/www.reconoce.mx\/index.php?rest_route=%2Fwp%2Fv2%2Fmedia&parent=68831"}],"wp:term":[{"taxonomy":"category","embeddable":true,"href":"http:\/\/www.reconoce.mx\/index.php?rest_route=%2Fwp%2Fv2%2Fcategories&post=68831"},{"taxonomy":"post_tag","embeddable":true,"href":"http:\/\/www.reconoce.mx\/index.php?rest_route=%2Fwp%2Fv2%2Ftags&post=68831"}],"curies":[{"name":"wp","href":"https:\/\/api.w.org\/{rel}","templated":true}]}}