{"id":68944,"date":"2017-12-28T00:02:44","date_gmt":"2017-12-28T06:02:44","guid":{"rendered":"http:\/\/www.reconoce.mx\/?p=68944"},"modified":"2017-12-27T10:29:28","modified_gmt":"2017-12-27T16:29:28","slug":"proposito-de-ano-nuevo-como-nacion","status":"publish","type":"post","link":"http:\/\/www.reconoce.mx\/?p=68944","title":{"rendered":"Prop\u00f3sito de a\u00f1o nuevo como Naci\u00f3n"},"content":{"rendered":"<p><strong>Por <a href=\"https:\/\/twitter.com\/arigato30\" target=\"_blank\" rel=\"noopener noreferrer\">Ligiaele<\/a><\/strong>.<\/p>\n<p>El conocimiento, una valiosa herramienta y colectivo de la humanidad, se ve amenazado con las nuevas \u00abreformas\u00bb de los dirigentes y representantes de nuestro pa\u00eds.<\/p>\n<p><a href=\"http:\/\/www.reconoce.mx\/wp-content\/uploads\/2017\/12\/la-ley-de-seguridad-2.png\"><img loading=\"lazy\" decoding=\"async\" class=\"aligncenter size-full wp-image-69103\" src=\"http:\/\/www.reconoce.mx\/wp-content\/uploads\/2017\/12\/la-ley-de-seguridad-2.png\" alt=\"\" width=\"590\" height=\"380\" srcset=\"http:\/\/www.reconoce.mx\/wp-content\/uploads\/2017\/12\/la-ley-de-seguridad-2.png 590w, http:\/\/www.reconoce.mx\/wp-content\/uploads\/2017\/12\/la-ley-de-seguridad-2-300x193.png 300w, http:\/\/www.reconoce.mx\/wp-content\/uploads\/2017\/12\/la-ley-de-seguridad-2-150x97.png 150w\" sizes=\"auto, (max-width: 590px) 100vw, 590px\" \/><\/a><\/p>\n<p>No tan solo hemos vivido uno de los a\u00f1os m\u00e1s violentos, la alarmante cifra de 270 feminicidios en l Estado de M\u00e9xico no me dejar\u00e1n mentir. Estamos siendo violentados en nuestras garant\u00edas individuales y en el derecho de libre expresi\u00f3n a un alarmante nivel, tanto que la <strong>Organizaci\u00f3n de las Naciones Unidas<\/strong> est\u00e1n horrorizadas por el retroceso que la \u00abLey de Seguridad\u00bb impone.<\/p>\n<p>Las modificaci\u00f3n es al <strong>C\u00f3digo Civil Federal<\/strong>, en espec\u00edfico a la fracci\u00f3n I del art\u00edculo 1916, en donde la libertad de expresi\u00f3n debe privilegiarse respecto a otros derechos, y que se considera como da\u00f1o moral al hecho il\u00edcito de quien comunique, a trav\u00e9s de cualquier miedo tradicional o electr\u00f3nico, un hecho cierto o falso, determinado o indeterminado, que pueda causar deshonra, descr\u00e9dito, perjuicio o exponer al desprecio de alguien. Esto anula nuestro derecho a la informaci\u00f3n y libertad de expresi\u00f3n; en ning\u00fan medio \u00abtradicional\u00bb he escuchado comentario alguno a esta atrocidad.<\/p>\n<p>No perdamos de vista lo verdadera importante, si en definitiva es indignante la detenci\u00f3n domiciliaria de cierta ex dirigente sindical, pero el secuestro a nuestra libertad de expresi\u00f3n va m\u00e1s all\u00e1 del a molestia que estos hechos nos generan.<\/p>\n<p>El compromiso para 2018 es hacer de este pa\u00eds un lugar mejor, participemos de manera consiente.<\/p>\n<p>Esta nota fue escrita escuchando \u00abGuerrilla Radio\u00bb de <strong>Rage Against the Machine<\/strong>.<\/p>\n<p style=\"text-align: right;\">Fotos: <strong>Adri\u00e1n Mart\u00ednez<\/strong>.<\/p>\n<p>&nbsp;<\/p>\n<p>&nbsp;<\/p>\n","protected":false},"excerpt":{"rendered":"<p>El conocimiento, una valiosa herramienta y colectivo de la humanidad, se ve amenazado con las nuevas \u00abreformas\u00bb de los dirigentes y representantes de nuestro pa\u00eds.<\/p>\n","protected":false},"author":1,"featured_media":69102,"comment_status":"open","ping_status":"open","sticky":false,"template":"","format":"standard","meta":{"footnotes":""},"categories":[43,275,17],"tags":[],"class_list":["post-68944","post","type-post","status-publish","format-standard","has-post-thumbnail","hentry","category-conciencia","category-derechos-humanos","category-principal"],"yoast_head":"<!-- This site is optimized with the Yoast SEO plugin v24.7 - https:\/\/yoast.com\/wordpress\/plugins\/seo\/ -->\n<title>Prop\u00f3sito de a\u00f1o nuevo como Naci\u00f3n &#171; Reconoce MX<\/title>\n<meta name=\"robots\" content=\"index, follow, max-snippet:-1, max-image-preview:large, max-video-preview:-1\" \/>\n<link rel=\"canonical\" href=\"https:\/\/www.reconoce.mx\/?p=68944\" \/>\n<meta property=\"og:locale\" content=\"es_ES\" \/>\n<meta property=\"og:type\" content=\"article\" \/>\n<meta property=\"og:title\" content=\"Prop\u00f3sito de a\u00f1o nuevo como Naci\u00f3n &#171; Reconoce MX\" \/>\n<meta property=\"og:description\" content=\"El conocimiento, una valiosa herramienta y colectivo de la humanidad, se ve amenazado con las nuevas &quot;reformas&quot; de los dirigentes y representantes de nuestro pa\u00eds.\" \/>\n<meta property=\"og:url\" content=\"https:\/\/www.reconoce.mx\/?p=68944\" \/>\n<meta property=\"og:site_name\" content=\"Reconoce MX\" \/>\n<meta property=\"article:publisher\" content=\"https:\/\/es-la.facebook.com\/ReconoceMX\/\" \/>\n<meta property=\"article:published_time\" content=\"2017-12-28T06:02:44+00:00\" \/>\n<meta property=\"og:image\" content=\"https:\/\/www.reconoce.mx\/wp-content\/uploads\/2017\/12\/la-ley-de-seguridad-1.png\" \/>\n\t<meta property=\"og:image:width\" content=\"590\" \/>\n\t<meta property=\"og:image:height\" content=\"380\" \/>\n\t<meta property=\"og:image:type\" content=\"image\/png\" \/>\n<meta name=\"author\" content=\"admin\" \/>\n<meta name=\"twitter:card\" content=\"summary_large_image\" \/>\n<meta name=\"twitter:creator\" content=\"@reconocemx\" \/>\n<meta name=\"twitter:site\" content=\"@reconocemx\" \/>\n<meta name=\"twitter:label1\" content=\"Escrito por\" \/>\n\t<meta name=\"twitter:data1\" content=\"admin\" \/>\n\t<meta name=\"twitter:label2\" content=\"Tiempo de lectura\" \/>\n\t<meta name=\"twitter:data2\" content=\"1 minuto\" \/>\n<script type=\"application\/ld+json\" class=\"yoast-schema-graph\">{\"@context\":\"https:\/\/schema.org\",\"@graph\":[{\"@type\":\"Article\",\"@id\":\"https:\/\/www.reconoce.mx\/?p=68944#article\",\"isPartOf\":{\"@id\":\"https:\/\/www.reconoce.mx\/?p=68944\"},\"author\":{\"name\":\"admin\",\"@id\":\"http:\/\/www.reconoce.mx\/#\/schema\/person\/81edd0ecaba6a5e394ed5277b803f9f4\"},\"headline\":\"Prop\u00f3sito de a\u00f1o nuevo como Naci\u00f3n\",\"datePublished\":\"2017-12-28T06:02:44+00:00\",\"mainEntityOfPage\":{\"@id\":\"https:\/\/www.reconoce.mx\/?p=68944\"},\"wordCount\":288,\"commentCount\":0,\"publisher\":{\"@id\":\"http:\/\/www.reconoce.mx\/#organization\"},\"image\":{\"@id\":\"https:\/\/www.reconoce.mx\/?p=68944#primaryimage\"},\"thumbnailUrl\":\"http:\/\/www.reconoce.mx\/wp-content\/uploads\/2017\/12\/la-ley-de-seguridad-1.png\",\"articleSection\":[\"Conciencia\",\"Derechos Humanos\",\"Principal\"],\"inLanguage\":\"es\",\"potentialAction\":[{\"@type\":\"CommentAction\",\"name\":\"Comment\",\"target\":[\"https:\/\/www.reconoce.mx\/?p=68944#respond\"]}]},{\"@type\":\"WebPage\",\"@id\":\"https:\/\/www.reconoce.mx\/?p=68944\",\"url\":\"https:\/\/www.reconoce.mx\/?p=68944\",\"name\":\"Prop\u00f3sito de a\u00f1o nuevo como Naci\u00f3n &#171; Reconoce MX\",\"isPartOf\":{\"@id\":\"http:\/\/www.reconoce.mx\/#website\"},\"primaryImageOfPage\":{\"@id\":\"https:\/\/www.reconoce.mx\/?p=68944#primaryimage\"},\"image\":{\"@id\":\"https:\/\/www.reconoce.mx\/?p=68944#primaryimage\"},\"thumbnailUrl\":\"http:\/\/www.reconoce.mx\/wp-content\/uploads\/2017\/12\/la-ley-de-seguridad-1.png\",\"datePublished\":\"2017-12-28T06:02:44+00:00\",\"breadcrumb\":{\"@id\":\"https:\/\/www.reconoce.mx\/?p=68944#breadcrumb\"},\"inLanguage\":\"es\",\"potentialAction\":[{\"@type\":\"ReadAction\",\"target\":[\"https:\/\/www.reconoce.mx\/?p=68944\"]}]},{\"@type\":\"ImageObject\",\"inLanguage\":\"es\",\"@id\":\"https:\/\/www.reconoce.mx\/?p=68944#primaryimage\",\"url\":\"http:\/\/www.reconoce.mx\/wp-content\/uploads\/2017\/12\/la-ley-de-seguridad-1.png\",\"contentUrl\":\"http:\/\/www.reconoce.mx\/wp-content\/uploads\/2017\/12\/la-ley-de-seguridad-1.png\",\"width\":590,\"height\":380},{\"@type\":\"BreadcrumbList\",\"@id\":\"https:\/\/www.reconoce.mx\/?p=68944#breadcrumb\",\"itemListElement\":[{\"@type\":\"ListItem\",\"position\":1,\"name\":\"Portada\",\"item\":\"http:\/\/www.reconoce.mx\/\"},{\"@type\":\"ListItem\",\"position\":2,\"name\":\"Prop\u00f3sito de a\u00f1o nuevo como Naci\u00f3n\"}]},{\"@type\":\"WebSite\",\"@id\":\"http:\/\/www.reconoce.mx\/#website\",\"url\":\"http:\/\/www.reconoce.mx\/\",\"name\":\"Reconoce MX\",\"description\":\"En Reconoce MX difundimos arte, cultura y conciencia social en M\u00e9xico. Tu ciudad en otra perspectiva.\",\"publisher\":{\"@id\":\"http:\/\/www.reconoce.mx\/#organization\"},\"potentialAction\":[{\"@type\":\"SearchAction\",\"target\":{\"@type\":\"EntryPoint\",\"urlTemplate\":\"http:\/\/www.reconoce.mx\/?s={search_term_string}\"},\"query-input\":{\"@type\":\"PropertyValueSpecification\",\"valueRequired\":true,\"valueName\":\"search_term_string\"}}],\"inLanguage\":\"es\"},{\"@type\":\"Organization\",\"@id\":\"http:\/\/www.reconoce.mx\/#organization\",\"name\":\"Reconoce MX\",\"url\":\"http:\/\/www.reconoce.mx\/\",\"logo\":{\"@type\":\"ImageObject\",\"inLanguage\":\"es\",\"@id\":\"http:\/\/www.reconoce.mx\/#\/schema\/logo\/image\/\",\"url\":\"https:\/\/www.reconoce.mx\/wp-content\/uploads\/2019\/03\/logorcmx-good-1.png\",\"contentUrl\":\"https:\/\/www.reconoce.mx\/wp-content\/uploads\/2019\/03\/logorcmx-good-1.png\",\"width\":280,\"height\":90,\"caption\":\"Reconoce MX\"},\"image\":{\"@id\":\"http:\/\/www.reconoce.mx\/#\/schema\/logo\/image\/\"},\"sameAs\":[\"https:\/\/es-la.facebook.com\/ReconoceMX\/\",\"https:\/\/x.com\/reconocemx\",\"http:\/\/@reconocemx\"]},{\"@type\":\"Person\",\"@id\":\"http:\/\/www.reconoce.mx\/#\/schema\/person\/81edd0ecaba6a5e394ed5277b803f9f4\",\"name\":\"admin\",\"image\":{\"@type\":\"ImageObject\",\"inLanguage\":\"es\",\"@id\":\"http:\/\/www.reconoce.mx\/#\/schema\/person\/image\/\",\"url\":\"https:\/\/secure.gravatar.com\/avatar\/f321b77d0345b778f27b47aa04b3316a52ca72b8406507a117538cb8dda4a22d?s=96&d=identicon&r=g\",\"contentUrl\":\"https:\/\/secure.gravatar.com\/avatar\/f321b77d0345b778f27b47aa04b3316a52ca72b8406507a117538cb8dda4a22d?s=96&d=identicon&r=g\",\"caption\":\"admin\"},\"url\":\"http:\/\/www.reconoce.mx\/?author=1\"}]}<\/script>\n<!-- \/ Yoast SEO plugin. -->","yoast_head_json":{"title":"Prop\u00f3sito de a\u00f1o nuevo como Naci\u00f3n &#171; Reconoce MX","robots":{"index":"index","follow":"follow","max-snippet":"max-snippet:-1","max-image-preview":"max-image-preview:large","max-video-preview":"max-video-preview:-1"},"canonical":"https:\/\/www.reconoce.mx\/?p=68944","og_locale":"es_ES","og_type":"article","og_title":"Prop\u00f3sito de a\u00f1o nuevo como Naci\u00f3n &#171; Reconoce MX","og_description":"El conocimiento, una valiosa herramienta y colectivo de la humanidad, se ve amenazado con las nuevas \"reformas\" de los dirigentes y representantes de nuestro pa\u00eds.","og_url":"https:\/\/www.reconoce.mx\/?p=68944","og_site_name":"Reconoce MX","article_publisher":"https:\/\/es-la.facebook.com\/ReconoceMX\/","article_published_time":"2017-12-28T06:02:44+00:00","og_image":[{"width":590,"height":380,"url":"https:\/\/www.reconoce.mx\/wp-content\/uploads\/2017\/12\/la-ley-de-seguridad-1.png","type":"image\/png"}],"author":"admin","twitter_card":"summary_large_image","twitter_creator":"@reconocemx","twitter_site":"@reconocemx","twitter_misc":{"Escrito por":"admin","Tiempo de lectura":"1 minuto"},"schema":{"@context":"https:\/\/schema.org","@graph":[{"@type":"Article","@id":"https:\/\/www.reconoce.mx\/?p=68944#article","isPartOf":{"@id":"https:\/\/www.reconoce.mx\/?p=68944"},"author":{"name":"admin","@id":"http:\/\/www.reconoce.mx\/#\/schema\/person\/81edd0ecaba6a5e394ed5277b803f9f4"},"headline":"Prop\u00f3sito de a\u00f1o nuevo como Naci\u00f3n","datePublished":"2017-12-28T06:02:44+00:00","mainEntityOfPage":{"@id":"https:\/\/www.reconoce.mx\/?p=68944"},"wordCount":288,"commentCount":0,"publisher":{"@id":"http:\/\/www.reconoce.mx\/#organization"},"image":{"@id":"https:\/\/www.reconoce.mx\/?p=68944#primaryimage"},"thumbnailUrl":"http:\/\/www.reconoce.mx\/wp-content\/uploads\/2017\/12\/la-ley-de-seguridad-1.png","articleSection":["Conciencia","Derechos Humanos","Principal"],"inLanguage":"es","potentialAction":[{"@type":"CommentAction","name":"Comment","target":["https:\/\/www.reconoce.mx\/?p=68944#respond"]}]},{"@type":"WebPage","@id":"https:\/\/www.reconoce.mx\/?p=68944","url":"https:\/\/www.reconoce.mx\/?p=68944","name":"Prop\u00f3sito de a\u00f1o nuevo como Naci\u00f3n &#171; Reconoce MX","isPartOf":{"@id":"http:\/\/www.reconoce.mx\/#website"},"primaryImageOfPage":{"@id":"https:\/\/www.reconoce.mx\/?p=68944#primaryimage"},"image":{"@id":"https:\/\/www.reconoce.mx\/?p=68944#primaryimage"},"thumbnailUrl":"http:\/\/www.reconoce.mx\/wp-content\/uploads\/2017\/12\/la-ley-de-seguridad-1.png","datePublished":"2017-12-28T06:02:44+00:00","breadcrumb":{"@id":"https:\/\/www.reconoce.mx\/?p=68944#breadcrumb"},"inLanguage":"es","potentialAction":[{"@type":"ReadAction","target":["https:\/\/www.reconoce.mx\/?p=68944"]}]},{"@type":"ImageObject","inLanguage":"es","@id":"https:\/\/www.reconoce.mx\/?p=68944#primaryimage","url":"http:\/\/www.reconoce.mx\/wp-content\/uploads\/2017\/12\/la-ley-de-seguridad-1.png","contentUrl":"http:\/\/www.reconoce.mx\/wp-content\/uploads\/2017\/12\/la-ley-de-seguridad-1.png","width":590,"height":380},{"@type":"BreadcrumbList","@id":"https:\/\/www.reconoce.mx\/?p=68944#breadcrumb","itemListElement":[{"@type":"ListItem","position":1,"name":"Portada","item":"http:\/\/www.reconoce.mx\/"},{"@type":"ListItem","position":2,"name":"Prop\u00f3sito de a\u00f1o nuevo como Naci\u00f3n"}]},{"@type":"WebSite","@id":"http:\/\/www.reconoce.mx\/#website","url":"http:\/\/www.reconoce.mx\/","name":"Reconoce MX","description":"En Reconoce MX difundimos arte, cultura y conciencia social en M\u00e9xico. Tu ciudad en otra perspectiva.","publisher":{"@id":"http:\/\/www.reconoce.mx\/#organization"},"potentialAction":[{"@type":"SearchAction","target":{"@type":"EntryPoint","urlTemplate":"http:\/\/www.reconoce.mx\/?s={search_term_string}"},"query-input":{"@type":"PropertyValueSpecification","valueRequired":true,"valueName":"search_term_string"}}],"inLanguage":"es"},{"@type":"Organization","@id":"http:\/\/www.reconoce.mx\/#organization","name":"Reconoce MX","url":"http:\/\/www.reconoce.mx\/","logo":{"@type":"ImageObject","inLanguage":"es","@id":"http:\/\/www.reconoce.mx\/#\/schema\/logo\/image\/","url":"https:\/\/www.reconoce.mx\/wp-content\/uploads\/2019\/03\/logorcmx-good-1.png","contentUrl":"https:\/\/www.reconoce.mx\/wp-content\/uploads\/2019\/03\/logorcmx-good-1.png","width":280,"height":90,"caption":"Reconoce MX"},"image":{"@id":"http:\/\/www.reconoce.mx\/#\/schema\/logo\/image\/"},"sameAs":["https:\/\/es-la.facebook.com\/ReconoceMX\/","https:\/\/x.com\/reconocemx","http:\/\/@reconocemx"]},{"@type":"Person","@id":"http:\/\/www.reconoce.mx\/#\/schema\/person\/81edd0ecaba6a5e394ed5277b803f9f4","name":"admin","image":{"@type":"ImageObject","inLanguage":"es","@id":"http:\/\/www.reconoce.mx\/#\/schema\/person\/image\/","url":"https:\/\/secure.gravatar.com\/avatar\/f321b77d0345b778f27b47aa04b3316a52ca72b8406507a117538cb8dda4a22d?s=96&d=identicon&r=g","contentUrl":"https:\/\/secure.gravatar.com\/avatar\/f321b77d0345b778f27b47aa04b3316a52ca72b8406507a117538cb8dda4a22d?s=96&d=identicon&r=g","caption":"admin"},"url":"http:\/\/www.reconoce.mx\/?author=1"}]}},"_links":{"self":[{"href":"http:\/\/www.reconoce.mx\/index.php?rest_route=\/wp\/v2\/posts\/68944","targetHints":{"allow":["GET"]}}],"collection":[{"href":"http:\/\/www.reconoce.mx\/index.php?rest_route=\/wp\/v2\/posts"}],"about":[{"href":"http:\/\/www.reconoce.mx\/index.php?rest_route=\/wp\/v2\/types\/post"}],"author":[{"embeddable":true,"href":"http:\/\/www.reconoce.mx\/index.php?rest_route=\/wp\/v2\/users\/1"}],"replies":[{"embeddable":true,"href":"http:\/\/www.reconoce.mx\/index.php?rest_route=%2Fwp%2Fv2%2Fcomments&post=68944"}],"version-history":[{"count":3,"href":"http:\/\/www.reconoce.mx\/index.php?rest_route=\/wp\/v2\/posts\/68944\/revisions"}],"predecessor-version":[{"id":69101,"href":"http:\/\/www.reconoce.mx\/index.php?rest_route=\/wp\/v2\/posts\/68944\/revisions\/69101"}],"wp:featuredmedia":[{"embeddable":true,"href":"http:\/\/www.reconoce.mx\/index.php?rest_route=\/wp\/v2\/media\/69102"}],"wp:attachment":[{"href":"http:\/\/www.reconoce.mx\/index.php?rest_route=%2Fwp%2Fv2%2Fmedia&parent=68944"}],"wp:term":[{"taxonomy":"category","embeddable":true,"href":"http:\/\/www.reconoce.mx\/index.php?rest_route=%2Fwp%2Fv2%2Fcategories&post=68944"},{"taxonomy":"post_tag","embeddable":true,"href":"http:\/\/www.reconoce.mx\/index.php?rest_route=%2Fwp%2Fv2%2Ftags&post=68944"}],"curies":[{"name":"wp","href":"https:\/\/api.w.org\/{rel}","templated":true}]}}