{"id":69028,"date":"2017-12-21T00:06:05","date_gmt":"2017-12-21T06:06:05","guid":{"rendered":"http:\/\/www.reconoce.mx\/?p=69028"},"modified":"2017-12-21T00:04:27","modified_gmt":"2017-12-21T06:04:27","slug":"say-ocean-despide-2017-con-un-tremendo-show-entre-amigos","status":"publish","type":"post","link":"http:\/\/www.reconoce.mx\/?p=69028","title":{"rendered":"Say Ocean despide 2017 con un tremendo show entre amigos"},"content":{"rendered":"<p><strong>Texto por\u00a0<a href=\"https:\/\/twitter.com\/carlosanglara\" target=\"_blank\" rel=\"noopener noreferrer\">Carlos Ang Lara<\/a><\/strong>.<br \/>\n<strong>Fotos por <a href=\"https:\/\/twitter.com\/JACSPhoto\" target=\"_blank\" rel=\"noopener noreferrer\">Joaqu\u00edn Cervantes<\/a><\/strong>.<\/p>\n<p>Daban las 19:00 horas y ya hab\u00eda una considerable cantidad de personas esperando en las afueras del Foro Indie Rocks!, todos con las expectativas de ver \u00abel show m\u00e1s grande y la producci\u00f3n m\u00e1s ambiciosa que <strong>Say Ocean<\/strong> ha puesto sobre la mesa en toda la vida\u00bb, palabras de Pako Aldama, su vocalista.<\/p>\n<p><img loading=\"lazy\" decoding=\"async\" class=\"alignnone size-full\" src=\"https:\/\/c1.staticflickr.com\/5\/4688\/38307834175_36763c2b46_c.jpg\" width=\"800\" height=\"534\" \/><\/p>\n<p><em><strong>&gt;&gt;<a href=\"https:\/\/www.flickr.com\/photos\/reconocemx\/albums\/72157690558587954\" target=\"_blank\" rel=\"noopener\">Disfruta nuestra galer\u00eda completa de Nuno en Foro Indie Rocks!<\/a>&lt;&lt;<\/strong><\/em><\/p>\n<p>No pas\u00f3 mucho tiempo para que el acceso al recinto empezara. Como ya lo hab\u00edan anunciado en su cartel, las bandas invitadas <strong>Nuno <\/strong>y <strong>Diez Veces Yo<\/strong> abrir\u00edan esa noche y en efecto, los primeros en aparecer fueron <strong>Nuno<\/strong>, quienes subieron al escenario frente a un p\u00fablico que llenaba aproximadamente la mitad del foro; eso s\u00ed, la gente no dej\u00f3 de llegar a lo largo de su presentaci\u00f3n, presentaci\u00f3n que tanto prendi\u00f3 como cautiv\u00f3 al p\u00fablico con canciones como \u00abBorrarte\u00bb o \u00abResiste\u00bb.<\/p>\n<p>Finalmente, al t\u00e9rmino de una media hora aproximadamente, toc\u00f3 el turno de los oriundos de Culiac\u00e1n <strong>Diez Veces Yo<\/strong>, los cuales nos presentaban sorpresivamente a 2 nuevos integrantes, supliendo la bater\u00eda y el bajo. No, no hubo mayor explicaci\u00f3n del porqu\u00e9 del repentino cambio, pero poco import\u00f3 a la hora de la verdad porque con la poderosa voz de Moz, la m\u00fasica se hizo escuchar a m\u00e1s no poder. En todo el lugar una muy buena banda supo llevar bien la presentaci\u00f3n; hubo de todo, hasta un peque\u00f1o \u00abbaile ritual\u00bb o algo as\u00ed, por parte de uno de los nuevos integrantes, dejando as\u00ed el escenario con una buena impresi\u00f3n.<\/p>\n<p><img loading=\"lazy\" decoding=\"async\" class=\"alignnone size-full\" src=\"https:\/\/c1.staticflickr.com\/5\/4730\/38476893244_b571993b8a_k.jpg\" width=\"1366\" height=\"2048\" \/><\/p>\n<p><em><strong>&gt;&gt;<a href=\"https:\/\/www.flickr.com\/photos\/reconocemx\/sets\/72157691275222055\" target=\"_blank\" rel=\"noopener\">Disfruta nuestra galer\u00eda completa de Diez Veces Yo en Foro Indie Rocks!<\/a>&lt;&lt;<\/strong><\/em><\/p>\n<p>Al cabo de un rato llegaron por los que la mayor\u00eda esper\u00e1bamos, <strong>Say Ocean<\/strong>, quienes pisaron el escenario con el que cerraron el a\u00f1o que de acuerdo a sus integrantes ha sido uno de los m\u00e1s importantes; en t\u00e9rminos de que han crecido mucho como banda, sobre todo despu\u00e9s de que luego de sacar un EP y un par de sencillos presentaron su primer \u00e1lbum de estudio \u00abMejores tiempos\u00bb que ha tenido un buen recibimiento en la escena pop-punk -la cual, por cierto, ha tenido un peque\u00f1o resurgimiento en el \u00faltimo a\u00f1o-.<\/p>\n<p>Pero regresando a lo importante, el concierto empez\u00f3 con una muy buena energ\u00eda con canciones como \u00abTennessecito\u00bb o \u00abQue comience el fuego\u00bb; esa energ\u00eda se convirti\u00f3 en lanzamientos de ropa interior al escenario, un gran <em>mosh pit<\/em> que se hizo en medio del lugar, etc.<\/p>\n<p><img loading=\"lazy\" decoding=\"async\" class=\"alignnone size-full\" src=\"https:\/\/c1.staticflickr.com\/5\/4679\/27407036249_307692c54e_k.jpg\" width=\"1365\" height=\"2048\" \/><\/p>\n<p><em><strong>&gt;&gt;<a href=\"https:\/\/www.flickr.com\/photos\/reconocemx\/sets\/72157690558750584\" target=\"_blank\" rel=\"noopener\">Disfruta nuestra galer\u00eda completa de Say Ocean en Foro Indie Rocks!<\/a>&lt;&lt;<\/strong><\/em><\/p>\n<p>Despu\u00e9s de un par de canciones, el concierto pas\u00f3 a ser una mini sesi\u00f3n ac\u00fastica, la cual fue reforzada con la participaci\u00f3n de <strong>Miranda<\/strong>, con quien recitaron algunas de las canciones de su primer EP \u00abComo si fuera 2005\u00bb; esta \u00absesi\u00f3n\u00bb dur\u00f3 aproximadamente 3 canciones o algo as\u00ed, la verdad es que no las cont\u00e9 porque fue un gran momento del concierto.<\/p>\n<p>Al final el cierre de despedida de 2017 de <strong>Say Ocean<\/strong> tuvo un buen cierre, lleno de momentos muy emotivos para la banda y tambi\u00e9n para el p\u00fablico; sin duda una gran presentaci\u00f3n y un excelente cierre de a\u00f1o.<\/p>\n<p>&nbsp;<\/p>\n<p>&nbsp;<\/p>\n","protected":false},"excerpt":{"rendered":"<p>Daban las 19:00 horas y ya hab\u00eda una considerable cantidad de personas esperando en las afueras del Foro Indie Rocks!, todos con las expectativas de ver \u00abel show m\u00e1s grande y la producci\u00f3n m\u00e1s ambiciosa que Say Ocean ha puesto sobre la mesa en toda la vida\u00bb, palabras de Pako Aldama, su vocalista.<\/p>\n","protected":false},"author":2,"featured_media":69030,"comment_status":"open","ping_status":"open","sticky":false,"template":"","format":"standard","meta":{"footnotes":""},"categories":[1,18,17],"tags":[],"class_list":["post-69028","post","type-post","status-publish","format-standard","has-post-thumbnail","hentry","category-cultura","category-musica","category-principal"],"yoast_head":"<!-- This site is optimized with the Yoast SEO plugin v24.7 - https:\/\/yoast.com\/wordpress\/plugins\/seo\/ -->\n<title>Say Ocean despide 2017 con un tremendo show entre amigos &#171; Reconoce MX<\/title>\n<meta name=\"robots\" content=\"index, follow, max-snippet:-1, max-image-preview:large, max-video-preview:-1\" \/>\n<link rel=\"canonical\" href=\"https:\/\/www.reconoce.mx\/?p=69028\" \/>\n<meta property=\"og:locale\" content=\"es_ES\" \/>\n<meta property=\"og:type\" content=\"article\" \/>\n<meta property=\"og:title\" content=\"Say Ocean despide 2017 con un tremendo show entre amigos &#171; Reconoce MX\" \/>\n<meta property=\"og:description\" content=\"Daban las 19:00 horas y ya hab\u00eda una considerable cantidad de personas esperando en las afueras del Foro Indie Rocks!, todos con las expectativas de ver &quot;el show m\u00e1s grande y la producci\u00f3n m\u00e1s ambiciosa que Say Ocean ha puesto sobre la mesa en toda la vida&quot;, palabras de Pako Aldama, su vocalista.\" \/>\n<meta property=\"og:url\" content=\"https:\/\/www.reconoce.mx\/?p=69028\" \/>\n<meta property=\"og:site_name\" content=\"Reconoce MX\" \/>\n<meta property=\"article:publisher\" content=\"https:\/\/es-la.facebook.com\/ReconoceMX\/\" \/>\n<meta property=\"article:published_time\" content=\"2017-12-21T06:06:05+00:00\" \/>\n<meta property=\"og:image\" content=\"https:\/\/www.reconoce.mx\/wp-content\/uploads\/2017\/12\/say-ocean-cover.png\" \/>\n\t<meta property=\"og:image:width\" content=\"590\" \/>\n\t<meta property=\"og:image:height\" content=\"380\" \/>\n\t<meta property=\"og:image:type\" content=\"image\/png\" \/>\n<meta name=\"author\" content=\"Reconoce MX\" \/>\n<meta name=\"twitter:card\" content=\"summary_large_image\" \/>\n<meta name=\"twitter:creator\" content=\"@reconocemx\" \/>\n<meta name=\"twitter:site\" content=\"@reconocemx\" \/>\n<meta name=\"twitter:label1\" content=\"Escrito por\" \/>\n\t<meta name=\"twitter:data1\" content=\"Reconoce MX\" \/>\n\t<meta name=\"twitter:label2\" content=\"Tiempo de lectura\" \/>\n\t<meta name=\"twitter:data2\" content=\"3 minutos\" \/>\n<script type=\"application\/ld+json\" class=\"yoast-schema-graph\">{\"@context\":\"https:\/\/schema.org\",\"@graph\":[{\"@type\":\"Article\",\"@id\":\"https:\/\/www.reconoce.mx\/?p=69028#article\",\"isPartOf\":{\"@id\":\"https:\/\/www.reconoce.mx\/?p=69028\"},\"author\":{\"name\":\"Reconoce MX\",\"@id\":\"http:\/\/www.reconoce.mx\/#\/schema\/person\/2117e997d7051dc15d6880eaf9bca0b2\"},\"headline\":\"Say Ocean despide 2017 con un tremendo show entre amigos\",\"datePublished\":\"2017-12-21T06:06:05+00:00\",\"mainEntityOfPage\":{\"@id\":\"https:\/\/www.reconoce.mx\/?p=69028\"},\"wordCount\":584,\"commentCount\":0,\"publisher\":{\"@id\":\"http:\/\/www.reconoce.mx\/#organization\"},\"image\":{\"@id\":\"https:\/\/www.reconoce.mx\/?p=69028#primaryimage\"},\"thumbnailUrl\":\"http:\/\/www.reconoce.mx\/wp-content\/uploads\/2017\/12\/say-ocean-cover.png\",\"articleSection\":[\"Cultura\",\"M\u00fasica\",\"Principal\"],\"inLanguage\":\"es\",\"potentialAction\":[{\"@type\":\"CommentAction\",\"name\":\"Comment\",\"target\":[\"https:\/\/www.reconoce.mx\/?p=69028#respond\"]}]},{\"@type\":\"WebPage\",\"@id\":\"https:\/\/www.reconoce.mx\/?p=69028\",\"url\":\"https:\/\/www.reconoce.mx\/?p=69028\",\"name\":\"Say Ocean despide 2017 con un tremendo show entre amigos &#171; Reconoce MX\",\"isPartOf\":{\"@id\":\"http:\/\/www.reconoce.mx\/#website\"},\"primaryImageOfPage\":{\"@id\":\"https:\/\/www.reconoce.mx\/?p=69028#primaryimage\"},\"image\":{\"@id\":\"https:\/\/www.reconoce.mx\/?p=69028#primaryimage\"},\"thumbnailUrl\":\"http:\/\/www.reconoce.mx\/wp-content\/uploads\/2017\/12\/say-ocean-cover.png\",\"datePublished\":\"2017-12-21T06:06:05+00:00\",\"breadcrumb\":{\"@id\":\"https:\/\/www.reconoce.mx\/?p=69028#breadcrumb\"},\"inLanguage\":\"es\",\"potentialAction\":[{\"@type\":\"ReadAction\",\"target\":[\"https:\/\/www.reconoce.mx\/?p=69028\"]}]},{\"@type\":\"ImageObject\",\"inLanguage\":\"es\",\"@id\":\"https:\/\/www.reconoce.mx\/?p=69028#primaryimage\",\"url\":\"http:\/\/www.reconoce.mx\/wp-content\/uploads\/2017\/12\/say-ocean-cover.png\",\"contentUrl\":\"http:\/\/www.reconoce.mx\/wp-content\/uploads\/2017\/12\/say-ocean-cover.png\",\"width\":590,\"height\":380},{\"@type\":\"BreadcrumbList\",\"@id\":\"https:\/\/www.reconoce.mx\/?p=69028#breadcrumb\",\"itemListElement\":[{\"@type\":\"ListItem\",\"position\":1,\"name\":\"Portada\",\"item\":\"http:\/\/www.reconoce.mx\/\"},{\"@type\":\"ListItem\",\"position\":2,\"name\":\"Say Ocean despide 2017 con un tremendo show entre amigos\"}]},{\"@type\":\"WebSite\",\"@id\":\"http:\/\/www.reconoce.mx\/#website\",\"url\":\"http:\/\/www.reconoce.mx\/\",\"name\":\"Reconoce MX\",\"description\":\"En Reconoce MX difundimos arte, cultura y conciencia social en M\u00e9xico. Tu ciudad en otra perspectiva.\",\"publisher\":{\"@id\":\"http:\/\/www.reconoce.mx\/#organization\"},\"potentialAction\":[{\"@type\":\"SearchAction\",\"target\":{\"@type\":\"EntryPoint\",\"urlTemplate\":\"http:\/\/www.reconoce.mx\/?s={search_term_string}\"},\"query-input\":{\"@type\":\"PropertyValueSpecification\",\"valueRequired\":true,\"valueName\":\"search_term_string\"}}],\"inLanguage\":\"es\"},{\"@type\":\"Organization\",\"@id\":\"http:\/\/www.reconoce.mx\/#organization\",\"name\":\"Reconoce MX\",\"url\":\"http:\/\/www.reconoce.mx\/\",\"logo\":{\"@type\":\"ImageObject\",\"inLanguage\":\"es\",\"@id\":\"http:\/\/www.reconoce.mx\/#\/schema\/logo\/image\/\",\"url\":\"https:\/\/www.reconoce.mx\/wp-content\/uploads\/2019\/03\/logorcmx-good-1.png\",\"contentUrl\":\"https:\/\/www.reconoce.mx\/wp-content\/uploads\/2019\/03\/logorcmx-good-1.png\",\"width\":280,\"height\":90,\"caption\":\"Reconoce MX\"},\"image\":{\"@id\":\"http:\/\/www.reconoce.mx\/#\/schema\/logo\/image\/\"},\"sameAs\":[\"https:\/\/es-la.facebook.com\/ReconoceMX\/\",\"https:\/\/x.com\/reconocemx\",\"http:\/\/@reconocemx\"]},{\"@type\":\"Person\",\"@id\":\"http:\/\/www.reconoce.mx\/#\/schema\/person\/2117e997d7051dc15d6880eaf9bca0b2\",\"name\":\"Reconoce MX\",\"image\":{\"@type\":\"ImageObject\",\"inLanguage\":\"es\",\"@id\":\"http:\/\/www.reconoce.mx\/#\/schema\/person\/image\/\",\"url\":\"https:\/\/secure.gravatar.com\/avatar\/6c8d4dc7569ca1c90c5fdcc349f839d5ddef6fe1e70b4337ead2ef1a4c43fc3a?s=96&d=identicon&r=g\",\"contentUrl\":\"https:\/\/secure.gravatar.com\/avatar\/6c8d4dc7569ca1c90c5fdcc349f839d5ddef6fe1e70b4337ead2ef1a4c43fc3a?s=96&d=identicon&r=g\",\"caption\":\"Reconoce MX\"},\"description\":\"Reconoce MX es un proyecto de difusi\u00f3n art\u00edstica, cultural y de conciencia social que est\u00e1 enfocado a difundir y fomentar el entretenimiento alternativo de calidad para todo el p\u00fablico que comparta el mismo entusiasmo.\",\"sameAs\":[\"http:\/\/www.reconoce.mx\"],\"url\":\"http:\/\/www.reconoce.mx\/?author=2\"}]}<\/script>\n<!-- \/ Yoast SEO plugin. -->","yoast_head_json":{"title":"Say Ocean despide 2017 con un tremendo show entre amigos &#171; Reconoce MX","robots":{"index":"index","follow":"follow","max-snippet":"max-snippet:-1","max-image-preview":"max-image-preview:large","max-video-preview":"max-video-preview:-1"},"canonical":"https:\/\/www.reconoce.mx\/?p=69028","og_locale":"es_ES","og_type":"article","og_title":"Say Ocean despide 2017 con un tremendo show entre amigos &#171; Reconoce MX","og_description":"Daban las 19:00 horas y ya hab\u00eda una considerable cantidad de personas esperando en las afueras del Foro Indie Rocks!, todos con las expectativas de ver \"el show m\u00e1s grande y la producci\u00f3n m\u00e1s ambiciosa que Say Ocean ha puesto sobre la mesa en toda la vida\", palabras de Pako Aldama, su vocalista.","og_url":"https:\/\/www.reconoce.mx\/?p=69028","og_site_name":"Reconoce MX","article_publisher":"https:\/\/es-la.facebook.com\/ReconoceMX\/","article_published_time":"2017-12-21T06:06:05+00:00","og_image":[{"width":590,"height":380,"url":"https:\/\/www.reconoce.mx\/wp-content\/uploads\/2017\/12\/say-ocean-cover.png","type":"image\/png"}],"author":"Reconoce MX","twitter_card":"summary_large_image","twitter_creator":"@reconocemx","twitter_site":"@reconocemx","twitter_misc":{"Escrito por":"Reconoce MX","Tiempo de lectura":"3 minutos"},"schema":{"@context":"https:\/\/schema.org","@graph":[{"@type":"Article","@id":"https:\/\/www.reconoce.mx\/?p=69028#article","isPartOf":{"@id":"https:\/\/www.reconoce.mx\/?p=69028"},"author":{"name":"Reconoce MX","@id":"http:\/\/www.reconoce.mx\/#\/schema\/person\/2117e997d7051dc15d6880eaf9bca0b2"},"headline":"Say Ocean despide 2017 con un tremendo show entre amigos","datePublished":"2017-12-21T06:06:05+00:00","mainEntityOfPage":{"@id":"https:\/\/www.reconoce.mx\/?p=69028"},"wordCount":584,"commentCount":0,"publisher":{"@id":"http:\/\/www.reconoce.mx\/#organization"},"image":{"@id":"https:\/\/www.reconoce.mx\/?p=69028#primaryimage"},"thumbnailUrl":"http:\/\/www.reconoce.mx\/wp-content\/uploads\/2017\/12\/say-ocean-cover.png","articleSection":["Cultura","M\u00fasica","Principal"],"inLanguage":"es","potentialAction":[{"@type":"CommentAction","name":"Comment","target":["https:\/\/www.reconoce.mx\/?p=69028#respond"]}]},{"@type":"WebPage","@id":"https:\/\/www.reconoce.mx\/?p=69028","url":"https:\/\/www.reconoce.mx\/?p=69028","name":"Say Ocean despide 2017 con un tremendo show entre amigos &#171; Reconoce MX","isPartOf":{"@id":"http:\/\/www.reconoce.mx\/#website"},"primaryImageOfPage":{"@id":"https:\/\/www.reconoce.mx\/?p=69028#primaryimage"},"image":{"@id":"https:\/\/www.reconoce.mx\/?p=69028#primaryimage"},"thumbnailUrl":"http:\/\/www.reconoce.mx\/wp-content\/uploads\/2017\/12\/say-ocean-cover.png","datePublished":"2017-12-21T06:06:05+00:00","breadcrumb":{"@id":"https:\/\/www.reconoce.mx\/?p=69028#breadcrumb"},"inLanguage":"es","potentialAction":[{"@type":"ReadAction","target":["https:\/\/www.reconoce.mx\/?p=69028"]}]},{"@type":"ImageObject","inLanguage":"es","@id":"https:\/\/www.reconoce.mx\/?p=69028#primaryimage","url":"http:\/\/www.reconoce.mx\/wp-content\/uploads\/2017\/12\/say-ocean-cover.png","contentUrl":"http:\/\/www.reconoce.mx\/wp-content\/uploads\/2017\/12\/say-ocean-cover.png","width":590,"height":380},{"@type":"BreadcrumbList","@id":"https:\/\/www.reconoce.mx\/?p=69028#breadcrumb","itemListElement":[{"@type":"ListItem","position":1,"name":"Portada","item":"http:\/\/www.reconoce.mx\/"},{"@type":"ListItem","position":2,"name":"Say Ocean despide 2017 con un tremendo show entre amigos"}]},{"@type":"WebSite","@id":"http:\/\/www.reconoce.mx\/#website","url":"http:\/\/www.reconoce.mx\/","name":"Reconoce MX","description":"En Reconoce MX difundimos arte, cultura y conciencia social en M\u00e9xico. Tu ciudad en otra perspectiva.","publisher":{"@id":"http:\/\/www.reconoce.mx\/#organization"},"potentialAction":[{"@type":"SearchAction","target":{"@type":"EntryPoint","urlTemplate":"http:\/\/www.reconoce.mx\/?s={search_term_string}"},"query-input":{"@type":"PropertyValueSpecification","valueRequired":true,"valueName":"search_term_string"}}],"inLanguage":"es"},{"@type":"Organization","@id":"http:\/\/www.reconoce.mx\/#organization","name":"Reconoce MX","url":"http:\/\/www.reconoce.mx\/","logo":{"@type":"ImageObject","inLanguage":"es","@id":"http:\/\/www.reconoce.mx\/#\/schema\/logo\/image\/","url":"https:\/\/www.reconoce.mx\/wp-content\/uploads\/2019\/03\/logorcmx-good-1.png","contentUrl":"https:\/\/www.reconoce.mx\/wp-content\/uploads\/2019\/03\/logorcmx-good-1.png","width":280,"height":90,"caption":"Reconoce MX"},"image":{"@id":"http:\/\/www.reconoce.mx\/#\/schema\/logo\/image\/"},"sameAs":["https:\/\/es-la.facebook.com\/ReconoceMX\/","https:\/\/x.com\/reconocemx","http:\/\/@reconocemx"]},{"@type":"Person","@id":"http:\/\/www.reconoce.mx\/#\/schema\/person\/2117e997d7051dc15d6880eaf9bca0b2","name":"Reconoce MX","image":{"@type":"ImageObject","inLanguage":"es","@id":"http:\/\/www.reconoce.mx\/#\/schema\/person\/image\/","url":"https:\/\/secure.gravatar.com\/avatar\/6c8d4dc7569ca1c90c5fdcc349f839d5ddef6fe1e70b4337ead2ef1a4c43fc3a?s=96&d=identicon&r=g","contentUrl":"https:\/\/secure.gravatar.com\/avatar\/6c8d4dc7569ca1c90c5fdcc349f839d5ddef6fe1e70b4337ead2ef1a4c43fc3a?s=96&d=identicon&r=g","caption":"Reconoce MX"},"description":"Reconoce MX es un proyecto de difusi\u00f3n art\u00edstica, cultural y de conciencia social que est\u00e1 enfocado a difundir y fomentar el entretenimiento alternativo de calidad para todo el p\u00fablico que comparta el mismo entusiasmo.","sameAs":["http:\/\/www.reconoce.mx"],"url":"http:\/\/www.reconoce.mx\/?author=2"}]}},"_links":{"self":[{"href":"http:\/\/www.reconoce.mx\/index.php?rest_route=\/wp\/v2\/posts\/69028","targetHints":{"allow":["GET"]}}],"collection":[{"href":"http:\/\/www.reconoce.mx\/index.php?rest_route=\/wp\/v2\/posts"}],"about":[{"href":"http:\/\/www.reconoce.mx\/index.php?rest_route=\/wp\/v2\/types\/post"}],"author":[{"embeddable":true,"href":"http:\/\/www.reconoce.mx\/index.php?rest_route=\/wp\/v2\/users\/2"}],"replies":[{"embeddable":true,"href":"http:\/\/www.reconoce.mx\/index.php?rest_route=%2Fwp%2Fv2%2Fcomments&post=69028"}],"version-history":[{"count":3,"href":"http:\/\/www.reconoce.mx\/index.php?rest_route=\/wp\/v2\/posts\/69028\/revisions"}],"predecessor-version":[{"id":69032,"href":"http:\/\/www.reconoce.mx\/index.php?rest_route=\/wp\/v2\/posts\/69028\/revisions\/69032"}],"wp:featuredmedia":[{"embeddable":true,"href":"http:\/\/www.reconoce.mx\/index.php?rest_route=\/wp\/v2\/media\/69030"}],"wp:attachment":[{"href":"http:\/\/www.reconoce.mx\/index.php?rest_route=%2Fwp%2Fv2%2Fmedia&parent=69028"}],"wp:term":[{"taxonomy":"category","embeddable":true,"href":"http:\/\/www.reconoce.mx\/index.php?rest_route=%2Fwp%2Fv2%2Fcategories&post=69028"},{"taxonomy":"post_tag","embeddable":true,"href":"http:\/\/www.reconoce.mx\/index.php?rest_route=%2Fwp%2Fv2%2Ftags&post=69028"}],"curies":[{"name":"wp","href":"https:\/\/api.w.org\/{rel}","templated":true}]}}