{"id":69052,"date":"2017-12-22T00:05:27","date_gmt":"2017-12-22T06:05:27","guid":{"rendered":"http:\/\/www.reconoce.mx\/?p=69052"},"modified":"2017-12-21T19:07:59","modified_gmt":"2017-12-22T01:07:59","slug":"cronica-de-un-primer-triunfo-de-los-alumnos-de-la-universidad-part","status":"publish","type":"post","link":"http:\/\/www.reconoce.mx\/?p=69052","title":{"rendered":"Cr\u00f3nica de un primer triunfo de los alumnos de la Universidad PART"},"content":{"rendered":"<p><strong>Por <a href=\"https:\/\/twitter.com\/Aarongr13\" target=\"_blank\" rel=\"noopener\">Aar\u00f3n Garfias<\/a><\/strong>.<\/p>\n<p>El periodismo en M\u00e9xico cada d\u00eda est\u00e1 cayendo, d\u00eda con d\u00eda nos enteramos que muchos periodistas son asesinados, nuestro pa\u00eds atraviesa por una grave crisis a tal punto de convertirnos en uno de los sitios m\u00e1s peligrosos para ejercer esta noble profesi\u00f3n.<\/p>\n<p>Pese a eso muchos compa\u00f1eros, al igual que yo, vimos en la <strong>Universidad de Periodismo y Arte en Radio y Televisi\u00f3n<\/strong> una oportunidad de concretar nuestro sue\u00f1o, nuestra pasi\u00f3n y nuestro amor a una carrera que sin sonar a vanidad es una de las m\u00e1s hermosas y apasionantes.<\/p>\n<p>Pero eso cambi\u00f3 la tarde del 18 de diciembre, cuando nos informaron que la escuela cerraba, as\u00ed nada m\u00e1s. Sin previo aviso la due\u00f1a quer\u00eda poner fin a 32 a\u00f1os de formar a periodistas, desde aquel lejano 1985 cuando el corresponsal de guerra <strong>Guillermo P\u00e9rez Verduzco<\/strong> vio su mayor deseo realizado en una escuela que formar\u00eda a profesionales de la informaci\u00f3n.<\/p>\n<p>La hija y ahora due\u00f1a, <strong>Rosario P\u00e9rez Verduzco<\/strong>, sin darnos una soluci\u00f3n concreta a padres, alumnos, docentes y administrativos, sobre nuestro futuro, como estudiantes,\u00a0 profesores y trabajadores, de buenas a primeras nos dej\u00f3 a la deriva como si fu\u00e9semos cualquier cosa; pens\u00f3 que ser\u00eda f\u00e1cil y que aceptar\u00edamos quedarnos de brazos cruzados, pero la verdad fue que la respuesta fue una gran solidaridad, una gran uni\u00f3n que contagi\u00f3 a toda la comunidad, a toda la familia PART.<\/p>\n<p>Sin saber de d\u00f3nde ni como hab\u00edan llegado, varios exalumnos hicieron presencia en la instituci\u00f3n el d\u00eda 19, para apoyar al alumnado y profesores; y aunque en un principio todo parec\u00eda confusi\u00f3n, poco a poco se tomaron acciones con el fin de dar a conocer la problem\u00e1tica y evitar el cierre de nuestra amada escuela.<\/p>\n<p>Todo inici\u00f3 en redes sociales con el <em>hashtag<\/em> <a href=\"https:\/\/twitter.com\/search?q=%23NoAlCierreIlegalDePART&amp;src=tyah\" target=\"_blank\" rel=\"noopener\">#NoAlCierreIlegalDePART<\/a>, donde se busc\u00f3 hacer de manifiesto a medios de comunicaci\u00f3n, personalidades e instituciones como <strong>Profeco<\/strong> y la <strong>SEP<\/strong>, sobre la situaci\u00f3n que se viv\u00eda en la Universidad.<\/p>\n<p>Los alumnos en pocos minutos lograron captar la atenci\u00f3n de muchos ciudadanos que comenzaban a dar retuit a nuestras consignas. En minutos la idea de cerrar la Avenida Insurgentes son\u00f3 en las bocas de muchos; con miedo y cierta duda algunos se aventaron a parar el tr\u00e1fico, otros m\u00e1s convencidos comenzaron a hacer carteles escribiendo #NoAlCierreDelPART, #QueremosEstudiar y consignas como \u00abRosario Verduzco est\u00e1s jugando sucio\u00bb.<\/p>\n<p>Lo que en un momento era una idea loca, hab\u00eda dado resultados, en minutos varios medios hicieron presencia para cubrir la nota, muchos de ellos exalumnos que nos echaron la mano con difusi\u00f3n, y aunque hubo un instante en donde granaderos quer\u00edan quitarnos el deseo de tener respuestas por parte de la due\u00f1a, se nos dej\u00f3 permanecer ah\u00ed hasta que se nos dijo que ya hab\u00eda algunos avances.<\/p>\n<p>Lo cierto fue que m\u00e1s tarde alrededor de quince medios como <strong>Exc\u00e9lsior<\/strong>, <strong>El Financiero<\/strong>, <strong>La Prensa<\/strong>, <strong>ABC Radio<\/strong>,\u00a0 <strong>ADN 40<\/strong>, <strong>El Sol del Centro<\/strong>, <strong>SDP Noticias<\/strong>, <strong>R\u00e9cord<\/strong>, <strong>Blasting News<\/strong>, <strong>Televisa<\/strong>,<strong> El Universal<\/strong>, <strong>Reconoce MX<\/strong>, <strong>El Diario de M\u00e9xico<\/strong>, y personalidades como<strong> Fernanda Tapia<\/strong> y <strong>Paco Zea<\/strong>, compart\u00edan la informaci\u00f3n desde sus plataformas.<\/p>\n<p>Al caer la noche el temor de un cierre del plantel hizo que varios alumnos y administrativos se quedaran a pernoctar dentro de la instituci\u00f3n para hacer una guardia, sin importar el fr\u00edo, el hambre y la incomodidad de dormir sobre el suelo, s\u00f3lo import\u00e1ndoles el anhelo de continuar prepar\u00e1ndose como periodistas.<\/p>\n<p>Ya por la ma\u00f1ana del mi\u00e9rcoles, compa\u00f1eros de la guardia informaron que la due\u00f1a har\u00eda acto de presencia alrededor del mediod\u00eda, muchos alumnos arribaron a la universidad para conocer de voz de la due\u00f1a lo que suced\u00eda. Algunos todav\u00eda en duda permanec\u00edan formados para pedir documentaci\u00f3n mientras otros se organizaban para exigir respuestas a la due\u00f1a y preparar lo que ser\u00eda una charla con toda la escuela.<\/p>\n<p>Alrededor de las 13:00 horas fue cuando se dijo que <strong>Rosario Verduzco<\/strong> se encontraba ya en la universidad, con abogados para iniciar algunos procesos legales.<\/p>\n<p>El rumor era cierto y se logr\u00f3 detenerla, antes de que\u00a0 entrara a una oficina para estar a puerta cerrada; cerca de una veintena de personas entre alumnos, medios, padres y profesores le preguntaron sobre lo que suced\u00eda y que diera la cara en el auditorio donde ya se le esperaba; ella contest\u00f3 que aunque no hab\u00eda hecho cita con el alumnado, estar\u00eda con ellos despu\u00e9s de un tiempo para hablar con abogados, a lo que se accedi\u00f3.<\/p>\n<p>Alrededor de las 15:00 horas fue cuando inici\u00f3 la conferencia en el auditorio entre medios, padres, alumnos, administrativos\u00a0 y profesores. Ah\u00ed fue donde sali\u00f3 a relucir que la due\u00f1a se encuentra en un litigio por la renta del predio donde se ubica la universidad, adem\u00e1s de enfrentar una demanda por despido injustificado de una contadora que laboraba en la instituci\u00f3n, razones por las que dijo ya no hab\u00eda opciones de continuar con el proyecto de su padre y afirm\u00f3 se encuentra en bancarrota.<\/p>\n<p>Las soluciones que dio fue que los alumnos siguieran estudios en la Universidad del Valle de M\u00e9xico, pero con la carrera de Comunicaci\u00f3n y no Periodismo, as\u00ed mismo cambiar Publicidad por Mercadotecnia, ideas que desecharon los alumnos pues ellos quieren ser periodistas y publicistas.<\/p>\n<p>Tambi\u00e9n se escucharon reclamos de profesores por falta de pagos, aguinaldo, de padres por la falta de cumplimiento de un contrato por la prestaci\u00f3n de un servicio educativo y las demandas de administrativos que dicen se les dio de baja sin aviso en el <strong>IMSS<\/strong> y que tampoco reciben pago desde hace dos meses.<\/p>\n<p>Los reclamos hicieron que la due\u00f1a dijera que ced\u00eda al revoque para que los profesores y alumnos se hicieran cargo de la instituci\u00f3n, propuesta que igualmente se ten\u00eda por parte de alumnos que emocionados junto con profesores aceptaron, no sin antes pedir que se resuelvan y deslinden todos los cargos legales de una mala administraci\u00f3n.<\/p>\n<p>Fue as\u00ed como despu\u00e9s de un di\u00e1logo de dos horas, se redact\u00f3 un documento con cuatro puntos esenciales firmados por profesores y los\u00a0 representantes legales de la due\u00f1a, mismos que se comenzar\u00e1n a discutir en una primera mesa de trabajo ayer jueves para tener los papeles avalados ante la <strong>SEP<\/strong> sin ning\u00fan problema legal, y as\u00ed poder hacer uso del nombre y marca de la escuela como una asociaci\u00f3n colectiva.<\/p>\n<p>Ahora los alumnos conf\u00edan en que se logre este acuerdo para salvar la escuela, y que la due\u00f1a no emprenda demandas por un supuesto allanamiento de propiedad y privaci\u00f3n de la libertad al contador, quien dijo se le tuvo retenido la tarde del martes, hecho que no es cierto pues los alumnos en ning\u00fan momento impidieron la entrada y salida de las instalaciones a ninguna persona.<\/p>\n<p style=\"text-align: right;\">Foto de <a href=\"https:\/\/twitter.com\/JaimeAndradeMtz\" target=\"_blank\" rel=\"noopener\"><strong>Jaime Andrade<\/strong><\/a>.<\/p>\n<p>&nbsp;<\/p>\n<p>&nbsp;<\/p>\n","protected":false},"excerpt":{"rendered":"<p>El periodismo en M\u00e9xico cada d\u00eda est\u00e1 cayendo, d\u00eda con d\u00eda nos enteramos que muchos periodistas son asesinados, nuestro pa\u00eds atraviesa por una grave crisis a tal punto de convertirnos en uno de los sitios m\u00e1s peligrosos para ejercer esta noble profesi\u00f3n.<\/p>\n","protected":false},"author":2,"featured_media":69053,"comment_status":"open","ping_status":"open","sticky":false,"template":"","format":"standard","meta":{"footnotes":""},"categories":[3,17,125],"tags":[],"class_list":["post-69052","post","type-post","status-publish","format-standard","has-post-thumbnail","hentry","category-ciudad","category-principal","category-universitarios"],"yoast_head":"<!-- This site is optimized with the Yoast SEO plugin v24.7 - https:\/\/yoast.com\/wordpress\/plugins\/seo\/ -->\n<title>Cr\u00f3nica de un primer triunfo de los alumnos de la Universidad PART &#171; Reconoce MX<\/title>\n<meta name=\"robots\" content=\"index, follow, max-snippet:-1, max-image-preview:large, max-video-preview:-1\" \/>\n<link rel=\"canonical\" href=\"https:\/\/www.reconoce.mx\/?p=69052\" \/>\n<meta property=\"og:locale\" content=\"es_ES\" \/>\n<meta property=\"og:type\" content=\"article\" \/>\n<meta property=\"og:title\" content=\"Cr\u00f3nica de un primer triunfo de los alumnos de la Universidad PART &#171; Reconoce MX\" \/>\n<meta property=\"og:description\" content=\"El periodismo en M\u00e9xico cada d\u00eda est\u00e1 cayendo, d\u00eda con d\u00eda nos enteramos que muchos periodistas son asesinados, nuestro pa\u00eds atraviesa por una grave crisis a tal punto de convertirnos en uno de los sitios m\u00e1s peligrosos para ejercer esta noble profesi\u00f3n.\" \/>\n<meta property=\"og:url\" content=\"https:\/\/www.reconoce.mx\/?p=69052\" \/>\n<meta property=\"og:site_name\" content=\"Reconoce MX\" \/>\n<meta property=\"article:publisher\" content=\"https:\/\/es-la.facebook.com\/ReconoceMX\/\" \/>\n<meta property=\"article:published_time\" content=\"2017-12-22T06:05:27+00:00\" \/>\n<meta property=\"og:image\" content=\"https:\/\/www.reconoce.mx\/wp-content\/uploads\/2017\/12\/part-2.png\" \/>\n\t<meta property=\"og:image:width\" content=\"590\" \/>\n\t<meta property=\"og:image:height\" content=\"380\" \/>\n\t<meta property=\"og:image:type\" content=\"image\/png\" \/>\n<meta name=\"author\" content=\"Reconoce MX\" \/>\n<meta name=\"twitter:card\" content=\"summary_large_image\" \/>\n<meta name=\"twitter:creator\" content=\"@reconocemx\" \/>\n<meta name=\"twitter:site\" content=\"@reconocemx\" \/>\n<meta name=\"twitter:label1\" content=\"Escrito por\" \/>\n\t<meta name=\"twitter:data1\" content=\"Reconoce MX\" \/>\n\t<meta name=\"twitter:label2\" content=\"Tiempo de lectura\" \/>\n\t<meta name=\"twitter:data2\" content=\"6 minutos\" \/>\n<script type=\"application\/ld+json\" class=\"yoast-schema-graph\">{\"@context\":\"https:\/\/schema.org\",\"@graph\":[{\"@type\":\"Article\",\"@id\":\"https:\/\/www.reconoce.mx\/?p=69052#article\",\"isPartOf\":{\"@id\":\"https:\/\/www.reconoce.mx\/?p=69052\"},\"author\":{\"name\":\"Reconoce MX\",\"@id\":\"http:\/\/www.reconoce.mx\/#\/schema\/person\/2117e997d7051dc15d6880eaf9bca0b2\"},\"headline\":\"Cr\u00f3nica de un primer triunfo de los alumnos de la Universidad PART\",\"datePublished\":\"2017-12-22T06:05:27+00:00\",\"mainEntityOfPage\":{\"@id\":\"https:\/\/www.reconoce.mx\/?p=69052\"},\"wordCount\":1211,\"commentCount\":0,\"publisher\":{\"@id\":\"http:\/\/www.reconoce.mx\/#organization\"},\"image\":{\"@id\":\"https:\/\/www.reconoce.mx\/?p=69052#primaryimage\"},\"thumbnailUrl\":\"http:\/\/www.reconoce.mx\/wp-content\/uploads\/2017\/12\/part-2.png\",\"articleSection\":[\"Ciudad\",\"Principal\",\"Universitarios\"],\"inLanguage\":\"es\",\"potentialAction\":[{\"@type\":\"CommentAction\",\"name\":\"Comment\",\"target\":[\"https:\/\/www.reconoce.mx\/?p=69052#respond\"]}]},{\"@type\":\"WebPage\",\"@id\":\"https:\/\/www.reconoce.mx\/?p=69052\",\"url\":\"https:\/\/www.reconoce.mx\/?p=69052\",\"name\":\"Cr\u00f3nica de un primer triunfo de los alumnos de la Universidad PART &#171; Reconoce MX\",\"isPartOf\":{\"@id\":\"http:\/\/www.reconoce.mx\/#website\"},\"primaryImageOfPage\":{\"@id\":\"https:\/\/www.reconoce.mx\/?p=69052#primaryimage\"},\"image\":{\"@id\":\"https:\/\/www.reconoce.mx\/?p=69052#primaryimage\"},\"thumbnailUrl\":\"http:\/\/www.reconoce.mx\/wp-content\/uploads\/2017\/12\/part-2.png\",\"datePublished\":\"2017-12-22T06:05:27+00:00\",\"breadcrumb\":{\"@id\":\"https:\/\/www.reconoce.mx\/?p=69052#breadcrumb\"},\"inLanguage\":\"es\",\"potentialAction\":[{\"@type\":\"ReadAction\",\"target\":[\"https:\/\/www.reconoce.mx\/?p=69052\"]}]},{\"@type\":\"ImageObject\",\"inLanguage\":\"es\",\"@id\":\"https:\/\/www.reconoce.mx\/?p=69052#primaryimage\",\"url\":\"http:\/\/www.reconoce.mx\/wp-content\/uploads\/2017\/12\/part-2.png\",\"contentUrl\":\"http:\/\/www.reconoce.mx\/wp-content\/uploads\/2017\/12\/part-2.png\",\"width\":590,\"height\":380},{\"@type\":\"BreadcrumbList\",\"@id\":\"https:\/\/www.reconoce.mx\/?p=69052#breadcrumb\",\"itemListElement\":[{\"@type\":\"ListItem\",\"position\":1,\"name\":\"Portada\",\"item\":\"http:\/\/www.reconoce.mx\/\"},{\"@type\":\"ListItem\",\"position\":2,\"name\":\"Cr\u00f3nica de un primer triunfo de los alumnos de la Universidad PART\"}]},{\"@type\":\"WebSite\",\"@id\":\"http:\/\/www.reconoce.mx\/#website\",\"url\":\"http:\/\/www.reconoce.mx\/\",\"name\":\"Reconoce MX\",\"description\":\"En Reconoce MX difundimos arte, cultura y conciencia social en M\u00e9xico. Tu ciudad en otra perspectiva.\",\"publisher\":{\"@id\":\"http:\/\/www.reconoce.mx\/#organization\"},\"potentialAction\":[{\"@type\":\"SearchAction\",\"target\":{\"@type\":\"EntryPoint\",\"urlTemplate\":\"http:\/\/www.reconoce.mx\/?s={search_term_string}\"},\"query-input\":{\"@type\":\"PropertyValueSpecification\",\"valueRequired\":true,\"valueName\":\"search_term_string\"}}],\"inLanguage\":\"es\"},{\"@type\":\"Organization\",\"@id\":\"http:\/\/www.reconoce.mx\/#organization\",\"name\":\"Reconoce MX\",\"url\":\"http:\/\/www.reconoce.mx\/\",\"logo\":{\"@type\":\"ImageObject\",\"inLanguage\":\"es\",\"@id\":\"http:\/\/www.reconoce.mx\/#\/schema\/logo\/image\/\",\"url\":\"https:\/\/www.reconoce.mx\/wp-content\/uploads\/2019\/03\/logorcmx-good-1.png\",\"contentUrl\":\"https:\/\/www.reconoce.mx\/wp-content\/uploads\/2019\/03\/logorcmx-good-1.png\",\"width\":280,\"height\":90,\"caption\":\"Reconoce MX\"},\"image\":{\"@id\":\"http:\/\/www.reconoce.mx\/#\/schema\/logo\/image\/\"},\"sameAs\":[\"https:\/\/es-la.facebook.com\/ReconoceMX\/\",\"https:\/\/x.com\/reconocemx\",\"http:\/\/@reconocemx\"]},{\"@type\":\"Person\",\"@id\":\"http:\/\/www.reconoce.mx\/#\/schema\/person\/2117e997d7051dc15d6880eaf9bca0b2\",\"name\":\"Reconoce MX\",\"image\":{\"@type\":\"ImageObject\",\"inLanguage\":\"es\",\"@id\":\"http:\/\/www.reconoce.mx\/#\/schema\/person\/image\/\",\"url\":\"https:\/\/secure.gravatar.com\/avatar\/6c8d4dc7569ca1c90c5fdcc349f839d5ddef6fe1e70b4337ead2ef1a4c43fc3a?s=96&d=identicon&r=g\",\"contentUrl\":\"https:\/\/secure.gravatar.com\/avatar\/6c8d4dc7569ca1c90c5fdcc349f839d5ddef6fe1e70b4337ead2ef1a4c43fc3a?s=96&d=identicon&r=g\",\"caption\":\"Reconoce MX\"},\"description\":\"Reconoce MX es un proyecto de difusi\u00f3n art\u00edstica, cultural y de conciencia social que est\u00e1 enfocado a difundir y fomentar el entretenimiento alternativo de calidad para todo el p\u00fablico que comparta el mismo entusiasmo.\",\"sameAs\":[\"http:\/\/www.reconoce.mx\"],\"url\":\"http:\/\/www.reconoce.mx\/?author=2\"}]}<\/script>\n<!-- \/ Yoast SEO plugin. -->","yoast_head_json":{"title":"Cr\u00f3nica de un primer triunfo de los alumnos de la Universidad PART &#171; Reconoce MX","robots":{"index":"index","follow":"follow","max-snippet":"max-snippet:-1","max-image-preview":"max-image-preview:large","max-video-preview":"max-video-preview:-1"},"canonical":"https:\/\/www.reconoce.mx\/?p=69052","og_locale":"es_ES","og_type":"article","og_title":"Cr\u00f3nica de un primer triunfo de los alumnos de la Universidad PART &#171; Reconoce MX","og_description":"El periodismo en M\u00e9xico cada d\u00eda est\u00e1 cayendo, d\u00eda con d\u00eda nos enteramos que muchos periodistas son asesinados, nuestro pa\u00eds atraviesa por una grave crisis a tal punto de convertirnos en uno de los sitios m\u00e1s peligrosos para ejercer esta noble profesi\u00f3n.","og_url":"https:\/\/www.reconoce.mx\/?p=69052","og_site_name":"Reconoce MX","article_publisher":"https:\/\/es-la.facebook.com\/ReconoceMX\/","article_published_time":"2017-12-22T06:05:27+00:00","og_image":[{"width":590,"height":380,"url":"https:\/\/www.reconoce.mx\/wp-content\/uploads\/2017\/12\/part-2.png","type":"image\/png"}],"author":"Reconoce MX","twitter_card":"summary_large_image","twitter_creator":"@reconocemx","twitter_site":"@reconocemx","twitter_misc":{"Escrito por":"Reconoce MX","Tiempo de lectura":"6 minutos"},"schema":{"@context":"https:\/\/schema.org","@graph":[{"@type":"Article","@id":"https:\/\/www.reconoce.mx\/?p=69052#article","isPartOf":{"@id":"https:\/\/www.reconoce.mx\/?p=69052"},"author":{"name":"Reconoce MX","@id":"http:\/\/www.reconoce.mx\/#\/schema\/person\/2117e997d7051dc15d6880eaf9bca0b2"},"headline":"Cr\u00f3nica de un primer triunfo de los alumnos de la Universidad PART","datePublished":"2017-12-22T06:05:27+00:00","mainEntityOfPage":{"@id":"https:\/\/www.reconoce.mx\/?p=69052"},"wordCount":1211,"commentCount":0,"publisher":{"@id":"http:\/\/www.reconoce.mx\/#organization"},"image":{"@id":"https:\/\/www.reconoce.mx\/?p=69052#primaryimage"},"thumbnailUrl":"http:\/\/www.reconoce.mx\/wp-content\/uploads\/2017\/12\/part-2.png","articleSection":["Ciudad","Principal","Universitarios"],"inLanguage":"es","potentialAction":[{"@type":"CommentAction","name":"Comment","target":["https:\/\/www.reconoce.mx\/?p=69052#respond"]}]},{"@type":"WebPage","@id":"https:\/\/www.reconoce.mx\/?p=69052","url":"https:\/\/www.reconoce.mx\/?p=69052","name":"Cr\u00f3nica de un primer triunfo de los alumnos de la Universidad PART &#171; Reconoce MX","isPartOf":{"@id":"http:\/\/www.reconoce.mx\/#website"},"primaryImageOfPage":{"@id":"https:\/\/www.reconoce.mx\/?p=69052#primaryimage"},"image":{"@id":"https:\/\/www.reconoce.mx\/?p=69052#primaryimage"},"thumbnailUrl":"http:\/\/www.reconoce.mx\/wp-content\/uploads\/2017\/12\/part-2.png","datePublished":"2017-12-22T06:05:27+00:00","breadcrumb":{"@id":"https:\/\/www.reconoce.mx\/?p=69052#breadcrumb"},"inLanguage":"es","potentialAction":[{"@type":"ReadAction","target":["https:\/\/www.reconoce.mx\/?p=69052"]}]},{"@type":"ImageObject","inLanguage":"es","@id":"https:\/\/www.reconoce.mx\/?p=69052#primaryimage","url":"http:\/\/www.reconoce.mx\/wp-content\/uploads\/2017\/12\/part-2.png","contentUrl":"http:\/\/www.reconoce.mx\/wp-content\/uploads\/2017\/12\/part-2.png","width":590,"height":380},{"@type":"BreadcrumbList","@id":"https:\/\/www.reconoce.mx\/?p=69052#breadcrumb","itemListElement":[{"@type":"ListItem","position":1,"name":"Portada","item":"http:\/\/www.reconoce.mx\/"},{"@type":"ListItem","position":2,"name":"Cr\u00f3nica de un primer triunfo de los alumnos de la Universidad PART"}]},{"@type":"WebSite","@id":"http:\/\/www.reconoce.mx\/#website","url":"http:\/\/www.reconoce.mx\/","name":"Reconoce MX","description":"En Reconoce MX difundimos arte, cultura y conciencia social en M\u00e9xico. Tu ciudad en otra perspectiva.","publisher":{"@id":"http:\/\/www.reconoce.mx\/#organization"},"potentialAction":[{"@type":"SearchAction","target":{"@type":"EntryPoint","urlTemplate":"http:\/\/www.reconoce.mx\/?s={search_term_string}"},"query-input":{"@type":"PropertyValueSpecification","valueRequired":true,"valueName":"search_term_string"}}],"inLanguage":"es"},{"@type":"Organization","@id":"http:\/\/www.reconoce.mx\/#organization","name":"Reconoce MX","url":"http:\/\/www.reconoce.mx\/","logo":{"@type":"ImageObject","inLanguage":"es","@id":"http:\/\/www.reconoce.mx\/#\/schema\/logo\/image\/","url":"https:\/\/www.reconoce.mx\/wp-content\/uploads\/2019\/03\/logorcmx-good-1.png","contentUrl":"https:\/\/www.reconoce.mx\/wp-content\/uploads\/2019\/03\/logorcmx-good-1.png","width":280,"height":90,"caption":"Reconoce MX"},"image":{"@id":"http:\/\/www.reconoce.mx\/#\/schema\/logo\/image\/"},"sameAs":["https:\/\/es-la.facebook.com\/ReconoceMX\/","https:\/\/x.com\/reconocemx","http:\/\/@reconocemx"]},{"@type":"Person","@id":"http:\/\/www.reconoce.mx\/#\/schema\/person\/2117e997d7051dc15d6880eaf9bca0b2","name":"Reconoce MX","image":{"@type":"ImageObject","inLanguage":"es","@id":"http:\/\/www.reconoce.mx\/#\/schema\/person\/image\/","url":"https:\/\/secure.gravatar.com\/avatar\/6c8d4dc7569ca1c90c5fdcc349f839d5ddef6fe1e70b4337ead2ef1a4c43fc3a?s=96&d=identicon&r=g","contentUrl":"https:\/\/secure.gravatar.com\/avatar\/6c8d4dc7569ca1c90c5fdcc349f839d5ddef6fe1e70b4337ead2ef1a4c43fc3a?s=96&d=identicon&r=g","caption":"Reconoce MX"},"description":"Reconoce MX es un proyecto de difusi\u00f3n art\u00edstica, cultural y de conciencia social que est\u00e1 enfocado a difundir y fomentar el entretenimiento alternativo de calidad para todo el p\u00fablico que comparta el mismo entusiasmo.","sameAs":["http:\/\/www.reconoce.mx"],"url":"http:\/\/www.reconoce.mx\/?author=2"}]}},"_links":{"self":[{"href":"http:\/\/www.reconoce.mx\/index.php?rest_route=\/wp\/v2\/posts\/69052","targetHints":{"allow":["GET"]}}],"collection":[{"href":"http:\/\/www.reconoce.mx\/index.php?rest_route=\/wp\/v2\/posts"}],"about":[{"href":"http:\/\/www.reconoce.mx\/index.php?rest_route=\/wp\/v2\/types\/post"}],"author":[{"embeddable":true,"href":"http:\/\/www.reconoce.mx\/index.php?rest_route=\/wp\/v2\/users\/2"}],"replies":[{"embeddable":true,"href":"http:\/\/www.reconoce.mx\/index.php?rest_route=%2Fwp%2Fv2%2Fcomments&post=69052"}],"version-history":[{"count":4,"href":"http:\/\/www.reconoce.mx\/index.php?rest_route=\/wp\/v2\/posts\/69052\/revisions"}],"predecessor-version":[{"id":69058,"href":"http:\/\/www.reconoce.mx\/index.php?rest_route=\/wp\/v2\/posts\/69052\/revisions\/69058"}],"wp:featuredmedia":[{"embeddable":true,"href":"http:\/\/www.reconoce.mx\/index.php?rest_route=\/wp\/v2\/media\/69053"}],"wp:attachment":[{"href":"http:\/\/www.reconoce.mx\/index.php?rest_route=%2Fwp%2Fv2%2Fmedia&parent=69052"}],"wp:term":[{"taxonomy":"category","embeddable":true,"href":"http:\/\/www.reconoce.mx\/index.php?rest_route=%2Fwp%2Fv2%2Fcategories&post=69052"},{"taxonomy":"post_tag","embeddable":true,"href":"http:\/\/www.reconoce.mx\/index.php?rest_route=%2Fwp%2Fv2%2Ftags&post=69052"}],"curies":[{"name":"wp","href":"https:\/\/api.w.org\/{rel}","templated":true}]}}