{"id":69063,"date":"2017-12-25T00:04:39","date_gmt":"2017-12-25T06:04:39","guid":{"rendered":"http:\/\/www.reconoce.mx\/?p=69063"},"modified":"2018-12-30T23:59:24","modified_gmt":"2018-12-31T05:59:24","slug":"mis-cinco-lunes-musical-de-2017","status":"publish","type":"post","link":"http:\/\/www.reconoce.mx\/?p=69063","title":{"rendered":"Mis CINCO \u2018Lunes musical\u2019 de 2017"},"content":{"rendered":"<p><a href=\"http:\/\/www.reconoce.mx\/category\/cultura\/musica\/lunes-musical-musica\/\"><img loading=\"lazy\" decoding=\"async\" class=\"aligncenter size-full wp-image-38360\" src=\"http:\/\/www.reconoce.mx\/wp-content\/uploads\/2015\/06\/Lunes1.png\" alt=\"Lunes\" width=\"550\" height=\"70\" srcset=\"http:\/\/www.reconoce.mx\/wp-content\/uploads\/2015\/06\/Lunes1.png 550w, http:\/\/www.reconoce.mx\/wp-content\/uploads\/2015\/06\/Lunes1-300x38.png 300w, http:\/\/www.reconoce.mx\/wp-content\/uploads\/2015\/06\/Lunes1-150x19.png 150w\" sizes=\"auto, (max-width: 550px) 100vw, 550px\" \/><\/a><strong><br \/>\nPor <a title=\"@AsfaltosTweets\" href=\"http:\/\/twitter.com\/AsfaltosTweets\" target=\"_blank\" rel=\"noopener\">Asfaltos<\/a><\/strong>.<\/p>\n<p>He de confesarles que desde 2012, cuando comenc\u00e9 con un recuento de los temas que m\u00e1s me disfrut\u00e9 revisar semanalmente en los <a title=\"Lunes musical\" href=\"www.reconoce.mx\/category\/cultura\/musica\/lunes-musical-musica\/\" target=\"_blank\" rel=\"noopener\"><strong>Lunes musical<\/strong><\/a>, que cada fin de a\u00f1o lo espero con ansias. C\u00f3modo, siempre con un buen sonido a mi disposici\u00f3n, reviso con calma cada uno de las canciones que les compart\u00ed para llegar a esta selecci\u00f3n. Intento siempre en la medida de lo posible ser lo m\u00e1s diverso y variado posible; y del mismo modo brindar un espaldarazo -si es que as\u00ed sucede- a las propuestas que a continuaci\u00f3n enlisto.<\/p>\n<p>Pues bien, antes de develar la selecci\u00f3n, cabe como cada a\u00f1o dejar claros algunos puntos pertinentes: 1) El siguiente listado no constituye un compendio de \u00ablas mejores canciones mexicanas\u00bb de 2017. 2) Se trata \u00fanica y exclusivamente de una selecci\u00f3n de las cinco canciones nacionales que considero las m\u00e1s relevantes que les compart\u00ed semanalmente en esta secci\u00f3n a lo largo del a\u00f1o. 3) Y vale, nada m\u00e1s para recordar, las dos dos reglas de los <a title=\"Lunes musical\" href=\"www.reconoce.mx\/category\/cultura\/musica\/lunes-musical-musica\/\" target=\"_blank\" rel=\"noopener\"><strong>Lunes musical<\/strong><\/a>: ning\u00fan grupo repite en el <a title=\"Lunes musical\" href=\"www.reconoce.mx\/category\/cultura\/musica\/lunes-musical-musica\/\" target=\"_blank\" rel=\"noopener\"><strong>Lunes musical<\/strong><\/a>; y se tratan (en su mayor\u00eda) de opciones independientes y con pocos reflectores.<\/p>\n<p>Una vez aclarado lo siguiente (y por orden cronol\u00f3gico), a continuaci\u00f3n <strong>Mis CINCO \u00ab<a title=\"Lunes musical\" href=\"www.reconoce.mx\/category\/cultura\/musica\/lunes-musical-musica\/\" target=\"_blank\" rel=\"noopener\">Lunes musical<\/a>\u00bb de 2017<\/strong>:<\/p>\n<h2 class=\"post-title in-single-page\">\u2018Lo amo\u2019, de Miss Blanc<\/h2>\n<style>.embed-container { position: relative; padding-bottom: 56.25%; height: 0; overflow: hidden; max-width: 100%; } .embed-container iframe, .embed-container object, .embed-container embed { position: absolute; top: 0; left: 0; width: 100%; height: 100%; }<\/style>\n<div class=\"embed-container\"><iframe loading=\"lazy\" src=\"https:\/\/www.youtube.com\/embed\/kRF-qLFK5x8\" width=\"300\" height=\"150\" frameborder=\"0\" allowfullscreen=\"allowfullscreen\"><\/iframe><\/div>\n<p>&nbsp;<\/p>\n<p>Fue para m\u00ed una aut\u00e9ntica sorpresa incluir a <strong>Miss Blanc<\/strong> y su canci\u00f3n \u00abLo amo\u00bb, pero desde que empec\u00e9 a revisar las canciones de este a\u00f1o, me fue innevitable no hacerlo de ese modo. Con una clara inclinaci\u00f3n por lo teatral, enclavada en la tradici\u00f3n del cabaret, la compositora, cantante y productora Michelle Blanc me enamor\u00f3 por su ocurrencia, y sobre todo por esa idea tan original de regalarnos lo que ella mismo llam\u00f3 un \u00abcorrido pop\u00bb. Esa originalidad que luego se extra\u00f1a en los proyectos musicales nacionales, la tiene<strong> Miss Blanc<\/strong>, quien aprovechando sus cualidades musicales,\u00a0 explotadas en el mundo del pop comercial, nos regal\u00f3 un tema musical que de inmediato se qued\u00f3 como uno de los m\u00e1s pegajosos que revis\u00e9 en el a\u00f1o. <strong>Miss Blanc<\/strong> ha ido poco a poco insert\u00e1ndose en la escena musical independiente de nuestro pa\u00eds; siento yo que le hace falta un empuj\u00f3n nada mas para hacerse del gusto de muchos. Talento, lo tiene; y por ello es parte de este listado. (<a href=\"http:\/\/www.reconoce.mx\/lo-amo-de-miss-blanc\/\" target=\"_blank\" rel=\"noopener\">Ac\u00e1 mi texto original<\/a>).<\/p>\n<h2 class=\"post-title in-single-page\">\u2018Darlo todo\u2019, de Marissa Mur<\/h2>\n<style>.embed-container { position: relative; padding-bottom: 56.25%; height: 0; overflow: hidden; max-width: 100%; } .embed-container iframe, .embed-container object, .embed-container embed { position: absolute; top: 0; left: 0; width: 100%; height: 100%; }<\/style>\n<div class=\"embed-container\"><iframe loading=\"lazy\" src=\"https:\/\/www.youtube.com\/embed\/BIZQi8ItXvs\" width=\"300\" height=\"150\" frameborder=\"0\" allowfullscreen=\"allowfullscreen\"><\/iframe><\/div>\n<p>&nbsp;<\/p>\n<p>No cabe duda que \u00abDarlo todo\u00bb fue uno de mis temas favoritos, y no solo en este listado, sino en general. <strong>Marissa Mur<\/strong> ya nos hab\u00eda enamorado con su voz en un 15 de septiembre un tanto amargo, y sobre todo en los d\u00edas posteriores que sin saber nos esperaban a los estados afectados por los sismos de aquel mes. Fue tanto el cari\u00f1o que le tom\u00e9 a esta canci\u00f3n, que me avent\u00e9 a realizar una entrevista con la responsable de este tema en un <a href=\"http:\/\/mx.ivoox.com\/es\/escuchar-programas-reconocemx_al_591121_1.html?show=programs\" target=\"_blank\" rel=\"noopener\">#PodcastRCMX<\/a> absolutamente dedicado a ella (<a href=\"http:\/\/mx.ivoox.com\/es\/podcastrcmx-marissa-mur-como-darlo-todo-audios-mp3_rf_21651884_1.html\" target=\"_blank\" rel=\"noopener\">pueden escucharlo aqu\u00ed<\/a>). Es posible que me haya inclinado por esta canci\u00f3n sobre todo por el factor emocional, pero en cuanto uno escucha la dulce voz de una compositora y cantante que ha invertido tiempo para mejorar, no quedan dudas de la selecci\u00f3n. De Sonora, Marissa se gan\u00f3 la atenci\u00f3n con este tema que sin duda ha cambiado su carrera, y que estoy casi seguro que en 2018 le empezar\u00e1 a dar frutos a\u00fan m\u00e1s concretos que nos har\u00e1n escucharla en m\u00e1s sitios. Si me preguntaran por una apuesta segura para el 2018 en este listado, sin duda mi primer selecci\u00f3n ser\u00eda <strong>Marissa Mur<\/strong>. (<a href=\"http:\/\/www.reconoce.mx\/darlo-todo-de-marissa-mur\/\" target=\"_blank\" rel=\"noopener\">Ac\u00e1 mi texto original<\/a>).<\/p>\n<h2 class=\"post-title in-single-page\">\u2018Entre tormentas\u2019, de Oh! Cometa<\/h2>\n<style>.embed-container { position: relative; padding-bottom: 56.25%; height: 0; overflow: hidden; max-width: 100%; } .embed-container iframe, .embed-container object, .embed-container embed { position: absolute; top: 0; left: 0; width: 100%; height: 100%; }<\/style>\n<div class=\"embed-container\"><iframe loading=\"lazy\" src=\"https:\/\/www.youtube.com\/embed\/nJQJ-t7tyTI\" width=\"300\" height=\"150\" frameborder=\"0\" allowfullscreen=\"allowfullscreen\"><\/iframe><\/div>\n<p>&nbsp;<\/p>\n<p>De la mism\u00edsima Ciudad Neza, la tercer inclusi\u00f3n en este listado la protagonizan 5 m\u00fasicos que empezaron apenas en 2015 bajo el nombre de <strong>Oh! Cometa<\/strong>. Ya le hab\u00eda echado un ojo a su propuesta a inicios del presente a\u00f1o, por ello, en cuanto pude incluirlos en el <a title=\"Lunes musical\" href=\"www.reconoce.mx\/category\/cultura\/musica\/lunes-musical-musica\/\" target=\"_blank\" rel=\"noopener\"><strong>Lunes musical<\/strong><\/a>, no dud\u00e9 en hacerlo con su m\u00e1s reciente sencillo; y qu\u00e9 bueno que lo hice, porque s\u00ed, son sin duda uno de mis 5 temas favoritos de 2017. Musicalmente es cierto que tienen poco de novedoso, pero escuchando bien su ejecuci\u00f3n, encontrar\u00e1n pronto que es un proyecto con mucha calidad y sobre todo mucho coraz\u00f3n. La verdad es que la combinaci\u00f3n de todos los elementos sonoros me hicieron que me atraparan de inmediato. Bajo otro \u00abpadrinazgo\u00bb, los <strong>Oh! Cometa<\/strong> habr\u00edan dado mucho m\u00e1s ruido en este a\u00f1o; espero que en 2018 alguno de los muchos festivales los incluyan para que m\u00e1s puedan escuchar su talento, mismo que queda patente justamente con \u00abEntre tormentas\u00bb. (<a href=\"http:\/\/www.reconoce.mx\/entre-tormentas-de-oh-cometa\/\" target=\"_blank\" rel=\"noopener\">Ac\u00e1 mi texto original<\/a>).<\/p>\n<h2 class=\"post-title in-single-page\">\u2018Mi debilidad\u2019, de Gota<\/h2>\n<style>.embed-container { position: relative; padding-bottom: 56.25%; height: 0; overflow: hidden; max-width: 100%; } .embed-container iframe, .embed-container object, .embed-container embed { position: absolute; top: 0; left: 0; width: 100%; height: 100%; }<\/style>\n<div class=\"embed-container\"><iframe loading=\"lazy\" src=\"https:\/\/www.youtube.com\/embed\/By_nVqVLntA\" width=\"300\" height=\"150\" frameborder=\"0\" allowfullscreen=\"allowfullscreen\"><\/iframe><\/div>\n<p>&nbsp;<\/p>\n<p>Otra sorpresa muy agradable fueron los chicos de <strong>Gota<\/strong>, proyecto liderado por Fernando Portilla de 60 Tigres. Basta con escuchar \u00abMi debilidad\u00bb para darse cuenta el porqu\u00e9 de s\u00ed, mi debilidad por esta canci\u00f3n. El viaje psicod\u00e9lico e inmersivo que proponen los <strong>Gota<\/strong> es raz\u00f3n suficiente para incluirlos en este listado; con ayuda de sintetizadores y guitarras, en un ambiente que sin imaginar mucho nos colocar\u00eda probablemente al interior de una gota precisamente, \u00abMi debilidad\u00bb es probablemente una canci\u00f3n que hemos escuchado una, y otra, y otra vez&#8230; sin embargo sigue teniendo algo que atrapa, que encanta. Y es que la ejecuci\u00f3n creo es lo que tiene a \u00abMi debilidad\u00bb de <strong>Gota<\/strong> como uno de mis temas favoritos en los <a title=\"Lunes musical\" href=\"www.reconoce.mx\/category\/cultura\/musica\/lunes-musical-musica\/\" target=\"_blank\" rel=\"noopener\"><strong>Lunes musical<\/strong><\/a> de 2017. El grupo ha tenido un activo a\u00f1o, y si bien no ha atrapado a las grandes masas, siento que igualmente como en el caso anterior, un empuj\u00f3n medi\u00e1tico o en alg\u00fan festival, les dar\u00e1 la atenci\u00f3n que se merecen. (<a href=\"http:\/\/www.reconoce.mx\/mi-debilidad-de-gota\/\" target=\"_blank\" rel=\"noopener\">Ac\u00e1 mi texto original<\/a>).<\/p>\n<h2 class=\"post-title in-single-page\">\u2018#\u00c9ramos novios\u2019, de Mi Sobrino Memo<\/h2>\n<style>.embed-container { position: relative; padding-bottom: 56.25%; height: 0; overflow: hidden; max-width: 100%; } .embed-container iframe, .embed-container object, .embed-container embed { position: absolute; top: 0; left: 0; width: 100%; height: 100%; }<\/style>\n<div class=\"embed-container\"><iframe loading=\"lazy\" src=\"https:\/\/www.youtube.com\/embed\/PiVWjumxliE\" width=\"300\" height=\"150\" frameborder=\"0\" allowfullscreen=\"allowfullscreen\"><\/iframe><\/div>\n<p>&nbsp;<\/p>\n<p>Y para cerrar el listado, que reitero se organiz\u00f3 de manera cronol\u00f3gica, una canci\u00f3n dulce, como para d\u00edas fr\u00edos, como para quienes prefieren colocarle un poco de melancol\u00eda a estas fechas&#8230; Eduardo, alias <strong>Mi Sobrino Memo<\/strong>, fue uno de mis descubrimientos en este a\u00f1o. Primero con una dulc\u00edsima versi\u00f3n a <a href=\"http:\/\/www.reconoce.mx\/lo-que-construimos-version-querido-memo-mi-sobrino-memo\/\" target=\"_blank\" rel=\"noopener\">\u00abLo que construimos\u00bb de <strong>Natalia Lafourcade<\/strong><\/a>, despu\u00e9s de manera muy grata con un tema original. Igual con poco tiempo en la escena, con ayuda de su inseparable ukulele, el mexiquense<strong> Mi Sobrino Memo<\/strong> se ha descubierto como una muy destacada promesa en la escena musical independiente nacional. Su voz, caracter\u00edstica, sus cualidades para escribir, y sobre todo su don de la melod\u00eda, hacen de<strong> Mi Sobrino Memo<\/strong> un m\u00fasico al que tambi\u00e9n hay que seguirle la pista. Me da tambi\u00e9n la sensaci\u00f3n de que 2018 ser\u00e1 un gran a\u00f1o para este joven m\u00fasico. Si he de lanzar alguna predicci\u00f3n para el pr\u00f3ximo a\u00f1o, me lanzo por \u00e9sta. S\u00ed, melancol\u00eda, nostalgia&#8230; \u00bfpero a poco no se quedan con cierto calor delicioso en sus corazones tras escuchar \u00ab#\u00c9ramos novios\u00bb de <strong>Mi Sobrino Memo<\/strong>? Yo s\u00ed, y por ello mi selecci\u00f3n en este listado. (<a href=\"http:\/\/www.reconoce.mx\/eramos-novios-de-mi-sobrino-memo\/\" target=\"_blank\" rel=\"noopener\">Ac\u00e1 mi texto original<\/a>).<\/p>\n<h2 style=\"text-align: center;\"><strong><a href=\"http:\/\/www.reconoce.mx\/lunes-musical-mis-cinco-de-2012\/\">2012<\/a> | <a href=\"http:\/\/www.reconoce.mx\/lunes-musical-mis-cinco-de-2013\/\">2013<\/a> | <a href=\"http:\/\/www.reconoce.mx\/lunes-musical-mis-cinco-de-2014\/\">2014<\/a> | <a href=\"http:\/\/www.reconoce.mx\/mis-cinco-lunes-musical-de-2015\/\" target=\"_blank\" rel=\"noopener\">2015 <\/a>| <a href=\"http:\/\/www.reconoce.mx\/mis-cinco-lunes-musical-de-2016\/\" target=\"_blank\" rel=\"noopener\">2016<\/a> | 2017 | <a href=\"http:\/\/www.reconoce.mx\/mis-cinco-lunes-musical-de-2018\">2018<\/a><\/strong><\/h2>\n<p style=\"text-align: right;\">Foto: <strong>ricdovalle<\/strong>.<\/p>\n<p>&nbsp;<\/p>\n<p>&nbsp;<\/p>\n","protected":false},"excerpt":{"rendered":"<p>Como ya es tradici\u00f3n desde aquel primer recuento de 2012, en la \u00faltima semana del a\u00f1o dedico mi \u00faltimo Lunes musical para mencionar las que han sido para m\u00ed las 5 canciones m\u00e1s interesantes que les compart\u00ed semana a semana.<\/p>\n","protected":false},"author":2,"featured_media":69065,"comment_status":"open","ping_status":"open","sticky":false,"template":"","format":"standard","meta":{"footnotes":""},"categories":[1,665,18,17],"tags":[],"class_list":["post-69063","post","type-post","status-publish","format-standard","has-post-thumbnail","hentry","category-cultura","category-lunes-musical-musica","category-musica","category-principal"],"yoast_head":"<!-- This site is optimized with the Yoast SEO plugin v24.7 - https:\/\/yoast.com\/wordpress\/plugins\/seo\/ -->\n<title>Mis CINCO \u2018Lunes musical\u2019 de 2017 &#171; Reconoce MX<\/title>\n<meta name=\"robots\" content=\"index, follow, max-snippet:-1, max-image-preview:large, max-video-preview:-1\" \/>\n<link rel=\"canonical\" href=\"https:\/\/www.reconoce.mx\/?p=69063\" \/>\n<meta property=\"og:locale\" content=\"es_ES\" \/>\n<meta property=\"og:type\" content=\"article\" \/>\n<meta property=\"og:title\" content=\"Mis CINCO \u2018Lunes musical\u2019 de 2017 &#171; Reconoce MX\" \/>\n<meta property=\"og:description\" content=\"Como ya es tradici\u00f3n desde aquel primer recuento de 2012, en la \u00faltima semana del a\u00f1o dedico mi \u00faltimo Lunes musical para mencionar las que han sido para m\u00ed las 5 canciones m\u00e1s interesantes que les compart\u00ed semana a semana.\" \/>\n<meta property=\"og:url\" content=\"https:\/\/www.reconoce.mx\/?p=69063\" \/>\n<meta property=\"og:site_name\" content=\"Reconoce MX\" \/>\n<meta property=\"article:publisher\" content=\"https:\/\/es-la.facebook.com\/ReconoceMX\/\" \/>\n<meta property=\"article:published_time\" content=\"2017-12-25T06:04:39+00:00\" \/>\n<meta property=\"article:modified_time\" content=\"2018-12-31T05:59:24+00:00\" \/>\n<meta property=\"og:image\" content=\"https:\/\/www.reconoce.mx\/wp-content\/uploads\/2017\/12\/lunes-musicales.png\" \/>\n\t<meta property=\"og:image:width\" content=\"590\" \/>\n\t<meta property=\"og:image:height\" content=\"380\" \/>\n\t<meta property=\"og:image:type\" content=\"image\/png\" \/>\n<meta name=\"author\" content=\"Reconoce MX\" \/>\n<meta name=\"twitter:card\" content=\"summary_large_image\" \/>\n<meta name=\"twitter:creator\" content=\"@reconocemx\" \/>\n<meta name=\"twitter:site\" content=\"@reconocemx\" \/>\n<meta name=\"twitter:label1\" content=\"Escrito por\" \/>\n\t<meta name=\"twitter:data1\" content=\"Reconoce MX\" \/>\n\t<meta name=\"twitter:label2\" content=\"Tiempo de lectura\" \/>\n\t<meta name=\"twitter:data2\" content=\"6 minutos\" \/>\n<script type=\"application\/ld+json\" class=\"yoast-schema-graph\">{\"@context\":\"https:\/\/schema.org\",\"@graph\":[{\"@type\":\"Article\",\"@id\":\"https:\/\/www.reconoce.mx\/?p=69063#article\",\"isPartOf\":{\"@id\":\"https:\/\/www.reconoce.mx\/?p=69063\"},\"author\":{\"name\":\"Reconoce MX\",\"@id\":\"http:\/\/www.reconoce.mx\/#\/schema\/person\/2117e997d7051dc15d6880eaf9bca0b2\"},\"headline\":\"Mis CINCO \u2018Lunes musical\u2019 de 2017\",\"datePublished\":\"2017-12-25T06:04:39+00:00\",\"dateModified\":\"2018-12-31T05:59:24+00:00\",\"mainEntityOfPage\":{\"@id\":\"https:\/\/www.reconoce.mx\/?p=69063\"},\"wordCount\":1218,\"commentCount\":0,\"publisher\":{\"@id\":\"http:\/\/www.reconoce.mx\/#organization\"},\"image\":{\"@id\":\"https:\/\/www.reconoce.mx\/?p=69063#primaryimage\"},\"thumbnailUrl\":\"http:\/\/www.reconoce.mx\/wp-content\/uploads\/2017\/12\/lunes-musicales.png\",\"articleSection\":[\"Cultura\",\"Lunes musical\",\"M\u00fasica\",\"Principal\"],\"inLanguage\":\"es\",\"potentialAction\":[{\"@type\":\"CommentAction\",\"name\":\"Comment\",\"target\":[\"https:\/\/www.reconoce.mx\/?p=69063#respond\"]}]},{\"@type\":\"WebPage\",\"@id\":\"https:\/\/www.reconoce.mx\/?p=69063\",\"url\":\"https:\/\/www.reconoce.mx\/?p=69063\",\"name\":\"Mis CINCO \u2018Lunes musical\u2019 de 2017 &#171; Reconoce MX\",\"isPartOf\":{\"@id\":\"http:\/\/www.reconoce.mx\/#website\"},\"primaryImageOfPage\":{\"@id\":\"https:\/\/www.reconoce.mx\/?p=69063#primaryimage\"},\"image\":{\"@id\":\"https:\/\/www.reconoce.mx\/?p=69063#primaryimage\"},\"thumbnailUrl\":\"http:\/\/www.reconoce.mx\/wp-content\/uploads\/2017\/12\/lunes-musicales.png\",\"datePublished\":\"2017-12-25T06:04:39+00:00\",\"dateModified\":\"2018-12-31T05:59:24+00:00\",\"breadcrumb\":{\"@id\":\"https:\/\/www.reconoce.mx\/?p=69063#breadcrumb\"},\"inLanguage\":\"es\",\"potentialAction\":[{\"@type\":\"ReadAction\",\"target\":[\"https:\/\/www.reconoce.mx\/?p=69063\"]}]},{\"@type\":\"ImageObject\",\"inLanguage\":\"es\",\"@id\":\"https:\/\/www.reconoce.mx\/?p=69063#primaryimage\",\"url\":\"http:\/\/www.reconoce.mx\/wp-content\/uploads\/2017\/12\/lunes-musicales.png\",\"contentUrl\":\"http:\/\/www.reconoce.mx\/wp-content\/uploads\/2017\/12\/lunes-musicales.png\",\"width\":590,\"height\":380},{\"@type\":\"BreadcrumbList\",\"@id\":\"https:\/\/www.reconoce.mx\/?p=69063#breadcrumb\",\"itemListElement\":[{\"@type\":\"ListItem\",\"position\":1,\"name\":\"Portada\",\"item\":\"http:\/\/www.reconoce.mx\/\"},{\"@type\":\"ListItem\",\"position\":2,\"name\":\"Mis CINCO \u2018Lunes musical\u2019 de 2017\"}]},{\"@type\":\"WebSite\",\"@id\":\"http:\/\/www.reconoce.mx\/#website\",\"url\":\"http:\/\/www.reconoce.mx\/\",\"name\":\"Reconoce MX\",\"description\":\"En Reconoce MX difundimos arte, cultura y conciencia social en M\u00e9xico. Tu ciudad en otra perspectiva.\",\"publisher\":{\"@id\":\"http:\/\/www.reconoce.mx\/#organization\"},\"potentialAction\":[{\"@type\":\"SearchAction\",\"target\":{\"@type\":\"EntryPoint\",\"urlTemplate\":\"http:\/\/www.reconoce.mx\/?s={search_term_string}\"},\"query-input\":{\"@type\":\"PropertyValueSpecification\",\"valueRequired\":true,\"valueName\":\"search_term_string\"}}],\"inLanguage\":\"es\"},{\"@type\":\"Organization\",\"@id\":\"http:\/\/www.reconoce.mx\/#organization\",\"name\":\"Reconoce MX\",\"url\":\"http:\/\/www.reconoce.mx\/\",\"logo\":{\"@type\":\"ImageObject\",\"inLanguage\":\"es\",\"@id\":\"http:\/\/www.reconoce.mx\/#\/schema\/logo\/image\/\",\"url\":\"https:\/\/www.reconoce.mx\/wp-content\/uploads\/2019\/03\/logorcmx-good-1.png\",\"contentUrl\":\"https:\/\/www.reconoce.mx\/wp-content\/uploads\/2019\/03\/logorcmx-good-1.png\",\"width\":280,\"height\":90,\"caption\":\"Reconoce MX\"},\"image\":{\"@id\":\"http:\/\/www.reconoce.mx\/#\/schema\/logo\/image\/\"},\"sameAs\":[\"https:\/\/es-la.facebook.com\/ReconoceMX\/\",\"https:\/\/x.com\/reconocemx\",\"http:\/\/@reconocemx\"]},{\"@type\":\"Person\",\"@id\":\"http:\/\/www.reconoce.mx\/#\/schema\/person\/2117e997d7051dc15d6880eaf9bca0b2\",\"name\":\"Reconoce MX\",\"image\":{\"@type\":\"ImageObject\",\"inLanguage\":\"es\",\"@id\":\"http:\/\/www.reconoce.mx\/#\/schema\/person\/image\/\",\"url\":\"https:\/\/secure.gravatar.com\/avatar\/6c8d4dc7569ca1c90c5fdcc349f839d5ddef6fe1e70b4337ead2ef1a4c43fc3a?s=96&d=identicon&r=g\",\"contentUrl\":\"https:\/\/secure.gravatar.com\/avatar\/6c8d4dc7569ca1c90c5fdcc349f839d5ddef6fe1e70b4337ead2ef1a4c43fc3a?s=96&d=identicon&r=g\",\"caption\":\"Reconoce MX\"},\"description\":\"Reconoce MX es un proyecto de difusi\u00f3n art\u00edstica, cultural y de conciencia social que est\u00e1 enfocado a difundir y fomentar el entretenimiento alternativo de calidad para todo el p\u00fablico que comparta el mismo entusiasmo.\",\"sameAs\":[\"http:\/\/www.reconoce.mx\"],\"url\":\"http:\/\/www.reconoce.mx\/?author=2\"}]}<\/script>\n<!-- \/ Yoast SEO plugin. -->","yoast_head_json":{"title":"Mis CINCO \u2018Lunes musical\u2019 de 2017 &#171; Reconoce MX","robots":{"index":"index","follow":"follow","max-snippet":"max-snippet:-1","max-image-preview":"max-image-preview:large","max-video-preview":"max-video-preview:-1"},"canonical":"https:\/\/www.reconoce.mx\/?p=69063","og_locale":"es_ES","og_type":"article","og_title":"Mis CINCO \u2018Lunes musical\u2019 de 2017 &#171; Reconoce MX","og_description":"Como ya es tradici\u00f3n desde aquel primer recuento de 2012, en la \u00faltima semana del a\u00f1o dedico mi \u00faltimo Lunes musical para mencionar las que han sido para m\u00ed las 5 canciones m\u00e1s interesantes que les compart\u00ed semana a semana.","og_url":"https:\/\/www.reconoce.mx\/?p=69063","og_site_name":"Reconoce MX","article_publisher":"https:\/\/es-la.facebook.com\/ReconoceMX\/","article_published_time":"2017-12-25T06:04:39+00:00","article_modified_time":"2018-12-31T05:59:24+00:00","og_image":[{"width":590,"height":380,"url":"https:\/\/www.reconoce.mx\/wp-content\/uploads\/2017\/12\/lunes-musicales.png","type":"image\/png"}],"author":"Reconoce MX","twitter_card":"summary_large_image","twitter_creator":"@reconocemx","twitter_site":"@reconocemx","twitter_misc":{"Escrito por":"Reconoce MX","Tiempo de lectura":"6 minutos"},"schema":{"@context":"https:\/\/schema.org","@graph":[{"@type":"Article","@id":"https:\/\/www.reconoce.mx\/?p=69063#article","isPartOf":{"@id":"https:\/\/www.reconoce.mx\/?p=69063"},"author":{"name":"Reconoce MX","@id":"http:\/\/www.reconoce.mx\/#\/schema\/person\/2117e997d7051dc15d6880eaf9bca0b2"},"headline":"Mis CINCO \u2018Lunes musical\u2019 de 2017","datePublished":"2017-12-25T06:04:39+00:00","dateModified":"2018-12-31T05:59:24+00:00","mainEntityOfPage":{"@id":"https:\/\/www.reconoce.mx\/?p=69063"},"wordCount":1218,"commentCount":0,"publisher":{"@id":"http:\/\/www.reconoce.mx\/#organization"},"image":{"@id":"https:\/\/www.reconoce.mx\/?p=69063#primaryimage"},"thumbnailUrl":"http:\/\/www.reconoce.mx\/wp-content\/uploads\/2017\/12\/lunes-musicales.png","articleSection":["Cultura","Lunes musical","M\u00fasica","Principal"],"inLanguage":"es","potentialAction":[{"@type":"CommentAction","name":"Comment","target":["https:\/\/www.reconoce.mx\/?p=69063#respond"]}]},{"@type":"WebPage","@id":"https:\/\/www.reconoce.mx\/?p=69063","url":"https:\/\/www.reconoce.mx\/?p=69063","name":"Mis CINCO \u2018Lunes musical\u2019 de 2017 &#171; Reconoce MX","isPartOf":{"@id":"http:\/\/www.reconoce.mx\/#website"},"primaryImageOfPage":{"@id":"https:\/\/www.reconoce.mx\/?p=69063#primaryimage"},"image":{"@id":"https:\/\/www.reconoce.mx\/?p=69063#primaryimage"},"thumbnailUrl":"http:\/\/www.reconoce.mx\/wp-content\/uploads\/2017\/12\/lunes-musicales.png","datePublished":"2017-12-25T06:04:39+00:00","dateModified":"2018-12-31T05:59:24+00:00","breadcrumb":{"@id":"https:\/\/www.reconoce.mx\/?p=69063#breadcrumb"},"inLanguage":"es","potentialAction":[{"@type":"ReadAction","target":["https:\/\/www.reconoce.mx\/?p=69063"]}]},{"@type":"ImageObject","inLanguage":"es","@id":"https:\/\/www.reconoce.mx\/?p=69063#primaryimage","url":"http:\/\/www.reconoce.mx\/wp-content\/uploads\/2017\/12\/lunes-musicales.png","contentUrl":"http:\/\/www.reconoce.mx\/wp-content\/uploads\/2017\/12\/lunes-musicales.png","width":590,"height":380},{"@type":"BreadcrumbList","@id":"https:\/\/www.reconoce.mx\/?p=69063#breadcrumb","itemListElement":[{"@type":"ListItem","position":1,"name":"Portada","item":"http:\/\/www.reconoce.mx\/"},{"@type":"ListItem","position":2,"name":"Mis CINCO \u2018Lunes musical\u2019 de 2017"}]},{"@type":"WebSite","@id":"http:\/\/www.reconoce.mx\/#website","url":"http:\/\/www.reconoce.mx\/","name":"Reconoce MX","description":"En Reconoce MX difundimos arte, cultura y conciencia social en M\u00e9xico. Tu ciudad en otra perspectiva.","publisher":{"@id":"http:\/\/www.reconoce.mx\/#organization"},"potentialAction":[{"@type":"SearchAction","target":{"@type":"EntryPoint","urlTemplate":"http:\/\/www.reconoce.mx\/?s={search_term_string}"},"query-input":{"@type":"PropertyValueSpecification","valueRequired":true,"valueName":"search_term_string"}}],"inLanguage":"es"},{"@type":"Organization","@id":"http:\/\/www.reconoce.mx\/#organization","name":"Reconoce MX","url":"http:\/\/www.reconoce.mx\/","logo":{"@type":"ImageObject","inLanguage":"es","@id":"http:\/\/www.reconoce.mx\/#\/schema\/logo\/image\/","url":"https:\/\/www.reconoce.mx\/wp-content\/uploads\/2019\/03\/logorcmx-good-1.png","contentUrl":"https:\/\/www.reconoce.mx\/wp-content\/uploads\/2019\/03\/logorcmx-good-1.png","width":280,"height":90,"caption":"Reconoce MX"},"image":{"@id":"http:\/\/www.reconoce.mx\/#\/schema\/logo\/image\/"},"sameAs":["https:\/\/es-la.facebook.com\/ReconoceMX\/","https:\/\/x.com\/reconocemx","http:\/\/@reconocemx"]},{"@type":"Person","@id":"http:\/\/www.reconoce.mx\/#\/schema\/person\/2117e997d7051dc15d6880eaf9bca0b2","name":"Reconoce MX","image":{"@type":"ImageObject","inLanguage":"es","@id":"http:\/\/www.reconoce.mx\/#\/schema\/person\/image\/","url":"https:\/\/secure.gravatar.com\/avatar\/6c8d4dc7569ca1c90c5fdcc349f839d5ddef6fe1e70b4337ead2ef1a4c43fc3a?s=96&d=identicon&r=g","contentUrl":"https:\/\/secure.gravatar.com\/avatar\/6c8d4dc7569ca1c90c5fdcc349f839d5ddef6fe1e70b4337ead2ef1a4c43fc3a?s=96&d=identicon&r=g","caption":"Reconoce MX"},"description":"Reconoce MX es un proyecto de difusi\u00f3n art\u00edstica, cultural y de conciencia social que est\u00e1 enfocado a difundir y fomentar el entretenimiento alternativo de calidad para todo el p\u00fablico que comparta el mismo entusiasmo.","sameAs":["http:\/\/www.reconoce.mx"],"url":"http:\/\/www.reconoce.mx\/?author=2"}]}},"_links":{"self":[{"href":"http:\/\/www.reconoce.mx\/index.php?rest_route=\/wp\/v2\/posts\/69063","targetHints":{"allow":["GET"]}}],"collection":[{"href":"http:\/\/www.reconoce.mx\/index.php?rest_route=\/wp\/v2\/posts"}],"about":[{"href":"http:\/\/www.reconoce.mx\/index.php?rest_route=\/wp\/v2\/types\/post"}],"author":[{"embeddable":true,"href":"http:\/\/www.reconoce.mx\/index.php?rest_route=\/wp\/v2\/users\/2"}],"replies":[{"embeddable":true,"href":"http:\/\/www.reconoce.mx\/index.php?rest_route=%2Fwp%2Fv2%2Fcomments&post=69063"}],"version-history":[{"count":8,"href":"http:\/\/www.reconoce.mx\/index.php?rest_route=\/wp\/v2\/posts\/69063\/revisions"}],"predecessor-version":[{"id":79499,"href":"http:\/\/www.reconoce.mx\/index.php?rest_route=\/wp\/v2\/posts\/69063\/revisions\/79499"}],"wp:featuredmedia":[{"embeddable":true,"href":"http:\/\/www.reconoce.mx\/index.php?rest_route=\/wp\/v2\/media\/69065"}],"wp:attachment":[{"href":"http:\/\/www.reconoce.mx\/index.php?rest_route=%2Fwp%2Fv2%2Fmedia&parent=69063"}],"wp:term":[{"taxonomy":"category","embeddable":true,"href":"http:\/\/www.reconoce.mx\/index.php?rest_route=%2Fwp%2Fv2%2Fcategories&post=69063"},{"taxonomy":"post_tag","embeddable":true,"href":"http:\/\/www.reconoce.mx\/index.php?rest_route=%2Fwp%2Fv2%2Ftags&post=69063"}],"curies":[{"name":"wp","href":"https:\/\/api.w.org\/{rel}","templated":true}]}}