{"id":69080,"date":"2017-12-28T00:04:59","date_gmt":"2017-12-28T06:04:59","guid":{"rendered":"http:\/\/www.reconoce.mx\/?p=69080"},"modified":"2018-12-27T00:30:09","modified_gmt":"2018-12-27T06:30:09","slug":"mis-cinco-jueves-independiente-de-2017","status":"publish","type":"post","link":"http:\/\/www.reconoce.mx\/?p=69080","title":{"rendered":"Mis CINCO \u2018Jueves independiente\u2019 de 2017"},"content":{"rendered":"<p><a href=\"http:\/\/www.reconoce.mx\/category\/cultura\/musica\/jueves-indie\/\"><img loading=\"lazy\" decoding=\"async\" class=\"aligncenter size-full wp-image-38360\" src=\"http:\/\/www.reconoce.mx\/wp-content\/uploads\/2015\/06\/Jueves.png\" alt=\"Martes\" width=\"550\" height=\"70\" \/><\/a><strong><br \/>\nPor <a title=\"@AsfaltosTweets\" href=\"http:\/\/twitter.com\/AsfaltosTweets\" target=\"_blank\" rel=\"noopener\">Asfaltos<\/a><\/strong>.<\/p>\n<p>Y finalmente, como parte de los -ahora- cuatro grandes listados musicales que realizo a fin de a\u00f1o, precisamente el cuarto, el dedicado al <a title=\"Jueves independiente\" href=\"http:\/\/www.reconoce.mx\/category\/cultura\/musica\/jueves-indie\/\" target=\"_blank\" rel=\"noopener\"><strong>Jueves independiente<\/strong><\/a>, a la m\u00fasica independiente que capto de fuera de las fronteras mexicanas. S\u00ed, el ejercicio volvi\u00f3 a ser una vez m\u00e1s complejo, pero no dej\u00f3 de ser divertido. Una vez m\u00e1s, por segundo a\u00f1o consecutivo, me mantuve activo semana a semana sin deberles ni un solo <a title=\"Jueves independiente\" href=\"http:\/\/www.reconoce.mx\/category\/cultura\/musica\/jueves-indie\/\" target=\"_blank\" rel=\"noopener\"><strong>Jueves independiente<\/strong><\/a>; y creo que lo logramos. En el listado de este a\u00f1o quise ser plural en lo que respecta a los pa\u00edses origen de cada uno de los temas; sin forzarlo hasta el final, lo logr\u00e9 afortunadamente. Pues bien, con ustedes, los CINCO <a title=\"Jueves independiente\" href=\"http:\/\/www.reconoce.mx\/category\/cultura\/musica\/jueves-indie\/\" target=\"_blank\" rel=\"noopener\"><strong>Jueves independiente<\/strong><\/a> de 2017.<\/p>\n<p>Pero antes, como siempre, algunas aclaraciones pertinentes pa&#8217; no levantar \u00absuspicacias\u00bb (<em>if any<\/em>). 1) El siguiente listado no constituye un compendio de \u00ablas mejores canciones internacionales\u00bb de 2016. 2) Se trata \u00fanica y exclusivamente de una selecci\u00f3n de las cinco canciones extranjeras (sobre todo sudamericanas, donde me enfoqu\u00e9 este a\u00f1o en particular) que considero las m\u00e1s relevantes que compart\u00ed semanalmente en esta secci\u00f3n durante el presente a\u00f1o. 3) Y vale, nada m\u00e1s por aclarar dos reglas de los <a title=\"Jueves independiente\" href=\"http:\/\/www.reconoce.mx\/category\/cultura\/musica\/jueves-indie\/\" target=\"_blank\" rel=\"noopener\"><strong>Jueves independiente<\/strong><\/a>: ning\u00fan grupo repite y se tratan de opciones independientes y con pocos reflectores (en la mayor\u00eda de los casos).<\/p>\n<p>Una vez aclarado lo siguiente (y por orden de menci\u00f3n cronol\u00f3gica), a continuaci\u00f3n <strong>Mis CINCO \u00ab<a title=\"Jueves independiente\" href=\"http:\/\/www.reconoce.mx\/category\/cultura\/musica\/jueves-indie\/\" target=\"_blank\" rel=\"noopener\">Jueves independiente<\/a>\u00bb de 2017<\/strong>:<\/p>\n<h2>\u2018El castigador\u2019, de Rita Indiana<\/h2>\n<style>.embed-container { position: relative; padding-bottom: 56.25%; height: 0; overflow: hidden; max-width: 100%; } .embed-container iframe, .embed-container object, .embed-container embed { position: absolute; top: 0; left: 0; width: 100%; height: 100%; }<\/style>\n<div class=\"embed-container\"><iframe loading=\"lazy\" src=\"https:\/\/www.youtube.com\/embed\/9-J_n1H2qT4\" width=\"300\" height=\"150\" frameborder=\"0\" allowfullscreen=\"allowfullscreen\"><\/iframe><\/div>\n<p>&nbsp;<\/p>\n<p>Empezamos el listado con una mujer tremenda, una cantautora incre\u00edble, s\u00ed, no novedad, pero s\u00ed un cl\u00e1sico que celebramos en los <a title=\"Jueves independiente\" href=\"http:\/\/www.reconoce.mx\/category\/cultura\/musica\/jueves-indie\/\" target=\"_blank\" rel=\"noopener\"><strong>Jueves independiente<\/strong><\/a> como un regreso esperad\u00edsimo. Ni hablar, <strong>Rita Indiana<\/strong> ten\u00eda que estar en este listado, y las dudas se disipan en cuanto se le escucha. Si hay algo que compartimos en Latinoam\u00e9rica, m\u00e1s all\u00e1 del idioma, es tristemente la corrupci\u00f3n. Punzante, con lo directa que siempre ha sido, <strong>Rita Indiana<\/strong> nos regala un tema m\u00e1s que necesario, sin pelos en la lengua. Bajo el nombre de \u00abEl castigador\u00bb, Rita se sac\u00f3 un 10 con un tema que la sac\u00f3 de la pausa musical de la que parec\u00eda no iba a salir nunca. De Rep\u00fablica Dominicana, la cantautora regres\u00f3 para \u00abincomodar al que vive en el confort y para reconfortar al que vive en la incomodidad\u00bb. Aplaudimos desde este humilde espacio el regreso de una grande con la primer menci\u00f3n en este espacio. \u00a1Grande, Rita! (<a href=\"http:\/\/www.reconoce.mx\/el-castigador-de-rita-indiana\/\" target=\"_blank\" rel=\"noopener\">Ac\u00e1 mi texto original<\/a>).<\/p>\n<h2>\u2018Pileta\u2019, de Los Tristes<\/h2>\n<style>.embed-container { position: relative; padding-bottom: 56.25%; height: 0; overflow: hidden; max-width: 100%; } .embed-container iframe, .embed-container object, .embed-container embed { position: absolute; top: 0; left: 0; width: 100%; height: 100%; }<\/style>\n<div class=\"embed-container\"><iframe loading=\"lazy\" src=\"https:\/\/www.youtube.com\/embed\/8fYKoarcjJ8\" width=\"300\" height=\"150\" frameborder=\"0\" allowfullscreen=\"allowfullscreen\"><\/iframe><\/div>\n<p>&nbsp;<\/p>\n<p>Pens\u00e9 la verdad que tendr\u00eda m\u00e1s saturado de chilenos este listado, y no, no me desagradaba en lo m\u00e1s m\u00ednimo la idea -vamos, ustedes saben que es el pa\u00eds del que m\u00e1s les presento m\u00fasica-, pero bueno, no, solo un grupo chileno sali\u00f3 elegido en este listado, y para serles sincero me result\u00f3 sorpresivo. Se trata de <strong>Los Tristes<\/strong>, quienes con un folk pop cl\u00e1sico, sin mucha novedad, se ganaron mi coraz\u00f3n por su cuidadoso sonido, por su cari\u00f1oso sonido; por ese caluroso apapacho que resulta su tema \u00abPileta\u00bb. <strong>Los Tristes<\/strong> hacen honor a su nombre, pero del mismo modo nos regalan paz, alegr\u00eda hacia el final, esperanza&#8230; La verdad es que estos chicos se han ganado con talento su aparici\u00f3n en este humilde listado. Aplausos. (<a href=\"http:\/\/www.reconoce.mx\/pileta-de-los-tristes\/\" target=\"_blank\" rel=\"noopener\">Ac\u00e1 mi texto original<\/a>).<\/p>\n<h2>\u2018Lejos\u2019, de La Vida Boh\u00e8me<\/h2>\n<style>.embed-container { position: relative; padding-bottom: 56.25%; height: 0; overflow: hidden; max-width: 100%; } .embed-container iframe, .embed-container object, .embed-container embed { position: absolute; top: 0; left: 0; width: 100%; height: 100%; }<\/style>\n<div class=\"embed-container\"><iframe loading=\"lazy\" src=\"https:\/\/www.youtube.com\/embed\/txM_awhZNW8\" width=\"300\" height=\"150\" frameborder=\"0\" allowfullscreen=\"allowfullscreen\"><\/iframe><\/div>\n<p>&nbsp;<\/p>\n<p>S\u00ed, en cada listado he tenido siempre una primera opci\u00f3n un tema o video en el caso, que supe siempre estar\u00eda incluido. En este listado ese es el caso de \u00abLejos\u00bb de <strong>La Vida Boh\u00e8me<\/strong>. A los venezolanos de <strong>La Vida Boh\u00e8me<\/strong> los conoc\u00ed apenas en este a\u00f1o, justo en una entrevista que les realic\u00e9 con motivo de su presentaci\u00f3n en el <strong>Festival Marvin 2016 <\/strong>(<a href=\"http:\/\/mx.ivoox.com\/es\/podcastrcmxitinerante-especial-3-rumbo-al-festivalmarvin-2017-audios-mp3_rf_18760538_1.html\" target=\"_blank\" rel=\"noopener\">pueden escucharlo aqu\u00ed<\/a><strong>)\u00a0<\/strong>. Puff&#8230; \u00a1tremendo, grosso, grandes! <strong>La Vida Boh\u00e8me<\/strong> en vivo son una de esas experiencias que no deben perderse nunca. Su show, <a href=\"http:\/\/www.reconoce.mx\/festivalmarvincdmx-2017-emotivas-postales-sonoras\/\" target=\"_blank\" rel=\"noopener\">uno de los m\u00e1s emotivos y tremendos que recuerde en a\u00f1os<\/a>, es una experiencia que agradezco en cada momento de este a\u00f1o. Pues bien, de <strong>La Vida Boh\u00e8me<\/strong>, \u00abLejos\u00bb es para m\u00ed uno de los cinco tracks que revis\u00e9 en los <a title=\"Jueves independiente\" href=\"http:\/\/www.reconoce.mx\/category\/cultura\/musica\/jueves-indie\/\" target=\"_blank\" rel=\"noopener\"><strong>Jueves independiente<\/strong><\/a> de este a\u00f1o que considero imperdibles: im-per-di-ble, en verdad. La canci\u00f3n, dedicada a su tierra lejana, a la Venezuela que los m\u00fasicos dejaron para perseguir su sue\u00f1o, pero esa tierra que tanto les duele y que extra\u00f1an, es un temazo en toda la extensi\u00f3n de la palabra&#8230; \u00ab\u00a1Leeejooos, leeejooos!\u00bb. (<a href=\"http:\/\/www.reconoce.mx\/lejos-de-la-vida-boheme\/\" target=\"_blank\" rel=\"noopener\">Ac\u00e1 mi texto original<\/a>).<\/p>\n<h2>\u2018Sol da D\u00favida \/ Sopro\u2019, de Apanhador S\u00f3<\/h2>\n<style>.embed-container { position: relative; padding-bottom: 56.25%; height: 0; overflow: hidden; max-width: 100%; } .embed-container iframe, .embed-container object, .embed-container embed { position: absolute; top: 0; left: 0; width: 100%; height: 100%; }<\/style>\n<div class=\"embed-container\"><iframe loading=\"lazy\" src=\"https:\/\/www.youtube.com\/embed\/xBGqnihUOlY\" width=\"300\" height=\"150\" frameborder=\"0\" allowfullscreen=\"allowfullscreen\"><\/iframe><\/div>\n<p>&nbsp;<\/p>\n<p>Y ahora damos un salto a Brasil, de donde son los responsables de otro aut\u00e9ntico temazo que revis\u00e9 este a\u00f1o&#8230; Delicia, maravilla. De Porto Alegre, en el estado de R\u00edo grande del Sur, Brasil, los <strong>Apanhador S\u00f3<\/strong> son los responsables de un tema que es m\u00e1s que una canci\u00f3n, un aut\u00e9ntico viaje&#8230; El grupo tiene ra\u00edces desde 2006, por lo que no son en efecto ningunos improvisados; todo lo contrario, son unos genios de lo que hacen. Escuchar su tema \u00abSol da D\u00favida \/ Sopro\u00bb es una delicia sonora, una experiencia que nos ubica -sin conocer- en el Brasil que les origina. Los efectos sonoros que se van apareciendo en la canci\u00f3n nos hacen pensar en un paseo por las calles de su ciudad, por la selva de su pa\u00eds, por su gente&#8230; Escuchar \u00abSol da D\u00favida \/ Sopro\u00bb nos deja con ganas de m\u00e1s, por lo que cumple el objetivo de gran manera. \u00bfA poco no vibraron con ese juego de guitarras y percusiones hacia el final del tema? Gran, gran rola, sin duda. (<a href=\"http:\/\/www.reconoce.mx\/sol-da-duvida-sopro-de-apanhador-so\/\" target=\"_blank\" rel=\"noopener\">Ac\u00e1 mi texto original<\/a>).<\/p>\n<h2>\u2018Lo que no quiero\u2019, de Ainda D\u00fao<\/h2>\n<style>.embed-container { position: relative; padding-bottom: 56.25%; height: 0; overflow: hidden; max-width: 100%; } .embed-container iframe, .embed-container object, .embed-container embed { position: absolute; top: 0; left: 0; width: 100%; height: 100%; }<\/style>\n<div class=\"embed-container\"><iframe loading=\"lazy\" src=\"https:\/\/www.youtube.com\/embed\/ncuGy_6CywM\" width=\"300\" height=\"150\" frameborder=\"0\" allowfullscreen=\"allowfullscreen\"><\/iframe><\/div>\n<p>&nbsp;<\/p>\n<p>Y desde Argentina, una canci\u00f3n que probablemente no tenga mucho de nuevo en su sonido, pero que a\u00fan as\u00ed encanta y emociona&#8230; Esmeralda Escalante y Yago Escriv\u00e1 han logrado un dueto incre\u00edble, en el que se destacan por un sonido sensible, lleno de calidad. Primero la voz hermos\u00edsima de Esmeralda, que atrapa, que enamora. Desde luego que en lo musical no hay muchos \u00abperos\u00bb, puesto que el talento se percibe en cada nota, en cada ejecuci\u00f3n de los instrumentos. Con 2 trabajos previos, \u00abLo que no quiero\u00bb significaba el primero paso de un tercero que si no me equivoco, no ha visto la luz a\u00fan. La verdad es que para los d\u00edas fr\u00edos que a\u00fan vivimos en Ciudad de M\u00e9xico, \u00abLo que no quiero\u00bb de Ainda D\u00fao es un temazo que apapacha como pocos. No hay duda del porqu\u00e9 de su selecci\u00f3n en este listado, \u00bfno lo creen? (<a href=\"http:\/\/www.reconoce.mx\/lo-que-no-quiero-de-ainda-duo\/\" target=\"_blank\" rel=\"noopener\">Ac\u00e1 mi texto original<\/a>).<\/p>\n<h2 style=\"text-align: center;\"><strong><a href=\"http:\/\/www.reconoce.mx\/jueves-independiente-mis-cinco-de-2012\/\" target=\"_blank\" rel=\"noopener\">2012<\/a> | <a href=\"http:\/\/www.reconoce.mx\/jueves-independiente-mis-cinco-de-2013\/\" target=\"_blank\" rel=\"noopener\">2013<\/a> | <a href=\"http:\/\/www.reconoce.mx\/jueves-independiente-mis-cinco-de-2014\/\" target=\"_blank\" rel=\"noopener\">2014<\/a> | <a href=\"http:\/\/www.reconoce.mx\/mis-cinco-jueves-independiente-de-2015\/\" target=\"_blank\" rel=\"noopener\">2015<\/a> | <a href=\"http:\/\/www.reconoce.mx\/mis-cinco-jueves-independiente-de-2016\/\" target=\"_blank\" rel=\"noopener\">2016<\/a> | 2017 | <a href=\"http:\/\/www.reconoce.mx\/mis-cinco-jueves-independiente-de-2018\/\" target=\"_blank\" rel=\"noopener\">2018<\/a><\/strong><\/h2>\n<p style=\"text-align: right;\">Foto: <strong>Carlos Porto<\/strong>.<\/p>\n<p>&nbsp;<\/p>\n<p>&nbsp;<\/p>\n","protected":false},"excerpt":{"rendered":"<p>Aunque no lo parezca, cada recuento de fin de a\u00f1o es un ejercicio dif\u00edcil de realizar. Imaginen ustedes que semanalmente, \u00abreligiosamente\u00bb, tienen que ir eligiendo una rola que consideren novedosa y valiosa para compartir. <\/p>\n","protected":false},"author":2,"featured_media":69064,"comment_status":"open","ping_status":"open","sticky":false,"template":"","format":"standard","meta":{"footnotes":""},"categories":[1,430,18,17],"tags":[],"class_list":["post-69080","post","type-post","status-publish","format-standard","has-post-thumbnail","hentry","category-cultura","category-jueves-indie","category-musica","category-principal"],"yoast_head":"<!-- This site is optimized with the Yoast SEO plugin v24.7 - https:\/\/yoast.com\/wordpress\/plugins\/seo\/ -->\n<title>Mis CINCO \u2018Jueves independiente\u2019 de 2017 &#171; Reconoce MX<\/title>\n<meta name=\"robots\" content=\"index, follow, max-snippet:-1, max-image-preview:large, max-video-preview:-1\" \/>\n<link rel=\"canonical\" href=\"https:\/\/www.reconoce.mx\/?p=69080\" \/>\n<meta property=\"og:locale\" content=\"es_ES\" \/>\n<meta property=\"og:type\" content=\"article\" \/>\n<meta property=\"og:title\" content=\"Mis CINCO \u2018Jueves independiente\u2019 de 2017 &#171; Reconoce MX\" \/>\n<meta property=\"og:description\" content=\"Aunque no lo parezca, cada recuento de fin de a\u00f1o es un ejercicio dif\u00edcil de realizar. Imaginen ustedes que semanalmente, &quot;religiosamente&quot;, tienen que ir eligiendo una rola que consideren novedosa y valiosa para compartir.\" \/>\n<meta property=\"og:url\" content=\"https:\/\/www.reconoce.mx\/?p=69080\" \/>\n<meta property=\"og:site_name\" content=\"Reconoce MX\" \/>\n<meta property=\"article:publisher\" content=\"https:\/\/es-la.facebook.com\/ReconoceMX\/\" \/>\n<meta property=\"article:published_time\" content=\"2017-12-28T06:04:59+00:00\" \/>\n<meta property=\"article:modified_time\" content=\"2018-12-27T06:30:09+00:00\" \/>\n<meta property=\"og:image\" content=\"https:\/\/www.reconoce.mx\/wp-content\/uploads\/2017\/12\/jueves-independientes.png\" \/>\n\t<meta property=\"og:image:width\" content=\"590\" \/>\n\t<meta property=\"og:image:height\" content=\"380\" \/>\n\t<meta property=\"og:image:type\" content=\"image\/png\" \/>\n<meta name=\"author\" content=\"Reconoce MX\" \/>\n<meta name=\"twitter:card\" content=\"summary_large_image\" \/>\n<meta name=\"twitter:creator\" content=\"@reconocemx\" \/>\n<meta name=\"twitter:site\" content=\"@reconocemx\" \/>\n<meta name=\"twitter:label1\" content=\"Escrito por\" \/>\n\t<meta name=\"twitter:data1\" content=\"Reconoce MX\" \/>\n\t<meta name=\"twitter:label2\" content=\"Tiempo de lectura\" \/>\n\t<meta name=\"twitter:data2\" content=\"6 minutos\" \/>\n<script type=\"application\/ld+json\" class=\"yoast-schema-graph\">{\"@context\":\"https:\/\/schema.org\",\"@graph\":[{\"@type\":\"Article\",\"@id\":\"https:\/\/www.reconoce.mx\/?p=69080#article\",\"isPartOf\":{\"@id\":\"https:\/\/www.reconoce.mx\/?p=69080\"},\"author\":{\"name\":\"Reconoce MX\",\"@id\":\"http:\/\/www.reconoce.mx\/#\/schema\/person\/2117e997d7051dc15d6880eaf9bca0b2\"},\"headline\":\"Mis CINCO \u2018Jueves independiente\u2019 de 2017\",\"datePublished\":\"2017-12-28T06:04:59+00:00\",\"dateModified\":\"2018-12-27T06:30:09+00:00\",\"mainEntityOfPage\":{\"@id\":\"https:\/\/www.reconoce.mx\/?p=69080\"},\"wordCount\":1161,\"commentCount\":0,\"publisher\":{\"@id\":\"http:\/\/www.reconoce.mx\/#organization\"},\"image\":{\"@id\":\"https:\/\/www.reconoce.mx\/?p=69080#primaryimage\"},\"thumbnailUrl\":\"http:\/\/www.reconoce.mx\/wp-content\/uploads\/2017\/12\/jueves-independientes.png\",\"articleSection\":[\"Cultura\",\"Jueves indie\",\"M\u00fasica\",\"Principal\"],\"inLanguage\":\"es\",\"potentialAction\":[{\"@type\":\"CommentAction\",\"name\":\"Comment\",\"target\":[\"https:\/\/www.reconoce.mx\/?p=69080#respond\"]}]},{\"@type\":\"WebPage\",\"@id\":\"https:\/\/www.reconoce.mx\/?p=69080\",\"url\":\"https:\/\/www.reconoce.mx\/?p=69080\",\"name\":\"Mis CINCO \u2018Jueves independiente\u2019 de 2017 &#171; Reconoce MX\",\"isPartOf\":{\"@id\":\"http:\/\/www.reconoce.mx\/#website\"},\"primaryImageOfPage\":{\"@id\":\"https:\/\/www.reconoce.mx\/?p=69080#primaryimage\"},\"image\":{\"@id\":\"https:\/\/www.reconoce.mx\/?p=69080#primaryimage\"},\"thumbnailUrl\":\"http:\/\/www.reconoce.mx\/wp-content\/uploads\/2017\/12\/jueves-independientes.png\",\"datePublished\":\"2017-12-28T06:04:59+00:00\",\"dateModified\":\"2018-12-27T06:30:09+00:00\",\"breadcrumb\":{\"@id\":\"https:\/\/www.reconoce.mx\/?p=69080#breadcrumb\"},\"inLanguage\":\"es\",\"potentialAction\":[{\"@type\":\"ReadAction\",\"target\":[\"https:\/\/www.reconoce.mx\/?p=69080\"]}]},{\"@type\":\"ImageObject\",\"inLanguage\":\"es\",\"@id\":\"https:\/\/www.reconoce.mx\/?p=69080#primaryimage\",\"url\":\"http:\/\/www.reconoce.mx\/wp-content\/uploads\/2017\/12\/jueves-independientes.png\",\"contentUrl\":\"http:\/\/www.reconoce.mx\/wp-content\/uploads\/2017\/12\/jueves-independientes.png\",\"width\":590,\"height\":380},{\"@type\":\"BreadcrumbList\",\"@id\":\"https:\/\/www.reconoce.mx\/?p=69080#breadcrumb\",\"itemListElement\":[{\"@type\":\"ListItem\",\"position\":1,\"name\":\"Portada\",\"item\":\"http:\/\/www.reconoce.mx\/\"},{\"@type\":\"ListItem\",\"position\":2,\"name\":\"Mis CINCO \u2018Jueves independiente\u2019 de 2017\"}]},{\"@type\":\"WebSite\",\"@id\":\"http:\/\/www.reconoce.mx\/#website\",\"url\":\"http:\/\/www.reconoce.mx\/\",\"name\":\"Reconoce MX\",\"description\":\"En Reconoce MX difundimos arte, cultura y conciencia social en M\u00e9xico. Tu ciudad en otra perspectiva.\",\"publisher\":{\"@id\":\"http:\/\/www.reconoce.mx\/#organization\"},\"potentialAction\":[{\"@type\":\"SearchAction\",\"target\":{\"@type\":\"EntryPoint\",\"urlTemplate\":\"http:\/\/www.reconoce.mx\/?s={search_term_string}\"},\"query-input\":{\"@type\":\"PropertyValueSpecification\",\"valueRequired\":true,\"valueName\":\"search_term_string\"}}],\"inLanguage\":\"es\"},{\"@type\":\"Organization\",\"@id\":\"http:\/\/www.reconoce.mx\/#organization\",\"name\":\"Reconoce MX\",\"url\":\"http:\/\/www.reconoce.mx\/\",\"logo\":{\"@type\":\"ImageObject\",\"inLanguage\":\"es\",\"@id\":\"http:\/\/www.reconoce.mx\/#\/schema\/logo\/image\/\",\"url\":\"https:\/\/www.reconoce.mx\/wp-content\/uploads\/2019\/03\/logorcmx-good-1.png\",\"contentUrl\":\"https:\/\/www.reconoce.mx\/wp-content\/uploads\/2019\/03\/logorcmx-good-1.png\",\"width\":280,\"height\":90,\"caption\":\"Reconoce MX\"},\"image\":{\"@id\":\"http:\/\/www.reconoce.mx\/#\/schema\/logo\/image\/\"},\"sameAs\":[\"https:\/\/es-la.facebook.com\/ReconoceMX\/\",\"https:\/\/x.com\/reconocemx\",\"http:\/\/@reconocemx\"]},{\"@type\":\"Person\",\"@id\":\"http:\/\/www.reconoce.mx\/#\/schema\/person\/2117e997d7051dc15d6880eaf9bca0b2\",\"name\":\"Reconoce MX\",\"image\":{\"@type\":\"ImageObject\",\"inLanguage\":\"es\",\"@id\":\"http:\/\/www.reconoce.mx\/#\/schema\/person\/image\/\",\"url\":\"https:\/\/secure.gravatar.com\/avatar\/6c8d4dc7569ca1c90c5fdcc349f839d5ddef6fe1e70b4337ead2ef1a4c43fc3a?s=96&d=identicon&r=g\",\"contentUrl\":\"https:\/\/secure.gravatar.com\/avatar\/6c8d4dc7569ca1c90c5fdcc349f839d5ddef6fe1e70b4337ead2ef1a4c43fc3a?s=96&d=identicon&r=g\",\"caption\":\"Reconoce MX\"},\"description\":\"Reconoce MX es un proyecto de difusi\u00f3n art\u00edstica, cultural y de conciencia social que est\u00e1 enfocado a difundir y fomentar el entretenimiento alternativo de calidad para todo el p\u00fablico que comparta el mismo entusiasmo.\",\"sameAs\":[\"http:\/\/www.reconoce.mx\"],\"url\":\"http:\/\/www.reconoce.mx\/?author=2\"}]}<\/script>\n<!-- \/ Yoast SEO plugin. -->","yoast_head_json":{"title":"Mis CINCO \u2018Jueves independiente\u2019 de 2017 &#171; Reconoce MX","robots":{"index":"index","follow":"follow","max-snippet":"max-snippet:-1","max-image-preview":"max-image-preview:large","max-video-preview":"max-video-preview:-1"},"canonical":"https:\/\/www.reconoce.mx\/?p=69080","og_locale":"es_ES","og_type":"article","og_title":"Mis CINCO \u2018Jueves independiente\u2019 de 2017 &#171; Reconoce MX","og_description":"Aunque no lo parezca, cada recuento de fin de a\u00f1o es un ejercicio dif\u00edcil de realizar. Imaginen ustedes que semanalmente, \"religiosamente\", tienen que ir eligiendo una rola que consideren novedosa y valiosa para compartir.","og_url":"https:\/\/www.reconoce.mx\/?p=69080","og_site_name":"Reconoce MX","article_publisher":"https:\/\/es-la.facebook.com\/ReconoceMX\/","article_published_time":"2017-12-28T06:04:59+00:00","article_modified_time":"2018-12-27T06:30:09+00:00","og_image":[{"width":590,"height":380,"url":"https:\/\/www.reconoce.mx\/wp-content\/uploads\/2017\/12\/jueves-independientes.png","type":"image\/png"}],"author":"Reconoce MX","twitter_card":"summary_large_image","twitter_creator":"@reconocemx","twitter_site":"@reconocemx","twitter_misc":{"Escrito por":"Reconoce MX","Tiempo de lectura":"6 minutos"},"schema":{"@context":"https:\/\/schema.org","@graph":[{"@type":"Article","@id":"https:\/\/www.reconoce.mx\/?p=69080#article","isPartOf":{"@id":"https:\/\/www.reconoce.mx\/?p=69080"},"author":{"name":"Reconoce MX","@id":"http:\/\/www.reconoce.mx\/#\/schema\/person\/2117e997d7051dc15d6880eaf9bca0b2"},"headline":"Mis CINCO \u2018Jueves independiente\u2019 de 2017","datePublished":"2017-12-28T06:04:59+00:00","dateModified":"2018-12-27T06:30:09+00:00","mainEntityOfPage":{"@id":"https:\/\/www.reconoce.mx\/?p=69080"},"wordCount":1161,"commentCount":0,"publisher":{"@id":"http:\/\/www.reconoce.mx\/#organization"},"image":{"@id":"https:\/\/www.reconoce.mx\/?p=69080#primaryimage"},"thumbnailUrl":"http:\/\/www.reconoce.mx\/wp-content\/uploads\/2017\/12\/jueves-independientes.png","articleSection":["Cultura","Jueves indie","M\u00fasica","Principal"],"inLanguage":"es","potentialAction":[{"@type":"CommentAction","name":"Comment","target":["https:\/\/www.reconoce.mx\/?p=69080#respond"]}]},{"@type":"WebPage","@id":"https:\/\/www.reconoce.mx\/?p=69080","url":"https:\/\/www.reconoce.mx\/?p=69080","name":"Mis CINCO \u2018Jueves independiente\u2019 de 2017 &#171; Reconoce MX","isPartOf":{"@id":"http:\/\/www.reconoce.mx\/#website"},"primaryImageOfPage":{"@id":"https:\/\/www.reconoce.mx\/?p=69080#primaryimage"},"image":{"@id":"https:\/\/www.reconoce.mx\/?p=69080#primaryimage"},"thumbnailUrl":"http:\/\/www.reconoce.mx\/wp-content\/uploads\/2017\/12\/jueves-independientes.png","datePublished":"2017-12-28T06:04:59+00:00","dateModified":"2018-12-27T06:30:09+00:00","breadcrumb":{"@id":"https:\/\/www.reconoce.mx\/?p=69080#breadcrumb"},"inLanguage":"es","potentialAction":[{"@type":"ReadAction","target":["https:\/\/www.reconoce.mx\/?p=69080"]}]},{"@type":"ImageObject","inLanguage":"es","@id":"https:\/\/www.reconoce.mx\/?p=69080#primaryimage","url":"http:\/\/www.reconoce.mx\/wp-content\/uploads\/2017\/12\/jueves-independientes.png","contentUrl":"http:\/\/www.reconoce.mx\/wp-content\/uploads\/2017\/12\/jueves-independientes.png","width":590,"height":380},{"@type":"BreadcrumbList","@id":"https:\/\/www.reconoce.mx\/?p=69080#breadcrumb","itemListElement":[{"@type":"ListItem","position":1,"name":"Portada","item":"http:\/\/www.reconoce.mx\/"},{"@type":"ListItem","position":2,"name":"Mis CINCO \u2018Jueves independiente\u2019 de 2017"}]},{"@type":"WebSite","@id":"http:\/\/www.reconoce.mx\/#website","url":"http:\/\/www.reconoce.mx\/","name":"Reconoce MX","description":"En Reconoce MX difundimos arte, cultura y conciencia social en M\u00e9xico. Tu ciudad en otra perspectiva.","publisher":{"@id":"http:\/\/www.reconoce.mx\/#organization"},"potentialAction":[{"@type":"SearchAction","target":{"@type":"EntryPoint","urlTemplate":"http:\/\/www.reconoce.mx\/?s={search_term_string}"},"query-input":{"@type":"PropertyValueSpecification","valueRequired":true,"valueName":"search_term_string"}}],"inLanguage":"es"},{"@type":"Organization","@id":"http:\/\/www.reconoce.mx\/#organization","name":"Reconoce MX","url":"http:\/\/www.reconoce.mx\/","logo":{"@type":"ImageObject","inLanguage":"es","@id":"http:\/\/www.reconoce.mx\/#\/schema\/logo\/image\/","url":"https:\/\/www.reconoce.mx\/wp-content\/uploads\/2019\/03\/logorcmx-good-1.png","contentUrl":"https:\/\/www.reconoce.mx\/wp-content\/uploads\/2019\/03\/logorcmx-good-1.png","width":280,"height":90,"caption":"Reconoce MX"},"image":{"@id":"http:\/\/www.reconoce.mx\/#\/schema\/logo\/image\/"},"sameAs":["https:\/\/es-la.facebook.com\/ReconoceMX\/","https:\/\/x.com\/reconocemx","http:\/\/@reconocemx"]},{"@type":"Person","@id":"http:\/\/www.reconoce.mx\/#\/schema\/person\/2117e997d7051dc15d6880eaf9bca0b2","name":"Reconoce MX","image":{"@type":"ImageObject","inLanguage":"es","@id":"http:\/\/www.reconoce.mx\/#\/schema\/person\/image\/","url":"https:\/\/secure.gravatar.com\/avatar\/6c8d4dc7569ca1c90c5fdcc349f839d5ddef6fe1e70b4337ead2ef1a4c43fc3a?s=96&d=identicon&r=g","contentUrl":"https:\/\/secure.gravatar.com\/avatar\/6c8d4dc7569ca1c90c5fdcc349f839d5ddef6fe1e70b4337ead2ef1a4c43fc3a?s=96&d=identicon&r=g","caption":"Reconoce MX"},"description":"Reconoce MX es un proyecto de difusi\u00f3n art\u00edstica, cultural y de conciencia social que est\u00e1 enfocado a difundir y fomentar el entretenimiento alternativo de calidad para todo el p\u00fablico que comparta el mismo entusiasmo.","sameAs":["http:\/\/www.reconoce.mx"],"url":"http:\/\/www.reconoce.mx\/?author=2"}]}},"_links":{"self":[{"href":"http:\/\/www.reconoce.mx\/index.php?rest_route=\/wp\/v2\/posts\/69080","targetHints":{"allow":["GET"]}}],"collection":[{"href":"http:\/\/www.reconoce.mx\/index.php?rest_route=\/wp\/v2\/posts"}],"about":[{"href":"http:\/\/www.reconoce.mx\/index.php?rest_route=\/wp\/v2\/types\/post"}],"author":[{"embeddable":true,"href":"http:\/\/www.reconoce.mx\/index.php?rest_route=\/wp\/v2\/users\/2"}],"replies":[{"embeddable":true,"href":"http:\/\/www.reconoce.mx\/index.php?rest_route=%2Fwp%2Fv2%2Fcomments&post=69080"}],"version-history":[{"count":7,"href":"http:\/\/www.reconoce.mx\/index.php?rest_route=\/wp\/v2\/posts\/69080\/revisions"}],"predecessor-version":[{"id":79373,"href":"http:\/\/www.reconoce.mx\/index.php?rest_route=\/wp\/v2\/posts\/69080\/revisions\/79373"}],"wp:featuredmedia":[{"embeddable":true,"href":"http:\/\/www.reconoce.mx\/index.php?rest_route=\/wp\/v2\/media\/69064"}],"wp:attachment":[{"href":"http:\/\/www.reconoce.mx\/index.php?rest_route=%2Fwp%2Fv2%2Fmedia&parent=69080"}],"wp:term":[{"taxonomy":"category","embeddable":true,"href":"http:\/\/www.reconoce.mx\/index.php?rest_route=%2Fwp%2Fv2%2Fcategories&post=69080"},{"taxonomy":"post_tag","embeddable":true,"href":"http:\/\/www.reconoce.mx\/index.php?rest_route=%2Fwp%2Fv2%2Ftags&post=69080"}],"curies":[{"name":"wp","href":"https:\/\/api.w.org\/{rel}","templated":true}]}}