{"id":69105,"date":"2017-12-29T00:02:24","date_gmt":"2017-12-29T06:02:24","guid":{"rendered":"http:\/\/www.reconoce.mx\/?p=69105"},"modified":"2017-12-28T23:31:40","modified_gmt":"2017-12-29T05:31:40","slug":"amy-lives-concierto-inspirado-en-la-musica-de-amy-winehouse-en-mexico","status":"publish","type":"post","link":"http:\/\/www.reconoce.mx\/?p=69105","title":{"rendered":"Amy Lives, concierto inspirado en la m\u00fasica de Amy Winehouse en M\u00e9xico"},"content":{"rendered":"<p><strong>Por <a title=\"@AsfaltosTweets\" href=\"http:\/\/twitter.com\/AsfaltosTweets\" target=\"_blank\" rel=\"noopener noreferrer\" data-slimstat-type=\"0\" data-slimstat-callback=\"false\" data-slimstat-tracking=\"true\">Asfaltos<\/a><\/strong>.<\/p>\n<p>En una celebraci\u00f3n a la m\u00fasica de <strong>Amy Winehouse<\/strong>, los m\u00fasicos originales de su entonces banda presentar\u00e1n en M\u00e9xico el espect\u00e1culo <strong>Amy Lives<\/strong>. Ser\u00e1n dos conciertos, uno en Ciudad de M\u00e9xico y otro en Guadalajara, Jalisco; adem\u00e1s, el tecladista y vocalista de Amy (adem\u00e1s de l\u00edder del proyecto), <strong>Xanton\u00e9 Blacq<\/strong>, ofrecer\u00e1 una Master Class.<\/p>\n<p><a href=\"http:\/\/www.reconoce.mx\/wp-content\/uploads\/2017\/12\/AMY-CARTEL.jpg\"><img loading=\"lazy\" decoding=\"async\" class=\"aligncenter size-full wp-image-69106\" src=\"http:\/\/www.reconoce.mx\/wp-content\/uploads\/2017\/12\/AMY-CARTEL.jpg\" alt=\"\" width=\"1200\" height=\"849\" srcset=\"http:\/\/www.reconoce.mx\/wp-content\/uploads\/2017\/12\/AMY-CARTEL.jpg 1200w, http:\/\/www.reconoce.mx\/wp-content\/uploads\/2017\/12\/AMY-CARTEL-300x212.jpg 300w, http:\/\/www.reconoce.mx\/wp-content\/uploads\/2017\/12\/AMY-CARTEL-768x543.jpg 768w, http:\/\/www.reconoce.mx\/wp-content\/uploads\/2017\/12\/AMY-CARTEL-1024x724.jpg 1024w, http:\/\/www.reconoce.mx\/wp-content\/uploads\/2017\/12\/AMY-CARTEL-150x106.jpg 150w, http:\/\/www.reconoce.mx\/wp-content\/uploads\/2017\/12\/AMY-CARTEL-700x495.jpg 700w, http:\/\/www.reconoce.mx\/wp-content\/uploads\/2017\/12\/AMY-CARTEL-658x466.jpg 658w\" sizes=\"auto, (max-width: 1200px) 100vw, 1200px\" \/><\/a><\/p>\n<p><strong>Xanton\u00e9 Blacq<\/strong>, tecladista y vocalista original de la banda que acompa\u00f1aba a <strong>Amy Winehouse<\/strong>, es el responsable de <strong>Amy Lives<\/strong>, proyecto que presenta una evoluci\u00f3n en la m\u00fasica de una de las mejores cantantes de la m\u00fasica contempor\u00e1nea. Acompa\u00f1ado de algunos miembros originales de la banda, quienes han desarrollado y ampliado las composiciones de Winehouse, <strong>Amy Lives<\/strong> es un proyecto ins\u00f3lito en su g\u00e9nero.<\/p>\n<p>No, <strong>Amy Lives<\/strong> no busca ser un tributo m\u00e1s al legado de <strong>Amy Winehouse<\/strong>, sino un proyecto que va m\u00e1s all\u00e1. Los miembros de la banda tienen una gran trayectoria y experiencia sobre los escenarios, puesto que han girado, adem\u00e1s de con <strong>Amy Winehouse<\/strong>, con artistas de alto nivel internacionalmente como: Mark Ronson, Tom Jones, Lionel Richie, Tina Turner y Jamiroquai, por mencionar algunos.<\/p>\n<p>La primer y \u00fanica funci\u00f3n en Ciudad de M\u00e9xico se realizar\u00e1 el s\u00e1bado 24 de marzo de 2018, dentro de la <strong>Sala Silvestre Revueltas<\/strong> en el <strong>Centro Cultural Ollin Yoliztli<\/strong>; para el d\u00eda siguiente, el d\u00eda domingo 25 de marzo, se presentar\u00e1n en Guadalajara, Jalisco, en un venue a\u00fan por confirmarse.<\/p>\n<p>Los boletos (secci\u00f3n A $450.00; secci\u00f3n B $550.00; secci\u00f3n C $650.00; meet &amp; greet $850.00 limitado a 50 personas) est\u00e1n a la venta a trav\u00e9s de <a href=\"https:\/\/amy-lives-ciudad-de-mxico.boletia.com\/\" target=\"_blank\" rel=\"noopener\"><strong>Boletia<\/strong><\/a> (m\u00e1s cargos por servicio). Los detalles de la Master Class de<strong> Xanton\u00e9 Blacq<\/strong> se dar\u00e1n a conocer en pr\u00f3ximos d\u00edas; pronto m\u00e1s informaci\u00f3n. Estar al pendientes del <a href=\"https:\/\/www.facebook.com\/events\/556846827989466\/\" target=\"_blank\" rel=\"noopener\">evento en Facebook<\/a>.<\/p>\n<p style=\"text-align: right;\">Con informaci\u00f3n e im\u00e1genes cortes\u00eda de<strong> DEC Producciones<\/strong>.<\/p>\n<p>&nbsp;<\/p>\n<p>&nbsp;<\/p>\n","protected":false},"excerpt":{"rendered":"<p>En una celebraci\u00f3n a la m\u00fasica de Amy Winehouse, los m\u00fasicos originales de su entonces banda presentar\u00e1n en M\u00e9xico el espect\u00e1culo Amy Lives.<\/p>\n","protected":false},"author":2,"featured_media":69107,"comment_status":"open","ping_status":"open","sticky":false,"template":"","format":"standard","meta":{"footnotes":""},"categories":[1,18,17],"tags":[],"class_list":["post-69105","post","type-post","status-publish","format-standard","has-post-thumbnail","hentry","category-cultura","category-musica","category-principal"],"yoast_head":"<!-- This site is optimized with the Yoast SEO plugin v24.7 - https:\/\/yoast.com\/wordpress\/plugins\/seo\/ -->\n<title>Amy Lives, concierto inspirado en la m\u00fasica de Amy Winehouse en M\u00e9xico &#171; Reconoce MX<\/title>\n<meta name=\"robots\" content=\"index, follow, max-snippet:-1, max-image-preview:large, max-video-preview:-1\" \/>\n<link rel=\"canonical\" href=\"http:\/\/www.reconoce.mx\/?p=69105\" \/>\n<meta property=\"og:locale\" content=\"es_ES\" \/>\n<meta property=\"og:type\" content=\"article\" \/>\n<meta property=\"og:title\" content=\"Amy Lives, concierto inspirado en la m\u00fasica de Amy Winehouse en M\u00e9xico &#171; Reconoce MX\" \/>\n<meta property=\"og:description\" content=\"En una celebraci\u00f3n a la m\u00fasica de Amy Winehouse, los m\u00fasicos originales de su entonces banda presentar\u00e1n en M\u00e9xico el espect\u00e1culo Amy Lives.\" \/>\n<meta property=\"og:url\" content=\"http:\/\/www.reconoce.mx\/?p=69105\" \/>\n<meta property=\"og:site_name\" content=\"Reconoce MX\" \/>\n<meta property=\"article:publisher\" content=\"https:\/\/es-la.facebook.com\/ReconoceMX\/\" \/>\n<meta property=\"article:published_time\" content=\"2017-12-29T06:02:24+00:00\" \/>\n<meta property=\"og:image\" content=\"http:\/\/www.reconoce.mx\/wp-content\/uploads\/2017\/12\/amy-live.png\" \/>\n\t<meta property=\"og:image:width\" content=\"590\" \/>\n\t<meta property=\"og:image:height\" content=\"380\" \/>\n\t<meta property=\"og:image:type\" content=\"image\/png\" \/>\n<meta name=\"author\" content=\"Reconoce MX\" \/>\n<meta name=\"twitter:card\" content=\"summary_large_image\" \/>\n<meta name=\"twitter:creator\" content=\"@reconocemx\" \/>\n<meta name=\"twitter:site\" content=\"@reconocemx\" \/>\n<meta name=\"twitter:label1\" content=\"Escrito por\" \/>\n\t<meta name=\"twitter:data1\" content=\"Reconoce MX\" \/>\n\t<meta name=\"twitter:label2\" content=\"Tiempo de lectura\" \/>\n\t<meta name=\"twitter:data2\" content=\"2 minutos\" \/>\n<script type=\"application\/ld+json\" class=\"yoast-schema-graph\">{\"@context\":\"https:\/\/schema.org\",\"@graph\":[{\"@type\":\"Article\",\"@id\":\"http:\/\/www.reconoce.mx\/?p=69105#article\",\"isPartOf\":{\"@id\":\"http:\/\/www.reconoce.mx\/?p=69105\"},\"author\":{\"name\":\"Reconoce MX\",\"@id\":\"http:\/\/www.reconoce.mx\/#\/schema\/person\/2117e997d7051dc15d6880eaf9bca0b2\"},\"headline\":\"Amy Lives, concierto inspirado en la m\u00fasica de Amy Winehouse en M\u00e9xico\",\"datePublished\":\"2017-12-29T06:02:24+00:00\",\"mainEntityOfPage\":{\"@id\":\"http:\/\/www.reconoce.mx\/?p=69105\"},\"wordCount\":351,\"commentCount\":0,\"publisher\":{\"@id\":\"http:\/\/www.reconoce.mx\/#organization\"},\"image\":{\"@id\":\"http:\/\/www.reconoce.mx\/?p=69105#primaryimage\"},\"thumbnailUrl\":\"http:\/\/www.reconoce.mx\/wp-content\/uploads\/2017\/12\/amy-live.png\",\"articleSection\":[\"Cultura\",\"M\u00fasica\",\"Principal\"],\"inLanguage\":\"es\",\"potentialAction\":[{\"@type\":\"CommentAction\",\"name\":\"Comment\",\"target\":[\"http:\/\/www.reconoce.mx\/?p=69105#respond\"]}]},{\"@type\":\"WebPage\",\"@id\":\"http:\/\/www.reconoce.mx\/?p=69105\",\"url\":\"http:\/\/www.reconoce.mx\/?p=69105\",\"name\":\"Amy Lives, concierto inspirado en la m\u00fasica de Amy Winehouse en M\u00e9xico &#171; Reconoce MX\",\"isPartOf\":{\"@id\":\"http:\/\/www.reconoce.mx\/#website\"},\"primaryImageOfPage\":{\"@id\":\"http:\/\/www.reconoce.mx\/?p=69105#primaryimage\"},\"image\":{\"@id\":\"http:\/\/www.reconoce.mx\/?p=69105#primaryimage\"},\"thumbnailUrl\":\"http:\/\/www.reconoce.mx\/wp-content\/uploads\/2017\/12\/amy-live.png\",\"datePublished\":\"2017-12-29T06:02:24+00:00\",\"breadcrumb\":{\"@id\":\"http:\/\/www.reconoce.mx\/?p=69105#breadcrumb\"},\"inLanguage\":\"es\",\"potentialAction\":[{\"@type\":\"ReadAction\",\"target\":[\"http:\/\/www.reconoce.mx\/?p=69105\"]}]},{\"@type\":\"ImageObject\",\"inLanguage\":\"es\",\"@id\":\"http:\/\/www.reconoce.mx\/?p=69105#primaryimage\",\"url\":\"http:\/\/www.reconoce.mx\/wp-content\/uploads\/2017\/12\/amy-live.png\",\"contentUrl\":\"http:\/\/www.reconoce.mx\/wp-content\/uploads\/2017\/12\/amy-live.png\",\"width\":590,\"height\":380},{\"@type\":\"BreadcrumbList\",\"@id\":\"http:\/\/www.reconoce.mx\/?p=69105#breadcrumb\",\"itemListElement\":[{\"@type\":\"ListItem\",\"position\":1,\"name\":\"Portada\",\"item\":\"http:\/\/www.reconoce.mx\/\"},{\"@type\":\"ListItem\",\"position\":2,\"name\":\"Amy Lives, concierto inspirado en la m\u00fasica de Amy Winehouse en M\u00e9xico\"}]},{\"@type\":\"WebSite\",\"@id\":\"http:\/\/www.reconoce.mx\/#website\",\"url\":\"http:\/\/www.reconoce.mx\/\",\"name\":\"Reconoce MX\",\"description\":\"En Reconoce MX difundimos arte, cultura y conciencia social en M\u00e9xico. Tu ciudad en otra perspectiva.\",\"publisher\":{\"@id\":\"http:\/\/www.reconoce.mx\/#organization\"},\"potentialAction\":[{\"@type\":\"SearchAction\",\"target\":{\"@type\":\"EntryPoint\",\"urlTemplate\":\"http:\/\/www.reconoce.mx\/?s={search_term_string}\"},\"query-input\":{\"@type\":\"PropertyValueSpecification\",\"valueRequired\":true,\"valueName\":\"search_term_string\"}}],\"inLanguage\":\"es\"},{\"@type\":\"Organization\",\"@id\":\"http:\/\/www.reconoce.mx\/#organization\",\"name\":\"Reconoce MX\",\"url\":\"http:\/\/www.reconoce.mx\/\",\"logo\":{\"@type\":\"ImageObject\",\"inLanguage\":\"es\",\"@id\":\"http:\/\/www.reconoce.mx\/#\/schema\/logo\/image\/\",\"url\":\"https:\/\/www.reconoce.mx\/wp-content\/uploads\/2019\/03\/logorcmx-good-1.png\",\"contentUrl\":\"https:\/\/www.reconoce.mx\/wp-content\/uploads\/2019\/03\/logorcmx-good-1.png\",\"width\":280,\"height\":90,\"caption\":\"Reconoce MX\"},\"image\":{\"@id\":\"http:\/\/www.reconoce.mx\/#\/schema\/logo\/image\/\"},\"sameAs\":[\"https:\/\/es-la.facebook.com\/ReconoceMX\/\",\"https:\/\/x.com\/reconocemx\",\"http:\/\/@reconocemx\"]},{\"@type\":\"Person\",\"@id\":\"http:\/\/www.reconoce.mx\/#\/schema\/person\/2117e997d7051dc15d6880eaf9bca0b2\",\"name\":\"Reconoce MX\",\"image\":{\"@type\":\"ImageObject\",\"inLanguage\":\"es\",\"@id\":\"http:\/\/www.reconoce.mx\/#\/schema\/person\/image\/\",\"url\":\"https:\/\/secure.gravatar.com\/avatar\/6c8d4dc7569ca1c90c5fdcc349f839d5ddef6fe1e70b4337ead2ef1a4c43fc3a?s=96&d=identicon&r=g\",\"contentUrl\":\"https:\/\/secure.gravatar.com\/avatar\/6c8d4dc7569ca1c90c5fdcc349f839d5ddef6fe1e70b4337ead2ef1a4c43fc3a?s=96&d=identicon&r=g\",\"caption\":\"Reconoce MX\"},\"description\":\"Reconoce MX es un proyecto de difusi\u00f3n art\u00edstica, cultural y de conciencia social que est\u00e1 enfocado a difundir y fomentar el entretenimiento alternativo de calidad para todo el p\u00fablico que comparta el mismo entusiasmo.\",\"sameAs\":[\"http:\/\/www.reconoce.mx\"],\"url\":\"http:\/\/www.reconoce.mx\/?author=2\"}]}<\/script>\n<!-- \/ Yoast SEO plugin. -->","yoast_head_json":{"title":"Amy Lives, concierto inspirado en la m\u00fasica de Amy Winehouse en M\u00e9xico &#171; Reconoce MX","robots":{"index":"index","follow":"follow","max-snippet":"max-snippet:-1","max-image-preview":"max-image-preview:large","max-video-preview":"max-video-preview:-1"},"canonical":"http:\/\/www.reconoce.mx\/?p=69105","og_locale":"es_ES","og_type":"article","og_title":"Amy Lives, concierto inspirado en la m\u00fasica de Amy Winehouse en M\u00e9xico &#171; Reconoce MX","og_description":"En una celebraci\u00f3n a la m\u00fasica de Amy Winehouse, los m\u00fasicos originales de su entonces banda presentar\u00e1n en M\u00e9xico el espect\u00e1culo Amy Lives.","og_url":"http:\/\/www.reconoce.mx\/?p=69105","og_site_name":"Reconoce MX","article_publisher":"https:\/\/es-la.facebook.com\/ReconoceMX\/","article_published_time":"2017-12-29T06:02:24+00:00","og_image":[{"width":590,"height":380,"url":"http:\/\/www.reconoce.mx\/wp-content\/uploads\/2017\/12\/amy-live.png","type":"image\/png"}],"author":"Reconoce MX","twitter_card":"summary_large_image","twitter_creator":"@reconocemx","twitter_site":"@reconocemx","twitter_misc":{"Escrito por":"Reconoce MX","Tiempo de lectura":"2 minutos"},"schema":{"@context":"https:\/\/schema.org","@graph":[{"@type":"Article","@id":"http:\/\/www.reconoce.mx\/?p=69105#article","isPartOf":{"@id":"http:\/\/www.reconoce.mx\/?p=69105"},"author":{"name":"Reconoce MX","@id":"http:\/\/www.reconoce.mx\/#\/schema\/person\/2117e997d7051dc15d6880eaf9bca0b2"},"headline":"Amy Lives, concierto inspirado en la m\u00fasica de Amy Winehouse en M\u00e9xico","datePublished":"2017-12-29T06:02:24+00:00","mainEntityOfPage":{"@id":"http:\/\/www.reconoce.mx\/?p=69105"},"wordCount":351,"commentCount":0,"publisher":{"@id":"http:\/\/www.reconoce.mx\/#organization"},"image":{"@id":"http:\/\/www.reconoce.mx\/?p=69105#primaryimage"},"thumbnailUrl":"http:\/\/www.reconoce.mx\/wp-content\/uploads\/2017\/12\/amy-live.png","articleSection":["Cultura","M\u00fasica","Principal"],"inLanguage":"es","potentialAction":[{"@type":"CommentAction","name":"Comment","target":["http:\/\/www.reconoce.mx\/?p=69105#respond"]}]},{"@type":"WebPage","@id":"http:\/\/www.reconoce.mx\/?p=69105","url":"http:\/\/www.reconoce.mx\/?p=69105","name":"Amy Lives, concierto inspirado en la m\u00fasica de Amy Winehouse en M\u00e9xico &#171; Reconoce MX","isPartOf":{"@id":"http:\/\/www.reconoce.mx\/#website"},"primaryImageOfPage":{"@id":"http:\/\/www.reconoce.mx\/?p=69105#primaryimage"},"image":{"@id":"http:\/\/www.reconoce.mx\/?p=69105#primaryimage"},"thumbnailUrl":"http:\/\/www.reconoce.mx\/wp-content\/uploads\/2017\/12\/amy-live.png","datePublished":"2017-12-29T06:02:24+00:00","breadcrumb":{"@id":"http:\/\/www.reconoce.mx\/?p=69105#breadcrumb"},"inLanguage":"es","potentialAction":[{"@type":"ReadAction","target":["http:\/\/www.reconoce.mx\/?p=69105"]}]},{"@type":"ImageObject","inLanguage":"es","@id":"http:\/\/www.reconoce.mx\/?p=69105#primaryimage","url":"http:\/\/www.reconoce.mx\/wp-content\/uploads\/2017\/12\/amy-live.png","contentUrl":"http:\/\/www.reconoce.mx\/wp-content\/uploads\/2017\/12\/amy-live.png","width":590,"height":380},{"@type":"BreadcrumbList","@id":"http:\/\/www.reconoce.mx\/?p=69105#breadcrumb","itemListElement":[{"@type":"ListItem","position":1,"name":"Portada","item":"http:\/\/www.reconoce.mx\/"},{"@type":"ListItem","position":2,"name":"Amy Lives, concierto inspirado en la m\u00fasica de Amy Winehouse en M\u00e9xico"}]},{"@type":"WebSite","@id":"http:\/\/www.reconoce.mx\/#website","url":"http:\/\/www.reconoce.mx\/","name":"Reconoce MX","description":"En Reconoce MX difundimos arte, cultura y conciencia social en M\u00e9xico. Tu ciudad en otra perspectiva.","publisher":{"@id":"http:\/\/www.reconoce.mx\/#organization"},"potentialAction":[{"@type":"SearchAction","target":{"@type":"EntryPoint","urlTemplate":"http:\/\/www.reconoce.mx\/?s={search_term_string}"},"query-input":{"@type":"PropertyValueSpecification","valueRequired":true,"valueName":"search_term_string"}}],"inLanguage":"es"},{"@type":"Organization","@id":"http:\/\/www.reconoce.mx\/#organization","name":"Reconoce MX","url":"http:\/\/www.reconoce.mx\/","logo":{"@type":"ImageObject","inLanguage":"es","@id":"http:\/\/www.reconoce.mx\/#\/schema\/logo\/image\/","url":"https:\/\/www.reconoce.mx\/wp-content\/uploads\/2019\/03\/logorcmx-good-1.png","contentUrl":"https:\/\/www.reconoce.mx\/wp-content\/uploads\/2019\/03\/logorcmx-good-1.png","width":280,"height":90,"caption":"Reconoce MX"},"image":{"@id":"http:\/\/www.reconoce.mx\/#\/schema\/logo\/image\/"},"sameAs":["https:\/\/es-la.facebook.com\/ReconoceMX\/","https:\/\/x.com\/reconocemx","http:\/\/@reconocemx"]},{"@type":"Person","@id":"http:\/\/www.reconoce.mx\/#\/schema\/person\/2117e997d7051dc15d6880eaf9bca0b2","name":"Reconoce MX","image":{"@type":"ImageObject","inLanguage":"es","@id":"http:\/\/www.reconoce.mx\/#\/schema\/person\/image\/","url":"https:\/\/secure.gravatar.com\/avatar\/6c8d4dc7569ca1c90c5fdcc349f839d5ddef6fe1e70b4337ead2ef1a4c43fc3a?s=96&d=identicon&r=g","contentUrl":"https:\/\/secure.gravatar.com\/avatar\/6c8d4dc7569ca1c90c5fdcc349f839d5ddef6fe1e70b4337ead2ef1a4c43fc3a?s=96&d=identicon&r=g","caption":"Reconoce MX"},"description":"Reconoce MX es un proyecto de difusi\u00f3n art\u00edstica, cultural y de conciencia social que est\u00e1 enfocado a difundir y fomentar el entretenimiento alternativo de calidad para todo el p\u00fablico que comparta el mismo entusiasmo.","sameAs":["http:\/\/www.reconoce.mx"],"url":"http:\/\/www.reconoce.mx\/?author=2"}]}},"_links":{"self":[{"href":"http:\/\/www.reconoce.mx\/index.php?rest_route=\/wp\/v2\/posts\/69105","targetHints":{"allow":["GET"]}}],"collection":[{"href":"http:\/\/www.reconoce.mx\/index.php?rest_route=\/wp\/v2\/posts"}],"about":[{"href":"http:\/\/www.reconoce.mx\/index.php?rest_route=\/wp\/v2\/types\/post"}],"author":[{"embeddable":true,"href":"http:\/\/www.reconoce.mx\/index.php?rest_route=\/wp\/v2\/users\/2"}],"replies":[{"embeddable":true,"href":"http:\/\/www.reconoce.mx\/index.php?rest_route=%2Fwp%2Fv2%2Fcomments&post=69105"}],"version-history":[{"count":3,"href":"http:\/\/www.reconoce.mx\/index.php?rest_route=\/wp\/v2\/posts\/69105\/revisions"}],"predecessor-version":[{"id":69110,"href":"http:\/\/www.reconoce.mx\/index.php?rest_route=\/wp\/v2\/posts\/69105\/revisions\/69110"}],"wp:featuredmedia":[{"embeddable":true,"href":"http:\/\/www.reconoce.mx\/index.php?rest_route=\/wp\/v2\/media\/69107"}],"wp:attachment":[{"href":"http:\/\/www.reconoce.mx\/index.php?rest_route=%2Fwp%2Fv2%2Fmedia&parent=69105"}],"wp:term":[{"taxonomy":"category","embeddable":true,"href":"http:\/\/www.reconoce.mx\/index.php?rest_route=%2Fwp%2Fv2%2Fcategories&post=69105"},{"taxonomy":"post_tag","embeddable":true,"href":"http:\/\/www.reconoce.mx\/index.php?rest_route=%2Fwp%2Fv2%2Ftags&post=69105"}],"curies":[{"name":"wp","href":"https:\/\/api.w.org\/{rel}","templated":true}]}}