{"id":69142,"date":"2017-12-29T00:03:15","date_gmt":"2017-12-29T06:03:15","guid":{"rendered":"http:\/\/www.reconoce.mx\/?p=69142"},"modified":"2017-12-28T23:32:24","modified_gmt":"2017-12-29T05:32:24","slug":"ultra-music-festival-mexico-anuncia-fechas-para-su-edicion-2018","status":"publish","type":"post","link":"http:\/\/www.reconoce.mx\/?p=69142","title":{"rendered":"Ultra Music Festival Mexico anuncia fechas para su edici\u00f3n 2018"},"content":{"rendered":"<p><strong> Por <a title=\"@AsfaltosTweets\" href=\"http:\/\/twitter.com\/AsfaltosTweets\" target=\"_blank\" rel=\"noopener noreferrer\" data-slimstat-type=\"0\" data-slimstat-callback=\"false\" data-slimstat-tracking=\"true\">Asfaltos<\/a><\/strong>.<\/p>\n<p>Uno de nuestros festivales de m\u00fasica favoritos, el<a href=\"http:\/\/www.reconoce.mx\/ultra-music-festival-mexico-2017-asi-lo-vivimos\/\" target=\"_blank\" rel=\"noopener\"><strong> Ultra Music Festival M\u00e9xico<\/strong><\/a>, regresar\u00e1 para 2018 y ya tiene fechas. Despu\u00e9s de su emocionante primera edici\u00f3n, <strong>Ultra Music Festival M\u00e9xico<\/strong> regresar\u00e1 al<strong> Foro Pegaso<\/strong>. Boletos ya a la venta.<\/p>\n<p><a href=\"http:\/\/www.reconoce.mx\/wp-content\/uploads\/2017\/12\/ULTRA-MEXICO-2018-CARTEL-INICIO.jpg\"><img loading=\"lazy\" decoding=\"async\" class=\"aligncenter size-full wp-image-69144\" src=\"http:\/\/www.reconoce.mx\/wp-content\/uploads\/2017\/12\/ULTRA-MEXICO-2018-CARTEL-INICIO.jpg\" alt=\"\" width=\"768\" height=\"960\" srcset=\"http:\/\/www.reconoce.mx\/wp-content\/uploads\/2017\/12\/ULTRA-MEXICO-2018-CARTEL-INICIO.jpg 768w, http:\/\/www.reconoce.mx\/wp-content\/uploads\/2017\/12\/ULTRA-MEXICO-2018-CARTEL-INICIO-240x300.jpg 240w, http:\/\/www.reconoce.mx\/wp-content\/uploads\/2017\/12\/ULTRA-MEXICO-2018-CARTEL-INICIO-150x188.jpg 150w, http:\/\/www.reconoce.mx\/wp-content\/uploads\/2017\/12\/ULTRA-MEXICO-2018-CARTEL-INICIO-700x875.jpg 700w, http:\/\/www.reconoce.mx\/wp-content\/uploads\/2017\/12\/ULTRA-MEXICO-2018-CARTEL-INICIO-658x823.jpg 658w, http:\/\/www.reconoce.mx\/wp-content\/uploads\/2017\/12\/ULTRA-MEXICO-2018-CARTEL-INICIO-300x375.jpg 300w\" sizes=\"auto, (max-width: 768px) 100vw, 768px\" \/><\/a><\/p>\n<p>El festival internacional de m\u00fasica electr\u00f3nica m\u00e1s importante del mundo, anunci\u00f3 que ya tiene programada la fecha para su segunda edici\u00f3n en nuestro pa\u00eds. Ser\u00e1n los d\u00edas s\u00e1bado 13 y domingo 14 de octubre de 2018 cuando se lleve a cabo el <strong>Ultra Music Festival M\u00e9xico<\/strong> en el <strong>Foro Pegaso<\/strong>.<\/p>\n<p>En su primer edici\u00f3n, el <strong>Ultra Music Festival M\u00e9xico<\/strong> reuni\u00f3 m\u00e1s de 165 mil asistentes que disfrutaron de 4 escenarios y m\u00e1s de 70 djs internacionales como Martin Garrix, Armin van Buren, Alesso, Set Troxler, Dash Berl\u00edn, Dub Fire, Richie Hawtin y Kshmr, entre otros.<\/p>\n<p>Los boletos para <strong>Ultra Music Festival Mexico<\/strong> est\u00e1n ya a la venta a trav\u00e9s de <a href=\"http:\/\/web.superboletos.com:8001\/SuperBoletos\/index.do\" target=\"_blank\" rel=\"noopener\"><strong>S\u00faper Boletos<\/strong><\/a>. Para m\u00e1s informaci\u00f3n consulta el <a href=\"https:\/\/umfmexico.com\/es\/\" target=\"_blank\" rel=\"noopener\">sitio oficial del festival<\/a>.<\/p>\n<p style=\"text-align: right;\">Con informaci\u00f3n cortes\u00eda de <strong>Ultra Music Festival Mexico<\/strong>.<\/p>\n<p>&nbsp;<\/p>\n<p>&nbsp;<\/p>\n","protected":false},"excerpt":{"rendered":"<p>Uno de nuestros festivales de m\u00fasica favoritos, el Ultra Music Festival M\u00e9xico, regresar\u00e1 para 2018 y ya tiene fechas. Despu\u00e9s de su emocionante primer edici\u00f3n, Ultra Music Festival M\u00e9xico regresar\u00e1 al Foro Pegaso. Boletos ya a la venta.<\/p>\n","protected":false},"author":2,"featured_media":69143,"comment_status":"open","ping_status":"open","sticky":false,"template":"","format":"standard","meta":{"footnotes":""},"categories":[1,18,17],"tags":[],"class_list":["post-69142","post","type-post","status-publish","format-standard","has-post-thumbnail","hentry","category-cultura","category-musica","category-principal"],"yoast_head":"<!-- This site is optimized with the Yoast SEO plugin v24.7 - https:\/\/yoast.com\/wordpress\/plugins\/seo\/ -->\n<title>Ultra Music Festival Mexico anuncia fechas para su edici\u00f3n 2018 &#171; Reconoce MX<\/title>\n<meta name=\"robots\" content=\"index, follow, max-snippet:-1, max-image-preview:large, max-video-preview:-1\" \/>\n<link rel=\"canonical\" href=\"http:\/\/www.reconoce.mx\/?p=69142\" \/>\n<meta property=\"og:locale\" content=\"es_ES\" \/>\n<meta property=\"og:type\" content=\"article\" \/>\n<meta property=\"og:title\" content=\"Ultra Music Festival Mexico anuncia fechas para su edici\u00f3n 2018 &#171; Reconoce MX\" \/>\n<meta property=\"og:description\" content=\"Uno de nuestros festivales de m\u00fasica favoritos, el Ultra Music Festival M\u00e9xico, regresar\u00e1 para 2018 y ya tiene fechas. Despu\u00e9s de su emocionante primer edici\u00f3n, Ultra Music Festival M\u00e9xico regresar\u00e1 al Foro Pegaso. Boletos ya a la venta.\" \/>\n<meta property=\"og:url\" content=\"http:\/\/www.reconoce.mx\/?p=69142\" \/>\n<meta property=\"og:site_name\" content=\"Reconoce MX\" \/>\n<meta property=\"article:publisher\" content=\"https:\/\/es-la.facebook.com\/ReconoceMX\/\" \/>\n<meta property=\"article:published_time\" content=\"2017-12-29T06:03:15+00:00\" \/>\n<meta property=\"og:image\" content=\"http:\/\/www.reconoce.mx\/wp-content\/uploads\/2017\/12\/ultra-mexico-2018.png\" \/>\n\t<meta property=\"og:image:width\" content=\"590\" \/>\n\t<meta property=\"og:image:height\" content=\"380\" \/>\n\t<meta property=\"og:image:type\" content=\"image\/png\" \/>\n<meta name=\"author\" content=\"Reconoce MX\" \/>\n<meta name=\"twitter:card\" content=\"summary_large_image\" \/>\n<meta name=\"twitter:creator\" content=\"@reconocemx\" \/>\n<meta name=\"twitter:site\" content=\"@reconocemx\" \/>\n<meta name=\"twitter:label1\" content=\"Escrito por\" \/>\n\t<meta name=\"twitter:data1\" content=\"Reconoce MX\" \/>\n\t<meta name=\"twitter:label2\" content=\"Tiempo de lectura\" \/>\n\t<meta name=\"twitter:data2\" content=\"1 minuto\" \/>\n<script type=\"application\/ld+json\" class=\"yoast-schema-graph\">{\"@context\":\"https:\/\/schema.org\",\"@graph\":[{\"@type\":\"Article\",\"@id\":\"http:\/\/www.reconoce.mx\/?p=69142#article\",\"isPartOf\":{\"@id\":\"http:\/\/www.reconoce.mx\/?p=69142\"},\"author\":{\"name\":\"Reconoce MX\",\"@id\":\"http:\/\/www.reconoce.mx\/#\/schema\/person\/2117e997d7051dc15d6880eaf9bca0b2\"},\"headline\":\"Ultra Music Festival Mexico anuncia fechas para su edici\u00f3n 2018\",\"datePublished\":\"2017-12-29T06:03:15+00:00\",\"mainEntityOfPage\":{\"@id\":\"http:\/\/www.reconoce.mx\/?p=69142\"},\"wordCount\":200,\"commentCount\":0,\"publisher\":{\"@id\":\"http:\/\/www.reconoce.mx\/#organization\"},\"image\":{\"@id\":\"http:\/\/www.reconoce.mx\/?p=69142#primaryimage\"},\"thumbnailUrl\":\"http:\/\/www.reconoce.mx\/wp-content\/uploads\/2017\/12\/ultra-mexico-2018.png\",\"articleSection\":[\"Cultura\",\"M\u00fasica\",\"Principal\"],\"inLanguage\":\"es\",\"potentialAction\":[{\"@type\":\"CommentAction\",\"name\":\"Comment\",\"target\":[\"http:\/\/www.reconoce.mx\/?p=69142#respond\"]}]},{\"@type\":\"WebPage\",\"@id\":\"http:\/\/www.reconoce.mx\/?p=69142\",\"url\":\"http:\/\/www.reconoce.mx\/?p=69142\",\"name\":\"Ultra Music Festival Mexico anuncia fechas para su edici\u00f3n 2018 &#171; Reconoce MX\",\"isPartOf\":{\"@id\":\"http:\/\/www.reconoce.mx\/#website\"},\"primaryImageOfPage\":{\"@id\":\"http:\/\/www.reconoce.mx\/?p=69142#primaryimage\"},\"image\":{\"@id\":\"http:\/\/www.reconoce.mx\/?p=69142#primaryimage\"},\"thumbnailUrl\":\"http:\/\/www.reconoce.mx\/wp-content\/uploads\/2017\/12\/ultra-mexico-2018.png\",\"datePublished\":\"2017-12-29T06:03:15+00:00\",\"breadcrumb\":{\"@id\":\"http:\/\/www.reconoce.mx\/?p=69142#breadcrumb\"},\"inLanguage\":\"es\",\"potentialAction\":[{\"@type\":\"ReadAction\",\"target\":[\"http:\/\/www.reconoce.mx\/?p=69142\"]}]},{\"@type\":\"ImageObject\",\"inLanguage\":\"es\",\"@id\":\"http:\/\/www.reconoce.mx\/?p=69142#primaryimage\",\"url\":\"http:\/\/www.reconoce.mx\/wp-content\/uploads\/2017\/12\/ultra-mexico-2018.png\",\"contentUrl\":\"http:\/\/www.reconoce.mx\/wp-content\/uploads\/2017\/12\/ultra-mexico-2018.png\",\"width\":590,\"height\":380},{\"@type\":\"BreadcrumbList\",\"@id\":\"http:\/\/www.reconoce.mx\/?p=69142#breadcrumb\",\"itemListElement\":[{\"@type\":\"ListItem\",\"position\":1,\"name\":\"Portada\",\"item\":\"http:\/\/www.reconoce.mx\/\"},{\"@type\":\"ListItem\",\"position\":2,\"name\":\"Ultra Music Festival Mexico anuncia fechas para su edici\u00f3n 2018\"}]},{\"@type\":\"WebSite\",\"@id\":\"http:\/\/www.reconoce.mx\/#website\",\"url\":\"http:\/\/www.reconoce.mx\/\",\"name\":\"Reconoce MX\",\"description\":\"En Reconoce MX difundimos arte, cultura y conciencia social en M\u00e9xico. Tu ciudad en otra perspectiva.\",\"publisher\":{\"@id\":\"http:\/\/www.reconoce.mx\/#organization\"},\"potentialAction\":[{\"@type\":\"SearchAction\",\"target\":{\"@type\":\"EntryPoint\",\"urlTemplate\":\"http:\/\/www.reconoce.mx\/?s={search_term_string}\"},\"query-input\":{\"@type\":\"PropertyValueSpecification\",\"valueRequired\":true,\"valueName\":\"search_term_string\"}}],\"inLanguage\":\"es\"},{\"@type\":\"Organization\",\"@id\":\"http:\/\/www.reconoce.mx\/#organization\",\"name\":\"Reconoce MX\",\"url\":\"http:\/\/www.reconoce.mx\/\",\"logo\":{\"@type\":\"ImageObject\",\"inLanguage\":\"es\",\"@id\":\"http:\/\/www.reconoce.mx\/#\/schema\/logo\/image\/\",\"url\":\"https:\/\/www.reconoce.mx\/wp-content\/uploads\/2019\/03\/logorcmx-good-1.png\",\"contentUrl\":\"https:\/\/www.reconoce.mx\/wp-content\/uploads\/2019\/03\/logorcmx-good-1.png\",\"width\":280,\"height\":90,\"caption\":\"Reconoce MX\"},\"image\":{\"@id\":\"http:\/\/www.reconoce.mx\/#\/schema\/logo\/image\/\"},\"sameAs\":[\"https:\/\/es-la.facebook.com\/ReconoceMX\/\",\"https:\/\/x.com\/reconocemx\",\"http:\/\/@reconocemx\"]},{\"@type\":\"Person\",\"@id\":\"http:\/\/www.reconoce.mx\/#\/schema\/person\/2117e997d7051dc15d6880eaf9bca0b2\",\"name\":\"Reconoce MX\",\"image\":{\"@type\":\"ImageObject\",\"inLanguage\":\"es\",\"@id\":\"http:\/\/www.reconoce.mx\/#\/schema\/person\/image\/\",\"url\":\"https:\/\/secure.gravatar.com\/avatar\/6c8d4dc7569ca1c90c5fdcc349f839d5ddef6fe1e70b4337ead2ef1a4c43fc3a?s=96&d=identicon&r=g\",\"contentUrl\":\"https:\/\/secure.gravatar.com\/avatar\/6c8d4dc7569ca1c90c5fdcc349f839d5ddef6fe1e70b4337ead2ef1a4c43fc3a?s=96&d=identicon&r=g\",\"caption\":\"Reconoce MX\"},\"description\":\"Reconoce MX es un proyecto de difusi\u00f3n art\u00edstica, cultural y de conciencia social que est\u00e1 enfocado a difundir y fomentar el entretenimiento alternativo de calidad para todo el p\u00fablico que comparta el mismo entusiasmo.\",\"sameAs\":[\"http:\/\/www.reconoce.mx\"],\"url\":\"http:\/\/www.reconoce.mx\/?author=2\"}]}<\/script>\n<!-- \/ Yoast SEO plugin. -->","yoast_head_json":{"title":"Ultra Music Festival Mexico anuncia fechas para su edici\u00f3n 2018 &#171; Reconoce MX","robots":{"index":"index","follow":"follow","max-snippet":"max-snippet:-1","max-image-preview":"max-image-preview:large","max-video-preview":"max-video-preview:-1"},"canonical":"http:\/\/www.reconoce.mx\/?p=69142","og_locale":"es_ES","og_type":"article","og_title":"Ultra Music Festival Mexico anuncia fechas para su edici\u00f3n 2018 &#171; Reconoce MX","og_description":"Uno de nuestros festivales de m\u00fasica favoritos, el Ultra Music Festival M\u00e9xico, regresar\u00e1 para 2018 y ya tiene fechas. Despu\u00e9s de su emocionante primer edici\u00f3n, Ultra Music Festival M\u00e9xico regresar\u00e1 al Foro Pegaso. Boletos ya a la venta.","og_url":"http:\/\/www.reconoce.mx\/?p=69142","og_site_name":"Reconoce MX","article_publisher":"https:\/\/es-la.facebook.com\/ReconoceMX\/","article_published_time":"2017-12-29T06:03:15+00:00","og_image":[{"width":590,"height":380,"url":"http:\/\/www.reconoce.mx\/wp-content\/uploads\/2017\/12\/ultra-mexico-2018.png","type":"image\/png"}],"author":"Reconoce MX","twitter_card":"summary_large_image","twitter_creator":"@reconocemx","twitter_site":"@reconocemx","twitter_misc":{"Escrito por":"Reconoce MX","Tiempo de lectura":"1 minuto"},"schema":{"@context":"https:\/\/schema.org","@graph":[{"@type":"Article","@id":"http:\/\/www.reconoce.mx\/?p=69142#article","isPartOf":{"@id":"http:\/\/www.reconoce.mx\/?p=69142"},"author":{"name":"Reconoce MX","@id":"http:\/\/www.reconoce.mx\/#\/schema\/person\/2117e997d7051dc15d6880eaf9bca0b2"},"headline":"Ultra Music Festival Mexico anuncia fechas para su edici\u00f3n 2018","datePublished":"2017-12-29T06:03:15+00:00","mainEntityOfPage":{"@id":"http:\/\/www.reconoce.mx\/?p=69142"},"wordCount":200,"commentCount":0,"publisher":{"@id":"http:\/\/www.reconoce.mx\/#organization"},"image":{"@id":"http:\/\/www.reconoce.mx\/?p=69142#primaryimage"},"thumbnailUrl":"http:\/\/www.reconoce.mx\/wp-content\/uploads\/2017\/12\/ultra-mexico-2018.png","articleSection":["Cultura","M\u00fasica","Principal"],"inLanguage":"es","potentialAction":[{"@type":"CommentAction","name":"Comment","target":["http:\/\/www.reconoce.mx\/?p=69142#respond"]}]},{"@type":"WebPage","@id":"http:\/\/www.reconoce.mx\/?p=69142","url":"http:\/\/www.reconoce.mx\/?p=69142","name":"Ultra Music Festival Mexico anuncia fechas para su edici\u00f3n 2018 &#171; Reconoce MX","isPartOf":{"@id":"http:\/\/www.reconoce.mx\/#website"},"primaryImageOfPage":{"@id":"http:\/\/www.reconoce.mx\/?p=69142#primaryimage"},"image":{"@id":"http:\/\/www.reconoce.mx\/?p=69142#primaryimage"},"thumbnailUrl":"http:\/\/www.reconoce.mx\/wp-content\/uploads\/2017\/12\/ultra-mexico-2018.png","datePublished":"2017-12-29T06:03:15+00:00","breadcrumb":{"@id":"http:\/\/www.reconoce.mx\/?p=69142#breadcrumb"},"inLanguage":"es","potentialAction":[{"@type":"ReadAction","target":["http:\/\/www.reconoce.mx\/?p=69142"]}]},{"@type":"ImageObject","inLanguage":"es","@id":"http:\/\/www.reconoce.mx\/?p=69142#primaryimage","url":"http:\/\/www.reconoce.mx\/wp-content\/uploads\/2017\/12\/ultra-mexico-2018.png","contentUrl":"http:\/\/www.reconoce.mx\/wp-content\/uploads\/2017\/12\/ultra-mexico-2018.png","width":590,"height":380},{"@type":"BreadcrumbList","@id":"http:\/\/www.reconoce.mx\/?p=69142#breadcrumb","itemListElement":[{"@type":"ListItem","position":1,"name":"Portada","item":"http:\/\/www.reconoce.mx\/"},{"@type":"ListItem","position":2,"name":"Ultra Music Festival Mexico anuncia fechas para su edici\u00f3n 2018"}]},{"@type":"WebSite","@id":"http:\/\/www.reconoce.mx\/#website","url":"http:\/\/www.reconoce.mx\/","name":"Reconoce MX","description":"En Reconoce MX difundimos arte, cultura y conciencia social en M\u00e9xico. Tu ciudad en otra perspectiva.","publisher":{"@id":"http:\/\/www.reconoce.mx\/#organization"},"potentialAction":[{"@type":"SearchAction","target":{"@type":"EntryPoint","urlTemplate":"http:\/\/www.reconoce.mx\/?s={search_term_string}"},"query-input":{"@type":"PropertyValueSpecification","valueRequired":true,"valueName":"search_term_string"}}],"inLanguage":"es"},{"@type":"Organization","@id":"http:\/\/www.reconoce.mx\/#organization","name":"Reconoce MX","url":"http:\/\/www.reconoce.mx\/","logo":{"@type":"ImageObject","inLanguage":"es","@id":"http:\/\/www.reconoce.mx\/#\/schema\/logo\/image\/","url":"https:\/\/www.reconoce.mx\/wp-content\/uploads\/2019\/03\/logorcmx-good-1.png","contentUrl":"https:\/\/www.reconoce.mx\/wp-content\/uploads\/2019\/03\/logorcmx-good-1.png","width":280,"height":90,"caption":"Reconoce MX"},"image":{"@id":"http:\/\/www.reconoce.mx\/#\/schema\/logo\/image\/"},"sameAs":["https:\/\/es-la.facebook.com\/ReconoceMX\/","https:\/\/x.com\/reconocemx","http:\/\/@reconocemx"]},{"@type":"Person","@id":"http:\/\/www.reconoce.mx\/#\/schema\/person\/2117e997d7051dc15d6880eaf9bca0b2","name":"Reconoce MX","image":{"@type":"ImageObject","inLanguage":"es","@id":"http:\/\/www.reconoce.mx\/#\/schema\/person\/image\/","url":"https:\/\/secure.gravatar.com\/avatar\/6c8d4dc7569ca1c90c5fdcc349f839d5ddef6fe1e70b4337ead2ef1a4c43fc3a?s=96&d=identicon&r=g","contentUrl":"https:\/\/secure.gravatar.com\/avatar\/6c8d4dc7569ca1c90c5fdcc349f839d5ddef6fe1e70b4337ead2ef1a4c43fc3a?s=96&d=identicon&r=g","caption":"Reconoce MX"},"description":"Reconoce MX es un proyecto de difusi\u00f3n art\u00edstica, cultural y de conciencia social que est\u00e1 enfocado a difundir y fomentar el entretenimiento alternativo de calidad para todo el p\u00fablico que comparta el mismo entusiasmo.","sameAs":["http:\/\/www.reconoce.mx"],"url":"http:\/\/www.reconoce.mx\/?author=2"}]}},"_links":{"self":[{"href":"http:\/\/www.reconoce.mx\/index.php?rest_route=\/wp\/v2\/posts\/69142","targetHints":{"allow":["GET"]}}],"collection":[{"href":"http:\/\/www.reconoce.mx\/index.php?rest_route=\/wp\/v2\/posts"}],"about":[{"href":"http:\/\/www.reconoce.mx\/index.php?rest_route=\/wp\/v2\/types\/post"}],"author":[{"embeddable":true,"href":"http:\/\/www.reconoce.mx\/index.php?rest_route=\/wp\/v2\/users\/2"}],"replies":[{"embeddable":true,"href":"http:\/\/www.reconoce.mx\/index.php?rest_route=%2Fwp%2Fv2%2Fcomments&post=69142"}],"version-history":[{"count":3,"href":"http:\/\/www.reconoce.mx\/index.php?rest_route=\/wp\/v2\/posts\/69142\/revisions"}],"predecessor-version":[{"id":69147,"href":"http:\/\/www.reconoce.mx\/index.php?rest_route=\/wp\/v2\/posts\/69142\/revisions\/69147"}],"wp:featuredmedia":[{"embeddable":true,"href":"http:\/\/www.reconoce.mx\/index.php?rest_route=\/wp\/v2\/media\/69143"}],"wp:attachment":[{"href":"http:\/\/www.reconoce.mx\/index.php?rest_route=%2Fwp%2Fv2%2Fmedia&parent=69142"}],"wp:term":[{"taxonomy":"category","embeddable":true,"href":"http:\/\/www.reconoce.mx\/index.php?rest_route=%2Fwp%2Fv2%2Fcategories&post=69142"},{"taxonomy":"post_tag","embeddable":true,"href":"http:\/\/www.reconoce.mx\/index.php?rest_route=%2Fwp%2Fv2%2Ftags&post=69142"}],"curies":[{"name":"wp","href":"https:\/\/api.w.org\/{rel}","templated":true}]}}