{"id":69152,"date":"2017-12-26T00:03:57","date_gmt":"2017-12-26T06:03:57","guid":{"rendered":"http:\/\/www.reconoce.mx\/?p=69152"},"modified":"2018-12-27T01:50:31","modified_gmt":"2018-12-27T07:50:31","slug":"las-peliculas-que-nos-marcaron-este-2017","status":"publish","type":"post","link":"http:\/\/www.reconoce.mx\/?p=69152","title":{"rendered":"Las pel\u00edculas que nos marcaron este 2017"},"content":{"rendered":"<p><strong>Compilado por <a title=\"@enriquefa86\" href=\"http:\/\/twitter.com\/enriquefa86\" target=\"_blank\" rel=\"noopener\">Enrique Figueroa Anaya<\/a><\/strong>.<\/p>\n<p>Todo mundo arma sus listas de \u00ablo mejor del a\u00f1o\u00bb, nosotros no. Lo que hicimos fue simplemente preguntarle a nuestros colaboradores qu\u00e9 fue lo que m\u00e1s les impact\u00f3 durante 2017, porque sabemos que el gusto se rompe en g\u00e9neros, y porque tambi\u00e9n sabemos que todas esas listas que se califican de objetivas\u2026 tienen mucho de subjetivas. La pregunta es, tambi\u00e9n para t\u00ed, <strong>\u00bfqu\u00e9 pel\u00edcula te marc\u00f3 en 2017?<\/strong><\/p>\n<style>.embed-container { position: relative; padding-bottom: 56.25%; height: 0; overflow: hidden; max-width: 100%; } .embed-container iframe, .embed-container object, .embed-container embed { position: absolute; top: 0; left: 0; width: 100%; height: 100%; }<\/style>\n<div class=\"embed-container\"><iframe loading=\"lazy\" src=\"https:\/\/www.youtube.com\/embed\/bRDSTw6mNwY\" width=\"300\" height=\"150\" frameborder=\"0\" allowfullscreen=\"allowfullscreen\"><\/iframe><\/div>\n<p>&nbsp;<\/p>\n<p><strong>Gina Szclar<\/strong>: \u00abLoving Vincent\u00bb de <strong>Dorota Kobiela<\/strong> y <strong>Hugh Welchman<\/strong>. \u00a1La pel\u00edcula que marc\u00f3 este 2017 y seguramente muchos a\u00f1os m\u00e1s es \u00abLoving Vincent\u00bb! Realizada en coproducci\u00f3n Polonia, Reino Unido, en este a\u00f1o que est\u00e1 por terminar, la pel\u00edcula toma como referencia las pinturas realizadas por Van Gogh. \u00a1120 artistas y cuatro a\u00f1os de elaboraci\u00f3n para recrear cientos de cuadros y una vida! El gusto, y m\u00e1s en el cine, siempre es subjetivo, pero encontrar algo que guste a todos por igual es \u00fanic. \u00a1La pel\u00edcula unifica edades, culturas, pa\u00edses! No es solamente la \u00ablocura\u00bb visual, sino la manera en que transmite la soledad, el desamor, el vac\u00edo y la agonia existencial que marcaron a Vincent. Nunca me hab\u00eda tocado estar en una sala totalmente llena en la que no se escuchara siquiera la respiraci\u00f3n, y es que todos la ten\u00edamos contenida ante la grandeza de este film.<\/p>\n<p><strong><a title=\"@alejandroglatt\" href=\"https:\/\/twitter.com\/alejandroglatt\" target=\"_blank\" rel=\"noopener\">Alejandro Glatt<\/a><\/strong>: \u00ab<span data-ft=\"{&quot;tn&quot;:&quot;K&quot;}\"><span class=\"UFICommentBody\">Coco\u00bb de <strong>Lee Unkrich<\/strong>. Sin duda alguna fue \u00abCoco\u00bb, me hizo sentir orgulloso de ser mexicano y me ubic\u00f3 en el contexto en el que he crecido y aprendido. <\/span><\/span><\/p>\n<style>.embed-container { position: relative; padding-bottom: 56.25%; height: 0; overflow: hidden; max-width: 100%; } .embed-container iframe, .embed-container object, .embed-container embed { position: absolute; top: 0; left: 0; width: 100%; height: 100%; }<\/style>\n<div class=\"embed-container\"><iframe loading=\"lazy\" src=\"https:\/\/www.youtube.com\/embed\/0pdqf4P9MB8\" width=\"300\" height=\"150\" frameborder=\"0\" allowfullscreen=\"allowfullscreen\"><\/iframe><\/div>\n<p>&nbsp;<\/p>\n<p><strong><a href=\"https:\/\/twitter.com\/SandyMW13\" target=\"_blank\" rel=\"noopener\">Sandyluz<\/a><\/strong>: \u00abLa La Land\u00bb de <strong>Damien Chazelle<\/strong>. Para empezar act\u00faa mi crush <strong>Ryan Gosling<\/strong>, luego esa m\u00fasica inconfundible que evoca y evocar\u00e1 nostalgias por el resto de mi vida; para rematar, la historia coincidi\u00f3 con un momento sensible de mi vida: un inesperado y agrio abandono, y la revalorizaci\u00f3n de un amor imperecedero y aut\u00e9ntico. Todo eso trajo consigo \u00abLa La Land\u00bb.<strong><br \/>\n<\/strong><\/p>\n<style>.embed-container { position: relative; padding-bottom: 56.25%; height: 0; overflow: hidden; max-width: 100%; } .embed-container iframe, .embed-container object, .embed-container embed { position: absolute; top: 0; left: 0; width: 100%; height: 100%; }<\/style>\n<div class=\"embed-container\"><iframe loading=\"lazy\" src=\"https:\/\/www.youtube.com\/embed\/VSB4wGIdDwo\" width=\"300\" height=\"150\" frameborder=\"0\" allowfullscreen=\"allowfullscreen\"><\/iframe><\/div>\n<p>&nbsp;<\/p>\n<p><strong><a href=\"https:\/\/twitter.com\/alice_freckles\" target=\"_blank\" rel=\"noopener\">Alicia \u00c1vila<\/a><\/strong>: \u00abWonder Woman\u00bb de <strong>Patty Jenkins<\/strong>. \u00abStar Wars: The Last Jedi\u00bb de Rian Johnson, por supuesto, fue una de las pel\u00edculas m\u00e1s esperada por los fans este a\u00f1o, sin embargo me quedo con \u00abWonder Woman\u00bb. La pel\u00edcula estadounidense protagonizada por <strong>Gal Gadot<\/strong>, basada en el personaje de DC bajo la producci\u00f3n de Warner, me encant\u00f3. <strong>Wonder Women<\/strong> tuvo una breve aparici\u00f3n en \u00abBatman v Superman\u00bb, pel\u00edcula en la que presenta finalmente en pantalla grande. En su momento fue Capit\u00e1n Am\u00e9rica, pero en esta ocasi\u00f3n, la historia de la Princesa Diana contada desde el inici\u00f3, en seguida me atrap\u00f3. Aunque la pel\u00edcula comenz\u00f3 a hacerse desde poco m\u00e1s de 10 a\u00f1os atr\u00e1s, comenzaron a filmarla hasta 2015 para darle salida este a\u00f1o. Sin duda, mi favorita de 2017.<\/p>\n<style>.embed-container { position: relative; padding-bottom: 56.25%; height: 0; overflow: hidden; max-width: 100%; } .embed-container iframe, .embed-container object, .embed-container embed { position: absolute; top: 0; left: 0; width: 100%; height: 100%; }<\/style>\n<div class=\"embed-container\"><iframe loading=\"lazy\" src=\"https:\/\/www.youtube.com\/embed\/gbug3zTm3Ws\" width=\"300\" height=\"150\" frameborder=\"0\" allowfullscreen=\"allowfullscreen\"><\/iframe><\/div>\n<p>&nbsp;<\/p>\n<p><strong><a href=\"https:\/\/twitter.com\/arigato30\" target=\"_blank\" rel=\"noopener\">Ligiaele<\/a><\/strong>: \u00abLogan\u00bb de <strong>James Mangold<\/strong>, porque fue de las pocas pel\u00edculas en las que el personaje principal tuvo un mejor final cinematogr\u00e1ficamente que en el c\u00f3mic.<\/p>\n<p><strong><a href=\"https:\/\/twitter.com\/Jimeamezcua\" target=\"_blank\" rel=\"noopener\">Jimena Amezcua<\/a><\/strong>: \u00abCoco\u00bb de\u00a0<strong>Lee Unkrich<\/strong> por el gran trabajo que hizo <strong>Pixar<\/strong> al representar las tradiciones mexicanas. \u00abStar Wars: The Last Jedi\u00bb por ser Star Wars. Un prop\u00f3sito de a\u00f1o nuevo es darme tiempo para ver m\u00e1s estrenos.<\/p>\n<style>.embed-container { position: relative; padding-bottom: 56.25%; height: 0; overflow: hidden; max-width: 100%; } .embed-container iframe, .embed-container object, .embed-container embed { position: absolute; top: 0; left: 0; width: 100%; height: 100%; }<\/style>\n<div class=\"embed-container\"><iframe loading=\"lazy\" src=\"https:\/\/www.youtube.com\/embed\/D9YZw_X5UzQ\" width=\"300\" height=\"150\" frameborder=\"0\" allowfullscreen=\"allowfullscreen\"><\/iframe><\/div>\n<p>&nbsp;<\/p>\n<p><strong><a href=\"https:\/\/twitter.com\/tebo349\" target=\"_blank\" rel=\"noopener\">Esteban Hern\u00e1ndez Tam\u00e9s<\/a><\/strong>: \u00abBaby Driver\u00bb de <strong>Edgar Wright<\/strong>. Edgar Wright es uno de mis directores de cine favoritos. Su \u00abThree Flavours Cornetto trilogy\u00bb y su adaptaci\u00f3n de \u00abScott Pilgrim\u00bb, una de mis novelas gr\u00e1ficas favoritas, me parecieron excelentes. Su forma de hacer cine es original, te mantiene activo y te saca una sonrisa con cada corte, cada di\u00e1logo y cada efecto de sonido. \u00abBaby Driver\u00bb no es la diferencia. Cualquiera que sea un mel\u00f3mano disfrutar\u00e1 intensamente tanto el soundtrack como la mezcla de sonido. Es una pel\u00edcula que vale la pena ver m\u00e1s de una vez, y aunque la historia no sea la m\u00e1s innovadora, es una maravilla audiovisual.<\/p>\n<p><strong><a title=\"@EloisaCb\" href=\"https:\/\/twitter.com\/EloisaCb\" target=\"_blank\" rel=\"noopener\">Eloise Cornelio Belmont<\/a><\/strong>: \u00abYour Name\u00bb de <strong>Makoto Shinkai<\/strong>. Esta pel\u00edcula es un anime dirigido por <strong>Makoto Shinkai<\/strong> que bati\u00f3 r\u00e9cords dentro del cine de animaci\u00f3n. Tuve la oportunidad de verla en un avi\u00f3n que sal\u00eda de Hong Kong a Beijing. Es una aventura fant\u00e1stica que mezcla la ciencia ficci\u00f3n y el romance. Es una historia complicada y de no ser por la habilidad de los escritores ser\u00eda poco cre\u00edble, pero en realidad es de esas pel\u00edculas que te quitan el aliento y te emocionan hasta el \u00faltimo segundo. Me puse realmente feliz cuando vi que <strong>Netflix<\/strong> ya la incluy\u00f3 en su cat\u00e1logo y sin duda recomiendo que la vean. La animaci\u00f3n es preciosa y a los de lagrima f\u00e1cil seguro que les conmover\u00e1 much\u00edsimo.<\/p>\n<style>.embed-container { position: relative; padding-bottom: 56.25%; height: 0; overflow: hidden; max-width: 100%; } .embed-container iframe, .embed-container object, .embed-container embed { position: absolute; top: 0; left: 0; width: 100%; height: 100%; }<\/style>\n<div class=\"embed-container\"><iframe loading=\"lazy\" src=\"https:\/\/www.youtube.com\/embed\/EsozpEE543w\" width=\"300\" height=\"150\" frameborder=\"0\" allowfullscreen=\"allowfullscreen\"><\/iframe><\/div>\n<p>&nbsp;<\/p>\n<p><strong><span class=\"st\"><a href=\"https:\/\/twitter.com\/Amauryshow\" target=\"_blank\" rel=\"noopener\">Amaury Berdejo<\/a><\/span><\/strong>: \u00abT2: Trainspotting\u00bb de<strong> Danny Boyle<\/strong> fue un cierre de ciclo muy digno y disfrutable. Recuerdo que la primera parte fue una pel\u00edcula de culto casi desde que tengo memoria; la vi con mis pap\u00e1s cuando era ni\u00f1o, con los amigos cuando iba a la prepa, la analiz\u00e1bamos en clases de universidad, en fin, un referente indudable. Debo confesar que sent\u00ed nervios de esta segunda parte: con todo lo que nos han hecho pasar esas secuelas que destruyen legados de cine o que por lo menos arruinan tu infancia (es como si saliera \u00abRequiem for a Dream 2\u00bb, \u00bfno tendr\u00edas miedo o al menos duda de ir a verla?). Sin embargo lo lograron, el reparto, el director, la m\u00fasica, los mensajes adaptados a nuestra \u00e9poca de internet; agradec\u00ed mucho esta segunda parte de la historia.<\/p>\n<style>.embed-container { position: relative; padding-bottom: 56.25%; height: 0; overflow: hidden; max-width: 100%; } .embed-container iframe, .embed-container object, .embed-container embed { position: absolute; top: 0; left: 0; width: 100%; height: 100%; }<\/style>\n<div class=\"embed-container\"><iframe loading=\"lazy\" src=\"https:\/\/www.youtube.com\/embed\/JWtnJjn6ng0\" width=\"300\" height=\"150\" frameborder=\"0\" allowfullscreen=\"allowfullscreen\"><\/iframe><\/div>\n<p>&nbsp;<\/p>\n<p><strong>Llavesita<\/strong>: Pese a realizar una colaboraci\u00f3n cinematogr\u00e1fica para<span style=\"color: #a81f25;\"><strong> Reconoce MX<\/strong><\/span>, este a\u00f1o no encontr\u00e9 ninguna pel\u00edcula que me marcara, porque adem\u00e1s me la pas\u00e9 viendo muchas que tengo rezagadas. Ahroa, si me preguntan por las series, dir\u00eda que mi favorita es \u00abThe Crown\u00bb, la que vi hasta las ultimas consecuencias fue \u00abEl se\u00f1or de los cielos\u00bb, y la que me divirti\u00f3 mucho fue \u00abClub de Cuervos\u00bb.<\/p>\n<style>.embed-container { position: relative; padding-bottom: 56.25%; height: 0; overflow: hidden; max-width: 100%; } .embed-container iframe, .embed-container object, .embed-container embed { position: absolute; top: 0; left: 0; width: 100%; height: 100%; }<\/style>\n<div class=\"embed-container\"><iframe loading=\"lazy\" src=\"https:\/\/www.youtube.com\/embed\/hCXexl0Dlr0\" width=\"300\" height=\"150\" frameborder=\"0\" allowfullscreen=\"allowfullscreen\"><\/iframe><\/div>\n<p>&nbsp;<\/p>\n<p><a href=\"http:\/\/www.reconoce.mx\/category\/columnistas\/pisando-callos\/\" target=\"_blank\" rel=\"noopener\"><strong>Max Barahona<\/strong><\/a>: \u00abLa guerra del planeta de los simios\u00bb de <strong>Matt Reeves<\/strong>. El cine mexicano me qued\u00f3 debiendo este a\u00f1o, pero ni modo. La pel\u00edcula que me marc\u00f3 o me gust\u00f3 mucho este a\u00f1o fue \u00abLa guerra del planeta de los simios\u00bb, porque no queriendo nos dan ciertos golpecitos de c\u00f3mo nuestra sociedad puede no nada mas acabar con el pr\u00f3jimo, con los animales, con la naturaleza, si no con el mismo planeta que es nuestro hogar, nuestro origen.<\/p>\n<style>.embed-container { position: relative; padding-bottom: 56.25%; height: 0; overflow: hidden; max-width: 100%; } .embed-container iframe, .embed-container object, .embed-container embed { position: absolute; top: 0; left: 0; width: 100%; height: 100%; }<\/style>\n<div class=\"embed-container\"><iframe loading=\"lazy\" src=\"https:\/\/www.youtube.com\/embed\/qeru1JAHido\" width=\"300\" height=\"150\" frameborder=\"0\" allowfullscreen=\"allowfullscreen\"><\/iframe><\/div>\n<p>&nbsp;<\/p>\n<p><strong><a href=\"https:\/\/twitter.com\/MoreMoreMor3\" target=\"_blank\" rel=\"noopener noreferrer\">Morelia Mart\u00ednez Rodr\u00edguez<\/a><\/strong>: \u00abSing\u00bb de <strong>Garth Jennings<\/strong>. Bueno, en cuanto a pel\u00edcula, no me di tiempo de ver mucho cine por cuestiones de trabajo, y la verdad es que tengo la influencia de mi sobrina de 3 a\u00f1os de edad, por lo que la pel\u00edcula que podr\u00eda ver en repetidas ocasiones se llama \u00abSing\u00bb dirigida por Garth Jennings y producida por Illumination Entertainment. Lo que me encanta es que la m\u00fasica es parte vital de las personas. Ese cover de \u00abGolden Slumbers\u00bb de <strong>The Beatles<\/strong> al inicio de la cinta fue lo que me atrap\u00f3.<\/p>\n<style>.embed-container { position: relative; padding-bottom: 56.25%; height: 0; overflow: hidden; max-width: 100%; } .embed-container iframe, .embed-container object, .embed-container embed { position: absolute; top: 0; left: 0; width: 100%; height: 100%; }<\/style>\n<div class=\"embed-container\"><iframe loading=\"lazy\" src=\"https:\/\/www.youtube.com\/embed\/gCcx85zbxz4\" width=\"300\" height=\"150\" frameborder=\"0\" allowfullscreen=\"allowfullscreen\"><\/iframe><\/div>\n<p>&nbsp;<\/p>\n<p><strong><a href=\"https:\/\/twitter.com\/JACSPhoto\" target=\"_blank\" rel=\"noopener noreferrer\">Joaqu\u00edn Cervantes<\/a><\/strong>: \u00abBlade Runner 2049\u00bb de <strong>Denis Villeneuve<\/strong>, porque es una pel\u00edcula con una producci\u00f3n y actuaci\u00f3n sorprendente, adem\u00e1s de que le hace una gran representaci\u00f3n a su anterior pel\u00edcula de los 80.<\/p>\n<style>.embed-container { position: relative; padding-bottom: 56.25%; height: 0; overflow: hidden; max-width: 100%; } .embed-container iframe, .embed-container object, .embed-container embed { position: absolute; top: 0; left: 0; width: 100%; height: 100%; }<\/style>\n<div class=\"embed-container\"><iframe loading=\"lazy\" src=\"https:\/\/www.youtube.com\/embed\/VzetxI2f22Y\" width=\"300\" height=\"150\" frameborder=\"0\" allowfullscreen=\"allowfullscreen\"><\/iframe><\/div>\n<p>&nbsp;<\/p>\n<p><strong> <a href=\"https:\/\/twitter.com\/valeriaramosp\" target=\"_blank\" rel=\"noopener noreferrer\">Valeria Ramos<\/a><\/strong>: \u00abMoonlight\u00bb de <strong>Barry Jenkins<\/strong>. S\u00e9 que en teor\u00eda, \u00abMoonlight\u00bb es una pel\u00edcula de 2016, pero su estreno en M\u00e9xico no fue hasta fines de enero, y s\u00ed que cambi\u00f3 las cosas. Pocas veces he tenido la oportunidad de ver una cinta tan conmovedora, llena de emociones tan puras y con una historia que, a pesar de ser tan espec\u00edfica, se siente universal. Su \u00e9xito masivo no solo impuls\u00f3 una conversaci\u00f3n muy necesaria sobre la masculinidad y la sexualidad, sino que abri\u00f3 las puertas para que otros cineastas pudieran hacer lo mismo. Hace diez a\u00f1os, pensar en tan solo la existencia de esta pel\u00edcula habr\u00eda sido m\u00e1s una comedia que un drama. Las cosas est\u00e1n cambiando, eso ya qued\u00f3 claro y, como dijo<strong> Barry Jenkins<\/strong> en su discurso de aceptaci\u00f3n de \u00abMejor pel\u00edcula\u00bb en los \u00d3scares: \u00abNi siquiera en mis sue\u00f1os esto podr\u00eda ser real. Pero, \u00a1al diablo con los sue\u00f1os! Ya no me interesan porque esto s\u00ed es real.\u00bb<\/p>\n<p><strong><a title=\"@animalceluloide\" href=\"https:\/\/twitter.com\/animalceluloide\" target=\"_blank\" rel=\"noopener noreferrer\">Ana Esc\u00e1rcega<\/a><\/strong>: La pel\u00edcula que marc\u00f3 el 2017, no es una, son por lo menos 3. \u00abLa La Land\u00bb de <strong>Damien Chazelle<\/strong>, \u00abT2: Trainspotting\u00bb de<strong> Danny Boyle<\/strong> y \u00abLoving Vincent\u00bb de <strong>Dorota Kobiela<\/strong> y <strong>Hugh Welchman<\/strong>. Las pondr\u00eda en mis primeros 3 lugares del top 25 que har\u00e9 para cerrar el a\u00f1o.<\/p>\n<style>.embed-container { position: relative; padding-bottom: 56.25%; height: 0; overflow: hidden; max-width: 100%; } .embed-container iframe, .embed-container object, .embed-container embed { position: absolute; top: 0; left: 0; width: 100%; height: 100%; }<\/style>\n<div class=\"embed-container\"><iframe loading=\"lazy\" src=\"https:\/\/www.youtube.com\/embed\/AoM86unBUIg\" width=\"300\" height=\"150\" frameborder=\"0\" allowfullscreen=\"allowfullscreen\"><\/iframe><\/div>\n<p>&nbsp;<\/p>\n<p><strong><a href=\"https:\/\/www.instagram.com\/alexcfranco\/\" target=\"_blank\" rel=\"noopener noreferrer\">Alexandra Careaga Franco<\/a><\/strong>: \u00abYour Name\u00bb de <strong>Makoto Shinkai<\/strong>. Para aquellos que gozamos los animes, esta pel\u00edcula cumple con una historia llena de emociones, vueltas inesperadas, mitolog\u00eda y cultura japonesa, y una animaci\u00f3n de punta.<\/p>\n<style>.embed-container { position: relative; padding-bottom: 56.25%; height: 0; overflow: hidden; max-width: 100%; } .embed-container iframe, .embed-container object, .embed-container embed { position: absolute; top: 0; left: 0; width: 100%; height: 100%; }<\/style>\n<div class=\"embed-container\"><iframe loading=\"lazy\" src=\"https:\/\/www.youtube.com\/embed\/awzWdtCezDo\" width=\"300\" height=\"150\" frameborder=\"0\" allowfullscreen=\"allowfullscreen\"><\/iframe><\/div>\n<p>&nbsp;<\/p>\n<p><strong><a href=\"https:\/\/twitter.com\/monceymrh\" target=\"_blank\" rel=\"noopener noreferrer\">Yamileth Moncerrat Ram\u00edrez Hern\u00e1ndez<\/a><\/strong>: \u00abCoco\u00bb de\u00a0<strong>Lee Unkrich<\/strong> por resaltar la verdadera tradici\u00f3n mexicana.<\/p>\n<p><strong><a title=\"@danielhiga_al\" href=\"https:\/\/twitter.com\/danielhiga_al\" target=\"_blank\" rel=\"noopener noreferrer\">Daniel Higa Alquicira<\/a><\/strong>: \u00abCoco\u00bb de\u00a0<strong>Lee Unkrich<\/strong> me divirti\u00f3, conmovi\u00f3 y revivi\u00f3 en m\u00ed la tradici\u00f3n del D\u00eda de Muertos.<\/p>\n<style>.embed-container { position: relative; padding-bottom: 56.25%; height: 0; overflow: hidden; max-width: 100%; } .embed-container iframe, .embed-container object, .embed-container embed { position: absolute; top: 0; left: 0; width: 100%; height: 100%; }<\/style>\n<div class=\"embed-container\"><iframe loading=\"lazy\" src=\"https:\/\/www.youtube.com\/embed\/U0D3AOldjMU\" width=\"300\" height=\"150\" frameborder=\"0\" allowfullscreen=\"allowfullscreen\"><\/iframe><\/div>\n<p>&nbsp;<\/p>\n<p><strong> <a href=\"https:\/\/twitter.com\/heelraff\" target=\"_blank\" rel=\"noopener noreferrer\">Rafael P\u00e9rez Aldana<\/a><\/strong>: \u00abSpider-Man: Homecoming\u00bb de <strong>Jon Watts<\/strong>. Este 2017 nos trajo pel\u00edculas muy esperadas, grandes blockbusters y muy buenas producciones independientes, pero en lo particular, la pel\u00edcula que me cre\u00f3 mas expectativa fue el regreso a la pantalla grande de nuestro amigable vecino el Hombre Ara\u00f1a, pero esta vez dentro del Universo Cinematogr\u00e1fico de Marvel e interpretado por un nuevo y joven actor, <strong>Tom Holland<\/strong>. Obteniendo una de las mejores calificaciones hablando de pel\u00edculas de superh\u00e9roes, \u00abSpider-Man: Homecoming\u00bb arras\u00f3 en las taquillas de todo el mundo convirti\u00e9ndose en una de las cintas que m\u00e1s dinero recaud\u00f3 en toda la historia, y cumpliendo su cometido principal, ser del gusto de los fans. Esta cinta dio pie a un joven e inexperimentado Peter Parker que despu\u00e9s de luchar contra algunos viejos conocidos como Capit\u00e1n America y Ant-Man, y con la gran ayuda de Iron Man, se pueda integrar a este maravilloso universo y ayudar a derrotar a Thanos en la pr\u00f3xima entrega de Avengers.<\/p>\n<p><strong><a href=\"https:\/\/twitter.com\/soandreea\" target=\"_blank\" rel=\"noopener\">Andrea Ram\u00edrez<\/a><\/strong>: \u00abT2: Trainspotting\u00bb de<strong> Danny Boyle<\/strong> y el soundtrack me hicieron el 2017. Adem\u00e1s de ser la continuaci\u00f3n de la pel\u00edcula que marc\u00f3 una etapa de mi vida, fue volver a vivir esa satisfacci\u00f3n visual por parte de la fotograf\u00eda y los juegos de luces que regalan ambas pel\u00edculas.<\/p>\n<p><strong><a href=\"https:\/\/twitter.com\/dobermuse\" target=\"_blank\" rel=\"noopener\">Juan Carlos Urrutia<\/a><\/strong>: \u00abDunkirk\u00bb de <strong>Christopher Nolan<\/strong>.<\/p>\n<style>.embed-container { position: relative; padding-bottom: 56.25%; height: 0; overflow: hidden; max-width: 100%; } .embed-container iframe, .embed-container object, .embed-container embed { position: absolute; top: 0; left: 0; width: 100%; height: 100%; }<\/style>\n<div class=\"embed-container\"><iframe loading=\"lazy\" src=\"https:\/\/www.youtube.com\/embed\/S7T5VDuN-Ns\" width=\"300\" height=\"150\" frameborder=\"0\" allowfullscreen=\"allowfullscreen\"><\/iframe><\/div>\n<p>&nbsp;<\/p>\n<p><strong><a href=\"https:\/\/twitter.com\/Wallflowerlolu\" target=\"_blank\" rel=\"noopener\">Yuriko Alhel\u00ed Hidalgo Mart\u00ednez<\/a><\/strong>: \u00abCoco\u00bb de\u00a0<strong>Lee Unkrich<\/strong>. Quiz\u00e1 la respuesta sea un completo clich\u00e9, pero sin duda fue \u00abCoco\u00bb de <strong>Disney<\/strong>. La animaci\u00f3n, la m\u00fasica y la historia fueron incre\u00edbles. Es evidente que ese filme conllev\u00f3 mucha investigaci\u00f3n y compromiso no s\u00f3lo con la empresa productora, sino con el pa\u00eds al que se representaba. Pienso que independientemente de que se tratara de la t\u00edpica pel\u00edcula que hace llorar y por la que es catalogada como buena, los escritores realmente hurgaron en sus experiencias y en las de las otras personas hasta encontrar un punto por el que la mayor\u00eda ha pasado, punto que resulta relevante en cuanto al tiempo, los seres queridos y la vida misma.<\/p>\n<p><strong><a href=\"https:\/\/www.instagram.com\/miriam_alavez\/\" target=\"_blank\" rel=\"noopener\">Miriam Alavez<\/a><\/strong>: \u00abCoco\u00bb de\u00a0<strong>Lee Unkrich<\/strong>. He de confesar que este a\u00f1o no vi mucho cine, pero me quedo con una que me llen\u00f3 el alma con su contenido, producci\u00f3n y disfusi\u00f3n: \u00abCoco\u00bb. Especial por el tema de la familia, las costumbres y las tradiciones de nuestro bello pa\u00eds: M\u00e9xico. Una cinta para verla en compa\u00f1\u00eda de amigos y sobre todo de familiares.<\/p>\n<p><strong><a href=\"https:\/\/twitter.com\/Diana_Go08\" target=\"_blank\" rel=\"noopener noreferrer\">Diana Vel\u00e1zquez Gonz\u00e1lez<\/a><\/strong>: \u00abCoco\u00bb de\u00a0<strong>Lee Unkrich<\/strong>. \u00bfPor qu\u00e9? Record\u00e9 a todos mis seres queridos que est\u00e1n en otro mundo y, \u00a1s\u00ed!, llor\u00e9 de emoci\u00f3n al ver una tradici\u00f3n mexicana en la pantalla grande representada de una forma tan bonita.<\/p>\n<p><strong><a title=\"@AsfaltosTweets\" href=\"http:\/\/twitter.com\/AsfaltosTweets\" target=\"_blank\" rel=\"noopener\">Asfaltos<\/a><\/strong>: \u00abLa vida de Calabac\u00edn\u00bb de <strong>Claude Barras<\/strong>. La pel\u00edcula es una aut\u00e9ntica joya. La cinta animada es de lo m\u00e1s emotivo que me encontr\u00e9 en el cine. Aplaudo propuestas como \u00e9sta, y sobre todo que se estrenen de manera comercial en nuestro pa\u00eds. El soundtrack, para todo buen mel\u00f3mano, es una delicia; lejos de cualquier sitio com\u00fan&#8230; nada mas para que vean que en los 80 hay mucha m\u00e1s m\u00fasica de la que usualmente encontramos en los blockbusters hollywoodenses.<\/p>\n<style>.embed-container { position: relative; padding-bottom: 56.25%; height: 0; overflow: hidden; max-width: 100%; } .embed-container iframe, .embed-container object, .embed-container embed { position: absolute; top: 0; left: 0; width: 100%; height: 100%; }<\/style>\n<div class=\"embed-container\"><iframe loading=\"lazy\" src=\"https:\/\/www.youtube.com\/embed\/F-eMt3SrfFU\" width=\"300\" height=\"150\" frameborder=\"0\" allowfullscreen=\"allowfullscreen\"><\/iframe><\/div>\n<p>&nbsp;<\/p>\n<p><strong><a title=\"@enriquefa86\" href=\"https:\/\/twitter.com\/enriquefa86\" target=\"_blank\" rel=\"noopener\">Enrique Figueroa Anaya<\/a><\/strong>: \u00abDunkirk\u00bb de <strong>Christopher Nolan<\/strong>. Tiempo antes del estreno de \u00abDunkirk\u00bb, Christopher Nolan se enfrasc\u00f3 en una serie de comentarios que criticaban a quienes disfrutamos tambi\u00e9n de ver cine en alternativas como Netflix. Despu\u00e9s de ver \u00abDunkirk\u00bb, de ver la maestr\u00eda con la que utiliz\u00f3 la tecnolog\u00eda para contar su historia, uno no puede mas que entenderle. \u00abDunkirk\u00bb es una experiencia absoluta. No s\u00e9 si tenga el mismo efecto en una pantalla que no sea IMAX; l\u00e1stima por quienes no la vieron en ese formato. \u00bfQue no se pueden hacer blockbusters distintos a cintas de superh\u00e9roes, originales y de gran calidad? Vean \u00abDunkirk\u00bb.<\/p>\n<p style=\"text-align: right;\">Foto: <strong>Christian<\/strong>.<\/p>\n<h2 style=\"text-align: center;\"><strong><a href=\"http:\/\/www.reconoce.mx\/las-peliculas-que-nos-marcaron-este-2011\/\" target=\"_blank\" rel=\"noopener\">2011<\/a> | <a href=\"http:\/\/www.reconoce.mx\/las-peliculas-que-nos-marcaron-este-2012\/\" target=\"_blank\" rel=\"noopener\">2012<\/a> | <a href=\"http:\/\/www.reconoce.mx\/las-peliculas-que-nos-marcaron-este-2013\/\" target=\"_blank\" rel=\"noopener\">2013<\/a> | <a href=\"http:\/\/www.reconoce.mx\/las-peliculas-que-nos-marcaron-este-2014\/\" target=\"_blank\" rel=\"noopener\">2014<\/a> | <a href=\"http:\/\/www.reconoce.mx\/las-peliculas-que-nos-marcaron-este-2015\/\" target=\"_blank\" rel=\"noopener\">2015<\/a> | <a href=\"http:\/\/www.reconoce.mx\/las-peliculas-que-nos-marcaron-este-2016\/\" target=\"_blank\" rel=\"noopener\">2016<\/a> | 2017 | <a href=\"http:\/\/www.reconoce.mx\/las-peliculas-que-nos-marcaron-este-2018\/\" target=\"_blank\" rel=\"noopener\">2018<\/a><\/strong><\/h2>\n<p>&nbsp;<\/p>\n<p>&nbsp;<\/p>\n","protected":false},"excerpt":{"rendered":"<p>Todo mundo arma sus listas de \u201clo mejor del a\u00f1o\u201d, nosotros no. Lo que hicimos fue simplemente preguntarle a nuestros colaboradores qu\u00e9 fue lo que m\u00e1s les impact\u00f3 durante 2017.<\/p>\n","protected":false},"author":2,"featured_media":69154,"comment_status":"open","ping_status":"open","sticky":false,"template":"","format":"standard","meta":{"footnotes":""},"categories":[24,1,17],"tags":[],"class_list":["post-69152","post","type-post","status-publish","format-standard","has-post-thumbnail","hentry","category-cine","category-cultura","category-principal"],"yoast_head":"<!-- This site is optimized with the Yoast SEO plugin v24.7 - https:\/\/yoast.com\/wordpress\/plugins\/seo\/ -->\n<title>Las pel\u00edculas que nos marcaron este 2017 &#171; Reconoce MX<\/title>\n<meta name=\"robots\" content=\"index, follow, max-snippet:-1, max-image-preview:large, max-video-preview:-1\" \/>\n<link rel=\"canonical\" href=\"https:\/\/www.reconoce.mx\/?p=69152\" \/>\n<meta property=\"og:locale\" content=\"es_ES\" \/>\n<meta property=\"og:type\" content=\"article\" \/>\n<meta property=\"og:title\" content=\"Las pel\u00edculas que nos marcaron este 2017 &#171; Reconoce MX\" \/>\n<meta property=\"og:description\" content=\"Todo mundo arma sus listas de \u201clo mejor del a\u00f1o\u201d, nosotros no. Lo que hicimos fue simplemente preguntarle a nuestros colaboradores qu\u00e9 fue lo que m\u00e1s les impact\u00f3 durante 2017.\" \/>\n<meta property=\"og:url\" content=\"https:\/\/www.reconoce.mx\/?p=69152\" \/>\n<meta property=\"og:site_name\" content=\"Reconoce MX\" \/>\n<meta property=\"article:publisher\" content=\"https:\/\/es-la.facebook.com\/ReconoceMX\/\" \/>\n<meta property=\"article:published_time\" content=\"2017-12-26T06:03:57+00:00\" \/>\n<meta property=\"article:modified_time\" content=\"2018-12-27T07:50:31+00:00\" \/>\n<meta property=\"og:image\" content=\"https:\/\/www.reconoce.mx\/wp-content\/uploads\/2017\/12\/pel\u00edculas-2017.png\" \/>\n\t<meta property=\"og:image:width\" content=\"590\" \/>\n\t<meta property=\"og:image:height\" content=\"380\" \/>\n\t<meta property=\"og:image:type\" content=\"image\/png\" \/>\n<meta name=\"author\" content=\"Reconoce MX\" \/>\n<meta name=\"twitter:card\" content=\"summary_large_image\" \/>\n<meta name=\"twitter:creator\" content=\"@reconocemx\" \/>\n<meta name=\"twitter:site\" content=\"@reconocemx\" \/>\n<meta name=\"twitter:label1\" content=\"Escrito por\" \/>\n\t<meta name=\"twitter:data1\" content=\"Reconoce MX\" \/>\n\t<meta name=\"twitter:label2\" content=\"Tiempo de lectura\" \/>\n\t<meta name=\"twitter:data2\" content=\"11 minutos\" \/>\n<script type=\"application\/ld+json\" class=\"yoast-schema-graph\">{\"@context\":\"https:\/\/schema.org\",\"@graph\":[{\"@type\":\"Article\",\"@id\":\"https:\/\/www.reconoce.mx\/?p=69152#article\",\"isPartOf\":{\"@id\":\"https:\/\/www.reconoce.mx\/?p=69152\"},\"author\":{\"name\":\"Reconoce MX\",\"@id\":\"http:\/\/www.reconoce.mx\/#\/schema\/person\/2117e997d7051dc15d6880eaf9bca0b2\"},\"headline\":\"Las pel\u00edculas que nos marcaron este 2017\",\"datePublished\":\"2017-12-26T06:03:57+00:00\",\"dateModified\":\"2018-12-27T07:50:31+00:00\",\"mainEntityOfPage\":{\"@id\":\"https:\/\/www.reconoce.mx\/?p=69152\"},\"wordCount\":2246,\"commentCount\":0,\"publisher\":{\"@id\":\"http:\/\/www.reconoce.mx\/#organization\"},\"image\":{\"@id\":\"https:\/\/www.reconoce.mx\/?p=69152#primaryimage\"},\"thumbnailUrl\":\"http:\/\/www.reconoce.mx\/wp-content\/uploads\/2017\/12\/pel\u00edculas-2017.png\",\"articleSection\":[\"Cine\",\"Cultura\",\"Principal\"],\"inLanguage\":\"es\",\"potentialAction\":[{\"@type\":\"CommentAction\",\"name\":\"Comment\",\"target\":[\"https:\/\/www.reconoce.mx\/?p=69152#respond\"]}]},{\"@type\":\"WebPage\",\"@id\":\"https:\/\/www.reconoce.mx\/?p=69152\",\"url\":\"https:\/\/www.reconoce.mx\/?p=69152\",\"name\":\"Las pel\u00edculas que nos marcaron este 2017 &#171; Reconoce MX\",\"isPartOf\":{\"@id\":\"http:\/\/www.reconoce.mx\/#website\"},\"primaryImageOfPage\":{\"@id\":\"https:\/\/www.reconoce.mx\/?p=69152#primaryimage\"},\"image\":{\"@id\":\"https:\/\/www.reconoce.mx\/?p=69152#primaryimage\"},\"thumbnailUrl\":\"http:\/\/www.reconoce.mx\/wp-content\/uploads\/2017\/12\/pel\u00edculas-2017.png\",\"datePublished\":\"2017-12-26T06:03:57+00:00\",\"dateModified\":\"2018-12-27T07:50:31+00:00\",\"breadcrumb\":{\"@id\":\"https:\/\/www.reconoce.mx\/?p=69152#breadcrumb\"},\"inLanguage\":\"es\",\"potentialAction\":[{\"@type\":\"ReadAction\",\"target\":[\"https:\/\/www.reconoce.mx\/?p=69152\"]}]},{\"@type\":\"ImageObject\",\"inLanguage\":\"es\",\"@id\":\"https:\/\/www.reconoce.mx\/?p=69152#primaryimage\",\"url\":\"http:\/\/www.reconoce.mx\/wp-content\/uploads\/2017\/12\/pel\u00edculas-2017.png\",\"contentUrl\":\"http:\/\/www.reconoce.mx\/wp-content\/uploads\/2017\/12\/pel\u00edculas-2017.png\",\"width\":590,\"height\":380},{\"@type\":\"BreadcrumbList\",\"@id\":\"https:\/\/www.reconoce.mx\/?p=69152#breadcrumb\",\"itemListElement\":[{\"@type\":\"ListItem\",\"position\":1,\"name\":\"Portada\",\"item\":\"http:\/\/www.reconoce.mx\/\"},{\"@type\":\"ListItem\",\"position\":2,\"name\":\"Las pel\u00edculas que nos marcaron este 2017\"}]},{\"@type\":\"WebSite\",\"@id\":\"http:\/\/www.reconoce.mx\/#website\",\"url\":\"http:\/\/www.reconoce.mx\/\",\"name\":\"Reconoce MX\",\"description\":\"En Reconoce MX difundimos arte, cultura y conciencia social en M\u00e9xico. Tu ciudad en otra perspectiva.\",\"publisher\":{\"@id\":\"http:\/\/www.reconoce.mx\/#organization\"},\"potentialAction\":[{\"@type\":\"SearchAction\",\"target\":{\"@type\":\"EntryPoint\",\"urlTemplate\":\"http:\/\/www.reconoce.mx\/?s={search_term_string}\"},\"query-input\":{\"@type\":\"PropertyValueSpecification\",\"valueRequired\":true,\"valueName\":\"search_term_string\"}}],\"inLanguage\":\"es\"},{\"@type\":\"Organization\",\"@id\":\"http:\/\/www.reconoce.mx\/#organization\",\"name\":\"Reconoce MX\",\"url\":\"http:\/\/www.reconoce.mx\/\",\"logo\":{\"@type\":\"ImageObject\",\"inLanguage\":\"es\",\"@id\":\"http:\/\/www.reconoce.mx\/#\/schema\/logo\/image\/\",\"url\":\"https:\/\/www.reconoce.mx\/wp-content\/uploads\/2019\/03\/logorcmx-good-1.png\",\"contentUrl\":\"https:\/\/www.reconoce.mx\/wp-content\/uploads\/2019\/03\/logorcmx-good-1.png\",\"width\":280,\"height\":90,\"caption\":\"Reconoce MX\"},\"image\":{\"@id\":\"http:\/\/www.reconoce.mx\/#\/schema\/logo\/image\/\"},\"sameAs\":[\"https:\/\/es-la.facebook.com\/ReconoceMX\/\",\"https:\/\/x.com\/reconocemx\",\"http:\/\/@reconocemx\"]},{\"@type\":\"Person\",\"@id\":\"http:\/\/www.reconoce.mx\/#\/schema\/person\/2117e997d7051dc15d6880eaf9bca0b2\",\"name\":\"Reconoce MX\",\"image\":{\"@type\":\"ImageObject\",\"inLanguage\":\"es\",\"@id\":\"http:\/\/www.reconoce.mx\/#\/schema\/person\/image\/\",\"url\":\"https:\/\/secure.gravatar.com\/avatar\/6c8d4dc7569ca1c90c5fdcc349f839d5ddef6fe1e70b4337ead2ef1a4c43fc3a?s=96&d=identicon&r=g\",\"contentUrl\":\"https:\/\/secure.gravatar.com\/avatar\/6c8d4dc7569ca1c90c5fdcc349f839d5ddef6fe1e70b4337ead2ef1a4c43fc3a?s=96&d=identicon&r=g\",\"caption\":\"Reconoce MX\"},\"description\":\"Reconoce MX es un proyecto de difusi\u00f3n art\u00edstica, cultural y de conciencia social que est\u00e1 enfocado a difundir y fomentar el entretenimiento alternativo de calidad para todo el p\u00fablico que comparta el mismo entusiasmo.\",\"sameAs\":[\"http:\/\/www.reconoce.mx\"],\"url\":\"http:\/\/www.reconoce.mx\/?author=2\"}]}<\/script>\n<!-- \/ Yoast SEO plugin. -->","yoast_head_json":{"title":"Las pel\u00edculas que nos marcaron este 2017 &#171; Reconoce MX","robots":{"index":"index","follow":"follow","max-snippet":"max-snippet:-1","max-image-preview":"max-image-preview:large","max-video-preview":"max-video-preview:-1"},"canonical":"https:\/\/www.reconoce.mx\/?p=69152","og_locale":"es_ES","og_type":"article","og_title":"Las pel\u00edculas que nos marcaron este 2017 &#171; Reconoce MX","og_description":"Todo mundo arma sus listas de \u201clo mejor del a\u00f1o\u201d, nosotros no. Lo que hicimos fue simplemente preguntarle a nuestros colaboradores qu\u00e9 fue lo que m\u00e1s les impact\u00f3 durante 2017.","og_url":"https:\/\/www.reconoce.mx\/?p=69152","og_site_name":"Reconoce MX","article_publisher":"https:\/\/es-la.facebook.com\/ReconoceMX\/","article_published_time":"2017-12-26T06:03:57+00:00","article_modified_time":"2018-12-27T07:50:31+00:00","og_image":[{"width":590,"height":380,"url":"https:\/\/www.reconoce.mx\/wp-content\/uploads\/2017\/12\/pel\u00edculas-2017.png","type":"image\/png"}],"author":"Reconoce MX","twitter_card":"summary_large_image","twitter_creator":"@reconocemx","twitter_site":"@reconocemx","twitter_misc":{"Escrito por":"Reconoce MX","Tiempo de lectura":"11 minutos"},"schema":{"@context":"https:\/\/schema.org","@graph":[{"@type":"Article","@id":"https:\/\/www.reconoce.mx\/?p=69152#article","isPartOf":{"@id":"https:\/\/www.reconoce.mx\/?p=69152"},"author":{"name":"Reconoce MX","@id":"http:\/\/www.reconoce.mx\/#\/schema\/person\/2117e997d7051dc15d6880eaf9bca0b2"},"headline":"Las pel\u00edculas que nos marcaron este 2017","datePublished":"2017-12-26T06:03:57+00:00","dateModified":"2018-12-27T07:50:31+00:00","mainEntityOfPage":{"@id":"https:\/\/www.reconoce.mx\/?p=69152"},"wordCount":2246,"commentCount":0,"publisher":{"@id":"http:\/\/www.reconoce.mx\/#organization"},"image":{"@id":"https:\/\/www.reconoce.mx\/?p=69152#primaryimage"},"thumbnailUrl":"http:\/\/www.reconoce.mx\/wp-content\/uploads\/2017\/12\/pel\u00edculas-2017.png","articleSection":["Cine","Cultura","Principal"],"inLanguage":"es","potentialAction":[{"@type":"CommentAction","name":"Comment","target":["https:\/\/www.reconoce.mx\/?p=69152#respond"]}]},{"@type":"WebPage","@id":"https:\/\/www.reconoce.mx\/?p=69152","url":"https:\/\/www.reconoce.mx\/?p=69152","name":"Las pel\u00edculas que nos marcaron este 2017 &#171; Reconoce MX","isPartOf":{"@id":"http:\/\/www.reconoce.mx\/#website"},"primaryImageOfPage":{"@id":"https:\/\/www.reconoce.mx\/?p=69152#primaryimage"},"image":{"@id":"https:\/\/www.reconoce.mx\/?p=69152#primaryimage"},"thumbnailUrl":"http:\/\/www.reconoce.mx\/wp-content\/uploads\/2017\/12\/pel\u00edculas-2017.png","datePublished":"2017-12-26T06:03:57+00:00","dateModified":"2018-12-27T07:50:31+00:00","breadcrumb":{"@id":"https:\/\/www.reconoce.mx\/?p=69152#breadcrumb"},"inLanguage":"es","potentialAction":[{"@type":"ReadAction","target":["https:\/\/www.reconoce.mx\/?p=69152"]}]},{"@type":"ImageObject","inLanguage":"es","@id":"https:\/\/www.reconoce.mx\/?p=69152#primaryimage","url":"http:\/\/www.reconoce.mx\/wp-content\/uploads\/2017\/12\/pel\u00edculas-2017.png","contentUrl":"http:\/\/www.reconoce.mx\/wp-content\/uploads\/2017\/12\/pel\u00edculas-2017.png","width":590,"height":380},{"@type":"BreadcrumbList","@id":"https:\/\/www.reconoce.mx\/?p=69152#breadcrumb","itemListElement":[{"@type":"ListItem","position":1,"name":"Portada","item":"http:\/\/www.reconoce.mx\/"},{"@type":"ListItem","position":2,"name":"Las pel\u00edculas que nos marcaron este 2017"}]},{"@type":"WebSite","@id":"http:\/\/www.reconoce.mx\/#website","url":"http:\/\/www.reconoce.mx\/","name":"Reconoce MX","description":"En Reconoce MX difundimos arte, cultura y conciencia social en M\u00e9xico. Tu ciudad en otra perspectiva.","publisher":{"@id":"http:\/\/www.reconoce.mx\/#organization"},"potentialAction":[{"@type":"SearchAction","target":{"@type":"EntryPoint","urlTemplate":"http:\/\/www.reconoce.mx\/?s={search_term_string}"},"query-input":{"@type":"PropertyValueSpecification","valueRequired":true,"valueName":"search_term_string"}}],"inLanguage":"es"},{"@type":"Organization","@id":"http:\/\/www.reconoce.mx\/#organization","name":"Reconoce MX","url":"http:\/\/www.reconoce.mx\/","logo":{"@type":"ImageObject","inLanguage":"es","@id":"http:\/\/www.reconoce.mx\/#\/schema\/logo\/image\/","url":"https:\/\/www.reconoce.mx\/wp-content\/uploads\/2019\/03\/logorcmx-good-1.png","contentUrl":"https:\/\/www.reconoce.mx\/wp-content\/uploads\/2019\/03\/logorcmx-good-1.png","width":280,"height":90,"caption":"Reconoce MX"},"image":{"@id":"http:\/\/www.reconoce.mx\/#\/schema\/logo\/image\/"},"sameAs":["https:\/\/es-la.facebook.com\/ReconoceMX\/","https:\/\/x.com\/reconocemx","http:\/\/@reconocemx"]},{"@type":"Person","@id":"http:\/\/www.reconoce.mx\/#\/schema\/person\/2117e997d7051dc15d6880eaf9bca0b2","name":"Reconoce MX","image":{"@type":"ImageObject","inLanguage":"es","@id":"http:\/\/www.reconoce.mx\/#\/schema\/person\/image\/","url":"https:\/\/secure.gravatar.com\/avatar\/6c8d4dc7569ca1c90c5fdcc349f839d5ddef6fe1e70b4337ead2ef1a4c43fc3a?s=96&d=identicon&r=g","contentUrl":"https:\/\/secure.gravatar.com\/avatar\/6c8d4dc7569ca1c90c5fdcc349f839d5ddef6fe1e70b4337ead2ef1a4c43fc3a?s=96&d=identicon&r=g","caption":"Reconoce MX"},"description":"Reconoce MX es un proyecto de difusi\u00f3n art\u00edstica, cultural y de conciencia social que est\u00e1 enfocado a difundir y fomentar el entretenimiento alternativo de calidad para todo el p\u00fablico que comparta el mismo entusiasmo.","sameAs":["http:\/\/www.reconoce.mx"],"url":"http:\/\/www.reconoce.mx\/?author=2"}]}},"_links":{"self":[{"href":"http:\/\/www.reconoce.mx\/index.php?rest_route=\/wp\/v2\/posts\/69152","targetHints":{"allow":["GET"]}}],"collection":[{"href":"http:\/\/www.reconoce.mx\/index.php?rest_route=\/wp\/v2\/posts"}],"about":[{"href":"http:\/\/www.reconoce.mx\/index.php?rest_route=\/wp\/v2\/types\/post"}],"author":[{"embeddable":true,"href":"http:\/\/www.reconoce.mx\/index.php?rest_route=\/wp\/v2\/users\/2"}],"replies":[{"embeddable":true,"href":"http:\/\/www.reconoce.mx\/index.php?rest_route=%2Fwp%2Fv2%2Fcomments&post=69152"}],"version-history":[{"count":13,"href":"http:\/\/www.reconoce.mx\/index.php?rest_route=\/wp\/v2\/posts\/69152\/revisions"}],"predecessor-version":[{"id":79394,"href":"http:\/\/www.reconoce.mx\/index.php?rest_route=\/wp\/v2\/posts\/69152\/revisions\/79394"}],"wp:featuredmedia":[{"embeddable":true,"href":"http:\/\/www.reconoce.mx\/index.php?rest_route=\/wp\/v2\/media\/69154"}],"wp:attachment":[{"href":"http:\/\/www.reconoce.mx\/index.php?rest_route=%2Fwp%2Fv2%2Fmedia&parent=69152"}],"wp:term":[{"taxonomy":"category","embeddable":true,"href":"http:\/\/www.reconoce.mx\/index.php?rest_route=%2Fwp%2Fv2%2Fcategories&post=69152"},{"taxonomy":"post_tag","embeddable":true,"href":"http:\/\/www.reconoce.mx\/index.php?rest_route=%2Fwp%2Fv2%2Ftags&post=69152"}],"curies":[{"name":"wp","href":"https:\/\/api.w.org\/{rel}","templated":true}]}}