{"id":69163,"date":"2017-12-26T00:02:51","date_gmt":"2017-12-26T06:02:51","guid":{"rendered":"http:\/\/www.reconoce.mx\/?p=69163"},"modified":"2018-12-27T10:12:29","modified_gmt":"2018-12-27T16:12:29","slug":"los-eventos-que-nos-marcaron-este-2017","status":"publish","type":"post","link":"http:\/\/www.reconoce.mx\/?p=69163","title":{"rendered":"Los eventos que nos marcaron este 2017"},"content":{"rendered":"<p><strong>Compilado por <a title=\"@enriquefa86\" href=\"http:\/\/twitter.com\/enriquefa86\" target=\"_blank\" rel=\"noopener\">Enrique Figueroa Anaya<\/a><\/strong>.<\/p>\n<p>Todo mundo arma sus listas de \u201clo mejor del a\u00f1o\u201d, nosotros no. Lo que hicimos fue simplemente preguntarle a nuestros colaboradores qu\u00e9 fue lo que m\u00e1s les impact\u00f3 durante 2017, porque sabemos que el gusto se rompe en g\u00e9neros, y porque tambi\u00e9n sabemos que todas esas listas que se califican de objetivas\u2026 tienen mucho de subjetivas. La pregunta es, tambi\u00e9n para t\u00ed, <strong>\u00bfqu\u00e9 evento de 2017 te marc\u00f3?<\/strong><\/p>\n<p><strong><a title=\"@alejandroglatt\" href=\"https:\/\/twitter.com\/alejandroglatt\" target=\"_blank\" rel=\"noopener\">Alejandro Glatt<\/a><\/strong>: <span data-ft=\"{&quot;tn&quot;:&quot;K&quot;}\"><span class=\"UFICommentBody\">Festival <strong>Tr\u00f3pico<\/strong>. No existe nada m\u00e1s euf\u00f3rico y emocionante que terminar la presi\u00f3n y crisis de este a\u00f1o tan complicado lleno de movimientos (desde oscilatorios hasta trepidatorios) con buena m\u00fasica, muchos amigos y los pies cubiertos de arena. <\/span><\/span><\/p>\n<p><strong><a href=\"https:\/\/twitter.com\/SandyMW13\" target=\"_blank\" rel=\"noopener\">Sandyluz<\/a><\/strong>: Haber impartido Escritura Creativa y Estructuras Narrativas en el <strong>Tec de Monterrey<\/strong>, porque siempre fue un sue\u00f1o, una ilusi\u00f3n dar una clase de escritura; por fin se pudo y eso me hizo muy feliz; me dio una inspiraci\u00f3n inaudita y dej\u00f3 la puertita abierta, para que esta escritora incipiente que soy, se siga desbordando \u00abpor aqu\u00ed y por all\u00e1\u00bb.<strong><br \/>\n<\/strong><\/p>\n<p><strong><a href=\"https:\/\/twitter.com\/alice_freckles\" target=\"_blank\" rel=\"noopener\">Alicia \u00c1vila<\/a><\/strong>: No puedo elegir uno solo, hubo varios conciertos que tuve la oportunidad de asistir y me marcaron este a\u00f1o: <strong>Kings Of Leon<\/strong>, <strong>The Neighbourhood<\/strong>, <strong>Oh Wonder<\/strong> e <strong>Interpol<\/strong>; pero sobre todo, el haber tenido la oportunidad de asistir al <strong>Festival 212 de RMX<\/strong> en Guadalajara. Adem\u00e1s de que se presentaron muchas de mis bandas favoritas en espa\u00f1ol &#8211;<strong>Clubz<\/strong>, <strong>Rey Pila<\/strong>, <strong>Indios<\/strong>, <strong>Baltazar<\/strong>-, pude conocer nuevas propuestas musicales, disfrutar de un show diferente y regresar a uno de mis sitios favoritos fuera de la ciudad.<\/p>\n<p><strong><a href=\"https:\/\/twitter.com\/arigato30\" target=\"_blank\" rel=\"noopener\">Ligiaele<\/a><\/strong>: La f\u00e1cil ser\u00eda el sismo, volv\u00ed a nacer pr\u00e1cticamente; pero en realidad el nacimiento de un integrante de mi familia, me volv\u00ed a enamorar.<\/p>\n<p><strong><a href=\"https:\/\/twitter.com\/Jimeamezcua\" target=\"_blank\" rel=\"noopener\">Jimena Amezcua<\/a><\/strong>: Todo lo que me pas\u00f3 espec\u00edficamente en el \u00e1rea profesional, el tener que pausar un semestre y tratar de encontrar mi paz, entrar a trabajar por primera vez a una empresa grande y ser God\u00ednez de medio tiempo, seguir estudiando, trabajando y hacer lo que me gusta al mismo tiempo. Tener a toda mi familia y amigos para disfrutar de la vida.<\/p>\n<p><strong><a href=\"https:\/\/twitter.com\/tebo349\" target=\"_blank\" rel=\"noopener\">Esteban Hern\u00e1ndez Tam\u00e9s<\/a><\/strong>: La Ciudad de M\u00e9xico es una ciudad repleta de festivales de m\u00fasica y conciertos. De pronto nos vimos acostumbrados a los anuales Vive Latino, Corona Capital y Ceremonia. Este a\u00f1o lleg\u00f3 por sorpresa el <strong>Festival An\u00f3nimo<\/strong> en el <strong>Pepsi Center WTC<\/strong> y la verdad me vol\u00f3 la cabeza. La mezcla de proyectos emergentes como <strong>Baltazar<\/strong> (una de las mejores bandas de la escena independiente mexicana), <strong>J\u00f3sean Log<\/strong> y <strong>Sabino<\/strong> con los ya conocidos <strong>Porter<\/strong>, <strong>Technicolor Fabrics<\/strong> y <strong>Siddhartha<\/strong>, hizo del 3 de junio uno de mis d\u00edas favoritos del a\u00f1o. A pesar de tener poco p\u00fablico, el <strong>Festival An\u00f3nimo<\/strong> me mantuvo sonriendo durante meses, siempre es incre\u00edble ver crecer a un festival, conocer proyectos nuevos, y ver a tus bandas favoritas en un mismo lugar.<\/p>\n<p><strong><a title=\"@EloisaCb\" href=\"https:\/\/twitter.com\/EloisaCb\" target=\"_blank\" rel=\"noopener\">Eloise Cornelio Belmont<\/a><\/strong>: Este a\u00f1o tuve la oportunidad de vivir en la ciudad de Beijing (que ahora s\u00e9, literalmente significa \u00abcapital del norte\u00bb en mandar\u00edn). Una experiencia que sin duda te cambia la vida. Nadie habla ingl\u00e9s, las costumbres son muy diferentes a las mexicanas, aprendes que la contaminaci\u00f3n de la Ciudad de M\u00e9xico est\u00e1 dentro de todo, a\u00fan soportable (\u00bf?) y tambi\u00e9n, pude conocer de primera mano mucho de la cultura asi\u00e1tica: sus costumbres para comer, para dormir, convivir con las personas, un poco de su forma de entender el mundo y de sus antiguas filosof\u00edas. China es un pa\u00eds para los aventureros y los valientes, y en verdad recomiendo que despu\u00e9s de un viaje por Europa la gente decida ir a Asia para entender lo que es un genuino cultural shock.<\/p>\n<p><strong><span class=\"st\"><a href=\"https:\/\/twitter.com\/Amauryshow\" target=\"_blank\" rel=\"noopener\">Amaury Berdejo<\/a><\/span><\/strong>: Hubo eventos de gran calidad en nuestro pa\u00eds en 2017, y uno en particular me sorprendi\u00f3 por el gran trabajo tecnol\u00f3gico dispuesto para el show en vivo: <strong>The 1975<\/strong> en el <strong>Pepsi Center WTC<\/strong>. La banda me gustaba, pero sin duda ver las impecables ejecuciones de iluminaci\u00f3n, animaciones y texturas visuales con las que desarrollan su acto fue simplemente impactante. Llevando al l\u00edmite su concepto retro ochentero, los l\u00e1sers, claroscuros y los tonos pastel le dieron una gran credibilidad a su trabajo en vivo: desde ese d\u00eda los recomiendo ampliamente.<\/p>\n<p><strong>Llavesita<\/strong>: El evento fue el concierto de <strong>U2<\/strong>, al cual pens\u00e9 que todo se pon\u00eda en mi contra para asistir y de repente me encontraba ah\u00ed, con todos mis recuerdos, extra\u00f1ando a mi compa\u00f1ero habitual de estos eventos, mi adorado Max, y con el coraz\u00f3n de un gran amigo devastado en mis manos. Fueron m\u00faltiples emociones para una sola noche y todas muy profundas. Creo que el universo es tan grande y tan peque\u00f1o a la vez que todo lo re\u00fane y pone en su lugar.<\/p>\n<p><a href=\"http:\/\/www.reconoce.mx\/category\/columnistas\/pisando-callos\/\" target=\"_blank\" rel=\"noopener\"><strong>Max Barahona<\/strong><\/a>: El evento que me marc\u00f3 y del qu a\u00fan sigo nervioso, fue el terremoto del 19 de septiembre de 2017; tanto que no fui al concierto de <strong>U2<\/strong> donde ya ten\u00eda el boleto pagado desde un a\u00f1o antes, pero no pod\u00eda estar en alg\u00fan lugar donde hubiera mucha gente ya que pensaba que si volv\u00eda a temblar, pod\u00eda pasar algo muy tr\u00e1gico. Ni modo, ya con terapia y <em>coco wash<\/em> pude salir y por fin de nuevo ir al cine sin pensar qu\u00e9 pasar\u00eda si temblara de nuevo.<\/p>\n<p><strong><a href=\"https:\/\/twitter.com\/MoreMoreMor3\" target=\"_blank\" rel=\"noopener noreferrer\">Morelia Mart\u00ednez Rodr\u00edguez<\/a><\/strong>: Tanto la canci\u00f3n como el evento que me han marcado en este 2017 tienen conexi\u00f3n. \u00abTan lejos\u00bb de <strong>No Te Va Gustar<\/strong>. El 26 de octubre se present\u00f3 <strong>No Te Va Gustar<\/strong> en Morelia como parte del <strong>Circuito Indio<\/strong> en su secci\u00f3n \u00abExtra\u00bb. Desde que me top\u00e9 con esta banda uruguaya siempre me gustaron, por ello aprovech\u00e9 cubrir la presentaci\u00f3n y previo escuch\u00e9 su discograf\u00eda. Me top\u00e9 con esta rola y me movi\u00f3, as\u00ed como otras canciones m\u00e1s, y escucharlas en vivo, todo cambi\u00f3. Dos d\u00edas despu\u00e9s falleci\u00f3 mi pap\u00e1, la rola y la banda han sido las \u00fanicas que me han dado fuerzas para seguir.<\/p>\n<p><strong><a href=\"https:\/\/twitter.com\/JACSPhoto\" target=\"_blank\" rel=\"noopener noreferrer\">Joaqu\u00edn Cervantes<\/a><\/strong>: En cuanto un evento musical, <strong>Grouplove<\/strong> en el <strong>Corona Capital<\/strong> por su originalidad. Un evento lamentable, el temblor por su impacto.<\/p>\n<p><strong> <a href=\"https:\/\/twitter.com\/valeriaramosp\" target=\"_blank\" rel=\"noopener noreferrer\">Valeria Ramos<\/a><\/strong>: La impotencia es uno de los sentimientos m\u00e1s dolorosos que cualquier persona puede sentir. El p\u00e1nico, el miedo, la angustia\u2026 todos esos sentimientos se esfumaron despu\u00e9s de unos d\u00edas, pero la impotencia permaneci\u00f3. El sismo del 19 de septiembre fue uno de los eventos m\u00e1s tr\u00e1gicos que le ha pasado a nuestro pa\u00eds desde 1985. Poner las noticias y ver los edificios ca\u00eddos, las personas atrapadas, el saldo de muertos, nada parec\u00eda real. Nunca hab\u00eda sentido m\u00e1s amor por mi pa\u00eds que cuando fui a una farmacia y todo estaba agotado, cuando fui a un s\u00faper y los pasillos estaban saqueados, llenos de gente comprando todo para poder donarlo y mandarlo a quienes lo necesitaran; ver a gente con la que jam\u00e1s te has acercado yendo a brigadas nocturnas para sacar escombros y abriendo sus casas a aquellos que lo perdieron todo\u2026 podr\u00e9 haberme sentido impotente por no poder hacer una diferencia m\u00e1s grande, pero tambi\u00e9n me sent\u00ed m\u00e1s orgullosa de lo que cre\u00ed posible por nuestro pa\u00eds y la diferencia que sus ciudadanos pueden hacer.<\/p>\n<p><strong><a title=\"@animalceluloide\" href=\"https:\/\/twitter.com\/animalceluloide\" target=\"_blank\" rel=\"noopener noreferrer\">Ana Esc\u00e1rcega<\/a><\/strong>: El evento que marc\u00f3 mi 2017, fue indiscutiblemente el haberme independizado completamente y mudarme a vivir sola por primera vez (viv\u00eda con mi exnovio).<\/p>\n<p><strong><a href=\"https:\/\/www.instagram.com\/alexcfranco\/\" target=\"_blank\" rel=\"noopener noreferrer\">Alexandra Careaga Franco<\/a><\/strong>: Terremoto del 19 de septiembre. Me hizo vivir la historia de terror que solo escuch\u00e1bamos en las historias de nuestros padres, asimismo pude ver de lo capaces que somos de llegar lejos los mexicanos cuando nos unimos y creamos una meta en com\u00fan.<\/p>\n<p><strong><a href=\"https:\/\/twitter.com\/monceymrh\" target=\"_blank\" rel=\"noopener noreferrer\">Yamileth Moncerrat Ram\u00edrez Hern\u00e1ndez<\/a><\/strong>: La participaci\u00f3n de <strong>The Horrors<\/strong> en el <strong>Hellow Festival<\/strong>, justo cuando comenz\u00f3 su show todos los amigos nos encontramos all\u00e1 y la pasamos muy bonito.<\/p>\n<p><strong><a title=\"@danielhiga_al\" href=\"https:\/\/twitter.com\/danielhiga_al\" target=\"_blank\" rel=\"noopener noreferrer\">Daniel Higa Alquicira<\/a><\/strong>: <strong>Caf\u00e9 Tacvba<\/strong> en <strong>Arena Ciudad de M\u00e9xico<\/strong>. Comprob\u00e9 que es uno de los mejores grupos de la historia de M\u00e9xico.<\/p>\n<p><strong> <a href=\"https:\/\/twitter.com\/heelraff\" target=\"_blank\" rel=\"noopener noreferrer\">Rafael P\u00e9rez Aldana<\/a><\/strong>: Sin duda alguna el mejor evento del a\u00f1o y tal vez uno de los mejores a los que he tenido la oportunidad de asistir fue el <strong>Hellow Festival<\/strong>, el pasado 26 de agosto en la ciudad de Monterrey. Desde el d\u00eda en que se liber\u00f3 el cartel sab\u00edamos que se robar\u00eda la atenci\u00f3n de todos debido a su artista principal, <strong>Kendrick Lamar<\/strong>. Adem\u00e1s de estar incluidos artistas de talla internacional como <strong>LCD Soundsystem<\/strong>, <strong>Weezer<\/strong>, <strong>The Horrors<\/strong>, <strong>Steve Aoki<\/strong> y <strong>DJ Snake<\/strong>. El consolidado rapero de Compton nos fascin\u00f3 son su \u00e1lbum \u00abDamn\u00bb que tuvo muchos himnos durante todo este 2017 y con el que arras\u00f3 en nominaciones para la pr\u00f3xima entrega de los <strong>Grammy<\/strong>. Definitivamente fue una dicha contar con el show de Kendrick en nuestro pa\u00eds, quien lo hizo por primera vez y esperamos que no sea la \u00faltima..<\/p>\n<p><strong><a href=\"https:\/\/twitter.com\/soandreea\" target=\"_blank\" rel=\"noopener\">Andrea Ram\u00edrez<\/a><\/strong>: El aniversario de \u00abTurn on the bright lights\u00bb en <strong>Pepsi Center WTC.<\/strong> Volver a ver a <strong>Interpol<\/strong> en vivo tocando uno de los mejores \u00e1lbumes y escuchar canciones favoritas como \u00abSpecialist\u00bb, fue sin duda el evento que marc\u00f3 mi 2017.<\/p>\n<p><strong><a href=\"https:\/\/twitter.com\/Wallflowerlolu\" target=\"_blank\" rel=\"noopener\">Yuriko Alhel\u00ed Hidalgo Mart\u00ednez<\/a><\/strong>: Definitivamente \u00abInfinite Content Tour\u00bb de <strong>Arcade Fire<\/strong>. Fue un concierto con un incre\u00edble <em>performance<\/em>, lleno de sorpresas desde el primer segundo. La banda, a pesar del recinto en el que se presentaban (<strong>Auditorio Nacional<\/strong>), convivieron con sus seguidores, hablaron con ellos, mostraron gran empat\u00eda con respecto a la situaci\u00f3n actual de nuestro pa\u00eds, hicieron cantar, bailar y llorar a todo su p\u00fablico, y todo con gran cari\u00f1o y pasi\u00f3n. M\u00e1s all\u00e1 de haber sido un gran concierto, fue una maravillosa fiesta.<\/p>\n<p><strong><a href=\"https:\/\/www.instagram.com\/miriam_alavez\/\" target=\"_blank\" rel=\"noopener\">Miriam Alavez<\/a><\/strong>: Concierto de <strong>Motorama<\/strong>. Me es complicado seleccionar un solo evento, pues pude asistir a Human Tetris, Steel Panther, Vive Latino 2017, Hawaiian Gremlins &amp; Young Tender, Reyno, 20 a\u00f1os de Molotov, Enjambre &amp; Siddhartha, Reggae Latino 2017, Kings Of Leon, Motorama, Los Victorios, Corona Capital 2017, Camilo S\u00e9ptimo y Enjambre en Auditorio Nacional. Yo creo me quedo con <strong>Motorama<\/strong> en primer lugar; siempre hab\u00eda querido verlos, en las dos veces que visitaron M\u00e9xico no alcanc\u00e9 ticket, y fue hasta este a\u00f1o que pude deleitar mi sentido auditivo con su \u00abTour Dialogues\u00bb. Fue un concierto muy especial porque fui acompa\u00f1ada por mis hermanos, mismos que me obsequiaron el pase y lo disfrutamos al m\u00e1ximo.<\/p>\n<p><strong><a href=\"https:\/\/twitter.com\/Diana_Go08\" target=\"_blank\" rel=\"noopener noreferrer\">Diana Vel\u00e1zquez Gonz\u00e1lez<\/a><\/strong>: Creo que no fue solo un evento que me marc\u00f3 a mi, sino a todos los mexicanos. y fue el sismo del 19 de septiembre. Desde que era peque\u00f1a y ve\u00eda cada 19 de septiembre esta conmemoraci\u00f3n en la televisi\u00f3n, me llenaba de miedo el que algo as\u00ed de verdad haya pasado; y aunque los a\u00f1os pasaran no dejaba de sorprenderme la cat\u00e1strofe que fue para el pa\u00eds, y c\u00f3mo al final M\u00e9xico sali\u00f3 adelante. Al pensar en esas cosas una sensaci\u00f3n de miedo me llenaba el cuerpo, porque no quer\u00eda que jam\u00e1s pasara eso, hasta este 19 de septiembre del 2017; vi ese miedo convertirse en realidad. Fue un hecho sumamente impactante y que, aunque pas\u00f3 hace unos meses todav\u00eda, hay secuelas que no debemos de perder de vista.<\/p>\n<p><strong><a title=\"@AsfaltosTweets\" href=\"http:\/\/twitter.com\/AsfaltosTweets\" target=\"_blank\" rel=\"noopener\">Asfaltos<\/a><\/strong>: El concierto de <strong>U2<\/strong>. Es la quinta vez que veo a <strong>U2<\/strong> en vivo, cuando curiosamente hace 20 a\u00f1os pensaba enstristecido que nunca lo iba a hacer. El marco, despu\u00e9s de los sismos de septiembre de este a\u00f1o, fue inmejorable. Un concierto aut\u00e9nticamente cat\u00e1rtico acompa\u00f1ado de dos de mis mejores amigas. Puff&#8230; Escuchar por fin \u00abBad\u00bb en vivo no tuvo madre; y ni qu\u00e9 decir de escuchar completito del mismo modo mi \u00e1lbum favorito, \u00abThe Joshua Tree\u00bb.<\/p>\n<p><strong><a title=\"@enriquefa86\" href=\"https:\/\/twitter.com\/enriquefa86\" target=\"_blank\" rel=\"noopener\">Enrique Figueroa Anaya<\/a><\/strong>: Los sismos de septiembre de 2017&#8230; Siempre tuve un respeto tremendo por los sismos, porque mis pap\u00e1s vivieron en la colonia Roma el de 1985. El destino guardaba, 32 a\u00f1os despu\u00e9s, que viviera uno en la misma colonia. La solidaridad vivida en una zona de desastre es una experiencia que jam\u00e1s se volver\u00e1 a repetir. Menci\u00f3n honor\u00edfica a todo el equipo de <span style=\"color: #a81f25;\"><strong>Reconoce MX<\/strong><\/span>, a muchos de los que arriba comparten sus eventos del a\u00f1o: son el mejor equipo informativo y humano del mundo. Fue una experiencia tremenda, como medio informativo, un sismo como el del 19 de septiembre de 2017. Nos marc\u00f3 para siempre.<\/p>\n<h2 style=\"text-align: center;\"><strong><a href=\"http:\/\/www.reconoce.mx\/los-eventos-que-nos-marcaron-este-2011\/\" target=\"_blank\" rel=\"noopener\">2011<\/a> | <a href=\"http:\/\/www.reconoce.mx\/los-eventos-que-nos-marcaron-este-2012\/\" target=\"_blank\" rel=\"noopener\">2012<\/a> | <a href=\"http:\/\/www.reconoce.mx\/los-eventos-que-nos-marcaron-este-2013\/\" target=\"_blank\" rel=\"noopener\">2013<\/a> | <a href=\"http:\/\/www.reconoce.mx\/los-eventos-que-nos-marcaron-este-2014\/\" target=\"_blank\" rel=\"noopener\">2014<\/a> | <a href=\"http:\/\/www.reconoce.mx\/los-eventos-que-nos-marcaron-este-2015\/\" target=\"_blank\" rel=\"noopener\">2015<\/a> | <a href=\"http:\/\/www.reconoce.mx\/las-eventos-que-nos-marcaron-este-2016\/\" target=\"_blank\" rel=\"noopener\">2016<\/a> | 2017 | <a href=\"http:\/\/www.reconoce.mx\/los-eventos-que-nos-marcaron-este-2018\/\" target=\"_blank\" rel=\"noopener\">2018<\/a><\/strong><\/h2>\n<p style=\"text-align: right;\">Foto: <strong>Cat Zheng<\/strong>.<\/p>\n<p>&nbsp;<\/p>\n<p>&nbsp;<\/p>\n","protected":false},"excerpt":{"rendered":"<p>Todo mundo arma sus listas de \u201clo mejor del a\u00f1o\u201d, nosotros no. Lo que hicimos fue simplemente preguntarle a nuestros colaboradores qu\u00e9 fue lo que m\u00e1s les impact\u00f3 durante 2017.<\/p>\n","protected":false},"author":2,"featured_media":69164,"comment_status":"open","ping_status":"open","sticky":false,"template":"","format":"standard","meta":{"footnotes":""},"categories":[43,17],"tags":[],"class_list":["post-69163","post","type-post","status-publish","format-standard","has-post-thumbnail","hentry","category-conciencia","category-principal"],"yoast_head":"<!-- This site is optimized with the Yoast SEO plugin v24.7 - https:\/\/yoast.com\/wordpress\/plugins\/seo\/ -->\n<title>Los eventos que nos marcaron este 2017 &#171; Reconoce MX<\/title>\n<meta name=\"robots\" content=\"index, follow, max-snippet:-1, max-image-preview:large, max-video-preview:-1\" \/>\n<link rel=\"canonical\" href=\"https:\/\/www.reconoce.mx\/?p=69163\" \/>\n<meta property=\"og:locale\" content=\"es_ES\" \/>\n<meta property=\"og:type\" content=\"article\" \/>\n<meta property=\"og:title\" content=\"Los eventos que nos marcaron este 2017 &#171; Reconoce MX\" \/>\n<meta property=\"og:description\" content=\"Todo mundo arma sus listas de \u201clo mejor del a\u00f1o\u201d, nosotros no. Lo que hicimos fue simplemente preguntarle a nuestros colaboradores qu\u00e9 fue lo que m\u00e1s les impact\u00f3 durante 2017.\" \/>\n<meta property=\"og:url\" content=\"https:\/\/www.reconoce.mx\/?p=69163\" \/>\n<meta property=\"og:site_name\" content=\"Reconoce MX\" \/>\n<meta property=\"article:publisher\" content=\"https:\/\/es-la.facebook.com\/ReconoceMX\/\" \/>\n<meta property=\"article:published_time\" content=\"2017-12-26T06:02:51+00:00\" \/>\n<meta property=\"article:modified_time\" content=\"2018-12-27T16:12:29+00:00\" \/>\n<meta property=\"og:image\" content=\"https:\/\/www.reconoce.mx\/wp-content\/uploads\/2017\/12\/eventos-2017.png\" \/>\n\t<meta property=\"og:image:width\" content=\"590\" \/>\n\t<meta property=\"og:image:height\" content=\"380\" \/>\n\t<meta property=\"og:image:type\" content=\"image\/png\" \/>\n<meta name=\"author\" content=\"Reconoce MX\" \/>\n<meta name=\"twitter:card\" content=\"summary_large_image\" \/>\n<meta name=\"twitter:creator\" content=\"@reconocemx\" \/>\n<meta name=\"twitter:site\" content=\"@reconocemx\" \/>\n<meta name=\"twitter:label1\" content=\"Escrito por\" \/>\n\t<meta name=\"twitter:data1\" content=\"Reconoce MX\" \/>\n\t<meta name=\"twitter:label2\" content=\"Tiempo de lectura\" \/>\n\t<meta name=\"twitter:data2\" content=\"11 minutos\" \/>\n<script type=\"application\/ld+json\" class=\"yoast-schema-graph\">{\"@context\":\"https:\/\/schema.org\",\"@graph\":[{\"@type\":\"Article\",\"@id\":\"https:\/\/www.reconoce.mx\/?p=69163#article\",\"isPartOf\":{\"@id\":\"https:\/\/www.reconoce.mx\/?p=69163\"},\"author\":{\"name\":\"Reconoce MX\",\"@id\":\"http:\/\/www.reconoce.mx\/#\/schema\/person\/2117e997d7051dc15d6880eaf9bca0b2\"},\"headline\":\"Los eventos que nos marcaron este 2017\",\"datePublished\":\"2017-12-26T06:02:51+00:00\",\"dateModified\":\"2018-12-27T16:12:29+00:00\",\"mainEntityOfPage\":{\"@id\":\"https:\/\/www.reconoce.mx\/?p=69163\"},\"wordCount\":2153,\"commentCount\":0,\"publisher\":{\"@id\":\"http:\/\/www.reconoce.mx\/#organization\"},\"image\":{\"@id\":\"https:\/\/www.reconoce.mx\/?p=69163#primaryimage\"},\"thumbnailUrl\":\"http:\/\/www.reconoce.mx\/wp-content\/uploads\/2017\/12\/eventos-2017.png\",\"articleSection\":[\"Conciencia\",\"Principal\"],\"inLanguage\":\"es\",\"potentialAction\":[{\"@type\":\"CommentAction\",\"name\":\"Comment\",\"target\":[\"https:\/\/www.reconoce.mx\/?p=69163#respond\"]}]},{\"@type\":\"WebPage\",\"@id\":\"https:\/\/www.reconoce.mx\/?p=69163\",\"url\":\"https:\/\/www.reconoce.mx\/?p=69163\",\"name\":\"Los eventos que nos marcaron este 2017 &#171; Reconoce MX\",\"isPartOf\":{\"@id\":\"http:\/\/www.reconoce.mx\/#website\"},\"primaryImageOfPage\":{\"@id\":\"https:\/\/www.reconoce.mx\/?p=69163#primaryimage\"},\"image\":{\"@id\":\"https:\/\/www.reconoce.mx\/?p=69163#primaryimage\"},\"thumbnailUrl\":\"http:\/\/www.reconoce.mx\/wp-content\/uploads\/2017\/12\/eventos-2017.png\",\"datePublished\":\"2017-12-26T06:02:51+00:00\",\"dateModified\":\"2018-12-27T16:12:29+00:00\",\"breadcrumb\":{\"@id\":\"https:\/\/www.reconoce.mx\/?p=69163#breadcrumb\"},\"inLanguage\":\"es\",\"potentialAction\":[{\"@type\":\"ReadAction\",\"target\":[\"https:\/\/www.reconoce.mx\/?p=69163\"]}]},{\"@type\":\"ImageObject\",\"inLanguage\":\"es\",\"@id\":\"https:\/\/www.reconoce.mx\/?p=69163#primaryimage\",\"url\":\"http:\/\/www.reconoce.mx\/wp-content\/uploads\/2017\/12\/eventos-2017.png\",\"contentUrl\":\"http:\/\/www.reconoce.mx\/wp-content\/uploads\/2017\/12\/eventos-2017.png\",\"width\":590,\"height\":380},{\"@type\":\"BreadcrumbList\",\"@id\":\"https:\/\/www.reconoce.mx\/?p=69163#breadcrumb\",\"itemListElement\":[{\"@type\":\"ListItem\",\"position\":1,\"name\":\"Portada\",\"item\":\"http:\/\/www.reconoce.mx\/\"},{\"@type\":\"ListItem\",\"position\":2,\"name\":\"Los eventos que nos marcaron este 2017\"}]},{\"@type\":\"WebSite\",\"@id\":\"http:\/\/www.reconoce.mx\/#website\",\"url\":\"http:\/\/www.reconoce.mx\/\",\"name\":\"Reconoce MX\",\"description\":\"En Reconoce MX difundimos arte, cultura y conciencia social en M\u00e9xico. Tu ciudad en otra perspectiva.\",\"publisher\":{\"@id\":\"http:\/\/www.reconoce.mx\/#organization\"},\"potentialAction\":[{\"@type\":\"SearchAction\",\"target\":{\"@type\":\"EntryPoint\",\"urlTemplate\":\"http:\/\/www.reconoce.mx\/?s={search_term_string}\"},\"query-input\":{\"@type\":\"PropertyValueSpecification\",\"valueRequired\":true,\"valueName\":\"search_term_string\"}}],\"inLanguage\":\"es\"},{\"@type\":\"Organization\",\"@id\":\"http:\/\/www.reconoce.mx\/#organization\",\"name\":\"Reconoce MX\",\"url\":\"http:\/\/www.reconoce.mx\/\",\"logo\":{\"@type\":\"ImageObject\",\"inLanguage\":\"es\",\"@id\":\"http:\/\/www.reconoce.mx\/#\/schema\/logo\/image\/\",\"url\":\"https:\/\/www.reconoce.mx\/wp-content\/uploads\/2019\/03\/logorcmx-good-1.png\",\"contentUrl\":\"https:\/\/www.reconoce.mx\/wp-content\/uploads\/2019\/03\/logorcmx-good-1.png\",\"width\":280,\"height\":90,\"caption\":\"Reconoce MX\"},\"image\":{\"@id\":\"http:\/\/www.reconoce.mx\/#\/schema\/logo\/image\/\"},\"sameAs\":[\"https:\/\/es-la.facebook.com\/ReconoceMX\/\",\"https:\/\/x.com\/reconocemx\",\"http:\/\/@reconocemx\"]},{\"@type\":\"Person\",\"@id\":\"http:\/\/www.reconoce.mx\/#\/schema\/person\/2117e997d7051dc15d6880eaf9bca0b2\",\"name\":\"Reconoce MX\",\"image\":{\"@type\":\"ImageObject\",\"inLanguage\":\"es\",\"@id\":\"http:\/\/www.reconoce.mx\/#\/schema\/person\/image\/\",\"url\":\"https:\/\/secure.gravatar.com\/avatar\/6c8d4dc7569ca1c90c5fdcc349f839d5ddef6fe1e70b4337ead2ef1a4c43fc3a?s=96&d=identicon&r=g\",\"contentUrl\":\"https:\/\/secure.gravatar.com\/avatar\/6c8d4dc7569ca1c90c5fdcc349f839d5ddef6fe1e70b4337ead2ef1a4c43fc3a?s=96&d=identicon&r=g\",\"caption\":\"Reconoce MX\"},\"description\":\"Reconoce MX es un proyecto de difusi\u00f3n art\u00edstica, cultural y de conciencia social que est\u00e1 enfocado a difundir y fomentar el entretenimiento alternativo de calidad para todo el p\u00fablico que comparta el mismo entusiasmo.\",\"sameAs\":[\"http:\/\/www.reconoce.mx\"],\"url\":\"http:\/\/www.reconoce.mx\/?author=2\"}]}<\/script>\n<!-- \/ Yoast SEO plugin. -->","yoast_head_json":{"title":"Los eventos que nos marcaron este 2017 &#171; Reconoce MX","robots":{"index":"index","follow":"follow","max-snippet":"max-snippet:-1","max-image-preview":"max-image-preview:large","max-video-preview":"max-video-preview:-1"},"canonical":"https:\/\/www.reconoce.mx\/?p=69163","og_locale":"es_ES","og_type":"article","og_title":"Los eventos que nos marcaron este 2017 &#171; Reconoce MX","og_description":"Todo mundo arma sus listas de \u201clo mejor del a\u00f1o\u201d, nosotros no. Lo que hicimos fue simplemente preguntarle a nuestros colaboradores qu\u00e9 fue lo que m\u00e1s les impact\u00f3 durante 2017.","og_url":"https:\/\/www.reconoce.mx\/?p=69163","og_site_name":"Reconoce MX","article_publisher":"https:\/\/es-la.facebook.com\/ReconoceMX\/","article_published_time":"2017-12-26T06:02:51+00:00","article_modified_time":"2018-12-27T16:12:29+00:00","og_image":[{"width":590,"height":380,"url":"https:\/\/www.reconoce.mx\/wp-content\/uploads\/2017\/12\/eventos-2017.png","type":"image\/png"}],"author":"Reconoce MX","twitter_card":"summary_large_image","twitter_creator":"@reconocemx","twitter_site":"@reconocemx","twitter_misc":{"Escrito por":"Reconoce MX","Tiempo de lectura":"11 minutos"},"schema":{"@context":"https:\/\/schema.org","@graph":[{"@type":"Article","@id":"https:\/\/www.reconoce.mx\/?p=69163#article","isPartOf":{"@id":"https:\/\/www.reconoce.mx\/?p=69163"},"author":{"name":"Reconoce MX","@id":"http:\/\/www.reconoce.mx\/#\/schema\/person\/2117e997d7051dc15d6880eaf9bca0b2"},"headline":"Los eventos que nos marcaron este 2017","datePublished":"2017-12-26T06:02:51+00:00","dateModified":"2018-12-27T16:12:29+00:00","mainEntityOfPage":{"@id":"https:\/\/www.reconoce.mx\/?p=69163"},"wordCount":2153,"commentCount":0,"publisher":{"@id":"http:\/\/www.reconoce.mx\/#organization"},"image":{"@id":"https:\/\/www.reconoce.mx\/?p=69163#primaryimage"},"thumbnailUrl":"http:\/\/www.reconoce.mx\/wp-content\/uploads\/2017\/12\/eventos-2017.png","articleSection":["Conciencia","Principal"],"inLanguage":"es","potentialAction":[{"@type":"CommentAction","name":"Comment","target":["https:\/\/www.reconoce.mx\/?p=69163#respond"]}]},{"@type":"WebPage","@id":"https:\/\/www.reconoce.mx\/?p=69163","url":"https:\/\/www.reconoce.mx\/?p=69163","name":"Los eventos que nos marcaron este 2017 &#171; Reconoce MX","isPartOf":{"@id":"http:\/\/www.reconoce.mx\/#website"},"primaryImageOfPage":{"@id":"https:\/\/www.reconoce.mx\/?p=69163#primaryimage"},"image":{"@id":"https:\/\/www.reconoce.mx\/?p=69163#primaryimage"},"thumbnailUrl":"http:\/\/www.reconoce.mx\/wp-content\/uploads\/2017\/12\/eventos-2017.png","datePublished":"2017-12-26T06:02:51+00:00","dateModified":"2018-12-27T16:12:29+00:00","breadcrumb":{"@id":"https:\/\/www.reconoce.mx\/?p=69163#breadcrumb"},"inLanguage":"es","potentialAction":[{"@type":"ReadAction","target":["https:\/\/www.reconoce.mx\/?p=69163"]}]},{"@type":"ImageObject","inLanguage":"es","@id":"https:\/\/www.reconoce.mx\/?p=69163#primaryimage","url":"http:\/\/www.reconoce.mx\/wp-content\/uploads\/2017\/12\/eventos-2017.png","contentUrl":"http:\/\/www.reconoce.mx\/wp-content\/uploads\/2017\/12\/eventos-2017.png","width":590,"height":380},{"@type":"BreadcrumbList","@id":"https:\/\/www.reconoce.mx\/?p=69163#breadcrumb","itemListElement":[{"@type":"ListItem","position":1,"name":"Portada","item":"http:\/\/www.reconoce.mx\/"},{"@type":"ListItem","position":2,"name":"Los eventos que nos marcaron este 2017"}]},{"@type":"WebSite","@id":"http:\/\/www.reconoce.mx\/#website","url":"http:\/\/www.reconoce.mx\/","name":"Reconoce MX","description":"En Reconoce MX difundimos arte, cultura y conciencia social en M\u00e9xico. Tu ciudad en otra perspectiva.","publisher":{"@id":"http:\/\/www.reconoce.mx\/#organization"},"potentialAction":[{"@type":"SearchAction","target":{"@type":"EntryPoint","urlTemplate":"http:\/\/www.reconoce.mx\/?s={search_term_string}"},"query-input":{"@type":"PropertyValueSpecification","valueRequired":true,"valueName":"search_term_string"}}],"inLanguage":"es"},{"@type":"Organization","@id":"http:\/\/www.reconoce.mx\/#organization","name":"Reconoce MX","url":"http:\/\/www.reconoce.mx\/","logo":{"@type":"ImageObject","inLanguage":"es","@id":"http:\/\/www.reconoce.mx\/#\/schema\/logo\/image\/","url":"https:\/\/www.reconoce.mx\/wp-content\/uploads\/2019\/03\/logorcmx-good-1.png","contentUrl":"https:\/\/www.reconoce.mx\/wp-content\/uploads\/2019\/03\/logorcmx-good-1.png","width":280,"height":90,"caption":"Reconoce MX"},"image":{"@id":"http:\/\/www.reconoce.mx\/#\/schema\/logo\/image\/"},"sameAs":["https:\/\/es-la.facebook.com\/ReconoceMX\/","https:\/\/x.com\/reconocemx","http:\/\/@reconocemx"]},{"@type":"Person","@id":"http:\/\/www.reconoce.mx\/#\/schema\/person\/2117e997d7051dc15d6880eaf9bca0b2","name":"Reconoce MX","image":{"@type":"ImageObject","inLanguage":"es","@id":"http:\/\/www.reconoce.mx\/#\/schema\/person\/image\/","url":"https:\/\/secure.gravatar.com\/avatar\/6c8d4dc7569ca1c90c5fdcc349f839d5ddef6fe1e70b4337ead2ef1a4c43fc3a?s=96&d=identicon&r=g","contentUrl":"https:\/\/secure.gravatar.com\/avatar\/6c8d4dc7569ca1c90c5fdcc349f839d5ddef6fe1e70b4337ead2ef1a4c43fc3a?s=96&d=identicon&r=g","caption":"Reconoce MX"},"description":"Reconoce MX es un proyecto de difusi\u00f3n art\u00edstica, cultural y de conciencia social que est\u00e1 enfocado a difundir y fomentar el entretenimiento alternativo de calidad para todo el p\u00fablico que comparta el mismo entusiasmo.","sameAs":["http:\/\/www.reconoce.mx"],"url":"http:\/\/www.reconoce.mx\/?author=2"}]}},"_links":{"self":[{"href":"http:\/\/www.reconoce.mx\/index.php?rest_route=\/wp\/v2\/posts\/69163","targetHints":{"allow":["GET"]}}],"collection":[{"href":"http:\/\/www.reconoce.mx\/index.php?rest_route=\/wp\/v2\/posts"}],"about":[{"href":"http:\/\/www.reconoce.mx\/index.php?rest_route=\/wp\/v2\/types\/post"}],"author":[{"embeddable":true,"href":"http:\/\/www.reconoce.mx\/index.php?rest_route=\/wp\/v2\/users\/2"}],"replies":[{"embeddable":true,"href":"http:\/\/www.reconoce.mx\/index.php?rest_route=%2Fwp%2Fv2%2Fcomments&post=69163"}],"version-history":[{"count":7,"href":"http:\/\/www.reconoce.mx\/index.php?rest_route=\/wp\/v2\/posts\/69163\/revisions"}],"predecessor-version":[{"id":79409,"href":"http:\/\/www.reconoce.mx\/index.php?rest_route=\/wp\/v2\/posts\/69163\/revisions\/79409"}],"wp:featuredmedia":[{"embeddable":true,"href":"http:\/\/www.reconoce.mx\/index.php?rest_route=\/wp\/v2\/media\/69164"}],"wp:attachment":[{"href":"http:\/\/www.reconoce.mx\/index.php?rest_route=%2Fwp%2Fv2%2Fmedia&parent=69163"}],"wp:term":[{"taxonomy":"category","embeddable":true,"href":"http:\/\/www.reconoce.mx\/index.php?rest_route=%2Fwp%2Fv2%2Fcategories&post=69163"},{"taxonomy":"post_tag","embeddable":true,"href":"http:\/\/www.reconoce.mx\/index.php?rest_route=%2Fwp%2Fv2%2Ftags&post=69163"}],"curies":[{"name":"wp","href":"https:\/\/api.w.org\/{rel}","templated":true}]}}