{"id":69170,"date":"2017-12-25T00:03:55","date_gmt":"2017-12-25T06:03:55","guid":{"rendered":"http:\/\/www.reconoce.mx\/?p=69170"},"modified":"2018-12-31T00:08:25","modified_gmt":"2018-12-31T06:08:25","slug":"5rolasparalasemana-mis-10-mexicanas-de-2017","status":"publish","type":"post","link":"http:\/\/www.reconoce.mx\/?p=69170","title":{"rendered":"#5RolasParaLaSemana: Mis 10 mexicanas de 2017"},"content":{"rendered":"<p><strong>Por <a title=\"@AsfaltosTweets\" href=\"http:\/\/twitter.com\/AsfaltosTweets\" target=\"_blank\" rel=\"noopener noreferrer\">Asfaltos<\/a><\/strong>.<\/p>\n<p>La primera vez que empec\u00e9 este listado semanal, en septiembre de 2016, lo propuse con la idea de mejorar nuestro pulso con respecto a las canciones que se estrenan en la escena musical nacional. Aunque siempre abiertos a propuestas en espa\u00f1ol de fuera que enriquecieran el listado semanal, el objetivo original de este espacio era llegar a un ejercicio como el de hoy (\u00a1algo que finalmente logro tras un a\u00f1o completo!). No, mis CINCO Lunes musical y Jueves independiente de 2017 (as\u00ed como la selecci\u00f3n grupal de canciones entre todos los claboradores) no se demeritan con este nuevo listado, puesto que como bien especifico en cada uno de ellos (el de los lunes pueden checarlo ya), \u00e9stos guardan siempre una propuesta y din\u00e1mica distintas; pero eso s\u00ed, si son atentos, ver\u00e1n que 2 de las canciones incluidas en mis CINCO Lunes musical se cuelan en este nuevo recuento anual. Eso s\u00ed, de acuerdo a la opini\u00f3n de su servidor, y de acuerdo al trabajo semanal que realizo en las <a href=\"http:\/\/www.reconoce.mx\/category\/cultura\/musica\/5rolasparalasemana\/\" target=\"_blank\" rel=\"noopener noreferrer\">#5RolasParaLaSemana<\/a>, me aventuro a seleccionar \u00abMis 10 mexicanas de 2017\u00bb. S\u00ed, se vale polemizar, criticar o en su defecto aplaudir&#8230; si cabe, claro.<\/p>\n<p>Pero antes, y como lo realizo en mis otros listados, algunas aclaraciones pertinentes. 1) Este listado s\u00ed pretende seleccionar las 10 canciones que m\u00e1s me gustaron en 2017 como Editor de M\u00fasica de <span style=\"color: #a81f25;\"><strong>Reconoce MX<\/strong><\/span>. 2) Se seleccionaron sencillos promocionales estrenados \u00fanicamente en 2017. 3) Se presentan en estricto orden alfab\u00e9tico de los grupos\/int\u00e9rpretes. 4) Se incluyen canciones del <a href=\"http:\/\/www.reconoce.mx\/category\/cultura\/musica\/lunes-musical-musica\/\" target=\"_blank\" rel=\"noopener\">Lunes musical<\/a> semanal (secci\u00f3n dedicada a canciones nacionales de corte independiente, con la \u00fanica regla de no repetir nunca un grupo); as\u00ed como del listado semanal <a href=\"http:\/\/www.reconoce.mx\/category\/cultura\/musica\/5rolasparalasemana\/\" target=\"_blank\" rel=\"noopener noreferrer\">#5RolasParaLaSemana<\/a>. 5) Como complemento a los comentarios con los que acompa\u00f1o a las canciones, uso las mismas palabras con las que les present\u00e9 en su momento las canciones. 6) Como complemento a este ejercicio invit\u00e9 a la Coeditora de M\u00fasica de <strong>Reconoce MX<\/strong>, <strong>Alicia \u00c1vila<\/strong>, y al colaborador de M\u00fasica,<strong> Amaury Berdejo<\/strong>, a un ejercicio a\u00fan m\u00e1s amplio en el que revisamos \u00abLas mejores canciones de 2017\u00bb en uno de los\u00a0<a href=\"http:\/\/mx.ivoox.com\/es\/podcast-lacasetadeasfalto_sq_f1399257_1.html\" target=\"_blank\" rel=\"noopener\">#PodcastRCMX<\/a> especiales de fin de a\u00f1o que podr\u00e1n escuchar el pr\u00f3ximo 2 de enero de 2018.<\/p>\n<p>Una vez aclarado lo anterior, \u00a1s\u00fabanle al vol\u00famen!<\/p>\n<p><iframe loading=\"lazy\" src=\"https:\/\/www.deezer.com\/plugins\/player?format=square&amp;autoplay=false&amp;playlist=false&amp;width=300&amp;height=300&amp;color=007FEB&amp;layout=dark&amp;size=medium&amp;type=playlist&amp;id=3916865366&amp;app_id=1\" width=\"300\" height=\"300\" frameborder=\"0\" scrolling=\"no\"><\/iframe><\/p>\n<h2><strong>\u00abEl punto final\u00bb, de Centavrvs<br \/>\n<\/strong><\/h2>\n<p><a href=\"http:\/\/www.reconoce.mx\/wp-content\/uploads\/2017\/01\/centavrvs-punto-final.jpg\"><img loading=\"lazy\" decoding=\"async\" class=\"aligncenter size-full wp-image-57178\" src=\"http:\/\/www.reconoce.mx\/wp-content\/uploads\/2017\/01\/centavrvs-punto-final.jpg\" alt=\"\" width=\"960\" height=\"960\" srcset=\"http:\/\/www.reconoce.mx\/wp-content\/uploads\/2017\/01\/centavrvs-punto-final.jpg 960w, http:\/\/www.reconoce.mx\/wp-content\/uploads\/2017\/01\/centavrvs-punto-final-150x150.jpg 150w, http:\/\/www.reconoce.mx\/wp-content\/uploads\/2017\/01\/centavrvs-punto-final-300x300.jpg 300w, http:\/\/www.reconoce.mx\/wp-content\/uploads\/2017\/01\/centavrvs-punto-final-768x768.jpg 768w, http:\/\/www.reconoce.mx\/wp-content\/uploads\/2017\/01\/centavrvs-punto-final-65x65.jpg 65w, http:\/\/www.reconoce.mx\/wp-content\/uploads\/2017\/01\/centavrvs-punto-final-700x700.jpg 700w, http:\/\/www.reconoce.mx\/wp-content\/uploads\/2017\/01\/centavrvs-punto-final-658x658.jpg 658w\" sizes=\"auto, (max-width: 960px) 100vw, 960px\" \/><\/a><\/p>\n<p>\u00abEl punto final\u00bb de <strong>Centavrvs<\/strong> fue pr\u00e1cticamente una de las primeras canciones que escuch\u00e9 en el presente a\u00f1o; una -tambi\u00e9n- de las primeras que disfrut\u00e9. <strong>Rayo<\/strong>, <strong>Alan Santos<\/strong>, <strong>Paco Mart\u00ednez<\/strong> y <strong>Demi\u00e1n G\u00e1lvez<\/strong> se anotaron un aut\u00e9ntico 10 con una rola que \u00abatrapa desde un inicio, y sobre todo por la incorporaci\u00f3n en el tromb\u00f3n del m\u00fasico <strong>Rey David Alejandre<\/strong>, quien se sum\u00f3 a la aventura.\u00bb<\/p>\n<h2>\u00abPaseo sideral\u00bb, de Costera ft. Le\u00f3n Larregui<\/h2>\n<p><a href=\"http:\/\/www.reconoce.mx\/wp-content\/uploads\/2017\/02\/4f357174ab2f259fd9abf8a97ed49673b2b5f255.jpg\"><img loading=\"lazy\" decoding=\"async\" class=\"aligncenter size-full wp-image-57829\" src=\"http:\/\/www.reconoce.mx\/wp-content\/uploads\/2017\/02\/4f357174ab2f259fd9abf8a97ed49673b2b5f255.jpg\" alt=\"\" width=\"640\" height=\"640\" srcset=\"http:\/\/www.reconoce.mx\/wp-content\/uploads\/2017\/02\/4f357174ab2f259fd9abf8a97ed49673b2b5f255.jpg 640w, http:\/\/www.reconoce.mx\/wp-content\/uploads\/2017\/02\/4f357174ab2f259fd9abf8a97ed49673b2b5f255-150x150.jpg 150w, http:\/\/www.reconoce.mx\/wp-content\/uploads\/2017\/02\/4f357174ab2f259fd9abf8a97ed49673b2b5f255-300x300.jpg 300w, http:\/\/www.reconoce.mx\/wp-content\/uploads\/2017\/02\/4f357174ab2f259fd9abf8a97ed49673b2b5f255-65x65.jpg 65w\" sizes=\"auto, (max-width: 640px) 100vw, 640px\" \/><\/a><\/p>\n<p>Para los <strong>Costera<\/strong>, apadrinados por <strong>Zo\u00e9<\/strong>, ha sido un tremendo 2017. Vivieron una presentaci\u00f3n en el<strong> Vive Latino<\/strong>, y cerraron el a\u00f1o siendo parte del soundtrack de la pel\u00edcula \u00abCamino a Marte\u00bb. La verdad es que los <strong>Costera<\/strong>, liderados por <strong>Mauricio Garc\u00eda<\/strong> (ex Le Bar\u00f3n), la han sabido armar. \u00abAcompa\u00f1ados [&#8230;] nada mas y nada menos que por el vocal y l\u00edder de <strong>Zo\u00e9<\/strong>, <strong>Le\u00f3n Larregui<\/strong>, con &#8216;Paseo sideral&#8217; los <strong>Costera<\/strong> cumplen con lo que se presume, un aut\u00e9ntico viaje interestelar sonoro que despega con fuerza y sacude con potencia. Dulce, armoniosa, como lo que se sentir\u00eda flotar en gravedad cero, &#8216;Paseo sideral&#8217; de <strong>Costera<\/strong> es una delicia para los o\u00eddos.\u00bb<\/p>\n<h2><strong>\u00abTomar el sol\u00bb, de Lanza Internacional<\/strong><\/h2>\n<p><a href=\"http:\/\/www.reconoce.mx\/wp-content\/uploads\/2017\/10\/PORTADA-TOMAR-EL-SOL-@LIN-e1507537090202.jpg\"><img loading=\"lazy\" decoding=\"async\" class=\"aligncenter size-full wp-image-66683\" src=\"http:\/\/www.reconoce.mx\/wp-content\/uploads\/2017\/10\/PORTADA-TOMAR-EL-SOL-@LIN-e1507537090202.jpg\" alt=\"\" width=\"590\" height=\"590\" \/><\/a><\/p>\n<p><strong>Ricardo N\u00e1jera<\/strong>, ex Furland, es el responsable de que considere a los<strong> Lanza Internacional<\/strong> como un proyecto en parte mexicano; suma tambi\u00e9n que los ex Los Bunkers <strong>Mauricio y Francisco Dur\u00e1n<\/strong>, radican en nuestro pa\u00eds desde hace casi una d\u00e9cada. Pues bien, aclarado lo interior, ah\u00ed el porqu\u00e9 de colar la incre\u00edble \u00abTomar el sol\u00bb. \u00abA nivel personal la canci\u00f3n me parece un acierto tremendo, primero porque nos da cuenta de la curiosidad musical de este tr\u00edo de m\u00fasicos que juntos suenan maravillosamente bien; segundo porque junto con &#8216;Corredor&#8217; [&#8230;], &#8216;Tomar el sol&#8217; es una muy s\u00f3lida confirmaci\u00f3n de la promesa que es esta agrupaci\u00f3n. Musicalmente &#8216;Tomar el sol&#8217; resulta tremendamente emocionante, porque as\u00ed como nos provoca energ\u00eda, tambi\u00e9n nos pone un poco reflexivos. Desde luego que el jugueteo entre ritmos y coros terminan por hacer de la canci\u00f3n una de las m\u00e1s interesantes que hemos escuchado semana a semana&#8230;\u00bb.<\/p>\n<h2><strong>\u00abDarlo todo\u00bb, de Marissa Mur<\/strong><\/h2>\n<p><a href=\"http:\/\/www.reconoce.mx\/wp-content\/uploads\/2017\/12\/38119775_800_800.jpg\"><img loading=\"lazy\" decoding=\"async\" class=\"aligncenter size-full wp-image-69174\" src=\"http:\/\/www.reconoce.mx\/wp-content\/uploads\/2017\/12\/38119775_800_800.jpg\" alt=\"\" width=\"800\" height=\"800\" srcset=\"http:\/\/www.reconoce.mx\/wp-content\/uploads\/2017\/12\/38119775_800_800.jpg 800w, http:\/\/www.reconoce.mx\/wp-content\/uploads\/2017\/12\/38119775_800_800-150x150.jpg 150w, http:\/\/www.reconoce.mx\/wp-content\/uploads\/2017\/12\/38119775_800_800-300x300.jpg 300w, http:\/\/www.reconoce.mx\/wp-content\/uploads\/2017\/12\/38119775_800_800-768x768.jpg 768w, http:\/\/www.reconoce.mx\/wp-content\/uploads\/2017\/12\/38119775_800_800-65x65.jpg 65w, http:\/\/www.reconoce.mx\/wp-content\/uploads\/2017\/12\/38119775_800_800-700x700.jpg 700w, http:\/\/www.reconoce.mx\/wp-content\/uploads\/2017\/12\/38119775_800_800-658x658.jpg 658w\" sizes=\"auto, (max-width: 800px) 100vw, 800px\" \/><\/a><\/p>\n<p>Un aut\u00e9ntico apapacho sonoro, una voz privilegiada, una canci\u00f3n que cay\u00f3 en el momento justo. <strong>Marissa Mur<\/strong> es una de mis apuestas seguras para el pr\u00f3ximo a\u00f1o; su trabajo, afianzado en su enorme talento, har\u00e1n que d\u00e9 mucho de qu\u00e9 hablar el pr\u00f3ximo a\u00f1o. Meti\u00e9ndole algo de riesgo a este listado, la inclu\u00ed como una de mis 10 favoritas nacionales en general. (Revisar tambi\u00e9n las palabras que le dediqu\u00e9 en \u00abMis CINCO &#8216;Lunes musical&#8217; de 2017\u00bb).<\/p>\n<h2><strong>\u00abLo amo\u00bb, de Miss Blanc<\/strong><\/h2>\n<p><a href=\"http:\/\/www.reconoce.mx\/wp-content\/uploads\/2017\/12\/C3cwMgOUEAAr04G.jpg-large.jpg\"><img loading=\"lazy\" decoding=\"async\" class=\"aligncenter size-full wp-image-69175\" src=\"http:\/\/www.reconoce.mx\/wp-content\/uploads\/2017\/12\/C3cwMgOUEAAr04G.jpg-large.jpg\" alt=\"\" width=\"2048\" height=\"2048\" srcset=\"http:\/\/www.reconoce.mx\/wp-content\/uploads\/2017\/12\/C3cwMgOUEAAr04G.jpg-large.jpg 2048w, http:\/\/www.reconoce.mx\/wp-content\/uploads\/2017\/12\/C3cwMgOUEAAr04G.jpg-large-150x150.jpg 150w, http:\/\/www.reconoce.mx\/wp-content\/uploads\/2017\/12\/C3cwMgOUEAAr04G.jpg-large-300x300.jpg 300w, http:\/\/www.reconoce.mx\/wp-content\/uploads\/2017\/12\/C3cwMgOUEAAr04G.jpg-large-768x768.jpg 768w, http:\/\/www.reconoce.mx\/wp-content\/uploads\/2017\/12\/C3cwMgOUEAAr04G.jpg-large-1024x1024.jpg 1024w, http:\/\/www.reconoce.mx\/wp-content\/uploads\/2017\/12\/C3cwMgOUEAAr04G.jpg-large-65x65.jpg 65w, http:\/\/www.reconoce.mx\/wp-content\/uploads\/2017\/12\/C3cwMgOUEAAr04G.jpg-large-700x700.jpg 700w, http:\/\/www.reconoce.mx\/wp-content\/uploads\/2017\/12\/C3cwMgOUEAAr04G.jpg-large-658x658.jpg 658w\" sizes=\"auto, (max-width: 2048px) 100vw, 2048px\" \/><\/a><\/p>\n<p>Creo que esta es la canci\u00f3n m\u00e1s inesperada en mi listado, y sobre todo en \u00e9ste. Pero la verdad es que <strong>Miss Blanc<\/strong> se ha ganado este sitio por su originalidad, por la forma en la que ejecuta sus ideas musicales. No esoty muy seguro de cu\u00e1l ser\u00e1 su paso por el 2018 como proyecto solista; me encantar\u00eda que fuera muy venturoso y que as\u00ed m\u00e1s gente la escuchara. Por lo pronto, ac\u00e1 es una de mis 10 rolas nacionales favoritas en 2017. (Revisar las palabras que le dediqu\u00e9 en \u00abMis CINCO &#8216;Lunes musical&#8217; de 2017\u00bb).<\/p>\n<h2>\u00abT\u00fa s\u00ed sabes quererme\u00bb, de Natalia Lafourcade<\/h2>\n<p><a href=\"http:\/\/www.reconoce.mx\/wp-content\/uploads\/2017\/01\/Natalia-Lafourcade-T\u00fa-s\u00ed-sabes-quererme-2017-2480x2480.jpg\"><img loading=\"lazy\" decoding=\"async\" class=\"aligncenter size-full wp-image-57383\" src=\"http:\/\/www.reconoce.mx\/wp-content\/uploads\/2017\/01\/Natalia-Lafourcade-T\u00fa-s\u00ed-sabes-quererme-2017-2480x2480.jpg\" alt=\"\" width=\"2480\" height=\"2480\" srcset=\"http:\/\/www.reconoce.mx\/wp-content\/uploads\/2017\/01\/Natalia-Lafourcade-T\u00fa-s\u00ed-sabes-quererme-2017-2480x2480.jpg 2480w, http:\/\/www.reconoce.mx\/wp-content\/uploads\/2017\/01\/Natalia-Lafourcade-T\u00fa-s\u00ed-sabes-quererme-2017-2480x2480-150x150.jpg 150w, http:\/\/www.reconoce.mx\/wp-content\/uploads\/2017\/01\/Natalia-Lafourcade-T\u00fa-s\u00ed-sabes-quererme-2017-2480x2480-300x300.jpg 300w, http:\/\/www.reconoce.mx\/wp-content\/uploads\/2017\/01\/Natalia-Lafourcade-T\u00fa-s\u00ed-sabes-quererme-2017-2480x2480-768x768.jpg 768w, http:\/\/www.reconoce.mx\/wp-content\/uploads\/2017\/01\/Natalia-Lafourcade-T\u00fa-s\u00ed-sabes-quererme-2017-2480x2480-1024x1024.jpg 1024w, http:\/\/www.reconoce.mx\/wp-content\/uploads\/2017\/01\/Natalia-Lafourcade-T\u00fa-s\u00ed-sabes-quererme-2017-2480x2480-65x65.jpg 65w, http:\/\/www.reconoce.mx\/wp-content\/uploads\/2017\/01\/Natalia-Lafourcade-T\u00fa-s\u00ed-sabes-quererme-2017-2480x2480-700x700.jpg 700w, http:\/\/www.reconoce.mx\/wp-content\/uploads\/2017\/01\/Natalia-Lafourcade-T\u00fa-s\u00ed-sabes-quererme-2017-2480x2480-658x658.jpg 658w\" sizes=\"auto, (max-width: 2480px) 100vw, 2480px\" \/><\/a><\/p>\n<p>Natalia Lafourcade es la m\u00fasica m\u00e1s importante en nuestro pa\u00eds. Punto. Despu\u00e9s \u00abde su tremendo &#8216;Hasta la ra\u00edz&#8217; (2015) nos sorprende con un nuevo material. Original de la Lafourcade, con arreglos de <strong>Gustavo Guerrero<\/strong> y <strong>Cheche Alara<\/strong>, &#8216;T\u00fa si sabes quererme&#8217; naci\u00f3 en un cuarto de hotel junto al mar, mientras Natalia descansaba tranquila y satisfecha. En el comunicado de prensa que acompa\u00f1a a la melod\u00eda, se destaca que &#8216;T\u00fa s\u00ed sabes quererme&#8217; es una celebraci\u00f3n al amor valiente, el que sientes cuando ves a un ser amado y te decides a caminar junto a \u00e9l con disfrute y alegr\u00eda&#8217;. [&#8230;] Una melod\u00eda que emociona, una canci\u00f3n hermosa, una vuelta m\u00e1s de Natalia que nos hace pensar que es sin duda de las cantautoras m\u00e1s importantes en Am\u00e9rica Latina.\u00bb<\/p>\n<h2>\u00abNinjas\u00bb, de Rey Pila<\/h2>\n<p><a href=\"http:\/\/www.reconoce.mx\/wp-content\/uploads\/2017\/03\/17201314_10154247908287793_6548714480495234370_n.jpg\"><img loading=\"lazy\" decoding=\"async\" class=\"aligncenter size-full wp-image-58879\" src=\"http:\/\/www.reconoce.mx\/wp-content\/uploads\/2017\/03\/17201314_10154247908287793_6548714480495234370_n.jpg\" alt=\"\" width=\"960\" height=\"960\" srcset=\"http:\/\/www.reconoce.mx\/wp-content\/uploads\/2017\/03\/17201314_10154247908287793_6548714480495234370_n.jpg 960w, http:\/\/www.reconoce.mx\/wp-content\/uploads\/2017\/03\/17201314_10154247908287793_6548714480495234370_n-150x150.jpg 150w, http:\/\/www.reconoce.mx\/wp-content\/uploads\/2017\/03\/17201314_10154247908287793_6548714480495234370_n-300x300.jpg 300w, http:\/\/www.reconoce.mx\/wp-content\/uploads\/2017\/03\/17201314_10154247908287793_6548714480495234370_n-768x768.jpg 768w, http:\/\/www.reconoce.mx\/wp-content\/uploads\/2017\/03\/17201314_10154247908287793_6548714480495234370_n-65x65.jpg 65w, http:\/\/www.reconoce.mx\/wp-content\/uploads\/2017\/03\/17201314_10154247908287793_6548714480495234370_n-700x700.jpg 700w, http:\/\/www.reconoce.mx\/wp-content\/uploads\/2017\/03\/17201314_10154247908287793_6548714480495234370_n-658x658.jpg 658w\" sizes=\"auto, (max-width: 960px) 100vw, 960px\" \/><\/a><\/p>\n<p>Meti\u00e9ndole energ\u00eda al asunto, una de las rolas m\u00e1s trepidantes del a\u00f1o nos la regalaron los <strong>Rey Pila<\/strong>, quienes tuvieron por cierto una gran participaci\u00f3n en el festival <strong>Ceremonia<\/strong>. Su tema \u00abNinjas\u00bb \u00abentretiene y atrapa durante sus minutos de duraci\u00f3n. Parte de su pr\u00f3ximo EP &#8216;Wall of Goth&#8217;, los <strong>Rey Pila<\/strong> nos sorprenden con su reluciente sencillo &#8216;Ninjas&#8217;, con el que s\u00ed, si ustedes fueron de esos que dijeron &#8216;\u00a1pero suena a <strong>The Stroke<\/strong>s o a <strong>Julian Casablancas<\/strong>!&#8217;, le atinaron, pues en efecto los <strong>Rey Pila<\/strong> cuentan en el pr\u00f3ximo material con la labor en producci\u00f3n de <strong>Shawn Everett<\/strong> (productor de <strong>Alabama Shakes<\/strong>, <strong>Weezer<\/strong> y <strong>Julian Casablancas<\/strong>), as\u00ed como del mism\u00edsimo <strong>Julian Casablancas<\/strong>, ambos bajo el sello Cult Records.\u00bb<\/p>\n<h2>\u00abExplosi\u00f3n\u00bb, de Rubytates<\/h2>\n<p><a href=\"http:\/\/www.reconoce.mx\/wp-content\/uploads\/2017\/02\/16708232_10154983825548454_212015511477299744_n-1.png\"><img loading=\"lazy\" decoding=\"async\" class=\"aligncenter size-full wp-image-58101\" src=\"http:\/\/www.reconoce.mx\/wp-content\/uploads\/2017\/02\/16708232_10154983825548454_212015511477299744_n-1.png\" alt=\"\" width=\"960\" height=\"960\" srcset=\"http:\/\/www.reconoce.mx\/wp-content\/uploads\/2017\/02\/16708232_10154983825548454_212015511477299744_n-1.png 960w, http:\/\/www.reconoce.mx\/wp-content\/uploads\/2017\/02\/16708232_10154983825548454_212015511477299744_n-1-150x150.png 150w, http:\/\/www.reconoce.mx\/wp-content\/uploads\/2017\/02\/16708232_10154983825548454_212015511477299744_n-1-300x300.png 300w, http:\/\/www.reconoce.mx\/wp-content\/uploads\/2017\/02\/16708232_10154983825548454_212015511477299744_n-1-768x768.png 768w, http:\/\/www.reconoce.mx\/wp-content\/uploads\/2017\/02\/16708232_10154983825548454_212015511477299744_n-1-65x65.png 65w, http:\/\/www.reconoce.mx\/wp-content\/uploads\/2017\/02\/16708232_10154983825548454_212015511477299744_n-1-700x700.png 700w, http:\/\/www.reconoce.mx\/wp-content\/uploads\/2017\/02\/16708232_10154983825548454_212015511477299744_n-1-658x658.png 658w\" sizes=\"auto, (max-width: 960px) 100vw, 960px\" \/><\/a><\/p>\n<p>Es uno de mis grupos favoritos. Chicos trabajadores, los mexiquenses <strong>Rubytates<\/strong> se han ido ganando un lugar en la escena independiente nacional. \u00abLa sencillez de estos chicos que han empezado su carrera con el pie derecho, es sin duda uno de los elementos que m\u00e1s me gusta de los originarios del Estado de M\u00e9xico; sin embargo, su calidad sonora, es definitivamente lo que me hace ponerlos esta semana en esta posici\u00f3n. Con &#8216;Explosi\u00f3n&#8217;, adelanto del que es ya su anticipad\u00edsimo nuevo material titulado &#8216;Zafiro&#8217;, <strong>Rubytates<\/strong> nos regalan una rola fiel a su estilo en la que con suaves melod\u00edas y una dulce voz, la canci\u00f3n se queda impregnada y provoca en el alma precisamente eso&#8230; una &#8216;Explosi\u00f3n&#8217;. Canci\u00f3n para enamorados, para manos sudadas, para una tarde en el parque o en <strong>Casa del Lago<\/strong>.\u00bb<\/p>\n<h2><strong>\u00abAfrika\u00bb, de Sotomayor<\/strong><\/h2>\n<p><a href=\"http:\/\/www.reconoce.mx\/wp-content\/uploads\/2017\/06\/CONQUISTADOR_album-cover_credito_DR_ALDERETE.jpg\"><img loading=\"lazy\" decoding=\"async\" class=\"aligncenter size-full wp-image-62547\" src=\"http:\/\/www.reconoce.mx\/wp-content\/uploads\/2017\/06\/CONQUISTADOR_album-cover_credito_DR_ALDERETE.jpg\" alt=\"\" width=\"1500\" height=\"1500\" srcset=\"http:\/\/www.reconoce.mx\/wp-content\/uploads\/2017\/06\/CONQUISTADOR_album-cover_credito_DR_ALDERETE.jpg 1500w, http:\/\/www.reconoce.mx\/wp-content\/uploads\/2017\/06\/CONQUISTADOR_album-cover_credito_DR_ALDERETE-150x150.jpg 150w, http:\/\/www.reconoce.mx\/wp-content\/uploads\/2017\/06\/CONQUISTADOR_album-cover_credito_DR_ALDERETE-300x300.jpg 300w, http:\/\/www.reconoce.mx\/wp-content\/uploads\/2017\/06\/CONQUISTADOR_album-cover_credito_DR_ALDERETE-768x768.jpg 768w, http:\/\/www.reconoce.mx\/wp-content\/uploads\/2017\/06\/CONQUISTADOR_album-cover_credito_DR_ALDERETE-1024x1024.jpg 1024w, http:\/\/www.reconoce.mx\/wp-content\/uploads\/2017\/06\/CONQUISTADOR_album-cover_credito_DR_ALDERETE-65x65.jpg 65w, http:\/\/www.reconoce.mx\/wp-content\/uploads\/2017\/06\/CONQUISTADOR_album-cover_credito_DR_ALDERETE-700x700.jpg 700w, http:\/\/www.reconoce.mx\/wp-content\/uploads\/2017\/06\/CONQUISTADOR_album-cover_credito_DR_ALDERETE-658x658.jpg 658w\" sizes=\"auto, (max-width: 1500px) 100vw, 1500px\" \/><\/a><\/p>\n<p>Uno de los \u00e1lbumes m\u00e1s esperados de 2017 era el nuevo de los hermanos <strong>Sotomayor<\/strong>. \u00bfQu\u00e9 creen? No defraudaron. Ra\u00fal y Paulina nos regalaron un \u00e1lbum que da continuidad al sonido que tanto nos gusta de ellos. \u00ab&#8216;Afrika&#8217;, melod\u00eda que regresa el guapachoso ritmo de la banda, se llena tambi\u00e9n de un toque a oscuridad que resulta bastante bien para abrir el apetito de lo que nos espera en &#8216;Conquistador&#8217;.\u00bb \u00bfNo son ya los <strong>Sotomayor<\/strong> uno de los grupos m\u00e1s importates de la escena musical nacional?<\/p>\n<h2><strong>\u00abTips para ir de viaje\u00bb, de Vaya Futuro<\/strong><\/h2>\n<p><a href=\"http:\/\/www.reconoce.mx\/wp-content\/uploads\/2017\/06\/18813878_1448153415244687_2319227962432065395_n.jpg\"><img loading=\"lazy\" decoding=\"async\" class=\"aligncenter size-full wp-image-61843\" src=\"http:\/\/www.reconoce.mx\/wp-content\/uploads\/2017\/06\/18813878_1448153415244687_2319227962432065395_n.jpg\" alt=\"\" width=\"960\" height=\"960\" srcset=\"http:\/\/www.reconoce.mx\/wp-content\/uploads\/2017\/06\/18813878_1448153415244687_2319227962432065395_n.jpg 960w, http:\/\/www.reconoce.mx\/wp-content\/uploads\/2017\/06\/18813878_1448153415244687_2319227962432065395_n-150x150.jpg 150w, http:\/\/www.reconoce.mx\/wp-content\/uploads\/2017\/06\/18813878_1448153415244687_2319227962432065395_n-300x300.jpg 300w, http:\/\/www.reconoce.mx\/wp-content\/uploads\/2017\/06\/18813878_1448153415244687_2319227962432065395_n-768x768.jpg 768w, http:\/\/www.reconoce.mx\/wp-content\/uploads\/2017\/06\/18813878_1448153415244687_2319227962432065395_n-65x65.jpg 65w, http:\/\/www.reconoce.mx\/wp-content\/uploads\/2017\/06\/18813878_1448153415244687_2319227962432065395_n-700x700.jpg 700w, http:\/\/www.reconoce.mx\/wp-content\/uploads\/2017\/06\/18813878_1448153415244687_2319227962432065395_n-658x658.jpg 658w\" sizes=\"auto, (max-width: 960px) 100vw, 960px\" \/><\/a><\/p>\n<p>Quienes tambi\u00e9n tuvieron un extraordinario a\u00f1o, fueron los tijuanenses de <strong>Vaya Futuro<\/strong>. Tras un cambio de sello, arropados ahora por los trabajadores chilenos de <strong>Quemasucabeza<\/strong>, los <strong>Vaya Futuro<\/strong> lanzaron uno de los mejores \u00e1lbumes de 2017. \u00abTips para ir de viaje\u00bb da continuidad al sonido que ya disfrutamos de la banda, pero con un toque adicional de experiencia y callo. Su tema hom\u00f3nimo es una tremenda muestra de lo logrado por un grupo que se ha colocado como uno de los m\u00e1s interesantes en la escena musical de nuestro pa\u00eds. Emociona verlos crecer poco a poco. (<a href=\"http:\/\/mx.ivoox.com\/es\/podcastrcmx-conferencia-prensa-giff2017-cienciaexacta-de-audios-mp3_rf_19631983_1.html\" target=\"_blank\" rel=\"noopener\">Escuchen la charla que tuve con ellos en nuestro #PodcastRCMX<\/a>).<\/p>\n<h2 style=\"text-align: center;\"><strong>2017 | <a href=\"http:\/\/www.reconoce.mx\/5rolasparalasemana-mis-10-mexicanas-de-2018\/\">2018<\/a><\/strong><\/h2>\n<p style=\"text-align: right;\">Foto: <strong>Holger Prothmann<\/strong>.<\/p>\n<p>&nbsp;<\/p>\n<p>&nbsp;<\/p>\n","protected":false},"excerpt":{"rendered":"<p>Este listado s\u00ed pretende seleccionar las 10 canciones que m\u00e1s me gustaron en 2017 como Editor de M\u00fasica de Reconoce MX.<\/p>\n","protected":false},"author":2,"featured_media":52739,"comment_status":"open","ping_status":"open","sticky":false,"template":"","format":"standard","meta":{"footnotes":""},"categories":[2652,1,18,17],"tags":[],"class_list":["post-69170","post","type-post","status-publish","format-standard","has-post-thumbnail","hentry","category-5rolasparalasemana","category-cultura","category-musica","category-principal"],"yoast_head":"<!-- This site is optimized with the Yoast SEO plugin v24.7 - https:\/\/yoast.com\/wordpress\/plugins\/seo\/ -->\n<title>#5RolasParaLaSemana: Mis 10 mexicanas de 2017 &#171; Reconoce MX<\/title>\n<meta name=\"robots\" content=\"index, follow, max-snippet:-1, max-image-preview:large, max-video-preview:-1\" \/>\n<link rel=\"canonical\" href=\"https:\/\/www.reconoce.mx\/?p=69170\" \/>\n<meta property=\"og:locale\" content=\"es_ES\" \/>\n<meta property=\"og:type\" content=\"article\" \/>\n<meta property=\"og:title\" content=\"#5RolasParaLaSemana: Mis 10 mexicanas de 2017 &#171; Reconoce MX\" \/>\n<meta property=\"og:description\" content=\"Este listado s\u00ed pretende seleccionar las 10 canciones que m\u00e1s me gustaron en 2017 como Editor de M\u00fasica de Reconoce MX.\" \/>\n<meta property=\"og:url\" content=\"https:\/\/www.reconoce.mx\/?p=69170\" \/>\n<meta property=\"og:site_name\" content=\"Reconoce MX\" \/>\n<meta property=\"article:publisher\" content=\"https:\/\/es-la.facebook.com\/ReconoceMX\/\" \/>\n<meta property=\"article:published_time\" content=\"2017-12-25T06:03:55+00:00\" \/>\n<meta property=\"article:modified_time\" content=\"2018-12-31T06:08:25+00:00\" \/>\n<meta property=\"og:image\" content=\"https:\/\/www.reconoce.mx\/wp-content\/uploads\/2016\/09\/5RolasParaLaSemana-cover.png\" \/>\n\t<meta property=\"og:image:width\" content=\"590\" \/>\n\t<meta property=\"og:image:height\" content=\"380\" \/>\n\t<meta property=\"og:image:type\" content=\"image\/png\" \/>\n<meta name=\"author\" content=\"Reconoce MX\" \/>\n<meta name=\"twitter:card\" content=\"summary_large_image\" \/>\n<meta name=\"twitter:creator\" content=\"@reconocemx\" \/>\n<meta name=\"twitter:site\" content=\"@reconocemx\" \/>\n<meta name=\"twitter:label1\" content=\"Escrito por\" \/>\n\t<meta name=\"twitter:data1\" content=\"Reconoce MX\" \/>\n\t<meta name=\"twitter:label2\" content=\"Tiempo de lectura\" \/>\n\t<meta name=\"twitter:data2\" content=\"8 minutos\" \/>\n<script type=\"application\/ld+json\" class=\"yoast-schema-graph\">{\"@context\":\"https:\/\/schema.org\",\"@graph\":[{\"@type\":\"Article\",\"@id\":\"https:\/\/www.reconoce.mx\/?p=69170#article\",\"isPartOf\":{\"@id\":\"https:\/\/www.reconoce.mx\/?p=69170\"},\"author\":{\"name\":\"Reconoce MX\",\"@id\":\"http:\/\/www.reconoce.mx\/#\/schema\/person\/2117e997d7051dc15d6880eaf9bca0b2\"},\"headline\":\"#5RolasParaLaSemana: Mis 10 mexicanas de 2017\",\"datePublished\":\"2017-12-25T06:03:55+00:00\",\"dateModified\":\"2018-12-31T06:08:25+00:00\",\"mainEntityOfPage\":{\"@id\":\"https:\/\/www.reconoce.mx\/?p=69170\"},\"wordCount\":1598,\"commentCount\":0,\"publisher\":{\"@id\":\"http:\/\/www.reconoce.mx\/#organization\"},\"image\":{\"@id\":\"https:\/\/www.reconoce.mx\/?p=69170#primaryimage\"},\"thumbnailUrl\":\"http:\/\/www.reconoce.mx\/wp-content\/uploads\/2016\/09\/5RolasParaLaSemana-cover.png\",\"articleSection\":[\"#5RolasParaLaSemana\",\"Cultura\",\"M\u00fasica\",\"Principal\"],\"inLanguage\":\"es\",\"potentialAction\":[{\"@type\":\"CommentAction\",\"name\":\"Comment\",\"target\":[\"https:\/\/www.reconoce.mx\/?p=69170#respond\"]}]},{\"@type\":\"WebPage\",\"@id\":\"https:\/\/www.reconoce.mx\/?p=69170\",\"url\":\"https:\/\/www.reconoce.mx\/?p=69170\",\"name\":\"#5RolasParaLaSemana: Mis 10 mexicanas de 2017 &#171; Reconoce MX\",\"isPartOf\":{\"@id\":\"http:\/\/www.reconoce.mx\/#website\"},\"primaryImageOfPage\":{\"@id\":\"https:\/\/www.reconoce.mx\/?p=69170#primaryimage\"},\"image\":{\"@id\":\"https:\/\/www.reconoce.mx\/?p=69170#primaryimage\"},\"thumbnailUrl\":\"http:\/\/www.reconoce.mx\/wp-content\/uploads\/2016\/09\/5RolasParaLaSemana-cover.png\",\"datePublished\":\"2017-12-25T06:03:55+00:00\",\"dateModified\":\"2018-12-31T06:08:25+00:00\",\"breadcrumb\":{\"@id\":\"https:\/\/www.reconoce.mx\/?p=69170#breadcrumb\"},\"inLanguage\":\"es\",\"potentialAction\":[{\"@type\":\"ReadAction\",\"target\":[\"https:\/\/www.reconoce.mx\/?p=69170\"]}]},{\"@type\":\"ImageObject\",\"inLanguage\":\"es\",\"@id\":\"https:\/\/www.reconoce.mx\/?p=69170#primaryimage\",\"url\":\"http:\/\/www.reconoce.mx\/wp-content\/uploads\/2016\/09\/5RolasParaLaSemana-cover.png\",\"contentUrl\":\"http:\/\/www.reconoce.mx\/wp-content\/uploads\/2016\/09\/5RolasParaLaSemana-cover.png\",\"width\":590,\"height\":380},{\"@type\":\"BreadcrumbList\",\"@id\":\"https:\/\/www.reconoce.mx\/?p=69170#breadcrumb\",\"itemListElement\":[{\"@type\":\"ListItem\",\"position\":1,\"name\":\"Portada\",\"item\":\"http:\/\/www.reconoce.mx\/\"},{\"@type\":\"ListItem\",\"position\":2,\"name\":\"#5RolasParaLaSemana: Mis 10 mexicanas de 2017\"}]},{\"@type\":\"WebSite\",\"@id\":\"http:\/\/www.reconoce.mx\/#website\",\"url\":\"http:\/\/www.reconoce.mx\/\",\"name\":\"Reconoce MX\",\"description\":\"En Reconoce MX difundimos arte, cultura y conciencia social en M\u00e9xico. Tu ciudad en otra perspectiva.\",\"publisher\":{\"@id\":\"http:\/\/www.reconoce.mx\/#organization\"},\"potentialAction\":[{\"@type\":\"SearchAction\",\"target\":{\"@type\":\"EntryPoint\",\"urlTemplate\":\"http:\/\/www.reconoce.mx\/?s={search_term_string}\"},\"query-input\":{\"@type\":\"PropertyValueSpecification\",\"valueRequired\":true,\"valueName\":\"search_term_string\"}}],\"inLanguage\":\"es\"},{\"@type\":\"Organization\",\"@id\":\"http:\/\/www.reconoce.mx\/#organization\",\"name\":\"Reconoce MX\",\"url\":\"http:\/\/www.reconoce.mx\/\",\"logo\":{\"@type\":\"ImageObject\",\"inLanguage\":\"es\",\"@id\":\"http:\/\/www.reconoce.mx\/#\/schema\/logo\/image\/\",\"url\":\"https:\/\/www.reconoce.mx\/wp-content\/uploads\/2019\/03\/logorcmx-good-1.png\",\"contentUrl\":\"https:\/\/www.reconoce.mx\/wp-content\/uploads\/2019\/03\/logorcmx-good-1.png\",\"width\":280,\"height\":90,\"caption\":\"Reconoce MX\"},\"image\":{\"@id\":\"http:\/\/www.reconoce.mx\/#\/schema\/logo\/image\/\"},\"sameAs\":[\"https:\/\/es-la.facebook.com\/ReconoceMX\/\",\"https:\/\/x.com\/reconocemx\",\"http:\/\/@reconocemx\"]},{\"@type\":\"Person\",\"@id\":\"http:\/\/www.reconoce.mx\/#\/schema\/person\/2117e997d7051dc15d6880eaf9bca0b2\",\"name\":\"Reconoce MX\",\"image\":{\"@type\":\"ImageObject\",\"inLanguage\":\"es\",\"@id\":\"http:\/\/www.reconoce.mx\/#\/schema\/person\/image\/\",\"url\":\"https:\/\/secure.gravatar.com\/avatar\/6c8d4dc7569ca1c90c5fdcc349f839d5ddef6fe1e70b4337ead2ef1a4c43fc3a?s=96&d=identicon&r=g\",\"contentUrl\":\"https:\/\/secure.gravatar.com\/avatar\/6c8d4dc7569ca1c90c5fdcc349f839d5ddef6fe1e70b4337ead2ef1a4c43fc3a?s=96&d=identicon&r=g\",\"caption\":\"Reconoce MX\"},\"description\":\"Reconoce MX es un proyecto de difusi\u00f3n art\u00edstica, cultural y de conciencia social que est\u00e1 enfocado a difundir y fomentar el entretenimiento alternativo de calidad para todo el p\u00fablico que comparta el mismo entusiasmo.\",\"sameAs\":[\"http:\/\/www.reconoce.mx\"],\"url\":\"http:\/\/www.reconoce.mx\/?author=2\"}]}<\/script>\n<!-- \/ Yoast SEO plugin. -->","yoast_head_json":{"title":"#5RolasParaLaSemana: Mis 10 mexicanas de 2017 &#171; Reconoce MX","robots":{"index":"index","follow":"follow","max-snippet":"max-snippet:-1","max-image-preview":"max-image-preview:large","max-video-preview":"max-video-preview:-1"},"canonical":"https:\/\/www.reconoce.mx\/?p=69170","og_locale":"es_ES","og_type":"article","og_title":"#5RolasParaLaSemana: Mis 10 mexicanas de 2017 &#171; Reconoce MX","og_description":"Este listado s\u00ed pretende seleccionar las 10 canciones que m\u00e1s me gustaron en 2017 como Editor de M\u00fasica de Reconoce MX.","og_url":"https:\/\/www.reconoce.mx\/?p=69170","og_site_name":"Reconoce MX","article_publisher":"https:\/\/es-la.facebook.com\/ReconoceMX\/","article_published_time":"2017-12-25T06:03:55+00:00","article_modified_time":"2018-12-31T06:08:25+00:00","og_image":[{"width":590,"height":380,"url":"https:\/\/www.reconoce.mx\/wp-content\/uploads\/2016\/09\/5RolasParaLaSemana-cover.png","type":"image\/png"}],"author":"Reconoce MX","twitter_card":"summary_large_image","twitter_creator":"@reconocemx","twitter_site":"@reconocemx","twitter_misc":{"Escrito por":"Reconoce MX","Tiempo de lectura":"8 minutos"},"schema":{"@context":"https:\/\/schema.org","@graph":[{"@type":"Article","@id":"https:\/\/www.reconoce.mx\/?p=69170#article","isPartOf":{"@id":"https:\/\/www.reconoce.mx\/?p=69170"},"author":{"name":"Reconoce MX","@id":"http:\/\/www.reconoce.mx\/#\/schema\/person\/2117e997d7051dc15d6880eaf9bca0b2"},"headline":"#5RolasParaLaSemana: Mis 10 mexicanas de 2017","datePublished":"2017-12-25T06:03:55+00:00","dateModified":"2018-12-31T06:08:25+00:00","mainEntityOfPage":{"@id":"https:\/\/www.reconoce.mx\/?p=69170"},"wordCount":1598,"commentCount":0,"publisher":{"@id":"http:\/\/www.reconoce.mx\/#organization"},"image":{"@id":"https:\/\/www.reconoce.mx\/?p=69170#primaryimage"},"thumbnailUrl":"http:\/\/www.reconoce.mx\/wp-content\/uploads\/2016\/09\/5RolasParaLaSemana-cover.png","articleSection":["#5RolasParaLaSemana","Cultura","M\u00fasica","Principal"],"inLanguage":"es","potentialAction":[{"@type":"CommentAction","name":"Comment","target":["https:\/\/www.reconoce.mx\/?p=69170#respond"]}]},{"@type":"WebPage","@id":"https:\/\/www.reconoce.mx\/?p=69170","url":"https:\/\/www.reconoce.mx\/?p=69170","name":"#5RolasParaLaSemana: Mis 10 mexicanas de 2017 &#171; Reconoce MX","isPartOf":{"@id":"http:\/\/www.reconoce.mx\/#website"},"primaryImageOfPage":{"@id":"https:\/\/www.reconoce.mx\/?p=69170#primaryimage"},"image":{"@id":"https:\/\/www.reconoce.mx\/?p=69170#primaryimage"},"thumbnailUrl":"http:\/\/www.reconoce.mx\/wp-content\/uploads\/2016\/09\/5RolasParaLaSemana-cover.png","datePublished":"2017-12-25T06:03:55+00:00","dateModified":"2018-12-31T06:08:25+00:00","breadcrumb":{"@id":"https:\/\/www.reconoce.mx\/?p=69170#breadcrumb"},"inLanguage":"es","potentialAction":[{"@type":"ReadAction","target":["https:\/\/www.reconoce.mx\/?p=69170"]}]},{"@type":"ImageObject","inLanguage":"es","@id":"https:\/\/www.reconoce.mx\/?p=69170#primaryimage","url":"http:\/\/www.reconoce.mx\/wp-content\/uploads\/2016\/09\/5RolasParaLaSemana-cover.png","contentUrl":"http:\/\/www.reconoce.mx\/wp-content\/uploads\/2016\/09\/5RolasParaLaSemana-cover.png","width":590,"height":380},{"@type":"BreadcrumbList","@id":"https:\/\/www.reconoce.mx\/?p=69170#breadcrumb","itemListElement":[{"@type":"ListItem","position":1,"name":"Portada","item":"http:\/\/www.reconoce.mx\/"},{"@type":"ListItem","position":2,"name":"#5RolasParaLaSemana: Mis 10 mexicanas de 2017"}]},{"@type":"WebSite","@id":"http:\/\/www.reconoce.mx\/#website","url":"http:\/\/www.reconoce.mx\/","name":"Reconoce MX","description":"En Reconoce MX difundimos arte, cultura y conciencia social en M\u00e9xico. Tu ciudad en otra perspectiva.","publisher":{"@id":"http:\/\/www.reconoce.mx\/#organization"},"potentialAction":[{"@type":"SearchAction","target":{"@type":"EntryPoint","urlTemplate":"http:\/\/www.reconoce.mx\/?s={search_term_string}"},"query-input":{"@type":"PropertyValueSpecification","valueRequired":true,"valueName":"search_term_string"}}],"inLanguage":"es"},{"@type":"Organization","@id":"http:\/\/www.reconoce.mx\/#organization","name":"Reconoce MX","url":"http:\/\/www.reconoce.mx\/","logo":{"@type":"ImageObject","inLanguage":"es","@id":"http:\/\/www.reconoce.mx\/#\/schema\/logo\/image\/","url":"https:\/\/www.reconoce.mx\/wp-content\/uploads\/2019\/03\/logorcmx-good-1.png","contentUrl":"https:\/\/www.reconoce.mx\/wp-content\/uploads\/2019\/03\/logorcmx-good-1.png","width":280,"height":90,"caption":"Reconoce MX"},"image":{"@id":"http:\/\/www.reconoce.mx\/#\/schema\/logo\/image\/"},"sameAs":["https:\/\/es-la.facebook.com\/ReconoceMX\/","https:\/\/x.com\/reconocemx","http:\/\/@reconocemx"]},{"@type":"Person","@id":"http:\/\/www.reconoce.mx\/#\/schema\/person\/2117e997d7051dc15d6880eaf9bca0b2","name":"Reconoce MX","image":{"@type":"ImageObject","inLanguage":"es","@id":"http:\/\/www.reconoce.mx\/#\/schema\/person\/image\/","url":"https:\/\/secure.gravatar.com\/avatar\/6c8d4dc7569ca1c90c5fdcc349f839d5ddef6fe1e70b4337ead2ef1a4c43fc3a?s=96&d=identicon&r=g","contentUrl":"https:\/\/secure.gravatar.com\/avatar\/6c8d4dc7569ca1c90c5fdcc349f839d5ddef6fe1e70b4337ead2ef1a4c43fc3a?s=96&d=identicon&r=g","caption":"Reconoce MX"},"description":"Reconoce MX es un proyecto de difusi\u00f3n art\u00edstica, cultural y de conciencia social que est\u00e1 enfocado a difundir y fomentar el entretenimiento alternativo de calidad para todo el p\u00fablico que comparta el mismo entusiasmo.","sameAs":["http:\/\/www.reconoce.mx"],"url":"http:\/\/www.reconoce.mx\/?author=2"}]}},"_links":{"self":[{"href":"http:\/\/www.reconoce.mx\/index.php?rest_route=\/wp\/v2\/posts\/69170","targetHints":{"allow":["GET"]}}],"collection":[{"href":"http:\/\/www.reconoce.mx\/index.php?rest_route=\/wp\/v2\/posts"}],"about":[{"href":"http:\/\/www.reconoce.mx\/index.php?rest_route=\/wp\/v2\/types\/post"}],"author":[{"embeddable":true,"href":"http:\/\/www.reconoce.mx\/index.php?rest_route=\/wp\/v2\/users\/2"}],"replies":[{"embeddable":true,"href":"http:\/\/www.reconoce.mx\/index.php?rest_route=%2Fwp%2Fv2%2Fcomments&post=69170"}],"version-history":[{"count":10,"href":"http:\/\/www.reconoce.mx\/index.php?rest_route=\/wp\/v2\/posts\/69170\/revisions"}],"predecessor-version":[{"id":79511,"href":"http:\/\/www.reconoce.mx\/index.php?rest_route=\/wp\/v2\/posts\/69170\/revisions\/79511"}],"wp:featuredmedia":[{"embeddable":true,"href":"http:\/\/www.reconoce.mx\/index.php?rest_route=\/wp\/v2\/media\/52739"}],"wp:attachment":[{"href":"http:\/\/www.reconoce.mx\/index.php?rest_route=%2Fwp%2Fv2%2Fmedia&parent=69170"}],"wp:term":[{"taxonomy":"category","embeddable":true,"href":"http:\/\/www.reconoce.mx\/index.php?rest_route=%2Fwp%2Fv2%2Fcategories&post=69170"},{"taxonomy":"post_tag","embeddable":true,"href":"http:\/\/www.reconoce.mx\/index.php?rest_route=%2Fwp%2Fv2%2Ftags&post=69170"}],"curies":[{"name":"wp","href":"https:\/\/api.w.org\/{rel}","templated":true}]}}