{"id":69185,"date":"2017-12-26T00:01:10","date_gmt":"2017-12-26T06:01:10","guid":{"rendered":"http:\/\/www.reconoce.mx\/?p=69185"},"modified":"2017-12-26T09:35:54","modified_gmt":"2017-12-26T15:35:54","slug":"se-va-diciembre-de-jose-alfredo-jimenez","status":"publish","type":"post","link":"http:\/\/www.reconoce.mx\/?p=69185","title":{"rendered":"&#8216;Se va diciembre&#8217;, de Jos\u00e9 Alfredo Jim\u00e9nez"},"content":{"rendered":"<p><a href=\"http:\/\/www.reconoce.mx\/category\/cultura\/musica\/martes-asfaltoso\/\"><img loading=\"lazy\" decoding=\"async\" class=\"aligncenter size-full wp-image-38360\" src=\"http:\/\/www.reconoce.mx\/wp-content\/uploads\/2015\/06\/Martes.png\" alt=\"Martes\" width=\"550\" height=\"70\" \/><\/a><strong><br \/>\nPor <a title=\"@AsfaltosTweets\" href=\"http:\/\/twitter.com\/AsfaltosTweets\" target=\"_blank\" rel=\"noopener\">Asfaltos<\/a><\/strong>.<\/p>\n<p>\u00abYa se va diciembre, ya es a\u00f1o nuevo, paz y bendiciones, vienen del cielo\u00bb&#8230; S\u00ed, en efecto, <strong>Jos\u00e9 Alfredo Jim\u00e9nez<\/strong>, \u00abEl Rey de la Canci\u00f3n Ranchera\u00bb, dedic\u00f3 una canci\u00f3n a las fiestas decembrinas. Bueno, en efecto hizo otra tambi\u00e9n, pero esa quiz\u00e1 la recuerde el pr\u00f3ximo a\u00f1o. El caso es que, como bien cantaba Jos\u00e9 Alfredo, \u00abya se va diciembre\u00bb.<\/p>\n<style>.embed-container { position: relative; padding-bottom: 56.25%; height: 0; overflow: hidden; max-width: 100%; } .embed-container iframe, .embed-container object, .embed-container embed { position: absolute; top: 0; left: 0; width: 100%; height: 100%; }<\/style>\n<div class=\"embed-container\"><iframe loading=\"lazy\" src=\"https:\/\/www.youtube.com\/embed\/wEsSHWAhDdw\" width=\"300\" height=\"150\" frameborder=\"0\" allowfullscreen=\"allowfullscreen\"><\/iframe><\/div>\n<p>&nbsp;<\/p>\n<p>Si bien es cierto que las canciones \u00abnavide\u00f1as\u00bb de <strong>Jos\u00e9 Alfredo Jim\u00e9nez<\/strong> no forman parte del \u00abrepertorio de la temporada\u00bb, s\u00ed hay que estar ciertos que \u00ablas otras canciones\u00bb del m\u00fasico s\u00ed que nos acompa\u00f1an. \u00bfO acaso la m\u00fasica de este compositor y cantante guanajuatense no termina sonando ya muy avanzadas las fiestas de esta temporada? La m\u00fasica de Don Jos\u00e9 Alfredo permanece -y permanecer\u00e1- como una de las m\u00e1s populares.<\/p>\n<p>\u00abD\u00e9jame quererte m\u00e1s\u00bb, canta un rom\u00e1ntico Jos\u00e9 Alfredo, quien por la temporada, pide que aquella a quien el canta le deje vivir con \u00e9l, \u00ablas \u00faltimas horas de esta Nochebuena.\u00bb La temporada remite -entre otras cosas al romanticismo de pasar las fiestas con quienes m\u00e1s se ama, con quienes m\u00e1s se quiere. Un amor rom\u00e1ntico, en Nochebuena, siemrpre es bienvenido&#8230; pero no es lo \u00fanico. Recuerden que estas fiestas de fin de a\u00f1o son solo una fecha m\u00e1s; no se me depriman si no las pasan como nos las venden en la televisi\u00f3n, o en este caso en la m\u00fasica.<\/p>\n<p>\u00abQu\u00e9 bonito mi cari\u00f1o, un cari\u00f1o verdadero, sin maldad y sin estiras\u00bb, canta Jos\u00e9 Alfredo&#8230; Cari\u00f1o, cari\u00f1o verdadero les deseo rumbo a las fiestas de fin de a\u00f1o. \u00a1Hasta pronto diciembre! \u00abPiensa que se acaba todo, piensa que se van los a\u00f1os, que se va la vida, que se va diciembre&#8230;\u00bb<\/p>\n<p>&nbsp;<\/p>\n<p>&nbsp;<\/p>\n","protected":false},"excerpt":{"rendered":"<p>\u00abYa se va diciembre, ya es a\u00f1o nuevo, paz y bendiciones, vienen del cielo\u00bb&#8230; S\u00ed, en efecto, Jos\u00e9 Alfredo Jim\u00e9nez, \u00abEl Rey de la Canci\u00f3n Ranchera\u00bb, dedic\u00f3 una canci\u00f3n a las fiestas decembrinas. <\/p>\n","protected":false},"author":2,"featured_media":69189,"comment_status":"open","ping_status":"open","sticky":false,"template":"","format":"standard","meta":{"footnotes":""},"categories":[1,2592,18,17],"tags":[],"class_list":["post-69185","post","type-post","status-publish","format-standard","has-post-thumbnail","hentry","category-cultura","category-martes-asfaltoso","category-musica","category-principal"],"yoast_head":"<!-- This site is optimized with the Yoast SEO plugin v24.7 - https:\/\/yoast.com\/wordpress\/plugins\/seo\/ -->\n<title>&#039;Se va diciembre&#039;, de Jos\u00e9 Alfredo Jim\u00e9nez &#171; Reconoce MX<\/title>\n<meta name=\"robots\" content=\"index, follow, max-snippet:-1, max-image-preview:large, max-video-preview:-1\" \/>\n<link rel=\"canonical\" href=\"https:\/\/www.reconoce.mx\/?p=69185\" \/>\n<meta property=\"og:locale\" content=\"es_ES\" \/>\n<meta property=\"og:type\" content=\"article\" \/>\n<meta property=\"og:title\" content=\"&#039;Se va diciembre&#039;, de Jos\u00e9 Alfredo Jim\u00e9nez &#171; Reconoce MX\" \/>\n<meta property=\"og:description\" content=\"&quot;Ya se va diciembre, ya es a\u00f1o nuevo, paz y bendiciones, vienen del cielo&quot;... S\u00ed, en efecto, Jos\u00e9 Alfredo Jim\u00e9nez, &quot;El Rey de la Canci\u00f3n Ranchera&quot;, dedic\u00f3 una canci\u00f3n a las fiestas decembrinas.\" \/>\n<meta property=\"og:url\" content=\"https:\/\/www.reconoce.mx\/?p=69185\" \/>\n<meta property=\"og:site_name\" content=\"Reconoce MX\" \/>\n<meta property=\"article:publisher\" content=\"https:\/\/es-la.facebook.com\/ReconoceMX\/\" \/>\n<meta property=\"article:published_time\" content=\"2017-12-26T06:01:10+00:00\" \/>\n<meta property=\"article:modified_time\" content=\"2017-12-26T15:35:54+00:00\" \/>\n<meta property=\"og:image\" content=\"https:\/\/www.reconoce.mx\/wp-content\/uploads\/2017\/12\/se-va-diciembre.png\" \/>\n\t<meta property=\"og:image:width\" content=\"590\" \/>\n\t<meta property=\"og:image:height\" content=\"379\" \/>\n\t<meta property=\"og:image:type\" content=\"image\/png\" \/>\n<meta name=\"author\" content=\"Reconoce MX\" \/>\n<meta name=\"twitter:card\" content=\"summary_large_image\" \/>\n<meta name=\"twitter:creator\" content=\"@reconocemx\" \/>\n<meta name=\"twitter:site\" content=\"@reconocemx\" \/>\n<meta name=\"twitter:label1\" content=\"Escrito por\" \/>\n\t<meta name=\"twitter:data1\" content=\"Reconoce MX\" \/>\n\t<meta name=\"twitter:label2\" content=\"Tiempo de lectura\" \/>\n\t<meta name=\"twitter:data2\" content=\"2 minutos\" \/>\n<script type=\"application\/ld+json\" class=\"yoast-schema-graph\">{\"@context\":\"https:\/\/schema.org\",\"@graph\":[{\"@type\":\"Article\",\"@id\":\"https:\/\/www.reconoce.mx\/?p=69185#article\",\"isPartOf\":{\"@id\":\"https:\/\/www.reconoce.mx\/?p=69185\"},\"author\":{\"name\":\"Reconoce MX\",\"@id\":\"http:\/\/www.reconoce.mx\/#\/schema\/person\/2117e997d7051dc15d6880eaf9bca0b2\"},\"headline\":\"&#8216;Se va diciembre&#8217;, de Jos\u00e9 Alfredo Jim\u00e9nez\",\"datePublished\":\"2017-12-26T06:01:10+00:00\",\"dateModified\":\"2017-12-26T15:35:54+00:00\",\"mainEntityOfPage\":{\"@id\":\"https:\/\/www.reconoce.mx\/?p=69185\"},\"wordCount\":326,\"commentCount\":0,\"publisher\":{\"@id\":\"http:\/\/www.reconoce.mx\/#organization\"},\"image\":{\"@id\":\"https:\/\/www.reconoce.mx\/?p=69185#primaryimage\"},\"thumbnailUrl\":\"http:\/\/www.reconoce.mx\/wp-content\/uploads\/2017\/12\/se-va-diciembre.png\",\"articleSection\":[\"Cultura\",\"Martes asfaltoso\",\"M\u00fasica\",\"Principal\"],\"inLanguage\":\"es\",\"potentialAction\":[{\"@type\":\"CommentAction\",\"name\":\"Comment\",\"target\":[\"https:\/\/www.reconoce.mx\/?p=69185#respond\"]}]},{\"@type\":\"WebPage\",\"@id\":\"https:\/\/www.reconoce.mx\/?p=69185\",\"url\":\"https:\/\/www.reconoce.mx\/?p=69185\",\"name\":\"'Se va diciembre', de Jos\u00e9 Alfredo Jim\u00e9nez &#171; Reconoce MX\",\"isPartOf\":{\"@id\":\"http:\/\/www.reconoce.mx\/#website\"},\"primaryImageOfPage\":{\"@id\":\"https:\/\/www.reconoce.mx\/?p=69185#primaryimage\"},\"image\":{\"@id\":\"https:\/\/www.reconoce.mx\/?p=69185#primaryimage\"},\"thumbnailUrl\":\"http:\/\/www.reconoce.mx\/wp-content\/uploads\/2017\/12\/se-va-diciembre.png\",\"datePublished\":\"2017-12-26T06:01:10+00:00\",\"dateModified\":\"2017-12-26T15:35:54+00:00\",\"breadcrumb\":{\"@id\":\"https:\/\/www.reconoce.mx\/?p=69185#breadcrumb\"},\"inLanguage\":\"es\",\"potentialAction\":[{\"@type\":\"ReadAction\",\"target\":[\"https:\/\/www.reconoce.mx\/?p=69185\"]}]},{\"@type\":\"ImageObject\",\"inLanguage\":\"es\",\"@id\":\"https:\/\/www.reconoce.mx\/?p=69185#primaryimage\",\"url\":\"http:\/\/www.reconoce.mx\/wp-content\/uploads\/2017\/12\/se-va-diciembre.png\",\"contentUrl\":\"http:\/\/www.reconoce.mx\/wp-content\/uploads\/2017\/12\/se-va-diciembre.png\",\"width\":590,\"height\":379},{\"@type\":\"BreadcrumbList\",\"@id\":\"https:\/\/www.reconoce.mx\/?p=69185#breadcrumb\",\"itemListElement\":[{\"@type\":\"ListItem\",\"position\":1,\"name\":\"Portada\",\"item\":\"http:\/\/www.reconoce.mx\/\"},{\"@type\":\"ListItem\",\"position\":2,\"name\":\"&#8216;Se va diciembre&#8217;, de Jos\u00e9 Alfredo Jim\u00e9nez\"}]},{\"@type\":\"WebSite\",\"@id\":\"http:\/\/www.reconoce.mx\/#website\",\"url\":\"http:\/\/www.reconoce.mx\/\",\"name\":\"Reconoce MX\",\"description\":\"En Reconoce MX difundimos arte, cultura y conciencia social en M\u00e9xico. Tu ciudad en otra perspectiva.\",\"publisher\":{\"@id\":\"http:\/\/www.reconoce.mx\/#organization\"},\"potentialAction\":[{\"@type\":\"SearchAction\",\"target\":{\"@type\":\"EntryPoint\",\"urlTemplate\":\"http:\/\/www.reconoce.mx\/?s={search_term_string}\"},\"query-input\":{\"@type\":\"PropertyValueSpecification\",\"valueRequired\":true,\"valueName\":\"search_term_string\"}}],\"inLanguage\":\"es\"},{\"@type\":\"Organization\",\"@id\":\"http:\/\/www.reconoce.mx\/#organization\",\"name\":\"Reconoce MX\",\"url\":\"http:\/\/www.reconoce.mx\/\",\"logo\":{\"@type\":\"ImageObject\",\"inLanguage\":\"es\",\"@id\":\"http:\/\/www.reconoce.mx\/#\/schema\/logo\/image\/\",\"url\":\"https:\/\/www.reconoce.mx\/wp-content\/uploads\/2019\/03\/logorcmx-good-1.png\",\"contentUrl\":\"https:\/\/www.reconoce.mx\/wp-content\/uploads\/2019\/03\/logorcmx-good-1.png\",\"width\":280,\"height\":90,\"caption\":\"Reconoce MX\"},\"image\":{\"@id\":\"http:\/\/www.reconoce.mx\/#\/schema\/logo\/image\/\"},\"sameAs\":[\"https:\/\/es-la.facebook.com\/ReconoceMX\/\",\"https:\/\/x.com\/reconocemx\",\"http:\/\/@reconocemx\"]},{\"@type\":\"Person\",\"@id\":\"http:\/\/www.reconoce.mx\/#\/schema\/person\/2117e997d7051dc15d6880eaf9bca0b2\",\"name\":\"Reconoce MX\",\"image\":{\"@type\":\"ImageObject\",\"inLanguage\":\"es\",\"@id\":\"http:\/\/www.reconoce.mx\/#\/schema\/person\/image\/\",\"url\":\"https:\/\/secure.gravatar.com\/avatar\/6c8d4dc7569ca1c90c5fdcc349f839d5ddef6fe1e70b4337ead2ef1a4c43fc3a?s=96&d=identicon&r=g\",\"contentUrl\":\"https:\/\/secure.gravatar.com\/avatar\/6c8d4dc7569ca1c90c5fdcc349f839d5ddef6fe1e70b4337ead2ef1a4c43fc3a?s=96&d=identicon&r=g\",\"caption\":\"Reconoce MX\"},\"description\":\"Reconoce MX es un proyecto de difusi\u00f3n art\u00edstica, cultural y de conciencia social que est\u00e1 enfocado a difundir y fomentar el entretenimiento alternativo de calidad para todo el p\u00fablico que comparta el mismo entusiasmo.\",\"sameAs\":[\"http:\/\/www.reconoce.mx\"],\"url\":\"http:\/\/www.reconoce.mx\/?author=2\"}]}<\/script>\n<!-- \/ Yoast SEO plugin. -->","yoast_head_json":{"title":"'Se va diciembre', de Jos\u00e9 Alfredo Jim\u00e9nez &#171; Reconoce MX","robots":{"index":"index","follow":"follow","max-snippet":"max-snippet:-1","max-image-preview":"max-image-preview:large","max-video-preview":"max-video-preview:-1"},"canonical":"https:\/\/www.reconoce.mx\/?p=69185","og_locale":"es_ES","og_type":"article","og_title":"'Se va diciembre', de Jos\u00e9 Alfredo Jim\u00e9nez &#171; Reconoce MX","og_description":"\"Ya se va diciembre, ya es a\u00f1o nuevo, paz y bendiciones, vienen del cielo\"... S\u00ed, en efecto, Jos\u00e9 Alfredo Jim\u00e9nez, \"El Rey de la Canci\u00f3n Ranchera\", dedic\u00f3 una canci\u00f3n a las fiestas decembrinas.","og_url":"https:\/\/www.reconoce.mx\/?p=69185","og_site_name":"Reconoce MX","article_publisher":"https:\/\/es-la.facebook.com\/ReconoceMX\/","article_published_time":"2017-12-26T06:01:10+00:00","article_modified_time":"2017-12-26T15:35:54+00:00","og_image":[{"width":590,"height":379,"url":"https:\/\/www.reconoce.mx\/wp-content\/uploads\/2017\/12\/se-va-diciembre.png","type":"image\/png"}],"author":"Reconoce MX","twitter_card":"summary_large_image","twitter_creator":"@reconocemx","twitter_site":"@reconocemx","twitter_misc":{"Escrito por":"Reconoce MX","Tiempo de lectura":"2 minutos"},"schema":{"@context":"https:\/\/schema.org","@graph":[{"@type":"Article","@id":"https:\/\/www.reconoce.mx\/?p=69185#article","isPartOf":{"@id":"https:\/\/www.reconoce.mx\/?p=69185"},"author":{"name":"Reconoce MX","@id":"http:\/\/www.reconoce.mx\/#\/schema\/person\/2117e997d7051dc15d6880eaf9bca0b2"},"headline":"&#8216;Se va diciembre&#8217;, de Jos\u00e9 Alfredo Jim\u00e9nez","datePublished":"2017-12-26T06:01:10+00:00","dateModified":"2017-12-26T15:35:54+00:00","mainEntityOfPage":{"@id":"https:\/\/www.reconoce.mx\/?p=69185"},"wordCount":326,"commentCount":0,"publisher":{"@id":"http:\/\/www.reconoce.mx\/#organization"},"image":{"@id":"https:\/\/www.reconoce.mx\/?p=69185#primaryimage"},"thumbnailUrl":"http:\/\/www.reconoce.mx\/wp-content\/uploads\/2017\/12\/se-va-diciembre.png","articleSection":["Cultura","Martes asfaltoso","M\u00fasica","Principal"],"inLanguage":"es","potentialAction":[{"@type":"CommentAction","name":"Comment","target":["https:\/\/www.reconoce.mx\/?p=69185#respond"]}]},{"@type":"WebPage","@id":"https:\/\/www.reconoce.mx\/?p=69185","url":"https:\/\/www.reconoce.mx\/?p=69185","name":"'Se va diciembre', de Jos\u00e9 Alfredo Jim\u00e9nez &#171; Reconoce MX","isPartOf":{"@id":"http:\/\/www.reconoce.mx\/#website"},"primaryImageOfPage":{"@id":"https:\/\/www.reconoce.mx\/?p=69185#primaryimage"},"image":{"@id":"https:\/\/www.reconoce.mx\/?p=69185#primaryimage"},"thumbnailUrl":"http:\/\/www.reconoce.mx\/wp-content\/uploads\/2017\/12\/se-va-diciembre.png","datePublished":"2017-12-26T06:01:10+00:00","dateModified":"2017-12-26T15:35:54+00:00","breadcrumb":{"@id":"https:\/\/www.reconoce.mx\/?p=69185#breadcrumb"},"inLanguage":"es","potentialAction":[{"@type":"ReadAction","target":["https:\/\/www.reconoce.mx\/?p=69185"]}]},{"@type":"ImageObject","inLanguage":"es","@id":"https:\/\/www.reconoce.mx\/?p=69185#primaryimage","url":"http:\/\/www.reconoce.mx\/wp-content\/uploads\/2017\/12\/se-va-diciembre.png","contentUrl":"http:\/\/www.reconoce.mx\/wp-content\/uploads\/2017\/12\/se-va-diciembre.png","width":590,"height":379},{"@type":"BreadcrumbList","@id":"https:\/\/www.reconoce.mx\/?p=69185#breadcrumb","itemListElement":[{"@type":"ListItem","position":1,"name":"Portada","item":"http:\/\/www.reconoce.mx\/"},{"@type":"ListItem","position":2,"name":"&#8216;Se va diciembre&#8217;, de Jos\u00e9 Alfredo Jim\u00e9nez"}]},{"@type":"WebSite","@id":"http:\/\/www.reconoce.mx\/#website","url":"http:\/\/www.reconoce.mx\/","name":"Reconoce MX","description":"En Reconoce MX difundimos arte, cultura y conciencia social en M\u00e9xico. Tu ciudad en otra perspectiva.","publisher":{"@id":"http:\/\/www.reconoce.mx\/#organization"},"potentialAction":[{"@type":"SearchAction","target":{"@type":"EntryPoint","urlTemplate":"http:\/\/www.reconoce.mx\/?s={search_term_string}"},"query-input":{"@type":"PropertyValueSpecification","valueRequired":true,"valueName":"search_term_string"}}],"inLanguage":"es"},{"@type":"Organization","@id":"http:\/\/www.reconoce.mx\/#organization","name":"Reconoce MX","url":"http:\/\/www.reconoce.mx\/","logo":{"@type":"ImageObject","inLanguage":"es","@id":"http:\/\/www.reconoce.mx\/#\/schema\/logo\/image\/","url":"https:\/\/www.reconoce.mx\/wp-content\/uploads\/2019\/03\/logorcmx-good-1.png","contentUrl":"https:\/\/www.reconoce.mx\/wp-content\/uploads\/2019\/03\/logorcmx-good-1.png","width":280,"height":90,"caption":"Reconoce MX"},"image":{"@id":"http:\/\/www.reconoce.mx\/#\/schema\/logo\/image\/"},"sameAs":["https:\/\/es-la.facebook.com\/ReconoceMX\/","https:\/\/x.com\/reconocemx","http:\/\/@reconocemx"]},{"@type":"Person","@id":"http:\/\/www.reconoce.mx\/#\/schema\/person\/2117e997d7051dc15d6880eaf9bca0b2","name":"Reconoce MX","image":{"@type":"ImageObject","inLanguage":"es","@id":"http:\/\/www.reconoce.mx\/#\/schema\/person\/image\/","url":"https:\/\/secure.gravatar.com\/avatar\/6c8d4dc7569ca1c90c5fdcc349f839d5ddef6fe1e70b4337ead2ef1a4c43fc3a?s=96&d=identicon&r=g","contentUrl":"https:\/\/secure.gravatar.com\/avatar\/6c8d4dc7569ca1c90c5fdcc349f839d5ddef6fe1e70b4337ead2ef1a4c43fc3a?s=96&d=identicon&r=g","caption":"Reconoce MX"},"description":"Reconoce MX es un proyecto de difusi\u00f3n art\u00edstica, cultural y de conciencia social que est\u00e1 enfocado a difundir y fomentar el entretenimiento alternativo de calidad para todo el p\u00fablico que comparta el mismo entusiasmo.","sameAs":["http:\/\/www.reconoce.mx"],"url":"http:\/\/www.reconoce.mx\/?author=2"}]}},"_links":{"self":[{"href":"http:\/\/www.reconoce.mx\/index.php?rest_route=\/wp\/v2\/posts\/69185","targetHints":{"allow":["GET"]}}],"collection":[{"href":"http:\/\/www.reconoce.mx\/index.php?rest_route=\/wp\/v2\/posts"}],"about":[{"href":"http:\/\/www.reconoce.mx\/index.php?rest_route=\/wp\/v2\/types\/post"}],"author":[{"embeddable":true,"href":"http:\/\/www.reconoce.mx\/index.php?rest_route=\/wp\/v2\/users\/2"}],"replies":[{"embeddable":true,"href":"http:\/\/www.reconoce.mx\/index.php?rest_route=%2Fwp%2Fv2%2Fcomments&post=69185"}],"version-history":[{"count":3,"href":"http:\/\/www.reconoce.mx\/index.php?rest_route=\/wp\/v2\/posts\/69185\/revisions"}],"predecessor-version":[{"id":69190,"href":"http:\/\/www.reconoce.mx\/index.php?rest_route=\/wp\/v2\/posts\/69185\/revisions\/69190"}],"wp:featuredmedia":[{"embeddable":true,"href":"http:\/\/www.reconoce.mx\/index.php?rest_route=\/wp\/v2\/media\/69189"}],"wp:attachment":[{"href":"http:\/\/www.reconoce.mx\/index.php?rest_route=%2Fwp%2Fv2%2Fmedia&parent=69185"}],"wp:term":[{"taxonomy":"category","embeddable":true,"href":"http:\/\/www.reconoce.mx\/index.php?rest_route=%2Fwp%2Fv2%2Fcategories&post=69185"},{"taxonomy":"post_tag","embeddable":true,"href":"http:\/\/www.reconoce.mx\/index.php?rest_route=%2Fwp%2Fv2%2Ftags&post=69185"}],"curies":[{"name":"wp","href":"https:\/\/api.w.org\/{rel}","templated":true}]}}