{"id":69634,"date":"2018-01-16T00:04:50","date_gmt":"2018-01-16T06:04:50","guid":{"rendered":"http:\/\/www.reconoce.mx\/?p=69634"},"modified":"2018-01-22T14:49:43","modified_gmt":"2018-01-22T20:49:43","slug":"quienes-son-esos-que-viven-en-campamentos-en-ciudad-de-mexico","status":"publish","type":"post","link":"http:\/\/www.reconoce.mx\/?p=69634","title":{"rendered":"\u00bfQui\u00e9nes son esos que viven en campamentos en Ciudad de M\u00e9xico?"},"content":{"rendered":"<p><strong>Por <a title=\"@danielhiga_al\" href=\"https:\/\/twitter.com\/danielhiga_al\" target=\"_blank\" rel=\"noopener noreferrer\">Daniel Higa Alquicira<\/a><\/strong>.<\/p>\n<p>Estamos a unos d\u00edas de que se cumplan apenas cuatro meses <a href=\"http:\/\/www.reconoce.mx\/category\/ciudad\/sismo-19-s\/\" target=\"_blank\" rel=\"noopener\">del sismo del pasado 19 de septiembre<\/a> y la memoria nos comienza a fallar. Pas\u00f3 el momento de emergencia, de rescates, de shows televisivos con una ni\u00f1a imaginaria; de ayuda masiva y del impacto emocional que vivimos millones de personas en Ciudad de M\u00e9xico y otros estados del centro y sur del pa\u00eds.<\/p>\n<p><a href=\"http:\/\/www.reconoce.mx\/wp-content\/uploads\/2018\/01\/DSlIVKXVQAAtbHg.jpg\"><img loading=\"lazy\" decoding=\"async\" class=\"aligncenter size-full wp-image-69636\" src=\"http:\/\/www.reconoce.mx\/wp-content\/uploads\/2018\/01\/DSlIVKXVQAAtbHg.jpg\" alt=\"\" width=\"1200\" height=\"900\" srcset=\"http:\/\/www.reconoce.mx\/wp-content\/uploads\/2018\/01\/DSlIVKXVQAAtbHg.jpg 1200w, http:\/\/www.reconoce.mx\/wp-content\/uploads\/2018\/01\/DSlIVKXVQAAtbHg-300x225.jpg 300w, http:\/\/www.reconoce.mx\/wp-content\/uploads\/2018\/01\/DSlIVKXVQAAtbHg-768x576.jpg 768w, http:\/\/www.reconoce.mx\/wp-content\/uploads\/2018\/01\/DSlIVKXVQAAtbHg-1024x768.jpg 1024w, http:\/\/www.reconoce.mx\/wp-content\/uploads\/2018\/01\/DSlIVKXVQAAtbHg-150x113.jpg 150w, http:\/\/www.reconoce.mx\/wp-content\/uploads\/2018\/01\/DSlIVKXVQAAtbHg-700x525.jpg 700w, http:\/\/www.reconoce.mx\/wp-content\/uploads\/2018\/01\/DSlIVKXVQAAtbHg-658x494.jpg 658w\" sizes=\"auto, (max-width: 1200px) 100vw, 1200px\" \/><\/a><\/p>\n<p>La necesidad de ser solidarios y cumplir con nuestra obligaci\u00f3n como sociedad ha dado paso en algunos casos, a la sensaci\u00f3n de que todo se resolvi\u00f3, de que salvo las personas que perdieron la vida, los derrumbes y las afectaciones materiales, todo ha vuelto a la normalidad en la gran capital del pa\u00eds.<\/p>\n<p>Pero la realidad es muy diferente. Seg\u00fan estimaciones oficiales de la<strong> Comisi\u00f3n para la Reconstrucci\u00f3n<\/strong>, habr\u00eda m\u00e1s de 110 mil personas damnificadas. Los propios damnificados se han organizado en comit\u00e9s y grupos para exigir ayuda, y aseguran que son muchos m\u00e1s y por eso piden que se haga de nuevo el censo.<\/p>\n<p><strong>H\u00e9ctor de la Cueva<\/strong>, miembro del grupo <strong>Damnificados Unido<\/strong>s, se\u00f1al\u00f3 que \u201cqued\u00f3 claro que el censo oficial no es confiable ni completo\u201d y que ellos trataran de \u201ccruzar\u201d su propio censo con las autoridades.<\/p>\n<p>\u201cA cuatro meses es incre\u00edble que no haya una cuantificaci\u00f3n real de los da\u00f1os,\u00a0 hay edificios que est\u00e1n siendo demolidos y aparecen en la plataforma en verde, simplemente no es confiable ese censo\u201d, dijo.<\/p>\n<p>El problema de fondo es que hay miles de personas que siguen a la espera de poder resolver su situaci\u00f3n, sin embargo ahora todo se vuelve m\u00e1s lento, los damnificados son cada menos visibles y sus protestas incluso molestan a algunos conductores.<\/p>\n<p>Pero las cosas pueden ser muy complicadas para estas familias, que no solo perdieron su hogar sino que tambi\u00e9n parece, la posibilidad de acceder a alguna ayuda oficial que les permita reiniciar su vida en un nuevo espacio donde puedan decir que es su hogar.<\/p>\n<p>\u201c\u00bfY la gente? De arrimada, con familiares, amigos, en hotelitos, rentando cuartitos\u201d, dice una damnificada a una reportera de <strong>Notimex<\/strong> que intent\u00f3 acercarse a estas personas que habitan en la zona de Coapa, una de las m\u00e1s da\u00f1adas tras el sismo del 19 de septiembre.<\/p>\n<p>\u201cHasta ahorita no ha venido nadie a checar. Bueno, vino el comisionado, igual que las visitas de doctor. Ya te vi, est\u00e1s bien, ya me voy\u201d, dice otra persona en este reportaje. Adem\u00e1s, \u201cuna mujer cont\u00f3 que su mam\u00e1, de 92 a\u00f1os de edad, viv\u00eda en el edifico 3010: todos son grandes y no saben qu\u00e9 hacer. Les ofrecen cr\u00e9ditos a pagar 15 mil pesos al mes, si con su jubilaci\u00f3n cuando mucho sacar\u00e1n 10\u2026\u201d<\/p>\n<p>Pero el pasado 13 de enero, el <strong>Gobierno de la Ciudad de M\u00e9xico<\/strong> entreg\u00f3 de \u201cmanera simb\u00f3lica\u201d 11 de 21 certificados de cr\u00e9dito para reconstrucci\u00f3n de viviendas da\u00f1adas, en cuya clasificaci\u00f3n se encuentran como categor\u00eda roja.<\/p>\n<p>Seg\u00fan la informaci\u00f3n oficial, los inmuebles beneficiados se encuentran en \u201cMontes de Oca 93, monto de un mill\u00f3n de pesos; Atlixco 108, la cantidad de 400 mil pesos; Xola n\u00famero 32, 2 millones de pesos; Zitlaltepec 8, un certificado por 400 mil pesos\u201d.<\/p>\n<p>Adem\u00e1s de \u201cCalzada de Tlalpan n\u00famero 550, un mill\u00f3n 500 mil pesos;\u00a0 Odesa n\u00famero 1228, un mill\u00f3n 100 mil pesos; Morelia n\u00famero 107, un mill\u00f3n de pesos; Monclova n\u00famero 10, dos certificados por 400 mil pesos cada uno; de Dinamarca 39, el monto de un mill\u00f3n de pesos, y de \u00c1msterdam 209, certificado por 500 mil pesos\u201d.<\/p>\n<p>Pero para la mayor\u00eda de las personas que perdieron su casa o no pueden habitarla, esto soluciona en poca medida sus necesidades inmediatas.<\/p>\n<p>Seg\u00fan las personas entrevistas por <strong>Notimex<\/strong>, ahora necesitan \u201ctodo\u201d. Y es que la ayuda de la sociedad ha dejado de fluir. \u201cAntes nos daban alimentos, pero tiraron el edificio y se acabaron. Tenemos problemas, los tenemos hasta para ir al ba\u00f1o. Vamos a los comercios, pero nos ponen cara, qu\u00e9 le vamos a hacer\u201d, explica un damnificado.<\/p>\n<p>De esta manera, si muchas personas consideraron que el sismo de 2017 no caus\u00f3 graves da\u00f1os comparables al de 1985, estas tragedias humanas demuestran el da\u00f1o que provoc\u00f3 y sus consecuencias, ya que termin\u00f3 en cierta medida con los sue\u00f1os y aspiraciones de miles de seres humanos, quienes adem\u00e1s no tienen recursos para recuperar lo perdido.<\/p>\n<p style=\"text-align: right;\">Fotos: <strong>Alan Adame<\/strong>.<\/p>\n<p>&nbsp;<\/p>\n<p>&nbsp;<\/p>\n","protected":false},"excerpt":{"rendered":"<p>Estamos a unos d\u00edas de que se cumplan apenas cuatro meses del sismo del pasado 19 de septiembre y la memoria nos comienza a fallar.<\/p>\n","protected":false},"author":2,"featured_media":69635,"comment_status":"open","ping_status":"open","sticky":false,"template":"","format":"standard","meta":{"footnotes":""},"categories":[43,275,17,2663],"tags":[563],"class_list":["post-69634","post","type-post","status-publish","format-standard","has-post-thumbnail","hentry","category-conciencia","category-derechos-humanos","category-principal","category-sismo-19-s","tag-sismo"],"yoast_head":"<!-- This site is optimized with the Yoast SEO plugin v24.7 - https:\/\/yoast.com\/wordpress\/plugins\/seo\/ -->\n<title>\u00bfQui\u00e9nes son esos que viven en campamentos en Ciudad de M\u00e9xico? &#171; Reconoce MX<\/title>\n<meta name=\"robots\" content=\"index, follow, max-snippet:-1, max-image-preview:large, max-video-preview:-1\" \/>\n<link rel=\"canonical\" href=\"https:\/\/www.reconoce.mx\/?p=69634\" \/>\n<meta property=\"og:locale\" content=\"es_ES\" \/>\n<meta property=\"og:type\" content=\"article\" \/>\n<meta property=\"og:title\" content=\"\u00bfQui\u00e9nes son esos que viven en campamentos en Ciudad de M\u00e9xico? &#171; Reconoce MX\" \/>\n<meta property=\"og:description\" content=\"Estamos a unos d\u00edas de que se cumplan apenas cuatro meses del sismo del pasado 19 de septiembre y la memoria nos comienza a fallar.\" \/>\n<meta property=\"og:url\" content=\"https:\/\/www.reconoce.mx\/?p=69634\" \/>\n<meta property=\"og:site_name\" content=\"Reconoce MX\" \/>\n<meta property=\"article:publisher\" content=\"https:\/\/es-la.facebook.com\/ReconoceMX\/\" \/>\n<meta property=\"article:published_time\" content=\"2018-01-16T06:04:50+00:00\" \/>\n<meta property=\"article:modified_time\" content=\"2018-01-22T20:49:43+00:00\" \/>\n<meta property=\"og:image\" content=\"https:\/\/www.reconoce.mx\/wp-content\/uploads\/2018\/01\/albergue-sismo-cdmx.jpg\" \/>\n\t<meta property=\"og:image:width\" content=\"590\" \/>\n\t<meta property=\"og:image:height\" content=\"380\" \/>\n\t<meta property=\"og:image:type\" content=\"image\/jpeg\" \/>\n<meta name=\"author\" content=\"Reconoce MX\" \/>\n<meta name=\"twitter:card\" content=\"summary_large_image\" \/>\n<meta name=\"twitter:creator\" content=\"@reconocemx\" \/>\n<meta name=\"twitter:site\" content=\"@reconocemx\" \/>\n<meta name=\"twitter:label1\" content=\"Escrito por\" \/>\n\t<meta name=\"twitter:data1\" content=\"Reconoce MX\" \/>\n\t<meta name=\"twitter:label2\" content=\"Tiempo de lectura\" \/>\n\t<meta name=\"twitter:data2\" content=\"4 minutos\" \/>\n<script type=\"application\/ld+json\" class=\"yoast-schema-graph\">{\"@context\":\"https:\/\/schema.org\",\"@graph\":[{\"@type\":\"Article\",\"@id\":\"https:\/\/www.reconoce.mx\/?p=69634#article\",\"isPartOf\":{\"@id\":\"https:\/\/www.reconoce.mx\/?p=69634\"},\"author\":{\"name\":\"Reconoce MX\",\"@id\":\"http:\/\/www.reconoce.mx\/#\/schema\/person\/2117e997d7051dc15d6880eaf9bca0b2\"},\"headline\":\"\u00bfQui\u00e9nes son esos que viven en campamentos en Ciudad de M\u00e9xico?\",\"datePublished\":\"2018-01-16T06:04:50+00:00\",\"dateModified\":\"2018-01-22T20:49:43+00:00\",\"mainEntityOfPage\":{\"@id\":\"https:\/\/www.reconoce.mx\/?p=69634\"},\"wordCount\":768,\"commentCount\":0,\"publisher\":{\"@id\":\"http:\/\/www.reconoce.mx\/#organization\"},\"image\":{\"@id\":\"https:\/\/www.reconoce.mx\/?p=69634#primaryimage\"},\"thumbnailUrl\":\"http:\/\/www.reconoce.mx\/wp-content\/uploads\/2018\/01\/albergue-sismo-cdmx.jpg\",\"keywords\":[\"sismo\"],\"articleSection\":[\"Conciencia\",\"Derechos Humanos\",\"Principal\",\"Sismo 19-S\"],\"inLanguage\":\"es\",\"potentialAction\":[{\"@type\":\"CommentAction\",\"name\":\"Comment\",\"target\":[\"https:\/\/www.reconoce.mx\/?p=69634#respond\"]}]},{\"@type\":\"WebPage\",\"@id\":\"https:\/\/www.reconoce.mx\/?p=69634\",\"url\":\"https:\/\/www.reconoce.mx\/?p=69634\",\"name\":\"\u00bfQui\u00e9nes son esos que viven en campamentos en Ciudad de M\u00e9xico? &#171; Reconoce MX\",\"isPartOf\":{\"@id\":\"http:\/\/www.reconoce.mx\/#website\"},\"primaryImageOfPage\":{\"@id\":\"https:\/\/www.reconoce.mx\/?p=69634#primaryimage\"},\"image\":{\"@id\":\"https:\/\/www.reconoce.mx\/?p=69634#primaryimage\"},\"thumbnailUrl\":\"http:\/\/www.reconoce.mx\/wp-content\/uploads\/2018\/01\/albergue-sismo-cdmx.jpg\",\"datePublished\":\"2018-01-16T06:04:50+00:00\",\"dateModified\":\"2018-01-22T20:49:43+00:00\",\"breadcrumb\":{\"@id\":\"https:\/\/www.reconoce.mx\/?p=69634#breadcrumb\"},\"inLanguage\":\"es\",\"potentialAction\":[{\"@type\":\"ReadAction\",\"target\":[\"https:\/\/www.reconoce.mx\/?p=69634\"]}]},{\"@type\":\"ImageObject\",\"inLanguage\":\"es\",\"@id\":\"https:\/\/www.reconoce.mx\/?p=69634#primaryimage\",\"url\":\"http:\/\/www.reconoce.mx\/wp-content\/uploads\/2018\/01\/albergue-sismo-cdmx.jpg\",\"contentUrl\":\"http:\/\/www.reconoce.mx\/wp-content\/uploads\/2018\/01\/albergue-sismo-cdmx.jpg\",\"width\":590,\"height\":380},{\"@type\":\"BreadcrumbList\",\"@id\":\"https:\/\/www.reconoce.mx\/?p=69634#breadcrumb\",\"itemListElement\":[{\"@type\":\"ListItem\",\"position\":1,\"name\":\"Portada\",\"item\":\"http:\/\/www.reconoce.mx\/\"},{\"@type\":\"ListItem\",\"position\":2,\"name\":\"\u00bfQui\u00e9nes son esos que viven en campamentos en Ciudad de M\u00e9xico?\"}]},{\"@type\":\"WebSite\",\"@id\":\"http:\/\/www.reconoce.mx\/#website\",\"url\":\"http:\/\/www.reconoce.mx\/\",\"name\":\"Reconoce MX\",\"description\":\"En Reconoce MX difundimos arte, cultura y conciencia social en M\u00e9xico. Tu ciudad en otra perspectiva.\",\"publisher\":{\"@id\":\"http:\/\/www.reconoce.mx\/#organization\"},\"potentialAction\":[{\"@type\":\"SearchAction\",\"target\":{\"@type\":\"EntryPoint\",\"urlTemplate\":\"http:\/\/www.reconoce.mx\/?s={search_term_string}\"},\"query-input\":{\"@type\":\"PropertyValueSpecification\",\"valueRequired\":true,\"valueName\":\"search_term_string\"}}],\"inLanguage\":\"es\"},{\"@type\":\"Organization\",\"@id\":\"http:\/\/www.reconoce.mx\/#organization\",\"name\":\"Reconoce MX\",\"url\":\"http:\/\/www.reconoce.mx\/\",\"logo\":{\"@type\":\"ImageObject\",\"inLanguage\":\"es\",\"@id\":\"http:\/\/www.reconoce.mx\/#\/schema\/logo\/image\/\",\"url\":\"https:\/\/www.reconoce.mx\/wp-content\/uploads\/2019\/03\/logorcmx-good-1.png\",\"contentUrl\":\"https:\/\/www.reconoce.mx\/wp-content\/uploads\/2019\/03\/logorcmx-good-1.png\",\"width\":280,\"height\":90,\"caption\":\"Reconoce MX\"},\"image\":{\"@id\":\"http:\/\/www.reconoce.mx\/#\/schema\/logo\/image\/\"},\"sameAs\":[\"https:\/\/es-la.facebook.com\/ReconoceMX\/\",\"https:\/\/x.com\/reconocemx\",\"http:\/\/@reconocemx\"]},{\"@type\":\"Person\",\"@id\":\"http:\/\/www.reconoce.mx\/#\/schema\/person\/2117e997d7051dc15d6880eaf9bca0b2\",\"name\":\"Reconoce MX\",\"image\":{\"@type\":\"ImageObject\",\"inLanguage\":\"es\",\"@id\":\"http:\/\/www.reconoce.mx\/#\/schema\/person\/image\/\",\"url\":\"https:\/\/secure.gravatar.com\/avatar\/6c8d4dc7569ca1c90c5fdcc349f839d5ddef6fe1e70b4337ead2ef1a4c43fc3a?s=96&d=identicon&r=g\",\"contentUrl\":\"https:\/\/secure.gravatar.com\/avatar\/6c8d4dc7569ca1c90c5fdcc349f839d5ddef6fe1e70b4337ead2ef1a4c43fc3a?s=96&d=identicon&r=g\",\"caption\":\"Reconoce MX\"},\"description\":\"Reconoce MX es un proyecto de difusi\u00f3n art\u00edstica, cultural y de conciencia social que est\u00e1 enfocado a difundir y fomentar el entretenimiento alternativo de calidad para todo el p\u00fablico que comparta el mismo entusiasmo.\",\"sameAs\":[\"http:\/\/www.reconoce.mx\"],\"url\":\"http:\/\/www.reconoce.mx\/?author=2\"}]}<\/script>\n<!-- \/ Yoast SEO plugin. -->","yoast_head_json":{"title":"\u00bfQui\u00e9nes son esos que viven en campamentos en Ciudad de M\u00e9xico? &#171; Reconoce MX","robots":{"index":"index","follow":"follow","max-snippet":"max-snippet:-1","max-image-preview":"max-image-preview:large","max-video-preview":"max-video-preview:-1"},"canonical":"https:\/\/www.reconoce.mx\/?p=69634","og_locale":"es_ES","og_type":"article","og_title":"\u00bfQui\u00e9nes son esos que viven en campamentos en Ciudad de M\u00e9xico? &#171; Reconoce MX","og_description":"Estamos a unos d\u00edas de que se cumplan apenas cuatro meses del sismo del pasado 19 de septiembre y la memoria nos comienza a fallar.","og_url":"https:\/\/www.reconoce.mx\/?p=69634","og_site_name":"Reconoce MX","article_publisher":"https:\/\/es-la.facebook.com\/ReconoceMX\/","article_published_time":"2018-01-16T06:04:50+00:00","article_modified_time":"2018-01-22T20:49:43+00:00","og_image":[{"width":590,"height":380,"url":"https:\/\/www.reconoce.mx\/wp-content\/uploads\/2018\/01\/albergue-sismo-cdmx.jpg","type":"image\/jpeg"}],"author":"Reconoce MX","twitter_card":"summary_large_image","twitter_creator":"@reconocemx","twitter_site":"@reconocemx","twitter_misc":{"Escrito por":"Reconoce MX","Tiempo de lectura":"4 minutos"},"schema":{"@context":"https:\/\/schema.org","@graph":[{"@type":"Article","@id":"https:\/\/www.reconoce.mx\/?p=69634#article","isPartOf":{"@id":"https:\/\/www.reconoce.mx\/?p=69634"},"author":{"name":"Reconoce MX","@id":"http:\/\/www.reconoce.mx\/#\/schema\/person\/2117e997d7051dc15d6880eaf9bca0b2"},"headline":"\u00bfQui\u00e9nes son esos que viven en campamentos en Ciudad de M\u00e9xico?","datePublished":"2018-01-16T06:04:50+00:00","dateModified":"2018-01-22T20:49:43+00:00","mainEntityOfPage":{"@id":"https:\/\/www.reconoce.mx\/?p=69634"},"wordCount":768,"commentCount":0,"publisher":{"@id":"http:\/\/www.reconoce.mx\/#organization"},"image":{"@id":"https:\/\/www.reconoce.mx\/?p=69634#primaryimage"},"thumbnailUrl":"http:\/\/www.reconoce.mx\/wp-content\/uploads\/2018\/01\/albergue-sismo-cdmx.jpg","keywords":["sismo"],"articleSection":["Conciencia","Derechos Humanos","Principal","Sismo 19-S"],"inLanguage":"es","potentialAction":[{"@type":"CommentAction","name":"Comment","target":["https:\/\/www.reconoce.mx\/?p=69634#respond"]}]},{"@type":"WebPage","@id":"https:\/\/www.reconoce.mx\/?p=69634","url":"https:\/\/www.reconoce.mx\/?p=69634","name":"\u00bfQui\u00e9nes son esos que viven en campamentos en Ciudad de M\u00e9xico? &#171; Reconoce MX","isPartOf":{"@id":"http:\/\/www.reconoce.mx\/#website"},"primaryImageOfPage":{"@id":"https:\/\/www.reconoce.mx\/?p=69634#primaryimage"},"image":{"@id":"https:\/\/www.reconoce.mx\/?p=69634#primaryimage"},"thumbnailUrl":"http:\/\/www.reconoce.mx\/wp-content\/uploads\/2018\/01\/albergue-sismo-cdmx.jpg","datePublished":"2018-01-16T06:04:50+00:00","dateModified":"2018-01-22T20:49:43+00:00","breadcrumb":{"@id":"https:\/\/www.reconoce.mx\/?p=69634#breadcrumb"},"inLanguage":"es","potentialAction":[{"@type":"ReadAction","target":["https:\/\/www.reconoce.mx\/?p=69634"]}]},{"@type":"ImageObject","inLanguage":"es","@id":"https:\/\/www.reconoce.mx\/?p=69634#primaryimage","url":"http:\/\/www.reconoce.mx\/wp-content\/uploads\/2018\/01\/albergue-sismo-cdmx.jpg","contentUrl":"http:\/\/www.reconoce.mx\/wp-content\/uploads\/2018\/01\/albergue-sismo-cdmx.jpg","width":590,"height":380},{"@type":"BreadcrumbList","@id":"https:\/\/www.reconoce.mx\/?p=69634#breadcrumb","itemListElement":[{"@type":"ListItem","position":1,"name":"Portada","item":"http:\/\/www.reconoce.mx\/"},{"@type":"ListItem","position":2,"name":"\u00bfQui\u00e9nes son esos que viven en campamentos en Ciudad de M\u00e9xico?"}]},{"@type":"WebSite","@id":"http:\/\/www.reconoce.mx\/#website","url":"http:\/\/www.reconoce.mx\/","name":"Reconoce MX","description":"En Reconoce MX difundimos arte, cultura y conciencia social en M\u00e9xico. Tu ciudad en otra perspectiva.","publisher":{"@id":"http:\/\/www.reconoce.mx\/#organization"},"potentialAction":[{"@type":"SearchAction","target":{"@type":"EntryPoint","urlTemplate":"http:\/\/www.reconoce.mx\/?s={search_term_string}"},"query-input":{"@type":"PropertyValueSpecification","valueRequired":true,"valueName":"search_term_string"}}],"inLanguage":"es"},{"@type":"Organization","@id":"http:\/\/www.reconoce.mx\/#organization","name":"Reconoce MX","url":"http:\/\/www.reconoce.mx\/","logo":{"@type":"ImageObject","inLanguage":"es","@id":"http:\/\/www.reconoce.mx\/#\/schema\/logo\/image\/","url":"https:\/\/www.reconoce.mx\/wp-content\/uploads\/2019\/03\/logorcmx-good-1.png","contentUrl":"https:\/\/www.reconoce.mx\/wp-content\/uploads\/2019\/03\/logorcmx-good-1.png","width":280,"height":90,"caption":"Reconoce MX"},"image":{"@id":"http:\/\/www.reconoce.mx\/#\/schema\/logo\/image\/"},"sameAs":["https:\/\/es-la.facebook.com\/ReconoceMX\/","https:\/\/x.com\/reconocemx","http:\/\/@reconocemx"]},{"@type":"Person","@id":"http:\/\/www.reconoce.mx\/#\/schema\/person\/2117e997d7051dc15d6880eaf9bca0b2","name":"Reconoce MX","image":{"@type":"ImageObject","inLanguage":"es","@id":"http:\/\/www.reconoce.mx\/#\/schema\/person\/image\/","url":"https:\/\/secure.gravatar.com\/avatar\/6c8d4dc7569ca1c90c5fdcc349f839d5ddef6fe1e70b4337ead2ef1a4c43fc3a?s=96&d=identicon&r=g","contentUrl":"https:\/\/secure.gravatar.com\/avatar\/6c8d4dc7569ca1c90c5fdcc349f839d5ddef6fe1e70b4337ead2ef1a4c43fc3a?s=96&d=identicon&r=g","caption":"Reconoce MX"},"description":"Reconoce MX es un proyecto de difusi\u00f3n art\u00edstica, cultural y de conciencia social que est\u00e1 enfocado a difundir y fomentar el entretenimiento alternativo de calidad para todo el p\u00fablico que comparta el mismo entusiasmo.","sameAs":["http:\/\/www.reconoce.mx"],"url":"http:\/\/www.reconoce.mx\/?author=2"}]}},"_links":{"self":[{"href":"http:\/\/www.reconoce.mx\/index.php?rest_route=\/wp\/v2\/posts\/69634","targetHints":{"allow":["GET"]}}],"collection":[{"href":"http:\/\/www.reconoce.mx\/index.php?rest_route=\/wp\/v2\/posts"}],"about":[{"href":"http:\/\/www.reconoce.mx\/index.php?rest_route=\/wp\/v2\/types\/post"}],"author":[{"embeddable":true,"href":"http:\/\/www.reconoce.mx\/index.php?rest_route=\/wp\/v2\/users\/2"}],"replies":[{"embeddable":true,"href":"http:\/\/www.reconoce.mx\/index.php?rest_route=%2Fwp%2Fv2%2Fcomments&post=69634"}],"version-history":[{"count":3,"href":"http:\/\/www.reconoce.mx\/index.php?rest_route=\/wp\/v2\/posts\/69634\/revisions"}],"predecessor-version":[{"id":69810,"href":"http:\/\/www.reconoce.mx\/index.php?rest_route=\/wp\/v2\/posts\/69634\/revisions\/69810"}],"wp:featuredmedia":[{"embeddable":true,"href":"http:\/\/www.reconoce.mx\/index.php?rest_route=\/wp\/v2\/media\/69635"}],"wp:attachment":[{"href":"http:\/\/www.reconoce.mx\/index.php?rest_route=%2Fwp%2Fv2%2Fmedia&parent=69634"}],"wp:term":[{"taxonomy":"category","embeddable":true,"href":"http:\/\/www.reconoce.mx\/index.php?rest_route=%2Fwp%2Fv2%2Fcategories&post=69634"},{"taxonomy":"post_tag","embeddable":true,"href":"http:\/\/www.reconoce.mx\/index.php?rest_route=%2Fwp%2Fv2%2Ftags&post=69634"}],"curies":[{"name":"wp","href":"https:\/\/api.w.org\/{rel}","templated":true}]}}