{"id":70338,"date":"2018-02-16T00:01:37","date_gmt":"2018-02-16T06:01:37","guid":{"rendered":"http:\/\/www.reconoce.mx\/?p=70338"},"modified":"2018-02-15T22:58:39","modified_gmt":"2018-02-16T04:58:39","slug":"lunario-cartelera-del-16-al-22-de-febrero","status":"publish","type":"post","link":"http:\/\/www.reconoce.mx\/?p=70338","title":{"rendered":"Lunario: Cartelera del 16 al 22 de febrero"},"content":{"rendered":"<p><strong>Por <a title=\"@AsfaltosTweets\" href=\"http:\/\/twitter.com\/AsfaltosTweets\" target=\"_blank\" rel=\"noopener noreferrer\">Asfaltos<\/a><\/strong>.<\/p>\n<p>Al caer la noche, en una ubicaci\u00f3n inmejorable como es Paseo de la Reforma, en el coraz\u00f3n del Bosque de Chapultepec, el foro alternativo del <strong>Auditorio Nacional<\/strong>, el <strong>Lunario<\/strong>, se convierte en un espacio \u00edntimo y confortable donde innumerables artistas, grupos, solistas, ensambles y compa\u00f1\u00edas de prestigio nacional e internacional, deleitan a los muy diversos p\u00fablicos que se permiten disfrutar de sus noches.<\/p>\n<p>Disfruta de la variopinta cartelera del <strong>Lunario del Auditorio Nacional<\/strong>, un sitio donde lo sentidos son atendidos sin reserva y s\u00ed con mucha calidez.<\/p>\n<h1><em>Cabaret Lunario<\/em> presenta Yoshio, Arianna y Gualberto Castro<\/h1>\n<p>\/\/ febrero 16; viernes; 22:30h<br \/>\n\/\/ precios: de $500 a $1,500<\/p>\n<p><a href=\"http:\/\/www.reconoce.mx\/wp-content\/uploads\/2018\/02\/DU1IKlTVoAAHuDf.jpg\"><img loading=\"lazy\" decoding=\"async\" class=\"aligncenter size-full wp-image-70341\" src=\"http:\/\/www.reconoce.mx\/wp-content\/uploads\/2018\/02\/DU1IKlTVoAAHuDf.jpg\" alt=\"\" width=\"793\" height=\"1200\" srcset=\"http:\/\/www.reconoce.mx\/wp-content\/uploads\/2018\/02\/DU1IKlTVoAAHuDf.jpg 793w, http:\/\/www.reconoce.mx\/wp-content\/uploads\/2018\/02\/DU1IKlTVoAAHuDf-198x300.jpg 198w, http:\/\/www.reconoce.mx\/wp-content\/uploads\/2018\/02\/DU1IKlTVoAAHuDf-768x1162.jpg 768w, http:\/\/www.reconoce.mx\/wp-content\/uploads\/2018\/02\/DU1IKlTVoAAHuDf-677x1024.jpg 677w, http:\/\/www.reconoce.mx\/wp-content\/uploads\/2018\/02\/DU1IKlTVoAAHuDf-150x227.jpg 150w, http:\/\/www.reconoce.mx\/wp-content\/uploads\/2018\/02\/DU1IKlTVoAAHuDf-700x1059.jpg 700w, http:\/\/www.reconoce.mx\/wp-content\/uploads\/2018\/02\/DU1IKlTVoAAHuDf-658x996.jpg 658w, http:\/\/www.reconoce.mx\/wp-content\/uploads\/2018\/02\/DU1IKlTVoAAHuDf-300x454.jpg 300w\" sizes=\"auto, (max-width: 793px) 100vw, 793px\" \/><\/a><\/p>\n<p><strong>Cabaret Lunario<\/strong>, el concepto que busca recuperar las noches de cabaret en la Ciudad de M\u00e9xico, presentar\u00e1 una noche bohemia con tres int\u00e9rpretes de la balada y la m\u00fasica rom\u00e1ntica: <strong>Yoshio<\/strong>, <strong>Arianna<\/strong> y <strong>Gualberto Castro<\/strong>, quienes, compartiendo el escenario o como solistas, presentar\u00e1n sus respectivos \u00e9xitos musicales. Algunas de las canciones que sonar\u00e1n son \u00abLo que paso pas\u00f3\u00bb, \u00abEn mi soledad\u00bb, \u00abLa felicidad\u00bb, \u00abCoraz\u00f3n rom\u00e1ntico\u00bb, \u00abEl reencuentro\u00bb, \u00abQu\u00e9 mal amada est\u00e1s\u00bb, entre otras. Con m\u00e1s de 45 a\u00f1os de carrera art\u00edstica, <strong>Yoshio<\/strong> se ha desarrollado como cantante y compositor, enriqueciendo el ambiente bohemio con g\u00e9neros como balada, ranchero, bolero y pop, y ha grabado m\u00e1s de 20 discos. <strong>Arianna<\/strong> inici\u00f3 su carrera en 1979 con el lanzamiento de su disco hom\u00f3nimo; su calidad vocal la llev\u00f3 a participar en cinco ocasiones en el Festival OTI y a grabar varios \u00e1lbumes, cuyas ventas se reflejaron en discos de oro para la int\u00e9rprete. Por su parte, <strong>Gualberto Castro<\/strong> tiene una trayectoria que comenz\u00f3 en la d\u00e9cada de los a\u00f1os 50, primero como parte del grupo Los hermanos Castro y despu\u00e9s como solista.<\/p>\n<h1><em>Cabaret Lunario<\/em> presenta Mauricio Herrera <em>Concierto con cierto miedo<\/em><\/h1>\n<p>\/\/ febrero 17; s\u00e1bado; 19:00h<br \/>\n\/\/ precios: de $600 a $1,000<\/p>\n<p><a href=\"http:\/\/www.reconoce.mx\/wp-content\/uploads\/2018\/02\/DVY-HRYV4AAodPb.jpg\"><img loading=\"lazy\" decoding=\"async\" class=\"aligncenter size-full wp-image-70342\" src=\"http:\/\/www.reconoce.mx\/wp-content\/uploads\/2018\/02\/DVY-HRYV4AAodPb.jpg\" alt=\"\" width=\"640\" height=\"426\" srcset=\"http:\/\/www.reconoce.mx\/wp-content\/uploads\/2018\/02\/DVY-HRYV4AAodPb.jpg 640w, http:\/\/www.reconoce.mx\/wp-content\/uploads\/2018\/02\/DVY-HRYV4AAodPb-300x200.jpg 300w, http:\/\/www.reconoce.mx\/wp-content\/uploads\/2018\/02\/DVY-HRYV4AAodPb-150x100.jpg 150w\" sizes=\"auto, (max-width: 640px) 100vw, 640px\" \/><\/a><\/p>\n<p><strong>Mauricio Herrera<\/strong> realizar\u00e1 una nueva presentaci\u00f3n en este escenario con su prestigiado espect\u00e1culo \u00abConcierto, Con cierto miedo\u00bb. Con una gran trayectoria en cine, televisi\u00f3n y teatro, el talento de Herrera ha destacado durante cuatro d\u00e9cadas, en las que ha recorrido diversas facetas: actor, m\u00fasico, cantante, director y productor. Con este espect\u00e1culo de humor fino ha logrado cosechar risas durante m\u00e1s de 25 a\u00f1os de gran \u00e9xito, en m\u00e1s de 2 mil 500 funciones. En esta ocasi\u00f3n, el primer actor no s\u00f3lo provocar\u00e1 carcajadas y momentos de mucha diversi\u00f3n, sino que tambi\u00e9n habr\u00e1 espacio para la m\u00fasica, con una artista invitada: la cantante <strong>Luhana Gardi<\/strong>.<\/p>\n<h1>Lunario presenta <em>24 voces por segundo<\/em> con el Coro de M\u00e9xico<\/h1>\n<p>\/\/ febrero 18; domingo; 18:00h<br \/>\n\/\/ precios: de $350 y $500<\/p>\n<p><a href=\"http:\/\/www.reconoce.mx\/wp-content\/uploads\/2018\/01\/24VocesxSeg.jpg\"><img loading=\"lazy\" decoding=\"async\" class=\"aligncenter size-full wp-image-69959\" src=\"http:\/\/www.reconoce.mx\/wp-content\/uploads\/2018\/01\/24VocesxSeg.jpg\" alt=\"\" width=\"800\" height=\"1200\" srcset=\"http:\/\/www.reconoce.mx\/wp-content\/uploads\/2018\/01\/24VocesxSeg.jpg 800w, http:\/\/www.reconoce.mx\/wp-content\/uploads\/2018\/01\/24VocesxSeg-200x300.jpg 200w, http:\/\/www.reconoce.mx\/wp-content\/uploads\/2018\/01\/24VocesxSeg-768x1152.jpg 768w, http:\/\/www.reconoce.mx\/wp-content\/uploads\/2018\/01\/24VocesxSeg-683x1024.jpg 683w, http:\/\/www.reconoce.mx\/wp-content\/uploads\/2018\/01\/24VocesxSeg-150x225.jpg 150w, http:\/\/www.reconoce.mx\/wp-content\/uploads\/2018\/01\/24VocesxSeg-700x1050.jpg 700w, http:\/\/www.reconoce.mx\/wp-content\/uploads\/2018\/01\/24VocesxSeg-658x987.jpg 658w, http:\/\/www.reconoce.mx\/wp-content\/uploads\/2018\/01\/24VocesxSeg-300x450.jpg 300w\" sizes=\"auto, (max-width: 800px) 100vw, 800px\" \/><\/a><\/p>\n<p>Por segundo a\u00f1o consecutivo, el <strong>Coro de M\u00e9xico<\/strong>, agrupaci\u00f3n que ha colaborado con directores orquestales de la talla del italiano Ennio Morricone, el brit\u00e1nico Sir Neville Marriner y el mexicano Luis Herrera de la Fuente, presentar\u00e1 el concierto \u00ab24 voces por segundo\u00bb, bajo la batuta del maestro Gerardo R\u00e1bago. Ser\u00e1 una oportunidad \u00fanica para descubrir el poder que ha tenido la m\u00fasica de coro en la historia del cine mundial y disfrutar de la voz humana a trav\u00e9s de pasajes sonoros de filmes cl\u00e1sicos, muchos de ellos nominados o reconocidos con alg\u00fan premio \u00d3scar. El <strong>Coro de M\u00e9xico<\/strong> fue fundado en 1991 por Gerardo R\u00e1bago con el objetivo de llevar a los escenarios la m\u00fasica para coro en todos los formatos usuales del canto en conjunto, desde ensambles de solistas, hasta las grandes masas corales de Mahler, Verdi o Beethoven.<\/p>\n<h1>Pro Artte y Lunario presentan Ra\u00fal Di Blasio <em>Pianissimo<\/em><\/h1>\n<p>\/\/ febrero 21; mi\u00e9rcoles; 21:00h<br \/>\n\/\/ febrero 22; jueves; 21:00h<br \/>\n\/\/ precios: de $1,050 a $1,950<\/p>\n<p><a href=\"http:\/\/www.reconoce.mx\/wp-content\/uploads\/2018\/02\/DUKzHIDWkAAQ-wK.jpg-large.jpg\"><img loading=\"lazy\" decoding=\"async\" class=\"aligncenter size-full wp-image-70343\" src=\"http:\/\/www.reconoce.mx\/wp-content\/uploads\/2018\/02\/DUKzHIDWkAAQ-wK.jpg-large.jpg\" alt=\"\" width=\"742\" height=\"960\" srcset=\"http:\/\/www.reconoce.mx\/wp-content\/uploads\/2018\/02\/DUKzHIDWkAAQ-wK.jpg-large.jpg 742w, http:\/\/www.reconoce.mx\/wp-content\/uploads\/2018\/02\/DUKzHIDWkAAQ-wK.jpg-large-232x300.jpg 232w, http:\/\/www.reconoce.mx\/wp-content\/uploads\/2018\/02\/DUKzHIDWkAAQ-wK.jpg-large-150x194.jpg 150w, http:\/\/www.reconoce.mx\/wp-content\/uploads\/2018\/02\/DUKzHIDWkAAQ-wK.jpg-large-700x906.jpg 700w, http:\/\/www.reconoce.mx\/wp-content\/uploads\/2018\/02\/DUKzHIDWkAAQ-wK.jpg-large-658x851.jpg 658w, http:\/\/www.reconoce.mx\/wp-content\/uploads\/2018\/02\/DUKzHIDWkAAQ-wK.jpg-large-300x388.jpg 300w\" sizes=\"auto, (max-width: 742px) 100vw, 742px\" \/><\/a><\/p>\n<p>Acompa\u00f1ado por m\u00e1s de 10 m\u00fasicos en escena, el pianista argentino <strong>Ra\u00fal Di Blasio<\/strong> presentar\u00e1 en el <strong>Lunario<\/strong> su espect\u00e1culo \u00abPianissimo\u00bb, en el que interpreta \u00abCoraz\u00f3n de ni\u00f1o\u00bb, \u00abHasta que te conoc\u00ed\u00bb, \u00abBalada para Adelina\u00bb, \u00abPen\u00e9lope\u00bb, \u00abEl d\u00eda que me quieras\u00bb y \u00abPiano Man\u00bb, entre otros temas. En 25 a\u00f1os de trayectoria art\u00edstica, \u00abEl Piano de Am\u00e9rica\u00bb, como tambi\u00e9n es conocido, ha llevado su m\u00fasica a pa\u00edses como M\u00e9xico, Argentina, Chile, Paraguay, Colombia, Panam\u00e1, Costa Rica, Egipto, Jordania y Espa\u00f1a. Cuenta con alrededor de 20 \u00e1lbumes que lo han llevado a ser considerado uno de los pianistas contempor\u00e1neos m\u00e1s reconocidos y en algunos de estos materiales cont\u00f3 con la participaci\u00f3n de Juan Gabriel, Marco Antonio Sol\u00eds, Cristian Castro, Armando Manzanero y Michael Bolton, entre otros. El tambi\u00e9n compositor ha creado su propio estilo al fusionar diferentes corrientes musicales: ritmos folcl\u00f3ricos, pop, jazz, m\u00fasica cl\u00e1sica y brasile\u00f1a. Ha sido reconocido con tres discos Doble Platino, 20 de Platino y 30 de Oro por las altas ventas de sus discos, que se suman otros premios internacionales y una nominaci\u00f3n en el a\u00f1o 2000 al Grammy Latino por \u00abMejor interpretaci\u00f3n instrumental pop\u00bb.<\/p>\n<p>Boletos a la venta en taquilla y a trav\u00e9s del <a href=\"http:\/\/www.ticketmaster.com.mx\/Lunario-Del-Auditorio-Nacional-boletos-Mexico\/venue\/164051\" target=\"_blank\" rel=\"noopener noreferrer\">Sistema Ticketmaster<\/a>. <strong>Lunario<\/strong> se encuentra ubicado en Paseo de la Reforma #50, Polanco V Secc, Miguel Hidalgo, Ciudad de M\u00e9xico.<\/p>\n<p>&nbsp;<\/p>\n<p>&nbsp;<\/p>\n","protected":false},"excerpt":{"rendered":"<p>Disfruta de la variopinta cartelera del Lunario del Auditorio Nacional, un sitio donde lo sentidos son atendidos sin reserva y s\u00ed con mucha calidez.<\/p>\n","protected":false},"author":2,"featured_media":53154,"comment_status":"open","ping_status":"open","sticky":false,"template":"","format":"standard","meta":{"footnotes":""},"categories":[1,18,17],"tags":[],"class_list":["post-70338","post","type-post","status-publish","format-standard","has-post-thumbnail","hentry","category-cultura","category-musica","category-principal"],"yoast_head":"<!-- This site is optimized with the Yoast SEO plugin v24.7 - https:\/\/yoast.com\/wordpress\/plugins\/seo\/ -->\n<title>Lunario: Cartelera del 16 al 22 de febrero &#171; Reconoce MX<\/title>\n<meta name=\"robots\" content=\"index, follow, max-snippet:-1, max-image-preview:large, max-video-preview:-1\" \/>\n<link rel=\"canonical\" href=\"https:\/\/www.reconoce.mx\/?p=70338\" \/>\n<meta property=\"og:locale\" content=\"es_ES\" \/>\n<meta property=\"og:type\" content=\"article\" \/>\n<meta property=\"og:title\" content=\"Lunario: Cartelera del 16 al 22 de febrero &#171; Reconoce MX\" \/>\n<meta property=\"og:description\" content=\"Disfruta de la variopinta cartelera del Lunario del Auditorio Nacional, un sitio donde lo sentidos son atendidos sin reserva y s\u00ed con mucha calidez.\" \/>\n<meta property=\"og:url\" content=\"https:\/\/www.reconoce.mx\/?p=70338\" \/>\n<meta property=\"og:site_name\" content=\"Reconoce MX\" \/>\n<meta property=\"article:publisher\" content=\"https:\/\/es-la.facebook.com\/ReconoceMX\/\" \/>\n<meta property=\"article:published_time\" content=\"2018-02-16T06:01:37+00:00\" \/>\n<meta property=\"og:image\" content=\"https:\/\/www.reconoce.mx\/wp-content\/uploads\/2016\/10\/lunario.cover2_.png\" \/>\n\t<meta property=\"og:image:width\" content=\"590\" \/>\n\t<meta property=\"og:image:height\" content=\"380\" \/>\n\t<meta property=\"og:image:type\" content=\"image\/png\" \/>\n<meta name=\"author\" content=\"Reconoce MX\" \/>\n<meta name=\"twitter:card\" content=\"summary_large_image\" \/>\n<meta name=\"twitter:creator\" content=\"@reconocemx\" \/>\n<meta name=\"twitter:site\" content=\"@reconocemx\" \/>\n<meta name=\"twitter:label1\" content=\"Escrito por\" \/>\n\t<meta name=\"twitter:data1\" content=\"Reconoce MX\" \/>\n\t<meta name=\"twitter:label2\" content=\"Tiempo de lectura\" \/>\n\t<meta name=\"twitter:data2\" content=\"4 minutos\" \/>\n<script type=\"application\/ld+json\" class=\"yoast-schema-graph\">{\"@context\":\"https:\/\/schema.org\",\"@graph\":[{\"@type\":\"Article\",\"@id\":\"https:\/\/www.reconoce.mx\/?p=70338#article\",\"isPartOf\":{\"@id\":\"https:\/\/www.reconoce.mx\/?p=70338\"},\"author\":{\"name\":\"Reconoce MX\",\"@id\":\"http:\/\/www.reconoce.mx\/#\/schema\/person\/2117e997d7051dc15d6880eaf9bca0b2\"},\"headline\":\"Lunario: Cartelera del 16 al 22 de febrero\",\"datePublished\":\"2018-02-16T06:01:37+00:00\",\"mainEntityOfPage\":{\"@id\":\"https:\/\/www.reconoce.mx\/?p=70338\"},\"wordCount\":871,\"commentCount\":0,\"publisher\":{\"@id\":\"http:\/\/www.reconoce.mx\/#organization\"},\"image\":{\"@id\":\"https:\/\/www.reconoce.mx\/?p=70338#primaryimage\"},\"thumbnailUrl\":\"http:\/\/www.reconoce.mx\/wp-content\/uploads\/2016\/10\/lunario.cover2_.png\",\"articleSection\":[\"Cultura\",\"M\u00fasica\",\"Principal\"],\"inLanguage\":\"es\",\"potentialAction\":[{\"@type\":\"CommentAction\",\"name\":\"Comment\",\"target\":[\"https:\/\/www.reconoce.mx\/?p=70338#respond\"]}]},{\"@type\":\"WebPage\",\"@id\":\"https:\/\/www.reconoce.mx\/?p=70338\",\"url\":\"https:\/\/www.reconoce.mx\/?p=70338\",\"name\":\"Lunario: Cartelera del 16 al 22 de febrero &#171; Reconoce MX\",\"isPartOf\":{\"@id\":\"http:\/\/www.reconoce.mx\/#website\"},\"primaryImageOfPage\":{\"@id\":\"https:\/\/www.reconoce.mx\/?p=70338#primaryimage\"},\"image\":{\"@id\":\"https:\/\/www.reconoce.mx\/?p=70338#primaryimage\"},\"thumbnailUrl\":\"http:\/\/www.reconoce.mx\/wp-content\/uploads\/2016\/10\/lunario.cover2_.png\",\"datePublished\":\"2018-02-16T06:01:37+00:00\",\"breadcrumb\":{\"@id\":\"https:\/\/www.reconoce.mx\/?p=70338#breadcrumb\"},\"inLanguage\":\"es\",\"potentialAction\":[{\"@type\":\"ReadAction\",\"target\":[\"https:\/\/www.reconoce.mx\/?p=70338\"]}]},{\"@type\":\"ImageObject\",\"inLanguage\":\"es\",\"@id\":\"https:\/\/www.reconoce.mx\/?p=70338#primaryimage\",\"url\":\"http:\/\/www.reconoce.mx\/wp-content\/uploads\/2016\/10\/lunario.cover2_.png\",\"contentUrl\":\"http:\/\/www.reconoce.mx\/wp-content\/uploads\/2016\/10\/lunario.cover2_.png\",\"width\":590,\"height\":380},{\"@type\":\"BreadcrumbList\",\"@id\":\"https:\/\/www.reconoce.mx\/?p=70338#breadcrumb\",\"itemListElement\":[{\"@type\":\"ListItem\",\"position\":1,\"name\":\"Portada\",\"item\":\"http:\/\/www.reconoce.mx\/\"},{\"@type\":\"ListItem\",\"position\":2,\"name\":\"Lunario: Cartelera del 16 al 22 de febrero\"}]},{\"@type\":\"WebSite\",\"@id\":\"http:\/\/www.reconoce.mx\/#website\",\"url\":\"http:\/\/www.reconoce.mx\/\",\"name\":\"Reconoce MX\",\"description\":\"En Reconoce MX difundimos arte, cultura y conciencia social en M\u00e9xico. Tu ciudad en otra perspectiva.\",\"publisher\":{\"@id\":\"http:\/\/www.reconoce.mx\/#organization\"},\"potentialAction\":[{\"@type\":\"SearchAction\",\"target\":{\"@type\":\"EntryPoint\",\"urlTemplate\":\"http:\/\/www.reconoce.mx\/?s={search_term_string}\"},\"query-input\":{\"@type\":\"PropertyValueSpecification\",\"valueRequired\":true,\"valueName\":\"search_term_string\"}}],\"inLanguage\":\"es\"},{\"@type\":\"Organization\",\"@id\":\"http:\/\/www.reconoce.mx\/#organization\",\"name\":\"Reconoce MX\",\"url\":\"http:\/\/www.reconoce.mx\/\",\"logo\":{\"@type\":\"ImageObject\",\"inLanguage\":\"es\",\"@id\":\"http:\/\/www.reconoce.mx\/#\/schema\/logo\/image\/\",\"url\":\"https:\/\/www.reconoce.mx\/wp-content\/uploads\/2019\/03\/logorcmx-good-1.png\",\"contentUrl\":\"https:\/\/www.reconoce.mx\/wp-content\/uploads\/2019\/03\/logorcmx-good-1.png\",\"width\":280,\"height\":90,\"caption\":\"Reconoce MX\"},\"image\":{\"@id\":\"http:\/\/www.reconoce.mx\/#\/schema\/logo\/image\/\"},\"sameAs\":[\"https:\/\/es-la.facebook.com\/ReconoceMX\/\",\"https:\/\/x.com\/reconocemx\",\"http:\/\/@reconocemx\"]},{\"@type\":\"Person\",\"@id\":\"http:\/\/www.reconoce.mx\/#\/schema\/person\/2117e997d7051dc15d6880eaf9bca0b2\",\"name\":\"Reconoce MX\",\"image\":{\"@type\":\"ImageObject\",\"inLanguage\":\"es\",\"@id\":\"http:\/\/www.reconoce.mx\/#\/schema\/person\/image\/\",\"url\":\"https:\/\/secure.gravatar.com\/avatar\/6c8d4dc7569ca1c90c5fdcc349f839d5ddef6fe1e70b4337ead2ef1a4c43fc3a?s=96&d=identicon&r=g\",\"contentUrl\":\"https:\/\/secure.gravatar.com\/avatar\/6c8d4dc7569ca1c90c5fdcc349f839d5ddef6fe1e70b4337ead2ef1a4c43fc3a?s=96&d=identicon&r=g\",\"caption\":\"Reconoce MX\"},\"description\":\"Reconoce MX es un proyecto de difusi\u00f3n art\u00edstica, cultural y de conciencia social que est\u00e1 enfocado a difundir y fomentar el entretenimiento alternativo de calidad para todo el p\u00fablico que comparta el mismo entusiasmo.\",\"sameAs\":[\"http:\/\/www.reconoce.mx\"],\"url\":\"http:\/\/www.reconoce.mx\/?author=2\"}]}<\/script>\n<!-- \/ Yoast SEO plugin. -->","yoast_head_json":{"title":"Lunario: Cartelera del 16 al 22 de febrero &#171; Reconoce MX","robots":{"index":"index","follow":"follow","max-snippet":"max-snippet:-1","max-image-preview":"max-image-preview:large","max-video-preview":"max-video-preview:-1"},"canonical":"https:\/\/www.reconoce.mx\/?p=70338","og_locale":"es_ES","og_type":"article","og_title":"Lunario: Cartelera del 16 al 22 de febrero &#171; Reconoce MX","og_description":"Disfruta de la variopinta cartelera del Lunario del Auditorio Nacional, un sitio donde lo sentidos son atendidos sin reserva y s\u00ed con mucha calidez.","og_url":"https:\/\/www.reconoce.mx\/?p=70338","og_site_name":"Reconoce MX","article_publisher":"https:\/\/es-la.facebook.com\/ReconoceMX\/","article_published_time":"2018-02-16T06:01:37+00:00","og_image":[{"width":590,"height":380,"url":"https:\/\/www.reconoce.mx\/wp-content\/uploads\/2016\/10\/lunario.cover2_.png","type":"image\/png"}],"author":"Reconoce MX","twitter_card":"summary_large_image","twitter_creator":"@reconocemx","twitter_site":"@reconocemx","twitter_misc":{"Escrito por":"Reconoce MX","Tiempo de lectura":"4 minutos"},"schema":{"@context":"https:\/\/schema.org","@graph":[{"@type":"Article","@id":"https:\/\/www.reconoce.mx\/?p=70338#article","isPartOf":{"@id":"https:\/\/www.reconoce.mx\/?p=70338"},"author":{"name":"Reconoce MX","@id":"http:\/\/www.reconoce.mx\/#\/schema\/person\/2117e997d7051dc15d6880eaf9bca0b2"},"headline":"Lunario: Cartelera del 16 al 22 de febrero","datePublished":"2018-02-16T06:01:37+00:00","mainEntityOfPage":{"@id":"https:\/\/www.reconoce.mx\/?p=70338"},"wordCount":871,"commentCount":0,"publisher":{"@id":"http:\/\/www.reconoce.mx\/#organization"},"image":{"@id":"https:\/\/www.reconoce.mx\/?p=70338#primaryimage"},"thumbnailUrl":"http:\/\/www.reconoce.mx\/wp-content\/uploads\/2016\/10\/lunario.cover2_.png","articleSection":["Cultura","M\u00fasica","Principal"],"inLanguage":"es","potentialAction":[{"@type":"CommentAction","name":"Comment","target":["https:\/\/www.reconoce.mx\/?p=70338#respond"]}]},{"@type":"WebPage","@id":"https:\/\/www.reconoce.mx\/?p=70338","url":"https:\/\/www.reconoce.mx\/?p=70338","name":"Lunario: Cartelera del 16 al 22 de febrero &#171; Reconoce MX","isPartOf":{"@id":"http:\/\/www.reconoce.mx\/#website"},"primaryImageOfPage":{"@id":"https:\/\/www.reconoce.mx\/?p=70338#primaryimage"},"image":{"@id":"https:\/\/www.reconoce.mx\/?p=70338#primaryimage"},"thumbnailUrl":"http:\/\/www.reconoce.mx\/wp-content\/uploads\/2016\/10\/lunario.cover2_.png","datePublished":"2018-02-16T06:01:37+00:00","breadcrumb":{"@id":"https:\/\/www.reconoce.mx\/?p=70338#breadcrumb"},"inLanguage":"es","potentialAction":[{"@type":"ReadAction","target":["https:\/\/www.reconoce.mx\/?p=70338"]}]},{"@type":"ImageObject","inLanguage":"es","@id":"https:\/\/www.reconoce.mx\/?p=70338#primaryimage","url":"http:\/\/www.reconoce.mx\/wp-content\/uploads\/2016\/10\/lunario.cover2_.png","contentUrl":"http:\/\/www.reconoce.mx\/wp-content\/uploads\/2016\/10\/lunario.cover2_.png","width":590,"height":380},{"@type":"BreadcrumbList","@id":"https:\/\/www.reconoce.mx\/?p=70338#breadcrumb","itemListElement":[{"@type":"ListItem","position":1,"name":"Portada","item":"http:\/\/www.reconoce.mx\/"},{"@type":"ListItem","position":2,"name":"Lunario: Cartelera del 16 al 22 de febrero"}]},{"@type":"WebSite","@id":"http:\/\/www.reconoce.mx\/#website","url":"http:\/\/www.reconoce.mx\/","name":"Reconoce MX","description":"En Reconoce MX difundimos arte, cultura y conciencia social en M\u00e9xico. Tu ciudad en otra perspectiva.","publisher":{"@id":"http:\/\/www.reconoce.mx\/#organization"},"potentialAction":[{"@type":"SearchAction","target":{"@type":"EntryPoint","urlTemplate":"http:\/\/www.reconoce.mx\/?s={search_term_string}"},"query-input":{"@type":"PropertyValueSpecification","valueRequired":true,"valueName":"search_term_string"}}],"inLanguage":"es"},{"@type":"Organization","@id":"http:\/\/www.reconoce.mx\/#organization","name":"Reconoce MX","url":"http:\/\/www.reconoce.mx\/","logo":{"@type":"ImageObject","inLanguage":"es","@id":"http:\/\/www.reconoce.mx\/#\/schema\/logo\/image\/","url":"https:\/\/www.reconoce.mx\/wp-content\/uploads\/2019\/03\/logorcmx-good-1.png","contentUrl":"https:\/\/www.reconoce.mx\/wp-content\/uploads\/2019\/03\/logorcmx-good-1.png","width":280,"height":90,"caption":"Reconoce MX"},"image":{"@id":"http:\/\/www.reconoce.mx\/#\/schema\/logo\/image\/"},"sameAs":["https:\/\/es-la.facebook.com\/ReconoceMX\/","https:\/\/x.com\/reconocemx","http:\/\/@reconocemx"]},{"@type":"Person","@id":"http:\/\/www.reconoce.mx\/#\/schema\/person\/2117e997d7051dc15d6880eaf9bca0b2","name":"Reconoce MX","image":{"@type":"ImageObject","inLanguage":"es","@id":"http:\/\/www.reconoce.mx\/#\/schema\/person\/image\/","url":"https:\/\/secure.gravatar.com\/avatar\/6c8d4dc7569ca1c90c5fdcc349f839d5ddef6fe1e70b4337ead2ef1a4c43fc3a?s=96&d=identicon&r=g","contentUrl":"https:\/\/secure.gravatar.com\/avatar\/6c8d4dc7569ca1c90c5fdcc349f839d5ddef6fe1e70b4337ead2ef1a4c43fc3a?s=96&d=identicon&r=g","caption":"Reconoce MX"},"description":"Reconoce MX es un proyecto de difusi\u00f3n art\u00edstica, cultural y de conciencia social que est\u00e1 enfocado a difundir y fomentar el entretenimiento alternativo de calidad para todo el p\u00fablico que comparta el mismo entusiasmo.","sameAs":["http:\/\/www.reconoce.mx"],"url":"http:\/\/www.reconoce.mx\/?author=2"}]}},"_links":{"self":[{"href":"http:\/\/www.reconoce.mx\/index.php?rest_route=\/wp\/v2\/posts\/70338","targetHints":{"allow":["GET"]}}],"collection":[{"href":"http:\/\/www.reconoce.mx\/index.php?rest_route=\/wp\/v2\/posts"}],"about":[{"href":"http:\/\/www.reconoce.mx\/index.php?rest_route=\/wp\/v2\/types\/post"}],"author":[{"embeddable":true,"href":"http:\/\/www.reconoce.mx\/index.php?rest_route=\/wp\/v2\/users\/2"}],"replies":[{"embeddable":true,"href":"http:\/\/www.reconoce.mx\/index.php?rest_route=%2Fwp%2Fv2%2Fcomments&post=70338"}],"version-history":[{"count":4,"href":"http:\/\/www.reconoce.mx\/index.php?rest_route=\/wp\/v2\/posts\/70338\/revisions"}],"predecessor-version":[{"id":70345,"href":"http:\/\/www.reconoce.mx\/index.php?rest_route=\/wp\/v2\/posts\/70338\/revisions\/70345"}],"wp:featuredmedia":[{"embeddable":true,"href":"http:\/\/www.reconoce.mx\/index.php?rest_route=\/wp\/v2\/media\/53154"}],"wp:attachment":[{"href":"http:\/\/www.reconoce.mx\/index.php?rest_route=%2Fwp%2Fv2%2Fmedia&parent=70338"}],"wp:term":[{"taxonomy":"category","embeddable":true,"href":"http:\/\/www.reconoce.mx\/index.php?rest_route=%2Fwp%2Fv2%2Fcategories&post=70338"},{"taxonomy":"post_tag","embeddable":true,"href":"http:\/\/www.reconoce.mx\/index.php?rest_route=%2Fwp%2Fv2%2Ftags&post=70338"}],"curies":[{"name":"wp","href":"https:\/\/api.w.org\/{rel}","templated":true}]}}