{"id":70359,"date":"2018-02-20T00:04:13","date_gmt":"2018-02-20T06:04:13","guid":{"rendered":"http:\/\/www.reconoce.mx\/?p=70359"},"modified":"2018-02-20T15:27:12","modified_gmt":"2018-02-20T21:27:12","slug":"futuro-festival-regresara-para-una-2a-edicion-en-san-luis-potosi","status":"publish","type":"post","link":"http:\/\/www.reconoce.mx\/?p=70359","title":{"rendered":"Futuro Festival regresar\u00e1 para una 2\u00aa edici\u00f3n en San Luis Potos\u00ed"},"content":{"rendered":"<p><strong> Por <a title=\"@AsfaltosTweets\" href=\"http:\/\/twitter.com\/AsfaltosTweets\" target=\"_blank\" rel=\"noopener noreferrer\" data-slimstat-type=\"0\" data-slimstat-callback=\"false\" data-slimstat-tracking=\"true\">Asfaltos<\/a><\/strong>.<\/p>\n<p>Despu\u00e9s de una primera edici\u00f3n que incluy\u00f3 a <strong>Hawaiian Gremlins<\/strong>, <strong>Young Tenders<\/strong>, <strong>The Blind Pets<\/strong> y desde luego <strong>Javiera Mena<\/strong>, regresa a San Luis Potos\u00ed el <strong>Futuro Festival<\/strong> para una 2\u00aa edici\u00f3n. Para <strong>Futuro Festival 2018<\/strong> se anuncian, adem\u00e1s de un igual de emocionante cartel, nuevas adiciones.<\/p>\n<p><a href=\"http:\/\/www.reconoce.mx\/wp-content\/uploads\/2018\/02\/unnamed1.jpg\"><img loading=\"lazy\" decoding=\"async\" class=\"aligncenter size-full wp-image-70361\" src=\"http:\/\/www.reconoce.mx\/wp-content\/uploads\/2018\/02\/unnamed1.jpg\" alt=\"\" width=\"1080\" height=\"1601\" srcset=\"http:\/\/www.reconoce.mx\/wp-content\/uploads\/2018\/02\/unnamed1.jpg 1080w, http:\/\/www.reconoce.mx\/wp-content\/uploads\/2018\/02\/unnamed1-202x300.jpg 202w, http:\/\/www.reconoce.mx\/wp-content\/uploads\/2018\/02\/unnamed1-768x1138.jpg 768w, http:\/\/www.reconoce.mx\/wp-content\/uploads\/2018\/02\/unnamed1-691x1024.jpg 691w, http:\/\/www.reconoce.mx\/wp-content\/uploads\/2018\/02\/unnamed1-150x222.jpg 150w, http:\/\/www.reconoce.mx\/wp-content\/uploads\/2018\/02\/unnamed1-700x1038.jpg 700w, http:\/\/www.reconoce.mx\/wp-content\/uploads\/2018\/02\/unnamed1-658x975.jpg 658w, http:\/\/www.reconoce.mx\/wp-content\/uploads\/2018\/02\/unnamed1-300x445.jpg 300w\" sizes=\"auto, (max-width: 1080px) 100vw, 1080px\" \/><\/a><\/p>\n<p>Con el objetivo de convertirse en el punto de reuni\u00f3n para el disfrute y descubrimiento musical en la zona Norte-Centro del pa\u00eds, <strong>Futuro Festival<\/strong> apuesta en esta segunda edici\u00f3n a una programaci\u00f3n que se se perfila para ser una de las sesiones de psicodelia m\u00e1s intensas del a\u00f1o en Latinoam\u00e9rica, con bandas de M\u00e9xico, Colombia, Argentina y Estados Unidos presentando sonidos para despertar los sentidos, para imaginar y bailar.<\/p>\n<p><strong>Little Jesus<\/strong> (MX),<strong> The Make-Up<\/strong> (US), <strong>Psychic Ills<\/strong> (US), <strong>Drab Majesty<\/strong> (US) y m\u00e1s propuestas nacionales y latinas, as\u00ed como nuevos cambios y sorpresas que incluyen un nuevo foro, la ya renovada propuesta musical, m\u00e1s arte y acceso gratuito y para todas las edades, son algunas de las propuestas para recibir a fans de la m\u00fasica en San Luis Potos\u00ed, Zacatecas y Quer\u00e9taro.<\/p>\n<p><iframe title=\"Spotify Embed: FUTURO FESTIVAL 2018\" style=\"border-radius: 12px\" width=\"100%\" height=\"352\" frameborder=\"0\" allowfullscreen allow=\"autoplay; clipboard-write; encrypted-media; fullscreen; picture-in-picture\" loading=\"lazy\" src=\"https:\/\/open.spotify.com\/embed\/playlist\/6OeCKFyi1sxMJYZmqFxP69?utm_source=oembed\"><\/iframe><\/p>\n<p>\u00bfLo mejor de todo? \u00a1Que ser\u00e1 gratuito! El acceso a <strong>Futuro Festival<\/strong> ser\u00e1 gratuito con boleto, <a href=\"https:\/\/futurofestival2018.boletia.com\/\" target=\"_blank\" rel=\"noopener\">siempre y cuando se confirme asistencia a trav\u00e9s de <strong>Boletia<\/strong><\/a>. Evento para todas las edades-<\/p>\n<p><strong>Futuro Festival<\/strong> se celebrar\u00e1 el s\u00e1bado 24 de marzo en un foro a\u00fan por confirmar en los pr\u00f3ximos d\u00edas. Para conocer m\u00e1s detalles te invitamos a estar atento a sus redes oficiales (<a href=\"https:\/\/www.facebook.com\/futurofestivalslp\/\" target=\"_blank\" rel=\"noopener\">Facebook<\/a>, <a href=\"https:\/\/twitter.com\/FUTUROFESTIVAL\" target=\"_blank\" rel=\"noopener\">Twitter<\/a> e <a href=\"https:\/\/www.instagram.com\/FUTUROFESTIVAL\/\" target=\"_blank\" rel=\"noopener\">Instagram<\/a>).<\/p>\n<p style=\"text-align: right;\">Con informaci\u00f3n cortes\u00eda de <strong>Malfi Co<\/strong>.<\/p>\n<p>&nbsp;<\/p>\n<p>&nbsp;<\/p>\n","protected":false},"excerpt":{"rendered":"<p>Despu\u00e9s de una primera edici\u00f3n que incluy\u00f3 a Hawaiian Gremlins, Young Tenders, The Blind Pets y desde luego Javiera Mena, regresa a San Luis Potos\u00ed el Futuro Festival para una 2\u00aa edici\u00f3n. Para Futuro Festival 2018 se anuncian, adem\u00e1s de un igual de emocionante cartel, nuevas adiciones.<\/p>\n","protected":false},"author":2,"featured_media":70363,"comment_status":"open","ping_status":"open","sticky":false,"template":"","format":"standard","meta":{"footnotes":""},"categories":[1,18,17],"tags":[],"class_list":["post-70359","post","type-post","status-publish","format-standard","has-post-thumbnail","hentry","category-cultura","category-musica","category-principal"],"yoast_head":"<!-- This site is optimized with the Yoast SEO plugin v24.7 - https:\/\/yoast.com\/wordpress\/plugins\/seo\/ -->\n<title>Futuro Festival regresar\u00e1 para una 2\u00aa edici\u00f3n en San Luis Potos\u00ed &#171; Reconoce MX<\/title>\n<meta name=\"robots\" content=\"index, follow, max-snippet:-1, max-image-preview:large, max-video-preview:-1\" \/>\n<link rel=\"canonical\" href=\"https:\/\/www.reconoce.mx\/?p=70359\" \/>\n<meta property=\"og:locale\" content=\"es_ES\" \/>\n<meta property=\"og:type\" content=\"article\" \/>\n<meta property=\"og:title\" content=\"Futuro Festival regresar\u00e1 para una 2\u00aa edici\u00f3n en San Luis Potos\u00ed &#171; Reconoce MX\" \/>\n<meta property=\"og:description\" content=\"Despu\u00e9s de una primera edici\u00f3n que incluy\u00f3 a Hawaiian Gremlins, Young Tenders, The Blind Pets y desde luego Javiera Mena, regresa a San Luis Potos\u00ed el Futuro Festival para una 2\u00aa edici\u00f3n. Para Futuro Festival 2018 se anuncian, adem\u00e1s de un igual de emocionante cartel, nuevas adiciones.\" \/>\n<meta property=\"og:url\" content=\"https:\/\/www.reconoce.mx\/?p=70359\" \/>\n<meta property=\"og:site_name\" content=\"Reconoce MX\" \/>\n<meta property=\"article:publisher\" content=\"https:\/\/es-la.facebook.com\/ReconoceMX\/\" \/>\n<meta property=\"article:published_time\" content=\"2018-02-20T06:04:13+00:00\" \/>\n<meta property=\"article:modified_time\" content=\"2018-02-20T21:27:12+00:00\" \/>\n<meta property=\"og:image\" content=\"https:\/\/www.reconoce.mx\/wp-content\/uploads\/2018\/02\/futuro-festival-cover.jpg\" \/>\n\t<meta property=\"og:image:width\" content=\"590\" \/>\n\t<meta property=\"og:image:height\" content=\"380\" \/>\n\t<meta property=\"og:image:type\" content=\"image\/jpeg\" \/>\n<meta name=\"author\" content=\"Reconoce MX\" \/>\n<meta name=\"twitter:card\" content=\"summary_large_image\" \/>\n<meta name=\"twitter:creator\" content=\"@reconocemx\" \/>\n<meta name=\"twitter:site\" content=\"@reconocemx\" \/>\n<meta name=\"twitter:label1\" content=\"Escrito por\" \/>\n\t<meta name=\"twitter:data1\" content=\"Reconoce MX\" \/>\n\t<meta name=\"twitter:label2\" content=\"Tiempo de lectura\" \/>\n\t<meta name=\"twitter:data2\" content=\"1 minuto\" \/>\n<script type=\"application\/ld+json\" class=\"yoast-schema-graph\">{\"@context\":\"https:\/\/schema.org\",\"@graph\":[{\"@type\":\"Article\",\"@id\":\"https:\/\/www.reconoce.mx\/?p=70359#article\",\"isPartOf\":{\"@id\":\"https:\/\/www.reconoce.mx\/?p=70359\"},\"author\":{\"name\":\"Reconoce MX\",\"@id\":\"http:\/\/www.reconoce.mx\/#\/schema\/person\/2117e997d7051dc15d6880eaf9bca0b2\"},\"headline\":\"Futuro Festival regresar\u00e1 para una 2\u00aa edici\u00f3n en San Luis Potos\u00ed\",\"datePublished\":\"2018-02-20T06:04:13+00:00\",\"dateModified\":\"2018-02-20T21:27:12+00:00\",\"mainEntityOfPage\":{\"@id\":\"https:\/\/www.reconoce.mx\/?p=70359\"},\"wordCount\":297,\"commentCount\":0,\"publisher\":{\"@id\":\"http:\/\/www.reconoce.mx\/#organization\"},\"image\":{\"@id\":\"https:\/\/www.reconoce.mx\/?p=70359#primaryimage\"},\"thumbnailUrl\":\"http:\/\/www.reconoce.mx\/wp-content\/uploads\/2018\/02\/futuro-festival-cover.jpg\",\"articleSection\":[\"Cultura\",\"M\u00fasica\",\"Principal\"],\"inLanguage\":\"es\",\"potentialAction\":[{\"@type\":\"CommentAction\",\"name\":\"Comment\",\"target\":[\"https:\/\/www.reconoce.mx\/?p=70359#respond\"]}]},{\"@type\":\"WebPage\",\"@id\":\"https:\/\/www.reconoce.mx\/?p=70359\",\"url\":\"https:\/\/www.reconoce.mx\/?p=70359\",\"name\":\"Futuro Festival regresar\u00e1 para una 2\u00aa edici\u00f3n en San Luis Potos\u00ed &#171; Reconoce MX\",\"isPartOf\":{\"@id\":\"http:\/\/www.reconoce.mx\/#website\"},\"primaryImageOfPage\":{\"@id\":\"https:\/\/www.reconoce.mx\/?p=70359#primaryimage\"},\"image\":{\"@id\":\"https:\/\/www.reconoce.mx\/?p=70359#primaryimage\"},\"thumbnailUrl\":\"http:\/\/www.reconoce.mx\/wp-content\/uploads\/2018\/02\/futuro-festival-cover.jpg\",\"datePublished\":\"2018-02-20T06:04:13+00:00\",\"dateModified\":\"2018-02-20T21:27:12+00:00\",\"breadcrumb\":{\"@id\":\"https:\/\/www.reconoce.mx\/?p=70359#breadcrumb\"},\"inLanguage\":\"es\",\"potentialAction\":[{\"@type\":\"ReadAction\",\"target\":[\"https:\/\/www.reconoce.mx\/?p=70359\"]}]},{\"@type\":\"ImageObject\",\"inLanguage\":\"es\",\"@id\":\"https:\/\/www.reconoce.mx\/?p=70359#primaryimage\",\"url\":\"http:\/\/www.reconoce.mx\/wp-content\/uploads\/2018\/02\/futuro-festival-cover.jpg\",\"contentUrl\":\"http:\/\/www.reconoce.mx\/wp-content\/uploads\/2018\/02\/futuro-festival-cover.jpg\",\"width\":590,\"height\":380},{\"@type\":\"BreadcrumbList\",\"@id\":\"https:\/\/www.reconoce.mx\/?p=70359#breadcrumb\",\"itemListElement\":[{\"@type\":\"ListItem\",\"position\":1,\"name\":\"Portada\",\"item\":\"http:\/\/www.reconoce.mx\/\"},{\"@type\":\"ListItem\",\"position\":2,\"name\":\"Futuro Festival regresar\u00e1 para una 2\u00aa edici\u00f3n en San Luis Potos\u00ed\"}]},{\"@type\":\"WebSite\",\"@id\":\"http:\/\/www.reconoce.mx\/#website\",\"url\":\"http:\/\/www.reconoce.mx\/\",\"name\":\"Reconoce MX\",\"description\":\"En Reconoce MX difundimos arte, cultura y conciencia social en M\u00e9xico. Tu ciudad en otra perspectiva.\",\"publisher\":{\"@id\":\"http:\/\/www.reconoce.mx\/#organization\"},\"potentialAction\":[{\"@type\":\"SearchAction\",\"target\":{\"@type\":\"EntryPoint\",\"urlTemplate\":\"http:\/\/www.reconoce.mx\/?s={search_term_string}\"},\"query-input\":{\"@type\":\"PropertyValueSpecification\",\"valueRequired\":true,\"valueName\":\"search_term_string\"}}],\"inLanguage\":\"es\"},{\"@type\":\"Organization\",\"@id\":\"http:\/\/www.reconoce.mx\/#organization\",\"name\":\"Reconoce MX\",\"url\":\"http:\/\/www.reconoce.mx\/\",\"logo\":{\"@type\":\"ImageObject\",\"inLanguage\":\"es\",\"@id\":\"http:\/\/www.reconoce.mx\/#\/schema\/logo\/image\/\",\"url\":\"https:\/\/www.reconoce.mx\/wp-content\/uploads\/2019\/03\/logorcmx-good-1.png\",\"contentUrl\":\"https:\/\/www.reconoce.mx\/wp-content\/uploads\/2019\/03\/logorcmx-good-1.png\",\"width\":280,\"height\":90,\"caption\":\"Reconoce MX\"},\"image\":{\"@id\":\"http:\/\/www.reconoce.mx\/#\/schema\/logo\/image\/\"},\"sameAs\":[\"https:\/\/es-la.facebook.com\/ReconoceMX\/\",\"https:\/\/x.com\/reconocemx\",\"http:\/\/@reconocemx\"]},{\"@type\":\"Person\",\"@id\":\"http:\/\/www.reconoce.mx\/#\/schema\/person\/2117e997d7051dc15d6880eaf9bca0b2\",\"name\":\"Reconoce MX\",\"image\":{\"@type\":\"ImageObject\",\"inLanguage\":\"es\",\"@id\":\"http:\/\/www.reconoce.mx\/#\/schema\/person\/image\/\",\"url\":\"https:\/\/secure.gravatar.com\/avatar\/6c8d4dc7569ca1c90c5fdcc349f839d5ddef6fe1e70b4337ead2ef1a4c43fc3a?s=96&d=identicon&r=g\",\"contentUrl\":\"https:\/\/secure.gravatar.com\/avatar\/6c8d4dc7569ca1c90c5fdcc349f839d5ddef6fe1e70b4337ead2ef1a4c43fc3a?s=96&d=identicon&r=g\",\"caption\":\"Reconoce MX\"},\"description\":\"Reconoce MX es un proyecto de difusi\u00f3n art\u00edstica, cultural y de conciencia social que est\u00e1 enfocado a difundir y fomentar el entretenimiento alternativo de calidad para todo el p\u00fablico que comparta el mismo entusiasmo.\",\"sameAs\":[\"http:\/\/www.reconoce.mx\"],\"url\":\"http:\/\/www.reconoce.mx\/?author=2\"}]}<\/script>\n<!-- \/ Yoast SEO plugin. -->","yoast_head_json":{"title":"Futuro Festival regresar\u00e1 para una 2\u00aa edici\u00f3n en San Luis Potos\u00ed &#171; Reconoce MX","robots":{"index":"index","follow":"follow","max-snippet":"max-snippet:-1","max-image-preview":"max-image-preview:large","max-video-preview":"max-video-preview:-1"},"canonical":"https:\/\/www.reconoce.mx\/?p=70359","og_locale":"es_ES","og_type":"article","og_title":"Futuro Festival regresar\u00e1 para una 2\u00aa edici\u00f3n en San Luis Potos\u00ed &#171; Reconoce MX","og_description":"Despu\u00e9s de una primera edici\u00f3n que incluy\u00f3 a Hawaiian Gremlins, Young Tenders, The Blind Pets y desde luego Javiera Mena, regresa a San Luis Potos\u00ed el Futuro Festival para una 2\u00aa edici\u00f3n. Para Futuro Festival 2018 se anuncian, adem\u00e1s de un igual de emocionante cartel, nuevas adiciones.","og_url":"https:\/\/www.reconoce.mx\/?p=70359","og_site_name":"Reconoce MX","article_publisher":"https:\/\/es-la.facebook.com\/ReconoceMX\/","article_published_time":"2018-02-20T06:04:13+00:00","article_modified_time":"2018-02-20T21:27:12+00:00","og_image":[{"width":590,"height":380,"url":"https:\/\/www.reconoce.mx\/wp-content\/uploads\/2018\/02\/futuro-festival-cover.jpg","type":"image\/jpeg"}],"author":"Reconoce MX","twitter_card":"summary_large_image","twitter_creator":"@reconocemx","twitter_site":"@reconocemx","twitter_misc":{"Escrito por":"Reconoce MX","Tiempo de lectura":"1 minuto"},"schema":{"@context":"https:\/\/schema.org","@graph":[{"@type":"Article","@id":"https:\/\/www.reconoce.mx\/?p=70359#article","isPartOf":{"@id":"https:\/\/www.reconoce.mx\/?p=70359"},"author":{"name":"Reconoce MX","@id":"http:\/\/www.reconoce.mx\/#\/schema\/person\/2117e997d7051dc15d6880eaf9bca0b2"},"headline":"Futuro Festival regresar\u00e1 para una 2\u00aa edici\u00f3n en San Luis Potos\u00ed","datePublished":"2018-02-20T06:04:13+00:00","dateModified":"2018-02-20T21:27:12+00:00","mainEntityOfPage":{"@id":"https:\/\/www.reconoce.mx\/?p=70359"},"wordCount":297,"commentCount":0,"publisher":{"@id":"http:\/\/www.reconoce.mx\/#organization"},"image":{"@id":"https:\/\/www.reconoce.mx\/?p=70359#primaryimage"},"thumbnailUrl":"http:\/\/www.reconoce.mx\/wp-content\/uploads\/2018\/02\/futuro-festival-cover.jpg","articleSection":["Cultura","M\u00fasica","Principal"],"inLanguage":"es","potentialAction":[{"@type":"CommentAction","name":"Comment","target":["https:\/\/www.reconoce.mx\/?p=70359#respond"]}]},{"@type":"WebPage","@id":"https:\/\/www.reconoce.mx\/?p=70359","url":"https:\/\/www.reconoce.mx\/?p=70359","name":"Futuro Festival regresar\u00e1 para una 2\u00aa edici\u00f3n en San Luis Potos\u00ed &#171; Reconoce MX","isPartOf":{"@id":"http:\/\/www.reconoce.mx\/#website"},"primaryImageOfPage":{"@id":"https:\/\/www.reconoce.mx\/?p=70359#primaryimage"},"image":{"@id":"https:\/\/www.reconoce.mx\/?p=70359#primaryimage"},"thumbnailUrl":"http:\/\/www.reconoce.mx\/wp-content\/uploads\/2018\/02\/futuro-festival-cover.jpg","datePublished":"2018-02-20T06:04:13+00:00","dateModified":"2018-02-20T21:27:12+00:00","breadcrumb":{"@id":"https:\/\/www.reconoce.mx\/?p=70359#breadcrumb"},"inLanguage":"es","potentialAction":[{"@type":"ReadAction","target":["https:\/\/www.reconoce.mx\/?p=70359"]}]},{"@type":"ImageObject","inLanguage":"es","@id":"https:\/\/www.reconoce.mx\/?p=70359#primaryimage","url":"http:\/\/www.reconoce.mx\/wp-content\/uploads\/2018\/02\/futuro-festival-cover.jpg","contentUrl":"http:\/\/www.reconoce.mx\/wp-content\/uploads\/2018\/02\/futuro-festival-cover.jpg","width":590,"height":380},{"@type":"BreadcrumbList","@id":"https:\/\/www.reconoce.mx\/?p=70359#breadcrumb","itemListElement":[{"@type":"ListItem","position":1,"name":"Portada","item":"http:\/\/www.reconoce.mx\/"},{"@type":"ListItem","position":2,"name":"Futuro Festival regresar\u00e1 para una 2\u00aa edici\u00f3n en San Luis Potos\u00ed"}]},{"@type":"WebSite","@id":"http:\/\/www.reconoce.mx\/#website","url":"http:\/\/www.reconoce.mx\/","name":"Reconoce MX","description":"En Reconoce MX difundimos arte, cultura y conciencia social en M\u00e9xico. Tu ciudad en otra perspectiva.","publisher":{"@id":"http:\/\/www.reconoce.mx\/#organization"},"potentialAction":[{"@type":"SearchAction","target":{"@type":"EntryPoint","urlTemplate":"http:\/\/www.reconoce.mx\/?s={search_term_string}"},"query-input":{"@type":"PropertyValueSpecification","valueRequired":true,"valueName":"search_term_string"}}],"inLanguage":"es"},{"@type":"Organization","@id":"http:\/\/www.reconoce.mx\/#organization","name":"Reconoce MX","url":"http:\/\/www.reconoce.mx\/","logo":{"@type":"ImageObject","inLanguage":"es","@id":"http:\/\/www.reconoce.mx\/#\/schema\/logo\/image\/","url":"https:\/\/www.reconoce.mx\/wp-content\/uploads\/2019\/03\/logorcmx-good-1.png","contentUrl":"https:\/\/www.reconoce.mx\/wp-content\/uploads\/2019\/03\/logorcmx-good-1.png","width":280,"height":90,"caption":"Reconoce MX"},"image":{"@id":"http:\/\/www.reconoce.mx\/#\/schema\/logo\/image\/"},"sameAs":["https:\/\/es-la.facebook.com\/ReconoceMX\/","https:\/\/x.com\/reconocemx","http:\/\/@reconocemx"]},{"@type":"Person","@id":"http:\/\/www.reconoce.mx\/#\/schema\/person\/2117e997d7051dc15d6880eaf9bca0b2","name":"Reconoce MX","image":{"@type":"ImageObject","inLanguage":"es","@id":"http:\/\/www.reconoce.mx\/#\/schema\/person\/image\/","url":"https:\/\/secure.gravatar.com\/avatar\/6c8d4dc7569ca1c90c5fdcc349f839d5ddef6fe1e70b4337ead2ef1a4c43fc3a?s=96&d=identicon&r=g","contentUrl":"https:\/\/secure.gravatar.com\/avatar\/6c8d4dc7569ca1c90c5fdcc349f839d5ddef6fe1e70b4337ead2ef1a4c43fc3a?s=96&d=identicon&r=g","caption":"Reconoce MX"},"description":"Reconoce MX es un proyecto de difusi\u00f3n art\u00edstica, cultural y de conciencia social que est\u00e1 enfocado a difundir y fomentar el entretenimiento alternativo de calidad para todo el p\u00fablico que comparta el mismo entusiasmo.","sameAs":["http:\/\/www.reconoce.mx"],"url":"http:\/\/www.reconoce.mx\/?author=2"}]}},"_links":{"self":[{"href":"http:\/\/www.reconoce.mx\/index.php?rest_route=\/wp\/v2\/posts\/70359","targetHints":{"allow":["GET"]}}],"collection":[{"href":"http:\/\/www.reconoce.mx\/index.php?rest_route=\/wp\/v2\/posts"}],"about":[{"href":"http:\/\/www.reconoce.mx\/index.php?rest_route=\/wp\/v2\/types\/post"}],"author":[{"embeddable":true,"href":"http:\/\/www.reconoce.mx\/index.php?rest_route=\/wp\/v2\/users\/2"}],"replies":[{"embeddable":true,"href":"http:\/\/www.reconoce.mx\/index.php?rest_route=%2Fwp%2Fv2%2Fcomments&post=70359"}],"version-history":[{"count":2,"href":"http:\/\/www.reconoce.mx\/index.php?rest_route=\/wp\/v2\/posts\/70359\/revisions"}],"predecessor-version":[{"id":70364,"href":"http:\/\/www.reconoce.mx\/index.php?rest_route=\/wp\/v2\/posts\/70359\/revisions\/70364"}],"wp:featuredmedia":[{"embeddable":true,"href":"http:\/\/www.reconoce.mx\/index.php?rest_route=\/wp\/v2\/media\/70363"}],"wp:attachment":[{"href":"http:\/\/www.reconoce.mx\/index.php?rest_route=%2Fwp%2Fv2%2Fmedia&parent=70359"}],"wp:term":[{"taxonomy":"category","embeddable":true,"href":"http:\/\/www.reconoce.mx\/index.php?rest_route=%2Fwp%2Fv2%2Fcategories&post=70359"},{"taxonomy":"post_tag","embeddable":true,"href":"http:\/\/www.reconoce.mx\/index.php?rest_route=%2Fwp%2Fv2%2Ftags&post=70359"}],"curies":[{"name":"wp","href":"https:\/\/api.w.org\/{rel}","templated":true}]}}