{"id":70381,"date":"2018-02-16T00:04:02","date_gmt":"2018-02-16T06:04:02","guid":{"rendered":"http:\/\/www.reconoce.mx\/?p=70381"},"modified":"2018-02-15T23:28:01","modified_gmt":"2018-02-16T05:28:01","slug":"derecho-de-nacimiento-version-natalia-lafourcade-ft-los-macorinos","status":"publish","type":"post","link":"http:\/\/www.reconoce.mx\/?p=70381","title":{"rendered":"&#8216;Derecho de nacimiento&#8217;, versi\u00f3n Natalia Lafourcade ft. Los Macorinos"},"content":{"rendered":"<p><a href=\"http:\/\/www.reconoce.mx\/category\/cultura\/musica\/viernes-versionado\/\"><img loading=\"lazy\" decoding=\"async\" class=\"aligncenter size-full wp-image-38362\" src=\"http:\/\/www.reconoce.mx\/wp-content\/uploads\/2015\/06\/Viernes.png\" sizes=\"auto, (max-width: 550px) 100vw, 550px\" srcset=\"http:\/\/www.reconoce.mx\/wp-content\/uploads\/2015\/06\/Viernes.png 550w, http:\/\/www.reconoce.mx\/wp-content\/uploads\/2015\/06\/Viernes-300x38.png 300w, http:\/\/www.reconoce.mx\/wp-content\/uploads\/2015\/06\/Viernes-150x19.png 150w\" alt=\"Viernes\" width=\"550\" height=\"70\" \/><\/a><strong><br \/>\nPor <a title=\"@AsfaltosTweets\" href=\"http:\/\/twitter.com\/AsfaltosTweets\" target=\"_blank\" rel=\"noopener noreferrer\" data-slimstat-type=\"0\" data-slimstat-callback=\"false\" data-slimstat-tracking=\"true\">Asfaltos<\/a><\/strong>.<\/p>\n<p>El <a href=\"http:\/\/www.reconoce.mx\/category\/cultura\/musica\/viernes-versionado\/\" target=\"_blank\" rel=\"noopener\">Viernes versionado<\/a> del d\u00eda de hoy lo dedico a una canci\u00f3n de la que ya he escrito en otras ocasiones, inclusive en este mismo espacio. Ver\u00e1n, es una canci\u00f3n que desde que la escuch\u00e9 me impact\u00f3 de manera bastante positiva; y bueno, desde luego me gust\u00f3 de inmediato. Nacida en el marco de las elecciones presidenciales en M\u00e9xico de 2012, no hace falta ser muy suspicaces para saber del porqu\u00e9 rescatarla en la antesala de una nueva jornada electoral, 6 a\u00f1os despu\u00e9s&#8230;<\/p>\n<p><iframe title=\"Spotify Embed: Derecho de Nacimiento (feat. Los Macorinos)\" style=\"border-radius: 12px\" width=\"100%\" height=\"152\" frameborder=\"0\" allowfullscreen allow=\"autoplay; clipboard-write; encrypted-media; fullscreen; picture-in-picture\" loading=\"lazy\" src=\"https:\/\/open.spotify.com\/embed\/track\/5XkqOjBws8qpEkBW7X5Ppy?utm_source=oembed\"><\/iframe><\/p>\n<p>Compuesta por <strong>Natalia Lafourcade<\/strong> para el movimiento <a href=\"http:\/\/www.reconoce.mx\/?s=%23YoSoy132\" target=\"_blank\" rel=\"noopener\">#YoSoy132<\/a> surgido en aquellas elecciones, \u00abUn derecho de nacimiento\u00bb la conocimos por vez primera en una grabaci\u00f3n en video desde el Monumento de la Revoluci\u00f3n en Ciudad de M\u00e9xico. <a href=\"http:\/\/www.reconoce.mx\/cinco-canciones-1-para-musicalizar-tu-voto\/\" target=\"_blank\" rel=\"noopener\">Aquella primera versi\u00f3n se las present\u00e9 justamente en julio de 2012<\/a>, el d\u00eda de las elecciones de aquel a\u00f1o como parte de un playlist para animar a votar en ese entonces a nuestros lectores.<\/p>\n<p>Grabadas en estudio hay otras versiones \u00aboficiales\u00bb de la canci\u00f3n. Primero la versi\u00f3n de estudio original, en la que por cierto olvid\u00e9 mencionar se le unen a Natalia las voces de otros m\u00fasicos parte del tambi\u00e9n surgido movimiento #M\u00fasicosConYoSoy132 &#8211;<a href=\"https:\/\/soundcloud.com\/underechodenacimiento\/varios-un-derecho-de\" target=\"_blank\" rel=\"noopener\">pueden escuchar la versi\u00f3n aqu\u00ed<\/a>-; segunda la versi\u00f3n que la cantante<strong> Eugenia Le\u00f3n<\/strong> incluye en su material de 2013 \u00abCiudadana Del Mundo (Vol. 2)\u00bb -que pueden escuchar aqu\u00ed-; y tercera una nueva versi\u00f3n que la propia Lafourcade realizar\u00eda pero ahora acompa\u00f1ada por la<strong> Banda Filarm\u00f3nica del CECAM<\/strong> &#8211;<a href=\"http:\/\/www.reconoce.mx\/viernes-versionado-un-derecho-de-nacimiento-version-cecam\/\" target=\"_blank\" rel=\"noopener\">que les present\u00e9 hace cais 4 a\u00f1os, aqu\u00ed<\/a>-.<\/p>\n<p>Ahora, como continuaci\u00f3n de su celebrado material del a\u00f1o pasado, Natalia incluye en el reci\u00e9n estrenado \u00ab<span class=\"st\">Musas: un homenaje al folclore latinoamericano en manos de Los Macorinos vol. 2<\/span>\u00ab, una nueva versi\u00f3n de \u00abUn derecho de nacimiento\u00bb titulada simplemente \u00abDerecho de nacimiento\u00bb, pero ahora acompa\u00f1ada por <strong>Los Macorinos<\/strong>. En esta versi\u00f3n solo brilla la voz de Natalia, pero acompa\u00f1ada adem\u00e1s de por nuevos m\u00fasicos, por nuevos arreglos musicales.<\/p>\n<p>Personalmente me gusta este giro novedoso que le entrega Natalia a su canci\u00f3n de hace 6 a\u00f1os. Se nota, adem\u00e1s, el crecimiento musical de una cantautora que no podr\u00eda haber sido mejor arropada que por <strong>Los Macorinos<\/strong> para esta serie de dos extraordinarios \u00e1lbumes musicalles. \u00bfA ustedes qu\u00e9 les parece esta versi\u00f3n de \u00abDerecho de nacimiento\u00bb? \u00bfCreen que sea la definitiva por parte de la veracruzana? A m\u00ed me parece que as\u00ed debiera de ser.<\/p>\n<p>&nbsp;<\/p>\n<p>&nbsp;<\/p>\n","protected":false},"excerpt":{"rendered":"<p>El Viernes versionado del d\u00eda de hoy lo dedico a una canci\u00f3n de la que ya he escrito en otras ocasiones, inclusive en este mismo espacio. Ver\u00e1n, es una canci\u00f3n que desde que la escuch\u00e9 me impact\u00f3 de manera bastante positiva; y bueno, desde luego me gust\u00f3 de inmediato.<\/p>\n","protected":false},"author":2,"featured_media":70389,"comment_status":"open","ping_status":"open","sticky":false,"template":"","format":"standard","meta":{"footnotes":""},"categories":[1,18,17,1454],"tags":[],"class_list":["post-70381","post","type-post","status-publish","format-standard","has-post-thumbnail","hentry","category-cultura","category-musica","category-principal","category-viernes-versionado"],"yoast_head":"<!-- This site is optimized with the Yoast SEO plugin v24.7 - https:\/\/yoast.com\/wordpress\/plugins\/seo\/ -->\n<title>&#039;Derecho de nacimiento&#039;, versi\u00f3n Natalia Lafourcade ft. Los Macorinos &#171; Reconoce MX<\/title>\n<meta name=\"robots\" content=\"index, follow, max-snippet:-1, max-image-preview:large, max-video-preview:-1\" \/>\n<link rel=\"canonical\" href=\"https:\/\/www.reconoce.mx\/?p=70381\" \/>\n<meta property=\"og:locale\" content=\"es_ES\" \/>\n<meta property=\"og:type\" content=\"article\" \/>\n<meta property=\"og:title\" content=\"&#039;Derecho de nacimiento&#039;, versi\u00f3n Natalia Lafourcade ft. Los Macorinos &#171; Reconoce MX\" \/>\n<meta property=\"og:description\" content=\"El Viernes versionado del d\u00eda de hoy lo dedico a una canci\u00f3n de la que ya he escrito en otras ocasiones, inclusive en este mismo espacio. Ver\u00e1n, es una canci\u00f3n que desde que la escuch\u00e9 me impact\u00f3 de manera bastante positiva; y bueno, desde luego me gust\u00f3 de inmediato.\" \/>\n<meta property=\"og:url\" content=\"https:\/\/www.reconoce.mx\/?p=70381\" \/>\n<meta property=\"og:site_name\" content=\"Reconoce MX\" \/>\n<meta property=\"article:publisher\" content=\"https:\/\/es-la.facebook.com\/ReconoceMX\/\" \/>\n<meta property=\"article:published_time\" content=\"2018-02-16T06:04:02+00:00\" \/>\n<meta property=\"og:image\" content=\"https:\/\/www.reconoce.mx\/wp-content\/uploads\/2018\/02\/musas-vol-2.jpg\" \/>\n\t<meta property=\"og:image:width\" content=\"590\" \/>\n\t<meta property=\"og:image:height\" content=\"380\" \/>\n\t<meta property=\"og:image:type\" content=\"image\/jpeg\" \/>\n<meta name=\"author\" content=\"Reconoce MX\" \/>\n<meta name=\"twitter:card\" content=\"summary_large_image\" \/>\n<meta name=\"twitter:creator\" content=\"@reconocemx\" \/>\n<meta name=\"twitter:site\" content=\"@reconocemx\" \/>\n<meta name=\"twitter:label1\" content=\"Escrito por\" \/>\n\t<meta name=\"twitter:data1\" content=\"Reconoce MX\" \/>\n\t<meta name=\"twitter:label2\" content=\"Tiempo de lectura\" \/>\n\t<meta name=\"twitter:data2\" content=\"2 minutos\" \/>\n<script type=\"application\/ld+json\" class=\"yoast-schema-graph\">{\"@context\":\"https:\/\/schema.org\",\"@graph\":[{\"@type\":\"Article\",\"@id\":\"https:\/\/www.reconoce.mx\/?p=70381#article\",\"isPartOf\":{\"@id\":\"https:\/\/www.reconoce.mx\/?p=70381\"},\"author\":{\"name\":\"Reconoce MX\",\"@id\":\"http:\/\/www.reconoce.mx\/#\/schema\/person\/2117e997d7051dc15d6880eaf9bca0b2\"},\"headline\":\"&#8216;Derecho de nacimiento&#8217;, versi\u00f3n Natalia Lafourcade ft. Los Macorinos\",\"datePublished\":\"2018-02-16T06:04:02+00:00\",\"mainEntityOfPage\":{\"@id\":\"https:\/\/www.reconoce.mx\/?p=70381\"},\"wordCount\":448,\"commentCount\":0,\"publisher\":{\"@id\":\"http:\/\/www.reconoce.mx\/#organization\"},\"image\":{\"@id\":\"https:\/\/www.reconoce.mx\/?p=70381#primaryimage\"},\"thumbnailUrl\":\"http:\/\/www.reconoce.mx\/wp-content\/uploads\/2018\/02\/musas-vol-2.jpg\",\"articleSection\":[\"Cultura\",\"M\u00fasica\",\"Principal\",\"Viernes versionado\"],\"inLanguage\":\"es\",\"potentialAction\":[{\"@type\":\"CommentAction\",\"name\":\"Comment\",\"target\":[\"https:\/\/www.reconoce.mx\/?p=70381#respond\"]}]},{\"@type\":\"WebPage\",\"@id\":\"https:\/\/www.reconoce.mx\/?p=70381\",\"url\":\"https:\/\/www.reconoce.mx\/?p=70381\",\"name\":\"'Derecho de nacimiento', versi\u00f3n Natalia Lafourcade ft. Los Macorinos &#171; Reconoce MX\",\"isPartOf\":{\"@id\":\"http:\/\/www.reconoce.mx\/#website\"},\"primaryImageOfPage\":{\"@id\":\"https:\/\/www.reconoce.mx\/?p=70381#primaryimage\"},\"image\":{\"@id\":\"https:\/\/www.reconoce.mx\/?p=70381#primaryimage\"},\"thumbnailUrl\":\"http:\/\/www.reconoce.mx\/wp-content\/uploads\/2018\/02\/musas-vol-2.jpg\",\"datePublished\":\"2018-02-16T06:04:02+00:00\",\"breadcrumb\":{\"@id\":\"https:\/\/www.reconoce.mx\/?p=70381#breadcrumb\"},\"inLanguage\":\"es\",\"potentialAction\":[{\"@type\":\"ReadAction\",\"target\":[\"https:\/\/www.reconoce.mx\/?p=70381\"]}]},{\"@type\":\"ImageObject\",\"inLanguage\":\"es\",\"@id\":\"https:\/\/www.reconoce.mx\/?p=70381#primaryimage\",\"url\":\"http:\/\/www.reconoce.mx\/wp-content\/uploads\/2018\/02\/musas-vol-2.jpg\",\"contentUrl\":\"http:\/\/www.reconoce.mx\/wp-content\/uploads\/2018\/02\/musas-vol-2.jpg\",\"width\":590,\"height\":380},{\"@type\":\"BreadcrumbList\",\"@id\":\"https:\/\/www.reconoce.mx\/?p=70381#breadcrumb\",\"itemListElement\":[{\"@type\":\"ListItem\",\"position\":1,\"name\":\"Portada\",\"item\":\"http:\/\/www.reconoce.mx\/\"},{\"@type\":\"ListItem\",\"position\":2,\"name\":\"&#8216;Derecho de nacimiento&#8217;, versi\u00f3n Natalia Lafourcade ft. Los Macorinos\"}]},{\"@type\":\"WebSite\",\"@id\":\"http:\/\/www.reconoce.mx\/#website\",\"url\":\"http:\/\/www.reconoce.mx\/\",\"name\":\"Reconoce MX\",\"description\":\"En Reconoce MX difundimos arte, cultura y conciencia social en M\u00e9xico. Tu ciudad en otra perspectiva.\",\"publisher\":{\"@id\":\"http:\/\/www.reconoce.mx\/#organization\"},\"potentialAction\":[{\"@type\":\"SearchAction\",\"target\":{\"@type\":\"EntryPoint\",\"urlTemplate\":\"http:\/\/www.reconoce.mx\/?s={search_term_string}\"},\"query-input\":{\"@type\":\"PropertyValueSpecification\",\"valueRequired\":true,\"valueName\":\"search_term_string\"}}],\"inLanguage\":\"es\"},{\"@type\":\"Organization\",\"@id\":\"http:\/\/www.reconoce.mx\/#organization\",\"name\":\"Reconoce MX\",\"url\":\"http:\/\/www.reconoce.mx\/\",\"logo\":{\"@type\":\"ImageObject\",\"inLanguage\":\"es\",\"@id\":\"http:\/\/www.reconoce.mx\/#\/schema\/logo\/image\/\",\"url\":\"https:\/\/www.reconoce.mx\/wp-content\/uploads\/2019\/03\/logorcmx-good-1.png\",\"contentUrl\":\"https:\/\/www.reconoce.mx\/wp-content\/uploads\/2019\/03\/logorcmx-good-1.png\",\"width\":280,\"height\":90,\"caption\":\"Reconoce MX\"},\"image\":{\"@id\":\"http:\/\/www.reconoce.mx\/#\/schema\/logo\/image\/\"},\"sameAs\":[\"https:\/\/es-la.facebook.com\/ReconoceMX\/\",\"https:\/\/x.com\/reconocemx\",\"http:\/\/@reconocemx\"]},{\"@type\":\"Person\",\"@id\":\"http:\/\/www.reconoce.mx\/#\/schema\/person\/2117e997d7051dc15d6880eaf9bca0b2\",\"name\":\"Reconoce MX\",\"image\":{\"@type\":\"ImageObject\",\"inLanguage\":\"es\",\"@id\":\"http:\/\/www.reconoce.mx\/#\/schema\/person\/image\/\",\"url\":\"https:\/\/secure.gravatar.com\/avatar\/6c8d4dc7569ca1c90c5fdcc349f839d5ddef6fe1e70b4337ead2ef1a4c43fc3a?s=96&d=identicon&r=g\",\"contentUrl\":\"https:\/\/secure.gravatar.com\/avatar\/6c8d4dc7569ca1c90c5fdcc349f839d5ddef6fe1e70b4337ead2ef1a4c43fc3a?s=96&d=identicon&r=g\",\"caption\":\"Reconoce MX\"},\"description\":\"Reconoce MX es un proyecto de difusi\u00f3n art\u00edstica, cultural y de conciencia social que est\u00e1 enfocado a difundir y fomentar el entretenimiento alternativo de calidad para todo el p\u00fablico que comparta el mismo entusiasmo.\",\"sameAs\":[\"http:\/\/www.reconoce.mx\"],\"url\":\"http:\/\/www.reconoce.mx\/?author=2\"}]}<\/script>\n<!-- \/ Yoast SEO plugin. -->","yoast_head_json":{"title":"'Derecho de nacimiento', versi\u00f3n Natalia Lafourcade ft. Los Macorinos &#171; Reconoce MX","robots":{"index":"index","follow":"follow","max-snippet":"max-snippet:-1","max-image-preview":"max-image-preview:large","max-video-preview":"max-video-preview:-1"},"canonical":"https:\/\/www.reconoce.mx\/?p=70381","og_locale":"es_ES","og_type":"article","og_title":"'Derecho de nacimiento', versi\u00f3n Natalia Lafourcade ft. Los Macorinos &#171; Reconoce MX","og_description":"El Viernes versionado del d\u00eda de hoy lo dedico a una canci\u00f3n de la que ya he escrito en otras ocasiones, inclusive en este mismo espacio. Ver\u00e1n, es una canci\u00f3n que desde que la escuch\u00e9 me impact\u00f3 de manera bastante positiva; y bueno, desde luego me gust\u00f3 de inmediato.","og_url":"https:\/\/www.reconoce.mx\/?p=70381","og_site_name":"Reconoce MX","article_publisher":"https:\/\/es-la.facebook.com\/ReconoceMX\/","article_published_time":"2018-02-16T06:04:02+00:00","og_image":[{"width":590,"height":380,"url":"https:\/\/www.reconoce.mx\/wp-content\/uploads\/2018\/02\/musas-vol-2.jpg","type":"image\/jpeg"}],"author":"Reconoce MX","twitter_card":"summary_large_image","twitter_creator":"@reconocemx","twitter_site":"@reconocemx","twitter_misc":{"Escrito por":"Reconoce MX","Tiempo de lectura":"2 minutos"},"schema":{"@context":"https:\/\/schema.org","@graph":[{"@type":"Article","@id":"https:\/\/www.reconoce.mx\/?p=70381#article","isPartOf":{"@id":"https:\/\/www.reconoce.mx\/?p=70381"},"author":{"name":"Reconoce MX","@id":"http:\/\/www.reconoce.mx\/#\/schema\/person\/2117e997d7051dc15d6880eaf9bca0b2"},"headline":"&#8216;Derecho de nacimiento&#8217;, versi\u00f3n Natalia Lafourcade ft. Los Macorinos","datePublished":"2018-02-16T06:04:02+00:00","mainEntityOfPage":{"@id":"https:\/\/www.reconoce.mx\/?p=70381"},"wordCount":448,"commentCount":0,"publisher":{"@id":"http:\/\/www.reconoce.mx\/#organization"},"image":{"@id":"https:\/\/www.reconoce.mx\/?p=70381#primaryimage"},"thumbnailUrl":"http:\/\/www.reconoce.mx\/wp-content\/uploads\/2018\/02\/musas-vol-2.jpg","articleSection":["Cultura","M\u00fasica","Principal","Viernes versionado"],"inLanguage":"es","potentialAction":[{"@type":"CommentAction","name":"Comment","target":["https:\/\/www.reconoce.mx\/?p=70381#respond"]}]},{"@type":"WebPage","@id":"https:\/\/www.reconoce.mx\/?p=70381","url":"https:\/\/www.reconoce.mx\/?p=70381","name":"'Derecho de nacimiento', versi\u00f3n Natalia Lafourcade ft. Los Macorinos &#171; Reconoce MX","isPartOf":{"@id":"http:\/\/www.reconoce.mx\/#website"},"primaryImageOfPage":{"@id":"https:\/\/www.reconoce.mx\/?p=70381#primaryimage"},"image":{"@id":"https:\/\/www.reconoce.mx\/?p=70381#primaryimage"},"thumbnailUrl":"http:\/\/www.reconoce.mx\/wp-content\/uploads\/2018\/02\/musas-vol-2.jpg","datePublished":"2018-02-16T06:04:02+00:00","breadcrumb":{"@id":"https:\/\/www.reconoce.mx\/?p=70381#breadcrumb"},"inLanguage":"es","potentialAction":[{"@type":"ReadAction","target":["https:\/\/www.reconoce.mx\/?p=70381"]}]},{"@type":"ImageObject","inLanguage":"es","@id":"https:\/\/www.reconoce.mx\/?p=70381#primaryimage","url":"http:\/\/www.reconoce.mx\/wp-content\/uploads\/2018\/02\/musas-vol-2.jpg","contentUrl":"http:\/\/www.reconoce.mx\/wp-content\/uploads\/2018\/02\/musas-vol-2.jpg","width":590,"height":380},{"@type":"BreadcrumbList","@id":"https:\/\/www.reconoce.mx\/?p=70381#breadcrumb","itemListElement":[{"@type":"ListItem","position":1,"name":"Portada","item":"http:\/\/www.reconoce.mx\/"},{"@type":"ListItem","position":2,"name":"&#8216;Derecho de nacimiento&#8217;, versi\u00f3n Natalia Lafourcade ft. Los Macorinos"}]},{"@type":"WebSite","@id":"http:\/\/www.reconoce.mx\/#website","url":"http:\/\/www.reconoce.mx\/","name":"Reconoce MX","description":"En Reconoce MX difundimos arte, cultura y conciencia social en M\u00e9xico. Tu ciudad en otra perspectiva.","publisher":{"@id":"http:\/\/www.reconoce.mx\/#organization"},"potentialAction":[{"@type":"SearchAction","target":{"@type":"EntryPoint","urlTemplate":"http:\/\/www.reconoce.mx\/?s={search_term_string}"},"query-input":{"@type":"PropertyValueSpecification","valueRequired":true,"valueName":"search_term_string"}}],"inLanguage":"es"},{"@type":"Organization","@id":"http:\/\/www.reconoce.mx\/#organization","name":"Reconoce MX","url":"http:\/\/www.reconoce.mx\/","logo":{"@type":"ImageObject","inLanguage":"es","@id":"http:\/\/www.reconoce.mx\/#\/schema\/logo\/image\/","url":"https:\/\/www.reconoce.mx\/wp-content\/uploads\/2019\/03\/logorcmx-good-1.png","contentUrl":"https:\/\/www.reconoce.mx\/wp-content\/uploads\/2019\/03\/logorcmx-good-1.png","width":280,"height":90,"caption":"Reconoce MX"},"image":{"@id":"http:\/\/www.reconoce.mx\/#\/schema\/logo\/image\/"},"sameAs":["https:\/\/es-la.facebook.com\/ReconoceMX\/","https:\/\/x.com\/reconocemx","http:\/\/@reconocemx"]},{"@type":"Person","@id":"http:\/\/www.reconoce.mx\/#\/schema\/person\/2117e997d7051dc15d6880eaf9bca0b2","name":"Reconoce MX","image":{"@type":"ImageObject","inLanguage":"es","@id":"http:\/\/www.reconoce.mx\/#\/schema\/person\/image\/","url":"https:\/\/secure.gravatar.com\/avatar\/6c8d4dc7569ca1c90c5fdcc349f839d5ddef6fe1e70b4337ead2ef1a4c43fc3a?s=96&d=identicon&r=g","contentUrl":"https:\/\/secure.gravatar.com\/avatar\/6c8d4dc7569ca1c90c5fdcc349f839d5ddef6fe1e70b4337ead2ef1a4c43fc3a?s=96&d=identicon&r=g","caption":"Reconoce MX"},"description":"Reconoce MX es un proyecto de difusi\u00f3n art\u00edstica, cultural y de conciencia social que est\u00e1 enfocado a difundir y fomentar el entretenimiento alternativo de calidad para todo el p\u00fablico que comparta el mismo entusiasmo.","sameAs":["http:\/\/www.reconoce.mx"],"url":"http:\/\/www.reconoce.mx\/?author=2"}]}},"_links":{"self":[{"href":"http:\/\/www.reconoce.mx\/index.php?rest_route=\/wp\/v2\/posts\/70381","targetHints":{"allow":["GET"]}}],"collection":[{"href":"http:\/\/www.reconoce.mx\/index.php?rest_route=\/wp\/v2\/posts"}],"about":[{"href":"http:\/\/www.reconoce.mx\/index.php?rest_route=\/wp\/v2\/types\/post"}],"author":[{"embeddable":true,"href":"http:\/\/www.reconoce.mx\/index.php?rest_route=\/wp\/v2\/users\/2"}],"replies":[{"embeddable":true,"href":"http:\/\/www.reconoce.mx\/index.php?rest_route=%2Fwp%2Fv2%2Fcomments&post=70381"}],"version-history":[{"count":4,"href":"http:\/\/www.reconoce.mx\/index.php?rest_route=\/wp\/v2\/posts\/70381\/revisions"}],"predecessor-version":[{"id":70391,"href":"http:\/\/www.reconoce.mx\/index.php?rest_route=\/wp\/v2\/posts\/70381\/revisions\/70391"}],"wp:featuredmedia":[{"embeddable":true,"href":"http:\/\/www.reconoce.mx\/index.php?rest_route=\/wp\/v2\/media\/70389"}],"wp:attachment":[{"href":"http:\/\/www.reconoce.mx\/index.php?rest_route=%2Fwp%2Fv2%2Fmedia&parent=70381"}],"wp:term":[{"taxonomy":"category","embeddable":true,"href":"http:\/\/www.reconoce.mx\/index.php?rest_route=%2Fwp%2Fv2%2Fcategories&post=70381"},{"taxonomy":"post_tag","embeddable":true,"href":"http:\/\/www.reconoce.mx\/index.php?rest_route=%2Fwp%2Fv2%2Ftags&post=70381"}],"curies":[{"name":"wp","href":"https:\/\/api.w.org\/{rel}","templated":true}]}}