{"id":70478,"date":"2018-02-16T00:05:10","date_gmt":"2018-02-16T06:05:10","guid":{"rendered":"http:\/\/www.reconoce.mx\/?p=70478"},"modified":"2018-02-16T00:01:53","modified_gmt":"2018-02-16T06:01:53","slug":"quebecine-vistazo-al-cine-de-quebec-en-cineteca-nacional","status":"publish","type":"post","link":"http:\/\/www.reconoce.mx\/?p=70478","title":{"rendered":"Quebecine: vistazo al cine de Quebec en Cineteca Nacional"},"content":{"rendered":"<p><strong>Por <a title=\"@AsfaltosTweets\" href=\"http:\/\/twitter.com\/AsfaltosTweets\" target=\"_blank\" rel=\"noopener\">Asfaltos<\/a><\/strong>.<\/p>\n<p>Desde el d\u00eda de ayer, y hasta el pr\u00f3ximo 25 de febrero, se podr\u00e1 disfrutar de una vista panor\u00e1mica del cine de Quebec en <strong>Cineteca Nacional<\/strong>. 10 largometrajes in\u00e9ditos, cineastas invitados y charlas acad\u00e9micas, ser\u00e1n parte de la cuarta edici\u00f3n de la <strong>Muestra de Cine de Quebec<\/strong>.<\/p>\n<p>Con el apoyo de la <strong>Sociedad de Desarrollo de las Empresas Culturales<\/strong> (SODEC), la <strong>Asociaci\u00f3n Internacional de Estudios Quebequenses<\/strong> (AIEQ), el <strong>Ministerio de la Cultura y las Comunicaciones<\/strong> de Quebec, las <strong>Oficinas Internacionales para la Juventud<\/strong> de Quebec (LOJIQ) y la <strong>Delegaci\u00f3n General de Quebec en M\u00e9xico<\/strong>, <strong>Quebecine<\/strong> presentar\u00e1 10 pel\u00edculas que ser\u00e1n presentadas por vez primera en M\u00e9xico.<\/p>\n<p>Las pel\u00edculas a proyectarse son:<\/p>\n<ul>\n<li>\u00abLos hambrientos\u00bb, de <strong>Robin Aubert<\/strong><\/li>\n<li>\u00ab24 Davids\u00bb, de <strong>C\u00e9line Baril<\/strong><\/li>\n<li>\u00abCombate hasta el fin de la noche\u00bb, de <strong>Sylvain L\u2019Esp\u00e9rance<\/strong><\/li>\n<li>\u00abLos tatuajes falsos\u00bb, de <strong>Pascal Plante<\/strong><\/li>\n<li>\u00abClaire en invierno\u00bb, de <strong>Sophie B\u00e9dard Marcotte<\/strong><\/li>\n<li>\u00abChuck\u00bb, de <strong>Philippe Falardeau<\/strong><\/li>\n<li>\u00abSeguimos juntos\u00bb, de <strong>Jesse Noah Klein<\/strong><\/li>\n<li>\u00abMansi\u00f3n\u00bb, de <strong>Martin Fournier et Pier-Luc Latulippe<\/strong><\/li>\n<li>\u00abSobre la luna de n\u00edquel\u00bb, de <strong>Fran\u00e7ois Jacob<\/strong><\/li>\n<li>\u00abLas artes de la palabra\u00bb, de <strong>Olivier Godin<\/strong><\/li>\n<\/ul>\n<p>Adem\u00e1s de las pel\u00edculas, se impartir\u00e1n los d\u00edas 21 y 22 de febrero dos conferencias sobre el documental como expresi\u00f3n art\u00edstica del nuevo orden social, en colaboraci\u00f3n con la <strong>C\u00e1tedra Ingmar Bergman de la UNAM<\/strong>. El cr\u00edtico de cine Carlos Bonfil conversar\u00e1 con<strong> Sylvain L\u2019Esp\u00e9rance<\/strong> y la ensayista <strong>Fernanda Sol\u00f3rzano<\/strong> continuar\u00e1 la exploraci\u00f3n del g\u00e9nero documental con <strong>C\u00e9line Baril<\/strong>.<\/p>\n<p>Para m\u00e1s informaci\u00f3n consulta <a href=\"http:\/\/www.cinetecanacional.net\/php\/cartelera_ciclos.php?Tit=Quebecine%20MX%202018&amp;ClvCic=2238\" target=\"_blank\" rel=\"noopener\">el sitio web de <strong>Cineteca Nacional<\/strong><\/a>.<\/p>\n<p style=\"text-align: right;\">Con informaci\u00f3n e imagen cortes\u00eda de <strong>Cineteca Nacional<\/strong>.<\/p>\n<p>&nbsp;<\/p>\n<p>&nbsp;<\/p>\n","protected":false},"excerpt":{"rendered":"<p>Desde el d\u00eda de ayer, y hasta el pr\u00f3ximo 25 de febrero, se podr\u00e1 disfrutar de una vista panor\u00e1mica del cine de Quebec en Cineteca Nacional. 10 largometrajes in\u00e9ditos, cineastas invitados y charlas acad\u00e9micas, ser\u00e1n parte de la cuarta edici\u00f3n de la Muestra de Cine de Quebec.<\/p>\n","protected":false},"author":2,"featured_media":70479,"comment_status":"open","ping_status":"open","sticky":false,"template":"","format":"standard","meta":{"footnotes":""},"categories":[24,1,17],"tags":[],"class_list":["post-70478","post","type-post","status-publish","format-standard","has-post-thumbnail","hentry","category-cine","category-cultura","category-principal"],"yoast_head":"<!-- This site is optimized with the Yoast SEO plugin v24.7 - https:\/\/yoast.com\/wordpress\/plugins\/seo\/ -->\n<title>Quebecine: vistazo al cine de Quebec en Cineteca Nacional &#171; Reconoce MX<\/title>\n<meta name=\"robots\" content=\"index, follow, max-snippet:-1, max-image-preview:large, max-video-preview:-1\" \/>\n<link rel=\"canonical\" href=\"http:\/\/www.reconoce.mx\/?p=70478\" \/>\n<meta property=\"og:locale\" content=\"es_ES\" \/>\n<meta property=\"og:type\" content=\"article\" \/>\n<meta property=\"og:title\" content=\"Quebecine: vistazo al cine de Quebec en Cineteca Nacional &#171; Reconoce MX\" \/>\n<meta property=\"og:description\" content=\"Desde el d\u00eda de ayer, y hasta el pr\u00f3ximo 25 de febrero, se podr\u00e1 disfrutar de una vista panor\u00e1mica del cine de Quebec en Cineteca Nacional. 10 largometrajes in\u00e9ditos, cineastas invitados y charlas acad\u00e9micas, ser\u00e1n parte de la cuarta edici\u00f3n de la Muestra de Cine de Quebec.\" \/>\n<meta property=\"og:url\" content=\"http:\/\/www.reconoce.mx\/?p=70478\" \/>\n<meta property=\"og:site_name\" content=\"Reconoce MX\" \/>\n<meta property=\"article:publisher\" content=\"https:\/\/es-la.facebook.com\/ReconoceMX\/\" \/>\n<meta property=\"article:published_time\" content=\"2018-02-16T06:05:10+00:00\" \/>\n<meta property=\"og:image\" content=\"http:\/\/www.reconoce.mx\/wp-content\/uploads\/2018\/02\/quebecine-2018.jpg\" \/>\n\t<meta property=\"og:image:width\" content=\"590\" \/>\n\t<meta property=\"og:image:height\" content=\"380\" \/>\n\t<meta property=\"og:image:type\" content=\"image\/jpeg\" \/>\n<meta name=\"author\" content=\"Reconoce MX\" \/>\n<meta name=\"twitter:card\" content=\"summary_large_image\" \/>\n<meta name=\"twitter:creator\" content=\"@reconocemx\" \/>\n<meta name=\"twitter:site\" content=\"@reconocemx\" \/>\n<meta name=\"twitter:label1\" content=\"Escrito por\" \/>\n\t<meta name=\"twitter:data1\" content=\"Reconoce MX\" \/>\n\t<meta name=\"twitter:label2\" content=\"Tiempo de lectura\" \/>\n\t<meta name=\"twitter:data2\" content=\"1 minuto\" \/>\n<script type=\"application\/ld+json\" class=\"yoast-schema-graph\">{\"@context\":\"https:\/\/schema.org\",\"@graph\":[{\"@type\":\"Article\",\"@id\":\"http:\/\/www.reconoce.mx\/?p=70478#article\",\"isPartOf\":{\"@id\":\"http:\/\/www.reconoce.mx\/?p=70478\"},\"author\":{\"name\":\"Reconoce MX\",\"@id\":\"http:\/\/www.reconoce.mx\/#\/schema\/person\/2117e997d7051dc15d6880eaf9bca0b2\"},\"headline\":\"Quebecine: vistazo al cine de Quebec en Cineteca Nacional\",\"datePublished\":\"2018-02-16T06:05:10+00:00\",\"mainEntityOfPage\":{\"@id\":\"http:\/\/www.reconoce.mx\/?p=70478\"},\"wordCount\":301,\"commentCount\":0,\"publisher\":{\"@id\":\"http:\/\/www.reconoce.mx\/#organization\"},\"image\":{\"@id\":\"http:\/\/www.reconoce.mx\/?p=70478#primaryimage\"},\"thumbnailUrl\":\"http:\/\/www.reconoce.mx\/wp-content\/uploads\/2018\/02\/quebecine-2018.jpg\",\"articleSection\":[\"Cine\",\"Cultura\",\"Principal\"],\"inLanguage\":\"es\",\"potentialAction\":[{\"@type\":\"CommentAction\",\"name\":\"Comment\",\"target\":[\"http:\/\/www.reconoce.mx\/?p=70478#respond\"]}]},{\"@type\":\"WebPage\",\"@id\":\"http:\/\/www.reconoce.mx\/?p=70478\",\"url\":\"http:\/\/www.reconoce.mx\/?p=70478\",\"name\":\"Quebecine: vistazo al cine de Quebec en Cineteca Nacional &#171; Reconoce MX\",\"isPartOf\":{\"@id\":\"http:\/\/www.reconoce.mx\/#website\"},\"primaryImageOfPage\":{\"@id\":\"http:\/\/www.reconoce.mx\/?p=70478#primaryimage\"},\"image\":{\"@id\":\"http:\/\/www.reconoce.mx\/?p=70478#primaryimage\"},\"thumbnailUrl\":\"http:\/\/www.reconoce.mx\/wp-content\/uploads\/2018\/02\/quebecine-2018.jpg\",\"datePublished\":\"2018-02-16T06:05:10+00:00\",\"breadcrumb\":{\"@id\":\"http:\/\/www.reconoce.mx\/?p=70478#breadcrumb\"},\"inLanguage\":\"es\",\"potentialAction\":[{\"@type\":\"ReadAction\",\"target\":[\"http:\/\/www.reconoce.mx\/?p=70478\"]}]},{\"@type\":\"ImageObject\",\"inLanguage\":\"es\",\"@id\":\"http:\/\/www.reconoce.mx\/?p=70478#primaryimage\",\"url\":\"http:\/\/www.reconoce.mx\/wp-content\/uploads\/2018\/02\/quebecine-2018.jpg\",\"contentUrl\":\"http:\/\/www.reconoce.mx\/wp-content\/uploads\/2018\/02\/quebecine-2018.jpg\",\"width\":590,\"height\":380},{\"@type\":\"BreadcrumbList\",\"@id\":\"http:\/\/www.reconoce.mx\/?p=70478#breadcrumb\",\"itemListElement\":[{\"@type\":\"ListItem\",\"position\":1,\"name\":\"Portada\",\"item\":\"http:\/\/www.reconoce.mx\/\"},{\"@type\":\"ListItem\",\"position\":2,\"name\":\"Quebecine: vistazo al cine de Quebec en Cineteca Nacional\"}]},{\"@type\":\"WebSite\",\"@id\":\"http:\/\/www.reconoce.mx\/#website\",\"url\":\"http:\/\/www.reconoce.mx\/\",\"name\":\"Reconoce MX\",\"description\":\"En Reconoce MX difundimos arte, cultura y conciencia social en M\u00e9xico. Tu ciudad en otra perspectiva.\",\"publisher\":{\"@id\":\"http:\/\/www.reconoce.mx\/#organization\"},\"potentialAction\":[{\"@type\":\"SearchAction\",\"target\":{\"@type\":\"EntryPoint\",\"urlTemplate\":\"http:\/\/www.reconoce.mx\/?s={search_term_string}\"},\"query-input\":{\"@type\":\"PropertyValueSpecification\",\"valueRequired\":true,\"valueName\":\"search_term_string\"}}],\"inLanguage\":\"es\"},{\"@type\":\"Organization\",\"@id\":\"http:\/\/www.reconoce.mx\/#organization\",\"name\":\"Reconoce MX\",\"url\":\"http:\/\/www.reconoce.mx\/\",\"logo\":{\"@type\":\"ImageObject\",\"inLanguage\":\"es\",\"@id\":\"http:\/\/www.reconoce.mx\/#\/schema\/logo\/image\/\",\"url\":\"https:\/\/www.reconoce.mx\/wp-content\/uploads\/2019\/03\/logorcmx-good-1.png\",\"contentUrl\":\"https:\/\/www.reconoce.mx\/wp-content\/uploads\/2019\/03\/logorcmx-good-1.png\",\"width\":280,\"height\":90,\"caption\":\"Reconoce MX\"},\"image\":{\"@id\":\"http:\/\/www.reconoce.mx\/#\/schema\/logo\/image\/\"},\"sameAs\":[\"https:\/\/es-la.facebook.com\/ReconoceMX\/\",\"https:\/\/x.com\/reconocemx\",\"http:\/\/@reconocemx\"]},{\"@type\":\"Person\",\"@id\":\"http:\/\/www.reconoce.mx\/#\/schema\/person\/2117e997d7051dc15d6880eaf9bca0b2\",\"name\":\"Reconoce MX\",\"image\":{\"@type\":\"ImageObject\",\"inLanguage\":\"es\",\"@id\":\"http:\/\/www.reconoce.mx\/#\/schema\/person\/image\/\",\"url\":\"https:\/\/secure.gravatar.com\/avatar\/6c8d4dc7569ca1c90c5fdcc349f839d5ddef6fe1e70b4337ead2ef1a4c43fc3a?s=96&d=identicon&r=g\",\"contentUrl\":\"https:\/\/secure.gravatar.com\/avatar\/6c8d4dc7569ca1c90c5fdcc349f839d5ddef6fe1e70b4337ead2ef1a4c43fc3a?s=96&d=identicon&r=g\",\"caption\":\"Reconoce MX\"},\"description\":\"Reconoce MX es un proyecto de difusi\u00f3n art\u00edstica, cultural y de conciencia social que est\u00e1 enfocado a difundir y fomentar el entretenimiento alternativo de calidad para todo el p\u00fablico que comparta el mismo entusiasmo.\",\"sameAs\":[\"http:\/\/www.reconoce.mx\"],\"url\":\"http:\/\/www.reconoce.mx\/?author=2\"}]}<\/script>\n<!-- \/ Yoast SEO plugin. -->","yoast_head_json":{"title":"Quebecine: vistazo al cine de Quebec en Cineteca Nacional &#171; Reconoce MX","robots":{"index":"index","follow":"follow","max-snippet":"max-snippet:-1","max-image-preview":"max-image-preview:large","max-video-preview":"max-video-preview:-1"},"canonical":"http:\/\/www.reconoce.mx\/?p=70478","og_locale":"es_ES","og_type":"article","og_title":"Quebecine: vistazo al cine de Quebec en Cineteca Nacional &#171; Reconoce MX","og_description":"Desde el d\u00eda de ayer, y hasta el pr\u00f3ximo 25 de febrero, se podr\u00e1 disfrutar de una vista panor\u00e1mica del cine de Quebec en Cineteca Nacional. 10 largometrajes in\u00e9ditos, cineastas invitados y charlas acad\u00e9micas, ser\u00e1n parte de la cuarta edici\u00f3n de la Muestra de Cine de Quebec.","og_url":"http:\/\/www.reconoce.mx\/?p=70478","og_site_name":"Reconoce MX","article_publisher":"https:\/\/es-la.facebook.com\/ReconoceMX\/","article_published_time":"2018-02-16T06:05:10+00:00","og_image":[{"width":590,"height":380,"url":"http:\/\/www.reconoce.mx\/wp-content\/uploads\/2018\/02\/quebecine-2018.jpg","type":"image\/jpeg"}],"author":"Reconoce MX","twitter_card":"summary_large_image","twitter_creator":"@reconocemx","twitter_site":"@reconocemx","twitter_misc":{"Escrito por":"Reconoce MX","Tiempo de lectura":"1 minuto"},"schema":{"@context":"https:\/\/schema.org","@graph":[{"@type":"Article","@id":"http:\/\/www.reconoce.mx\/?p=70478#article","isPartOf":{"@id":"http:\/\/www.reconoce.mx\/?p=70478"},"author":{"name":"Reconoce MX","@id":"http:\/\/www.reconoce.mx\/#\/schema\/person\/2117e997d7051dc15d6880eaf9bca0b2"},"headline":"Quebecine: vistazo al cine de Quebec en Cineteca Nacional","datePublished":"2018-02-16T06:05:10+00:00","mainEntityOfPage":{"@id":"http:\/\/www.reconoce.mx\/?p=70478"},"wordCount":301,"commentCount":0,"publisher":{"@id":"http:\/\/www.reconoce.mx\/#organization"},"image":{"@id":"http:\/\/www.reconoce.mx\/?p=70478#primaryimage"},"thumbnailUrl":"http:\/\/www.reconoce.mx\/wp-content\/uploads\/2018\/02\/quebecine-2018.jpg","articleSection":["Cine","Cultura","Principal"],"inLanguage":"es","potentialAction":[{"@type":"CommentAction","name":"Comment","target":["http:\/\/www.reconoce.mx\/?p=70478#respond"]}]},{"@type":"WebPage","@id":"http:\/\/www.reconoce.mx\/?p=70478","url":"http:\/\/www.reconoce.mx\/?p=70478","name":"Quebecine: vistazo al cine de Quebec en Cineteca Nacional &#171; Reconoce MX","isPartOf":{"@id":"http:\/\/www.reconoce.mx\/#website"},"primaryImageOfPage":{"@id":"http:\/\/www.reconoce.mx\/?p=70478#primaryimage"},"image":{"@id":"http:\/\/www.reconoce.mx\/?p=70478#primaryimage"},"thumbnailUrl":"http:\/\/www.reconoce.mx\/wp-content\/uploads\/2018\/02\/quebecine-2018.jpg","datePublished":"2018-02-16T06:05:10+00:00","breadcrumb":{"@id":"http:\/\/www.reconoce.mx\/?p=70478#breadcrumb"},"inLanguage":"es","potentialAction":[{"@type":"ReadAction","target":["http:\/\/www.reconoce.mx\/?p=70478"]}]},{"@type":"ImageObject","inLanguage":"es","@id":"http:\/\/www.reconoce.mx\/?p=70478#primaryimage","url":"http:\/\/www.reconoce.mx\/wp-content\/uploads\/2018\/02\/quebecine-2018.jpg","contentUrl":"http:\/\/www.reconoce.mx\/wp-content\/uploads\/2018\/02\/quebecine-2018.jpg","width":590,"height":380},{"@type":"BreadcrumbList","@id":"http:\/\/www.reconoce.mx\/?p=70478#breadcrumb","itemListElement":[{"@type":"ListItem","position":1,"name":"Portada","item":"http:\/\/www.reconoce.mx\/"},{"@type":"ListItem","position":2,"name":"Quebecine: vistazo al cine de Quebec en Cineteca Nacional"}]},{"@type":"WebSite","@id":"http:\/\/www.reconoce.mx\/#website","url":"http:\/\/www.reconoce.mx\/","name":"Reconoce MX","description":"En Reconoce MX difundimos arte, cultura y conciencia social en M\u00e9xico. Tu ciudad en otra perspectiva.","publisher":{"@id":"http:\/\/www.reconoce.mx\/#organization"},"potentialAction":[{"@type":"SearchAction","target":{"@type":"EntryPoint","urlTemplate":"http:\/\/www.reconoce.mx\/?s={search_term_string}"},"query-input":{"@type":"PropertyValueSpecification","valueRequired":true,"valueName":"search_term_string"}}],"inLanguage":"es"},{"@type":"Organization","@id":"http:\/\/www.reconoce.mx\/#organization","name":"Reconoce MX","url":"http:\/\/www.reconoce.mx\/","logo":{"@type":"ImageObject","inLanguage":"es","@id":"http:\/\/www.reconoce.mx\/#\/schema\/logo\/image\/","url":"https:\/\/www.reconoce.mx\/wp-content\/uploads\/2019\/03\/logorcmx-good-1.png","contentUrl":"https:\/\/www.reconoce.mx\/wp-content\/uploads\/2019\/03\/logorcmx-good-1.png","width":280,"height":90,"caption":"Reconoce MX"},"image":{"@id":"http:\/\/www.reconoce.mx\/#\/schema\/logo\/image\/"},"sameAs":["https:\/\/es-la.facebook.com\/ReconoceMX\/","https:\/\/x.com\/reconocemx","http:\/\/@reconocemx"]},{"@type":"Person","@id":"http:\/\/www.reconoce.mx\/#\/schema\/person\/2117e997d7051dc15d6880eaf9bca0b2","name":"Reconoce MX","image":{"@type":"ImageObject","inLanguage":"es","@id":"http:\/\/www.reconoce.mx\/#\/schema\/person\/image\/","url":"https:\/\/secure.gravatar.com\/avatar\/6c8d4dc7569ca1c90c5fdcc349f839d5ddef6fe1e70b4337ead2ef1a4c43fc3a?s=96&d=identicon&r=g","contentUrl":"https:\/\/secure.gravatar.com\/avatar\/6c8d4dc7569ca1c90c5fdcc349f839d5ddef6fe1e70b4337ead2ef1a4c43fc3a?s=96&d=identicon&r=g","caption":"Reconoce MX"},"description":"Reconoce MX es un proyecto de difusi\u00f3n art\u00edstica, cultural y de conciencia social que est\u00e1 enfocado a difundir y fomentar el entretenimiento alternativo de calidad para todo el p\u00fablico que comparta el mismo entusiasmo.","sameAs":["http:\/\/www.reconoce.mx"],"url":"http:\/\/www.reconoce.mx\/?author=2"}]}},"_links":{"self":[{"href":"http:\/\/www.reconoce.mx\/index.php?rest_route=\/wp\/v2\/posts\/70478","targetHints":{"allow":["GET"]}}],"collection":[{"href":"http:\/\/www.reconoce.mx\/index.php?rest_route=\/wp\/v2\/posts"}],"about":[{"href":"http:\/\/www.reconoce.mx\/index.php?rest_route=\/wp\/v2\/types\/post"}],"author":[{"embeddable":true,"href":"http:\/\/www.reconoce.mx\/index.php?rest_route=\/wp\/v2\/users\/2"}],"replies":[{"embeddable":true,"href":"http:\/\/www.reconoce.mx\/index.php?rest_route=%2Fwp%2Fv2%2Fcomments&post=70478"}],"version-history":[{"count":4,"href":"http:\/\/www.reconoce.mx\/index.php?rest_route=\/wp\/v2\/posts\/70478\/revisions"}],"predecessor-version":[{"id":70529,"href":"http:\/\/www.reconoce.mx\/index.php?rest_route=\/wp\/v2\/posts\/70478\/revisions\/70529"}],"wp:featuredmedia":[{"embeddable":true,"href":"http:\/\/www.reconoce.mx\/index.php?rest_route=\/wp\/v2\/media\/70479"}],"wp:attachment":[{"href":"http:\/\/www.reconoce.mx\/index.php?rest_route=%2Fwp%2Fv2%2Fmedia&parent=70478"}],"wp:term":[{"taxonomy":"category","embeddable":true,"href":"http:\/\/www.reconoce.mx\/index.php?rest_route=%2Fwp%2Fv2%2Fcategories&post=70478"},{"taxonomy":"post_tag","embeddable":true,"href":"http:\/\/www.reconoce.mx\/index.php?rest_route=%2Fwp%2Fv2%2Ftags&post=70478"}],"curies":[{"name":"wp","href":"https:\/\/api.w.org\/{rel}","templated":true}]}}