{"id":70499,"date":"2018-02-15T00:04:27","date_gmt":"2018-02-15T06:04:27","guid":{"rendered":"http:\/\/www.reconoce.mx\/?p=70499"},"modified":"2018-02-15T15:07:56","modified_gmt":"2018-02-15T21:07:56","slug":"bosque-de-niebla-no-olvidar-que-somos-parte-de-la-tierra","status":"publish","type":"post","link":"http:\/\/www.reconoce.mx\/?p=70499","title":{"rendered":"\u00abBosque de niebla\u00bb: no olvidar que somos &#8216;parte&#8217; de la Tierra"},"content":{"rendered":"<p><strong>Por <a title=\"@AsfaltosTweets\" href=\"http:\/\/twitter.com\/AsfaltosTweets\" target=\"_blank\" rel=\"noopener\">Asfaltos<\/a><\/strong>.<\/p>\n<p>Vivimos todos en el mismo planeta, y sin embargo, muchos lo hacemos en completa desconexi\u00f3n con \u00e9ste: la Tierra como un ente vivo, siempre en movimiento y en teor\u00eda en armon\u00eda con todos y cada uno de los seres vivientes. En teor\u00eda, porque al parecer, el ser humano ha aprovechado muchas de sus capacidades para hacerse sentir ajeno a lo natural, a lo primario, a lo elemental.<\/p>\n<p><a href=\"http:\/\/www.reconoce.mx\/wp-content\/uploads\/2018\/02\/bosque-de-niebla-postal-1.jpg\"><img loading=\"lazy\" decoding=\"async\" class=\"aligncenter size-full wp-image-70511\" src=\"http:\/\/www.reconoce.mx\/wp-content\/uploads\/2018\/02\/bosque-de-niebla-postal-1.jpg\" alt=\"\" width=\"533\" height=\"800\" srcset=\"http:\/\/www.reconoce.mx\/wp-content\/uploads\/2018\/02\/bosque-de-niebla-postal-1.jpg 533w, http:\/\/www.reconoce.mx\/wp-content\/uploads\/2018\/02\/bosque-de-niebla-postal-1-200x300.jpg 200w, http:\/\/www.reconoce.mx\/wp-content\/uploads\/2018\/02\/bosque-de-niebla-postal-1-150x225.jpg 150w, http:\/\/www.reconoce.mx\/wp-content\/uploads\/2018\/02\/bosque-de-niebla-postal-1-300x450.jpg 300w\" sizes=\"auto, (max-width: 533px) 100vw, 533px\" \/><\/a><\/p>\n<p>\u00abBosque de niebla\u00bb es la \u00f3pera prima de la realizadora mexicana <strong>M\u00f3nica \u00c1lvarz Franco<\/strong>, quien estudi\u00f3 medios audiovisuales en nuestro pa\u00eds y una maestr\u00eda de documental creativo en Madrid, Espa\u00f1a. Detr\u00e1s de ella, M\u00f3nica guarda una selecci\u00f3n de cortometrajes documentales que la han forjado y tra\u00eddo hasta \u00abBosque de niebla\u00bb, su primer trabajo largometraje.<\/p>\n<p>Como todo buen documental, de manera \u00edntima, con la confianza absoluta de a quienes retrata, M\u00f3nica consigue en \u00abBosque de niebla\u00bb un trabajo que nos motiva a reflexionar sobre nuestro papel como seres vivos en el planeta Tierra. A trav\u00e9s de retratos \u00edntimos de los habitantes de una comunidad en pleno bosque mes\u00f3filo, la directora nos presenta la posibilidad real de una convivencia sencilla y sustentable con nuestro entorno.<\/p>\n<p><a href=\"http:\/\/www.reconoce.mx\/wp-content\/uploads\/2018\/02\/bosque-de-niebla-2.jpg\"><img loading=\"lazy\" decoding=\"async\" class=\"aligncenter size-full wp-image-70509\" src=\"http:\/\/www.reconoce.mx\/wp-content\/uploads\/2018\/02\/bosque-de-niebla-2.jpg\" alt=\"\" width=\"590\" height=\"380\" srcset=\"http:\/\/www.reconoce.mx\/wp-content\/uploads\/2018\/02\/bosque-de-niebla-2.jpg 590w, http:\/\/www.reconoce.mx\/wp-content\/uploads\/2018\/02\/bosque-de-niebla-2-300x193.jpg 300w, http:\/\/www.reconoce.mx\/wp-content\/uploads\/2018\/02\/bosque-de-niebla-2-150x97.jpg 150w\" sizes=\"auto, (max-width: 590px) 100vw, 590px\" \/><\/a><\/p>\n<p>Para que la historia adem\u00e1s resulte redonda, M\u00f3nica nos presenta a diversas generaciones. Desde los mayores, quienes trabajan y conviven unidos al sitio que les vio nacer, no entendiendo as\u00ed otra forma que no sea la de una sustentabilidad real; hasta los m\u00e1s j\u00f3venes, quienes con mayores conocimientos y estudios si bien tambi\u00e9n piensan en un futuro fuera de su pueblo, no dejan de pensar en una forma de regresar todo lo que su comunidad les ha brindado.<\/p>\n<p>Adem\u00e1s el retrato \u00edntimo que M\u00f3nica nos presenta, cumple con un elemento que le convierte en un trabajo doblemente interesante. Con la intenci\u00f3n adicional de que el mensaje presentado resultara absolutamente congruencia con la propia comunidad, la producci\u00f3n de \u00abBosque de niebla\u00bb se convirti\u00f3 en la primera en nuestro pa\u00eds en compensar sus emisiones de gases efecto invernadero.<\/p>\n<p><a href=\"http:\/\/www.reconoce.mx\/wp-content\/uploads\/2018\/02\/bosque-de-niebla-3.jpg\"><img loading=\"lazy\" decoding=\"async\" class=\"aligncenter size-full wp-image-70510\" src=\"http:\/\/www.reconoce.mx\/wp-content\/uploads\/2018\/02\/bosque-de-niebla-3.jpg\" alt=\"\" width=\"590\" height=\"380\" srcset=\"http:\/\/www.reconoce.mx\/wp-content\/uploads\/2018\/02\/bosque-de-niebla-3.jpg 590w, http:\/\/www.reconoce.mx\/wp-content\/uploads\/2018\/02\/bosque-de-niebla-3-300x193.jpg 300w, http:\/\/www.reconoce.mx\/wp-content\/uploads\/2018\/02\/bosque-de-niebla-3-150x97.jpg 150w\" sizes=\"auto, (max-width: 590px) 100vw, 590px\" \/><\/a><\/p>\n<p>Para \u00abBosque de niebla\u00bb se us\u00f3 entonces \u00fanicamente luz solar, las pilas de la c\u00e1mara se cargaban con paneles solares y no hubo iluminaci\u00f3n artificial; nunca se us\u00f3 gas butano durante la filmaci\u00f3n (se us\u00f3 estufa de le\u00f1a para calentar la comida y calentador de le\u00f1a para el agua); y finalmente, en las locaciones de la comunidad protagonista no se utilizaba auto. Por lo anterior, la producci\u00f3n recibi\u00f3 el <strong>Certificado de Cancelaci\u00f3n Voluntaria<\/strong> por parte de la <strong>ONU<\/strong>.<\/p>\n<p>Necesaria entonces la presencia de \u00abBosque de niebla\u00bb, primero por su valor cinematogr\u00e1fico, segundo por su ejemplo para con la responsabilidad ambiental que en todas nuestras actividades como humanos deber\u00edamos de tener.<\/p>\n<style>.embed-container { position: relative; padding-bottom: 56.25%; height: 0; overflow: hidden; max-width: 100%; } .embed-container iframe, .embed-container object, .embed-container embed { position: absolute; top: 0; left: 0; width: 100%; height: 100%; }<\/style>\n<div class=\"embed-container\"><iframe loading=\"lazy\" src=\"https:\/\/www.youtube.com\/embed\/BXrYU6aWVrY\" width=\"300\" height=\"150\" frameborder=\"0\" allowfullscreen=\"allowfullscreen\"><\/iframe><\/div>\n<p>&nbsp;<\/p>\n<p>\u00abBosque de niebla\u00bb estrena ma\u00f1ana viernes 16 de febrero en <strong>Cineteca Nacional<\/strong>. Imperdible.<\/p>\n<p style=\"text-align: right;\">Con im\u00e1genes e informaci\u00f3n cortes\u00eda de <strong>Cineteca Nacional<\/strong>.<\/p>\n<p>&nbsp;<\/p>\n<p>&nbsp;<\/p>\n","protected":false},"excerpt":{"rendered":"<p>Vivimos todos en el mismo planeta, y sin embargo, muchos lo hacemos en completa desconexi\u00f3n con \u00e9ste: la Tierra como un ente vivo, siempre en movimiento y en teor\u00eda en armon\u00eda con todos y cada uno de los seres vivientes.<\/p>\n","protected":false},"author":2,"featured_media":70508,"comment_status":"open","ping_status":"open","sticky":false,"template":"","format":"standard","meta":{"footnotes":""},"categories":[24,1,17],"tags":[],"class_list":["post-70499","post","type-post","status-publish","format-standard","has-post-thumbnail","hentry","category-cine","category-cultura","category-principal"],"yoast_head":"<!-- This site is optimized with the Yoast SEO plugin v24.7 - https:\/\/yoast.com\/wordpress\/plugins\/seo\/ -->\n<title>&quot;Bosque de niebla&quot;: no olvidar que somos &#039;parte&#039; de la Tierra &#171; Reconoce MX<\/title>\n<meta name=\"robots\" content=\"index, follow, max-snippet:-1, max-image-preview:large, max-video-preview:-1\" \/>\n<link rel=\"canonical\" href=\"http:\/\/www.reconoce.mx\/?p=70499\" \/>\n<meta property=\"og:locale\" content=\"es_ES\" \/>\n<meta property=\"og:type\" content=\"article\" \/>\n<meta property=\"og:title\" content=\"&quot;Bosque de niebla&quot;: no olvidar que somos &#039;parte&#039; de la Tierra &#171; Reconoce MX\" \/>\n<meta property=\"og:description\" content=\"Vivimos todos en el mismo planeta, y sin embargo, muchos lo hacemos en completa desconexi\u00f3n con \u00e9ste: la Tierra como un ente vivo, siempre en movimiento y en teor\u00eda en armon\u00eda con todos y cada uno de los seres vivientes.\" \/>\n<meta property=\"og:url\" content=\"http:\/\/www.reconoce.mx\/?p=70499\" \/>\n<meta property=\"og:site_name\" content=\"Reconoce MX\" \/>\n<meta property=\"article:publisher\" content=\"https:\/\/es-la.facebook.com\/ReconoceMX\/\" \/>\n<meta property=\"article:published_time\" content=\"2018-02-15T06:04:27+00:00\" \/>\n<meta property=\"article:modified_time\" content=\"2018-02-15T21:07:56+00:00\" \/>\n<meta property=\"og:image\" content=\"http:\/\/www.reconoce.mx\/wp-content\/uploads\/2018\/02\/bosque-de-niebla-1.jpg\" \/>\n\t<meta property=\"og:image:width\" content=\"590\" \/>\n\t<meta property=\"og:image:height\" content=\"380\" \/>\n\t<meta property=\"og:image:type\" content=\"image\/jpeg\" \/>\n<meta name=\"author\" content=\"Reconoce MX\" \/>\n<meta name=\"twitter:card\" content=\"summary_large_image\" \/>\n<meta name=\"twitter:creator\" content=\"@reconocemx\" \/>\n<meta name=\"twitter:site\" content=\"@reconocemx\" \/>\n<meta name=\"twitter:label1\" content=\"Escrito por\" \/>\n\t<meta name=\"twitter:data1\" content=\"Reconoce MX\" \/>\n\t<meta name=\"twitter:label2\" content=\"Tiempo de lectura\" \/>\n\t<meta name=\"twitter:data2\" content=\"2 minutos\" \/>\n<script type=\"application\/ld+json\" class=\"yoast-schema-graph\">{\"@context\":\"https:\/\/schema.org\",\"@graph\":[{\"@type\":\"Article\",\"@id\":\"http:\/\/www.reconoce.mx\/?p=70499#article\",\"isPartOf\":{\"@id\":\"http:\/\/www.reconoce.mx\/?p=70499\"},\"author\":{\"name\":\"Reconoce MX\",\"@id\":\"http:\/\/www.reconoce.mx\/#\/schema\/person\/2117e997d7051dc15d6880eaf9bca0b2\"},\"headline\":\"\u00abBosque de niebla\u00bb: no olvidar que somos &#8216;parte&#8217; de la Tierra\",\"datePublished\":\"2018-02-15T06:04:27+00:00\",\"dateModified\":\"2018-02-15T21:07:56+00:00\",\"mainEntityOfPage\":{\"@id\":\"http:\/\/www.reconoce.mx\/?p=70499\"},\"wordCount\":510,\"commentCount\":0,\"publisher\":{\"@id\":\"http:\/\/www.reconoce.mx\/#organization\"},\"image\":{\"@id\":\"http:\/\/www.reconoce.mx\/?p=70499#primaryimage\"},\"thumbnailUrl\":\"http:\/\/www.reconoce.mx\/wp-content\/uploads\/2018\/02\/bosque-de-niebla-1.jpg\",\"articleSection\":[\"Cine\",\"Cultura\",\"Principal\"],\"inLanguage\":\"es\",\"potentialAction\":[{\"@type\":\"CommentAction\",\"name\":\"Comment\",\"target\":[\"http:\/\/www.reconoce.mx\/?p=70499#respond\"]}]},{\"@type\":\"WebPage\",\"@id\":\"http:\/\/www.reconoce.mx\/?p=70499\",\"url\":\"http:\/\/www.reconoce.mx\/?p=70499\",\"name\":\"\\\"Bosque de niebla\\\": no olvidar que somos 'parte' de la Tierra &#171; Reconoce MX\",\"isPartOf\":{\"@id\":\"http:\/\/www.reconoce.mx\/#website\"},\"primaryImageOfPage\":{\"@id\":\"http:\/\/www.reconoce.mx\/?p=70499#primaryimage\"},\"image\":{\"@id\":\"http:\/\/www.reconoce.mx\/?p=70499#primaryimage\"},\"thumbnailUrl\":\"http:\/\/www.reconoce.mx\/wp-content\/uploads\/2018\/02\/bosque-de-niebla-1.jpg\",\"datePublished\":\"2018-02-15T06:04:27+00:00\",\"dateModified\":\"2018-02-15T21:07:56+00:00\",\"breadcrumb\":{\"@id\":\"http:\/\/www.reconoce.mx\/?p=70499#breadcrumb\"},\"inLanguage\":\"es\",\"potentialAction\":[{\"@type\":\"ReadAction\",\"target\":[\"http:\/\/www.reconoce.mx\/?p=70499\"]}]},{\"@type\":\"ImageObject\",\"inLanguage\":\"es\",\"@id\":\"http:\/\/www.reconoce.mx\/?p=70499#primaryimage\",\"url\":\"http:\/\/www.reconoce.mx\/wp-content\/uploads\/2018\/02\/bosque-de-niebla-1.jpg\",\"contentUrl\":\"http:\/\/www.reconoce.mx\/wp-content\/uploads\/2018\/02\/bosque-de-niebla-1.jpg\",\"width\":590,\"height\":380},{\"@type\":\"BreadcrumbList\",\"@id\":\"http:\/\/www.reconoce.mx\/?p=70499#breadcrumb\",\"itemListElement\":[{\"@type\":\"ListItem\",\"position\":1,\"name\":\"Portada\",\"item\":\"http:\/\/www.reconoce.mx\/\"},{\"@type\":\"ListItem\",\"position\":2,\"name\":\"\u00abBosque de niebla\u00bb: no olvidar que somos &#8216;parte&#8217; de la Tierra\"}]},{\"@type\":\"WebSite\",\"@id\":\"http:\/\/www.reconoce.mx\/#website\",\"url\":\"http:\/\/www.reconoce.mx\/\",\"name\":\"Reconoce MX\",\"description\":\"En Reconoce MX difundimos arte, cultura y conciencia social en M\u00e9xico. Tu ciudad en otra perspectiva.\",\"publisher\":{\"@id\":\"http:\/\/www.reconoce.mx\/#organization\"},\"potentialAction\":[{\"@type\":\"SearchAction\",\"target\":{\"@type\":\"EntryPoint\",\"urlTemplate\":\"http:\/\/www.reconoce.mx\/?s={search_term_string}\"},\"query-input\":{\"@type\":\"PropertyValueSpecification\",\"valueRequired\":true,\"valueName\":\"search_term_string\"}}],\"inLanguage\":\"es\"},{\"@type\":\"Organization\",\"@id\":\"http:\/\/www.reconoce.mx\/#organization\",\"name\":\"Reconoce MX\",\"url\":\"http:\/\/www.reconoce.mx\/\",\"logo\":{\"@type\":\"ImageObject\",\"inLanguage\":\"es\",\"@id\":\"http:\/\/www.reconoce.mx\/#\/schema\/logo\/image\/\",\"url\":\"https:\/\/www.reconoce.mx\/wp-content\/uploads\/2019\/03\/logorcmx-good-1.png\",\"contentUrl\":\"https:\/\/www.reconoce.mx\/wp-content\/uploads\/2019\/03\/logorcmx-good-1.png\",\"width\":280,\"height\":90,\"caption\":\"Reconoce MX\"},\"image\":{\"@id\":\"http:\/\/www.reconoce.mx\/#\/schema\/logo\/image\/\"},\"sameAs\":[\"https:\/\/es-la.facebook.com\/ReconoceMX\/\",\"https:\/\/x.com\/reconocemx\",\"http:\/\/@reconocemx\"]},{\"@type\":\"Person\",\"@id\":\"http:\/\/www.reconoce.mx\/#\/schema\/person\/2117e997d7051dc15d6880eaf9bca0b2\",\"name\":\"Reconoce MX\",\"image\":{\"@type\":\"ImageObject\",\"inLanguage\":\"es\",\"@id\":\"http:\/\/www.reconoce.mx\/#\/schema\/person\/image\/\",\"url\":\"https:\/\/secure.gravatar.com\/avatar\/6c8d4dc7569ca1c90c5fdcc349f839d5ddef6fe1e70b4337ead2ef1a4c43fc3a?s=96&d=identicon&r=g\",\"contentUrl\":\"https:\/\/secure.gravatar.com\/avatar\/6c8d4dc7569ca1c90c5fdcc349f839d5ddef6fe1e70b4337ead2ef1a4c43fc3a?s=96&d=identicon&r=g\",\"caption\":\"Reconoce MX\"},\"description\":\"Reconoce MX es un proyecto de difusi\u00f3n art\u00edstica, cultural y de conciencia social que est\u00e1 enfocado a difundir y fomentar el entretenimiento alternativo de calidad para todo el p\u00fablico que comparta el mismo entusiasmo.\",\"sameAs\":[\"http:\/\/www.reconoce.mx\"],\"url\":\"http:\/\/www.reconoce.mx\/?author=2\"}]}<\/script>\n<!-- \/ Yoast SEO plugin. -->","yoast_head_json":{"title":"\"Bosque de niebla\": no olvidar que somos 'parte' de la Tierra &#171; Reconoce MX","robots":{"index":"index","follow":"follow","max-snippet":"max-snippet:-1","max-image-preview":"max-image-preview:large","max-video-preview":"max-video-preview:-1"},"canonical":"http:\/\/www.reconoce.mx\/?p=70499","og_locale":"es_ES","og_type":"article","og_title":"\"Bosque de niebla\": no olvidar que somos 'parte' de la Tierra &#171; Reconoce MX","og_description":"Vivimos todos en el mismo planeta, y sin embargo, muchos lo hacemos en completa desconexi\u00f3n con \u00e9ste: la Tierra como un ente vivo, siempre en movimiento y en teor\u00eda en armon\u00eda con todos y cada uno de los seres vivientes.","og_url":"http:\/\/www.reconoce.mx\/?p=70499","og_site_name":"Reconoce MX","article_publisher":"https:\/\/es-la.facebook.com\/ReconoceMX\/","article_published_time":"2018-02-15T06:04:27+00:00","article_modified_time":"2018-02-15T21:07:56+00:00","og_image":[{"width":590,"height":380,"url":"http:\/\/www.reconoce.mx\/wp-content\/uploads\/2018\/02\/bosque-de-niebla-1.jpg","type":"image\/jpeg"}],"author":"Reconoce MX","twitter_card":"summary_large_image","twitter_creator":"@reconocemx","twitter_site":"@reconocemx","twitter_misc":{"Escrito por":"Reconoce MX","Tiempo de lectura":"2 minutos"},"schema":{"@context":"https:\/\/schema.org","@graph":[{"@type":"Article","@id":"http:\/\/www.reconoce.mx\/?p=70499#article","isPartOf":{"@id":"http:\/\/www.reconoce.mx\/?p=70499"},"author":{"name":"Reconoce MX","@id":"http:\/\/www.reconoce.mx\/#\/schema\/person\/2117e997d7051dc15d6880eaf9bca0b2"},"headline":"\u00abBosque de niebla\u00bb: no olvidar que somos &#8216;parte&#8217; de la Tierra","datePublished":"2018-02-15T06:04:27+00:00","dateModified":"2018-02-15T21:07:56+00:00","mainEntityOfPage":{"@id":"http:\/\/www.reconoce.mx\/?p=70499"},"wordCount":510,"commentCount":0,"publisher":{"@id":"http:\/\/www.reconoce.mx\/#organization"},"image":{"@id":"http:\/\/www.reconoce.mx\/?p=70499#primaryimage"},"thumbnailUrl":"http:\/\/www.reconoce.mx\/wp-content\/uploads\/2018\/02\/bosque-de-niebla-1.jpg","articleSection":["Cine","Cultura","Principal"],"inLanguage":"es","potentialAction":[{"@type":"CommentAction","name":"Comment","target":["http:\/\/www.reconoce.mx\/?p=70499#respond"]}]},{"@type":"WebPage","@id":"http:\/\/www.reconoce.mx\/?p=70499","url":"http:\/\/www.reconoce.mx\/?p=70499","name":"\"Bosque de niebla\": no olvidar que somos 'parte' de la Tierra &#171; Reconoce MX","isPartOf":{"@id":"http:\/\/www.reconoce.mx\/#website"},"primaryImageOfPage":{"@id":"http:\/\/www.reconoce.mx\/?p=70499#primaryimage"},"image":{"@id":"http:\/\/www.reconoce.mx\/?p=70499#primaryimage"},"thumbnailUrl":"http:\/\/www.reconoce.mx\/wp-content\/uploads\/2018\/02\/bosque-de-niebla-1.jpg","datePublished":"2018-02-15T06:04:27+00:00","dateModified":"2018-02-15T21:07:56+00:00","breadcrumb":{"@id":"http:\/\/www.reconoce.mx\/?p=70499#breadcrumb"},"inLanguage":"es","potentialAction":[{"@type":"ReadAction","target":["http:\/\/www.reconoce.mx\/?p=70499"]}]},{"@type":"ImageObject","inLanguage":"es","@id":"http:\/\/www.reconoce.mx\/?p=70499#primaryimage","url":"http:\/\/www.reconoce.mx\/wp-content\/uploads\/2018\/02\/bosque-de-niebla-1.jpg","contentUrl":"http:\/\/www.reconoce.mx\/wp-content\/uploads\/2018\/02\/bosque-de-niebla-1.jpg","width":590,"height":380},{"@type":"BreadcrumbList","@id":"http:\/\/www.reconoce.mx\/?p=70499#breadcrumb","itemListElement":[{"@type":"ListItem","position":1,"name":"Portada","item":"http:\/\/www.reconoce.mx\/"},{"@type":"ListItem","position":2,"name":"\u00abBosque de niebla\u00bb: no olvidar que somos &#8216;parte&#8217; de la Tierra"}]},{"@type":"WebSite","@id":"http:\/\/www.reconoce.mx\/#website","url":"http:\/\/www.reconoce.mx\/","name":"Reconoce MX","description":"En Reconoce MX difundimos arte, cultura y conciencia social en M\u00e9xico. Tu ciudad en otra perspectiva.","publisher":{"@id":"http:\/\/www.reconoce.mx\/#organization"},"potentialAction":[{"@type":"SearchAction","target":{"@type":"EntryPoint","urlTemplate":"http:\/\/www.reconoce.mx\/?s={search_term_string}"},"query-input":{"@type":"PropertyValueSpecification","valueRequired":true,"valueName":"search_term_string"}}],"inLanguage":"es"},{"@type":"Organization","@id":"http:\/\/www.reconoce.mx\/#organization","name":"Reconoce MX","url":"http:\/\/www.reconoce.mx\/","logo":{"@type":"ImageObject","inLanguage":"es","@id":"http:\/\/www.reconoce.mx\/#\/schema\/logo\/image\/","url":"https:\/\/www.reconoce.mx\/wp-content\/uploads\/2019\/03\/logorcmx-good-1.png","contentUrl":"https:\/\/www.reconoce.mx\/wp-content\/uploads\/2019\/03\/logorcmx-good-1.png","width":280,"height":90,"caption":"Reconoce MX"},"image":{"@id":"http:\/\/www.reconoce.mx\/#\/schema\/logo\/image\/"},"sameAs":["https:\/\/es-la.facebook.com\/ReconoceMX\/","https:\/\/x.com\/reconocemx","http:\/\/@reconocemx"]},{"@type":"Person","@id":"http:\/\/www.reconoce.mx\/#\/schema\/person\/2117e997d7051dc15d6880eaf9bca0b2","name":"Reconoce MX","image":{"@type":"ImageObject","inLanguage":"es","@id":"http:\/\/www.reconoce.mx\/#\/schema\/person\/image\/","url":"https:\/\/secure.gravatar.com\/avatar\/6c8d4dc7569ca1c90c5fdcc349f839d5ddef6fe1e70b4337ead2ef1a4c43fc3a?s=96&d=identicon&r=g","contentUrl":"https:\/\/secure.gravatar.com\/avatar\/6c8d4dc7569ca1c90c5fdcc349f839d5ddef6fe1e70b4337ead2ef1a4c43fc3a?s=96&d=identicon&r=g","caption":"Reconoce MX"},"description":"Reconoce MX es un proyecto de difusi\u00f3n art\u00edstica, cultural y de conciencia social que est\u00e1 enfocado a difundir y fomentar el entretenimiento alternativo de calidad para todo el p\u00fablico que comparta el mismo entusiasmo.","sameAs":["http:\/\/www.reconoce.mx"],"url":"http:\/\/www.reconoce.mx\/?author=2"}]}},"_links":{"self":[{"href":"http:\/\/www.reconoce.mx\/index.php?rest_route=\/wp\/v2\/posts\/70499","targetHints":{"allow":["GET"]}}],"collection":[{"href":"http:\/\/www.reconoce.mx\/index.php?rest_route=\/wp\/v2\/posts"}],"about":[{"href":"http:\/\/www.reconoce.mx\/index.php?rest_route=\/wp\/v2\/types\/post"}],"author":[{"embeddable":true,"href":"http:\/\/www.reconoce.mx\/index.php?rest_route=\/wp\/v2\/users\/2"}],"replies":[{"embeddable":true,"href":"http:\/\/www.reconoce.mx\/index.php?rest_route=%2Fwp%2Fv2%2Fcomments&post=70499"}],"version-history":[{"count":6,"href":"http:\/\/www.reconoce.mx\/index.php?rest_route=\/wp\/v2\/posts\/70499\/revisions"}],"predecessor-version":[{"id":70514,"href":"http:\/\/www.reconoce.mx\/index.php?rest_route=\/wp\/v2\/posts\/70499\/revisions\/70514"}],"wp:featuredmedia":[{"embeddable":true,"href":"http:\/\/www.reconoce.mx\/index.php?rest_route=\/wp\/v2\/media\/70508"}],"wp:attachment":[{"href":"http:\/\/www.reconoce.mx\/index.php?rest_route=%2Fwp%2Fv2%2Fmedia&parent=70499"}],"wp:term":[{"taxonomy":"category","embeddable":true,"href":"http:\/\/www.reconoce.mx\/index.php?rest_route=%2Fwp%2Fv2%2Fcategories&post=70499"},{"taxonomy":"post_tag","embeddable":true,"href":"http:\/\/www.reconoce.mx\/index.php?rest_route=%2Fwp%2Fv2%2Ftags&post=70499"}],"curies":[{"name":"wp","href":"https:\/\/api.w.org\/{rel}","templated":true}]}}