{"id":70531,"date":"2018-02-23T00:02:42","date_gmt":"2018-02-23T06:02:42","guid":{"rendered":"http:\/\/www.reconoce.mx\/?p=70531"},"modified":"2018-02-22T23:00:47","modified_gmt":"2018-02-23T05:00:47","slug":"el-plaza-condesa-cartelera-del-23-de-febrero-al-01-de-marzo","status":"publish","type":"post","link":"http:\/\/www.reconoce.mx\/?p=70531","title":{"rendered":"El Plaza Condesa: Cartelera del 23 de febrero al 01 de marzo"},"content":{"rendered":"<p><strong>Por <a title=\"@AsfaltosTweets\" href=\"http:\/\/twitter.com\/AsfaltosTweets\" target=\"_blank\" rel=\"noopener noreferrer\">Asfaltos<\/a><\/strong>.<\/p>\n<p>Construido entre 1952 y 1973,<strong> El Plaza Condesa<\/strong> es hoy uno de los foros musicales m\u00e1s importantes de nuestro pa\u00eds y la capital. Ubicado en un sitio privilegiado, en la colonia Condesa rodeado de los parques Espa\u00f1a y M\u00e9xico, as\u00ed como rodeado de librer\u00edas, restaurantes y galer\u00edas de arte, la historia de <strong>El Plaza<\/strong> como foro musical inici\u00f3 el 14 de septiembre de 2011, d\u00eda en el que fue reinaugurado tras una importante remodelaci\u00f3n.<\/p>\n<p>En el mejor \u00e1nimo de que pasen un gran momento, ustedes amantes de la m\u00fasica, les compartimos de manera semanal la cartelera de <strong>El Plaza Condesa<\/strong>.<\/p>\n<h1><strong>Protoje<br \/>\n<\/strong><\/h1>\n<p>\/\/ febrero 23, viernes, 21:00h<br \/>\n\/\/ precios: balc\u00f3n y palco $1,800; primera fila $1,200; general $850<\/p>\n<p><a href=\"http:\/\/www.reconoce.mx\/wp-content\/uploads\/2018\/02\/PROTOJE-PROMO-MEXICO-POSTER.jpg\"><img loading=\"lazy\" decoding=\"async\" class=\"aligncenter size-full wp-image-70533\" src=\"http:\/\/www.reconoce.mx\/wp-content\/uploads\/2018\/02\/PROTOJE-PROMO-MEXICO-POSTER.jpg\" alt=\"\" width=\"1280\" height=\"823\" srcset=\"http:\/\/www.reconoce.mx\/wp-content\/uploads\/2018\/02\/PROTOJE-PROMO-MEXICO-POSTER.jpg 1280w, http:\/\/www.reconoce.mx\/wp-content\/uploads\/2018\/02\/PROTOJE-PROMO-MEXICO-POSTER-300x193.jpg 300w, http:\/\/www.reconoce.mx\/wp-content\/uploads\/2018\/02\/PROTOJE-PROMO-MEXICO-POSTER-768x494.jpg 768w, http:\/\/www.reconoce.mx\/wp-content\/uploads\/2018\/02\/PROTOJE-PROMO-MEXICO-POSTER-1024x658.jpg 1024w, http:\/\/www.reconoce.mx\/wp-content\/uploads\/2018\/02\/PROTOJE-PROMO-MEXICO-POSTER-150x96.jpg 150w, http:\/\/www.reconoce.mx\/wp-content\/uploads\/2018\/02\/PROTOJE-PROMO-MEXICO-POSTER-700x450.jpg 700w, http:\/\/www.reconoce.mx\/wp-content\/uploads\/2018\/02\/PROTOJE-PROMO-MEXICO-POSTER-658x423.jpg 658w\" sizes=\"auto, (max-width: 1280px) 100vw, 1280px\" \/><\/a><br \/>\n<strong>Protoje<\/strong>, la estrella en ascenso m\u00e1s r\u00e1pido de reggae hoy en d\u00eda, su grupo The Indiggnation con invitados especiales <strong>Golden Ganga<\/strong> y <strong>Sangre Ma\u00edz<\/strong>, y una selecci\u00f3n de los DJ locales m\u00e1s influyentes, se presentan en <strong>El Plaza Condesa<\/strong> hoy viernes 23 de febrero 2018.<\/p>\n<p>Pasa una noche con el sonido moderno y optimista del reggae en este lugar exclusivo ubicado en el coraz\u00f3n de Ciudad de M\u00e9xico: la Condesa. Este es un espect\u00e1culo que no te puedes perder.<\/p>\n<p>Los boletos para ser parte de esta \u00fanica presentaci\u00f3n est\u00e1n disponibles en taquillas del inmueble y a trav\u00e9s del <a href=\"http:\/\/www.ticketmaster.com.mx\/protoje-the-indiggnation-y-golden-mexico-distrito-federal-23-02-2018\/event\/14005441B2989957?artistid=1874154&amp;majorcatid=10001&amp;minorcatid=825\" target=\"_blank\" rel=\"noopener\">Sistema Ticketmaster<\/a>.<\/p>\n<h1><strong>Celebrating David Bowie<br \/>\n<\/strong><\/h1>\n<p>\/\/ marzo 01, jueves, 21:00h<br \/>\n\/\/ precios: balc\u00f3n $720; palco $560; general $480<\/p>\n<p><a href=\"http:\/\/www.reconoce.mx\/wp-content\/uploads\/2018\/02\/large_DIGITALES_DAVID_BOWIE_OK-1.jpg\"><img loading=\"lazy\" decoding=\"async\" class=\"aligncenter size-full wp-image-70532\" src=\"http:\/\/www.reconoce.mx\/wp-content\/uploads\/2018\/02\/large_DIGITALES_DAVID_BOWIE_OK-1.jpg\" alt=\"\" width=\"960\" height=\"1440\" srcset=\"http:\/\/www.reconoce.mx\/wp-content\/uploads\/2018\/02\/large_DIGITALES_DAVID_BOWIE_OK-1.jpg 960w, http:\/\/www.reconoce.mx\/wp-content\/uploads\/2018\/02\/large_DIGITALES_DAVID_BOWIE_OK-1-200x300.jpg 200w, http:\/\/www.reconoce.mx\/wp-content\/uploads\/2018\/02\/large_DIGITALES_DAVID_BOWIE_OK-1-768x1152.jpg 768w, http:\/\/www.reconoce.mx\/wp-content\/uploads\/2018\/02\/large_DIGITALES_DAVID_BOWIE_OK-1-683x1024.jpg 683w, http:\/\/www.reconoce.mx\/wp-content\/uploads\/2018\/02\/large_DIGITALES_DAVID_BOWIE_OK-1-150x225.jpg 150w, http:\/\/www.reconoce.mx\/wp-content\/uploads\/2018\/02\/large_DIGITALES_DAVID_BOWIE_OK-1-700x1050.jpg 700w, http:\/\/www.reconoce.mx\/wp-content\/uploads\/2018\/02\/large_DIGITALES_DAVID_BOWIE_OK-1-658x987.jpg 658w, http:\/\/www.reconoce.mx\/wp-content\/uploads\/2018\/02\/large_DIGITALES_DAVID_BOWIE_OK-1-300x450.jpg 300w\" sizes=\"auto, (max-width: 960px) 100vw, 960px\" \/><\/a><br \/>\nCon el objetivo de rendir homenaje a uno de los artistas m\u00e1s completos y camale\u00f3nicos de la historia del rock, surge el espect\u00e1culo \u00abCelebrating David Bowie\u00bb, el cual re\u00fane a m\u00fasicos amigos y colaboradores del duque blanco. Este show que se gest\u00f3 en Reino Unido se encuentra de gira mundial y llegar\u00e1 a <strong>El Plaza Condesa<\/strong> en Ciudad de M\u00e9xico el pr\u00f3ximo 1 de marzo.<\/p>\n<p>\u00abCelebrating David Bowie\u00bb comenz\u00f3 como una reuni\u00f3n de amigos del m\u00fasico, quien perdiera la vida a causa del c\u00e1ncer el 10 de enero de 2016, en la Brixton Academy de Londres en conmemoraci\u00f3n del primer aniversario de su partida y como parte de los festejos por su cumplea\u00f1os n\u00famero 70.<\/p>\n<p>Entre los artistas que se presentar\u00e1n en la gira se encuentran el pianista <strong>Mike Garson<\/strong> (miembro de la banda Spiders From Mars del &#8217;72 al &#8217;73 y quien trabaj\u00f3 con Bowie hasta su \u00faltima presentaci\u00f3n p\u00fablica en 2006), el guitarrista <strong>Gerry Leonard<\/strong> (quien aparece en los discos \u00abHeathen\u00bb (2002) y \u00abReality\u00bb (2003), as\u00ed como en las giras promocionales correspondientes), <strong>Carmine Rojas<\/strong> (bajista en las giras \u00abLet\u2019s Dance\u00bb y \u00abSerious Moonlight\u00bb), el cantante de Fishbone, <strong>Angelo Moore<\/strong>, <strong>Gerry Leonard<\/strong> y <strong>Gaby Moreno<\/strong>, as\u00ed como invitados especiales que se sumar\u00e1n a lo largo de la gira.<\/p>\n<p>Para su gira por Norteam\u00e9rica se han sumado al proyecto el guitarrista <strong>Earl Slick<\/strong> y el vocalista <strong>Bernard Fowler<\/strong>. Slick trabaj\u00f3 en \u00e1lbumes emblem\u00e1ticos de Bowie como \u00abDiamond Dogs\u00bb, \u00abYoung Americans\u00bb y \u00abReality\u00bb, entre otros, adem\u00e1s de acompa\u00f1arlo en extensas giras. Al respecto, Slick asegur\u00f3: \u00abestoy feliz de anunciar que oficialmente me unir\u00e9 a mis compa\u00f1eros en la gira &#8216;Celebrating David Bowie&#8217;, as\u00ed que p\u00f3nganse sus zapatos rojos y los ver\u00e9 muy pronto\u00bb. Por su parte, <strong>Bernard Fowle<\/strong>r es conocido por su trabajo con The Rolling Stones y otros artistas ic\u00f3nicos.<\/p>\n<p>Este espect\u00e1culo se ha presentado con \u00e9xito en Gran Breta\u00f1a y varios pa\u00edses de Europa, sin embargo ser\u00e1 este 2018 que llegar\u00e1 hasta Norteam\u00e9rica para recorrer importantes ciudades, entre ellas Ciudad de M\u00e9xico el pr\u00f3ximo 1 de marzo en El Plaza Condesa.<\/p>\n<p>Los boletos para ser parte de esta \u00fanica presentaci\u00f3n est\u00e1n disponibles en taquillas del inmueble y a trav\u00e9s del <a href=\"http:\/\/www.elplaza.mx\/evento\/celebrating-david-bowie\" target=\"_blank\" rel=\"noopener\">Sistema Ticketmaster<\/a>.<\/p>\n<p><strong>El Plaza Condesa<\/strong> se encuentra ubicado en Juan Escutia #4, Condesa, Cuauht\u00e9moc, Ciudad de M\u00e9xico.<\/p>\n<p>&nbsp;<\/p>\n<p>&nbsp;<\/p>\n","protected":false},"excerpt":{"rendered":"<p>En el mejor \u00e1nimo de que pasen un gran momento, ustedes amantes de la m\u00fasica, les compartimos de manera semanal la cartelera de El Plaza Condesa.<\/p>\n","protected":false},"author":2,"featured_media":43737,"comment_status":"open","ping_status":"open","sticky":false,"template":"","format":"standard","meta":{"footnotes":""},"categories":[1,18,17],"tags":[],"class_list":["post-70531","post","type-post","status-publish","format-standard","has-post-thumbnail","hentry","category-cultura","category-musica","category-principal"],"yoast_head":"<!-- This site is optimized with the Yoast SEO plugin v24.7 - https:\/\/yoast.com\/wordpress\/plugins\/seo\/ -->\n<title>El Plaza Condesa: Cartelera del 23 de febrero al 01 de marzo &#171; Reconoce MX<\/title>\n<meta name=\"robots\" content=\"index, follow, max-snippet:-1, max-image-preview:large, max-video-preview:-1\" \/>\n<link rel=\"canonical\" href=\"https:\/\/www.reconoce.mx\/?p=70531\" \/>\n<meta property=\"og:locale\" content=\"es_ES\" \/>\n<meta property=\"og:type\" content=\"article\" \/>\n<meta property=\"og:title\" content=\"El Plaza Condesa: Cartelera del 23 de febrero al 01 de marzo &#171; Reconoce MX\" \/>\n<meta property=\"og:description\" content=\"En el mejor \u00e1nimo de que pasen un gran momento, ustedes amantes de la m\u00fasica, les compartimos de manera semanal la cartelera de El Plaza Condesa.\" \/>\n<meta property=\"og:url\" content=\"https:\/\/www.reconoce.mx\/?p=70531\" \/>\n<meta property=\"og:site_name\" content=\"Reconoce MX\" \/>\n<meta property=\"article:publisher\" content=\"https:\/\/es-la.facebook.com\/ReconoceMX\/\" \/>\n<meta property=\"article:published_time\" content=\"2018-02-23T06:02:42+00:00\" \/>\n<meta property=\"og:image\" content=\"https:\/\/www.reconoce.mx\/wp-content\/uploads\/2016\/01\/elplaza-condesa.png\" \/>\n\t<meta property=\"og:image:width\" content=\"570\" \/>\n\t<meta property=\"og:image:height\" content=\"360\" \/>\n\t<meta property=\"og:image:type\" content=\"image\/png\" \/>\n<meta name=\"author\" content=\"Reconoce MX\" \/>\n<meta name=\"twitter:card\" content=\"summary_large_image\" \/>\n<meta name=\"twitter:creator\" content=\"@reconocemx\" \/>\n<meta name=\"twitter:site\" content=\"@reconocemx\" \/>\n<meta name=\"twitter:label1\" content=\"Escrito por\" \/>\n\t<meta name=\"twitter:data1\" content=\"Reconoce MX\" \/>\n\t<meta name=\"twitter:label2\" content=\"Tiempo de lectura\" \/>\n\t<meta name=\"twitter:data2\" content=\"3 minutos\" \/>\n<script type=\"application\/ld+json\" class=\"yoast-schema-graph\">{\"@context\":\"https:\/\/schema.org\",\"@graph\":[{\"@type\":\"Article\",\"@id\":\"https:\/\/www.reconoce.mx\/?p=70531#article\",\"isPartOf\":{\"@id\":\"https:\/\/www.reconoce.mx\/?p=70531\"},\"author\":{\"name\":\"Reconoce MX\",\"@id\":\"http:\/\/www.reconoce.mx\/#\/schema\/person\/2117e997d7051dc15d6880eaf9bca0b2\"},\"headline\":\"El Plaza Condesa: Cartelera del 23 de febrero al 01 de marzo\",\"datePublished\":\"2018-02-23T06:02:42+00:00\",\"mainEntityOfPage\":{\"@id\":\"https:\/\/www.reconoce.mx\/?p=70531\"},\"wordCount\":656,\"commentCount\":0,\"publisher\":{\"@id\":\"http:\/\/www.reconoce.mx\/#organization\"},\"image\":{\"@id\":\"https:\/\/www.reconoce.mx\/?p=70531#primaryimage\"},\"thumbnailUrl\":\"http:\/\/www.reconoce.mx\/wp-content\/uploads\/2016\/01\/elplaza-condesa.png\",\"articleSection\":[\"Cultura\",\"M\u00fasica\",\"Principal\"],\"inLanguage\":\"es\",\"potentialAction\":[{\"@type\":\"CommentAction\",\"name\":\"Comment\",\"target\":[\"https:\/\/www.reconoce.mx\/?p=70531#respond\"]}]},{\"@type\":\"WebPage\",\"@id\":\"https:\/\/www.reconoce.mx\/?p=70531\",\"url\":\"https:\/\/www.reconoce.mx\/?p=70531\",\"name\":\"El Plaza Condesa: Cartelera del 23 de febrero al 01 de marzo &#171; Reconoce MX\",\"isPartOf\":{\"@id\":\"http:\/\/www.reconoce.mx\/#website\"},\"primaryImageOfPage\":{\"@id\":\"https:\/\/www.reconoce.mx\/?p=70531#primaryimage\"},\"image\":{\"@id\":\"https:\/\/www.reconoce.mx\/?p=70531#primaryimage\"},\"thumbnailUrl\":\"http:\/\/www.reconoce.mx\/wp-content\/uploads\/2016\/01\/elplaza-condesa.png\",\"datePublished\":\"2018-02-23T06:02:42+00:00\",\"breadcrumb\":{\"@id\":\"https:\/\/www.reconoce.mx\/?p=70531#breadcrumb\"},\"inLanguage\":\"es\",\"potentialAction\":[{\"@type\":\"ReadAction\",\"target\":[\"https:\/\/www.reconoce.mx\/?p=70531\"]}]},{\"@type\":\"ImageObject\",\"inLanguage\":\"es\",\"@id\":\"https:\/\/www.reconoce.mx\/?p=70531#primaryimage\",\"url\":\"http:\/\/www.reconoce.mx\/wp-content\/uploads\/2016\/01\/elplaza-condesa.png\",\"contentUrl\":\"http:\/\/www.reconoce.mx\/wp-content\/uploads\/2016\/01\/elplaza-condesa.png\",\"width\":570,\"height\":360},{\"@type\":\"BreadcrumbList\",\"@id\":\"https:\/\/www.reconoce.mx\/?p=70531#breadcrumb\",\"itemListElement\":[{\"@type\":\"ListItem\",\"position\":1,\"name\":\"Portada\",\"item\":\"http:\/\/www.reconoce.mx\/\"},{\"@type\":\"ListItem\",\"position\":2,\"name\":\"El Plaza Condesa: Cartelera del 23 de febrero al 01 de marzo\"}]},{\"@type\":\"WebSite\",\"@id\":\"http:\/\/www.reconoce.mx\/#website\",\"url\":\"http:\/\/www.reconoce.mx\/\",\"name\":\"Reconoce MX\",\"description\":\"En Reconoce MX difundimos arte, cultura y conciencia social en M\u00e9xico. Tu ciudad en otra perspectiva.\",\"publisher\":{\"@id\":\"http:\/\/www.reconoce.mx\/#organization\"},\"potentialAction\":[{\"@type\":\"SearchAction\",\"target\":{\"@type\":\"EntryPoint\",\"urlTemplate\":\"http:\/\/www.reconoce.mx\/?s={search_term_string}\"},\"query-input\":{\"@type\":\"PropertyValueSpecification\",\"valueRequired\":true,\"valueName\":\"search_term_string\"}}],\"inLanguage\":\"es\"},{\"@type\":\"Organization\",\"@id\":\"http:\/\/www.reconoce.mx\/#organization\",\"name\":\"Reconoce MX\",\"url\":\"http:\/\/www.reconoce.mx\/\",\"logo\":{\"@type\":\"ImageObject\",\"inLanguage\":\"es\",\"@id\":\"http:\/\/www.reconoce.mx\/#\/schema\/logo\/image\/\",\"url\":\"https:\/\/www.reconoce.mx\/wp-content\/uploads\/2019\/03\/logorcmx-good-1.png\",\"contentUrl\":\"https:\/\/www.reconoce.mx\/wp-content\/uploads\/2019\/03\/logorcmx-good-1.png\",\"width\":280,\"height\":90,\"caption\":\"Reconoce MX\"},\"image\":{\"@id\":\"http:\/\/www.reconoce.mx\/#\/schema\/logo\/image\/\"},\"sameAs\":[\"https:\/\/es-la.facebook.com\/ReconoceMX\/\",\"https:\/\/x.com\/reconocemx\",\"http:\/\/@reconocemx\"]},{\"@type\":\"Person\",\"@id\":\"http:\/\/www.reconoce.mx\/#\/schema\/person\/2117e997d7051dc15d6880eaf9bca0b2\",\"name\":\"Reconoce MX\",\"image\":{\"@type\":\"ImageObject\",\"inLanguage\":\"es\",\"@id\":\"http:\/\/www.reconoce.mx\/#\/schema\/person\/image\/\",\"url\":\"https:\/\/secure.gravatar.com\/avatar\/6c8d4dc7569ca1c90c5fdcc349f839d5ddef6fe1e70b4337ead2ef1a4c43fc3a?s=96&d=identicon&r=g\",\"contentUrl\":\"https:\/\/secure.gravatar.com\/avatar\/6c8d4dc7569ca1c90c5fdcc349f839d5ddef6fe1e70b4337ead2ef1a4c43fc3a?s=96&d=identicon&r=g\",\"caption\":\"Reconoce MX\"},\"description\":\"Reconoce MX es un proyecto de difusi\u00f3n art\u00edstica, cultural y de conciencia social que est\u00e1 enfocado a difundir y fomentar el entretenimiento alternativo de calidad para todo el p\u00fablico que comparta el mismo entusiasmo.\",\"sameAs\":[\"http:\/\/www.reconoce.mx\"],\"url\":\"http:\/\/www.reconoce.mx\/?author=2\"}]}<\/script>\n<!-- \/ Yoast SEO plugin. -->","yoast_head_json":{"title":"El Plaza Condesa: Cartelera del 23 de febrero al 01 de marzo &#171; Reconoce MX","robots":{"index":"index","follow":"follow","max-snippet":"max-snippet:-1","max-image-preview":"max-image-preview:large","max-video-preview":"max-video-preview:-1"},"canonical":"https:\/\/www.reconoce.mx\/?p=70531","og_locale":"es_ES","og_type":"article","og_title":"El Plaza Condesa: Cartelera del 23 de febrero al 01 de marzo &#171; Reconoce MX","og_description":"En el mejor \u00e1nimo de que pasen un gran momento, ustedes amantes de la m\u00fasica, les compartimos de manera semanal la cartelera de El Plaza Condesa.","og_url":"https:\/\/www.reconoce.mx\/?p=70531","og_site_name":"Reconoce MX","article_publisher":"https:\/\/es-la.facebook.com\/ReconoceMX\/","article_published_time":"2018-02-23T06:02:42+00:00","og_image":[{"width":570,"height":360,"url":"https:\/\/www.reconoce.mx\/wp-content\/uploads\/2016\/01\/elplaza-condesa.png","type":"image\/png"}],"author":"Reconoce MX","twitter_card":"summary_large_image","twitter_creator":"@reconocemx","twitter_site":"@reconocemx","twitter_misc":{"Escrito por":"Reconoce MX","Tiempo de lectura":"3 minutos"},"schema":{"@context":"https:\/\/schema.org","@graph":[{"@type":"Article","@id":"https:\/\/www.reconoce.mx\/?p=70531#article","isPartOf":{"@id":"https:\/\/www.reconoce.mx\/?p=70531"},"author":{"name":"Reconoce MX","@id":"http:\/\/www.reconoce.mx\/#\/schema\/person\/2117e997d7051dc15d6880eaf9bca0b2"},"headline":"El Plaza Condesa: Cartelera del 23 de febrero al 01 de marzo","datePublished":"2018-02-23T06:02:42+00:00","mainEntityOfPage":{"@id":"https:\/\/www.reconoce.mx\/?p=70531"},"wordCount":656,"commentCount":0,"publisher":{"@id":"http:\/\/www.reconoce.mx\/#organization"},"image":{"@id":"https:\/\/www.reconoce.mx\/?p=70531#primaryimage"},"thumbnailUrl":"http:\/\/www.reconoce.mx\/wp-content\/uploads\/2016\/01\/elplaza-condesa.png","articleSection":["Cultura","M\u00fasica","Principal"],"inLanguage":"es","potentialAction":[{"@type":"CommentAction","name":"Comment","target":["https:\/\/www.reconoce.mx\/?p=70531#respond"]}]},{"@type":"WebPage","@id":"https:\/\/www.reconoce.mx\/?p=70531","url":"https:\/\/www.reconoce.mx\/?p=70531","name":"El Plaza Condesa: Cartelera del 23 de febrero al 01 de marzo &#171; Reconoce MX","isPartOf":{"@id":"http:\/\/www.reconoce.mx\/#website"},"primaryImageOfPage":{"@id":"https:\/\/www.reconoce.mx\/?p=70531#primaryimage"},"image":{"@id":"https:\/\/www.reconoce.mx\/?p=70531#primaryimage"},"thumbnailUrl":"http:\/\/www.reconoce.mx\/wp-content\/uploads\/2016\/01\/elplaza-condesa.png","datePublished":"2018-02-23T06:02:42+00:00","breadcrumb":{"@id":"https:\/\/www.reconoce.mx\/?p=70531#breadcrumb"},"inLanguage":"es","potentialAction":[{"@type":"ReadAction","target":["https:\/\/www.reconoce.mx\/?p=70531"]}]},{"@type":"ImageObject","inLanguage":"es","@id":"https:\/\/www.reconoce.mx\/?p=70531#primaryimage","url":"http:\/\/www.reconoce.mx\/wp-content\/uploads\/2016\/01\/elplaza-condesa.png","contentUrl":"http:\/\/www.reconoce.mx\/wp-content\/uploads\/2016\/01\/elplaza-condesa.png","width":570,"height":360},{"@type":"BreadcrumbList","@id":"https:\/\/www.reconoce.mx\/?p=70531#breadcrumb","itemListElement":[{"@type":"ListItem","position":1,"name":"Portada","item":"http:\/\/www.reconoce.mx\/"},{"@type":"ListItem","position":2,"name":"El Plaza Condesa: Cartelera del 23 de febrero al 01 de marzo"}]},{"@type":"WebSite","@id":"http:\/\/www.reconoce.mx\/#website","url":"http:\/\/www.reconoce.mx\/","name":"Reconoce MX","description":"En Reconoce MX difundimos arte, cultura y conciencia social en M\u00e9xico. Tu ciudad en otra perspectiva.","publisher":{"@id":"http:\/\/www.reconoce.mx\/#organization"},"potentialAction":[{"@type":"SearchAction","target":{"@type":"EntryPoint","urlTemplate":"http:\/\/www.reconoce.mx\/?s={search_term_string}"},"query-input":{"@type":"PropertyValueSpecification","valueRequired":true,"valueName":"search_term_string"}}],"inLanguage":"es"},{"@type":"Organization","@id":"http:\/\/www.reconoce.mx\/#organization","name":"Reconoce MX","url":"http:\/\/www.reconoce.mx\/","logo":{"@type":"ImageObject","inLanguage":"es","@id":"http:\/\/www.reconoce.mx\/#\/schema\/logo\/image\/","url":"https:\/\/www.reconoce.mx\/wp-content\/uploads\/2019\/03\/logorcmx-good-1.png","contentUrl":"https:\/\/www.reconoce.mx\/wp-content\/uploads\/2019\/03\/logorcmx-good-1.png","width":280,"height":90,"caption":"Reconoce MX"},"image":{"@id":"http:\/\/www.reconoce.mx\/#\/schema\/logo\/image\/"},"sameAs":["https:\/\/es-la.facebook.com\/ReconoceMX\/","https:\/\/x.com\/reconocemx","http:\/\/@reconocemx"]},{"@type":"Person","@id":"http:\/\/www.reconoce.mx\/#\/schema\/person\/2117e997d7051dc15d6880eaf9bca0b2","name":"Reconoce MX","image":{"@type":"ImageObject","inLanguage":"es","@id":"http:\/\/www.reconoce.mx\/#\/schema\/person\/image\/","url":"https:\/\/secure.gravatar.com\/avatar\/6c8d4dc7569ca1c90c5fdcc349f839d5ddef6fe1e70b4337ead2ef1a4c43fc3a?s=96&d=identicon&r=g","contentUrl":"https:\/\/secure.gravatar.com\/avatar\/6c8d4dc7569ca1c90c5fdcc349f839d5ddef6fe1e70b4337ead2ef1a4c43fc3a?s=96&d=identicon&r=g","caption":"Reconoce MX"},"description":"Reconoce MX es un proyecto de difusi\u00f3n art\u00edstica, cultural y de conciencia social que est\u00e1 enfocado a difundir y fomentar el entretenimiento alternativo de calidad para todo el p\u00fablico que comparta el mismo entusiasmo.","sameAs":["http:\/\/www.reconoce.mx"],"url":"http:\/\/www.reconoce.mx\/?author=2"}]}},"_links":{"self":[{"href":"http:\/\/www.reconoce.mx\/index.php?rest_route=\/wp\/v2\/posts\/70531","targetHints":{"allow":["GET"]}}],"collection":[{"href":"http:\/\/www.reconoce.mx\/index.php?rest_route=\/wp\/v2\/posts"}],"about":[{"href":"http:\/\/www.reconoce.mx\/index.php?rest_route=\/wp\/v2\/types\/post"}],"author":[{"embeddable":true,"href":"http:\/\/www.reconoce.mx\/index.php?rest_route=\/wp\/v2\/users\/2"}],"replies":[{"embeddable":true,"href":"http:\/\/www.reconoce.mx\/index.php?rest_route=%2Fwp%2Fv2%2Fcomments&post=70531"}],"version-history":[{"count":2,"href":"http:\/\/www.reconoce.mx\/index.php?rest_route=\/wp\/v2\/posts\/70531\/revisions"}],"predecessor-version":[{"id":70535,"href":"http:\/\/www.reconoce.mx\/index.php?rest_route=\/wp\/v2\/posts\/70531\/revisions\/70535"}],"wp:featuredmedia":[{"embeddable":true,"href":"http:\/\/www.reconoce.mx\/index.php?rest_route=\/wp\/v2\/media\/43737"}],"wp:attachment":[{"href":"http:\/\/www.reconoce.mx\/index.php?rest_route=%2Fwp%2Fv2%2Fmedia&parent=70531"}],"wp:term":[{"taxonomy":"category","embeddable":true,"href":"http:\/\/www.reconoce.mx\/index.php?rest_route=%2Fwp%2Fv2%2Fcategories&post=70531"},{"taxonomy":"post_tag","embeddable":true,"href":"http:\/\/www.reconoce.mx\/index.php?rest_route=%2Fwp%2Fv2%2Ftags&post=70531"}],"curies":[{"name":"wp","href":"https:\/\/api.w.org\/{rel}","templated":true}]}}