{"id":70536,"date":"2018-02-23T00:01:14","date_gmt":"2018-02-23T06:01:14","guid":{"rendered":"http:\/\/www.reconoce.mx\/?p=70536"},"modified":"2018-02-22T23:00:38","modified_gmt":"2018-02-23T05:00:38","slug":"lunario-cartelera-del-23-de-febrero-al-01-de-marzo","status":"publish","type":"post","link":"http:\/\/www.reconoce.mx\/?p=70536","title":{"rendered":"Lunario: Cartelera del 23 de febrero al 01 de marzo"},"content":{"rendered":"<p><strong>Por <a title=\"@AsfaltosTweets\" href=\"http:\/\/twitter.com\/AsfaltosTweets\" target=\"_blank\" rel=\"noopener noreferrer\">Asfaltos<\/a><\/strong>.<\/p>\n<p>Al caer la noche, en una ubicaci\u00f3n inmejorable como es Paseo de la Reforma, en el coraz\u00f3n del Bosque de Chapultepec, el foro alternativo del <strong>Auditorio Nacional<\/strong>, el <strong>Lunario<\/strong>, se convierte en un espacio \u00edntimo y confortable donde innumerables artistas, grupos, solistas, ensambles y compa\u00f1\u00edas de prestigio nacional e internacional, deleitan a los muy diversos p\u00fablicos que se permiten disfrutar de sus noches.<\/p>\n<p>Disfruta de la variopinta cartelera del <strong>Lunario del Auditorio Nacional<\/strong>, un sitio donde lo sentidos son atendidos sin reserva y s\u00ed con mucha calidez.<\/p>\n<h1>Ana Victoria <em>Reina de mi mundo<\/em><\/h1>\n<p>\/\/ febrero 24; s\u00e1bado; 19:00h<br \/>\n\/\/ precios: de $300 a $700<\/p>\n<p><a href=\"http:\/\/www.reconoce.mx\/wp-content\/uploads\/2018\/02\/ana-victoria.jpg\"><img loading=\"lazy\" decoding=\"async\" class=\"aligncenter size-full wp-image-70538\" src=\"http:\/\/www.reconoce.mx\/wp-content\/uploads\/2018\/02\/ana-victoria.jpg\" alt=\"\" width=\"1702\" height=\"630\" srcset=\"http:\/\/www.reconoce.mx\/wp-content\/uploads\/2018\/02\/ana-victoria.jpg 1702w, http:\/\/www.reconoce.mx\/wp-content\/uploads\/2018\/02\/ana-victoria-300x111.jpg 300w, http:\/\/www.reconoce.mx\/wp-content\/uploads\/2018\/02\/ana-victoria-768x284.jpg 768w, http:\/\/www.reconoce.mx\/wp-content\/uploads\/2018\/02\/ana-victoria-1024x379.jpg 1024w, http:\/\/www.reconoce.mx\/wp-content\/uploads\/2018\/02\/ana-victoria-150x56.jpg 150w, http:\/\/www.reconoce.mx\/wp-content\/uploads\/2018\/02\/ana-victoria-700x259.jpg 700w, http:\/\/www.reconoce.mx\/wp-content\/uploads\/2018\/02\/ana-victoria-658x244.jpg 658w\" sizes=\"auto, (max-width: 1702px) 100vw, 1702px\" \/><\/a><\/p>\n<p>La cantante y compositora <strong>Ana Victoria<\/strong> regresa al <strong>Lunario<\/strong> luego de 10 a\u00f1os de ausencia, para presentar su nuevo \u00e1lbum \u00abReina de mi mundo\u00bb, el cuarto \u00e1lbum de estudio en su carrera, y celebrar una d\u00e9cada de trayectoria art\u00edstica. Su debut en este foro ocurri\u00f3 en 2008 y dio origen a su CD y DVD \u00abAna Victoria en vivo\u00bb (2009). Tres a\u00f1os despu\u00e9s lanz\u00f3 su producci\u00f3n \u00abAV\u00bb, con la que logr\u00f3 una nominaci\u00f3n al <strong>Grammy Latino<\/strong> en la categor\u00eda de \u00abMejor nuevo artista\u00bb. Con su disco \u00abColor Amor\u00bb (2013) rindi\u00f3 homenaje a grandes personajes de la m\u00fasica latina, entre ellos Juan Gabriel, Marco Antonio Sol\u00eds, \u00c1lvaro Carrillo, Julio Iglesias, Ricardo Montaner, Enanitos Verdes, Jos\u00e9 Jos\u00e9, Sandro de Am\u00e9rica, Espinoza Paz, e incluy\u00f3 dos temas en ingl\u00e9s, uno de Lenny Kravitz y otro de Michael Jackson, as\u00ed como un bonus track del tema \u00abMi buen coraz\u00f3n\u00bb, que hiciera famoso su mam\u00e1, Amanda Miguel. Adicional a su carrera como cantautora, <strong>Ana Victoria<\/strong> protagoniz\u00f3 en 2014 el musical \u00abGodspell\u00bb.<\/p>\n<h1><em>Cabaret Lunario<\/em> presenta Luc\u00eda M\u00e9ndez<\/h1>\n<p>\/\/ febrero 24; s\u00e1bado; 22:30h<br \/>\n\/\/ precios: de $550 a $1,600<\/p>\n<p><a href=\"http:\/\/www.reconoce.mx\/wp-content\/uploads\/2018\/02\/27459000_1449420198492965_3645538195518458052_n.jpg\"><img loading=\"lazy\" decoding=\"async\" class=\"aligncenter size-full wp-image-70537\" src=\"http:\/\/www.reconoce.mx\/wp-content\/uploads\/2018\/02\/27459000_1449420198492965_3645538195518458052_n.jpg\" alt=\"\" width=\"960\" height=\"960\" srcset=\"http:\/\/www.reconoce.mx\/wp-content\/uploads\/2018\/02\/27459000_1449420198492965_3645538195518458052_n.jpg 960w, http:\/\/www.reconoce.mx\/wp-content\/uploads\/2018\/02\/27459000_1449420198492965_3645538195518458052_n-150x150.jpg 150w, http:\/\/www.reconoce.mx\/wp-content\/uploads\/2018\/02\/27459000_1449420198492965_3645538195518458052_n-300x300.jpg 300w, http:\/\/www.reconoce.mx\/wp-content\/uploads\/2018\/02\/27459000_1449420198492965_3645538195518458052_n-768x768.jpg 768w, http:\/\/www.reconoce.mx\/wp-content\/uploads\/2018\/02\/27459000_1449420198492965_3645538195518458052_n-65x65.jpg 65w, http:\/\/www.reconoce.mx\/wp-content\/uploads\/2018\/02\/27459000_1449420198492965_3645538195518458052_n-700x700.jpg 700w, http:\/\/www.reconoce.mx\/wp-content\/uploads\/2018\/02\/27459000_1449420198492965_3645538195518458052_n-658x658.jpg 658w\" sizes=\"auto, (max-width: 960px) 100vw, 960px\" \/><\/a><\/p>\n<p>Una de las artistas m\u00e1s conocidas en M\u00e9xico, <strong>Luc\u00eda M\u00e9ndez<\/strong>, llegar\u00e1 por segunda vez al <strong>Cabaret Lunario<\/strong> para presentar sus \u00e9xitos en una noche \u00edntima con su p\u00fablico que la ha acompa\u00f1ado por muchos a\u00f1os. Temas como \u00abEnamorada\u00bb, \u00abMi amor amor\u00bb, \u00abUn alma en pena\u00bb no faltar\u00e1n en esta velada inolvidable. <strong>Luc\u00eda M\u00e9ndez<\/strong> inici\u00f3 su carrera en la d\u00e9cada de los 70 como actriz de teatro y televisi\u00f3n, fue hasta 1981 que lanz\u00f3 su primer disco \u00abCerca de ti\u00bb, bajo la producci\u00f3n de Camilo Sesto. Con el tiempo, coloc\u00f3 entre las canciones m\u00e1s populares temas como \u00abCoraz\u00f3n de piedra\u00bb y \u00abDon coraz\u00f3n\u00bb. Su m\u00e1s reciente \u00e1lbum <strong>Luc\u00eda M\u00e9ndez<\/strong>. En escena, sali\u00f3 a la venta este 2017 y es una recopilaci\u00f3n de \u00e9xitos en versiones cantadas en vivo.<\/p>\n<p>Boletos a la venta en taquilla y a trav\u00e9s del <a href=\"http:\/\/www.ticketmaster.com.mx\/Lunario-Del-Auditorio-Nacional-boletos-Mexico\/venue\/164051\" target=\"_blank\" rel=\"noopener noreferrer\">Sistema Ticketmaster<\/a>. <strong>Lunario<\/strong> se encuentra ubicado en Paseo de la Reforma #50, Polanco V Secc, Miguel Hidalgo, Ciudad de M\u00e9xico.<\/p>\n<p>&nbsp;<\/p>\n<p>&nbsp;<\/p>\n","protected":false},"excerpt":{"rendered":"<p>Disfruta de la variopinta cartelera del Lunario del Auditorio Nacional, un sitio donde lo sentidos son atendidos sin reserva y s\u00ed con mucha calidez.<\/p>\n","protected":false},"author":2,"featured_media":53154,"comment_status":"open","ping_status":"open","sticky":false,"template":"","format":"standard","meta":{"footnotes":""},"categories":[1,18,17],"tags":[],"class_list":["post-70536","post","type-post","status-publish","format-standard","has-post-thumbnail","hentry","category-cultura","category-musica","category-principal"],"yoast_head":"<!-- This site is optimized with the Yoast SEO plugin v24.7 - https:\/\/yoast.com\/wordpress\/plugins\/seo\/ -->\n<title>Lunario: Cartelera del 23 de febrero al 01 de marzo &#171; Reconoce MX<\/title>\n<meta name=\"robots\" content=\"index, follow, max-snippet:-1, max-image-preview:large, max-video-preview:-1\" \/>\n<link rel=\"canonical\" href=\"https:\/\/www.reconoce.mx\/?p=70536\" \/>\n<meta property=\"og:locale\" content=\"es_ES\" \/>\n<meta property=\"og:type\" content=\"article\" \/>\n<meta property=\"og:title\" content=\"Lunario: Cartelera del 23 de febrero al 01 de marzo &#171; Reconoce MX\" \/>\n<meta property=\"og:description\" content=\"Disfruta de la variopinta cartelera del Lunario del Auditorio Nacional, un sitio donde lo sentidos son atendidos sin reserva y s\u00ed con mucha calidez.\" \/>\n<meta property=\"og:url\" content=\"https:\/\/www.reconoce.mx\/?p=70536\" \/>\n<meta property=\"og:site_name\" content=\"Reconoce MX\" \/>\n<meta property=\"article:publisher\" content=\"https:\/\/es-la.facebook.com\/ReconoceMX\/\" \/>\n<meta property=\"article:published_time\" content=\"2018-02-23T06:01:14+00:00\" \/>\n<meta property=\"og:image\" content=\"https:\/\/www.reconoce.mx\/wp-content\/uploads\/2016\/10\/lunario.cover2_.png\" \/>\n\t<meta property=\"og:image:width\" content=\"590\" \/>\n\t<meta property=\"og:image:height\" content=\"380\" \/>\n\t<meta property=\"og:image:type\" content=\"image\/png\" \/>\n<meta name=\"author\" content=\"Reconoce MX\" \/>\n<meta name=\"twitter:card\" content=\"summary_large_image\" \/>\n<meta name=\"twitter:creator\" content=\"@reconocemx\" \/>\n<meta name=\"twitter:site\" content=\"@reconocemx\" \/>\n<meta name=\"twitter:label1\" content=\"Escrito por\" \/>\n\t<meta name=\"twitter:data1\" content=\"Reconoce MX\" \/>\n\t<meta name=\"twitter:label2\" content=\"Tiempo de lectura\" \/>\n\t<meta name=\"twitter:data2\" content=\"2 minutos\" \/>\n<script type=\"application\/ld+json\" class=\"yoast-schema-graph\">{\"@context\":\"https:\/\/schema.org\",\"@graph\":[{\"@type\":\"Article\",\"@id\":\"https:\/\/www.reconoce.mx\/?p=70536#article\",\"isPartOf\":{\"@id\":\"https:\/\/www.reconoce.mx\/?p=70536\"},\"author\":{\"name\":\"Reconoce MX\",\"@id\":\"http:\/\/www.reconoce.mx\/#\/schema\/person\/2117e997d7051dc15d6880eaf9bca0b2\"},\"headline\":\"Lunario: Cartelera del 23 de febrero al 01 de marzo\",\"datePublished\":\"2018-02-23T06:01:14+00:00\",\"mainEntityOfPage\":{\"@id\":\"https:\/\/www.reconoce.mx\/?p=70536\"},\"wordCount\":479,\"commentCount\":0,\"publisher\":{\"@id\":\"http:\/\/www.reconoce.mx\/#organization\"},\"image\":{\"@id\":\"https:\/\/www.reconoce.mx\/?p=70536#primaryimage\"},\"thumbnailUrl\":\"http:\/\/www.reconoce.mx\/wp-content\/uploads\/2016\/10\/lunario.cover2_.png\",\"articleSection\":[\"Cultura\",\"M\u00fasica\",\"Principal\"],\"inLanguage\":\"es\",\"potentialAction\":[{\"@type\":\"CommentAction\",\"name\":\"Comment\",\"target\":[\"https:\/\/www.reconoce.mx\/?p=70536#respond\"]}]},{\"@type\":\"WebPage\",\"@id\":\"https:\/\/www.reconoce.mx\/?p=70536\",\"url\":\"https:\/\/www.reconoce.mx\/?p=70536\",\"name\":\"Lunario: Cartelera del 23 de febrero al 01 de marzo &#171; Reconoce MX\",\"isPartOf\":{\"@id\":\"http:\/\/www.reconoce.mx\/#website\"},\"primaryImageOfPage\":{\"@id\":\"https:\/\/www.reconoce.mx\/?p=70536#primaryimage\"},\"image\":{\"@id\":\"https:\/\/www.reconoce.mx\/?p=70536#primaryimage\"},\"thumbnailUrl\":\"http:\/\/www.reconoce.mx\/wp-content\/uploads\/2016\/10\/lunario.cover2_.png\",\"datePublished\":\"2018-02-23T06:01:14+00:00\",\"breadcrumb\":{\"@id\":\"https:\/\/www.reconoce.mx\/?p=70536#breadcrumb\"},\"inLanguage\":\"es\",\"potentialAction\":[{\"@type\":\"ReadAction\",\"target\":[\"https:\/\/www.reconoce.mx\/?p=70536\"]}]},{\"@type\":\"ImageObject\",\"inLanguage\":\"es\",\"@id\":\"https:\/\/www.reconoce.mx\/?p=70536#primaryimage\",\"url\":\"http:\/\/www.reconoce.mx\/wp-content\/uploads\/2016\/10\/lunario.cover2_.png\",\"contentUrl\":\"http:\/\/www.reconoce.mx\/wp-content\/uploads\/2016\/10\/lunario.cover2_.png\",\"width\":590,\"height\":380},{\"@type\":\"BreadcrumbList\",\"@id\":\"https:\/\/www.reconoce.mx\/?p=70536#breadcrumb\",\"itemListElement\":[{\"@type\":\"ListItem\",\"position\":1,\"name\":\"Portada\",\"item\":\"http:\/\/www.reconoce.mx\/\"},{\"@type\":\"ListItem\",\"position\":2,\"name\":\"Lunario: Cartelera del 23 de febrero al 01 de marzo\"}]},{\"@type\":\"WebSite\",\"@id\":\"http:\/\/www.reconoce.mx\/#website\",\"url\":\"http:\/\/www.reconoce.mx\/\",\"name\":\"Reconoce MX\",\"description\":\"En Reconoce MX difundimos arte, cultura y conciencia social en M\u00e9xico. Tu ciudad en otra perspectiva.\",\"publisher\":{\"@id\":\"http:\/\/www.reconoce.mx\/#organization\"},\"potentialAction\":[{\"@type\":\"SearchAction\",\"target\":{\"@type\":\"EntryPoint\",\"urlTemplate\":\"http:\/\/www.reconoce.mx\/?s={search_term_string}\"},\"query-input\":{\"@type\":\"PropertyValueSpecification\",\"valueRequired\":true,\"valueName\":\"search_term_string\"}}],\"inLanguage\":\"es\"},{\"@type\":\"Organization\",\"@id\":\"http:\/\/www.reconoce.mx\/#organization\",\"name\":\"Reconoce MX\",\"url\":\"http:\/\/www.reconoce.mx\/\",\"logo\":{\"@type\":\"ImageObject\",\"inLanguage\":\"es\",\"@id\":\"http:\/\/www.reconoce.mx\/#\/schema\/logo\/image\/\",\"url\":\"https:\/\/www.reconoce.mx\/wp-content\/uploads\/2019\/03\/logorcmx-good-1.png\",\"contentUrl\":\"https:\/\/www.reconoce.mx\/wp-content\/uploads\/2019\/03\/logorcmx-good-1.png\",\"width\":280,\"height\":90,\"caption\":\"Reconoce MX\"},\"image\":{\"@id\":\"http:\/\/www.reconoce.mx\/#\/schema\/logo\/image\/\"},\"sameAs\":[\"https:\/\/es-la.facebook.com\/ReconoceMX\/\",\"https:\/\/x.com\/reconocemx\",\"http:\/\/@reconocemx\"]},{\"@type\":\"Person\",\"@id\":\"http:\/\/www.reconoce.mx\/#\/schema\/person\/2117e997d7051dc15d6880eaf9bca0b2\",\"name\":\"Reconoce MX\",\"image\":{\"@type\":\"ImageObject\",\"inLanguage\":\"es\",\"@id\":\"http:\/\/www.reconoce.mx\/#\/schema\/person\/image\/\",\"url\":\"https:\/\/secure.gravatar.com\/avatar\/6c8d4dc7569ca1c90c5fdcc349f839d5ddef6fe1e70b4337ead2ef1a4c43fc3a?s=96&d=identicon&r=g\",\"contentUrl\":\"https:\/\/secure.gravatar.com\/avatar\/6c8d4dc7569ca1c90c5fdcc349f839d5ddef6fe1e70b4337ead2ef1a4c43fc3a?s=96&d=identicon&r=g\",\"caption\":\"Reconoce MX\"},\"description\":\"Reconoce MX es un proyecto de difusi\u00f3n art\u00edstica, cultural y de conciencia social que est\u00e1 enfocado a difundir y fomentar el entretenimiento alternativo de calidad para todo el p\u00fablico que comparta el mismo entusiasmo.\",\"sameAs\":[\"http:\/\/www.reconoce.mx\"],\"url\":\"http:\/\/www.reconoce.mx\/?author=2\"}]}<\/script>\n<!-- \/ Yoast SEO plugin. -->","yoast_head_json":{"title":"Lunario: Cartelera del 23 de febrero al 01 de marzo &#171; Reconoce MX","robots":{"index":"index","follow":"follow","max-snippet":"max-snippet:-1","max-image-preview":"max-image-preview:large","max-video-preview":"max-video-preview:-1"},"canonical":"https:\/\/www.reconoce.mx\/?p=70536","og_locale":"es_ES","og_type":"article","og_title":"Lunario: Cartelera del 23 de febrero al 01 de marzo &#171; Reconoce MX","og_description":"Disfruta de la variopinta cartelera del Lunario del Auditorio Nacional, un sitio donde lo sentidos son atendidos sin reserva y s\u00ed con mucha calidez.","og_url":"https:\/\/www.reconoce.mx\/?p=70536","og_site_name":"Reconoce MX","article_publisher":"https:\/\/es-la.facebook.com\/ReconoceMX\/","article_published_time":"2018-02-23T06:01:14+00:00","og_image":[{"width":590,"height":380,"url":"https:\/\/www.reconoce.mx\/wp-content\/uploads\/2016\/10\/lunario.cover2_.png","type":"image\/png"}],"author":"Reconoce MX","twitter_card":"summary_large_image","twitter_creator":"@reconocemx","twitter_site":"@reconocemx","twitter_misc":{"Escrito por":"Reconoce MX","Tiempo de lectura":"2 minutos"},"schema":{"@context":"https:\/\/schema.org","@graph":[{"@type":"Article","@id":"https:\/\/www.reconoce.mx\/?p=70536#article","isPartOf":{"@id":"https:\/\/www.reconoce.mx\/?p=70536"},"author":{"name":"Reconoce MX","@id":"http:\/\/www.reconoce.mx\/#\/schema\/person\/2117e997d7051dc15d6880eaf9bca0b2"},"headline":"Lunario: Cartelera del 23 de febrero al 01 de marzo","datePublished":"2018-02-23T06:01:14+00:00","mainEntityOfPage":{"@id":"https:\/\/www.reconoce.mx\/?p=70536"},"wordCount":479,"commentCount":0,"publisher":{"@id":"http:\/\/www.reconoce.mx\/#organization"},"image":{"@id":"https:\/\/www.reconoce.mx\/?p=70536#primaryimage"},"thumbnailUrl":"http:\/\/www.reconoce.mx\/wp-content\/uploads\/2016\/10\/lunario.cover2_.png","articleSection":["Cultura","M\u00fasica","Principal"],"inLanguage":"es","potentialAction":[{"@type":"CommentAction","name":"Comment","target":["https:\/\/www.reconoce.mx\/?p=70536#respond"]}]},{"@type":"WebPage","@id":"https:\/\/www.reconoce.mx\/?p=70536","url":"https:\/\/www.reconoce.mx\/?p=70536","name":"Lunario: Cartelera del 23 de febrero al 01 de marzo &#171; Reconoce MX","isPartOf":{"@id":"http:\/\/www.reconoce.mx\/#website"},"primaryImageOfPage":{"@id":"https:\/\/www.reconoce.mx\/?p=70536#primaryimage"},"image":{"@id":"https:\/\/www.reconoce.mx\/?p=70536#primaryimage"},"thumbnailUrl":"http:\/\/www.reconoce.mx\/wp-content\/uploads\/2016\/10\/lunario.cover2_.png","datePublished":"2018-02-23T06:01:14+00:00","breadcrumb":{"@id":"https:\/\/www.reconoce.mx\/?p=70536#breadcrumb"},"inLanguage":"es","potentialAction":[{"@type":"ReadAction","target":["https:\/\/www.reconoce.mx\/?p=70536"]}]},{"@type":"ImageObject","inLanguage":"es","@id":"https:\/\/www.reconoce.mx\/?p=70536#primaryimage","url":"http:\/\/www.reconoce.mx\/wp-content\/uploads\/2016\/10\/lunario.cover2_.png","contentUrl":"http:\/\/www.reconoce.mx\/wp-content\/uploads\/2016\/10\/lunario.cover2_.png","width":590,"height":380},{"@type":"BreadcrumbList","@id":"https:\/\/www.reconoce.mx\/?p=70536#breadcrumb","itemListElement":[{"@type":"ListItem","position":1,"name":"Portada","item":"http:\/\/www.reconoce.mx\/"},{"@type":"ListItem","position":2,"name":"Lunario: Cartelera del 23 de febrero al 01 de marzo"}]},{"@type":"WebSite","@id":"http:\/\/www.reconoce.mx\/#website","url":"http:\/\/www.reconoce.mx\/","name":"Reconoce MX","description":"En Reconoce MX difundimos arte, cultura y conciencia social en M\u00e9xico. Tu ciudad en otra perspectiva.","publisher":{"@id":"http:\/\/www.reconoce.mx\/#organization"},"potentialAction":[{"@type":"SearchAction","target":{"@type":"EntryPoint","urlTemplate":"http:\/\/www.reconoce.mx\/?s={search_term_string}"},"query-input":{"@type":"PropertyValueSpecification","valueRequired":true,"valueName":"search_term_string"}}],"inLanguage":"es"},{"@type":"Organization","@id":"http:\/\/www.reconoce.mx\/#organization","name":"Reconoce MX","url":"http:\/\/www.reconoce.mx\/","logo":{"@type":"ImageObject","inLanguage":"es","@id":"http:\/\/www.reconoce.mx\/#\/schema\/logo\/image\/","url":"https:\/\/www.reconoce.mx\/wp-content\/uploads\/2019\/03\/logorcmx-good-1.png","contentUrl":"https:\/\/www.reconoce.mx\/wp-content\/uploads\/2019\/03\/logorcmx-good-1.png","width":280,"height":90,"caption":"Reconoce MX"},"image":{"@id":"http:\/\/www.reconoce.mx\/#\/schema\/logo\/image\/"},"sameAs":["https:\/\/es-la.facebook.com\/ReconoceMX\/","https:\/\/x.com\/reconocemx","http:\/\/@reconocemx"]},{"@type":"Person","@id":"http:\/\/www.reconoce.mx\/#\/schema\/person\/2117e997d7051dc15d6880eaf9bca0b2","name":"Reconoce MX","image":{"@type":"ImageObject","inLanguage":"es","@id":"http:\/\/www.reconoce.mx\/#\/schema\/person\/image\/","url":"https:\/\/secure.gravatar.com\/avatar\/6c8d4dc7569ca1c90c5fdcc349f839d5ddef6fe1e70b4337ead2ef1a4c43fc3a?s=96&d=identicon&r=g","contentUrl":"https:\/\/secure.gravatar.com\/avatar\/6c8d4dc7569ca1c90c5fdcc349f839d5ddef6fe1e70b4337ead2ef1a4c43fc3a?s=96&d=identicon&r=g","caption":"Reconoce MX"},"description":"Reconoce MX es un proyecto de difusi\u00f3n art\u00edstica, cultural y de conciencia social que est\u00e1 enfocado a difundir y fomentar el entretenimiento alternativo de calidad para todo el p\u00fablico que comparta el mismo entusiasmo.","sameAs":["http:\/\/www.reconoce.mx"],"url":"http:\/\/www.reconoce.mx\/?author=2"}]}},"_links":{"self":[{"href":"http:\/\/www.reconoce.mx\/index.php?rest_route=\/wp\/v2\/posts\/70536","targetHints":{"allow":["GET"]}}],"collection":[{"href":"http:\/\/www.reconoce.mx\/index.php?rest_route=\/wp\/v2\/posts"}],"about":[{"href":"http:\/\/www.reconoce.mx\/index.php?rest_route=\/wp\/v2\/types\/post"}],"author":[{"embeddable":true,"href":"http:\/\/www.reconoce.mx\/index.php?rest_route=\/wp\/v2\/users\/2"}],"replies":[{"embeddable":true,"href":"http:\/\/www.reconoce.mx\/index.php?rest_route=%2Fwp%2Fv2%2Fcomments&post=70536"}],"version-history":[{"count":1,"href":"http:\/\/www.reconoce.mx\/index.php?rest_route=\/wp\/v2\/posts\/70536\/revisions"}],"predecessor-version":[{"id":70539,"href":"http:\/\/www.reconoce.mx\/index.php?rest_route=\/wp\/v2\/posts\/70536\/revisions\/70539"}],"wp:featuredmedia":[{"embeddable":true,"href":"http:\/\/www.reconoce.mx\/index.php?rest_route=\/wp\/v2\/media\/53154"}],"wp:attachment":[{"href":"http:\/\/www.reconoce.mx\/index.php?rest_route=%2Fwp%2Fv2%2Fmedia&parent=70536"}],"wp:term":[{"taxonomy":"category","embeddable":true,"href":"http:\/\/www.reconoce.mx\/index.php?rest_route=%2Fwp%2Fv2%2Fcategories&post=70536"},{"taxonomy":"post_tag","embeddable":true,"href":"http:\/\/www.reconoce.mx\/index.php?rest_route=%2Fwp%2Fv2%2Ftags&post=70536"}],"curies":[{"name":"wp","href":"https:\/\/api.w.org\/{rel}","templated":true}]}}