{"id":70540,"date":"2018-02-22T00:01:19","date_gmt":"2018-02-22T06:01:19","guid":{"rendered":"http:\/\/www.reconoce.mx\/?p=70540"},"modified":"2018-02-22T20:32:34","modified_gmt":"2018-02-23T02:32:34","slug":"caifanes-celebrara-30-anos-de-carrera-en-auditorio-nacional","status":"publish","type":"post","link":"http:\/\/www.reconoce.mx\/?p=70540","title":{"rendered":"Caifanes celebrar\u00e1 30 a\u00f1os de carrera en Auditorio Nacional"},"content":{"rendered":"<p><strong> Por <a title=\"@AsfaltosTweets\" href=\"http:\/\/twitter.com\/AsfaltosTweets\" target=\"_blank\" rel=\"noopener noreferrer\" data-slimstat-type=\"0\" data-slimstat-callback=\"false\" data-slimstat-tracking=\"true\">Asfaltos<\/a><\/strong>.<\/p>\n<p>De festejo, todav\u00eda celebrando sus 30 a\u00f1os de carrera, los emblem\u00e1ticos <strong>Caifanes<\/strong> regresar\u00e1n a Ciudad de M\u00e9xico para brindar una noche m\u00e1s que promete ser inolvidable. No importa que desde su reencuentro en 2011 hayan reunido m\u00e1s de cinco millones de seguidores; <strong>Caifanes<\/strong> siguen estando vigentes y contin\u00faan atrayendo fan\u00e1ticos. El <strong>Auditorio Nacional<\/strong> ser\u00e1 la sede de tan esperado encuentro.<\/p>\n<p><a href=\"http:\/\/www.reconoce.mx\/wp-content\/uploads\/2018\/02\/flyer-caifanes-auditorio-nacional.jpg\"><img loading=\"lazy\" decoding=\"async\" class=\"aligncenter size-full wp-image-70542\" src=\"http:\/\/www.reconoce.mx\/wp-content\/uploads\/2018\/02\/flyer-caifanes-auditorio-nacional.jpg\" alt=\"\" width=\"788\" height=\"1280\" srcset=\"http:\/\/www.reconoce.mx\/wp-content\/uploads\/2018\/02\/flyer-caifanes-auditorio-nacional.jpg 788w, http:\/\/www.reconoce.mx\/wp-content\/uploads\/2018\/02\/flyer-caifanes-auditorio-nacional-185x300.jpg 185w, http:\/\/www.reconoce.mx\/wp-content\/uploads\/2018\/02\/flyer-caifanes-auditorio-nacional-768x1248.jpg 768w, http:\/\/www.reconoce.mx\/wp-content\/uploads\/2018\/02\/flyer-caifanes-auditorio-nacional-630x1024.jpg 630w, http:\/\/www.reconoce.mx\/wp-content\/uploads\/2018\/02\/flyer-caifanes-auditorio-nacional-150x244.jpg 150w, http:\/\/www.reconoce.mx\/wp-content\/uploads\/2018\/02\/flyer-caifanes-auditorio-nacional-700x1137.jpg 700w, http:\/\/www.reconoce.mx\/wp-content\/uploads\/2018\/02\/flyer-caifanes-auditorio-nacional-658x1069.jpg 658w, http:\/\/www.reconoce.mx\/wp-content\/uploads\/2018\/02\/flyer-caifanes-auditorio-nacional-300x487.jpg 300w\" sizes=\"auto, (max-width: 788px) 100vw, 788px\" \/><\/a><\/p>\n<p>La fecha que hay que marcar ya en los calendarios es la del jueves 14 de junio, en la que <strong>Caifanes<\/strong> se presentar\u00e1 en el <strong>Auditorio Nacional<\/strong>. La emblem\u00e1tica banda del rock nacional y latinoamericano, soundtrack de varias generaciones, nos volver\u00e1 a emocionar con cl\u00e1sicos de la talla de \u00abM\u00e1tenme porque me muero\u00bb, \u00abViento\u00bb, \u00abLa c\u00e9lula que explota\u00bb, \u00abDetr\u00e1s de ti\u00bb, \u00abLos dioses ocultos\u00bb, \u00abNubes\u00bb, \u00abNo dejes que\u00bb, \u00abAyer me dijo un ave\u00bb, \u00abAntes de que nos olviden\u00bb, entre otros muchos m\u00e1s.<\/p>\n<p>Fue en 2017 cuando <strong>Caifanes<\/strong> cumplieron 3 d\u00e9cadas de existencia; con una serie de conciertos en M\u00e9xico, y tambi\u00e9n en Estados Unidos, celebraron en grande. Para 2018, adem\u00e1s de su visita a Ciudad de M\u00e9xico, se har\u00e1n presentes en San Diego, Santa Ana, Ciudad Obreg\u00f3n, Las Vegas, Veracruz, Dallas, Mc Allen, Houston, Canc\u00fan, Torre\u00f3n, Guadalajara, Monterrey, Chihuahua y Hermosillo. \u00a1Atentos!<\/p>\n<p>\u00bfD\u00f3nde, cu\u00e1ndo y de a c\u00f3mo? El jueves 14 de junio en el <strong>Auditorio Nacional<\/strong>. Boletos en preventa <strong>Citibanamex<\/strong> y 22 y ma\u00f1ana 23 de febrero. Venta al p\u00fablico en general a partir del s\u00e1bado 24 de febrero en taquillas del inmueble y a trav\u00e9s del Sistema Ticketamster.<\/p>\n<p style=\"text-align: right;\">Con informaci\u00f3n e im\u00e1genes cortes\u00eda de <strong>OCESA<\/strong>.<\/p>\n<p>&nbsp;<\/p>\n<p>&nbsp;<\/p>\n","protected":false},"excerpt":{"rendered":"<p>De festejo, todav\u00eda celebrando sus 30 a\u00f1os de carrera, los emblem\u00e1ticos Caifanes regresar\u00e1n a Ciudad de M\u00e9xico para brindar una noche m\u00e1s que promete ser inolvidable.<\/p>\n","protected":false},"author":2,"featured_media":70541,"comment_status":"open","ping_status":"open","sticky":false,"template":"","format":"standard","meta":{"footnotes":""},"categories":[1,18,17],"tags":[],"class_list":["post-70540","post","type-post","status-publish","format-standard","has-post-thumbnail","hentry","category-cultura","category-musica","category-principal"],"yoast_head":"<!-- This site is optimized with the Yoast SEO plugin v24.7 - https:\/\/yoast.com\/wordpress\/plugins\/seo\/ -->\n<title>Caifanes celebrar\u00e1 30 a\u00f1os de carrera en Auditorio Nacional &#171; Reconoce MX<\/title>\n<meta name=\"robots\" content=\"index, follow, max-snippet:-1, max-image-preview:large, max-video-preview:-1\" \/>\n<link rel=\"canonical\" href=\"http:\/\/www.reconoce.mx\/?p=70540\" \/>\n<meta property=\"og:locale\" content=\"es_ES\" \/>\n<meta property=\"og:type\" content=\"article\" \/>\n<meta property=\"og:title\" content=\"Caifanes celebrar\u00e1 30 a\u00f1os de carrera en Auditorio Nacional &#171; Reconoce MX\" \/>\n<meta property=\"og:description\" content=\"De festejo, todav\u00eda celebrando sus 30 a\u00f1os de carrera, los emblem\u00e1ticos Caifanes regresar\u00e1n a Ciudad de M\u00e9xico para brindar una noche m\u00e1s que promete ser inolvidable.\" \/>\n<meta property=\"og:url\" content=\"http:\/\/www.reconoce.mx\/?p=70540\" \/>\n<meta property=\"og:site_name\" content=\"Reconoce MX\" \/>\n<meta property=\"article:publisher\" content=\"https:\/\/es-la.facebook.com\/ReconoceMX\/\" \/>\n<meta property=\"article:published_time\" content=\"2018-02-22T06:01:19+00:00\" \/>\n<meta property=\"article:modified_time\" content=\"2018-02-23T02:32:34+00:00\" \/>\n<meta property=\"og:image\" content=\"http:\/\/www.reconoce.mx\/wp-content\/uploads\/2018\/02\/caifanes-cover.jpg\" \/>\n\t<meta property=\"og:image:width\" content=\"590\" \/>\n\t<meta property=\"og:image:height\" content=\"380\" \/>\n\t<meta property=\"og:image:type\" content=\"image\/jpeg\" \/>\n<meta name=\"author\" content=\"Reconoce MX\" \/>\n<meta name=\"twitter:card\" content=\"summary_large_image\" \/>\n<meta name=\"twitter:creator\" content=\"@reconocemx\" \/>\n<meta name=\"twitter:site\" content=\"@reconocemx\" \/>\n<meta name=\"twitter:label1\" content=\"Escrito por\" \/>\n\t<meta name=\"twitter:data1\" content=\"Reconoce MX\" \/>\n\t<meta name=\"twitter:label2\" content=\"Tiempo de lectura\" \/>\n\t<meta name=\"twitter:data2\" content=\"1 minuto\" \/>\n<script type=\"application\/ld+json\" class=\"yoast-schema-graph\">{\"@context\":\"https:\/\/schema.org\",\"@graph\":[{\"@type\":\"Article\",\"@id\":\"http:\/\/www.reconoce.mx\/?p=70540#article\",\"isPartOf\":{\"@id\":\"http:\/\/www.reconoce.mx\/?p=70540\"},\"author\":{\"name\":\"Reconoce MX\",\"@id\":\"http:\/\/www.reconoce.mx\/#\/schema\/person\/2117e997d7051dc15d6880eaf9bca0b2\"},\"headline\":\"Caifanes celebrar\u00e1 30 a\u00f1os de carrera en Auditorio Nacional\",\"datePublished\":\"2018-02-22T06:01:19+00:00\",\"dateModified\":\"2018-02-23T02:32:34+00:00\",\"mainEntityOfPage\":{\"@id\":\"http:\/\/www.reconoce.mx\/?p=70540\"},\"wordCount\":294,\"commentCount\":0,\"publisher\":{\"@id\":\"http:\/\/www.reconoce.mx\/#organization\"},\"image\":{\"@id\":\"http:\/\/www.reconoce.mx\/?p=70540#primaryimage\"},\"thumbnailUrl\":\"http:\/\/www.reconoce.mx\/wp-content\/uploads\/2018\/02\/caifanes-cover.jpg\",\"articleSection\":[\"Cultura\",\"M\u00fasica\",\"Principal\"],\"inLanguage\":\"es\",\"potentialAction\":[{\"@type\":\"CommentAction\",\"name\":\"Comment\",\"target\":[\"http:\/\/www.reconoce.mx\/?p=70540#respond\"]}]},{\"@type\":\"WebPage\",\"@id\":\"http:\/\/www.reconoce.mx\/?p=70540\",\"url\":\"http:\/\/www.reconoce.mx\/?p=70540\",\"name\":\"Caifanes celebrar\u00e1 30 a\u00f1os de carrera en Auditorio Nacional &#171; Reconoce MX\",\"isPartOf\":{\"@id\":\"http:\/\/www.reconoce.mx\/#website\"},\"primaryImageOfPage\":{\"@id\":\"http:\/\/www.reconoce.mx\/?p=70540#primaryimage\"},\"image\":{\"@id\":\"http:\/\/www.reconoce.mx\/?p=70540#primaryimage\"},\"thumbnailUrl\":\"http:\/\/www.reconoce.mx\/wp-content\/uploads\/2018\/02\/caifanes-cover.jpg\",\"datePublished\":\"2018-02-22T06:01:19+00:00\",\"dateModified\":\"2018-02-23T02:32:34+00:00\",\"breadcrumb\":{\"@id\":\"http:\/\/www.reconoce.mx\/?p=70540#breadcrumb\"},\"inLanguage\":\"es\",\"potentialAction\":[{\"@type\":\"ReadAction\",\"target\":[\"http:\/\/www.reconoce.mx\/?p=70540\"]}]},{\"@type\":\"ImageObject\",\"inLanguage\":\"es\",\"@id\":\"http:\/\/www.reconoce.mx\/?p=70540#primaryimage\",\"url\":\"http:\/\/www.reconoce.mx\/wp-content\/uploads\/2018\/02\/caifanes-cover.jpg\",\"contentUrl\":\"http:\/\/www.reconoce.mx\/wp-content\/uploads\/2018\/02\/caifanes-cover.jpg\",\"width\":590,\"height\":380},{\"@type\":\"BreadcrumbList\",\"@id\":\"http:\/\/www.reconoce.mx\/?p=70540#breadcrumb\",\"itemListElement\":[{\"@type\":\"ListItem\",\"position\":1,\"name\":\"Portada\",\"item\":\"http:\/\/www.reconoce.mx\/\"},{\"@type\":\"ListItem\",\"position\":2,\"name\":\"Caifanes celebrar\u00e1 30 a\u00f1os de carrera en Auditorio Nacional\"}]},{\"@type\":\"WebSite\",\"@id\":\"http:\/\/www.reconoce.mx\/#website\",\"url\":\"http:\/\/www.reconoce.mx\/\",\"name\":\"Reconoce MX\",\"description\":\"En Reconoce MX difundimos arte, cultura y conciencia social en M\u00e9xico. Tu ciudad en otra perspectiva.\",\"publisher\":{\"@id\":\"http:\/\/www.reconoce.mx\/#organization\"},\"potentialAction\":[{\"@type\":\"SearchAction\",\"target\":{\"@type\":\"EntryPoint\",\"urlTemplate\":\"http:\/\/www.reconoce.mx\/?s={search_term_string}\"},\"query-input\":{\"@type\":\"PropertyValueSpecification\",\"valueRequired\":true,\"valueName\":\"search_term_string\"}}],\"inLanguage\":\"es\"},{\"@type\":\"Organization\",\"@id\":\"http:\/\/www.reconoce.mx\/#organization\",\"name\":\"Reconoce MX\",\"url\":\"http:\/\/www.reconoce.mx\/\",\"logo\":{\"@type\":\"ImageObject\",\"inLanguage\":\"es\",\"@id\":\"http:\/\/www.reconoce.mx\/#\/schema\/logo\/image\/\",\"url\":\"https:\/\/www.reconoce.mx\/wp-content\/uploads\/2019\/03\/logorcmx-good-1.png\",\"contentUrl\":\"https:\/\/www.reconoce.mx\/wp-content\/uploads\/2019\/03\/logorcmx-good-1.png\",\"width\":280,\"height\":90,\"caption\":\"Reconoce MX\"},\"image\":{\"@id\":\"http:\/\/www.reconoce.mx\/#\/schema\/logo\/image\/\"},\"sameAs\":[\"https:\/\/es-la.facebook.com\/ReconoceMX\/\",\"https:\/\/x.com\/reconocemx\",\"http:\/\/@reconocemx\"]},{\"@type\":\"Person\",\"@id\":\"http:\/\/www.reconoce.mx\/#\/schema\/person\/2117e997d7051dc15d6880eaf9bca0b2\",\"name\":\"Reconoce MX\",\"image\":{\"@type\":\"ImageObject\",\"inLanguage\":\"es\",\"@id\":\"http:\/\/www.reconoce.mx\/#\/schema\/person\/image\/\",\"url\":\"https:\/\/secure.gravatar.com\/avatar\/6c8d4dc7569ca1c90c5fdcc349f839d5ddef6fe1e70b4337ead2ef1a4c43fc3a?s=96&d=identicon&r=g\",\"contentUrl\":\"https:\/\/secure.gravatar.com\/avatar\/6c8d4dc7569ca1c90c5fdcc349f839d5ddef6fe1e70b4337ead2ef1a4c43fc3a?s=96&d=identicon&r=g\",\"caption\":\"Reconoce MX\"},\"description\":\"Reconoce MX es un proyecto de difusi\u00f3n art\u00edstica, cultural y de conciencia social que est\u00e1 enfocado a difundir y fomentar el entretenimiento alternativo de calidad para todo el p\u00fablico que comparta el mismo entusiasmo.\",\"sameAs\":[\"http:\/\/www.reconoce.mx\"],\"url\":\"http:\/\/www.reconoce.mx\/?author=2\"}]}<\/script>\n<!-- \/ Yoast SEO plugin. -->","yoast_head_json":{"title":"Caifanes celebrar\u00e1 30 a\u00f1os de carrera en Auditorio Nacional &#171; Reconoce MX","robots":{"index":"index","follow":"follow","max-snippet":"max-snippet:-1","max-image-preview":"max-image-preview:large","max-video-preview":"max-video-preview:-1"},"canonical":"http:\/\/www.reconoce.mx\/?p=70540","og_locale":"es_ES","og_type":"article","og_title":"Caifanes celebrar\u00e1 30 a\u00f1os de carrera en Auditorio Nacional &#171; Reconoce MX","og_description":"De festejo, todav\u00eda celebrando sus 30 a\u00f1os de carrera, los emblem\u00e1ticos Caifanes regresar\u00e1n a Ciudad de M\u00e9xico para brindar una noche m\u00e1s que promete ser inolvidable.","og_url":"http:\/\/www.reconoce.mx\/?p=70540","og_site_name":"Reconoce MX","article_publisher":"https:\/\/es-la.facebook.com\/ReconoceMX\/","article_published_time":"2018-02-22T06:01:19+00:00","article_modified_time":"2018-02-23T02:32:34+00:00","og_image":[{"width":590,"height":380,"url":"http:\/\/www.reconoce.mx\/wp-content\/uploads\/2018\/02\/caifanes-cover.jpg","type":"image\/jpeg"}],"author":"Reconoce MX","twitter_card":"summary_large_image","twitter_creator":"@reconocemx","twitter_site":"@reconocemx","twitter_misc":{"Escrito por":"Reconoce MX","Tiempo de lectura":"1 minuto"},"schema":{"@context":"https:\/\/schema.org","@graph":[{"@type":"Article","@id":"http:\/\/www.reconoce.mx\/?p=70540#article","isPartOf":{"@id":"http:\/\/www.reconoce.mx\/?p=70540"},"author":{"name":"Reconoce MX","@id":"http:\/\/www.reconoce.mx\/#\/schema\/person\/2117e997d7051dc15d6880eaf9bca0b2"},"headline":"Caifanes celebrar\u00e1 30 a\u00f1os de carrera en Auditorio Nacional","datePublished":"2018-02-22T06:01:19+00:00","dateModified":"2018-02-23T02:32:34+00:00","mainEntityOfPage":{"@id":"http:\/\/www.reconoce.mx\/?p=70540"},"wordCount":294,"commentCount":0,"publisher":{"@id":"http:\/\/www.reconoce.mx\/#organization"},"image":{"@id":"http:\/\/www.reconoce.mx\/?p=70540#primaryimage"},"thumbnailUrl":"http:\/\/www.reconoce.mx\/wp-content\/uploads\/2018\/02\/caifanes-cover.jpg","articleSection":["Cultura","M\u00fasica","Principal"],"inLanguage":"es","potentialAction":[{"@type":"CommentAction","name":"Comment","target":["http:\/\/www.reconoce.mx\/?p=70540#respond"]}]},{"@type":"WebPage","@id":"http:\/\/www.reconoce.mx\/?p=70540","url":"http:\/\/www.reconoce.mx\/?p=70540","name":"Caifanes celebrar\u00e1 30 a\u00f1os de carrera en Auditorio Nacional &#171; Reconoce MX","isPartOf":{"@id":"http:\/\/www.reconoce.mx\/#website"},"primaryImageOfPage":{"@id":"http:\/\/www.reconoce.mx\/?p=70540#primaryimage"},"image":{"@id":"http:\/\/www.reconoce.mx\/?p=70540#primaryimage"},"thumbnailUrl":"http:\/\/www.reconoce.mx\/wp-content\/uploads\/2018\/02\/caifanes-cover.jpg","datePublished":"2018-02-22T06:01:19+00:00","dateModified":"2018-02-23T02:32:34+00:00","breadcrumb":{"@id":"http:\/\/www.reconoce.mx\/?p=70540#breadcrumb"},"inLanguage":"es","potentialAction":[{"@type":"ReadAction","target":["http:\/\/www.reconoce.mx\/?p=70540"]}]},{"@type":"ImageObject","inLanguage":"es","@id":"http:\/\/www.reconoce.mx\/?p=70540#primaryimage","url":"http:\/\/www.reconoce.mx\/wp-content\/uploads\/2018\/02\/caifanes-cover.jpg","contentUrl":"http:\/\/www.reconoce.mx\/wp-content\/uploads\/2018\/02\/caifanes-cover.jpg","width":590,"height":380},{"@type":"BreadcrumbList","@id":"http:\/\/www.reconoce.mx\/?p=70540#breadcrumb","itemListElement":[{"@type":"ListItem","position":1,"name":"Portada","item":"http:\/\/www.reconoce.mx\/"},{"@type":"ListItem","position":2,"name":"Caifanes celebrar\u00e1 30 a\u00f1os de carrera en Auditorio Nacional"}]},{"@type":"WebSite","@id":"http:\/\/www.reconoce.mx\/#website","url":"http:\/\/www.reconoce.mx\/","name":"Reconoce MX","description":"En Reconoce MX difundimos arte, cultura y conciencia social en M\u00e9xico. Tu ciudad en otra perspectiva.","publisher":{"@id":"http:\/\/www.reconoce.mx\/#organization"},"potentialAction":[{"@type":"SearchAction","target":{"@type":"EntryPoint","urlTemplate":"http:\/\/www.reconoce.mx\/?s={search_term_string}"},"query-input":{"@type":"PropertyValueSpecification","valueRequired":true,"valueName":"search_term_string"}}],"inLanguage":"es"},{"@type":"Organization","@id":"http:\/\/www.reconoce.mx\/#organization","name":"Reconoce MX","url":"http:\/\/www.reconoce.mx\/","logo":{"@type":"ImageObject","inLanguage":"es","@id":"http:\/\/www.reconoce.mx\/#\/schema\/logo\/image\/","url":"https:\/\/www.reconoce.mx\/wp-content\/uploads\/2019\/03\/logorcmx-good-1.png","contentUrl":"https:\/\/www.reconoce.mx\/wp-content\/uploads\/2019\/03\/logorcmx-good-1.png","width":280,"height":90,"caption":"Reconoce MX"},"image":{"@id":"http:\/\/www.reconoce.mx\/#\/schema\/logo\/image\/"},"sameAs":["https:\/\/es-la.facebook.com\/ReconoceMX\/","https:\/\/x.com\/reconocemx","http:\/\/@reconocemx"]},{"@type":"Person","@id":"http:\/\/www.reconoce.mx\/#\/schema\/person\/2117e997d7051dc15d6880eaf9bca0b2","name":"Reconoce MX","image":{"@type":"ImageObject","inLanguage":"es","@id":"http:\/\/www.reconoce.mx\/#\/schema\/person\/image\/","url":"https:\/\/secure.gravatar.com\/avatar\/6c8d4dc7569ca1c90c5fdcc349f839d5ddef6fe1e70b4337ead2ef1a4c43fc3a?s=96&d=identicon&r=g","contentUrl":"https:\/\/secure.gravatar.com\/avatar\/6c8d4dc7569ca1c90c5fdcc349f839d5ddef6fe1e70b4337ead2ef1a4c43fc3a?s=96&d=identicon&r=g","caption":"Reconoce MX"},"description":"Reconoce MX es un proyecto de difusi\u00f3n art\u00edstica, cultural y de conciencia social que est\u00e1 enfocado a difundir y fomentar el entretenimiento alternativo de calidad para todo el p\u00fablico que comparta el mismo entusiasmo.","sameAs":["http:\/\/www.reconoce.mx"],"url":"http:\/\/www.reconoce.mx\/?author=2"}]}},"_links":{"self":[{"href":"http:\/\/www.reconoce.mx\/index.php?rest_route=\/wp\/v2\/posts\/70540","targetHints":{"allow":["GET"]}}],"collection":[{"href":"http:\/\/www.reconoce.mx\/index.php?rest_route=\/wp\/v2\/posts"}],"about":[{"href":"http:\/\/www.reconoce.mx\/index.php?rest_route=\/wp\/v2\/types\/post"}],"author":[{"embeddable":true,"href":"http:\/\/www.reconoce.mx\/index.php?rest_route=\/wp\/v2\/users\/2"}],"replies":[{"embeddable":true,"href":"http:\/\/www.reconoce.mx\/index.php?rest_route=%2Fwp%2Fv2%2Fcomments&post=70540"}],"version-history":[{"count":2,"href":"http:\/\/www.reconoce.mx\/index.php?rest_route=\/wp\/v2\/posts\/70540\/revisions"}],"predecessor-version":[{"id":70715,"href":"http:\/\/www.reconoce.mx\/index.php?rest_route=\/wp\/v2\/posts\/70540\/revisions\/70715"}],"wp:featuredmedia":[{"embeddable":true,"href":"http:\/\/www.reconoce.mx\/index.php?rest_route=\/wp\/v2\/media\/70541"}],"wp:attachment":[{"href":"http:\/\/www.reconoce.mx\/index.php?rest_route=%2Fwp%2Fv2%2Fmedia&parent=70540"}],"wp:term":[{"taxonomy":"category","embeddable":true,"href":"http:\/\/www.reconoce.mx\/index.php?rest_route=%2Fwp%2Fv2%2Fcategories&post=70540"},{"taxonomy":"post_tag","embeddable":true,"href":"http:\/\/www.reconoce.mx\/index.php?rest_route=%2Fwp%2Fv2%2Ftags&post=70540"}],"curies":[{"name":"wp","href":"https:\/\/api.w.org\/{rel}","templated":true}]}}