{"id":70549,"date":"2018-02-23T00:03:42","date_gmt":"2018-02-23T06:03:42","guid":{"rendered":"http:\/\/www.reconoce.mx\/?p=70549"},"modified":"2018-02-22T23:00:23","modified_gmt":"2018-02-23T05:00:23","slug":"pedro-aznar-presentara-su-resonancia-en-el-teatro-de-la-ciudad","status":"publish","type":"post","link":"http:\/\/www.reconoce.mx\/?p=70549","title":{"rendered":"Pedro Aznar presentar\u00e1 su \u00abResonancia\u00bb en el Teatro de la Ciudad"},"content":{"rendered":"<p><strong> Por <a title=\"@AsfaltosTweets\" href=\"http:\/\/twitter.com\/AsfaltosTweets\" target=\"_blank\" rel=\"noopener noreferrer\" data-slimstat-type=\"0\" data-slimstat-callback=\"false\" data-slimstat-tracking=\"true\">Asfaltos<\/a><\/strong>.<\/p>\n<p>El cantante, multiinstrumentista y compositor argentino, <strong>Pedro Aznar<\/strong>, presentar\u00e1 su espect\u00e1culo \u00abResonancia\u00bb en Ciudad de M\u00e9xico el pr\u00f3ximo s\u00e1bado 21 de abril, a las 20:00 horas, en el <strong>Teatro de la Ciudad \u00abEsperanza Iris\u00bb<\/strong>. El m\u00fasico realizar\u00e1 un recorrido por sus 35 a\u00f1os de carrera solista, entonando las canciones m\u00e1s emblem\u00e1ticas de su trayectoria.<\/p>\n<p><a href=\"http:\/\/www.reconoce.mx\/wp-content\/uploads\/2018\/02\/Flyer-Pedro-Aznar.jpg\"><img loading=\"lazy\" decoding=\"async\" class=\"aligncenter size-full wp-image-70550\" src=\"http:\/\/www.reconoce.mx\/wp-content\/uploads\/2018\/02\/Flyer-Pedro-Aznar.jpg\" alt=\"\" width=\"1280\" height=\"785\" srcset=\"http:\/\/www.reconoce.mx\/wp-content\/uploads\/2018\/02\/Flyer-Pedro-Aznar.jpg 1280w, http:\/\/www.reconoce.mx\/wp-content\/uploads\/2018\/02\/Flyer-Pedro-Aznar-300x184.jpg 300w, http:\/\/www.reconoce.mx\/wp-content\/uploads\/2018\/02\/Flyer-Pedro-Aznar-768x471.jpg 768w, http:\/\/www.reconoce.mx\/wp-content\/uploads\/2018\/02\/Flyer-Pedro-Aznar-1024x628.jpg 1024w, http:\/\/www.reconoce.mx\/wp-content\/uploads\/2018\/02\/Flyer-Pedro-Aznar-150x92.jpg 150w, http:\/\/www.reconoce.mx\/wp-content\/uploads\/2018\/02\/Flyer-Pedro-Aznar-700x429.jpg 700w, http:\/\/www.reconoce.mx\/wp-content\/uploads\/2018\/02\/Flyer-Pedro-Aznar-658x404.jpg 658w\" sizes=\"auto, (max-width: 1280px) 100vw, 1280px\" \/><\/a><\/p>\n<p>Nacido en Buenos, Aires, Argentina, en 1959, <strong>Pedro Aznar<\/strong> form\u00f3 en 1978 junto a Charly Garc\u00eda, David Leb\u00f3n y Oscar Moro el grupo Ser\u00fa Gir\u00e1n, considerado por el p\u00fablico y la cr\u00edtica especializada como un verdadero hito en la historia musical argentina. En 1983 se incorpor\u00f3 al Pat Metheny Group como multi-instrumentista y vocalista. Bajo las riendas de esta excelsa agrupaci\u00f3n, realiz\u00f3 varias giras mundiales, ygan\u00f3 tres premios Grammy por los discos \u201cFirts Circle\u201d (1984), \u201cLetter From Home (1989) y \u201cThe Road To You\u201d (1993).<\/p>\n<p>Desde 1993 dirige su propio grupo, imprimi\u00e9ndole un personal y singular sello de contemporaneidad aportado, en igual medida, por su amplia experiencia y trayectoria en estilos como el rock, el jazz y la m\u00fasica popular de ra\u00edz argentina y latinoamericana, su constante apertura a las nuevas tendencias y su investigaci\u00f3n de las antiguas tradiciones. Cuenta con la edici\u00f3n de dieciocho discos como solista y m\u00e1s de cien con otros artistas.<\/p>\n<p>Acompa\u00f1ado por grandes y excelentes m\u00fasicos en el escenario como Alejandro Oliva (percusi\u00f3n), Juli\u00e1n Semprini (bater\u00eda), Coqui Rodriguez (guitarra) y Fede Arreseygor (teclado), Aznar promete un show que se quedar\u00e1 en la memoria de los espectadores. A la par del concierto, Pedro lanzar\u00e1 un box set con toda su discograf\u00eda solista acompa\u00f1ado de un libro, donde contar\u00e1 detalles e historias de cada CD. Adem\u00e1s habr\u00e1 reflexiones sobre su trayectoria musical. Tambi\u00e9n, contar\u00e1 con un EP con 4 canciones nuevas y un disco doble de esenciales, en formato CD y vinilo.<\/p>\n<p>\u00bfD\u00f3nde, cu\u00e1ndo y de a c\u00f3mo? <strong>Pedro Aznar<\/strong> presentar\u00e1 \u00abResonancia\u00bb el pr\u00f3ximo 21 de abril en punto de las 10:00 horas en el Teatro de la Ciudad \u00abEsperanza Iris\u00bb (Donceles #36, Centro Hist\u00f3rico). Boletos (de $540.00 a $1,010.00) a la venta en taquillas del inmueble, as\u00ed como a trav\u00e9s del <a href=\"http:\/\/www.ticketmaster.com.mx\/pedro-aznar-resonancia-35-mexico-distrito-federal-21-04-2018\/event\/1400544A0806AE58\" target=\"_blank\" rel=\"noopener\">Sistema Ticketmaster<\/a>.<\/p>\n<p style=\"text-align: right;\">Con informaci\u00f3n e im\u00e1genes cortes\u00eda de <strong>Rafael Salinas<\/strong>.<\/p>\n<p>&nbsp;<\/p>\n<p>&nbsp;<\/p>\n","protected":false},"excerpt":{"rendered":"<p>El cantante, multiinstrumentista y compositor argentino, Pedro Aznar, presentar\u00e1 su espect\u00e1culo \u00abResonancia\u00bb en Ciudad de M\u00e9xico el pr\u00f3ximo s\u00e1bado 21 de abril, a las 20:00 horas, en el Teatro de la Ciudad \u00abEsperanza Iris\u00bb. <\/p>\n","protected":false},"author":2,"featured_media":70551,"comment_status":"open","ping_status":"open","sticky":false,"template":"","format":"standard","meta":{"footnotes":""},"categories":[1,18,17],"tags":[],"class_list":["post-70549","post","type-post","status-publish","format-standard","has-post-thumbnail","hentry","category-cultura","category-musica","category-principal"],"yoast_head":"<!-- This site is optimized with the Yoast SEO plugin v24.7 - https:\/\/yoast.com\/wordpress\/plugins\/seo\/ -->\n<title>Pedro Aznar presentar\u00e1 su &quot;Resonancia&quot; en el Teatro de la Ciudad &#171; Reconoce MX<\/title>\n<meta name=\"robots\" content=\"index, follow, max-snippet:-1, max-image-preview:large, max-video-preview:-1\" \/>\n<link rel=\"canonical\" href=\"http:\/\/www.reconoce.mx\/?p=70549\" \/>\n<meta property=\"og:locale\" content=\"es_ES\" \/>\n<meta property=\"og:type\" content=\"article\" \/>\n<meta property=\"og:title\" content=\"Pedro Aznar presentar\u00e1 su &quot;Resonancia&quot; en el Teatro de la Ciudad &#171; Reconoce MX\" \/>\n<meta property=\"og:description\" content=\"El cantante, multiinstrumentista y compositor argentino, Pedro Aznar, presentar\u00e1 su espect\u00e1culo &quot;Resonancia&quot; en Ciudad de M\u00e9xico el pr\u00f3ximo s\u00e1bado 21 de abril, a las 20:00 horas, en el Teatro de la Ciudad &quot;Esperanza Iris&quot;.\" \/>\n<meta property=\"og:url\" content=\"http:\/\/www.reconoce.mx\/?p=70549\" \/>\n<meta property=\"og:site_name\" content=\"Reconoce MX\" \/>\n<meta property=\"article:publisher\" content=\"https:\/\/es-la.facebook.com\/ReconoceMX\/\" \/>\n<meta property=\"article:published_time\" content=\"2018-02-23T06:03:42+00:00\" \/>\n<meta property=\"og:image\" content=\"http:\/\/www.reconoce.mx\/wp-content\/uploads\/2018\/02\/pedro-aznar.jpg\" \/>\n\t<meta property=\"og:image:width\" content=\"590\" \/>\n\t<meta property=\"og:image:height\" content=\"380\" \/>\n\t<meta property=\"og:image:type\" content=\"image\/jpeg\" \/>\n<meta name=\"author\" content=\"Reconoce MX\" \/>\n<meta name=\"twitter:card\" content=\"summary_large_image\" \/>\n<meta name=\"twitter:creator\" content=\"@reconocemx\" \/>\n<meta name=\"twitter:site\" content=\"@reconocemx\" \/>\n<meta name=\"twitter:label1\" content=\"Escrito por\" \/>\n\t<meta name=\"twitter:data1\" content=\"Reconoce MX\" \/>\n\t<meta name=\"twitter:label2\" content=\"Tiempo de lectura\" \/>\n\t<meta name=\"twitter:data2\" content=\"2 minutos\" \/>\n<script type=\"application\/ld+json\" class=\"yoast-schema-graph\">{\"@context\":\"https:\/\/schema.org\",\"@graph\":[{\"@type\":\"Article\",\"@id\":\"http:\/\/www.reconoce.mx\/?p=70549#article\",\"isPartOf\":{\"@id\":\"http:\/\/www.reconoce.mx\/?p=70549\"},\"author\":{\"name\":\"Reconoce MX\",\"@id\":\"http:\/\/www.reconoce.mx\/#\/schema\/person\/2117e997d7051dc15d6880eaf9bca0b2\"},\"headline\":\"Pedro Aznar presentar\u00e1 su \u00abResonancia\u00bb en el Teatro de la Ciudad\",\"datePublished\":\"2018-02-23T06:03:42+00:00\",\"mainEntityOfPage\":{\"@id\":\"http:\/\/www.reconoce.mx\/?p=70549\"},\"wordCount\":396,\"commentCount\":0,\"publisher\":{\"@id\":\"http:\/\/www.reconoce.mx\/#organization\"},\"image\":{\"@id\":\"http:\/\/www.reconoce.mx\/?p=70549#primaryimage\"},\"thumbnailUrl\":\"http:\/\/www.reconoce.mx\/wp-content\/uploads\/2018\/02\/pedro-aznar.jpg\",\"articleSection\":[\"Cultura\",\"M\u00fasica\",\"Principal\"],\"inLanguage\":\"es\",\"potentialAction\":[{\"@type\":\"CommentAction\",\"name\":\"Comment\",\"target\":[\"http:\/\/www.reconoce.mx\/?p=70549#respond\"]}]},{\"@type\":\"WebPage\",\"@id\":\"http:\/\/www.reconoce.mx\/?p=70549\",\"url\":\"http:\/\/www.reconoce.mx\/?p=70549\",\"name\":\"Pedro Aznar presentar\u00e1 su \\\"Resonancia\\\" en el Teatro de la Ciudad &#171; Reconoce MX\",\"isPartOf\":{\"@id\":\"http:\/\/www.reconoce.mx\/#website\"},\"primaryImageOfPage\":{\"@id\":\"http:\/\/www.reconoce.mx\/?p=70549#primaryimage\"},\"image\":{\"@id\":\"http:\/\/www.reconoce.mx\/?p=70549#primaryimage\"},\"thumbnailUrl\":\"http:\/\/www.reconoce.mx\/wp-content\/uploads\/2018\/02\/pedro-aznar.jpg\",\"datePublished\":\"2018-02-23T06:03:42+00:00\",\"breadcrumb\":{\"@id\":\"http:\/\/www.reconoce.mx\/?p=70549#breadcrumb\"},\"inLanguage\":\"es\",\"potentialAction\":[{\"@type\":\"ReadAction\",\"target\":[\"http:\/\/www.reconoce.mx\/?p=70549\"]}]},{\"@type\":\"ImageObject\",\"inLanguage\":\"es\",\"@id\":\"http:\/\/www.reconoce.mx\/?p=70549#primaryimage\",\"url\":\"http:\/\/www.reconoce.mx\/wp-content\/uploads\/2018\/02\/pedro-aznar.jpg\",\"contentUrl\":\"http:\/\/www.reconoce.mx\/wp-content\/uploads\/2018\/02\/pedro-aznar.jpg\",\"width\":590,\"height\":380},{\"@type\":\"BreadcrumbList\",\"@id\":\"http:\/\/www.reconoce.mx\/?p=70549#breadcrumb\",\"itemListElement\":[{\"@type\":\"ListItem\",\"position\":1,\"name\":\"Portada\",\"item\":\"http:\/\/www.reconoce.mx\/\"},{\"@type\":\"ListItem\",\"position\":2,\"name\":\"Pedro Aznar presentar\u00e1 su \u00abResonancia\u00bb en el Teatro de la Ciudad\"}]},{\"@type\":\"WebSite\",\"@id\":\"http:\/\/www.reconoce.mx\/#website\",\"url\":\"http:\/\/www.reconoce.mx\/\",\"name\":\"Reconoce MX\",\"description\":\"En Reconoce MX difundimos arte, cultura y conciencia social en M\u00e9xico. Tu ciudad en otra perspectiva.\",\"publisher\":{\"@id\":\"http:\/\/www.reconoce.mx\/#organization\"},\"potentialAction\":[{\"@type\":\"SearchAction\",\"target\":{\"@type\":\"EntryPoint\",\"urlTemplate\":\"http:\/\/www.reconoce.mx\/?s={search_term_string}\"},\"query-input\":{\"@type\":\"PropertyValueSpecification\",\"valueRequired\":true,\"valueName\":\"search_term_string\"}}],\"inLanguage\":\"es\"},{\"@type\":\"Organization\",\"@id\":\"http:\/\/www.reconoce.mx\/#organization\",\"name\":\"Reconoce MX\",\"url\":\"http:\/\/www.reconoce.mx\/\",\"logo\":{\"@type\":\"ImageObject\",\"inLanguage\":\"es\",\"@id\":\"http:\/\/www.reconoce.mx\/#\/schema\/logo\/image\/\",\"url\":\"https:\/\/www.reconoce.mx\/wp-content\/uploads\/2019\/03\/logorcmx-good-1.png\",\"contentUrl\":\"https:\/\/www.reconoce.mx\/wp-content\/uploads\/2019\/03\/logorcmx-good-1.png\",\"width\":280,\"height\":90,\"caption\":\"Reconoce MX\"},\"image\":{\"@id\":\"http:\/\/www.reconoce.mx\/#\/schema\/logo\/image\/\"},\"sameAs\":[\"https:\/\/es-la.facebook.com\/ReconoceMX\/\",\"https:\/\/x.com\/reconocemx\",\"http:\/\/@reconocemx\"]},{\"@type\":\"Person\",\"@id\":\"http:\/\/www.reconoce.mx\/#\/schema\/person\/2117e997d7051dc15d6880eaf9bca0b2\",\"name\":\"Reconoce MX\",\"image\":{\"@type\":\"ImageObject\",\"inLanguage\":\"es\",\"@id\":\"http:\/\/www.reconoce.mx\/#\/schema\/person\/image\/\",\"url\":\"https:\/\/secure.gravatar.com\/avatar\/6c8d4dc7569ca1c90c5fdcc349f839d5ddef6fe1e70b4337ead2ef1a4c43fc3a?s=96&d=identicon&r=g\",\"contentUrl\":\"https:\/\/secure.gravatar.com\/avatar\/6c8d4dc7569ca1c90c5fdcc349f839d5ddef6fe1e70b4337ead2ef1a4c43fc3a?s=96&d=identicon&r=g\",\"caption\":\"Reconoce MX\"},\"description\":\"Reconoce MX es un proyecto de difusi\u00f3n art\u00edstica, cultural y de conciencia social que est\u00e1 enfocado a difundir y fomentar el entretenimiento alternativo de calidad para todo el p\u00fablico que comparta el mismo entusiasmo.\",\"sameAs\":[\"http:\/\/www.reconoce.mx\"],\"url\":\"http:\/\/www.reconoce.mx\/?author=2\"}]}<\/script>\n<!-- \/ Yoast SEO plugin. -->","yoast_head_json":{"title":"Pedro Aznar presentar\u00e1 su \"Resonancia\" en el Teatro de la Ciudad &#171; Reconoce MX","robots":{"index":"index","follow":"follow","max-snippet":"max-snippet:-1","max-image-preview":"max-image-preview:large","max-video-preview":"max-video-preview:-1"},"canonical":"http:\/\/www.reconoce.mx\/?p=70549","og_locale":"es_ES","og_type":"article","og_title":"Pedro Aznar presentar\u00e1 su \"Resonancia\" en el Teatro de la Ciudad &#171; Reconoce MX","og_description":"El cantante, multiinstrumentista y compositor argentino, Pedro Aznar, presentar\u00e1 su espect\u00e1culo \"Resonancia\" en Ciudad de M\u00e9xico el pr\u00f3ximo s\u00e1bado 21 de abril, a las 20:00 horas, en el Teatro de la Ciudad \"Esperanza Iris\".","og_url":"http:\/\/www.reconoce.mx\/?p=70549","og_site_name":"Reconoce MX","article_publisher":"https:\/\/es-la.facebook.com\/ReconoceMX\/","article_published_time":"2018-02-23T06:03:42+00:00","og_image":[{"width":590,"height":380,"url":"http:\/\/www.reconoce.mx\/wp-content\/uploads\/2018\/02\/pedro-aznar.jpg","type":"image\/jpeg"}],"author":"Reconoce MX","twitter_card":"summary_large_image","twitter_creator":"@reconocemx","twitter_site":"@reconocemx","twitter_misc":{"Escrito por":"Reconoce MX","Tiempo de lectura":"2 minutos"},"schema":{"@context":"https:\/\/schema.org","@graph":[{"@type":"Article","@id":"http:\/\/www.reconoce.mx\/?p=70549#article","isPartOf":{"@id":"http:\/\/www.reconoce.mx\/?p=70549"},"author":{"name":"Reconoce MX","@id":"http:\/\/www.reconoce.mx\/#\/schema\/person\/2117e997d7051dc15d6880eaf9bca0b2"},"headline":"Pedro Aznar presentar\u00e1 su \u00abResonancia\u00bb en el Teatro de la Ciudad","datePublished":"2018-02-23T06:03:42+00:00","mainEntityOfPage":{"@id":"http:\/\/www.reconoce.mx\/?p=70549"},"wordCount":396,"commentCount":0,"publisher":{"@id":"http:\/\/www.reconoce.mx\/#organization"},"image":{"@id":"http:\/\/www.reconoce.mx\/?p=70549#primaryimage"},"thumbnailUrl":"http:\/\/www.reconoce.mx\/wp-content\/uploads\/2018\/02\/pedro-aznar.jpg","articleSection":["Cultura","M\u00fasica","Principal"],"inLanguage":"es","potentialAction":[{"@type":"CommentAction","name":"Comment","target":["http:\/\/www.reconoce.mx\/?p=70549#respond"]}]},{"@type":"WebPage","@id":"http:\/\/www.reconoce.mx\/?p=70549","url":"http:\/\/www.reconoce.mx\/?p=70549","name":"Pedro Aznar presentar\u00e1 su \"Resonancia\" en el Teatro de la Ciudad &#171; Reconoce MX","isPartOf":{"@id":"http:\/\/www.reconoce.mx\/#website"},"primaryImageOfPage":{"@id":"http:\/\/www.reconoce.mx\/?p=70549#primaryimage"},"image":{"@id":"http:\/\/www.reconoce.mx\/?p=70549#primaryimage"},"thumbnailUrl":"http:\/\/www.reconoce.mx\/wp-content\/uploads\/2018\/02\/pedro-aznar.jpg","datePublished":"2018-02-23T06:03:42+00:00","breadcrumb":{"@id":"http:\/\/www.reconoce.mx\/?p=70549#breadcrumb"},"inLanguage":"es","potentialAction":[{"@type":"ReadAction","target":["http:\/\/www.reconoce.mx\/?p=70549"]}]},{"@type":"ImageObject","inLanguage":"es","@id":"http:\/\/www.reconoce.mx\/?p=70549#primaryimage","url":"http:\/\/www.reconoce.mx\/wp-content\/uploads\/2018\/02\/pedro-aznar.jpg","contentUrl":"http:\/\/www.reconoce.mx\/wp-content\/uploads\/2018\/02\/pedro-aznar.jpg","width":590,"height":380},{"@type":"BreadcrumbList","@id":"http:\/\/www.reconoce.mx\/?p=70549#breadcrumb","itemListElement":[{"@type":"ListItem","position":1,"name":"Portada","item":"http:\/\/www.reconoce.mx\/"},{"@type":"ListItem","position":2,"name":"Pedro Aznar presentar\u00e1 su \u00abResonancia\u00bb en el Teatro de la Ciudad"}]},{"@type":"WebSite","@id":"http:\/\/www.reconoce.mx\/#website","url":"http:\/\/www.reconoce.mx\/","name":"Reconoce MX","description":"En Reconoce MX difundimos arte, cultura y conciencia social en M\u00e9xico. Tu ciudad en otra perspectiva.","publisher":{"@id":"http:\/\/www.reconoce.mx\/#organization"},"potentialAction":[{"@type":"SearchAction","target":{"@type":"EntryPoint","urlTemplate":"http:\/\/www.reconoce.mx\/?s={search_term_string}"},"query-input":{"@type":"PropertyValueSpecification","valueRequired":true,"valueName":"search_term_string"}}],"inLanguage":"es"},{"@type":"Organization","@id":"http:\/\/www.reconoce.mx\/#organization","name":"Reconoce MX","url":"http:\/\/www.reconoce.mx\/","logo":{"@type":"ImageObject","inLanguage":"es","@id":"http:\/\/www.reconoce.mx\/#\/schema\/logo\/image\/","url":"https:\/\/www.reconoce.mx\/wp-content\/uploads\/2019\/03\/logorcmx-good-1.png","contentUrl":"https:\/\/www.reconoce.mx\/wp-content\/uploads\/2019\/03\/logorcmx-good-1.png","width":280,"height":90,"caption":"Reconoce MX"},"image":{"@id":"http:\/\/www.reconoce.mx\/#\/schema\/logo\/image\/"},"sameAs":["https:\/\/es-la.facebook.com\/ReconoceMX\/","https:\/\/x.com\/reconocemx","http:\/\/@reconocemx"]},{"@type":"Person","@id":"http:\/\/www.reconoce.mx\/#\/schema\/person\/2117e997d7051dc15d6880eaf9bca0b2","name":"Reconoce MX","image":{"@type":"ImageObject","inLanguage":"es","@id":"http:\/\/www.reconoce.mx\/#\/schema\/person\/image\/","url":"https:\/\/secure.gravatar.com\/avatar\/6c8d4dc7569ca1c90c5fdcc349f839d5ddef6fe1e70b4337ead2ef1a4c43fc3a?s=96&d=identicon&r=g","contentUrl":"https:\/\/secure.gravatar.com\/avatar\/6c8d4dc7569ca1c90c5fdcc349f839d5ddef6fe1e70b4337ead2ef1a4c43fc3a?s=96&d=identicon&r=g","caption":"Reconoce MX"},"description":"Reconoce MX es un proyecto de difusi\u00f3n art\u00edstica, cultural y de conciencia social que est\u00e1 enfocado a difundir y fomentar el entretenimiento alternativo de calidad para todo el p\u00fablico que comparta el mismo entusiasmo.","sameAs":["http:\/\/www.reconoce.mx"],"url":"http:\/\/www.reconoce.mx\/?author=2"}]}},"_links":{"self":[{"href":"http:\/\/www.reconoce.mx\/index.php?rest_route=\/wp\/v2\/posts\/70549","targetHints":{"allow":["GET"]}}],"collection":[{"href":"http:\/\/www.reconoce.mx\/index.php?rest_route=\/wp\/v2\/posts"}],"about":[{"href":"http:\/\/www.reconoce.mx\/index.php?rest_route=\/wp\/v2\/types\/post"}],"author":[{"embeddable":true,"href":"http:\/\/www.reconoce.mx\/index.php?rest_route=\/wp\/v2\/users\/2"}],"replies":[{"embeddable":true,"href":"http:\/\/www.reconoce.mx\/index.php?rest_route=%2Fwp%2Fv2%2Fcomments&post=70549"}],"version-history":[{"count":1,"href":"http:\/\/www.reconoce.mx\/index.php?rest_route=\/wp\/v2\/posts\/70549\/revisions"}],"predecessor-version":[{"id":70552,"href":"http:\/\/www.reconoce.mx\/index.php?rest_route=\/wp\/v2\/posts\/70549\/revisions\/70552"}],"wp:featuredmedia":[{"embeddable":true,"href":"http:\/\/www.reconoce.mx\/index.php?rest_route=\/wp\/v2\/media\/70551"}],"wp:attachment":[{"href":"http:\/\/www.reconoce.mx\/index.php?rest_route=%2Fwp%2Fv2%2Fmedia&parent=70549"}],"wp:term":[{"taxonomy":"category","embeddable":true,"href":"http:\/\/www.reconoce.mx\/index.php?rest_route=%2Fwp%2Fv2%2Fcategories&post=70549"},{"taxonomy":"post_tag","embeddable":true,"href":"http:\/\/www.reconoce.mx\/index.php?rest_route=%2Fwp%2Fv2%2Ftags&post=70549"}],"curies":[{"name":"wp","href":"https:\/\/api.w.org\/{rel}","templated":true}]}}