{"id":70553,"date":"2018-02-20T00:05:11","date_gmt":"2018-02-20T06:05:11","guid":{"rendered":"http:\/\/www.reconoce.mx\/?p=70553"},"modified":"2018-05-13T22:44:16","modified_gmt":"2018-05-14T03:44:16","slug":"conoce-el-tremendo-cartel-del-8-festivalmarvincdmx","status":"publish","type":"post","link":"http:\/\/www.reconoce.mx\/?p=70553","title":{"rendered":"\u00a1Conoce el tremendo cartel del 8\u00b0 #FestivalMarvinCDMX!"},"content":{"rendered":"<p><strong>Por <a title=\"@AsfaltosTweets\" href=\"http:\/\/twitter.com\/AsfaltosTweets\" target=\"_blank\" rel=\"noopener\">Asfaltos<\/a><\/strong>.<\/p>\n<p><a href=\"http:\/\/www.reconoce.mx\/recordando-los-5-festivalmarvin-pasados\/\" target=\"_blank\" rel=\"noopener\">Desde aquella tercera edici\u00f3n en la que por vez primera cubrimos el ahora llamado <strong>#FestivalMarvinCDMX<\/strong><\/a>, nos enamoramos de este encuentro musical que ha apostado siempre por un cartel perfectamente balanceado entre joyas para los m\u00e1s conocedores mel\u00f3manos, hasta propuestas que usan la plataforma para impulsar su carrera. Para la octava edici\u00f3n, a realizarse los d\u00edas 17, 18 y 19 de mayo de 2018, las emociones se nos vuelven a anticipar muy emocionantes.<\/p>\n<p><a href=\"http:\/\/www.reconoce.mx\/wp-content\/uploads\/2018\/02\/CARTEL-FESTIVAL-MARVIN-CDMX-2018.jpg\"><img loading=\"lazy\" decoding=\"async\" class=\"aligncenter size-full wp-image-70554\" src=\"http:\/\/www.reconoce.mx\/wp-content\/uploads\/2018\/02\/CARTEL-FESTIVAL-MARVIN-CDMX-2018.jpg\" alt=\"\" width=\"1191\" height=\"1559\" srcset=\"http:\/\/www.reconoce.mx\/wp-content\/uploads\/2018\/02\/CARTEL-FESTIVAL-MARVIN-CDMX-2018.jpg 1191w, http:\/\/www.reconoce.mx\/wp-content\/uploads\/2018\/02\/CARTEL-FESTIVAL-MARVIN-CDMX-2018-229x300.jpg 229w, http:\/\/www.reconoce.mx\/wp-content\/uploads\/2018\/02\/CARTEL-FESTIVAL-MARVIN-CDMX-2018-768x1005.jpg 768w, http:\/\/www.reconoce.mx\/wp-content\/uploads\/2018\/02\/CARTEL-FESTIVAL-MARVIN-CDMX-2018-782x1024.jpg 782w, http:\/\/www.reconoce.mx\/wp-content\/uploads\/2018\/02\/CARTEL-FESTIVAL-MARVIN-CDMX-2018-150x196.jpg 150w, http:\/\/www.reconoce.mx\/wp-content\/uploads\/2018\/02\/CARTEL-FESTIVAL-MARVIN-CDMX-2018-700x916.jpg 700w, http:\/\/www.reconoce.mx\/wp-content\/uploads\/2018\/02\/CARTEL-FESTIVAL-MARVIN-CDMX-2018-658x861.jpg 658w, http:\/\/www.reconoce.mx\/wp-content\/uploads\/2018\/02\/CARTEL-FESTIVAL-MARVIN-CDMX-2018-300x393.jpg 300w\" sizes=\"auto, (max-width: 1191px) 100vw, 1191px\" \/><\/a><\/p>\n<p>De entrada, y para que vayan saboreando esta pr\u00f3xima y nueva edici\u00f3n, desde Inglaterra destaca la presencia de <strong>Buzzcocks<\/strong> y <strong>Gang of Four<\/strong>, y de Estados Unidos la de los m\u00fasicos <strong>The Drums<\/strong>; estas tres agrupaciones lideran el cartel del <a href=\"https:\/\/twitter.com\/search?q=%23FestivalMarvinCDMX&amp;src=typd\" target=\"_blank\" rel=\"noopener\"><strong>#FestivalMarvinCDMX<\/strong><\/a>. Adem\u00e1s, entre las noticias que destacan, <strong>El Plaza Condesa<\/strong> se suma como el <em>venue<\/em> principal de este importante festival musical.<\/p>\n<p>M\u00e1s de 30 talentos nacionales e internacionales forman parte del cartel musical. Destacamos, en <span style=\"color: #a81f25;\"><strong>Reconoce MX<\/strong><\/span>, la presencia nacional de <strong>Coc\u00f3 Cec\u00e9<\/strong> y <strong>Mi Sobrino Memo<\/strong>, proyectos que hemos visto crecer al punto de presentarse ahora en un festival que sabemos les cambiar\u00e1 el futuro de manera importante.<\/p>\n<style>.embed-container { position: relative; padding-bottom: 56.25%; height: 0; overflow: hidden; max-width: 100%; } .embed-container iframe, .embed-container object, .embed-container embed { position: absolute; top: 0; left: 0; width: 100%; height: 100%; }<\/style>\n<div class=\"embed-container\"><iframe loading=\"lazy\" src=\"https:\/\/www.youtube.com\/embed\/QZA1aPnWrjs\" width=\"300\" height=\"150\" frameborder=\"0\" allowfullscreen=\"allowfullscreen\"><\/iframe><\/div>\n<p>&nbsp;<\/p>\n<p>Como ya es tradici\u00f3n, adicional a la jornada musical, se realizar\u00e1n conferencias, talleres y exhibiciones de arte, as\u00ed como la presencia de un escenario dedicado \u00fanicamente al stand-up comedy, y tambi\u00e9n la exhibici\u00f3n de cine en esta ocasi\u00f3n presentado por <strong>Ambulante<\/strong>.<\/p>\n<p>\u00bfY de a c\u00f3mo? Actualmente en \u00abEtapa 1\u00bb, los boletos<strong> Acceso General<\/strong> est\u00e1n a un costo de $550. Hay que recordar que \u00e9stos dan acceso a la mayor\u00eda de los shows incluyendo<strong> Gang of Four<\/strong>, excepto para <strong>Buzzcocks<\/strong> y <strong>The Drums<\/strong>. Para <strong>Buzzcocks<\/strong> y <strong>The Drums<\/strong> hay que contar con el Acceso General comentado, as\u00ed como a\u00f1adir 1 boleto por grupo a un costo cada uno de $450.00 pesos. El <strong>Full Pass<\/strong>, que s\u00ed da acceso a todos los shows -incluyendo los de <strong>Gang of Four<\/strong>, <strong>Buzzcocks<\/strong> y<strong> The Drums<\/strong>-, tiene un costo de $1,250.00. Los precios incluyen cargos cuando los boletos se compran a trav\u00e9s del <a href=\"http:\/\/www.ticketmaster.com.mx\/festival-marvin-cdmx-early-bird-cdmx-distrito-federal-19-05-2018\/event\/1400538CA1A34D65\" target=\"_blank\" rel=\"noopener\">Sistema Ticketmaster<\/a>; para comprar boletos sin cargos, acude a la taquilla de <strong>El Plaza Condesa<\/strong>.<\/p>\n<p><iframe title=\"Spotify Embed: FESTIVAL MARVIN 2018\" style=\"border-radius: 12px\" width=\"100%\" height=\"352\" frameborder=\"0\" allowfullscreen allow=\"autoplay; clipboard-write; encrypted-media; fullscreen; picture-in-picture\" loading=\"lazy\" src=\"https:\/\/open.spotify.com\/embed\/playlist\/0xTEOiJSmdnO8iOuFf24q2?utm_source=oembed\"><\/iframe><\/p>\n<p><a href=\"https:\/\/twitter.com\/search?q=%23FestivalMarvinCDMX&amp;src=typd\" target=\"_blank\" rel=\"noopener\"><strong>#FestivalMarvinCDMX<\/strong><\/a> se realizar\u00e1 los d\u00edas 17, 18 y 19 de mayo de 2018 (siendo el 19 la jornada musical), en distintos <em>venues<\/em> de la zona Condesa-Roma. M\u00e1s bandas, foros, arte y programa de conferencias y talleres, as\u00ed como horarios y venues espec\u00edficos, por anunciar. Evento para mayores de edad. Para m\u00e1s informaci\u00f3n <a href=\"http:\/\/festival.marvin.com.mx\/2018\/\" target=\"_blank\" rel=\"noopener\">consulta el sitio oficial<\/a>.<\/p>\n<p style=\"text-align: right;\">Con informaci\u00f3n e im\u00e1genes cortes\u00eda de <strong>Eurekandco<\/strong>.<\/p>\n<p>&nbsp;<\/p>\n<p>&nbsp;<\/p>\n","protected":false},"excerpt":{"rendered":"<p>Por Asfaltos. Desde aquella tercera edici\u00f3n en la que por vez primera cubrimos el ahora llamado #FestivalMarvinCDMX, nos enamoramos de este encuentro musical que ha apostado siempre por un cartel perfectamente balanceado entre joyas para los m\u00e1s conocedores mel\u00f3manos, hasta propuestas que usan la plataforma para impulsar su carrera. Para la octava edici\u00f3n, a realizarse [&hellip;]<\/p>\n","protected":false},"author":2,"featured_media":70559,"comment_status":"open","ping_status":"open","sticky":false,"template":"","format":"standard","meta":{"footnotes":""},"categories":[1,18,17],"tags":[],"class_list":["post-70553","post","type-post","status-publish","format-standard","has-post-thumbnail","hentry","category-cultura","category-musica","category-principal"],"yoast_head":"<!-- This site is optimized with the Yoast SEO plugin v24.7 - https:\/\/yoast.com\/wordpress\/plugins\/seo\/ -->\n<title>\u00a1Conoce el tremendo cartel del 8\u00b0 #FestivalMarvinCDMX! &#171; Reconoce MX<\/title>\n<meta name=\"robots\" content=\"index, follow, max-snippet:-1, max-image-preview:large, max-video-preview:-1\" \/>\n<link rel=\"canonical\" href=\"https:\/\/www.reconoce.mx\/?p=70553\" \/>\n<meta property=\"og:locale\" content=\"es_ES\" \/>\n<meta property=\"og:type\" content=\"article\" \/>\n<meta property=\"og:title\" content=\"\u00a1Conoce el tremendo cartel del 8\u00b0 #FestivalMarvinCDMX! &#171; Reconoce MX\" \/>\n<meta property=\"og:description\" content=\"Por Asfaltos. Desde aquella tercera edici\u00f3n en la que por vez primera cubrimos el ahora llamado #FestivalMarvinCDMX, nos enamoramos de este encuentro musical que ha apostado siempre por un cartel perfectamente balanceado entre joyas para los m\u00e1s conocedores mel\u00f3manos, hasta propuestas que usan la plataforma para impulsar su carrera. Para la octava edici\u00f3n, a realizarse [&hellip;]\" \/>\n<meta property=\"og:url\" content=\"https:\/\/www.reconoce.mx\/?p=70553\" \/>\n<meta property=\"og:site_name\" content=\"Reconoce MX\" \/>\n<meta property=\"article:publisher\" content=\"https:\/\/es-la.facebook.com\/ReconoceMX\/\" \/>\n<meta property=\"article:published_time\" content=\"2018-02-20T06:05:11+00:00\" \/>\n<meta property=\"article:modified_time\" content=\"2018-05-14T03:44:16+00:00\" \/>\n<meta property=\"og:image\" content=\"https:\/\/www.reconoce.mx\/wp-content\/uploads\/2018\/02\/marvin-2018-2.jpg\" \/>\n\t<meta property=\"og:image:width\" content=\"590\" \/>\n\t<meta property=\"og:image:height\" content=\"380\" \/>\n\t<meta property=\"og:image:type\" content=\"image\/jpeg\" \/>\n<meta name=\"author\" content=\"Reconoce MX\" \/>\n<meta name=\"twitter:card\" content=\"summary_large_image\" \/>\n<meta name=\"twitter:creator\" content=\"@reconocemx\" \/>\n<meta name=\"twitter:site\" content=\"@reconocemx\" \/>\n<meta name=\"twitter:label1\" content=\"Escrito por\" \/>\n\t<meta name=\"twitter:data1\" content=\"Reconoce MX\" \/>\n\t<meta name=\"twitter:label2\" content=\"Tiempo de lectura\" \/>\n\t<meta name=\"twitter:data2\" content=\"2 minutos\" \/>\n<script type=\"application\/ld+json\" class=\"yoast-schema-graph\">{\"@context\":\"https:\/\/schema.org\",\"@graph\":[{\"@type\":\"Article\",\"@id\":\"https:\/\/www.reconoce.mx\/?p=70553#article\",\"isPartOf\":{\"@id\":\"https:\/\/www.reconoce.mx\/?p=70553\"},\"author\":{\"name\":\"Reconoce MX\",\"@id\":\"http:\/\/www.reconoce.mx\/#\/schema\/person\/2117e997d7051dc15d6880eaf9bca0b2\"},\"headline\":\"\u00a1Conoce el tremendo cartel del 8\u00b0 #FestivalMarvinCDMX!\",\"datePublished\":\"2018-02-20T06:05:11+00:00\",\"dateModified\":\"2018-05-14T03:44:16+00:00\",\"mainEntityOfPage\":{\"@id\":\"https:\/\/www.reconoce.mx\/?p=70553\"},\"wordCount\":440,\"commentCount\":0,\"publisher\":{\"@id\":\"http:\/\/www.reconoce.mx\/#organization\"},\"image\":{\"@id\":\"https:\/\/www.reconoce.mx\/?p=70553#primaryimage\"},\"thumbnailUrl\":\"http:\/\/www.reconoce.mx\/wp-content\/uploads\/2018\/02\/marvin-2018-2.jpg\",\"articleSection\":[\"Cultura\",\"M\u00fasica\",\"Principal\"],\"inLanguage\":\"es\",\"potentialAction\":[{\"@type\":\"CommentAction\",\"name\":\"Comment\",\"target\":[\"https:\/\/www.reconoce.mx\/?p=70553#respond\"]}]},{\"@type\":\"WebPage\",\"@id\":\"https:\/\/www.reconoce.mx\/?p=70553\",\"url\":\"https:\/\/www.reconoce.mx\/?p=70553\",\"name\":\"\u00a1Conoce el tremendo cartel del 8\u00b0 #FestivalMarvinCDMX! &#171; Reconoce MX\",\"isPartOf\":{\"@id\":\"http:\/\/www.reconoce.mx\/#website\"},\"primaryImageOfPage\":{\"@id\":\"https:\/\/www.reconoce.mx\/?p=70553#primaryimage\"},\"image\":{\"@id\":\"https:\/\/www.reconoce.mx\/?p=70553#primaryimage\"},\"thumbnailUrl\":\"http:\/\/www.reconoce.mx\/wp-content\/uploads\/2018\/02\/marvin-2018-2.jpg\",\"datePublished\":\"2018-02-20T06:05:11+00:00\",\"dateModified\":\"2018-05-14T03:44:16+00:00\",\"breadcrumb\":{\"@id\":\"https:\/\/www.reconoce.mx\/?p=70553#breadcrumb\"},\"inLanguage\":\"es\",\"potentialAction\":[{\"@type\":\"ReadAction\",\"target\":[\"https:\/\/www.reconoce.mx\/?p=70553\"]}]},{\"@type\":\"ImageObject\",\"inLanguage\":\"es\",\"@id\":\"https:\/\/www.reconoce.mx\/?p=70553#primaryimage\",\"url\":\"http:\/\/www.reconoce.mx\/wp-content\/uploads\/2018\/02\/marvin-2018-2.jpg\",\"contentUrl\":\"http:\/\/www.reconoce.mx\/wp-content\/uploads\/2018\/02\/marvin-2018-2.jpg\",\"width\":590,\"height\":380},{\"@type\":\"BreadcrumbList\",\"@id\":\"https:\/\/www.reconoce.mx\/?p=70553#breadcrumb\",\"itemListElement\":[{\"@type\":\"ListItem\",\"position\":1,\"name\":\"Portada\",\"item\":\"http:\/\/www.reconoce.mx\/\"},{\"@type\":\"ListItem\",\"position\":2,\"name\":\"\u00a1Conoce el tremendo cartel del 8\u00b0 #FestivalMarvinCDMX!\"}]},{\"@type\":\"WebSite\",\"@id\":\"http:\/\/www.reconoce.mx\/#website\",\"url\":\"http:\/\/www.reconoce.mx\/\",\"name\":\"Reconoce MX\",\"description\":\"En Reconoce MX difundimos arte, cultura y conciencia social en M\u00e9xico. Tu ciudad en otra perspectiva.\",\"publisher\":{\"@id\":\"http:\/\/www.reconoce.mx\/#organization\"},\"potentialAction\":[{\"@type\":\"SearchAction\",\"target\":{\"@type\":\"EntryPoint\",\"urlTemplate\":\"http:\/\/www.reconoce.mx\/?s={search_term_string}\"},\"query-input\":{\"@type\":\"PropertyValueSpecification\",\"valueRequired\":true,\"valueName\":\"search_term_string\"}}],\"inLanguage\":\"es\"},{\"@type\":\"Organization\",\"@id\":\"http:\/\/www.reconoce.mx\/#organization\",\"name\":\"Reconoce MX\",\"url\":\"http:\/\/www.reconoce.mx\/\",\"logo\":{\"@type\":\"ImageObject\",\"inLanguage\":\"es\",\"@id\":\"http:\/\/www.reconoce.mx\/#\/schema\/logo\/image\/\",\"url\":\"https:\/\/www.reconoce.mx\/wp-content\/uploads\/2019\/03\/logorcmx-good-1.png\",\"contentUrl\":\"https:\/\/www.reconoce.mx\/wp-content\/uploads\/2019\/03\/logorcmx-good-1.png\",\"width\":280,\"height\":90,\"caption\":\"Reconoce MX\"},\"image\":{\"@id\":\"http:\/\/www.reconoce.mx\/#\/schema\/logo\/image\/\"},\"sameAs\":[\"https:\/\/es-la.facebook.com\/ReconoceMX\/\",\"https:\/\/x.com\/reconocemx\",\"http:\/\/@reconocemx\"]},{\"@type\":\"Person\",\"@id\":\"http:\/\/www.reconoce.mx\/#\/schema\/person\/2117e997d7051dc15d6880eaf9bca0b2\",\"name\":\"Reconoce MX\",\"image\":{\"@type\":\"ImageObject\",\"inLanguage\":\"es\",\"@id\":\"http:\/\/www.reconoce.mx\/#\/schema\/person\/image\/\",\"url\":\"https:\/\/secure.gravatar.com\/avatar\/6c8d4dc7569ca1c90c5fdcc349f839d5ddef6fe1e70b4337ead2ef1a4c43fc3a?s=96&d=identicon&r=g\",\"contentUrl\":\"https:\/\/secure.gravatar.com\/avatar\/6c8d4dc7569ca1c90c5fdcc349f839d5ddef6fe1e70b4337ead2ef1a4c43fc3a?s=96&d=identicon&r=g\",\"caption\":\"Reconoce MX\"},\"description\":\"Reconoce MX es un proyecto de difusi\u00f3n art\u00edstica, cultural y de conciencia social que est\u00e1 enfocado a difundir y fomentar el entretenimiento alternativo de calidad para todo el p\u00fablico que comparta el mismo entusiasmo.\",\"sameAs\":[\"http:\/\/www.reconoce.mx\"],\"url\":\"http:\/\/www.reconoce.mx\/?author=2\"}]}<\/script>\n<!-- \/ Yoast SEO plugin. -->","yoast_head_json":{"title":"\u00a1Conoce el tremendo cartel del 8\u00b0 #FestivalMarvinCDMX! &#171; Reconoce MX","robots":{"index":"index","follow":"follow","max-snippet":"max-snippet:-1","max-image-preview":"max-image-preview:large","max-video-preview":"max-video-preview:-1"},"canonical":"https:\/\/www.reconoce.mx\/?p=70553","og_locale":"es_ES","og_type":"article","og_title":"\u00a1Conoce el tremendo cartel del 8\u00b0 #FestivalMarvinCDMX! &#171; Reconoce MX","og_description":"Por Asfaltos. Desde aquella tercera edici\u00f3n en la que por vez primera cubrimos el ahora llamado #FestivalMarvinCDMX, nos enamoramos de este encuentro musical que ha apostado siempre por un cartel perfectamente balanceado entre joyas para los m\u00e1s conocedores mel\u00f3manos, hasta propuestas que usan la plataforma para impulsar su carrera. Para la octava edici\u00f3n, a realizarse [&hellip;]","og_url":"https:\/\/www.reconoce.mx\/?p=70553","og_site_name":"Reconoce MX","article_publisher":"https:\/\/es-la.facebook.com\/ReconoceMX\/","article_published_time":"2018-02-20T06:05:11+00:00","article_modified_time":"2018-05-14T03:44:16+00:00","og_image":[{"width":590,"height":380,"url":"https:\/\/www.reconoce.mx\/wp-content\/uploads\/2018\/02\/marvin-2018-2.jpg","type":"image\/jpeg"}],"author":"Reconoce MX","twitter_card":"summary_large_image","twitter_creator":"@reconocemx","twitter_site":"@reconocemx","twitter_misc":{"Escrito por":"Reconoce MX","Tiempo de lectura":"2 minutos"},"schema":{"@context":"https:\/\/schema.org","@graph":[{"@type":"Article","@id":"https:\/\/www.reconoce.mx\/?p=70553#article","isPartOf":{"@id":"https:\/\/www.reconoce.mx\/?p=70553"},"author":{"name":"Reconoce MX","@id":"http:\/\/www.reconoce.mx\/#\/schema\/person\/2117e997d7051dc15d6880eaf9bca0b2"},"headline":"\u00a1Conoce el tremendo cartel del 8\u00b0 #FestivalMarvinCDMX!","datePublished":"2018-02-20T06:05:11+00:00","dateModified":"2018-05-14T03:44:16+00:00","mainEntityOfPage":{"@id":"https:\/\/www.reconoce.mx\/?p=70553"},"wordCount":440,"commentCount":0,"publisher":{"@id":"http:\/\/www.reconoce.mx\/#organization"},"image":{"@id":"https:\/\/www.reconoce.mx\/?p=70553#primaryimage"},"thumbnailUrl":"http:\/\/www.reconoce.mx\/wp-content\/uploads\/2018\/02\/marvin-2018-2.jpg","articleSection":["Cultura","M\u00fasica","Principal"],"inLanguage":"es","potentialAction":[{"@type":"CommentAction","name":"Comment","target":["https:\/\/www.reconoce.mx\/?p=70553#respond"]}]},{"@type":"WebPage","@id":"https:\/\/www.reconoce.mx\/?p=70553","url":"https:\/\/www.reconoce.mx\/?p=70553","name":"\u00a1Conoce el tremendo cartel del 8\u00b0 #FestivalMarvinCDMX! &#171; Reconoce MX","isPartOf":{"@id":"http:\/\/www.reconoce.mx\/#website"},"primaryImageOfPage":{"@id":"https:\/\/www.reconoce.mx\/?p=70553#primaryimage"},"image":{"@id":"https:\/\/www.reconoce.mx\/?p=70553#primaryimage"},"thumbnailUrl":"http:\/\/www.reconoce.mx\/wp-content\/uploads\/2018\/02\/marvin-2018-2.jpg","datePublished":"2018-02-20T06:05:11+00:00","dateModified":"2018-05-14T03:44:16+00:00","breadcrumb":{"@id":"https:\/\/www.reconoce.mx\/?p=70553#breadcrumb"},"inLanguage":"es","potentialAction":[{"@type":"ReadAction","target":["https:\/\/www.reconoce.mx\/?p=70553"]}]},{"@type":"ImageObject","inLanguage":"es","@id":"https:\/\/www.reconoce.mx\/?p=70553#primaryimage","url":"http:\/\/www.reconoce.mx\/wp-content\/uploads\/2018\/02\/marvin-2018-2.jpg","contentUrl":"http:\/\/www.reconoce.mx\/wp-content\/uploads\/2018\/02\/marvin-2018-2.jpg","width":590,"height":380},{"@type":"BreadcrumbList","@id":"https:\/\/www.reconoce.mx\/?p=70553#breadcrumb","itemListElement":[{"@type":"ListItem","position":1,"name":"Portada","item":"http:\/\/www.reconoce.mx\/"},{"@type":"ListItem","position":2,"name":"\u00a1Conoce el tremendo cartel del 8\u00b0 #FestivalMarvinCDMX!"}]},{"@type":"WebSite","@id":"http:\/\/www.reconoce.mx\/#website","url":"http:\/\/www.reconoce.mx\/","name":"Reconoce MX","description":"En Reconoce MX difundimos arte, cultura y conciencia social en M\u00e9xico. Tu ciudad en otra perspectiva.","publisher":{"@id":"http:\/\/www.reconoce.mx\/#organization"},"potentialAction":[{"@type":"SearchAction","target":{"@type":"EntryPoint","urlTemplate":"http:\/\/www.reconoce.mx\/?s={search_term_string}"},"query-input":{"@type":"PropertyValueSpecification","valueRequired":true,"valueName":"search_term_string"}}],"inLanguage":"es"},{"@type":"Organization","@id":"http:\/\/www.reconoce.mx\/#organization","name":"Reconoce MX","url":"http:\/\/www.reconoce.mx\/","logo":{"@type":"ImageObject","inLanguage":"es","@id":"http:\/\/www.reconoce.mx\/#\/schema\/logo\/image\/","url":"https:\/\/www.reconoce.mx\/wp-content\/uploads\/2019\/03\/logorcmx-good-1.png","contentUrl":"https:\/\/www.reconoce.mx\/wp-content\/uploads\/2019\/03\/logorcmx-good-1.png","width":280,"height":90,"caption":"Reconoce MX"},"image":{"@id":"http:\/\/www.reconoce.mx\/#\/schema\/logo\/image\/"},"sameAs":["https:\/\/es-la.facebook.com\/ReconoceMX\/","https:\/\/x.com\/reconocemx","http:\/\/@reconocemx"]},{"@type":"Person","@id":"http:\/\/www.reconoce.mx\/#\/schema\/person\/2117e997d7051dc15d6880eaf9bca0b2","name":"Reconoce MX","image":{"@type":"ImageObject","inLanguage":"es","@id":"http:\/\/www.reconoce.mx\/#\/schema\/person\/image\/","url":"https:\/\/secure.gravatar.com\/avatar\/6c8d4dc7569ca1c90c5fdcc349f839d5ddef6fe1e70b4337ead2ef1a4c43fc3a?s=96&d=identicon&r=g","contentUrl":"https:\/\/secure.gravatar.com\/avatar\/6c8d4dc7569ca1c90c5fdcc349f839d5ddef6fe1e70b4337ead2ef1a4c43fc3a?s=96&d=identicon&r=g","caption":"Reconoce MX"},"description":"Reconoce MX es un proyecto de difusi\u00f3n art\u00edstica, cultural y de conciencia social que est\u00e1 enfocado a difundir y fomentar el entretenimiento alternativo de calidad para todo el p\u00fablico que comparta el mismo entusiasmo.","sameAs":["http:\/\/www.reconoce.mx"],"url":"http:\/\/www.reconoce.mx\/?author=2"}]}},"_links":{"self":[{"href":"http:\/\/www.reconoce.mx\/index.php?rest_route=\/wp\/v2\/posts\/70553","targetHints":{"allow":["GET"]}}],"collection":[{"href":"http:\/\/www.reconoce.mx\/index.php?rest_route=\/wp\/v2\/posts"}],"about":[{"href":"http:\/\/www.reconoce.mx\/index.php?rest_route=\/wp\/v2\/types\/post"}],"author":[{"embeddable":true,"href":"http:\/\/www.reconoce.mx\/index.php?rest_route=\/wp\/v2\/users\/2"}],"replies":[{"embeddable":true,"href":"http:\/\/www.reconoce.mx\/index.php?rest_route=%2Fwp%2Fv2%2Fcomments&post=70553"}],"version-history":[{"count":6,"href":"http:\/\/www.reconoce.mx\/index.php?rest_route=\/wp\/v2\/posts\/70553\/revisions"}],"predecessor-version":[{"id":73139,"href":"http:\/\/www.reconoce.mx\/index.php?rest_route=\/wp\/v2\/posts\/70553\/revisions\/73139"}],"wp:featuredmedia":[{"embeddable":true,"href":"http:\/\/www.reconoce.mx\/index.php?rest_route=\/wp\/v2\/media\/70559"}],"wp:attachment":[{"href":"http:\/\/www.reconoce.mx\/index.php?rest_route=%2Fwp%2Fv2%2Fmedia&parent=70553"}],"wp:term":[{"taxonomy":"category","embeddable":true,"href":"http:\/\/www.reconoce.mx\/index.php?rest_route=%2Fwp%2Fv2%2Fcategories&post=70553"},{"taxonomy":"post_tag","embeddable":true,"href":"http:\/\/www.reconoce.mx\/index.php?rest_route=%2Fwp%2Fv2%2Ftags&post=70553"}],"curies":[{"name":"wp","href":"https:\/\/api.w.org\/{rel}","templated":true}]}}