{"id":70578,"date":"2018-02-19T00:01:46","date_gmt":"2018-02-19T06:01:46","guid":{"rendered":"http:\/\/www.reconoce.mx\/?p=70578"},"modified":"2018-02-19T00:23:13","modified_gmt":"2018-02-19T06:23:13","slug":"edc-mexico-2018-el-quinto-aniversario-del-sueno-electronico","status":"publish","type":"post","link":"http:\/\/www.reconoce.mx\/?p=70578","title":{"rendered":"EDC M\u00e9xico 2018: el quinto aniversario del sue\u00f1o electr\u00f3nico"},"content":{"rendered":"<p><strong>Por\u00a0<span class=\"st\"><a href=\"https:\/\/twitter.com\/Amauryshow\" target=\"_blank\" rel=\"noopener noreferrer\">Amaury Berdejo Ju\u00e1rez<\/a><\/span>.<\/strong><\/p>\n<p>Cuando en 2013 se anunci\u00f3 la primera edici\u00f3n del <strong>Electric Daisy Carnival<\/strong> (EDC) en M\u00e9xico, el esfuerzo por parte de los organizadores parec\u00eda muy grande y los resultados inciertos. En el pa\u00eds ya se contaba con festivales consolidados como el <strong>Vive Latino<\/strong> y el <strong>Corona Capital<\/strong>, pero a\u00fan se ve\u00eda lejano un evento masivo \u00fanicamente de m\u00fasica electr\u00f3nica.<\/p>\n<p><a href=\"http:\/\/www.reconoce.mx\/wp-content\/uploads\/2018\/02\/edc_mexico_2018_lu_lineup_full_lineup_1080x1080_es.png\"><img loading=\"lazy\" decoding=\"async\" class=\"aligncenter size-full wp-image-70580\" src=\"http:\/\/www.reconoce.mx\/wp-content\/uploads\/2018\/02\/edc_mexico_2018_lu_lineup_full_lineup_1080x1080_es.png\" alt=\"\" width=\"1080\" height=\"1080\" srcset=\"http:\/\/www.reconoce.mx\/wp-content\/uploads\/2018\/02\/edc_mexico_2018_lu_lineup_full_lineup_1080x1080_es.png 1080w, http:\/\/www.reconoce.mx\/wp-content\/uploads\/2018\/02\/edc_mexico_2018_lu_lineup_full_lineup_1080x1080_es-150x150.png 150w, http:\/\/www.reconoce.mx\/wp-content\/uploads\/2018\/02\/edc_mexico_2018_lu_lineup_full_lineup_1080x1080_es-300x300.png 300w, http:\/\/www.reconoce.mx\/wp-content\/uploads\/2018\/02\/edc_mexico_2018_lu_lineup_full_lineup_1080x1080_es-768x768.png 768w, http:\/\/www.reconoce.mx\/wp-content\/uploads\/2018\/02\/edc_mexico_2018_lu_lineup_full_lineup_1080x1080_es-1024x1024.png 1024w, http:\/\/www.reconoce.mx\/wp-content\/uploads\/2018\/02\/edc_mexico_2018_lu_lineup_full_lineup_1080x1080_es-65x65.png 65w, http:\/\/www.reconoce.mx\/wp-content\/uploads\/2018\/02\/edc_mexico_2018_lu_lineup_full_lineup_1080x1080_es-700x700.png 700w, http:\/\/www.reconoce.mx\/wp-content\/uploads\/2018\/02\/edc_mexico_2018_lu_lineup_full_lineup_1080x1080_es-658x658.png 658w\" sizes=\"auto, (max-width: 1080px) 100vw, 1080px\" \/><\/a><\/p>\n<p>Sin embargo, a\u00f1o con a\u00f1o el p\u00fablico respondi\u00f3 de manera excepcional a las 4 ediciones del <strong>EDC<\/strong> en nuestro pa\u00eds, permitiendo incrementar la infraestructura, producci\u00f3n y <em>line ups<\/em> del evento. Nombres internacionales de <em>headliners<\/em> que antes s\u00f3lo visitaban Europa y Estados Unidos, comenzaron a presentarse en la edici\u00f3n mexicana del festival.<\/p>\n<p>Una caracter\u00edstica que este evento ha intentado promover es la idea de la inclusi\u00f3n: un festival donde todos caben, apelando a la diversidad a trav\u00e9s de una fiesta donde los asistentes pueden ir disfrazados de manera muy colorida, para dejarse llevar por la m\u00fasica y convertirse en lo que quieran, al menos durante una noche.<\/p>\n<style>.embed-container { position: relative; padding-bottom: 56.25%; height: 0; overflow: hidden; max-width: 100%; } .embed-container iframe, .embed-container object, .embed-container embed { position: absolute; top: 0; left: 0; width: 100%; height: 100%; }<\/style>\n<div class=\"embed-container\"><iframe loading=\"lazy\" src=\"https:\/\/www.youtube.com\/embed\/eFg1N_NQ7xI\" width=\"300\" height=\"150\" frameborder=\"0\" allowfullscreen=\"allowfullscreen\"><\/iframe><\/div>\n<p>&nbsp;<\/p>\n<p>Ahora el <strong>EDC M\u00e9xico<\/strong> va por su quinto a\u00f1o y entre las sorpresas que se dieron a conocer est\u00e1n la intalaci\u00f3n (por primera vez) del \u00abCircuit Grounds\u00bb <em>stage<\/em>, un espacio con m\u00e1s de 60 metros de ancho y que promete una experiencia \u00fanica de visuales digitales, l\u00e1seres y sonidos que buscar\u00e1n llevar la experiencia del p\u00fablico al m\u00e1ximo. Otra noticia son el regreso de los ic\u00f3nicos DJ&#8217;s <strong>deadmau5 <\/strong>y <strong>Ti\u00ebsto<\/strong>, quienes seguramente congregar\u00e1n a miles de personas y las pondr\u00e1n a bailar entrada la noche.<\/p>\n<p>La cita es el d\u00eda s\u00e1bado 24 y domingo 25 de febrero en el <strong>Aut\u00f3dromo Hermanos Rodr\u00edguez<\/strong> (Viaducto Piedad y R\u00edo Churubusco s\/n, Granjas). Puedes conseguir tus entradas <a href=\"http:\/\/bit.ly\/2spcdG2\" target=\"_blank\" rel=\"noopener\">aqu\u00ed<\/a>.<\/p>\n<p>&nbsp;<\/p>\n<p>&nbsp;<\/p>\n","protected":false},"excerpt":{"rendered":"<p>Cuando en 2013 se anunci\u00f3 la primera edici\u00f3n del Electric Daisy Carnival (EDC) en M\u00e9xico, el esfuerzo por parte de los organizadores parec\u00eda muy grande y los resultados inciertos. <\/p>\n","protected":false},"author":2,"featured_media":70579,"comment_status":"open","ping_status":"open","sticky":false,"template":"","format":"standard","meta":{"footnotes":""},"categories":[1,18,17],"tags":[],"class_list":["post-70578","post","type-post","status-publish","format-standard","has-post-thumbnail","hentry","category-cultura","category-musica","category-principal"],"yoast_head":"<!-- This site is optimized with the Yoast SEO plugin v24.7 - https:\/\/yoast.com\/wordpress\/plugins\/seo\/ -->\n<title>EDC M\u00e9xico 2018: el quinto aniversario del sue\u00f1o electr\u00f3nico &#171; Reconoce MX<\/title>\n<meta name=\"robots\" content=\"index, follow, max-snippet:-1, max-image-preview:large, max-video-preview:-1\" \/>\n<link rel=\"canonical\" href=\"http:\/\/www.reconoce.mx\/?p=70578\" \/>\n<meta property=\"og:locale\" content=\"es_ES\" \/>\n<meta property=\"og:type\" content=\"article\" \/>\n<meta property=\"og:title\" content=\"EDC M\u00e9xico 2018: el quinto aniversario del sue\u00f1o electr\u00f3nico &#171; Reconoce MX\" \/>\n<meta property=\"og:description\" content=\"Cuando en 2013 se anunci\u00f3 la primera edici\u00f3n del Electric Daisy Carnival (EDC) en M\u00e9xico, el esfuerzo por parte de los organizadores parec\u00eda muy grande y los resultados inciertos.\" \/>\n<meta property=\"og:url\" content=\"http:\/\/www.reconoce.mx\/?p=70578\" \/>\n<meta property=\"og:site_name\" content=\"Reconoce MX\" \/>\n<meta property=\"article:publisher\" content=\"https:\/\/es-la.facebook.com\/ReconoceMX\/\" \/>\n<meta property=\"article:published_time\" content=\"2018-02-19T06:01:46+00:00\" \/>\n<meta property=\"article:modified_time\" content=\"2018-02-19T06:23:13+00:00\" \/>\n<meta property=\"og:image\" content=\"http:\/\/www.reconoce.mx\/wp-content\/uploads\/2018\/02\/edc-2018.jpg\" \/>\n\t<meta property=\"og:image:width\" content=\"590\" \/>\n\t<meta property=\"og:image:height\" content=\"380\" \/>\n\t<meta property=\"og:image:type\" content=\"image\/jpeg\" \/>\n<meta name=\"author\" content=\"Reconoce MX\" \/>\n<meta name=\"twitter:card\" content=\"summary_large_image\" \/>\n<meta name=\"twitter:creator\" content=\"@reconocemx\" \/>\n<meta name=\"twitter:site\" content=\"@reconocemx\" \/>\n<meta name=\"twitter:label1\" content=\"Escrito por\" \/>\n\t<meta name=\"twitter:data1\" content=\"Reconoce MX\" \/>\n\t<meta name=\"twitter:label2\" content=\"Tiempo de lectura\" \/>\n\t<meta name=\"twitter:data2\" content=\"2 minutos\" \/>\n<script type=\"application\/ld+json\" class=\"yoast-schema-graph\">{\"@context\":\"https:\/\/schema.org\",\"@graph\":[{\"@type\":\"Article\",\"@id\":\"http:\/\/www.reconoce.mx\/?p=70578#article\",\"isPartOf\":{\"@id\":\"http:\/\/www.reconoce.mx\/?p=70578\"},\"author\":{\"name\":\"Reconoce MX\",\"@id\":\"http:\/\/www.reconoce.mx\/#\/schema\/person\/2117e997d7051dc15d6880eaf9bca0b2\"},\"headline\":\"EDC M\u00e9xico 2018: el quinto aniversario del sue\u00f1o electr\u00f3nico\",\"datePublished\":\"2018-02-19T06:01:46+00:00\",\"dateModified\":\"2018-02-19T06:23:13+00:00\",\"mainEntityOfPage\":{\"@id\":\"http:\/\/www.reconoce.mx\/?p=70578\"},\"wordCount\":330,\"commentCount\":0,\"publisher\":{\"@id\":\"http:\/\/www.reconoce.mx\/#organization\"},\"image\":{\"@id\":\"http:\/\/www.reconoce.mx\/?p=70578#primaryimage\"},\"thumbnailUrl\":\"http:\/\/www.reconoce.mx\/wp-content\/uploads\/2018\/02\/edc-2018.jpg\",\"articleSection\":[\"Cultura\",\"M\u00fasica\",\"Principal\"],\"inLanguage\":\"es\",\"potentialAction\":[{\"@type\":\"CommentAction\",\"name\":\"Comment\",\"target\":[\"http:\/\/www.reconoce.mx\/?p=70578#respond\"]}]},{\"@type\":\"WebPage\",\"@id\":\"http:\/\/www.reconoce.mx\/?p=70578\",\"url\":\"http:\/\/www.reconoce.mx\/?p=70578\",\"name\":\"EDC M\u00e9xico 2018: el quinto aniversario del sue\u00f1o electr\u00f3nico &#171; Reconoce MX\",\"isPartOf\":{\"@id\":\"http:\/\/www.reconoce.mx\/#website\"},\"primaryImageOfPage\":{\"@id\":\"http:\/\/www.reconoce.mx\/?p=70578#primaryimage\"},\"image\":{\"@id\":\"http:\/\/www.reconoce.mx\/?p=70578#primaryimage\"},\"thumbnailUrl\":\"http:\/\/www.reconoce.mx\/wp-content\/uploads\/2018\/02\/edc-2018.jpg\",\"datePublished\":\"2018-02-19T06:01:46+00:00\",\"dateModified\":\"2018-02-19T06:23:13+00:00\",\"breadcrumb\":{\"@id\":\"http:\/\/www.reconoce.mx\/?p=70578#breadcrumb\"},\"inLanguage\":\"es\",\"potentialAction\":[{\"@type\":\"ReadAction\",\"target\":[\"http:\/\/www.reconoce.mx\/?p=70578\"]}]},{\"@type\":\"ImageObject\",\"inLanguage\":\"es\",\"@id\":\"http:\/\/www.reconoce.mx\/?p=70578#primaryimage\",\"url\":\"http:\/\/www.reconoce.mx\/wp-content\/uploads\/2018\/02\/edc-2018.jpg\",\"contentUrl\":\"http:\/\/www.reconoce.mx\/wp-content\/uploads\/2018\/02\/edc-2018.jpg\",\"width\":590,\"height\":380},{\"@type\":\"BreadcrumbList\",\"@id\":\"http:\/\/www.reconoce.mx\/?p=70578#breadcrumb\",\"itemListElement\":[{\"@type\":\"ListItem\",\"position\":1,\"name\":\"Portada\",\"item\":\"http:\/\/www.reconoce.mx\/\"},{\"@type\":\"ListItem\",\"position\":2,\"name\":\"EDC M\u00e9xico 2018: el quinto aniversario del sue\u00f1o electr\u00f3nico\"}]},{\"@type\":\"WebSite\",\"@id\":\"http:\/\/www.reconoce.mx\/#website\",\"url\":\"http:\/\/www.reconoce.mx\/\",\"name\":\"Reconoce MX\",\"description\":\"En Reconoce MX difundimos arte, cultura y conciencia social en M\u00e9xico. Tu ciudad en otra perspectiva.\",\"publisher\":{\"@id\":\"http:\/\/www.reconoce.mx\/#organization\"},\"potentialAction\":[{\"@type\":\"SearchAction\",\"target\":{\"@type\":\"EntryPoint\",\"urlTemplate\":\"http:\/\/www.reconoce.mx\/?s={search_term_string}\"},\"query-input\":{\"@type\":\"PropertyValueSpecification\",\"valueRequired\":true,\"valueName\":\"search_term_string\"}}],\"inLanguage\":\"es\"},{\"@type\":\"Organization\",\"@id\":\"http:\/\/www.reconoce.mx\/#organization\",\"name\":\"Reconoce MX\",\"url\":\"http:\/\/www.reconoce.mx\/\",\"logo\":{\"@type\":\"ImageObject\",\"inLanguage\":\"es\",\"@id\":\"http:\/\/www.reconoce.mx\/#\/schema\/logo\/image\/\",\"url\":\"https:\/\/www.reconoce.mx\/wp-content\/uploads\/2019\/03\/logorcmx-good-1.png\",\"contentUrl\":\"https:\/\/www.reconoce.mx\/wp-content\/uploads\/2019\/03\/logorcmx-good-1.png\",\"width\":280,\"height\":90,\"caption\":\"Reconoce MX\"},\"image\":{\"@id\":\"http:\/\/www.reconoce.mx\/#\/schema\/logo\/image\/\"},\"sameAs\":[\"https:\/\/es-la.facebook.com\/ReconoceMX\/\",\"https:\/\/x.com\/reconocemx\",\"http:\/\/@reconocemx\"]},{\"@type\":\"Person\",\"@id\":\"http:\/\/www.reconoce.mx\/#\/schema\/person\/2117e997d7051dc15d6880eaf9bca0b2\",\"name\":\"Reconoce MX\",\"image\":{\"@type\":\"ImageObject\",\"inLanguage\":\"es\",\"@id\":\"http:\/\/www.reconoce.mx\/#\/schema\/person\/image\/\",\"url\":\"https:\/\/secure.gravatar.com\/avatar\/6c8d4dc7569ca1c90c5fdcc349f839d5ddef6fe1e70b4337ead2ef1a4c43fc3a?s=96&d=identicon&r=g\",\"contentUrl\":\"https:\/\/secure.gravatar.com\/avatar\/6c8d4dc7569ca1c90c5fdcc349f839d5ddef6fe1e70b4337ead2ef1a4c43fc3a?s=96&d=identicon&r=g\",\"caption\":\"Reconoce MX\"},\"description\":\"Reconoce MX es un proyecto de difusi\u00f3n art\u00edstica, cultural y de conciencia social que est\u00e1 enfocado a difundir y fomentar el entretenimiento alternativo de calidad para todo el p\u00fablico que comparta el mismo entusiasmo.\",\"sameAs\":[\"http:\/\/www.reconoce.mx\"],\"url\":\"http:\/\/www.reconoce.mx\/?author=2\"}]}<\/script>\n<!-- \/ Yoast SEO plugin. -->","yoast_head_json":{"title":"EDC M\u00e9xico 2018: el quinto aniversario del sue\u00f1o electr\u00f3nico &#171; Reconoce MX","robots":{"index":"index","follow":"follow","max-snippet":"max-snippet:-1","max-image-preview":"max-image-preview:large","max-video-preview":"max-video-preview:-1"},"canonical":"http:\/\/www.reconoce.mx\/?p=70578","og_locale":"es_ES","og_type":"article","og_title":"EDC M\u00e9xico 2018: el quinto aniversario del sue\u00f1o electr\u00f3nico &#171; Reconoce MX","og_description":"Cuando en 2013 se anunci\u00f3 la primera edici\u00f3n del Electric Daisy Carnival (EDC) en M\u00e9xico, el esfuerzo por parte de los organizadores parec\u00eda muy grande y los resultados inciertos.","og_url":"http:\/\/www.reconoce.mx\/?p=70578","og_site_name":"Reconoce MX","article_publisher":"https:\/\/es-la.facebook.com\/ReconoceMX\/","article_published_time":"2018-02-19T06:01:46+00:00","article_modified_time":"2018-02-19T06:23:13+00:00","og_image":[{"width":590,"height":380,"url":"http:\/\/www.reconoce.mx\/wp-content\/uploads\/2018\/02\/edc-2018.jpg","type":"image\/jpeg"}],"author":"Reconoce MX","twitter_card":"summary_large_image","twitter_creator":"@reconocemx","twitter_site":"@reconocemx","twitter_misc":{"Escrito por":"Reconoce MX","Tiempo de lectura":"2 minutos"},"schema":{"@context":"https:\/\/schema.org","@graph":[{"@type":"Article","@id":"http:\/\/www.reconoce.mx\/?p=70578#article","isPartOf":{"@id":"http:\/\/www.reconoce.mx\/?p=70578"},"author":{"name":"Reconoce MX","@id":"http:\/\/www.reconoce.mx\/#\/schema\/person\/2117e997d7051dc15d6880eaf9bca0b2"},"headline":"EDC M\u00e9xico 2018: el quinto aniversario del sue\u00f1o electr\u00f3nico","datePublished":"2018-02-19T06:01:46+00:00","dateModified":"2018-02-19T06:23:13+00:00","mainEntityOfPage":{"@id":"http:\/\/www.reconoce.mx\/?p=70578"},"wordCount":330,"commentCount":0,"publisher":{"@id":"http:\/\/www.reconoce.mx\/#organization"},"image":{"@id":"http:\/\/www.reconoce.mx\/?p=70578#primaryimage"},"thumbnailUrl":"http:\/\/www.reconoce.mx\/wp-content\/uploads\/2018\/02\/edc-2018.jpg","articleSection":["Cultura","M\u00fasica","Principal"],"inLanguage":"es","potentialAction":[{"@type":"CommentAction","name":"Comment","target":["http:\/\/www.reconoce.mx\/?p=70578#respond"]}]},{"@type":"WebPage","@id":"http:\/\/www.reconoce.mx\/?p=70578","url":"http:\/\/www.reconoce.mx\/?p=70578","name":"EDC M\u00e9xico 2018: el quinto aniversario del sue\u00f1o electr\u00f3nico &#171; Reconoce MX","isPartOf":{"@id":"http:\/\/www.reconoce.mx\/#website"},"primaryImageOfPage":{"@id":"http:\/\/www.reconoce.mx\/?p=70578#primaryimage"},"image":{"@id":"http:\/\/www.reconoce.mx\/?p=70578#primaryimage"},"thumbnailUrl":"http:\/\/www.reconoce.mx\/wp-content\/uploads\/2018\/02\/edc-2018.jpg","datePublished":"2018-02-19T06:01:46+00:00","dateModified":"2018-02-19T06:23:13+00:00","breadcrumb":{"@id":"http:\/\/www.reconoce.mx\/?p=70578#breadcrumb"},"inLanguage":"es","potentialAction":[{"@type":"ReadAction","target":["http:\/\/www.reconoce.mx\/?p=70578"]}]},{"@type":"ImageObject","inLanguage":"es","@id":"http:\/\/www.reconoce.mx\/?p=70578#primaryimage","url":"http:\/\/www.reconoce.mx\/wp-content\/uploads\/2018\/02\/edc-2018.jpg","contentUrl":"http:\/\/www.reconoce.mx\/wp-content\/uploads\/2018\/02\/edc-2018.jpg","width":590,"height":380},{"@type":"BreadcrumbList","@id":"http:\/\/www.reconoce.mx\/?p=70578#breadcrumb","itemListElement":[{"@type":"ListItem","position":1,"name":"Portada","item":"http:\/\/www.reconoce.mx\/"},{"@type":"ListItem","position":2,"name":"EDC M\u00e9xico 2018: el quinto aniversario del sue\u00f1o electr\u00f3nico"}]},{"@type":"WebSite","@id":"http:\/\/www.reconoce.mx\/#website","url":"http:\/\/www.reconoce.mx\/","name":"Reconoce MX","description":"En Reconoce MX difundimos arte, cultura y conciencia social en M\u00e9xico. Tu ciudad en otra perspectiva.","publisher":{"@id":"http:\/\/www.reconoce.mx\/#organization"},"potentialAction":[{"@type":"SearchAction","target":{"@type":"EntryPoint","urlTemplate":"http:\/\/www.reconoce.mx\/?s={search_term_string}"},"query-input":{"@type":"PropertyValueSpecification","valueRequired":true,"valueName":"search_term_string"}}],"inLanguage":"es"},{"@type":"Organization","@id":"http:\/\/www.reconoce.mx\/#organization","name":"Reconoce MX","url":"http:\/\/www.reconoce.mx\/","logo":{"@type":"ImageObject","inLanguage":"es","@id":"http:\/\/www.reconoce.mx\/#\/schema\/logo\/image\/","url":"https:\/\/www.reconoce.mx\/wp-content\/uploads\/2019\/03\/logorcmx-good-1.png","contentUrl":"https:\/\/www.reconoce.mx\/wp-content\/uploads\/2019\/03\/logorcmx-good-1.png","width":280,"height":90,"caption":"Reconoce MX"},"image":{"@id":"http:\/\/www.reconoce.mx\/#\/schema\/logo\/image\/"},"sameAs":["https:\/\/es-la.facebook.com\/ReconoceMX\/","https:\/\/x.com\/reconocemx","http:\/\/@reconocemx"]},{"@type":"Person","@id":"http:\/\/www.reconoce.mx\/#\/schema\/person\/2117e997d7051dc15d6880eaf9bca0b2","name":"Reconoce MX","image":{"@type":"ImageObject","inLanguage":"es","@id":"http:\/\/www.reconoce.mx\/#\/schema\/person\/image\/","url":"https:\/\/secure.gravatar.com\/avatar\/6c8d4dc7569ca1c90c5fdcc349f839d5ddef6fe1e70b4337ead2ef1a4c43fc3a?s=96&d=identicon&r=g","contentUrl":"https:\/\/secure.gravatar.com\/avatar\/6c8d4dc7569ca1c90c5fdcc349f839d5ddef6fe1e70b4337ead2ef1a4c43fc3a?s=96&d=identicon&r=g","caption":"Reconoce MX"},"description":"Reconoce MX es un proyecto de difusi\u00f3n art\u00edstica, cultural y de conciencia social que est\u00e1 enfocado a difundir y fomentar el entretenimiento alternativo de calidad para todo el p\u00fablico que comparta el mismo entusiasmo.","sameAs":["http:\/\/www.reconoce.mx"],"url":"http:\/\/www.reconoce.mx\/?author=2"}]}},"_links":{"self":[{"href":"http:\/\/www.reconoce.mx\/index.php?rest_route=\/wp\/v2\/posts\/70578","targetHints":{"allow":["GET"]}}],"collection":[{"href":"http:\/\/www.reconoce.mx\/index.php?rest_route=\/wp\/v2\/posts"}],"about":[{"href":"http:\/\/www.reconoce.mx\/index.php?rest_route=\/wp\/v2\/types\/post"}],"author":[{"embeddable":true,"href":"http:\/\/www.reconoce.mx\/index.php?rest_route=\/wp\/v2\/users\/2"}],"replies":[{"embeddable":true,"href":"http:\/\/www.reconoce.mx\/index.php?rest_route=%2Fwp%2Fv2%2Fcomments&post=70578"}],"version-history":[{"count":3,"href":"http:\/\/www.reconoce.mx\/index.php?rest_route=\/wp\/v2\/posts\/70578\/revisions"}],"predecessor-version":[{"id":70583,"href":"http:\/\/www.reconoce.mx\/index.php?rest_route=\/wp\/v2\/posts\/70578\/revisions\/70583"}],"wp:featuredmedia":[{"embeddable":true,"href":"http:\/\/www.reconoce.mx\/index.php?rest_route=\/wp\/v2\/media\/70579"}],"wp:attachment":[{"href":"http:\/\/www.reconoce.mx\/index.php?rest_route=%2Fwp%2Fv2%2Fmedia&parent=70578"}],"wp:term":[{"taxonomy":"category","embeddable":true,"href":"http:\/\/www.reconoce.mx\/index.php?rest_route=%2Fwp%2Fv2%2Fcategories&post=70578"},{"taxonomy":"post_tag","embeddable":true,"href":"http:\/\/www.reconoce.mx\/index.php?rest_route=%2Fwp%2Fv2%2Ftags&post=70578"}],"curies":[{"name":"wp","href":"https:\/\/api.w.org\/{rel}","templated":true}]}}