{"id":70601,"date":"2018-02-23T00:06:43","date_gmt":"2018-02-23T06:06:43","guid":{"rendered":"http:\/\/www.reconoce.mx\/?p=70601"},"modified":"2018-02-22T23:00:12","modified_gmt":"2018-02-23T05:00:12","slug":"la-brecha-salarial-se-hace-cada-vez-mas-grande-y-peligrosa","status":"publish","type":"post","link":"http:\/\/www.reconoce.mx\/?p=70601","title":{"rendered":"La brecha salarial se hace cada vez m\u00e1s grande y peligrosa"},"content":{"rendered":"<p><strong>Por <a title=\"@danielhiga_al\" href=\"https:\/\/twitter.com\/danielhiga_al\" target=\"_blank\" rel=\"noopener noreferrer\">Daniel Higa Alquicira<\/a><\/strong>.<\/p>\n<p>El tema de la pobreza en M\u00e9xico no es nada nuevo. Ya sea extrema, material, alimentaria o por no tener acceso a los benefactores b\u00e1sicos que marcan la l\u00ednea de bienestar, las cifras oficiales <strong>del Consejo Nacional de Evaluaci\u00f3n de la Pol\u00edtica de Desarrollo Social<\/strong> (Coneval) se\u00f1alan que al menos 53 millones de personas viven en condiciones de pobreza.<\/p>\n<p>Pero m\u00e1s all\u00e1 de solo una visi\u00f3n materialista y de niveles econ\u00f3micos, la <strong>Ley General de Desarrollo Social<\/strong> (LGDS) se\u00f1ala que la pobreza debe medirse utilizando ocho dimensiones: rezago educativo, acceso a la salud, acceso a la seguridad social, calidad y espacios de la vivienda, acceso a servicios b\u00e1sicos en la vivienda, acceso a la alimentaci\u00f3n, grado de cohesi\u00f3n social e ingreso.<\/p>\n<p>Este es un rango muy amplio en donde habr\u00e1 algunas personas que mejoran en algunos de estos \u00e1mbitos y empeoran en otros, pero recientemente se public\u00f3 el <strong>\u00cdndice de Tendencia Laboral de la Pobreza<\/strong> (ITLP), que tambi\u00e9n elabora el <strong>Coneval<\/strong> y en donde se pone de manifiesto algo realmente grave y que puede dimensionar la realidad del por qu\u00e9 la pobreza en M\u00e9xico sigue creciendo.<\/p>\n<p>Los resultados de este trabajo de investigaci\u00f3n son particularmente interesantes, ya que revela la gran brecha que existe entre los niveles de ingresos que percibimos los mexicanos y lo lejos que est\u00e1n para cubrir al menos las necesidades b\u00e1sicas de las personas.<\/p>\n<p>As\u00ed, el <strong>ITLP<\/strong> se\u00f1ala que para el 41 por ciento de la poblaci\u00f3n que cont\u00f3 con ingresos laborales en el cuarto trimestre de 2017, le fue imposible adquirir la canasta b\u00e1sica alimentaria, la cual tuvo un incremento en su precio de 7.6 por ciento, mientras que los salarios apenas subieron 5.88 por ciento.<\/p>\n<p>De esta manera, el \u00a0ingreso laboral descendi\u00f3 2.5 por ciento tan solo en el a\u00f1o pasado, ubic\u00e1ndose en mil 669.3 pesos desde los mil 711.6 pesos por persona en 2016.<\/p>\n<p>Seg\u00fan el estudio, esta es \u201cla baja en el poder adquisitivo del ingreso laboral m\u00e1s aguda en tres a\u00f1os, desde que al finalizar 2014 el ingreso real cay\u00f3 5.6 por ciento a tasa anual\u201d.<\/p>\n<p>\u00bfY qu\u00e9 sucede cuando tu esfuerzo no te da para poder ofrecerle a tu familia al menos lo b\u00e1sico necesario para tener una calidad vida aceptable? Viene la desilusi\u00f3n, sobre todo de las nuevas generaciones, que ven como sus padres se matan m\u00e1s de 40 \u00f3 50 horas a la semana en el trabajo y esto s\u00f3lo les da para seguir viviendo con deudas y preocupaciones.<\/p>\n<p>Entonces con pocas oportunidades laborales pero sobre todo con salarios miserables, hay personas que incluso ya han dejado de buscar empleo \u2013los \u201cdesalentados dice la <strong>Organizaci\u00f3n Internacional de Trabajo<\/strong> (OIT)\u2013 y en el mismo cuarto trimestre de 2017, 5.6 millones de mexicanos tomaron esta decisi\u00f3n ante las condiciones actuales a las que se enfrentan en el \u00e1mbito laboral.<\/p>\n<p>De acuerdo a la <strong>Encuesta Nacional de Ocupaci\u00f3n y Empleo<\/strong> (ENOE), hay 37.1 millones de personas que conforman la <strong>Poblaci\u00f3n No Econ\u00f3micamente Activa<\/strong> (PNEA), es decir, que no tienen trabajo y en este mismo sector, se encuentra ese grupo que declar\u00f3 abiertamente que ya no le interesa siquiera buscar una oferta laboral.<\/p>\n<p>\u00bfY de qu\u00e9 viven o de d\u00f3nde obtienen los recursos para subsistir? Esa ser\u00eda la pregunta a resolver, pero seguramente la respuesta estar\u00e1 en la informalidad, en el autoempleo y en el peor de los casos, en actividades delictivas.<\/p>\n<p>As\u00ed, la brecha salarial se hace cada vez m\u00e1s grande y peligrosa porque mientras m\u00e1s nuevos empleos se crean, peor pagados est\u00e1n; mientras m\u00e1s se trabaja, se gana menos y mientras m\u00e1s se esfuerzan las personas, su calidad de vida es cada vez peor; todo lo contrario a lo que se supon\u00eda era la f\u00f3rmula del \u00e9xito.<\/p>\n<p style=\"text-align: right;\">Foto: <strong>JosEnrique<\/strong>.<\/p>\n<p>&nbsp;<\/p>\n<p>&nbsp;<\/p>\n","protected":false},"excerpt":{"rendered":"<p>El tema de la pobreza en M\u00e9xico no es nada nuevo. Ya sea extrema, material, alimentaria o por no tener acceso a los benefactores b\u00e1sicos que marcan la l\u00ednea de bienestar, las cifras oficiales del Consejo Nacional de Evaluaci\u00f3n de la Pol\u00edtica de Desarrollo Social (Coneval) se\u00f1alan que al menos 53 millones de personas viven en condiciones de pobreza.<\/p>\n","protected":false},"author":2,"featured_media":70602,"comment_status":"open","ping_status":"open","sticky":false,"template":"","format":"standard","meta":{"footnotes":""},"categories":[43,275,17],"tags":[],"class_list":["post-70601","post","type-post","status-publish","format-standard","has-post-thumbnail","hentry","category-conciencia","category-derechos-humanos","category-principal"],"yoast_head":"<!-- This site is optimized with the Yoast SEO plugin v24.7 - https:\/\/yoast.com\/wordpress\/plugins\/seo\/ -->\n<title>La brecha salarial se hace cada vez m\u00e1s grande y peligrosa &#171; Reconoce MX<\/title>\n<meta name=\"robots\" content=\"index, follow, max-snippet:-1, max-image-preview:large, max-video-preview:-1\" \/>\n<link rel=\"canonical\" href=\"https:\/\/www.reconoce.mx\/?p=70601\" \/>\n<meta property=\"og:locale\" content=\"es_ES\" \/>\n<meta property=\"og:type\" content=\"article\" \/>\n<meta property=\"og:title\" content=\"La brecha salarial se hace cada vez m\u00e1s grande y peligrosa &#171; Reconoce MX\" \/>\n<meta property=\"og:description\" content=\"El tema de la pobreza en M\u00e9xico no es nada nuevo. Ya sea extrema, material, alimentaria o por no tener acceso a los benefactores b\u00e1sicos que marcan la l\u00ednea de bienestar, las cifras oficiales del Consejo Nacional de Evaluaci\u00f3n de la Pol\u00edtica de Desarrollo Social (Coneval) se\u00f1alan que al menos 53 millones de personas viven en condiciones de pobreza.\" \/>\n<meta property=\"og:url\" content=\"https:\/\/www.reconoce.mx\/?p=70601\" \/>\n<meta property=\"og:site_name\" content=\"Reconoce MX\" \/>\n<meta property=\"article:publisher\" content=\"https:\/\/es-la.facebook.com\/ReconoceMX\/\" \/>\n<meta property=\"article:published_time\" content=\"2018-02-23T06:06:43+00:00\" \/>\n<meta property=\"og:image\" content=\"https:\/\/www.reconoce.mx\/wp-content\/uploads\/2018\/02\/pobreza-mexico-brecha.jpg\" \/>\n\t<meta property=\"og:image:width\" content=\"589\" \/>\n\t<meta property=\"og:image:height\" content=\"380\" \/>\n\t<meta property=\"og:image:type\" content=\"image\/jpeg\" \/>\n<meta name=\"author\" content=\"Reconoce MX\" \/>\n<meta name=\"twitter:card\" content=\"summary_large_image\" \/>\n<meta name=\"twitter:creator\" content=\"@reconocemx\" \/>\n<meta name=\"twitter:site\" content=\"@reconocemx\" \/>\n<meta name=\"twitter:label1\" content=\"Escrito por\" \/>\n\t<meta name=\"twitter:data1\" content=\"Reconoce MX\" \/>\n\t<meta name=\"twitter:label2\" content=\"Tiempo de lectura\" \/>\n\t<meta name=\"twitter:data2\" content=\"3 minutos\" \/>\n<script type=\"application\/ld+json\" class=\"yoast-schema-graph\">{\"@context\":\"https:\/\/schema.org\",\"@graph\":[{\"@type\":\"Article\",\"@id\":\"https:\/\/www.reconoce.mx\/?p=70601#article\",\"isPartOf\":{\"@id\":\"https:\/\/www.reconoce.mx\/?p=70601\"},\"author\":{\"name\":\"Reconoce MX\",\"@id\":\"http:\/\/www.reconoce.mx\/#\/schema\/person\/2117e997d7051dc15d6880eaf9bca0b2\"},\"headline\":\"La brecha salarial se hace cada vez m\u00e1s grande y peligrosa\",\"datePublished\":\"2018-02-23T06:06:43+00:00\",\"mainEntityOfPage\":{\"@id\":\"https:\/\/www.reconoce.mx\/?p=70601\"},\"wordCount\":664,\"commentCount\":0,\"publisher\":{\"@id\":\"http:\/\/www.reconoce.mx\/#organization\"},\"image\":{\"@id\":\"https:\/\/www.reconoce.mx\/?p=70601#primaryimage\"},\"thumbnailUrl\":\"http:\/\/www.reconoce.mx\/wp-content\/uploads\/2018\/02\/pobreza-mexico-brecha.jpg\",\"articleSection\":[\"Conciencia\",\"Derechos Humanos\",\"Principal\"],\"inLanguage\":\"es\",\"potentialAction\":[{\"@type\":\"CommentAction\",\"name\":\"Comment\",\"target\":[\"https:\/\/www.reconoce.mx\/?p=70601#respond\"]}]},{\"@type\":\"WebPage\",\"@id\":\"https:\/\/www.reconoce.mx\/?p=70601\",\"url\":\"https:\/\/www.reconoce.mx\/?p=70601\",\"name\":\"La brecha salarial se hace cada vez m\u00e1s grande y peligrosa &#171; Reconoce MX\",\"isPartOf\":{\"@id\":\"http:\/\/www.reconoce.mx\/#website\"},\"primaryImageOfPage\":{\"@id\":\"https:\/\/www.reconoce.mx\/?p=70601#primaryimage\"},\"image\":{\"@id\":\"https:\/\/www.reconoce.mx\/?p=70601#primaryimage\"},\"thumbnailUrl\":\"http:\/\/www.reconoce.mx\/wp-content\/uploads\/2018\/02\/pobreza-mexico-brecha.jpg\",\"datePublished\":\"2018-02-23T06:06:43+00:00\",\"breadcrumb\":{\"@id\":\"https:\/\/www.reconoce.mx\/?p=70601#breadcrumb\"},\"inLanguage\":\"es\",\"potentialAction\":[{\"@type\":\"ReadAction\",\"target\":[\"https:\/\/www.reconoce.mx\/?p=70601\"]}]},{\"@type\":\"ImageObject\",\"inLanguage\":\"es\",\"@id\":\"https:\/\/www.reconoce.mx\/?p=70601#primaryimage\",\"url\":\"http:\/\/www.reconoce.mx\/wp-content\/uploads\/2018\/02\/pobreza-mexico-brecha.jpg\",\"contentUrl\":\"http:\/\/www.reconoce.mx\/wp-content\/uploads\/2018\/02\/pobreza-mexico-brecha.jpg\",\"width\":589,\"height\":380},{\"@type\":\"BreadcrumbList\",\"@id\":\"https:\/\/www.reconoce.mx\/?p=70601#breadcrumb\",\"itemListElement\":[{\"@type\":\"ListItem\",\"position\":1,\"name\":\"Portada\",\"item\":\"http:\/\/www.reconoce.mx\/\"},{\"@type\":\"ListItem\",\"position\":2,\"name\":\"La brecha salarial se hace cada vez m\u00e1s grande y peligrosa\"}]},{\"@type\":\"WebSite\",\"@id\":\"http:\/\/www.reconoce.mx\/#website\",\"url\":\"http:\/\/www.reconoce.mx\/\",\"name\":\"Reconoce MX\",\"description\":\"En Reconoce MX difundimos arte, cultura y conciencia social en M\u00e9xico. Tu ciudad en otra perspectiva.\",\"publisher\":{\"@id\":\"http:\/\/www.reconoce.mx\/#organization\"},\"potentialAction\":[{\"@type\":\"SearchAction\",\"target\":{\"@type\":\"EntryPoint\",\"urlTemplate\":\"http:\/\/www.reconoce.mx\/?s={search_term_string}\"},\"query-input\":{\"@type\":\"PropertyValueSpecification\",\"valueRequired\":true,\"valueName\":\"search_term_string\"}}],\"inLanguage\":\"es\"},{\"@type\":\"Organization\",\"@id\":\"http:\/\/www.reconoce.mx\/#organization\",\"name\":\"Reconoce MX\",\"url\":\"http:\/\/www.reconoce.mx\/\",\"logo\":{\"@type\":\"ImageObject\",\"inLanguage\":\"es\",\"@id\":\"http:\/\/www.reconoce.mx\/#\/schema\/logo\/image\/\",\"url\":\"https:\/\/www.reconoce.mx\/wp-content\/uploads\/2019\/03\/logorcmx-good-1.png\",\"contentUrl\":\"https:\/\/www.reconoce.mx\/wp-content\/uploads\/2019\/03\/logorcmx-good-1.png\",\"width\":280,\"height\":90,\"caption\":\"Reconoce MX\"},\"image\":{\"@id\":\"http:\/\/www.reconoce.mx\/#\/schema\/logo\/image\/\"},\"sameAs\":[\"https:\/\/es-la.facebook.com\/ReconoceMX\/\",\"https:\/\/x.com\/reconocemx\",\"http:\/\/@reconocemx\"]},{\"@type\":\"Person\",\"@id\":\"http:\/\/www.reconoce.mx\/#\/schema\/person\/2117e997d7051dc15d6880eaf9bca0b2\",\"name\":\"Reconoce MX\",\"image\":{\"@type\":\"ImageObject\",\"inLanguage\":\"es\",\"@id\":\"http:\/\/www.reconoce.mx\/#\/schema\/person\/image\/\",\"url\":\"https:\/\/secure.gravatar.com\/avatar\/6c8d4dc7569ca1c90c5fdcc349f839d5ddef6fe1e70b4337ead2ef1a4c43fc3a?s=96&d=identicon&r=g\",\"contentUrl\":\"https:\/\/secure.gravatar.com\/avatar\/6c8d4dc7569ca1c90c5fdcc349f839d5ddef6fe1e70b4337ead2ef1a4c43fc3a?s=96&d=identicon&r=g\",\"caption\":\"Reconoce MX\"},\"description\":\"Reconoce MX es un proyecto de difusi\u00f3n art\u00edstica, cultural y de conciencia social que est\u00e1 enfocado a difundir y fomentar el entretenimiento alternativo de calidad para todo el p\u00fablico que comparta el mismo entusiasmo.\",\"sameAs\":[\"http:\/\/www.reconoce.mx\"],\"url\":\"http:\/\/www.reconoce.mx\/?author=2\"}]}<\/script>\n<!-- \/ Yoast SEO plugin. -->","yoast_head_json":{"title":"La brecha salarial se hace cada vez m\u00e1s grande y peligrosa &#171; Reconoce MX","robots":{"index":"index","follow":"follow","max-snippet":"max-snippet:-1","max-image-preview":"max-image-preview:large","max-video-preview":"max-video-preview:-1"},"canonical":"https:\/\/www.reconoce.mx\/?p=70601","og_locale":"es_ES","og_type":"article","og_title":"La brecha salarial se hace cada vez m\u00e1s grande y peligrosa &#171; Reconoce MX","og_description":"El tema de la pobreza en M\u00e9xico no es nada nuevo. Ya sea extrema, material, alimentaria o por no tener acceso a los benefactores b\u00e1sicos que marcan la l\u00ednea de bienestar, las cifras oficiales del Consejo Nacional de Evaluaci\u00f3n de la Pol\u00edtica de Desarrollo Social (Coneval) se\u00f1alan que al menos 53 millones de personas viven en condiciones de pobreza.","og_url":"https:\/\/www.reconoce.mx\/?p=70601","og_site_name":"Reconoce MX","article_publisher":"https:\/\/es-la.facebook.com\/ReconoceMX\/","article_published_time":"2018-02-23T06:06:43+00:00","og_image":[{"width":589,"height":380,"url":"https:\/\/www.reconoce.mx\/wp-content\/uploads\/2018\/02\/pobreza-mexico-brecha.jpg","type":"image\/jpeg"}],"author":"Reconoce MX","twitter_card":"summary_large_image","twitter_creator":"@reconocemx","twitter_site":"@reconocemx","twitter_misc":{"Escrito por":"Reconoce MX","Tiempo de lectura":"3 minutos"},"schema":{"@context":"https:\/\/schema.org","@graph":[{"@type":"Article","@id":"https:\/\/www.reconoce.mx\/?p=70601#article","isPartOf":{"@id":"https:\/\/www.reconoce.mx\/?p=70601"},"author":{"name":"Reconoce MX","@id":"http:\/\/www.reconoce.mx\/#\/schema\/person\/2117e997d7051dc15d6880eaf9bca0b2"},"headline":"La brecha salarial se hace cada vez m\u00e1s grande y peligrosa","datePublished":"2018-02-23T06:06:43+00:00","mainEntityOfPage":{"@id":"https:\/\/www.reconoce.mx\/?p=70601"},"wordCount":664,"commentCount":0,"publisher":{"@id":"http:\/\/www.reconoce.mx\/#organization"},"image":{"@id":"https:\/\/www.reconoce.mx\/?p=70601#primaryimage"},"thumbnailUrl":"http:\/\/www.reconoce.mx\/wp-content\/uploads\/2018\/02\/pobreza-mexico-brecha.jpg","articleSection":["Conciencia","Derechos Humanos","Principal"],"inLanguage":"es","potentialAction":[{"@type":"CommentAction","name":"Comment","target":["https:\/\/www.reconoce.mx\/?p=70601#respond"]}]},{"@type":"WebPage","@id":"https:\/\/www.reconoce.mx\/?p=70601","url":"https:\/\/www.reconoce.mx\/?p=70601","name":"La brecha salarial se hace cada vez m\u00e1s grande y peligrosa &#171; Reconoce MX","isPartOf":{"@id":"http:\/\/www.reconoce.mx\/#website"},"primaryImageOfPage":{"@id":"https:\/\/www.reconoce.mx\/?p=70601#primaryimage"},"image":{"@id":"https:\/\/www.reconoce.mx\/?p=70601#primaryimage"},"thumbnailUrl":"http:\/\/www.reconoce.mx\/wp-content\/uploads\/2018\/02\/pobreza-mexico-brecha.jpg","datePublished":"2018-02-23T06:06:43+00:00","breadcrumb":{"@id":"https:\/\/www.reconoce.mx\/?p=70601#breadcrumb"},"inLanguage":"es","potentialAction":[{"@type":"ReadAction","target":["https:\/\/www.reconoce.mx\/?p=70601"]}]},{"@type":"ImageObject","inLanguage":"es","@id":"https:\/\/www.reconoce.mx\/?p=70601#primaryimage","url":"http:\/\/www.reconoce.mx\/wp-content\/uploads\/2018\/02\/pobreza-mexico-brecha.jpg","contentUrl":"http:\/\/www.reconoce.mx\/wp-content\/uploads\/2018\/02\/pobreza-mexico-brecha.jpg","width":589,"height":380},{"@type":"BreadcrumbList","@id":"https:\/\/www.reconoce.mx\/?p=70601#breadcrumb","itemListElement":[{"@type":"ListItem","position":1,"name":"Portada","item":"http:\/\/www.reconoce.mx\/"},{"@type":"ListItem","position":2,"name":"La brecha salarial se hace cada vez m\u00e1s grande y peligrosa"}]},{"@type":"WebSite","@id":"http:\/\/www.reconoce.mx\/#website","url":"http:\/\/www.reconoce.mx\/","name":"Reconoce MX","description":"En Reconoce MX difundimos arte, cultura y conciencia social en M\u00e9xico. Tu ciudad en otra perspectiva.","publisher":{"@id":"http:\/\/www.reconoce.mx\/#organization"},"potentialAction":[{"@type":"SearchAction","target":{"@type":"EntryPoint","urlTemplate":"http:\/\/www.reconoce.mx\/?s={search_term_string}"},"query-input":{"@type":"PropertyValueSpecification","valueRequired":true,"valueName":"search_term_string"}}],"inLanguage":"es"},{"@type":"Organization","@id":"http:\/\/www.reconoce.mx\/#organization","name":"Reconoce MX","url":"http:\/\/www.reconoce.mx\/","logo":{"@type":"ImageObject","inLanguage":"es","@id":"http:\/\/www.reconoce.mx\/#\/schema\/logo\/image\/","url":"https:\/\/www.reconoce.mx\/wp-content\/uploads\/2019\/03\/logorcmx-good-1.png","contentUrl":"https:\/\/www.reconoce.mx\/wp-content\/uploads\/2019\/03\/logorcmx-good-1.png","width":280,"height":90,"caption":"Reconoce MX"},"image":{"@id":"http:\/\/www.reconoce.mx\/#\/schema\/logo\/image\/"},"sameAs":["https:\/\/es-la.facebook.com\/ReconoceMX\/","https:\/\/x.com\/reconocemx","http:\/\/@reconocemx"]},{"@type":"Person","@id":"http:\/\/www.reconoce.mx\/#\/schema\/person\/2117e997d7051dc15d6880eaf9bca0b2","name":"Reconoce MX","image":{"@type":"ImageObject","inLanguage":"es","@id":"http:\/\/www.reconoce.mx\/#\/schema\/person\/image\/","url":"https:\/\/secure.gravatar.com\/avatar\/6c8d4dc7569ca1c90c5fdcc349f839d5ddef6fe1e70b4337ead2ef1a4c43fc3a?s=96&d=identicon&r=g","contentUrl":"https:\/\/secure.gravatar.com\/avatar\/6c8d4dc7569ca1c90c5fdcc349f839d5ddef6fe1e70b4337ead2ef1a4c43fc3a?s=96&d=identicon&r=g","caption":"Reconoce MX"},"description":"Reconoce MX es un proyecto de difusi\u00f3n art\u00edstica, cultural y de conciencia social que est\u00e1 enfocado a difundir y fomentar el entretenimiento alternativo de calidad para todo el p\u00fablico que comparta el mismo entusiasmo.","sameAs":["http:\/\/www.reconoce.mx"],"url":"http:\/\/www.reconoce.mx\/?author=2"}]}},"_links":{"self":[{"href":"http:\/\/www.reconoce.mx\/index.php?rest_route=\/wp\/v2\/posts\/70601","targetHints":{"allow":["GET"]}}],"collection":[{"href":"http:\/\/www.reconoce.mx\/index.php?rest_route=\/wp\/v2\/posts"}],"about":[{"href":"http:\/\/www.reconoce.mx\/index.php?rest_route=\/wp\/v2\/types\/post"}],"author":[{"embeddable":true,"href":"http:\/\/www.reconoce.mx\/index.php?rest_route=\/wp\/v2\/users\/2"}],"replies":[{"embeddable":true,"href":"http:\/\/www.reconoce.mx\/index.php?rest_route=%2Fwp%2Fv2%2Fcomments&post=70601"}],"version-history":[{"count":3,"href":"http:\/\/www.reconoce.mx\/index.php?rest_route=\/wp\/v2\/posts\/70601\/revisions"}],"predecessor-version":[{"id":70605,"href":"http:\/\/www.reconoce.mx\/index.php?rest_route=\/wp\/v2\/posts\/70601\/revisions\/70605"}],"wp:featuredmedia":[{"embeddable":true,"href":"http:\/\/www.reconoce.mx\/index.php?rest_route=\/wp\/v2\/media\/70602"}],"wp:attachment":[{"href":"http:\/\/www.reconoce.mx\/index.php?rest_route=%2Fwp%2Fv2%2Fmedia&parent=70601"}],"wp:term":[{"taxonomy":"category","embeddable":true,"href":"http:\/\/www.reconoce.mx\/index.php?rest_route=%2Fwp%2Fv2%2Fcategories&post=70601"},{"taxonomy":"post_tag","embeddable":true,"href":"http:\/\/www.reconoce.mx\/index.php?rest_route=%2Fwp%2Fv2%2Ftags&post=70601"}],"curies":[{"name":"wp","href":"https:\/\/api.w.org\/{rel}","templated":true}]}}