{"id":70615,"date":"2018-02-23T00:04:37","date_gmt":"2018-02-23T06:04:37","guid":{"rendered":"http:\/\/www.reconoce.mx\/?p=70615"},"modified":"2018-02-22T23:00:00","modified_gmt":"2018-02-23T05:00:00","slug":"si-nos-dejan-version-ximena-sarinana-y-jay-de-la-cueva","status":"publish","type":"post","link":"http:\/\/www.reconoce.mx\/?p=70615","title":{"rendered":"&#8216;Si nos dejan&#8217;, versi\u00f3n Ximena Sari\u00f1ana y Jay de la Cueva"},"content":{"rendered":"<p><a href=\"http:\/\/www.reconoce.mx\/category\/cultura\/musica\/viernes-versionado\/\"><img loading=\"lazy\" decoding=\"async\" class=\"aligncenter size-full wp-image-38362\" src=\"http:\/\/www.reconoce.mx\/wp-content\/uploads\/2015\/06\/Viernes.png\" sizes=\"auto, (max-width: 550px) 100vw, 550px\" srcset=\"http:\/\/www.reconoce.mx\/wp-content\/uploads\/2015\/06\/Viernes.png 550w, http:\/\/www.reconoce.mx\/wp-content\/uploads\/2015\/06\/Viernes-300x38.png 300w, http:\/\/www.reconoce.mx\/wp-content\/uploads\/2015\/06\/Viernes-150x19.png 150w\" alt=\"Viernes\" width=\"550\" height=\"70\" \/><\/a><strong><br \/>\nPor <a title=\"@AsfaltosTweets\" href=\"http:\/\/twitter.com\/AsfaltosTweets\" target=\"_blank\" rel=\"noopener noreferrer\" data-slimstat-type=\"0\" data-slimstat-callback=\"false\" data-slimstat-tracking=\"true\">Asfaltos<\/a><\/strong>.<\/p>\n<p>Si en M\u00e9xico se trata de destacar al cantante y compositor mexicano porautonomasia de la m\u00fasica ranchera, definitivamente me inclinar\u00eda por don <strong>Jos\u00e9 Alfredo Jim\u00e9nez<\/strong>. El m\u00fasico nacido en Dolores Hidalgo, Guanajuato, es sin duda uno de los \u00edconos m\u00e1s importantes de la m\u00fasica mexicana. Pues bien, con la intensi\u00f3n de llegar a las nuevas generaciones, recientemente se estren\u00f3 un material tributo al mism\u00edsimo Jos\u00e9 Alfredo.<\/p>\n<p><iframe title=\"Spotify Embed: Si nos dejan\" style=\"border-radius: 12px\" width=\"100%\" height=\"152\" frameborder=\"0\" allowfullscreen allow=\"autoplay; clipboard-write; encrypted-media; fullscreen; picture-in-picture\" loading=\"lazy\" src=\"https:\/\/open.spotify.com\/embed\/track\/7tYl5XyYDe2jCNdlM1iWpD?utm_source=oembed\"><\/iframe><\/p>\n<p>A\u00fan en el marco de los 70 a\u00f1os del natalicio de <strong>Jos\u00e9 Alfredo Jim\u00e9nez<\/strong>, nacido el 19 de enero de 1926, se estren\u00f3 el material \u00abUn Mundo Raro: Las Canciones de Jos\u00e9 Alfredo Jim\u00e9nez\u00bb. \u00abEra el momento de hacer un \u00e1lbum nuevo, un proyecto fresco e invitar a los j\u00f3venes y a las nuevas generaciones a redescubrir las grandes canciones de mi padre\u00bb, comparti\u00f3 en conferencia de prensa <strong>Jos\u00e9 Alfredo Jim\u00e9nez Jr.<\/strong>, hijo de la leyenda.<\/p>\n<p>Con la producci\u00f3n de <strong>Camilo Lara<\/strong>, y la coproducci\u00f3n y arreglos de <strong>Sergio Mendoza<\/strong> y m\u00fasica de <strong>Calexico<\/strong>, \u00abUn Mundo Raro: Las Canciones de Jos\u00e9 Alfredo Jim\u00e9nez\u00bb incluye los talentos de m\u00fasicos de diversos g\u00e9neros, pensados sobre todo para llegar a un p\u00edblico joven. Es as\u00ed que se incluyen los talentos de <strong>Julieta Venegas<\/strong>, <strong>Enrique Bunbury<\/strong>, <strong>Carla Morrison<\/strong>, <strong>Andr\u00e9s Calamaro<\/strong>, <strong>Jarabe de Palo<\/strong>, <strong>San Pascualito Rey<\/strong>, <strong>Celso Pi\u00f1a<\/strong>, <strong>Beto Cuevas<\/strong>, <strong>Ximena Sari\u00f1ana<\/strong> y <strong>Jay de la Cueva<\/strong>, por mencionar a algunos.<\/p>\n<p>Pues bien, del tributo me decid\u00ed por presentarles \u00abSi nos dejan\u00bb en la interpretaci\u00f3n de <strong>Ximena Sari\u00f1ana<\/strong> y <strong>Jay de la Cueva<\/strong>. La canci\u00f3n es uno de los cl\u00e1sicos de Jos\u00e9 Alfredo, y sin duda una de las canciones m\u00e1s queridas del cantautor. La melod\u00eda suena alegre, y tambi\u00e9n rom\u00e1ntica, por lo cual como versi\u00f3n funciona, y funciona muy bien (aj\u00e1, as\u00ed como aquel directorio, jaja).<\/p>\n<p>\u00abUn Mundo Raro: Las Canciones de Jos\u00e9 Alfredo Jim\u00e9nez\u00bb pueden escucharlo en streaming <a href=\"https:\/\/open.spotify.com\/album\/1E5iOV8pW3EjEzBxshz4Kx\" target=\"_blank\" rel=\"noopener\">aqu\u00ed<\/a>.<\/p>\n<p>\u00bfLes gust\u00f3? \u00bfLa odiaron? \u00a1H\u00e1ganse sentir!<\/p>\n<p>&nbsp;<\/p>\n<p>&nbsp;<\/p>\n","protected":false},"excerpt":{"rendered":"<p>Si en M\u00e9xico se trata de destacar al cantante y compositor mexicano porautonomasia de la m\u00fasica ranchera, definitivamente me inclinar\u00eda por don Jos\u00e9 Alfredo Jim\u00e9nez. El m\u00fasico nacido en Dolores Hidalgo, Guanajuato, es sin duda uno de los \u00edconos m\u00e1s importantes de la m\u00fasica mexicana.<\/p>\n","protected":false},"author":2,"featured_media":70616,"comment_status":"open","ping_status":"open","sticky":false,"template":"","format":"standard","meta":{"footnotes":""},"categories":[1,18,17,1454],"tags":[],"class_list":["post-70615","post","type-post","status-publish","format-standard","has-post-thumbnail","hentry","category-cultura","category-musica","category-principal","category-viernes-versionado"],"yoast_head":"<!-- This site is optimized with the Yoast SEO plugin v24.7 - https:\/\/yoast.com\/wordpress\/plugins\/seo\/ -->\n<title>&#039;Si nos dejan&#039;, versi\u00f3n Ximena Sari\u00f1ana y Jay de la Cueva &#171; Reconoce MX<\/title>\n<meta name=\"robots\" content=\"index, follow, max-snippet:-1, max-image-preview:large, max-video-preview:-1\" \/>\n<link rel=\"canonical\" href=\"https:\/\/www.reconoce.mx\/?p=70615\" \/>\n<meta property=\"og:locale\" content=\"es_ES\" \/>\n<meta property=\"og:type\" content=\"article\" \/>\n<meta property=\"og:title\" content=\"&#039;Si nos dejan&#039;, versi\u00f3n Ximena Sari\u00f1ana y Jay de la Cueva &#171; Reconoce MX\" \/>\n<meta property=\"og:description\" content=\"Si en M\u00e9xico se trata de destacar al cantante y compositor mexicano porautonomasia de la m\u00fasica ranchera, definitivamente me inclinar\u00eda por don Jos\u00e9 Alfredo Jim\u00e9nez. El m\u00fasico nacido en Dolores Hidalgo, Guanajuato, es sin duda uno de los \u00edconos m\u00e1s importantes de la m\u00fasica mexicana.\" \/>\n<meta property=\"og:url\" content=\"https:\/\/www.reconoce.mx\/?p=70615\" \/>\n<meta property=\"og:site_name\" content=\"Reconoce MX\" \/>\n<meta property=\"article:publisher\" content=\"https:\/\/es-la.facebook.com\/ReconoceMX\/\" \/>\n<meta property=\"article:published_time\" content=\"2018-02-23T06:04:37+00:00\" \/>\n<meta property=\"og:image\" content=\"https:\/\/www.reconoce.mx\/wp-content\/uploads\/2018\/02\/un-mundo-raro-jos\u00e9-alfredo-jim\u00e9nez.jpg\" \/>\n\t<meta property=\"og:image:width\" content=\"590\" \/>\n\t<meta property=\"og:image:height\" content=\"380\" \/>\n\t<meta property=\"og:image:type\" content=\"image\/jpeg\" \/>\n<meta name=\"author\" content=\"Reconoce MX\" \/>\n<meta name=\"twitter:card\" content=\"summary_large_image\" \/>\n<meta name=\"twitter:creator\" content=\"@reconocemx\" \/>\n<meta name=\"twitter:site\" content=\"@reconocemx\" \/>\n<meta name=\"twitter:label1\" content=\"Escrito por\" \/>\n\t<meta name=\"twitter:data1\" content=\"Reconoce MX\" \/>\n\t<meta name=\"twitter:label2\" content=\"Tiempo de lectura\" \/>\n\t<meta name=\"twitter:data2\" content=\"2 minutos\" \/>\n<script type=\"application\/ld+json\" class=\"yoast-schema-graph\">{\"@context\":\"https:\/\/schema.org\",\"@graph\":[{\"@type\":\"Article\",\"@id\":\"https:\/\/www.reconoce.mx\/?p=70615#article\",\"isPartOf\":{\"@id\":\"https:\/\/www.reconoce.mx\/?p=70615\"},\"author\":{\"name\":\"Reconoce MX\",\"@id\":\"http:\/\/www.reconoce.mx\/#\/schema\/person\/2117e997d7051dc15d6880eaf9bca0b2\"},\"headline\":\"&#8216;Si nos dejan&#8217;, versi\u00f3n Ximena Sari\u00f1ana y Jay de la Cueva\",\"datePublished\":\"2018-02-23T06:04:37+00:00\",\"mainEntityOfPage\":{\"@id\":\"https:\/\/www.reconoce.mx\/?p=70615\"},\"wordCount\":368,\"commentCount\":0,\"publisher\":{\"@id\":\"http:\/\/www.reconoce.mx\/#organization\"},\"image\":{\"@id\":\"https:\/\/www.reconoce.mx\/?p=70615#primaryimage\"},\"thumbnailUrl\":\"http:\/\/www.reconoce.mx\/wp-content\/uploads\/2018\/02\/un-mundo-raro-jos\u00e9-alfredo-jim\u00e9nez.jpg\",\"articleSection\":[\"Cultura\",\"M\u00fasica\",\"Principal\",\"Viernes versionado\"],\"inLanguage\":\"es\",\"potentialAction\":[{\"@type\":\"CommentAction\",\"name\":\"Comment\",\"target\":[\"https:\/\/www.reconoce.mx\/?p=70615#respond\"]}]},{\"@type\":\"WebPage\",\"@id\":\"https:\/\/www.reconoce.mx\/?p=70615\",\"url\":\"https:\/\/www.reconoce.mx\/?p=70615\",\"name\":\"'Si nos dejan', versi\u00f3n Ximena Sari\u00f1ana y Jay de la Cueva &#171; Reconoce MX\",\"isPartOf\":{\"@id\":\"http:\/\/www.reconoce.mx\/#website\"},\"primaryImageOfPage\":{\"@id\":\"https:\/\/www.reconoce.mx\/?p=70615#primaryimage\"},\"image\":{\"@id\":\"https:\/\/www.reconoce.mx\/?p=70615#primaryimage\"},\"thumbnailUrl\":\"http:\/\/www.reconoce.mx\/wp-content\/uploads\/2018\/02\/un-mundo-raro-jos\u00e9-alfredo-jim\u00e9nez.jpg\",\"datePublished\":\"2018-02-23T06:04:37+00:00\",\"breadcrumb\":{\"@id\":\"https:\/\/www.reconoce.mx\/?p=70615#breadcrumb\"},\"inLanguage\":\"es\",\"potentialAction\":[{\"@type\":\"ReadAction\",\"target\":[\"https:\/\/www.reconoce.mx\/?p=70615\"]}]},{\"@type\":\"ImageObject\",\"inLanguage\":\"es\",\"@id\":\"https:\/\/www.reconoce.mx\/?p=70615#primaryimage\",\"url\":\"http:\/\/www.reconoce.mx\/wp-content\/uploads\/2018\/02\/un-mundo-raro-jos\u00e9-alfredo-jim\u00e9nez.jpg\",\"contentUrl\":\"http:\/\/www.reconoce.mx\/wp-content\/uploads\/2018\/02\/un-mundo-raro-jos\u00e9-alfredo-jim\u00e9nez.jpg\",\"width\":590,\"height\":380},{\"@type\":\"BreadcrumbList\",\"@id\":\"https:\/\/www.reconoce.mx\/?p=70615#breadcrumb\",\"itemListElement\":[{\"@type\":\"ListItem\",\"position\":1,\"name\":\"Portada\",\"item\":\"http:\/\/www.reconoce.mx\/\"},{\"@type\":\"ListItem\",\"position\":2,\"name\":\"&#8216;Si nos dejan&#8217;, versi\u00f3n Ximena Sari\u00f1ana y Jay de la Cueva\"}]},{\"@type\":\"WebSite\",\"@id\":\"http:\/\/www.reconoce.mx\/#website\",\"url\":\"http:\/\/www.reconoce.mx\/\",\"name\":\"Reconoce MX\",\"description\":\"En Reconoce MX difundimos arte, cultura y conciencia social en M\u00e9xico. Tu ciudad en otra perspectiva.\",\"publisher\":{\"@id\":\"http:\/\/www.reconoce.mx\/#organization\"},\"potentialAction\":[{\"@type\":\"SearchAction\",\"target\":{\"@type\":\"EntryPoint\",\"urlTemplate\":\"http:\/\/www.reconoce.mx\/?s={search_term_string}\"},\"query-input\":{\"@type\":\"PropertyValueSpecification\",\"valueRequired\":true,\"valueName\":\"search_term_string\"}}],\"inLanguage\":\"es\"},{\"@type\":\"Organization\",\"@id\":\"http:\/\/www.reconoce.mx\/#organization\",\"name\":\"Reconoce MX\",\"url\":\"http:\/\/www.reconoce.mx\/\",\"logo\":{\"@type\":\"ImageObject\",\"inLanguage\":\"es\",\"@id\":\"http:\/\/www.reconoce.mx\/#\/schema\/logo\/image\/\",\"url\":\"https:\/\/www.reconoce.mx\/wp-content\/uploads\/2019\/03\/logorcmx-good-1.png\",\"contentUrl\":\"https:\/\/www.reconoce.mx\/wp-content\/uploads\/2019\/03\/logorcmx-good-1.png\",\"width\":280,\"height\":90,\"caption\":\"Reconoce MX\"},\"image\":{\"@id\":\"http:\/\/www.reconoce.mx\/#\/schema\/logo\/image\/\"},\"sameAs\":[\"https:\/\/es-la.facebook.com\/ReconoceMX\/\",\"https:\/\/x.com\/reconocemx\",\"http:\/\/@reconocemx\"]},{\"@type\":\"Person\",\"@id\":\"http:\/\/www.reconoce.mx\/#\/schema\/person\/2117e997d7051dc15d6880eaf9bca0b2\",\"name\":\"Reconoce MX\",\"image\":{\"@type\":\"ImageObject\",\"inLanguage\":\"es\",\"@id\":\"http:\/\/www.reconoce.mx\/#\/schema\/person\/image\/\",\"url\":\"https:\/\/secure.gravatar.com\/avatar\/6c8d4dc7569ca1c90c5fdcc349f839d5ddef6fe1e70b4337ead2ef1a4c43fc3a?s=96&d=identicon&r=g\",\"contentUrl\":\"https:\/\/secure.gravatar.com\/avatar\/6c8d4dc7569ca1c90c5fdcc349f839d5ddef6fe1e70b4337ead2ef1a4c43fc3a?s=96&d=identicon&r=g\",\"caption\":\"Reconoce MX\"},\"description\":\"Reconoce MX es un proyecto de difusi\u00f3n art\u00edstica, cultural y de conciencia social que est\u00e1 enfocado a difundir y fomentar el entretenimiento alternativo de calidad para todo el p\u00fablico que comparta el mismo entusiasmo.\",\"sameAs\":[\"http:\/\/www.reconoce.mx\"],\"url\":\"http:\/\/www.reconoce.mx\/?author=2\"}]}<\/script>\n<!-- \/ Yoast SEO plugin. -->","yoast_head_json":{"title":"'Si nos dejan', versi\u00f3n Ximena Sari\u00f1ana y Jay de la Cueva &#171; Reconoce MX","robots":{"index":"index","follow":"follow","max-snippet":"max-snippet:-1","max-image-preview":"max-image-preview:large","max-video-preview":"max-video-preview:-1"},"canonical":"https:\/\/www.reconoce.mx\/?p=70615","og_locale":"es_ES","og_type":"article","og_title":"'Si nos dejan', versi\u00f3n Ximena Sari\u00f1ana y Jay de la Cueva &#171; Reconoce MX","og_description":"Si en M\u00e9xico se trata de destacar al cantante y compositor mexicano porautonomasia de la m\u00fasica ranchera, definitivamente me inclinar\u00eda por don Jos\u00e9 Alfredo Jim\u00e9nez. El m\u00fasico nacido en Dolores Hidalgo, Guanajuato, es sin duda uno de los \u00edconos m\u00e1s importantes de la m\u00fasica mexicana.","og_url":"https:\/\/www.reconoce.mx\/?p=70615","og_site_name":"Reconoce MX","article_publisher":"https:\/\/es-la.facebook.com\/ReconoceMX\/","article_published_time":"2018-02-23T06:04:37+00:00","og_image":[{"width":590,"height":380,"url":"https:\/\/www.reconoce.mx\/wp-content\/uploads\/2018\/02\/un-mundo-raro-jos\u00e9-alfredo-jim\u00e9nez.jpg","type":"image\/jpeg"}],"author":"Reconoce MX","twitter_card":"summary_large_image","twitter_creator":"@reconocemx","twitter_site":"@reconocemx","twitter_misc":{"Escrito por":"Reconoce MX","Tiempo de lectura":"2 minutos"},"schema":{"@context":"https:\/\/schema.org","@graph":[{"@type":"Article","@id":"https:\/\/www.reconoce.mx\/?p=70615#article","isPartOf":{"@id":"https:\/\/www.reconoce.mx\/?p=70615"},"author":{"name":"Reconoce MX","@id":"http:\/\/www.reconoce.mx\/#\/schema\/person\/2117e997d7051dc15d6880eaf9bca0b2"},"headline":"&#8216;Si nos dejan&#8217;, versi\u00f3n Ximena Sari\u00f1ana y Jay de la Cueva","datePublished":"2018-02-23T06:04:37+00:00","mainEntityOfPage":{"@id":"https:\/\/www.reconoce.mx\/?p=70615"},"wordCount":368,"commentCount":0,"publisher":{"@id":"http:\/\/www.reconoce.mx\/#organization"},"image":{"@id":"https:\/\/www.reconoce.mx\/?p=70615#primaryimage"},"thumbnailUrl":"http:\/\/www.reconoce.mx\/wp-content\/uploads\/2018\/02\/un-mundo-raro-jos\u00e9-alfredo-jim\u00e9nez.jpg","articleSection":["Cultura","M\u00fasica","Principal","Viernes versionado"],"inLanguage":"es","potentialAction":[{"@type":"CommentAction","name":"Comment","target":["https:\/\/www.reconoce.mx\/?p=70615#respond"]}]},{"@type":"WebPage","@id":"https:\/\/www.reconoce.mx\/?p=70615","url":"https:\/\/www.reconoce.mx\/?p=70615","name":"'Si nos dejan', versi\u00f3n Ximena Sari\u00f1ana y Jay de la Cueva &#171; Reconoce MX","isPartOf":{"@id":"http:\/\/www.reconoce.mx\/#website"},"primaryImageOfPage":{"@id":"https:\/\/www.reconoce.mx\/?p=70615#primaryimage"},"image":{"@id":"https:\/\/www.reconoce.mx\/?p=70615#primaryimage"},"thumbnailUrl":"http:\/\/www.reconoce.mx\/wp-content\/uploads\/2018\/02\/un-mundo-raro-jos\u00e9-alfredo-jim\u00e9nez.jpg","datePublished":"2018-02-23T06:04:37+00:00","breadcrumb":{"@id":"https:\/\/www.reconoce.mx\/?p=70615#breadcrumb"},"inLanguage":"es","potentialAction":[{"@type":"ReadAction","target":["https:\/\/www.reconoce.mx\/?p=70615"]}]},{"@type":"ImageObject","inLanguage":"es","@id":"https:\/\/www.reconoce.mx\/?p=70615#primaryimage","url":"http:\/\/www.reconoce.mx\/wp-content\/uploads\/2018\/02\/un-mundo-raro-jos\u00e9-alfredo-jim\u00e9nez.jpg","contentUrl":"http:\/\/www.reconoce.mx\/wp-content\/uploads\/2018\/02\/un-mundo-raro-jos\u00e9-alfredo-jim\u00e9nez.jpg","width":590,"height":380},{"@type":"BreadcrumbList","@id":"https:\/\/www.reconoce.mx\/?p=70615#breadcrumb","itemListElement":[{"@type":"ListItem","position":1,"name":"Portada","item":"http:\/\/www.reconoce.mx\/"},{"@type":"ListItem","position":2,"name":"&#8216;Si nos dejan&#8217;, versi\u00f3n Ximena Sari\u00f1ana y Jay de la Cueva"}]},{"@type":"WebSite","@id":"http:\/\/www.reconoce.mx\/#website","url":"http:\/\/www.reconoce.mx\/","name":"Reconoce MX","description":"En Reconoce MX difundimos arte, cultura y conciencia social en M\u00e9xico. Tu ciudad en otra perspectiva.","publisher":{"@id":"http:\/\/www.reconoce.mx\/#organization"},"potentialAction":[{"@type":"SearchAction","target":{"@type":"EntryPoint","urlTemplate":"http:\/\/www.reconoce.mx\/?s={search_term_string}"},"query-input":{"@type":"PropertyValueSpecification","valueRequired":true,"valueName":"search_term_string"}}],"inLanguage":"es"},{"@type":"Organization","@id":"http:\/\/www.reconoce.mx\/#organization","name":"Reconoce MX","url":"http:\/\/www.reconoce.mx\/","logo":{"@type":"ImageObject","inLanguage":"es","@id":"http:\/\/www.reconoce.mx\/#\/schema\/logo\/image\/","url":"https:\/\/www.reconoce.mx\/wp-content\/uploads\/2019\/03\/logorcmx-good-1.png","contentUrl":"https:\/\/www.reconoce.mx\/wp-content\/uploads\/2019\/03\/logorcmx-good-1.png","width":280,"height":90,"caption":"Reconoce MX"},"image":{"@id":"http:\/\/www.reconoce.mx\/#\/schema\/logo\/image\/"},"sameAs":["https:\/\/es-la.facebook.com\/ReconoceMX\/","https:\/\/x.com\/reconocemx","http:\/\/@reconocemx"]},{"@type":"Person","@id":"http:\/\/www.reconoce.mx\/#\/schema\/person\/2117e997d7051dc15d6880eaf9bca0b2","name":"Reconoce MX","image":{"@type":"ImageObject","inLanguage":"es","@id":"http:\/\/www.reconoce.mx\/#\/schema\/person\/image\/","url":"https:\/\/secure.gravatar.com\/avatar\/6c8d4dc7569ca1c90c5fdcc349f839d5ddef6fe1e70b4337ead2ef1a4c43fc3a?s=96&d=identicon&r=g","contentUrl":"https:\/\/secure.gravatar.com\/avatar\/6c8d4dc7569ca1c90c5fdcc349f839d5ddef6fe1e70b4337ead2ef1a4c43fc3a?s=96&d=identicon&r=g","caption":"Reconoce MX"},"description":"Reconoce MX es un proyecto de difusi\u00f3n art\u00edstica, cultural y de conciencia social que est\u00e1 enfocado a difundir y fomentar el entretenimiento alternativo de calidad para todo el p\u00fablico que comparta el mismo entusiasmo.","sameAs":["http:\/\/www.reconoce.mx"],"url":"http:\/\/www.reconoce.mx\/?author=2"}]}},"_links":{"self":[{"href":"http:\/\/www.reconoce.mx\/index.php?rest_route=\/wp\/v2\/posts\/70615","targetHints":{"allow":["GET"]}}],"collection":[{"href":"http:\/\/www.reconoce.mx\/index.php?rest_route=\/wp\/v2\/posts"}],"about":[{"href":"http:\/\/www.reconoce.mx\/index.php?rest_route=\/wp\/v2\/types\/post"}],"author":[{"embeddable":true,"href":"http:\/\/www.reconoce.mx\/index.php?rest_route=\/wp\/v2\/users\/2"}],"replies":[{"embeddable":true,"href":"http:\/\/www.reconoce.mx\/index.php?rest_route=%2Fwp%2Fv2%2Fcomments&post=70615"}],"version-history":[{"count":2,"href":"http:\/\/www.reconoce.mx\/index.php?rest_route=\/wp\/v2\/posts\/70615\/revisions"}],"predecessor-version":[{"id":70618,"href":"http:\/\/www.reconoce.mx\/index.php?rest_route=\/wp\/v2\/posts\/70615\/revisions\/70618"}],"wp:featuredmedia":[{"embeddable":true,"href":"http:\/\/www.reconoce.mx\/index.php?rest_route=\/wp\/v2\/media\/70616"}],"wp:attachment":[{"href":"http:\/\/www.reconoce.mx\/index.php?rest_route=%2Fwp%2Fv2%2Fmedia&parent=70615"}],"wp:term":[{"taxonomy":"category","embeddable":true,"href":"http:\/\/www.reconoce.mx\/index.php?rest_route=%2Fwp%2Fv2%2Fcategories&post=70615"},{"taxonomy":"post_tag","embeddable":true,"href":"http:\/\/www.reconoce.mx\/index.php?rest_route=%2Fwp%2Fv2%2Ftags&post=70615"}],"curies":[{"name":"wp","href":"https:\/\/api.w.org\/{rel}","templated":true}]}}