{"id":70619,"date":"2018-02-21T00:04:03","date_gmt":"2018-02-21T06:04:03","guid":{"rendered":"http:\/\/www.reconoce.mx\/?p=70619"},"modified":"2018-02-21T00:36:52","modified_gmt":"2018-02-21T06:36:52","slug":"te-odio-y-te-quiero-version-amandititita-ft-ruben-albarran","status":"publish","type":"post","link":"http:\/\/www.reconoce.mx\/?p=70619","title":{"rendered":"&#8216;Te odio y te quiero&#8217;, versi\u00f3n Amandititita ft. Rub\u00e9n Albarr\u00e1n"},"content":{"rendered":"<p><a href=\"http:\/\/www.reconoce.mx\/category\/cultura\/musica\/video-de-la-semana\/\"><img loading=\"lazy\" decoding=\"async\" class=\"aligncenter size-full wp-image-38360\" src=\"http:\/\/www.reconoce.mx\/wp-content\/uploads\/2015\/06\/videodelasemana.png\" alt=\"Martes\" width=\"550\" height=\"70\" \/><\/a><\/p>\n<p><strong>Por <a title=\"@AsfaltosTweets\" href=\"http:\/\/twitter.com\/AsfaltosTweets\" target=\"_blank\" rel=\"noopener\">Asfaltos<\/a><\/strong>.<\/p>\n<p>Tengo, como muchos de los que vivimos en este pa\u00eds, una fuerte e intensa relaci\u00f3n amor\/odio con M\u00e9xico. El pa\u00eds lleno de contrastes, tiene las diferencias sociales tan marcadas en per\u00edmetros tan cercanos, hasta actitudes tan diversas de los propios habitantes (obviamente me incluyo) que propician admiraci\u00f3n y otras veces bastante enojo. Sin haber pensado que el tema de <a href=\"http:\/\/www.reconoce.mx\/te-odio-y-te-quiero-version-amandititita\/\" target=\"_blank\" rel=\"noopener\">la versi\u00f3n que <strong>Amandititita<\/strong> y <strong>Rub\u00e9n Albarr\u00e1n<\/strong> dedican a \u00abTe odio y te quiero\u00bb de <strong>Julio Jaramillo<\/strong><\/a> era nuestro pa\u00eds, con el video todo me queda m\u00e1s claro.<\/p>\n<style>.embed-container { position: relative; padding-bottom: 56.25%; height: 0; overflow: hidden; max-width: 100%; } .embed-container iframe, .embed-container object, .embed-container embed { position: absolute; top: 0; left: 0; width: 100%; height: 100%; }<\/style>\n<div class=\"embed-container\"><iframe loading=\"lazy\" src=\"https:\/\/www.youtube.com\/embed\/fLdPt86AtxA\" width=\"300\" height=\"150\" frameborder=\"0\" allowfullscreen=\"allowfullscreen\"><\/iframe><\/div>\n<p>&nbsp;<\/p>\n<p>M\u00e9xico es un pa\u00eds hermoso, pero tambi\u00e9n tiene sus \u00abasegunes\u00bb&#8230; En 2018, con elecciones presidenciales y locales pr\u00f3ntamente a celebrarse, los amores y odios que nos despierta M\u00e9xico vuelven a avivarse. Nos encanta su comida, nos encantan sus paisajes, bailamos y adoramos su m\u00fasica&#8230;; pero tambi\u00e9n odiamos la violencia, el hambre, la corrupci\u00f3n y as\u00ed como amamos muchas veces a su gente, por momento a veces no tanto.<\/p>\n<p>Amandititita, acompa\u00f1ada del vocalista de<strong> Caf\u00e9 Tacvba<\/strong>, <strong>Rub\u00e9n Albarr\u00e1n<\/strong>, versionan entonces \u00abTe odio y te quiero\u00bb con su m\u00e1s grande amor en la mente: M\u00e9xico. El resultado es divertido, y desde luego que invita tambi\u00e9n a la reflexi\u00f3n. Para el audiovisual, que es adem\u00e1s nuestro <a href=\"http:\/\/www.reconoce.mx\/category\/cultura\/musica\/video-de-la-semana\/\" target=\"_blank\" rel=\"noopener\">Video de la semana<\/a>, las diferencias se marcan con total claridad. Jugueteando con im\u00e1genes que nos despiertan amor y odio, \u00abTe odio y te quiero\u00bb nos invita a repasar nuestra tierra, nuestras artes, deportes, eventos y much\u00edsimo m\u00e1s.<\/p>\n<p>La direcci\u00f3n del video musical de \u00abTe odio y te quiero\u00bb est\u00e1 a cargo de <strong>\u00c1ngel Flores<\/strong> y <strong>Nery L\u00f3pez<\/strong>; la producci\u00f3n es cortes\u00eda de <strong>Paco del Valle<\/strong> para <strong>Mapa Producciones<\/strong>. \u00a1Felicidades, gran trabajo!<\/p>\n<p>Ah, por cierto, como parte de la campa\u00f1a promocional del sencillo, la gente de <strong>Terr\u00edcolas Imb\u00e9ciles<\/strong> -sello de la canci\u00f3n- nos invita a comunicar con el hashtag <a href=\"https:\/\/twitter.com\/search?q=%23TeOdioYTeQuiero&amp;src=typd\" target=\"_blank\" rel=\"noopener\">#TeOdioYTeQuiero<\/a>, lo que m\u00e1s amamos y lo que m\u00e1s odiamos de nuestra tierra, M\u00e9xico lindo, querido&#8230; y a veces odiado.<\/p>\n<p style=\"text-align: right;\">Con informaci\u00f3n cortes\u00eda de <strong>Terr\u00edcolas Imb\u00e9ciles<\/strong>.<\/p>\n<p>&nbsp;<\/p>\n<p>&nbsp;<\/p>\n","protected":false},"excerpt":{"rendered":"<p>Tengo, como muchos de los que vivimos en este pa\u00eds, una fuerte e intensa relaci\u00f3n amor\/odio con M\u00e9xico. El pa\u00eds lleno de contrastes, tiene las diferencias sociales tan marcadas en per\u00edmetros tan cercanos, hasta actitudes tan diversas de los propios habitantes (obviamente me incluyo) que propician admiraci\u00f3n y otras veces bastante enojo. <\/p>\n","protected":false},"author":2,"featured_media":70620,"comment_status":"open","ping_status":"open","sticky":false,"template":"","format":"standard","meta":{"footnotes":""},"categories":[1,18,17,2575],"tags":[],"class_list":["post-70619","post","type-post","status-publish","format-standard","has-post-thumbnail","hentry","category-cultura","category-musica","category-principal","category-video-de-la-semana"],"yoast_head":"<!-- This site is optimized with the Yoast SEO plugin v24.7 - https:\/\/yoast.com\/wordpress\/plugins\/seo\/ -->\n<title>&#039;Te odio y te quiero&#039;, versi\u00f3n Amandititita ft. Rub\u00e9n Albarr\u00e1n &#171; Reconoce MX<\/title>\n<meta name=\"robots\" content=\"index, follow, max-snippet:-1, max-image-preview:large, max-video-preview:-1\" \/>\n<link rel=\"canonical\" href=\"http:\/\/www.reconoce.mx\/?p=70619\" \/>\n<meta property=\"og:locale\" content=\"es_ES\" \/>\n<meta property=\"og:type\" content=\"article\" \/>\n<meta property=\"og:title\" content=\"&#039;Te odio y te quiero&#039;, versi\u00f3n Amandititita ft. Rub\u00e9n Albarr\u00e1n &#171; Reconoce MX\" \/>\n<meta property=\"og:description\" content=\"Tengo, como muchos de los que vivimos en este pa\u00eds, una fuerte e intensa relaci\u00f3n amor\/odio con M\u00e9xico. El pa\u00eds lleno de contrastes, tiene las diferencias sociales tan marcadas en per\u00edmetros tan cercanos, hasta actitudes tan diversas de los propios habitantes (obviamente me incluyo) que propician admiraci\u00f3n y otras veces bastante enojo.\" \/>\n<meta property=\"og:url\" content=\"http:\/\/www.reconoce.mx\/?p=70619\" \/>\n<meta property=\"og:site_name\" content=\"Reconoce MX\" \/>\n<meta property=\"article:publisher\" content=\"https:\/\/es-la.facebook.com\/ReconoceMX\/\" \/>\n<meta property=\"article:published_time\" content=\"2018-02-21T06:04:03+00:00\" \/>\n<meta property=\"article:modified_time\" content=\"2018-02-21T06:36:52+00:00\" \/>\n<meta property=\"og:image\" content=\"http:\/\/www.reconoce.mx\/wp-content\/uploads\/2018\/02\/amandititita-ruben-albarran-te-amo-te-odio.jpg\" \/>\n\t<meta property=\"og:image:width\" content=\"590\" \/>\n\t<meta property=\"og:image:height\" content=\"380\" \/>\n\t<meta property=\"og:image:type\" content=\"image\/jpeg\" \/>\n<meta name=\"author\" content=\"Reconoce MX\" \/>\n<meta name=\"twitter:card\" content=\"summary_large_image\" \/>\n<meta name=\"twitter:creator\" content=\"@reconocemx\" \/>\n<meta name=\"twitter:site\" content=\"@reconocemx\" \/>\n<meta name=\"twitter:label1\" content=\"Escrito por\" \/>\n\t<meta name=\"twitter:data1\" content=\"Reconoce MX\" \/>\n\t<meta name=\"twitter:label2\" content=\"Tiempo de lectura\" \/>\n\t<meta name=\"twitter:data2\" content=\"2 minutos\" \/>\n<script type=\"application\/ld+json\" class=\"yoast-schema-graph\">{\"@context\":\"https:\/\/schema.org\",\"@graph\":[{\"@type\":\"Article\",\"@id\":\"http:\/\/www.reconoce.mx\/?p=70619#article\",\"isPartOf\":{\"@id\":\"http:\/\/www.reconoce.mx\/?p=70619\"},\"author\":{\"name\":\"Reconoce MX\",\"@id\":\"http:\/\/www.reconoce.mx\/#\/schema\/person\/2117e997d7051dc15d6880eaf9bca0b2\"},\"headline\":\"&#8216;Te odio y te quiero&#8217;, versi\u00f3n Amandititita ft. Rub\u00e9n Albarr\u00e1n\",\"datePublished\":\"2018-02-21T06:04:03+00:00\",\"dateModified\":\"2018-02-21T06:36:52+00:00\",\"mainEntityOfPage\":{\"@id\":\"http:\/\/www.reconoce.mx\/?p=70619\"},\"wordCount\":388,\"commentCount\":0,\"publisher\":{\"@id\":\"http:\/\/www.reconoce.mx\/#organization\"},\"image\":{\"@id\":\"http:\/\/www.reconoce.mx\/?p=70619#primaryimage\"},\"thumbnailUrl\":\"http:\/\/www.reconoce.mx\/wp-content\/uploads\/2018\/02\/amandititita-ruben-albarran-te-amo-te-odio.jpg\",\"articleSection\":[\"Cultura\",\"M\u00fasica\",\"Principal\",\"Video de la semana\"],\"inLanguage\":\"es\",\"potentialAction\":[{\"@type\":\"CommentAction\",\"name\":\"Comment\",\"target\":[\"http:\/\/www.reconoce.mx\/?p=70619#respond\"]}]},{\"@type\":\"WebPage\",\"@id\":\"http:\/\/www.reconoce.mx\/?p=70619\",\"url\":\"http:\/\/www.reconoce.mx\/?p=70619\",\"name\":\"'Te odio y te quiero', versi\u00f3n Amandititita ft. Rub\u00e9n Albarr\u00e1n &#171; Reconoce MX\",\"isPartOf\":{\"@id\":\"http:\/\/www.reconoce.mx\/#website\"},\"primaryImageOfPage\":{\"@id\":\"http:\/\/www.reconoce.mx\/?p=70619#primaryimage\"},\"image\":{\"@id\":\"http:\/\/www.reconoce.mx\/?p=70619#primaryimage\"},\"thumbnailUrl\":\"http:\/\/www.reconoce.mx\/wp-content\/uploads\/2018\/02\/amandititita-ruben-albarran-te-amo-te-odio.jpg\",\"datePublished\":\"2018-02-21T06:04:03+00:00\",\"dateModified\":\"2018-02-21T06:36:52+00:00\",\"breadcrumb\":{\"@id\":\"http:\/\/www.reconoce.mx\/?p=70619#breadcrumb\"},\"inLanguage\":\"es\",\"potentialAction\":[{\"@type\":\"ReadAction\",\"target\":[\"http:\/\/www.reconoce.mx\/?p=70619\"]}]},{\"@type\":\"ImageObject\",\"inLanguage\":\"es\",\"@id\":\"http:\/\/www.reconoce.mx\/?p=70619#primaryimage\",\"url\":\"http:\/\/www.reconoce.mx\/wp-content\/uploads\/2018\/02\/amandititita-ruben-albarran-te-amo-te-odio.jpg\",\"contentUrl\":\"http:\/\/www.reconoce.mx\/wp-content\/uploads\/2018\/02\/amandititita-ruben-albarran-te-amo-te-odio.jpg\",\"width\":590,\"height\":380},{\"@type\":\"BreadcrumbList\",\"@id\":\"http:\/\/www.reconoce.mx\/?p=70619#breadcrumb\",\"itemListElement\":[{\"@type\":\"ListItem\",\"position\":1,\"name\":\"Portada\",\"item\":\"http:\/\/www.reconoce.mx\/\"},{\"@type\":\"ListItem\",\"position\":2,\"name\":\"&#8216;Te odio y te quiero&#8217;, versi\u00f3n Amandititita ft. Rub\u00e9n Albarr\u00e1n\"}]},{\"@type\":\"WebSite\",\"@id\":\"http:\/\/www.reconoce.mx\/#website\",\"url\":\"http:\/\/www.reconoce.mx\/\",\"name\":\"Reconoce MX\",\"description\":\"En Reconoce MX difundimos arte, cultura y conciencia social en M\u00e9xico. Tu ciudad en otra perspectiva.\",\"publisher\":{\"@id\":\"http:\/\/www.reconoce.mx\/#organization\"},\"potentialAction\":[{\"@type\":\"SearchAction\",\"target\":{\"@type\":\"EntryPoint\",\"urlTemplate\":\"http:\/\/www.reconoce.mx\/?s={search_term_string}\"},\"query-input\":{\"@type\":\"PropertyValueSpecification\",\"valueRequired\":true,\"valueName\":\"search_term_string\"}}],\"inLanguage\":\"es\"},{\"@type\":\"Organization\",\"@id\":\"http:\/\/www.reconoce.mx\/#organization\",\"name\":\"Reconoce MX\",\"url\":\"http:\/\/www.reconoce.mx\/\",\"logo\":{\"@type\":\"ImageObject\",\"inLanguage\":\"es\",\"@id\":\"http:\/\/www.reconoce.mx\/#\/schema\/logo\/image\/\",\"url\":\"https:\/\/www.reconoce.mx\/wp-content\/uploads\/2019\/03\/logorcmx-good-1.png\",\"contentUrl\":\"https:\/\/www.reconoce.mx\/wp-content\/uploads\/2019\/03\/logorcmx-good-1.png\",\"width\":280,\"height\":90,\"caption\":\"Reconoce MX\"},\"image\":{\"@id\":\"http:\/\/www.reconoce.mx\/#\/schema\/logo\/image\/\"},\"sameAs\":[\"https:\/\/es-la.facebook.com\/ReconoceMX\/\",\"https:\/\/x.com\/reconocemx\",\"http:\/\/@reconocemx\"]},{\"@type\":\"Person\",\"@id\":\"http:\/\/www.reconoce.mx\/#\/schema\/person\/2117e997d7051dc15d6880eaf9bca0b2\",\"name\":\"Reconoce MX\",\"image\":{\"@type\":\"ImageObject\",\"inLanguage\":\"es\",\"@id\":\"http:\/\/www.reconoce.mx\/#\/schema\/person\/image\/\",\"url\":\"https:\/\/secure.gravatar.com\/avatar\/6c8d4dc7569ca1c90c5fdcc349f839d5ddef6fe1e70b4337ead2ef1a4c43fc3a?s=96&d=identicon&r=g\",\"contentUrl\":\"https:\/\/secure.gravatar.com\/avatar\/6c8d4dc7569ca1c90c5fdcc349f839d5ddef6fe1e70b4337ead2ef1a4c43fc3a?s=96&d=identicon&r=g\",\"caption\":\"Reconoce MX\"},\"description\":\"Reconoce MX es un proyecto de difusi\u00f3n art\u00edstica, cultural y de conciencia social que est\u00e1 enfocado a difundir y fomentar el entretenimiento alternativo de calidad para todo el p\u00fablico que comparta el mismo entusiasmo.\",\"sameAs\":[\"http:\/\/www.reconoce.mx\"],\"url\":\"http:\/\/www.reconoce.mx\/?author=2\"}]}<\/script>\n<!-- \/ Yoast SEO plugin. -->","yoast_head_json":{"title":"'Te odio y te quiero', versi\u00f3n Amandititita ft. Rub\u00e9n Albarr\u00e1n &#171; Reconoce MX","robots":{"index":"index","follow":"follow","max-snippet":"max-snippet:-1","max-image-preview":"max-image-preview:large","max-video-preview":"max-video-preview:-1"},"canonical":"http:\/\/www.reconoce.mx\/?p=70619","og_locale":"es_ES","og_type":"article","og_title":"'Te odio y te quiero', versi\u00f3n Amandititita ft. Rub\u00e9n Albarr\u00e1n &#171; Reconoce MX","og_description":"Tengo, como muchos de los que vivimos en este pa\u00eds, una fuerte e intensa relaci\u00f3n amor\/odio con M\u00e9xico. El pa\u00eds lleno de contrastes, tiene las diferencias sociales tan marcadas en per\u00edmetros tan cercanos, hasta actitudes tan diversas de los propios habitantes (obviamente me incluyo) que propician admiraci\u00f3n y otras veces bastante enojo.","og_url":"http:\/\/www.reconoce.mx\/?p=70619","og_site_name":"Reconoce MX","article_publisher":"https:\/\/es-la.facebook.com\/ReconoceMX\/","article_published_time":"2018-02-21T06:04:03+00:00","article_modified_time":"2018-02-21T06:36:52+00:00","og_image":[{"width":590,"height":380,"url":"http:\/\/www.reconoce.mx\/wp-content\/uploads\/2018\/02\/amandititita-ruben-albarran-te-amo-te-odio.jpg","type":"image\/jpeg"}],"author":"Reconoce MX","twitter_card":"summary_large_image","twitter_creator":"@reconocemx","twitter_site":"@reconocemx","twitter_misc":{"Escrito por":"Reconoce MX","Tiempo de lectura":"2 minutos"},"schema":{"@context":"https:\/\/schema.org","@graph":[{"@type":"Article","@id":"http:\/\/www.reconoce.mx\/?p=70619#article","isPartOf":{"@id":"http:\/\/www.reconoce.mx\/?p=70619"},"author":{"name":"Reconoce MX","@id":"http:\/\/www.reconoce.mx\/#\/schema\/person\/2117e997d7051dc15d6880eaf9bca0b2"},"headline":"&#8216;Te odio y te quiero&#8217;, versi\u00f3n Amandititita ft. Rub\u00e9n Albarr\u00e1n","datePublished":"2018-02-21T06:04:03+00:00","dateModified":"2018-02-21T06:36:52+00:00","mainEntityOfPage":{"@id":"http:\/\/www.reconoce.mx\/?p=70619"},"wordCount":388,"commentCount":0,"publisher":{"@id":"http:\/\/www.reconoce.mx\/#organization"},"image":{"@id":"http:\/\/www.reconoce.mx\/?p=70619#primaryimage"},"thumbnailUrl":"http:\/\/www.reconoce.mx\/wp-content\/uploads\/2018\/02\/amandititita-ruben-albarran-te-amo-te-odio.jpg","articleSection":["Cultura","M\u00fasica","Principal","Video de la semana"],"inLanguage":"es","potentialAction":[{"@type":"CommentAction","name":"Comment","target":["http:\/\/www.reconoce.mx\/?p=70619#respond"]}]},{"@type":"WebPage","@id":"http:\/\/www.reconoce.mx\/?p=70619","url":"http:\/\/www.reconoce.mx\/?p=70619","name":"'Te odio y te quiero', versi\u00f3n Amandititita ft. Rub\u00e9n Albarr\u00e1n &#171; Reconoce MX","isPartOf":{"@id":"http:\/\/www.reconoce.mx\/#website"},"primaryImageOfPage":{"@id":"http:\/\/www.reconoce.mx\/?p=70619#primaryimage"},"image":{"@id":"http:\/\/www.reconoce.mx\/?p=70619#primaryimage"},"thumbnailUrl":"http:\/\/www.reconoce.mx\/wp-content\/uploads\/2018\/02\/amandititita-ruben-albarran-te-amo-te-odio.jpg","datePublished":"2018-02-21T06:04:03+00:00","dateModified":"2018-02-21T06:36:52+00:00","breadcrumb":{"@id":"http:\/\/www.reconoce.mx\/?p=70619#breadcrumb"},"inLanguage":"es","potentialAction":[{"@type":"ReadAction","target":["http:\/\/www.reconoce.mx\/?p=70619"]}]},{"@type":"ImageObject","inLanguage":"es","@id":"http:\/\/www.reconoce.mx\/?p=70619#primaryimage","url":"http:\/\/www.reconoce.mx\/wp-content\/uploads\/2018\/02\/amandititita-ruben-albarran-te-amo-te-odio.jpg","contentUrl":"http:\/\/www.reconoce.mx\/wp-content\/uploads\/2018\/02\/amandititita-ruben-albarran-te-amo-te-odio.jpg","width":590,"height":380},{"@type":"BreadcrumbList","@id":"http:\/\/www.reconoce.mx\/?p=70619#breadcrumb","itemListElement":[{"@type":"ListItem","position":1,"name":"Portada","item":"http:\/\/www.reconoce.mx\/"},{"@type":"ListItem","position":2,"name":"&#8216;Te odio y te quiero&#8217;, versi\u00f3n Amandititita ft. Rub\u00e9n Albarr\u00e1n"}]},{"@type":"WebSite","@id":"http:\/\/www.reconoce.mx\/#website","url":"http:\/\/www.reconoce.mx\/","name":"Reconoce MX","description":"En Reconoce MX difundimos arte, cultura y conciencia social en M\u00e9xico. Tu ciudad en otra perspectiva.","publisher":{"@id":"http:\/\/www.reconoce.mx\/#organization"},"potentialAction":[{"@type":"SearchAction","target":{"@type":"EntryPoint","urlTemplate":"http:\/\/www.reconoce.mx\/?s={search_term_string}"},"query-input":{"@type":"PropertyValueSpecification","valueRequired":true,"valueName":"search_term_string"}}],"inLanguage":"es"},{"@type":"Organization","@id":"http:\/\/www.reconoce.mx\/#organization","name":"Reconoce MX","url":"http:\/\/www.reconoce.mx\/","logo":{"@type":"ImageObject","inLanguage":"es","@id":"http:\/\/www.reconoce.mx\/#\/schema\/logo\/image\/","url":"https:\/\/www.reconoce.mx\/wp-content\/uploads\/2019\/03\/logorcmx-good-1.png","contentUrl":"https:\/\/www.reconoce.mx\/wp-content\/uploads\/2019\/03\/logorcmx-good-1.png","width":280,"height":90,"caption":"Reconoce MX"},"image":{"@id":"http:\/\/www.reconoce.mx\/#\/schema\/logo\/image\/"},"sameAs":["https:\/\/es-la.facebook.com\/ReconoceMX\/","https:\/\/x.com\/reconocemx","http:\/\/@reconocemx"]},{"@type":"Person","@id":"http:\/\/www.reconoce.mx\/#\/schema\/person\/2117e997d7051dc15d6880eaf9bca0b2","name":"Reconoce MX","image":{"@type":"ImageObject","inLanguage":"es","@id":"http:\/\/www.reconoce.mx\/#\/schema\/person\/image\/","url":"https:\/\/secure.gravatar.com\/avatar\/6c8d4dc7569ca1c90c5fdcc349f839d5ddef6fe1e70b4337ead2ef1a4c43fc3a?s=96&d=identicon&r=g","contentUrl":"https:\/\/secure.gravatar.com\/avatar\/6c8d4dc7569ca1c90c5fdcc349f839d5ddef6fe1e70b4337ead2ef1a4c43fc3a?s=96&d=identicon&r=g","caption":"Reconoce MX"},"description":"Reconoce MX es un proyecto de difusi\u00f3n art\u00edstica, cultural y de conciencia social que est\u00e1 enfocado a difundir y fomentar el entretenimiento alternativo de calidad para todo el p\u00fablico que comparta el mismo entusiasmo.","sameAs":["http:\/\/www.reconoce.mx"],"url":"http:\/\/www.reconoce.mx\/?author=2"}]}},"_links":{"self":[{"href":"http:\/\/www.reconoce.mx\/index.php?rest_route=\/wp\/v2\/posts\/70619","targetHints":{"allow":["GET"]}}],"collection":[{"href":"http:\/\/www.reconoce.mx\/index.php?rest_route=\/wp\/v2\/posts"}],"about":[{"href":"http:\/\/www.reconoce.mx\/index.php?rest_route=\/wp\/v2\/types\/post"}],"author":[{"embeddable":true,"href":"http:\/\/www.reconoce.mx\/index.php?rest_route=\/wp\/v2\/users\/2"}],"replies":[{"embeddable":true,"href":"http:\/\/www.reconoce.mx\/index.php?rest_route=%2Fwp%2Fv2%2Fcomments&post=70619"}],"version-history":[{"count":3,"href":"http:\/\/www.reconoce.mx\/index.php?rest_route=\/wp\/v2\/posts\/70619\/revisions"}],"predecessor-version":[{"id":70623,"href":"http:\/\/www.reconoce.mx\/index.php?rest_route=\/wp\/v2\/posts\/70619\/revisions\/70623"}],"wp:featuredmedia":[{"embeddable":true,"href":"http:\/\/www.reconoce.mx\/index.php?rest_route=\/wp\/v2\/media\/70620"}],"wp:attachment":[{"href":"http:\/\/www.reconoce.mx\/index.php?rest_route=%2Fwp%2Fv2%2Fmedia&parent=70619"}],"wp:term":[{"taxonomy":"category","embeddable":true,"href":"http:\/\/www.reconoce.mx\/index.php?rest_route=%2Fwp%2Fv2%2Fcategories&post=70619"},{"taxonomy":"post_tag","embeddable":true,"href":"http:\/\/www.reconoce.mx\/index.php?rest_route=%2Fwp%2Fv2%2Ftags&post=70619"}],"curies":[{"name":"wp","href":"https:\/\/api.w.org\/{rel}","templated":true}]}}