{"id":70631,"date":"2018-02-20T00:07:52","date_gmt":"2018-02-20T06:07:52","guid":{"rendered":"http:\/\/www.reconoce.mx\/?p=70631"},"modified":"2018-02-20T15:26:54","modified_gmt":"2018-02-20T21:26:54","slug":"pamela-honey-y-suite-paranoia-prenden-caradura","status":"publish","type":"post","link":"http:\/\/www.reconoce.mx\/?p=70631","title":{"rendered":"Pamela Honey y Suite Paranoia prenden Caradura"},"content":{"rendered":"<p><strong>Texto y fotos por <a title=\"@anasofisolis\" href=\"https:\/\/twitter.com\/Anasofisolis\" target=\"_blank\" rel=\"noopener\">Ana Sof Sol\u00eds<\/a>.<\/strong><\/p>\n<p>El jueves 15 de febrero, la talentosa cantante <strong>Pamela Honey<\/strong> se present\u00f3 junto a la banda <strong>Suite Paranoia<\/strong> en el foro del <strong>Caradura<\/strong>, en la colonia Condesa.<\/p>\n<p><img loading=\"lazy\" decoding=\"async\" class=\"alignnone size-full\" src=\"https:\/\/c1.staticflickr.com\/5\/4663\/40316420272_04392b4a5a_c.jpg\" width=\"800\" height=\"534\" \/><\/p>\n<p><em><strong>&gt;&gt;<a href=\"https:\/\/www.flickr.com\/photos\/reconocemx\/albums\/72157693612795875\" target=\"_blank\" rel=\"noopener\">Disfruta nuestra galer\u00eda completa de Pamela Honey en Caradura<\/a>&lt;&lt;<\/strong><\/em><\/p>\n<p>La cita fue a las 21:00 horas, pero para hacer las cosas mas interesantes, el bar comenz\u00f3 con la m\u00fasica en vivo justo s las 23:00. La primera en pisar el escenario fue Pamela, que una vez mas nos sorprendi\u00f3 al recitar la canci\u00f3n mas antigua registrada en el mundo. Acto seguido, se dej\u00f3 venir con un sinf\u00edn de canciones que inundaron el bar con porras y coros que daban inicio a aquella noche.<\/p>\n<p>Escuchamos canciones sumamente diversas desde el estilo musical y letra hasta el idioma. Pamela nos regal\u00f3 un numero bailable y reflexivo, con discursos cortos y eficientes para hacer que el p\u00fablico conectara de manera personal con sus canciones.<\/p>\n<p><img loading=\"lazy\" decoding=\"async\" class=\"alignnone size-full\" src=\"https:\/\/c1.staticflickr.com\/5\/4656\/25489749857_7b1d359023_c.jpg\" width=\"800\" height=\"534\" \/><\/p>\n<p><em><strong>&gt;&gt;<a href=\"https:\/\/www.flickr.com\/photos\/reconocemx\/albums\/72157693612795875\" target=\"_blank\" rel=\"noopener\">Disfruta nuestra galer\u00eda completa de Pamela Honey en Caradura<\/a>&lt;&lt;<\/strong><\/em><\/p>\n<p>La noche pasaba y re\u00edmos y cantamos canciones que vendr\u00e1n en su pr\u00f3ximo \u00e1lbum, \u00abOdisea\u00bb.<\/p>\n<p>Letras en ingl\u00e9s, espa\u00f1ol, franc\u00e9s y una mezcla de todos hac\u00edan que los presentes pusieran una atenci\u00f3n sumamente detallada a sus movimientos e instrumentaci\u00f3n.<\/p>\n<p><img loading=\"lazy\" decoding=\"async\" class=\"alignnone size-full\" src=\"https:\/\/c1.staticflickr.com\/5\/4603\/38552076610_26fff68cf6_c.jpg\" width=\"800\" height=\"534\" \/><\/p>\n<p><em><strong>&gt;&gt;<a href=\"https:\/\/www.flickr.com\/photos\/reconocemx\/albums\/72157693612795875\" target=\"_blank\" rel=\"noopener\">Disfruta nuestra galer\u00eda completa de Pamela Honey en Caradura<\/a>&lt;&lt;<\/strong><\/em><\/p>\n<p>Casi para finalizar con su n\u00famero, la gran <strong>Pamela Honey<\/strong> interpret\u00f3 una canci\u00f3n que causa mucho impacto sobre las personas que la escuchan. Esta rola habla sobre los feminicidios en M\u00e9xico y es un grito de auxilio para que todos pongan atenci\u00f3n a este grave problema que lamentablemente existe en nuestro pa\u00eds. \u00abMe est\u00e1n matando\u00bb marc\u00f3 una clara diferencia en los estilos musicales que carga en la maleta esta cantante cada que sale a interpretar esas letras que escribe desde la mente y el coraz\u00f3n.<\/p>\n<p>Al finalizar su set, Pamela invit\u00f3 a todos a bailar con su divertida canci\u00f3n \u00abIaju\u00bb que ser\u00e1 parte de su pr\u00f3ximo LP.<br \/>\nRecord\u00e1ndonos seguirla en <a href=\"https:\/\/www.facebook.com\/pamelahoneyoficial\" target=\"_blank\" rel=\"noopener\">Facebook<\/a> y agradeciendo a todos y cada uno del incre\u00edble momento que pasamos, nos dej\u00f3 con los chicos de <strong>Suite Paranoia<\/strong>.<\/p>\n<p><img loading=\"lazy\" decoding=\"async\" class=\"alignnone size-full\" src=\"https:\/\/c1.staticflickr.com\/5\/4613\/25489618287_e037784d4e_c.jpg\" width=\"800\" height=\"534\" \/><\/p>\n<p><em><strong>&gt;&gt;<a href=\"https:\/\/www.flickr.com\/photos\/reconocemx\/albums\/72157693611226235\" target=\"_blank\" rel=\"noopener\">Disfruta nuestra galer\u00eda completa de Suite Paranoia en Caradura<\/a>&lt;&lt;<\/strong><\/em><\/p>\n<p>Uno a uno se fueron subiendo al escenario varias caras conocidas, dos que tres amigos y conocidos que est\u00e1n en otros proyectos musicales. A punto de empezar, estos seis en\u00e9rgicos personajes pusieron al publico a bailar y a corear sus canciones m\u00e1s conocidas. <strong>Manuel Lozann,<\/strong> vocalista de la banda se paseaba por el escenario visitando a cada uno de sus integrantes y subiendo el \u00e1nimo del <strong>Caradura<\/strong> que cada vez se llenaba m\u00e1s.<\/p>\n<p>Los fans de hueso colorado hablaban e intercambiaban palabras con los integrantes de la banda, pidi\u00e9ndoles canciones y e intercambiando uno que otro albur. Al final les hac\u00edan caso y tocaban las canciones que todos quer\u00edan: \u00abInviernos\u00bb, \u00abEntre tus piernas\u00bb y \u00abNegrita sunrise\u00bb.<\/p>\n<p><img loading=\"lazy\" decoding=\"async\" class=\"alignnone size-full\" src=\"https:\/\/c1.staticflickr.com\/5\/4664\/39464345085_59b4b77fa7_c.jpg\" width=\"800\" height=\"534\" \/><\/p>\n<p><em><strong>&gt;&gt;<a href=\"https:\/\/www.flickr.com\/photos\/reconocemx\/albums\/72157693611226235\" target=\"_blank\" rel=\"noopener\">Disfruta nuestra galer\u00eda completa de Suite Paranoia en Caradura<\/a>&lt;&lt;<\/strong><\/em><\/p>\n<p>La noche parec\u00eda llegar a su fin, pero estos personajes nos contaron su emoci\u00f3n al anunciarnos que la fecha del estreno de su m\u00e1s reciente sencillo ser\u00eda en marzo. Despu\u00e9s de porras, <strong>Suite Paranoia<\/strong> nos deleit\u00f3 con su tema \u00abFr\u00edo\u00bb, con el cual no pudimos el resistir a pararnos y mover la cadera durante unos minutos.<\/p>\n<p>S\u00e9 que el p\u00fablico esperar\u00e1 con ansias todo lo que viene pr\u00f3ximamente de estos estos grandes artistas a quienes, en lo personal, considero gente sumamente talentosa, admirable y sobre todo: mis grandes amigos.<\/p>\n<p><img loading=\"lazy\" decoding=\"async\" class=\"alignnone size-full\" src=\"https:\/\/c1.staticflickr.com\/5\/4611\/40315763832_58e6643d77_c.jpg\" width=\"800\" height=\"534\" \/><\/p>\n<p><em><strong>&gt;&gt;<a href=\"https:\/\/www.flickr.com\/photos\/reconocemx\/albums\/72157693611226235\" target=\"_blank\" rel=\"noopener\">Disfruta nuestra galer\u00eda completa de Suite Paranoia en Caradura<\/a>&lt;&lt;<\/strong><\/em><\/p>\n<p><strong>Suite Paranoia<\/strong> son Manuel Lozann (voz), Rudy Rosas (bater\u00eda), Pablo Coello (guitarra y voz) y Chris Ramlar (bajo).<\/p>\n<p>&nbsp;<\/p>\n<p>&nbsp;<\/p>\n","protected":false},"excerpt":{"rendered":"<p>El jueves 15 de febrero, la talentosa cantante Pamela Honey se present\u00f3 junto a la banda Suite Paranoia en el foro del Caradura, en la colonia Condesa.<\/p>\n","protected":false},"author":2,"featured_media":70633,"comment_status":"open","ping_status":"open","sticky":false,"template":"","format":"standard","meta":{"footnotes":""},"categories":[1,18,17],"tags":[],"class_list":["post-70631","post","type-post","status-publish","format-standard","has-post-thumbnail","hentry","category-cultura","category-musica","category-principal"],"yoast_head":"<!-- This site is optimized with the Yoast SEO plugin v24.7 - https:\/\/yoast.com\/wordpress\/plugins\/seo\/ -->\n<title>Pamela Honey y Suite Paranoia prenden Caradura &#171; Reconoce MX<\/title>\n<meta name=\"robots\" content=\"index, follow, max-snippet:-1, max-image-preview:large, max-video-preview:-1\" \/>\n<link rel=\"canonical\" href=\"https:\/\/www.reconoce.mx\/?p=70631\" \/>\n<meta property=\"og:locale\" content=\"es_ES\" \/>\n<meta property=\"og:type\" content=\"article\" \/>\n<meta property=\"og:title\" content=\"Pamela Honey y Suite Paranoia prenden Caradura &#171; Reconoce MX\" \/>\n<meta property=\"og:description\" content=\"El jueves 15 de febrero, la talentosa cantante Pamela Honey se present\u00f3 junto a la banda Suite Paranoia en el foro del Caradura, en la colonia Condesa.\" \/>\n<meta property=\"og:url\" content=\"https:\/\/www.reconoce.mx\/?p=70631\" \/>\n<meta property=\"og:site_name\" content=\"Reconoce MX\" \/>\n<meta property=\"article:publisher\" content=\"https:\/\/es-la.facebook.com\/ReconoceMX\/\" \/>\n<meta property=\"article:published_time\" content=\"2018-02-20T06:07:52+00:00\" \/>\n<meta property=\"article:modified_time\" content=\"2018-02-20T21:26:54+00:00\" \/>\n<meta property=\"og:image\" content=\"https:\/\/www.reconoce.mx\/wp-content\/uploads\/2018\/02\/pamela-honey-cover.jpg\" \/>\n\t<meta property=\"og:image:width\" content=\"590\" \/>\n\t<meta property=\"og:image:height\" content=\"380\" \/>\n\t<meta property=\"og:image:type\" content=\"image\/jpeg\" \/>\n<meta name=\"author\" content=\"Reconoce MX\" \/>\n<meta name=\"twitter:card\" content=\"summary_large_image\" \/>\n<meta name=\"twitter:creator\" content=\"@reconocemx\" \/>\n<meta name=\"twitter:site\" content=\"@reconocemx\" \/>\n<meta name=\"twitter:label1\" content=\"Escrito por\" \/>\n\t<meta name=\"twitter:data1\" content=\"Reconoce MX\" \/>\n\t<meta name=\"twitter:label2\" content=\"Tiempo de lectura\" \/>\n\t<meta name=\"twitter:data2\" content=\"3 minutos\" \/>\n<script type=\"application\/ld+json\" class=\"yoast-schema-graph\">{\"@context\":\"https:\/\/schema.org\",\"@graph\":[{\"@type\":\"Article\",\"@id\":\"https:\/\/www.reconoce.mx\/?p=70631#article\",\"isPartOf\":{\"@id\":\"https:\/\/www.reconoce.mx\/?p=70631\"},\"author\":{\"name\":\"Reconoce MX\",\"@id\":\"http:\/\/www.reconoce.mx\/#\/schema\/person\/2117e997d7051dc15d6880eaf9bca0b2\"},\"headline\":\"Pamela Honey y Suite Paranoia prenden Caradura\",\"datePublished\":\"2018-02-20T06:07:52+00:00\",\"dateModified\":\"2018-02-20T21:26:54+00:00\",\"mainEntityOfPage\":{\"@id\":\"https:\/\/www.reconoce.mx\/?p=70631\"},\"wordCount\":670,\"commentCount\":0,\"publisher\":{\"@id\":\"http:\/\/www.reconoce.mx\/#organization\"},\"image\":{\"@id\":\"https:\/\/www.reconoce.mx\/?p=70631#primaryimage\"},\"thumbnailUrl\":\"http:\/\/www.reconoce.mx\/wp-content\/uploads\/2018\/02\/pamela-honey-cover.jpg\",\"articleSection\":[\"Cultura\",\"M\u00fasica\",\"Principal\"],\"inLanguage\":\"es\",\"potentialAction\":[{\"@type\":\"CommentAction\",\"name\":\"Comment\",\"target\":[\"https:\/\/www.reconoce.mx\/?p=70631#respond\"]}]},{\"@type\":\"WebPage\",\"@id\":\"https:\/\/www.reconoce.mx\/?p=70631\",\"url\":\"https:\/\/www.reconoce.mx\/?p=70631\",\"name\":\"Pamela Honey y Suite Paranoia prenden Caradura &#171; Reconoce MX\",\"isPartOf\":{\"@id\":\"http:\/\/www.reconoce.mx\/#website\"},\"primaryImageOfPage\":{\"@id\":\"https:\/\/www.reconoce.mx\/?p=70631#primaryimage\"},\"image\":{\"@id\":\"https:\/\/www.reconoce.mx\/?p=70631#primaryimage\"},\"thumbnailUrl\":\"http:\/\/www.reconoce.mx\/wp-content\/uploads\/2018\/02\/pamela-honey-cover.jpg\",\"datePublished\":\"2018-02-20T06:07:52+00:00\",\"dateModified\":\"2018-02-20T21:26:54+00:00\",\"breadcrumb\":{\"@id\":\"https:\/\/www.reconoce.mx\/?p=70631#breadcrumb\"},\"inLanguage\":\"es\",\"potentialAction\":[{\"@type\":\"ReadAction\",\"target\":[\"https:\/\/www.reconoce.mx\/?p=70631\"]}]},{\"@type\":\"ImageObject\",\"inLanguage\":\"es\",\"@id\":\"https:\/\/www.reconoce.mx\/?p=70631#primaryimage\",\"url\":\"http:\/\/www.reconoce.mx\/wp-content\/uploads\/2018\/02\/pamela-honey-cover.jpg\",\"contentUrl\":\"http:\/\/www.reconoce.mx\/wp-content\/uploads\/2018\/02\/pamela-honey-cover.jpg\",\"width\":590,\"height\":380},{\"@type\":\"BreadcrumbList\",\"@id\":\"https:\/\/www.reconoce.mx\/?p=70631#breadcrumb\",\"itemListElement\":[{\"@type\":\"ListItem\",\"position\":1,\"name\":\"Portada\",\"item\":\"http:\/\/www.reconoce.mx\/\"},{\"@type\":\"ListItem\",\"position\":2,\"name\":\"Pamela Honey y Suite Paranoia prenden Caradura\"}]},{\"@type\":\"WebSite\",\"@id\":\"http:\/\/www.reconoce.mx\/#website\",\"url\":\"http:\/\/www.reconoce.mx\/\",\"name\":\"Reconoce MX\",\"description\":\"En Reconoce MX difundimos arte, cultura y conciencia social en M\u00e9xico. Tu ciudad en otra perspectiva.\",\"publisher\":{\"@id\":\"http:\/\/www.reconoce.mx\/#organization\"},\"potentialAction\":[{\"@type\":\"SearchAction\",\"target\":{\"@type\":\"EntryPoint\",\"urlTemplate\":\"http:\/\/www.reconoce.mx\/?s={search_term_string}\"},\"query-input\":{\"@type\":\"PropertyValueSpecification\",\"valueRequired\":true,\"valueName\":\"search_term_string\"}}],\"inLanguage\":\"es\"},{\"@type\":\"Organization\",\"@id\":\"http:\/\/www.reconoce.mx\/#organization\",\"name\":\"Reconoce MX\",\"url\":\"http:\/\/www.reconoce.mx\/\",\"logo\":{\"@type\":\"ImageObject\",\"inLanguage\":\"es\",\"@id\":\"http:\/\/www.reconoce.mx\/#\/schema\/logo\/image\/\",\"url\":\"https:\/\/www.reconoce.mx\/wp-content\/uploads\/2019\/03\/logorcmx-good-1.png\",\"contentUrl\":\"https:\/\/www.reconoce.mx\/wp-content\/uploads\/2019\/03\/logorcmx-good-1.png\",\"width\":280,\"height\":90,\"caption\":\"Reconoce MX\"},\"image\":{\"@id\":\"http:\/\/www.reconoce.mx\/#\/schema\/logo\/image\/\"},\"sameAs\":[\"https:\/\/es-la.facebook.com\/ReconoceMX\/\",\"https:\/\/x.com\/reconocemx\",\"http:\/\/@reconocemx\"]},{\"@type\":\"Person\",\"@id\":\"http:\/\/www.reconoce.mx\/#\/schema\/person\/2117e997d7051dc15d6880eaf9bca0b2\",\"name\":\"Reconoce MX\",\"image\":{\"@type\":\"ImageObject\",\"inLanguage\":\"es\",\"@id\":\"http:\/\/www.reconoce.mx\/#\/schema\/person\/image\/\",\"url\":\"https:\/\/secure.gravatar.com\/avatar\/6c8d4dc7569ca1c90c5fdcc349f839d5ddef6fe1e70b4337ead2ef1a4c43fc3a?s=96&d=identicon&r=g\",\"contentUrl\":\"https:\/\/secure.gravatar.com\/avatar\/6c8d4dc7569ca1c90c5fdcc349f839d5ddef6fe1e70b4337ead2ef1a4c43fc3a?s=96&d=identicon&r=g\",\"caption\":\"Reconoce MX\"},\"description\":\"Reconoce MX es un proyecto de difusi\u00f3n art\u00edstica, cultural y de conciencia social que est\u00e1 enfocado a difundir y fomentar el entretenimiento alternativo de calidad para todo el p\u00fablico que comparta el mismo entusiasmo.\",\"sameAs\":[\"http:\/\/www.reconoce.mx\"],\"url\":\"http:\/\/www.reconoce.mx\/?author=2\"}]}<\/script>\n<!-- \/ Yoast SEO plugin. -->","yoast_head_json":{"title":"Pamela Honey y Suite Paranoia prenden Caradura &#171; Reconoce MX","robots":{"index":"index","follow":"follow","max-snippet":"max-snippet:-1","max-image-preview":"max-image-preview:large","max-video-preview":"max-video-preview:-1"},"canonical":"https:\/\/www.reconoce.mx\/?p=70631","og_locale":"es_ES","og_type":"article","og_title":"Pamela Honey y Suite Paranoia prenden Caradura &#171; Reconoce MX","og_description":"El jueves 15 de febrero, la talentosa cantante Pamela Honey se present\u00f3 junto a la banda Suite Paranoia en el foro del Caradura, en la colonia Condesa.","og_url":"https:\/\/www.reconoce.mx\/?p=70631","og_site_name":"Reconoce MX","article_publisher":"https:\/\/es-la.facebook.com\/ReconoceMX\/","article_published_time":"2018-02-20T06:07:52+00:00","article_modified_time":"2018-02-20T21:26:54+00:00","og_image":[{"width":590,"height":380,"url":"https:\/\/www.reconoce.mx\/wp-content\/uploads\/2018\/02\/pamela-honey-cover.jpg","type":"image\/jpeg"}],"author":"Reconoce MX","twitter_card":"summary_large_image","twitter_creator":"@reconocemx","twitter_site":"@reconocemx","twitter_misc":{"Escrito por":"Reconoce MX","Tiempo de lectura":"3 minutos"},"schema":{"@context":"https:\/\/schema.org","@graph":[{"@type":"Article","@id":"https:\/\/www.reconoce.mx\/?p=70631#article","isPartOf":{"@id":"https:\/\/www.reconoce.mx\/?p=70631"},"author":{"name":"Reconoce MX","@id":"http:\/\/www.reconoce.mx\/#\/schema\/person\/2117e997d7051dc15d6880eaf9bca0b2"},"headline":"Pamela Honey y Suite Paranoia prenden Caradura","datePublished":"2018-02-20T06:07:52+00:00","dateModified":"2018-02-20T21:26:54+00:00","mainEntityOfPage":{"@id":"https:\/\/www.reconoce.mx\/?p=70631"},"wordCount":670,"commentCount":0,"publisher":{"@id":"http:\/\/www.reconoce.mx\/#organization"},"image":{"@id":"https:\/\/www.reconoce.mx\/?p=70631#primaryimage"},"thumbnailUrl":"http:\/\/www.reconoce.mx\/wp-content\/uploads\/2018\/02\/pamela-honey-cover.jpg","articleSection":["Cultura","M\u00fasica","Principal"],"inLanguage":"es","potentialAction":[{"@type":"CommentAction","name":"Comment","target":["https:\/\/www.reconoce.mx\/?p=70631#respond"]}]},{"@type":"WebPage","@id":"https:\/\/www.reconoce.mx\/?p=70631","url":"https:\/\/www.reconoce.mx\/?p=70631","name":"Pamela Honey y Suite Paranoia prenden Caradura &#171; Reconoce MX","isPartOf":{"@id":"http:\/\/www.reconoce.mx\/#website"},"primaryImageOfPage":{"@id":"https:\/\/www.reconoce.mx\/?p=70631#primaryimage"},"image":{"@id":"https:\/\/www.reconoce.mx\/?p=70631#primaryimage"},"thumbnailUrl":"http:\/\/www.reconoce.mx\/wp-content\/uploads\/2018\/02\/pamela-honey-cover.jpg","datePublished":"2018-02-20T06:07:52+00:00","dateModified":"2018-02-20T21:26:54+00:00","breadcrumb":{"@id":"https:\/\/www.reconoce.mx\/?p=70631#breadcrumb"},"inLanguage":"es","potentialAction":[{"@type":"ReadAction","target":["https:\/\/www.reconoce.mx\/?p=70631"]}]},{"@type":"ImageObject","inLanguage":"es","@id":"https:\/\/www.reconoce.mx\/?p=70631#primaryimage","url":"http:\/\/www.reconoce.mx\/wp-content\/uploads\/2018\/02\/pamela-honey-cover.jpg","contentUrl":"http:\/\/www.reconoce.mx\/wp-content\/uploads\/2018\/02\/pamela-honey-cover.jpg","width":590,"height":380},{"@type":"BreadcrumbList","@id":"https:\/\/www.reconoce.mx\/?p=70631#breadcrumb","itemListElement":[{"@type":"ListItem","position":1,"name":"Portada","item":"http:\/\/www.reconoce.mx\/"},{"@type":"ListItem","position":2,"name":"Pamela Honey y Suite Paranoia prenden Caradura"}]},{"@type":"WebSite","@id":"http:\/\/www.reconoce.mx\/#website","url":"http:\/\/www.reconoce.mx\/","name":"Reconoce MX","description":"En Reconoce MX difundimos arte, cultura y conciencia social en M\u00e9xico. Tu ciudad en otra perspectiva.","publisher":{"@id":"http:\/\/www.reconoce.mx\/#organization"},"potentialAction":[{"@type":"SearchAction","target":{"@type":"EntryPoint","urlTemplate":"http:\/\/www.reconoce.mx\/?s={search_term_string}"},"query-input":{"@type":"PropertyValueSpecification","valueRequired":true,"valueName":"search_term_string"}}],"inLanguage":"es"},{"@type":"Organization","@id":"http:\/\/www.reconoce.mx\/#organization","name":"Reconoce MX","url":"http:\/\/www.reconoce.mx\/","logo":{"@type":"ImageObject","inLanguage":"es","@id":"http:\/\/www.reconoce.mx\/#\/schema\/logo\/image\/","url":"https:\/\/www.reconoce.mx\/wp-content\/uploads\/2019\/03\/logorcmx-good-1.png","contentUrl":"https:\/\/www.reconoce.mx\/wp-content\/uploads\/2019\/03\/logorcmx-good-1.png","width":280,"height":90,"caption":"Reconoce MX"},"image":{"@id":"http:\/\/www.reconoce.mx\/#\/schema\/logo\/image\/"},"sameAs":["https:\/\/es-la.facebook.com\/ReconoceMX\/","https:\/\/x.com\/reconocemx","http:\/\/@reconocemx"]},{"@type":"Person","@id":"http:\/\/www.reconoce.mx\/#\/schema\/person\/2117e997d7051dc15d6880eaf9bca0b2","name":"Reconoce MX","image":{"@type":"ImageObject","inLanguage":"es","@id":"http:\/\/www.reconoce.mx\/#\/schema\/person\/image\/","url":"https:\/\/secure.gravatar.com\/avatar\/6c8d4dc7569ca1c90c5fdcc349f839d5ddef6fe1e70b4337ead2ef1a4c43fc3a?s=96&d=identicon&r=g","contentUrl":"https:\/\/secure.gravatar.com\/avatar\/6c8d4dc7569ca1c90c5fdcc349f839d5ddef6fe1e70b4337ead2ef1a4c43fc3a?s=96&d=identicon&r=g","caption":"Reconoce MX"},"description":"Reconoce MX es un proyecto de difusi\u00f3n art\u00edstica, cultural y de conciencia social que est\u00e1 enfocado a difundir y fomentar el entretenimiento alternativo de calidad para todo el p\u00fablico que comparta el mismo entusiasmo.","sameAs":["http:\/\/www.reconoce.mx"],"url":"http:\/\/www.reconoce.mx\/?author=2"}]}},"_links":{"self":[{"href":"http:\/\/www.reconoce.mx\/index.php?rest_route=\/wp\/v2\/posts\/70631","targetHints":{"allow":["GET"]}}],"collection":[{"href":"http:\/\/www.reconoce.mx\/index.php?rest_route=\/wp\/v2\/posts"}],"about":[{"href":"http:\/\/www.reconoce.mx\/index.php?rest_route=\/wp\/v2\/types\/post"}],"author":[{"embeddable":true,"href":"http:\/\/www.reconoce.mx\/index.php?rest_route=\/wp\/v2\/users\/2"}],"replies":[{"embeddable":true,"href":"http:\/\/www.reconoce.mx\/index.php?rest_route=%2Fwp%2Fv2%2Fcomments&post=70631"}],"version-history":[{"count":4,"href":"http:\/\/www.reconoce.mx\/index.php?rest_route=\/wp\/v2\/posts\/70631\/revisions"}],"predecessor-version":[{"id":70637,"href":"http:\/\/www.reconoce.mx\/index.php?rest_route=\/wp\/v2\/posts\/70631\/revisions\/70637"}],"wp:featuredmedia":[{"embeddable":true,"href":"http:\/\/www.reconoce.mx\/index.php?rest_route=\/wp\/v2\/media\/70633"}],"wp:attachment":[{"href":"http:\/\/www.reconoce.mx\/index.php?rest_route=%2Fwp%2Fv2%2Fmedia&parent=70631"}],"wp:term":[{"taxonomy":"category","embeddable":true,"href":"http:\/\/www.reconoce.mx\/index.php?rest_route=%2Fwp%2Fv2%2Fcategories&post=70631"},{"taxonomy":"post_tag","embeddable":true,"href":"http:\/\/www.reconoce.mx\/index.php?rest_route=%2Fwp%2Fv2%2Ftags&post=70631"}],"curies":[{"name":"wp","href":"https:\/\/api.w.org\/{rel}","templated":true}]}}