{"id":70653,"date":"2018-02-21T00:05:07","date_gmt":"2018-02-21T06:05:07","guid":{"rendered":"http:\/\/www.reconoce.mx\/?p=70653"},"modified":"2018-02-21T22:32:56","modified_gmt":"2018-02-22T04:32:56","slug":"entrevista-a-vigilante-trabajar-paso-a-paso-dia-con-dia","status":"publish","type":"post","link":"http:\/\/www.reconoce.mx\/?p=70653","title":{"rendered":"Entrevista a Vigilante: \u00abtrabajar paso a paso, d\u00eda con d\u00eda\u00bb"},"content":{"rendered":"<p><strong> Por <a title=\"@AsfaltosTweets\" href=\"http:\/\/twitter.com\/AsfaltosTweets\" target=\"_blank\" rel=\"noopener\">Asfaltos<\/a><\/strong>.<\/p>\n<p><a href=\"http:\/\/www.reconoce.mx\/contraluz-de-vigilante\/\" target=\"_blank\" rel=\"noopener\">Hace unas semanas les present\u00e9 a \u00abContraluz\u00bb de <strong>Vigilante<\/strong> como parte de mis Lunes musical<\/a>. Con la curiosidad fresca por conocer m\u00e1s de este proyecto conformado por los hermanos Pel\u00e1ez, Paco (bajo y voz) y Andr\u00e9s (guitarra r\u00edtmica), as\u00ed como por Diego Franco (bater\u00eda) y Lorenzo Ocejo (guitarra principal), me invitaron a platicar con Paco para conocer a fondo a los <strong>Vigilante<\/strong>. Si les gusta la propuesta musical, el viernes 23 de febrero en <strong>Caradura<\/strong> tocar\u00e1n completamente gratis a partir de las 23:00 horas. S\u00ed, recomendable.<\/p>\n<p><a href=\"http:\/\/www.reconoce.mx\/wp-content\/uploads\/2018\/02\/image001.jpg\"><img loading=\"lazy\" decoding=\"async\" class=\"aligncenter size-full wp-image-70671\" src=\"http:\/\/www.reconoce.mx\/wp-content\/uploads\/2018\/02\/image001.jpg\" alt=\"\" width=\"1890\" height=\"990\" srcset=\"http:\/\/www.reconoce.mx\/wp-content\/uploads\/2018\/02\/image001.jpg 1890w, http:\/\/www.reconoce.mx\/wp-content\/uploads\/2018\/02\/image001-300x157.jpg 300w, http:\/\/www.reconoce.mx\/wp-content\/uploads\/2018\/02\/image001-768x402.jpg 768w, http:\/\/www.reconoce.mx\/wp-content\/uploads\/2018\/02\/image001-1024x536.jpg 1024w, http:\/\/www.reconoce.mx\/wp-content\/uploads\/2018\/02\/image001-150x79.jpg 150w, http:\/\/www.reconoce.mx\/wp-content\/uploads\/2018\/02\/image001-700x367.jpg 700w, http:\/\/www.reconoce.mx\/wp-content\/uploads\/2018\/02\/image001-658x345.jpg 658w\" sizes=\"auto, (max-width: 1890px) 100vw, 1890px\" \/><\/a><\/p>\n<p><span style=\"color: #a81f25;\"><strong>Reconoce MX<\/strong><\/span>: La historia de Vigilante comienza en Puebla.<\/p>\n<p><span style=\"color: #0aa650;\"><strong>Paco Pel\u00e1ez<\/strong><\/span>: S\u00ed, en Puebla hace 4 a\u00f1os, a princpios de 2014.<\/p>\n<p><span style=\"color: #a81f25;\"><strong>RCMX<\/strong><\/span>: \u00bfC\u00f3mo empieza el grupo?<\/p>\n<p><span style=\"color: #0aa650;\"><strong>PP<\/strong><\/span>: Diego y yo ten\u00edamos otra banda antes, cuando yo viv\u00eda en Ciudad de M\u00e9xico, la cual se separ\u00f3 en 2013.<\/p>\n<p><span style=\"color: #a81f25;\"><strong>RCMX<\/strong><\/span>: Los McAllister.<\/p>\n<p><span style=\"color: #0aa650;\"><strong>PP<\/strong><\/span>: S\u00ed, dur\u00f3 un rato, como unos 5 a\u00f1os, yo creo.<\/p>\n<p><span style=\"color: #a81f25;\"><strong>RCMX<\/strong><\/span>: \u00bfPor qu\u00e9 acab\u00f3?<\/p>\n<p><span style=\"color: #0aa650;\"><strong>PP<\/strong><\/span>: Diego Franco (ex Los McAllister tambi\u00e9n) y yo ten\u00edamos una vision diferente, por lo que se separ\u00f3 la banda. Ah\u00ed fue cuando se incorporaron mi hermano que es Andr\u00e9s y Lorenzo, que es un amigo de su edad; ya ah\u00ed empezamos a trabajar en lo que ser\u00eda la banda, el concepto, el sonido. Todo fue un proceso largo. Nosotros ya, con la experiencia que hab\u00edamos tenido, no quer\u00edamos salir a la luz sin tener un disco completamente s\u00f3lido que cumpliera con todas nuestras expectativas, y que tuviera la calidad de nuestras influencias, de nuestro de nuestras referencias. Fue un proceso largo, de hecho el disco lo grabamos dos veces. La primera vez no nos gust\u00f3, tuvimos que volver a grabarlo; total que fue un proceso largo, pero bueno, al final, a finales del a\u00f1o pasado, conseguimos terminar el disco y ya tenemos pues todo lo que va detr\u00e1s de \u00e9ste tambi\u00e9n. Hemos trabajado mucho con el show en vivo, creemos que va de la mano, que es igual de importante que el disco en una banda de rock el concierto. Tambi\u00e9n sacamos el video de \u00abContraluz\u00bb, que es nuestro primer sencillo promocional, y sacaremos el segundo sencillo a mediados de abril. Nuestra primera presentaci\u00f3n en vivo oficial ser\u00e1 este viernes 23 de febrero en <strong>Caradura<\/strong>. Todo est\u00e1 listo para encaminar el lanzamiento del disco que ser\u00e1 entre mayo y junio de este a\u00f1o.<\/p>\n<p><span style=\"color: #a81f25;\"><strong>RCMX<\/strong><\/span>: \u00bfDespu\u00e9s de la separaci\u00f3n de Los McAllister, fue dif\u00edcil retomar un nuevo proyecto desde cero?<\/p>\n<p><span style=\"color: #0aa650;\"><strong>PP<\/strong><\/span>: Pues realmente no. Mas bien <strong>Vigilante<\/strong> es el resultado de muchas frustraciones que tuvimos con la banda pasada. Por ejemplo, nunca tuvimos un disco como tal, nunca tuvimos canciones que yo pusiera en el coche y que me gustaran. Todas esas frustraciones causaron la ruptura de la banda pasada, y fue algo que desde el principio en <strong>Vigilante<\/strong> fue prioridad. Entonces <strong>Vigilante<\/strong> ya fue algo que s\u00ed fue tardado y fue mucha talacha, pero que como siempre tuvimos bien enfocado hacia d\u00f3nde quer\u00edamos ir, pues nunca tuvimos realmente ning\u00fan momento de desesperaci\u00f3n. Fuimos muy concientes de que todo ten\u00eda un flujo, y que pues ten\u00edamos que trabajar paso a paso, d\u00eda con d\u00eda, para lograr el objetivo que ahrotia ya est\u00e1; el disco ya est\u00e1, ahora sigue todo lo dem\u00e1s.<\/p>\n<p><span style=\"color: #a81f25;\"><strong>RCMX<\/strong><\/span>: Tocar junto a tu hermano&#8230; \u00bfC\u00f3mo fue que lo involucraste?<\/p>\n<p><span style=\"color: #0aa650;\"><strong>PP<\/strong><\/span>: Mi hermano toc\u00f3 cuando empezaron <strong>Los McAllister<\/strong>, pero se sali\u00f3 porque era muy chiquito; ten\u00eda 15 a\u00f1os y pues ahora ya tiene 24. En <strong>Vigilante<\/strong> est\u00e1 muy involucrado, y desde el principio fue el primero en el que pens\u00e9 para formar la banda junto con Diego. Diego y yo somos de una generaci\u00f3n rockera perdida, \u00e9l y yo tenemos 30 a\u00f1os, y Lorenzo y mi hermano ellos tienen 24 y 23; siento que es un buen complemento y un buen balance energ\u00e9tico, estamos muy contentos, hay muy buena qu\u00edmica de banda.<\/p>\n<p><span style=\"color: #a81f25;\"><strong>RCMX<\/strong><\/span>: Entre sus influencias est\u00e1 Oasis&#8230; \u00bfNo son los hermanos Gallagher a la mexicana?<\/p>\n<p><span style=\"color: #0aa650;\"><strong>PP<\/strong><\/span>: (Risas). No bueno, es una banda con la que estuvimos traumados toda nuestra infancia, pero no, eh, en este caso que cada integrante funciona como si fu\u00e9ramos parte de una empresa. Al final queremos hacer de esto algo para vivir; aunque no vivimos de \u00e9sto, yo quiero dejar de trabajar en alg\u00fan momento. Cada quien tiene un rol, cada quien tiene una funci\u00f3n. No tenemos problema de egos, de \u00aba ver, yo quiero esto\u00bb, como que cada quien tiene un rol en espec\u00edfico, y hasta ahorita ha funcionado perfecto. Obviamente cuando ya se involucren otros factores externos a la banda, si es que empezamos a jalar, quiero pensar que no va a pasar una cuesti\u00f3n de egos. De momento vamos muy bien.<\/p>\n<p><span style=\"color: #a81f25;\"><strong>RCMX<\/strong><\/span>: Digamos que lo que a ustedes les \u00abchifla\u00bb, es el rock.<\/p>\n<p><span style=\"color: #0aa650;\"><strong>PP<\/strong><\/span>: S\u00ed, de hecho una de nuestras influencias m\u00e1s directas se nota mucho en \u00abContraluz\u00bb es <strong>The Libertines<\/strong>, y nosotros tambi\u00e9n somos fans de <strong>Hombres G<\/strong> desde chiquitos. Da la casualidad que de <strong>Hombres G<\/strong> su influencia m\u00e1s fuerte en los principios de su carrera fue <strong>The Jam<\/strong>; y de igual forma <strong>The Jam<\/strong> fue una influencia muy fuerte en <strong>The Libertines<\/strong>. Por ah\u00ed va, por haber sido fans de<strong> Hombres G<\/strong> nos gust\u00f3 <strong>The Libertines<\/strong>. Entonces encontramos una manera de hacer un sonido entre todas las influencias que tenemos; nosotros no tenemos tanta ambici\u00f3n de innovar tanto, no nos interesa, realmente estamos m\u00e1s clavados con el rock, y mientras no nos salgamos del rock, obviamente todo con lo que podamos experimentar estar muy bien, siempre y cuando incluya siempre un sonido de guitarras que fue con lo que crecimos. Queremos ofrecer un buen show en vivo en el que podamos transmitir toda esa energ\u00eda con la gente.<\/p>\n<p><span style=\"color: #a81f25;\"><strong>RCMX<\/strong><\/span>: Ya que mencionaste a <strong>The Libertines<\/strong>, ustedes les abrieron su show en M\u00e9xico en octubre de 2016. \u00a1\u00bfQu\u00e9 tal?!<\/p>\n<p><span style=\"color: #0aa650;\"><strong>PP<\/strong><\/span>: El promotor que trajo a <strong>The Libertines<\/strong> siempre nos apoy\u00f3, desde que \u00e9ramos <strong>Los McAllisteer<\/strong>, por lo que \u00e9l sab\u00eda perfectamente que era una de las bandas por la cual decidimos hacer una banda. Entonces, en ese momento, est\u00e1bamos justo a la mitad de grabaci\u00f3n del primer intento del disco, no ten\u00edamos nada, no ten\u00edamos un <em>background<\/em> que nos respaldara en internet, \u00a1no ten\u00edamos nada! Fue entonces para nosotros una fecha m\u00e1s que como para salir a la luz como banda&#8230; Pero bueno, fue empezar con el pie derecho. Lorenzo y mi hermano no hab\u00edan tocado en un escenario tan grande, entonces eso como que les dio mucha motivaci\u00f3n. A nosotros tambi\u00e9n. Y pues obviamente poder conocer a unos \u00eddolos que tuvimos en nuestra adolescencia, fue tambi\u00e9n muy gratificante.<\/p>\n<p><span style=\"color: #a81f25;\"><strong>RCMX<\/strong><\/span>: \u00bfSaludaron a la banda?<\/p>\n<p><span style=\"color: #0aa650;\"><strong>PP<\/strong><\/span>: S\u00ed, mi hermano pudo conocer a Pete y a Carl, yo solo pude conocer a Gary y saludar a John, porque Pete y Carl luego luego bajando se fueron a su desmadre, pero bien.<\/p>\n<p><span style=\"color: #a81f25;\"><strong>RCMX<\/strong><\/span>: Conocerlos fue cool.<\/p>\n<p><span style=\"color: #0aa650;\"><strong>PP<\/strong><\/span>: \u00a1Claro, claro, completamente!<\/p>\n<p><span style=\"color: #a81f25;\"><strong>RCMX<\/strong><\/span>: Como ya platicabas, estrenaron \u00abContraluz\u00bb. Cu\u00e9ntanos del estado de la banda.<\/p>\n<p><span style=\"color: #0aa650;\"><strong>PP<\/strong><\/span>: El \u00e1lbum ya est\u00e1 terminado, lo grabamos todo de jal\u00f3n. Con tantos intentos ya lo ten\u00edamos, las rolas ya estaban definidas. Lo grabamos con el <strong>Jos\u00e9 Carlos de Luna<\/strong> en los estuidos <strong>Tonoworks<\/strong>, en Puebla. Jos\u00e9 Carlos es un s\u00faper productor, de lo mejor que hay en este pa\u00eds. \u00abContraluz\u00bb fue de las primeras canciones que compusimos, es la que tiene las influencias m\u00e1s sinteizadas como para poderle dejar un sonido m\u00e1s marcado nuestro; pero aun as\u00ed nos gust\u00f3, nos gustaba tanto que no qusimis cambiarla tanto. Le tenemos much cari\u00f1o a \u00abContraluz\u00bb, es una probadita del disco; que aunque no es ni de las mejroes 5 del disco, es con la que queremos empezar a tantear el terreno. Queremos ir de menos a m\u00e1s con el lanzamiento de los sencillos, y creemos que tenemos un disco bastante s\u00f3lido. Estamos muy contentos con \u00abContraluz\u00bb, con la recepci\u00f3n que ha tenido; estamos muy motivados por lo que sigue.<\/p>\n<p><span style=\"color: #a81f25;\"><strong>RCMX<\/strong><\/span>: Tambi\u00e9n estrenaron video, recientemente. \u00bfC\u00f3mo fue trabajarlo, se involucran con el concepto visual de \u00e9ste?<\/p>\n<p><span style=\"color: #0aa650;\"><strong>PP<\/strong><\/span>: S\u00ed, el cooncepto visual de banda lo tenemos muy definido, tambi\u00e9n muy influenciado por el rock de Inglaterra de los 90; muy influenciado por<strong> The Stone Roses<\/strong>, por <strong>Oasis<\/strong>, en el sentido de que no hay tanta presunci\u00f3n en los atuendos. Generalmente as\u00ed como nos vestimos, tocamos. Muy sencillo pero tambi\u00e9n cuidando muchos detalles; como es muy sencillo tenemos que cudiar los detalles para que sea vea muy profesional. Tuvimos la ayuda de un amigo en Puebla que director de cine con el que trabaj\u00e9 mucho la idea. Nosotros decidimos la direcci\u00f3n de arte tambien. El video es la representaci\u00f3n de la banda, salimos nosotros tocando con toda la est\u00e9tica\u00a0 que queremos transmitir.<\/p>\n<style>.embed-container { position: relative; padding-bottom: 56.25%; height: 0; overflow: hidden; max-width: 100%; } .embed-container iframe, .embed-container object, .embed-container embed { position: absolute; top: 0; left: 0; width: 100%; height: 100%; }<\/style>\n<div class=\"embed-container\"><iframe loading=\"lazy\" src=\"https:\/\/www.youtube.com\/embed\/lC9wPpDXt28\" width=\"300\" height=\"150\" frameborder=\"0\" allowfullscreen=\"allowfullscreen\"><\/iframe><\/div>\n<p>&nbsp;<\/p>\n<p><span style=\"color: #a81f25;\"><strong>RCMX<\/strong><\/span>: Viernes 23 de febrero estar\u00e1n en Caradura. Si a la gente le gusta su m\u00fasica se enteran; y si no, tambi\u00e9n. El espacio es propicio para una relaci\u00f3n espectador-m\u00fasico muy cercana, muy.<\/p>\n<p><span style=\"color: #0aa650;\"><strong>PP<\/strong><\/span>: S\u00ed, como <strong>Los McAllister<\/strong> tuvimos la fortuna de tocar ah\u00ed varias veces, entonces sabemos que es un foro muy conocido, y pues vamos a dar todo ah\u00ed en el escenario, a plasmar todo lo que llevamos ensayando y practicando. Es entrada libre, asi que extiendo la invitacion a la gente que se interese por el proyecto, a quienes nos leen.<\/p>\n<p><span style=\"color: #a81f25;\"><strong>RCMX<\/strong><\/span>: Antes de despedirme: \u00bfpor qu\u00e9 se llaman <strong>Vigilante<\/strong>?<\/p>\n<p><span style=\"color: #0aa650;\"><strong>PP<\/strong><\/span>: (Risas). As\u00ed se llama un guitarrista de<strong> The Hives<\/strong>, Vigilante Carlstroem, por lo que en una lluvia de ideas pues propusimos ese nombre. A veces hay nombres, que como canciones, se te quedan clavados en la cabeza. Ya no hab\u00eda vueltra atr\u00e1s.<\/p>\n<p>Ya saben, para seguirle la pista a <strong>Vigilante<\/strong>, hay que darles like en <a href=\"https:\/\/www.facebook.com\/vigilanteoficial\" target=\"_blank\" rel=\"noopener\">Facebook<\/a>, as\u00ed como follow en <a href=\"https:\/\/www.instagram.com\/vigilanteoficial\/\" target=\"_blank\" rel=\"noopener\">Instagram<\/a> y <a href=\"https:\/\/twitter.com\/VigilanteBanda\" target=\"_blank\" rel=\"noopener\">Twitter<\/a>.<\/p>\n<p style=\"text-align: right;\">Imagen cortes\u00eda de <strong>PYPER<\/strong>.<\/p>\n<p>&nbsp;<\/p>\n<p>&nbsp;<\/p>\n","protected":false},"excerpt":{"rendered":"<p>Hace unas semanas les present\u00e9 a \u201cContraluz\u201d de Vigilante como parte de mis Lunes musical. Con la curiosidad fresca por conocer m\u00e1s de este proyecto conformado por los hermanos Pel\u00e1ez, Paco (bajo y voz) y Andr\u00e9s (guitarra r\u00edtmica), as\u00ed como por Diego Franco (bater\u00eda) y Lorenzo Ocejo (guitarra principal), me invitaron a platicar con Paco para conocer a fondo a los Vigilante. <\/p>\n","protected":false},"author":2,"featured_media":70673,"comment_status":"open","ping_status":"open","sticky":false,"template":"","format":"standard","meta":{"footnotes":""},"categories":[1,18,17],"tags":[],"class_list":["post-70653","post","type-post","status-publish","format-standard","has-post-thumbnail","hentry","category-cultura","category-musica","category-principal"],"yoast_head":"<!-- This site is optimized with the Yoast SEO plugin v24.7 - https:\/\/yoast.com\/wordpress\/plugins\/seo\/ -->\n<title>Entrevista a Vigilante: &quot;trabajar paso a paso, d\u00eda con d\u00eda&quot; &#171; Reconoce MX<\/title>\n<meta name=\"robots\" content=\"index, follow, max-snippet:-1, max-image-preview:large, max-video-preview:-1\" \/>\n<link rel=\"canonical\" href=\"http:\/\/www.reconoce.mx\/?p=70653\" \/>\n<meta property=\"og:locale\" content=\"es_ES\" \/>\n<meta property=\"og:type\" content=\"article\" \/>\n<meta property=\"og:title\" content=\"Entrevista a Vigilante: &quot;trabajar paso a paso, d\u00eda con d\u00eda&quot; &#171; Reconoce MX\" \/>\n<meta property=\"og:description\" content=\"Hace unas semanas les present\u00e9 a \u201cContraluz\u201d de Vigilante como parte de mis Lunes musical. Con la curiosidad fresca por conocer m\u00e1s de este proyecto conformado por los hermanos Pel\u00e1ez, Paco (bajo y voz) y Andr\u00e9s (guitarra r\u00edtmica), as\u00ed como por Diego Franco (bater\u00eda) y Lorenzo Ocejo (guitarra principal), me invitaron a platicar con Paco para conocer a fondo a los Vigilante.\" \/>\n<meta property=\"og:url\" content=\"http:\/\/www.reconoce.mx\/?p=70653\" \/>\n<meta property=\"og:site_name\" content=\"Reconoce MX\" \/>\n<meta property=\"article:publisher\" content=\"https:\/\/es-la.facebook.com\/ReconoceMX\/\" \/>\n<meta property=\"article:published_time\" content=\"2018-02-21T06:05:07+00:00\" \/>\n<meta property=\"article:modified_time\" content=\"2018-02-22T04:32:56+00:00\" \/>\n<meta property=\"og:image\" content=\"http:\/\/www.reconoce.mx\/wp-content\/uploads\/2018\/02\/vigilante.jpg\" \/>\n\t<meta property=\"og:image:width\" content=\"590\" \/>\n\t<meta property=\"og:image:height\" content=\"380\" \/>\n\t<meta property=\"og:image:type\" content=\"image\/jpeg\" \/>\n<meta name=\"author\" content=\"Reconoce MX\" \/>\n<meta name=\"twitter:card\" content=\"summary_large_image\" \/>\n<meta name=\"twitter:creator\" content=\"@reconocemx\" \/>\n<meta name=\"twitter:site\" content=\"@reconocemx\" \/>\n<meta name=\"twitter:label1\" content=\"Escrito por\" \/>\n\t<meta name=\"twitter:data1\" content=\"Reconoce MX\" \/>\n\t<meta name=\"twitter:label2\" content=\"Tiempo de lectura\" \/>\n\t<meta name=\"twitter:data2\" content=\"8 minutos\" \/>\n<script type=\"application\/ld+json\" class=\"yoast-schema-graph\">{\"@context\":\"https:\/\/schema.org\",\"@graph\":[{\"@type\":\"Article\",\"@id\":\"http:\/\/www.reconoce.mx\/?p=70653#article\",\"isPartOf\":{\"@id\":\"http:\/\/www.reconoce.mx\/?p=70653\"},\"author\":{\"name\":\"Reconoce MX\",\"@id\":\"http:\/\/www.reconoce.mx\/#\/schema\/person\/2117e997d7051dc15d6880eaf9bca0b2\"},\"headline\":\"Entrevista a Vigilante: \u00abtrabajar paso a paso, d\u00eda con d\u00eda\u00bb\",\"datePublished\":\"2018-02-21T06:05:07+00:00\",\"dateModified\":\"2018-02-22T04:32:56+00:00\",\"mainEntityOfPage\":{\"@id\":\"http:\/\/www.reconoce.mx\/?p=70653\"},\"wordCount\":1707,\"commentCount\":0,\"publisher\":{\"@id\":\"http:\/\/www.reconoce.mx\/#organization\"},\"image\":{\"@id\":\"http:\/\/www.reconoce.mx\/?p=70653#primaryimage\"},\"thumbnailUrl\":\"http:\/\/www.reconoce.mx\/wp-content\/uploads\/2018\/02\/vigilante.jpg\",\"articleSection\":[\"Cultura\",\"M\u00fasica\",\"Principal\"],\"inLanguage\":\"es\",\"potentialAction\":[{\"@type\":\"CommentAction\",\"name\":\"Comment\",\"target\":[\"http:\/\/www.reconoce.mx\/?p=70653#respond\"]}]},{\"@type\":\"WebPage\",\"@id\":\"http:\/\/www.reconoce.mx\/?p=70653\",\"url\":\"http:\/\/www.reconoce.mx\/?p=70653\",\"name\":\"Entrevista a Vigilante: \\\"trabajar paso a paso, d\u00eda con d\u00eda\\\" &#171; Reconoce MX\",\"isPartOf\":{\"@id\":\"http:\/\/www.reconoce.mx\/#website\"},\"primaryImageOfPage\":{\"@id\":\"http:\/\/www.reconoce.mx\/?p=70653#primaryimage\"},\"image\":{\"@id\":\"http:\/\/www.reconoce.mx\/?p=70653#primaryimage\"},\"thumbnailUrl\":\"http:\/\/www.reconoce.mx\/wp-content\/uploads\/2018\/02\/vigilante.jpg\",\"datePublished\":\"2018-02-21T06:05:07+00:00\",\"dateModified\":\"2018-02-22T04:32:56+00:00\",\"breadcrumb\":{\"@id\":\"http:\/\/www.reconoce.mx\/?p=70653#breadcrumb\"},\"inLanguage\":\"es\",\"potentialAction\":[{\"@type\":\"ReadAction\",\"target\":[\"http:\/\/www.reconoce.mx\/?p=70653\"]}]},{\"@type\":\"ImageObject\",\"inLanguage\":\"es\",\"@id\":\"http:\/\/www.reconoce.mx\/?p=70653#primaryimage\",\"url\":\"http:\/\/www.reconoce.mx\/wp-content\/uploads\/2018\/02\/vigilante.jpg\",\"contentUrl\":\"http:\/\/www.reconoce.mx\/wp-content\/uploads\/2018\/02\/vigilante.jpg\",\"width\":590,\"height\":380},{\"@type\":\"BreadcrumbList\",\"@id\":\"http:\/\/www.reconoce.mx\/?p=70653#breadcrumb\",\"itemListElement\":[{\"@type\":\"ListItem\",\"position\":1,\"name\":\"Portada\",\"item\":\"http:\/\/www.reconoce.mx\/\"},{\"@type\":\"ListItem\",\"position\":2,\"name\":\"Entrevista a Vigilante: \u00abtrabajar paso a paso, d\u00eda con d\u00eda\u00bb\"}]},{\"@type\":\"WebSite\",\"@id\":\"http:\/\/www.reconoce.mx\/#website\",\"url\":\"http:\/\/www.reconoce.mx\/\",\"name\":\"Reconoce MX\",\"description\":\"En Reconoce MX difundimos arte, cultura y conciencia social en M\u00e9xico. Tu ciudad en otra perspectiva.\",\"publisher\":{\"@id\":\"http:\/\/www.reconoce.mx\/#organization\"},\"potentialAction\":[{\"@type\":\"SearchAction\",\"target\":{\"@type\":\"EntryPoint\",\"urlTemplate\":\"http:\/\/www.reconoce.mx\/?s={search_term_string}\"},\"query-input\":{\"@type\":\"PropertyValueSpecification\",\"valueRequired\":true,\"valueName\":\"search_term_string\"}}],\"inLanguage\":\"es\"},{\"@type\":\"Organization\",\"@id\":\"http:\/\/www.reconoce.mx\/#organization\",\"name\":\"Reconoce MX\",\"url\":\"http:\/\/www.reconoce.mx\/\",\"logo\":{\"@type\":\"ImageObject\",\"inLanguage\":\"es\",\"@id\":\"http:\/\/www.reconoce.mx\/#\/schema\/logo\/image\/\",\"url\":\"https:\/\/www.reconoce.mx\/wp-content\/uploads\/2019\/03\/logorcmx-good-1.png\",\"contentUrl\":\"https:\/\/www.reconoce.mx\/wp-content\/uploads\/2019\/03\/logorcmx-good-1.png\",\"width\":280,\"height\":90,\"caption\":\"Reconoce MX\"},\"image\":{\"@id\":\"http:\/\/www.reconoce.mx\/#\/schema\/logo\/image\/\"},\"sameAs\":[\"https:\/\/es-la.facebook.com\/ReconoceMX\/\",\"https:\/\/x.com\/reconocemx\",\"http:\/\/@reconocemx\"]},{\"@type\":\"Person\",\"@id\":\"http:\/\/www.reconoce.mx\/#\/schema\/person\/2117e997d7051dc15d6880eaf9bca0b2\",\"name\":\"Reconoce MX\",\"image\":{\"@type\":\"ImageObject\",\"inLanguage\":\"es\",\"@id\":\"http:\/\/www.reconoce.mx\/#\/schema\/person\/image\/\",\"url\":\"https:\/\/secure.gravatar.com\/avatar\/6c8d4dc7569ca1c90c5fdcc349f839d5ddef6fe1e70b4337ead2ef1a4c43fc3a?s=96&d=identicon&r=g\",\"contentUrl\":\"https:\/\/secure.gravatar.com\/avatar\/6c8d4dc7569ca1c90c5fdcc349f839d5ddef6fe1e70b4337ead2ef1a4c43fc3a?s=96&d=identicon&r=g\",\"caption\":\"Reconoce MX\"},\"description\":\"Reconoce MX es un proyecto de difusi\u00f3n art\u00edstica, cultural y de conciencia social que est\u00e1 enfocado a difundir y fomentar el entretenimiento alternativo de calidad para todo el p\u00fablico que comparta el mismo entusiasmo.\",\"sameAs\":[\"http:\/\/www.reconoce.mx\"],\"url\":\"http:\/\/www.reconoce.mx\/?author=2\"}]}<\/script>\n<!-- \/ Yoast SEO plugin. -->","yoast_head_json":{"title":"Entrevista a Vigilante: \"trabajar paso a paso, d\u00eda con d\u00eda\" &#171; Reconoce MX","robots":{"index":"index","follow":"follow","max-snippet":"max-snippet:-1","max-image-preview":"max-image-preview:large","max-video-preview":"max-video-preview:-1"},"canonical":"http:\/\/www.reconoce.mx\/?p=70653","og_locale":"es_ES","og_type":"article","og_title":"Entrevista a Vigilante: \"trabajar paso a paso, d\u00eda con d\u00eda\" &#171; Reconoce MX","og_description":"Hace unas semanas les present\u00e9 a \u201cContraluz\u201d de Vigilante como parte de mis Lunes musical. Con la curiosidad fresca por conocer m\u00e1s de este proyecto conformado por los hermanos Pel\u00e1ez, Paco (bajo y voz) y Andr\u00e9s (guitarra r\u00edtmica), as\u00ed como por Diego Franco (bater\u00eda) y Lorenzo Ocejo (guitarra principal), me invitaron a platicar con Paco para conocer a fondo a los Vigilante.","og_url":"http:\/\/www.reconoce.mx\/?p=70653","og_site_name":"Reconoce MX","article_publisher":"https:\/\/es-la.facebook.com\/ReconoceMX\/","article_published_time":"2018-02-21T06:05:07+00:00","article_modified_time":"2018-02-22T04:32:56+00:00","og_image":[{"width":590,"height":380,"url":"http:\/\/www.reconoce.mx\/wp-content\/uploads\/2018\/02\/vigilante.jpg","type":"image\/jpeg"}],"author":"Reconoce MX","twitter_card":"summary_large_image","twitter_creator":"@reconocemx","twitter_site":"@reconocemx","twitter_misc":{"Escrito por":"Reconoce MX","Tiempo de lectura":"8 minutos"},"schema":{"@context":"https:\/\/schema.org","@graph":[{"@type":"Article","@id":"http:\/\/www.reconoce.mx\/?p=70653#article","isPartOf":{"@id":"http:\/\/www.reconoce.mx\/?p=70653"},"author":{"name":"Reconoce MX","@id":"http:\/\/www.reconoce.mx\/#\/schema\/person\/2117e997d7051dc15d6880eaf9bca0b2"},"headline":"Entrevista a Vigilante: \u00abtrabajar paso a paso, d\u00eda con d\u00eda\u00bb","datePublished":"2018-02-21T06:05:07+00:00","dateModified":"2018-02-22T04:32:56+00:00","mainEntityOfPage":{"@id":"http:\/\/www.reconoce.mx\/?p=70653"},"wordCount":1707,"commentCount":0,"publisher":{"@id":"http:\/\/www.reconoce.mx\/#organization"},"image":{"@id":"http:\/\/www.reconoce.mx\/?p=70653#primaryimage"},"thumbnailUrl":"http:\/\/www.reconoce.mx\/wp-content\/uploads\/2018\/02\/vigilante.jpg","articleSection":["Cultura","M\u00fasica","Principal"],"inLanguage":"es","potentialAction":[{"@type":"CommentAction","name":"Comment","target":["http:\/\/www.reconoce.mx\/?p=70653#respond"]}]},{"@type":"WebPage","@id":"http:\/\/www.reconoce.mx\/?p=70653","url":"http:\/\/www.reconoce.mx\/?p=70653","name":"Entrevista a Vigilante: \"trabajar paso a paso, d\u00eda con d\u00eda\" &#171; Reconoce MX","isPartOf":{"@id":"http:\/\/www.reconoce.mx\/#website"},"primaryImageOfPage":{"@id":"http:\/\/www.reconoce.mx\/?p=70653#primaryimage"},"image":{"@id":"http:\/\/www.reconoce.mx\/?p=70653#primaryimage"},"thumbnailUrl":"http:\/\/www.reconoce.mx\/wp-content\/uploads\/2018\/02\/vigilante.jpg","datePublished":"2018-02-21T06:05:07+00:00","dateModified":"2018-02-22T04:32:56+00:00","breadcrumb":{"@id":"http:\/\/www.reconoce.mx\/?p=70653#breadcrumb"},"inLanguage":"es","potentialAction":[{"@type":"ReadAction","target":["http:\/\/www.reconoce.mx\/?p=70653"]}]},{"@type":"ImageObject","inLanguage":"es","@id":"http:\/\/www.reconoce.mx\/?p=70653#primaryimage","url":"http:\/\/www.reconoce.mx\/wp-content\/uploads\/2018\/02\/vigilante.jpg","contentUrl":"http:\/\/www.reconoce.mx\/wp-content\/uploads\/2018\/02\/vigilante.jpg","width":590,"height":380},{"@type":"BreadcrumbList","@id":"http:\/\/www.reconoce.mx\/?p=70653#breadcrumb","itemListElement":[{"@type":"ListItem","position":1,"name":"Portada","item":"http:\/\/www.reconoce.mx\/"},{"@type":"ListItem","position":2,"name":"Entrevista a Vigilante: \u00abtrabajar paso a paso, d\u00eda con d\u00eda\u00bb"}]},{"@type":"WebSite","@id":"http:\/\/www.reconoce.mx\/#website","url":"http:\/\/www.reconoce.mx\/","name":"Reconoce MX","description":"En Reconoce MX difundimos arte, cultura y conciencia social en M\u00e9xico. Tu ciudad en otra perspectiva.","publisher":{"@id":"http:\/\/www.reconoce.mx\/#organization"},"potentialAction":[{"@type":"SearchAction","target":{"@type":"EntryPoint","urlTemplate":"http:\/\/www.reconoce.mx\/?s={search_term_string}"},"query-input":{"@type":"PropertyValueSpecification","valueRequired":true,"valueName":"search_term_string"}}],"inLanguage":"es"},{"@type":"Organization","@id":"http:\/\/www.reconoce.mx\/#organization","name":"Reconoce MX","url":"http:\/\/www.reconoce.mx\/","logo":{"@type":"ImageObject","inLanguage":"es","@id":"http:\/\/www.reconoce.mx\/#\/schema\/logo\/image\/","url":"https:\/\/www.reconoce.mx\/wp-content\/uploads\/2019\/03\/logorcmx-good-1.png","contentUrl":"https:\/\/www.reconoce.mx\/wp-content\/uploads\/2019\/03\/logorcmx-good-1.png","width":280,"height":90,"caption":"Reconoce MX"},"image":{"@id":"http:\/\/www.reconoce.mx\/#\/schema\/logo\/image\/"},"sameAs":["https:\/\/es-la.facebook.com\/ReconoceMX\/","https:\/\/x.com\/reconocemx","http:\/\/@reconocemx"]},{"@type":"Person","@id":"http:\/\/www.reconoce.mx\/#\/schema\/person\/2117e997d7051dc15d6880eaf9bca0b2","name":"Reconoce MX","image":{"@type":"ImageObject","inLanguage":"es","@id":"http:\/\/www.reconoce.mx\/#\/schema\/person\/image\/","url":"https:\/\/secure.gravatar.com\/avatar\/6c8d4dc7569ca1c90c5fdcc349f839d5ddef6fe1e70b4337ead2ef1a4c43fc3a?s=96&d=identicon&r=g","contentUrl":"https:\/\/secure.gravatar.com\/avatar\/6c8d4dc7569ca1c90c5fdcc349f839d5ddef6fe1e70b4337ead2ef1a4c43fc3a?s=96&d=identicon&r=g","caption":"Reconoce MX"},"description":"Reconoce MX es un proyecto de difusi\u00f3n art\u00edstica, cultural y de conciencia social que est\u00e1 enfocado a difundir y fomentar el entretenimiento alternativo de calidad para todo el p\u00fablico que comparta el mismo entusiasmo.","sameAs":["http:\/\/www.reconoce.mx"],"url":"http:\/\/www.reconoce.mx\/?author=2"}]}},"_links":{"self":[{"href":"http:\/\/www.reconoce.mx\/index.php?rest_route=\/wp\/v2\/posts\/70653","targetHints":{"allow":["GET"]}}],"collection":[{"href":"http:\/\/www.reconoce.mx\/index.php?rest_route=\/wp\/v2\/posts"}],"about":[{"href":"http:\/\/www.reconoce.mx\/index.php?rest_route=\/wp\/v2\/types\/post"}],"author":[{"embeddable":true,"href":"http:\/\/www.reconoce.mx\/index.php?rest_route=\/wp\/v2\/users\/2"}],"replies":[{"embeddable":true,"href":"http:\/\/www.reconoce.mx\/index.php?rest_route=%2Fwp%2Fv2%2Fcomments&post=70653"}],"version-history":[{"count":6,"href":"http:\/\/www.reconoce.mx\/index.php?rest_route=\/wp\/v2\/posts\/70653\/revisions"}],"predecessor-version":[{"id":70676,"href":"http:\/\/www.reconoce.mx\/index.php?rest_route=\/wp\/v2\/posts\/70653\/revisions\/70676"}],"wp:featuredmedia":[{"embeddable":true,"href":"http:\/\/www.reconoce.mx\/index.php?rest_route=\/wp\/v2\/media\/70673"}],"wp:attachment":[{"href":"http:\/\/www.reconoce.mx\/index.php?rest_route=%2Fwp%2Fv2%2Fmedia&parent=70653"}],"wp:term":[{"taxonomy":"category","embeddable":true,"href":"http:\/\/www.reconoce.mx\/index.php?rest_route=%2Fwp%2Fv2%2Fcategories&post=70653"},{"taxonomy":"post_tag","embeddable":true,"href":"http:\/\/www.reconoce.mx\/index.php?rest_route=%2Fwp%2Fv2%2Ftags&post=70653"}],"curies":[{"name":"wp","href":"https:\/\/api.w.org\/{rel}","templated":true}]}}