{"id":70659,"date":"2018-02-21T00:03:12","date_gmt":"2018-02-21T06:03:12","guid":{"rendered":"http:\/\/www.reconoce.mx\/?p=70659"},"modified":"2018-02-25T20:03:26","modified_gmt":"2018-02-26T02:03:26","slug":"el-corazon-de-jorge-drexler-con-los-migrantes","status":"publish","type":"post","link":"http:\/\/www.reconoce.mx\/?p=70659","title":{"rendered":"El coraz\u00f3n de Jorge Drexler con los migrantes"},"content":{"rendered":"<p><strong>Por <a href=\"https:\/\/twitter.com\/AgroZsUno\" target=\"_blank\" rel=\"noopener noreferrer\">Jes\u00fas Ortega<\/a><\/strong>.<\/p>\n<p>Despu\u00e9s de anunciar las localidades agotadas para su presentaci\u00f3n del pr\u00f3ximo viernes 23 de febrero, y estar a punto de agotar las entradas para el jueves 22, <strong>Jorge Drexler<\/strong> hace de su regreso a la Ciudad de M\u00e9xico un \u00e9xito rotundo. Su nuevo material titulado \u00abSalvavidas de hielo\u00bb, una de las discograf\u00edas m\u00e1s importantes en la carrera del iruguayo con un <strong>Latin Grammy<\/strong> y una nominaci\u00f3n a los<strong> Grammy Awards<\/strong>, son parte de la promesa de un show lleno de sorpresas.<\/p>\n<p><a href=\"http:\/\/www.reconoce.mx\/wp-content\/uploads\/2018\/02\/Jorge-Drexler-Nueva-Fecha.jpg\"><img loading=\"lazy\" decoding=\"async\" class=\"aligncenter size-full wp-image-70169\" src=\"http:\/\/www.reconoce.mx\/wp-content\/uploads\/2018\/02\/Jorge-Drexler-Nueva-Fecha.jpg\" alt=\"\" width=\"600\" height=\"1053\" srcset=\"http:\/\/www.reconoce.mx\/wp-content\/uploads\/2018\/02\/Jorge-Drexler-Nueva-Fecha.jpg 600w, http:\/\/www.reconoce.mx\/wp-content\/uploads\/2018\/02\/Jorge-Drexler-Nueva-Fecha-171x300.jpg 171w, http:\/\/www.reconoce.mx\/wp-content\/uploads\/2018\/02\/Jorge-Drexler-Nueva-Fecha-583x1024.jpg 583w, http:\/\/www.reconoce.mx\/wp-content\/uploads\/2018\/02\/Jorge-Drexler-Nueva-Fecha-150x263.jpg 150w, http:\/\/www.reconoce.mx\/wp-content\/uploads\/2018\/02\/Jorge-Drexler-Nueva-Fecha-300x527.jpg 300w\" sizes=\"auto, (max-width: 600px) 100vw, 600px\" \/><\/a><\/p>\n<p>En conferencia de prensa Jorge platic\u00f3 un poco acerca de su nuevo material que fue grabado en M\u00e9xico y tambi\u00e9n explic\u00f3 la importancia que tiene el v\u00eddeo \u00abMovimiento\u00bb, el cual tiene como protagonista a la corredora tarahumara que se hizo famosa por correr una marat\u00f3n de 100 kil\u00f3metros en huaraches y en su vestuario t\u00edpico de raramuri: <strong>Lorena Ram\u00edrez<\/strong> quien demuestra la fortaleza de la mujer.<\/p>\n<p>Tambi\u00e9n demostr\u00f3 su apoyo hacia con los inmigrantes mexicanos que radican en Estados Unidos y explic\u00f3 la importancia de ellos que trabajan del otro lado del charco, ya que Drexler tambi\u00e9n es un inmigrante, nacido en Uruguay y radicado en Espa\u00f1a siguiendo su sue\u00f1o de ser escritor de canciones gracias a <strong>Joaqu\u00edn Sabina<\/strong>.<\/p>\n<p>Para los que a\u00fan no tienen sus boletos a\u00fan est\u00e1n a tiempo de conseguir para la presentaci\u00f3n de ma\u00f1ana jueves 22 y poder disfrutar de una tremenda producci\u00f3n que incluye temas como \u00abTelefon\u00eda\u00bb, un son rom\u00e1ntico con tintes mexicanos; \u00abUniversos paralelos\u00bb, que incluye la participaci\u00f3n de Ana Tijoux; el sencillo \u00abSalvavidas de hielo\u00bb, con la participaci\u00f3n de <strong>Natalia Lafourcade<\/strong> que es posible que tenga presencia en este concierto, ya que como coment\u00f3 el charr\u00faa ser\u00eda entre ella, <strong>Mon Laferte<\/strong> (con participaci\u00f3n en \u201cAsilo\u201d) o <strong>Julieta Venegas<\/strong> (con participaci\u00f3n en \u201cAbracadabras\u201d), quien le acompa\u00f1e en el escenario.<\/p>\n<p style=\"text-align: right;\">Foto: <strong>Museo Memoria y Tolerancia<\/strong>.<\/p>\n<p>&nbsp;<\/p>\n<p>&nbsp;<\/p>\n","protected":false},"excerpt":{"rendered":"<p>Despu\u00e9s de anunciar las localidades agotadas para su presentaci\u00f3n del pr\u00f3ximo viernes 23 de febrero, y estar a punto de agotar las entradas para el jueves 22, Jorge Drexler hace de su regreso a la Ciudad de M\u00e9xico un \u00e9xito rotundo.<\/p>\n","protected":false},"author":2,"featured_media":70837,"comment_status":"open","ping_status":"open","sticky":false,"template":"","format":"standard","meta":{"footnotes":""},"categories":[1,18,17],"tags":[],"class_list":["post-70659","post","type-post","status-publish","format-standard","has-post-thumbnail","hentry","category-cultura","category-musica","category-principal"],"yoast_head":"<!-- This site is optimized with the Yoast SEO plugin v24.7 - https:\/\/yoast.com\/wordpress\/plugins\/seo\/ -->\n<title>El coraz\u00f3n de Jorge Drexler con los migrantes &#171; Reconoce MX<\/title>\n<meta name=\"robots\" content=\"index, follow, max-snippet:-1, max-image-preview:large, max-video-preview:-1\" \/>\n<link rel=\"canonical\" href=\"http:\/\/www.reconoce.mx\/?p=70659\" \/>\n<meta property=\"og:locale\" content=\"es_ES\" \/>\n<meta property=\"og:type\" content=\"article\" \/>\n<meta property=\"og:title\" content=\"El coraz\u00f3n de Jorge Drexler con los migrantes &#171; Reconoce MX\" \/>\n<meta property=\"og:description\" content=\"Despu\u00e9s de anunciar las localidades agotadas para su presentaci\u00f3n del pr\u00f3ximo viernes 23 de febrero, y estar a punto de agotar las entradas para el jueves 22, Jorge Drexler hace de su regreso a la Ciudad de M\u00e9xico un \u00e9xito rotundo.\" \/>\n<meta property=\"og:url\" content=\"http:\/\/www.reconoce.mx\/?p=70659\" \/>\n<meta property=\"og:site_name\" content=\"Reconoce MX\" \/>\n<meta property=\"article:publisher\" content=\"https:\/\/es-la.facebook.com\/ReconoceMX\/\" \/>\n<meta property=\"article:published_time\" content=\"2018-02-21T06:03:12+00:00\" \/>\n<meta property=\"article:modified_time\" content=\"2018-02-26T02:03:26+00:00\" \/>\n<meta property=\"og:image\" content=\"http:\/\/www.reconoce.mx\/wp-content\/uploads\/2018\/02\/drexler-memorya-y-tolerancia.jpg\" \/>\n\t<meta property=\"og:image:width\" content=\"590\" \/>\n\t<meta property=\"og:image:height\" content=\"380\" \/>\n\t<meta property=\"og:image:type\" content=\"image\/jpeg\" \/>\n<meta name=\"author\" content=\"Reconoce MX\" \/>\n<meta name=\"twitter:card\" content=\"summary_large_image\" \/>\n<meta name=\"twitter:creator\" content=\"@reconocemx\" \/>\n<meta name=\"twitter:site\" content=\"@reconocemx\" \/>\n<meta name=\"twitter:label1\" content=\"Escrito por\" \/>\n\t<meta name=\"twitter:data1\" content=\"Reconoce MX\" \/>\n\t<meta name=\"twitter:label2\" content=\"Tiempo de lectura\" \/>\n\t<meta name=\"twitter:data2\" content=\"2 minutos\" \/>\n<script type=\"application\/ld+json\" class=\"yoast-schema-graph\">{\"@context\":\"https:\/\/schema.org\",\"@graph\":[{\"@type\":\"Article\",\"@id\":\"http:\/\/www.reconoce.mx\/?p=70659#article\",\"isPartOf\":{\"@id\":\"http:\/\/www.reconoce.mx\/?p=70659\"},\"author\":{\"name\":\"Reconoce MX\",\"@id\":\"http:\/\/www.reconoce.mx\/#\/schema\/person\/2117e997d7051dc15d6880eaf9bca0b2\"},\"headline\":\"El coraz\u00f3n de Jorge Drexler con los migrantes\",\"datePublished\":\"2018-02-21T06:03:12+00:00\",\"dateModified\":\"2018-02-26T02:03:26+00:00\",\"mainEntityOfPage\":{\"@id\":\"http:\/\/www.reconoce.mx\/?p=70659\"},\"wordCount\":346,\"commentCount\":0,\"publisher\":{\"@id\":\"http:\/\/www.reconoce.mx\/#organization\"},\"image\":{\"@id\":\"http:\/\/www.reconoce.mx\/?p=70659#primaryimage\"},\"thumbnailUrl\":\"http:\/\/www.reconoce.mx\/wp-content\/uploads\/2018\/02\/drexler-memorya-y-tolerancia.jpg\",\"articleSection\":[\"Cultura\",\"M\u00fasica\",\"Principal\"],\"inLanguage\":\"es\",\"potentialAction\":[{\"@type\":\"CommentAction\",\"name\":\"Comment\",\"target\":[\"http:\/\/www.reconoce.mx\/?p=70659#respond\"]}]},{\"@type\":\"WebPage\",\"@id\":\"http:\/\/www.reconoce.mx\/?p=70659\",\"url\":\"http:\/\/www.reconoce.mx\/?p=70659\",\"name\":\"El coraz\u00f3n de Jorge Drexler con los migrantes &#171; Reconoce MX\",\"isPartOf\":{\"@id\":\"http:\/\/www.reconoce.mx\/#website\"},\"primaryImageOfPage\":{\"@id\":\"http:\/\/www.reconoce.mx\/?p=70659#primaryimage\"},\"image\":{\"@id\":\"http:\/\/www.reconoce.mx\/?p=70659#primaryimage\"},\"thumbnailUrl\":\"http:\/\/www.reconoce.mx\/wp-content\/uploads\/2018\/02\/drexler-memorya-y-tolerancia.jpg\",\"datePublished\":\"2018-02-21T06:03:12+00:00\",\"dateModified\":\"2018-02-26T02:03:26+00:00\",\"breadcrumb\":{\"@id\":\"http:\/\/www.reconoce.mx\/?p=70659#breadcrumb\"},\"inLanguage\":\"es\",\"potentialAction\":[{\"@type\":\"ReadAction\",\"target\":[\"http:\/\/www.reconoce.mx\/?p=70659\"]}]},{\"@type\":\"ImageObject\",\"inLanguage\":\"es\",\"@id\":\"http:\/\/www.reconoce.mx\/?p=70659#primaryimage\",\"url\":\"http:\/\/www.reconoce.mx\/wp-content\/uploads\/2018\/02\/drexler-memorya-y-tolerancia.jpg\",\"contentUrl\":\"http:\/\/www.reconoce.mx\/wp-content\/uploads\/2018\/02\/drexler-memorya-y-tolerancia.jpg\",\"width\":590,\"height\":380},{\"@type\":\"BreadcrumbList\",\"@id\":\"http:\/\/www.reconoce.mx\/?p=70659#breadcrumb\",\"itemListElement\":[{\"@type\":\"ListItem\",\"position\":1,\"name\":\"Portada\",\"item\":\"http:\/\/www.reconoce.mx\/\"},{\"@type\":\"ListItem\",\"position\":2,\"name\":\"El coraz\u00f3n de Jorge Drexler con los migrantes\"}]},{\"@type\":\"WebSite\",\"@id\":\"http:\/\/www.reconoce.mx\/#website\",\"url\":\"http:\/\/www.reconoce.mx\/\",\"name\":\"Reconoce MX\",\"description\":\"En Reconoce MX difundimos arte, cultura y conciencia social en M\u00e9xico. Tu ciudad en otra perspectiva.\",\"publisher\":{\"@id\":\"http:\/\/www.reconoce.mx\/#organization\"},\"potentialAction\":[{\"@type\":\"SearchAction\",\"target\":{\"@type\":\"EntryPoint\",\"urlTemplate\":\"http:\/\/www.reconoce.mx\/?s={search_term_string}\"},\"query-input\":{\"@type\":\"PropertyValueSpecification\",\"valueRequired\":true,\"valueName\":\"search_term_string\"}}],\"inLanguage\":\"es\"},{\"@type\":\"Organization\",\"@id\":\"http:\/\/www.reconoce.mx\/#organization\",\"name\":\"Reconoce MX\",\"url\":\"http:\/\/www.reconoce.mx\/\",\"logo\":{\"@type\":\"ImageObject\",\"inLanguage\":\"es\",\"@id\":\"http:\/\/www.reconoce.mx\/#\/schema\/logo\/image\/\",\"url\":\"https:\/\/www.reconoce.mx\/wp-content\/uploads\/2019\/03\/logorcmx-good-1.png\",\"contentUrl\":\"https:\/\/www.reconoce.mx\/wp-content\/uploads\/2019\/03\/logorcmx-good-1.png\",\"width\":280,\"height\":90,\"caption\":\"Reconoce MX\"},\"image\":{\"@id\":\"http:\/\/www.reconoce.mx\/#\/schema\/logo\/image\/\"},\"sameAs\":[\"https:\/\/es-la.facebook.com\/ReconoceMX\/\",\"https:\/\/x.com\/reconocemx\",\"http:\/\/@reconocemx\"]},{\"@type\":\"Person\",\"@id\":\"http:\/\/www.reconoce.mx\/#\/schema\/person\/2117e997d7051dc15d6880eaf9bca0b2\",\"name\":\"Reconoce MX\",\"image\":{\"@type\":\"ImageObject\",\"inLanguage\":\"es\",\"@id\":\"http:\/\/www.reconoce.mx\/#\/schema\/person\/image\/\",\"url\":\"https:\/\/secure.gravatar.com\/avatar\/6c8d4dc7569ca1c90c5fdcc349f839d5ddef6fe1e70b4337ead2ef1a4c43fc3a?s=96&d=identicon&r=g\",\"contentUrl\":\"https:\/\/secure.gravatar.com\/avatar\/6c8d4dc7569ca1c90c5fdcc349f839d5ddef6fe1e70b4337ead2ef1a4c43fc3a?s=96&d=identicon&r=g\",\"caption\":\"Reconoce MX\"},\"description\":\"Reconoce MX es un proyecto de difusi\u00f3n art\u00edstica, cultural y de conciencia social que est\u00e1 enfocado a difundir y fomentar el entretenimiento alternativo de calidad para todo el p\u00fablico que comparta el mismo entusiasmo.\",\"sameAs\":[\"http:\/\/www.reconoce.mx\"],\"url\":\"http:\/\/www.reconoce.mx\/?author=2\"}]}<\/script>\n<!-- \/ Yoast SEO plugin. -->","yoast_head_json":{"title":"El coraz\u00f3n de Jorge Drexler con los migrantes &#171; Reconoce MX","robots":{"index":"index","follow":"follow","max-snippet":"max-snippet:-1","max-image-preview":"max-image-preview:large","max-video-preview":"max-video-preview:-1"},"canonical":"http:\/\/www.reconoce.mx\/?p=70659","og_locale":"es_ES","og_type":"article","og_title":"El coraz\u00f3n de Jorge Drexler con los migrantes &#171; Reconoce MX","og_description":"Despu\u00e9s de anunciar las localidades agotadas para su presentaci\u00f3n del pr\u00f3ximo viernes 23 de febrero, y estar a punto de agotar las entradas para el jueves 22, Jorge Drexler hace de su regreso a la Ciudad de M\u00e9xico un \u00e9xito rotundo.","og_url":"http:\/\/www.reconoce.mx\/?p=70659","og_site_name":"Reconoce MX","article_publisher":"https:\/\/es-la.facebook.com\/ReconoceMX\/","article_published_time":"2018-02-21T06:03:12+00:00","article_modified_time":"2018-02-26T02:03:26+00:00","og_image":[{"width":590,"height":380,"url":"http:\/\/www.reconoce.mx\/wp-content\/uploads\/2018\/02\/drexler-memorya-y-tolerancia.jpg","type":"image\/jpeg"}],"author":"Reconoce MX","twitter_card":"summary_large_image","twitter_creator":"@reconocemx","twitter_site":"@reconocemx","twitter_misc":{"Escrito por":"Reconoce MX","Tiempo de lectura":"2 minutos"},"schema":{"@context":"https:\/\/schema.org","@graph":[{"@type":"Article","@id":"http:\/\/www.reconoce.mx\/?p=70659#article","isPartOf":{"@id":"http:\/\/www.reconoce.mx\/?p=70659"},"author":{"name":"Reconoce MX","@id":"http:\/\/www.reconoce.mx\/#\/schema\/person\/2117e997d7051dc15d6880eaf9bca0b2"},"headline":"El coraz\u00f3n de Jorge Drexler con los migrantes","datePublished":"2018-02-21T06:03:12+00:00","dateModified":"2018-02-26T02:03:26+00:00","mainEntityOfPage":{"@id":"http:\/\/www.reconoce.mx\/?p=70659"},"wordCount":346,"commentCount":0,"publisher":{"@id":"http:\/\/www.reconoce.mx\/#organization"},"image":{"@id":"http:\/\/www.reconoce.mx\/?p=70659#primaryimage"},"thumbnailUrl":"http:\/\/www.reconoce.mx\/wp-content\/uploads\/2018\/02\/drexler-memorya-y-tolerancia.jpg","articleSection":["Cultura","M\u00fasica","Principal"],"inLanguage":"es","potentialAction":[{"@type":"CommentAction","name":"Comment","target":["http:\/\/www.reconoce.mx\/?p=70659#respond"]}]},{"@type":"WebPage","@id":"http:\/\/www.reconoce.mx\/?p=70659","url":"http:\/\/www.reconoce.mx\/?p=70659","name":"El coraz\u00f3n de Jorge Drexler con los migrantes &#171; Reconoce MX","isPartOf":{"@id":"http:\/\/www.reconoce.mx\/#website"},"primaryImageOfPage":{"@id":"http:\/\/www.reconoce.mx\/?p=70659#primaryimage"},"image":{"@id":"http:\/\/www.reconoce.mx\/?p=70659#primaryimage"},"thumbnailUrl":"http:\/\/www.reconoce.mx\/wp-content\/uploads\/2018\/02\/drexler-memorya-y-tolerancia.jpg","datePublished":"2018-02-21T06:03:12+00:00","dateModified":"2018-02-26T02:03:26+00:00","breadcrumb":{"@id":"http:\/\/www.reconoce.mx\/?p=70659#breadcrumb"},"inLanguage":"es","potentialAction":[{"@type":"ReadAction","target":["http:\/\/www.reconoce.mx\/?p=70659"]}]},{"@type":"ImageObject","inLanguage":"es","@id":"http:\/\/www.reconoce.mx\/?p=70659#primaryimage","url":"http:\/\/www.reconoce.mx\/wp-content\/uploads\/2018\/02\/drexler-memorya-y-tolerancia.jpg","contentUrl":"http:\/\/www.reconoce.mx\/wp-content\/uploads\/2018\/02\/drexler-memorya-y-tolerancia.jpg","width":590,"height":380},{"@type":"BreadcrumbList","@id":"http:\/\/www.reconoce.mx\/?p=70659#breadcrumb","itemListElement":[{"@type":"ListItem","position":1,"name":"Portada","item":"http:\/\/www.reconoce.mx\/"},{"@type":"ListItem","position":2,"name":"El coraz\u00f3n de Jorge Drexler con los migrantes"}]},{"@type":"WebSite","@id":"http:\/\/www.reconoce.mx\/#website","url":"http:\/\/www.reconoce.mx\/","name":"Reconoce MX","description":"En Reconoce MX difundimos arte, cultura y conciencia social en M\u00e9xico. Tu ciudad en otra perspectiva.","publisher":{"@id":"http:\/\/www.reconoce.mx\/#organization"},"potentialAction":[{"@type":"SearchAction","target":{"@type":"EntryPoint","urlTemplate":"http:\/\/www.reconoce.mx\/?s={search_term_string}"},"query-input":{"@type":"PropertyValueSpecification","valueRequired":true,"valueName":"search_term_string"}}],"inLanguage":"es"},{"@type":"Organization","@id":"http:\/\/www.reconoce.mx\/#organization","name":"Reconoce MX","url":"http:\/\/www.reconoce.mx\/","logo":{"@type":"ImageObject","inLanguage":"es","@id":"http:\/\/www.reconoce.mx\/#\/schema\/logo\/image\/","url":"https:\/\/www.reconoce.mx\/wp-content\/uploads\/2019\/03\/logorcmx-good-1.png","contentUrl":"https:\/\/www.reconoce.mx\/wp-content\/uploads\/2019\/03\/logorcmx-good-1.png","width":280,"height":90,"caption":"Reconoce MX"},"image":{"@id":"http:\/\/www.reconoce.mx\/#\/schema\/logo\/image\/"},"sameAs":["https:\/\/es-la.facebook.com\/ReconoceMX\/","https:\/\/x.com\/reconocemx","http:\/\/@reconocemx"]},{"@type":"Person","@id":"http:\/\/www.reconoce.mx\/#\/schema\/person\/2117e997d7051dc15d6880eaf9bca0b2","name":"Reconoce MX","image":{"@type":"ImageObject","inLanguage":"es","@id":"http:\/\/www.reconoce.mx\/#\/schema\/person\/image\/","url":"https:\/\/secure.gravatar.com\/avatar\/6c8d4dc7569ca1c90c5fdcc349f839d5ddef6fe1e70b4337ead2ef1a4c43fc3a?s=96&d=identicon&r=g","contentUrl":"https:\/\/secure.gravatar.com\/avatar\/6c8d4dc7569ca1c90c5fdcc349f839d5ddef6fe1e70b4337ead2ef1a4c43fc3a?s=96&d=identicon&r=g","caption":"Reconoce MX"},"description":"Reconoce MX es un proyecto de difusi\u00f3n art\u00edstica, cultural y de conciencia social que est\u00e1 enfocado a difundir y fomentar el entretenimiento alternativo de calidad para todo el p\u00fablico que comparta el mismo entusiasmo.","sameAs":["http:\/\/www.reconoce.mx"],"url":"http:\/\/www.reconoce.mx\/?author=2"}]}},"_links":{"self":[{"href":"http:\/\/www.reconoce.mx\/index.php?rest_route=\/wp\/v2\/posts\/70659","targetHints":{"allow":["GET"]}}],"collection":[{"href":"http:\/\/www.reconoce.mx\/index.php?rest_route=\/wp\/v2\/posts"}],"about":[{"href":"http:\/\/www.reconoce.mx\/index.php?rest_route=\/wp\/v2\/types\/post"}],"author":[{"embeddable":true,"href":"http:\/\/www.reconoce.mx\/index.php?rest_route=\/wp\/v2\/users\/2"}],"replies":[{"embeddable":true,"href":"http:\/\/www.reconoce.mx\/index.php?rest_route=%2Fwp%2Fv2%2Fcomments&post=70659"}],"version-history":[{"count":4,"href":"http:\/\/www.reconoce.mx\/index.php?rest_route=\/wp\/v2\/posts\/70659\/revisions"}],"predecessor-version":[{"id":70839,"href":"http:\/\/www.reconoce.mx\/index.php?rest_route=\/wp\/v2\/posts\/70659\/revisions\/70839"}],"wp:featuredmedia":[{"embeddable":true,"href":"http:\/\/www.reconoce.mx\/index.php?rest_route=\/wp\/v2\/media\/70837"}],"wp:attachment":[{"href":"http:\/\/www.reconoce.mx\/index.php?rest_route=%2Fwp%2Fv2%2Fmedia&parent=70659"}],"wp:term":[{"taxonomy":"category","embeddable":true,"href":"http:\/\/www.reconoce.mx\/index.php?rest_route=%2Fwp%2Fv2%2Fcategories&post=70659"},{"taxonomy":"post_tag","embeddable":true,"href":"http:\/\/www.reconoce.mx\/index.php?rest_route=%2Fwp%2Fv2%2Ftags&post=70659"}],"curies":[{"name":"wp","href":"https:\/\/api.w.org\/{rel}","templated":true}]}}