{"id":70661,"date":"2018-02-21T00:06:35","date_gmt":"2018-02-21T06:06:35","guid":{"rendered":"http:\/\/www.reconoce.mx\/?p=70661"},"modified":"2018-02-21T00:35:22","modified_gmt":"2018-02-21T06:35:22","slug":"el-alma-de-damon-albarn","status":"publish","type":"post","link":"http:\/\/www.reconoce.mx\/?p=70661","title":{"rendered":"El alma de Damon Albarn"},"content":{"rendered":"<p><a href=\"http:\/\/www.reconoce.mx\/category\/columnistas\/\"><img loading=\"lazy\" decoding=\"async\" class=\"aligncenter size-full wp-image-40651\" src=\"http:\/\/www.reconoce.mx\/wp-content\/uploads\/2015\/09\/ColumnistaRCMX.png\" alt=\"Columnistainvitado\" width=\"570\" height=\"70\" \/><\/a><\/p>\n<p><strong>Por <a href=\"https:\/\/twitter.com\/MoreMoreMor3\" target=\"_blank\" rel=\"noopener noreferrer\">Morelia Mart\u00ednez Rodr\u00edguez<\/a>.<\/strong><\/p>\n<p><strong>Damon Albarn<\/strong> siempre ha sido de esos artistas que lo dan todo en los escenarios, adem\u00e1s de brillar por la importancia que le da a sus fan\u00e1ticos al tratar de hablar el idioma del pa\u00eds al que vaya, as\u00ed como su ya tradicional manera de compartir con los seguidores de las primeras filas, y por supuesto, ser \u00abbautizado\u00bb por \u00e9l.<\/p>\n<p>He tenido la oportunidad de ver a Damon tres veces en vivo, dos con <strong>Blur<\/strong> y otra en solitario, y las tres tienen ese toque m\u00e1gico que solo Albarn puede dar; sentirse querido y apreciado por el artista.<\/p>\n<p>En 2013 se present\u00f3 como banda estelar <strong>Blur<\/strong> en el <strong>Vive Latino<\/strong>. Hablando en espa\u00f1ol y con una enorme sonrisa que dejaba ver su diente de oro, Albarn expres\u00f3: \u00abtu eres mi alma\u00bb, frase que se me qued\u00f3 grabada y fue ah\u00ed, en ese momento que le tom\u00e9 m\u00e1s cari\u00f1o a Damon.<\/p>\n<p>Un a\u00f1o despu\u00e9s el artista lleg\u00f3 a Ciudad de M\u00e9xico de nuevo, pero ahora en compa\u00f1\u00eda de <strong>The Heavy Seas<\/strong> para promocionar su primer disco como solista.<\/p>\n<p>Pasado el atardecer, el gran momento para m\u00ed lleg\u00f3 despu\u00e9s de que tocar\u00e1 <strong>St. Vincent<\/strong> en el escenario \u00abCorona Light\u00bb. El piano lleg\u00f3, la bater\u00eda era reacomodada, los instrumentos de Mike listos, y poco a poco la lona con la septagrama. Ya merito, ya merito.<\/p>\n<p>Las luces se apagan, sale<strong> The Heavy Seas<\/strong>, unos momentos m\u00e1s, el genio sale con una enorme sonrisa. <em>Like a boss<\/em>. <strong>Damon Albarn<\/strong> est\u00e1 en la casa, gritos, gritos y m\u00e1s gritos, el momento por fin lleg\u00f3.<\/p>\n<p>El setlist de esa noche, Albarn nos dio un repaso por toda su carrera art\u00edstica, y por su puesto con el motivo de su visita, su disco como solista, cuyas rolas, sorprendentemente, s\u00ed fueron coreadas todas en el <strong>Corona Capital<\/strong>, unas m\u00e1s que otras, pero su \u00e1lbum fue muy bien recibido.<\/p>\n<p>A pesar que la presentaci\u00f3n de Damon fue la mejor de ese d\u00eda, fue realmente una verdadera l\u00e1stima que el festival solo lo dejara tocar una hora, hecho que tambi\u00e9n molest\u00f3 al cantante quien lo lament\u00f3 y tuvo que aprovechar cada segundo de esa preciada hora.<\/p>\n<p>Tan intensa estuvo esa presentaci\u00f3n, que termin\u00e9 con moretones en las costillas, pero logr\u00e9 verlo de cerca, y s\u00ed, fue rebautizada por el genio.<\/p>\n<p>Uno de los momentos hermosos fue la versi\u00f3n de \u00abEnd of a Century\u00bb con Damon al piano acompa\u00f1ado de una trompeta en los coros; la convirti\u00f3 en un momento m\u00e1gico para todos los fan\u00e1ticos de <strong>Blur<\/strong>.<\/p>\n<p>\u00abMr. Tembo\u00bb y \u00abHeavy Seas of Love\u00bb fueron la cereza del pastel, adem\u00e1s de las pi\u00f1atas que el club de fans de <strong>Blur<\/strong> en M\u00e9xico les hicieron a todos los m\u00fasicos, pero no tanto como la sonrisa que constantemente mostraba Damon como agradecimiento a las 60 mil almas; porque Albarn sabe c\u00f3mo es ser tratado como en casa.<\/p>\n<p>Al t\u00e9rmino de ese concierto record\u00e9 su frase, y un a\u00f1o despu\u00e9s lo volv\u00ed a ver con el regreso de <strong>Blur<\/strong>, por cierto, de las mejores noticias que los fans pudimos tener, y el regreso fue espectacular. Albarn solo parece tener algunas arrugas y canas de m\u00e1s, pero sigue d\u00e1ndolo todo en los conciertos, y ofrecer la mejor presentaci\u00f3n que se haya visto de s\u00ed mismo con anterioridad, con el fin de poder sentir su alma al ser invocada en el escenario, una, y otra, y otra vez, sin poder cansarnos de \u00e9l&#8230;<\/p>\n<p style=\"text-align: right;\">Foto: <strong>Marcus Hansson<\/strong>.<\/p>\n<blockquote><p><a href=\"http:\/\/www.reconoce.mx\/wp-content\/uploads\/2017\/05\/Morelia-Martinez-Rodriguez-e1495853274361.jpg\" rel=\"lightbox[64303]\"><img loading=\"lazy\" decoding=\"async\" class=\"alignleft size-thumbnail wp-image-39872\" src=\"http:\/\/www.reconoce.mx\/wp-content\/uploads\/2017\/05\/Morelia-Martinez-Rodriguez-e1495853274361.jpg\" alt=\"IMG_5743\" width=\"150\" height=\"150\" \/><\/a><strong>Morelia Mart\u00ednez Rodr\u00edguez<\/strong>. Me llamo como la ciudad donde vivo y resido, pero no nac\u00ed aqu\u00ed. Enamorada de la capital michoacana. Soy una devota de la m\u00fasica, todo gira en torno a ella. Escucho a Depeche Mode, Draco Rosa, The Beatles, Joaqu\u00edn Sabina, Blur, el rock cl\u00e1sico y a Los Panchos principalmente; pero siempre abierta a las nuevas propuestas. Amo a mi familia y a mi perrito Mou de 12 a\u00f1os que siempre me acompa\u00f1a en la traves\u00eda. Disfruto mucho de las pel\u00edculas y documentales de m\u00fasica. Trato de acudir a todos los conciertos que pueda, es lo mejor que puede existir.<\/p><\/blockquote>\n<p>&nbsp;<\/p>\n<p>&nbsp;<\/p>\n","protected":false},"excerpt":{"rendered":"<p>Damon Albarn siempre ha sido de esos artistas que lo dan todo en los escenarios, adem\u00e1s de brillar por la importancia que le da a sus fan\u00e1ticos al tratar de hablar el idioma del pa\u00eds al que vaya, as\u00ed como su ya tradicional manera de compartir con los seguidores de las primeras filas, y por supuesto, ser \u00abbautizado\u00bb por \u00e9l.<\/p>\n","protected":false},"author":2,"featured_media":70662,"comment_status":"open","ping_status":"open","sticky":false,"template":"","format":"standard","meta":{"footnotes":""},"categories":[2657,16,2658,17],"tags":[],"class_list":["post-70661","post","type-post","status-publish","format-standard","has-post-thumbnail","hentry","category-rcmxen","category-columnistas","category-morelia","category-principal"],"yoast_head":"<!-- This site is optimized with the Yoast SEO plugin v24.7 - https:\/\/yoast.com\/wordpress\/plugins\/seo\/ -->\n<title>El alma de Damon Albarn &#171; Reconoce MX<\/title>\n<meta name=\"robots\" content=\"index, follow, max-snippet:-1, max-image-preview:large, max-video-preview:-1\" \/>\n<link rel=\"canonical\" href=\"http:\/\/www.reconoce.mx\/?p=70661\" \/>\n<meta property=\"og:locale\" content=\"es_ES\" \/>\n<meta property=\"og:type\" content=\"article\" \/>\n<meta property=\"og:title\" content=\"El alma de Damon Albarn &#171; Reconoce MX\" \/>\n<meta property=\"og:description\" content=\"Damon Albarn siempre ha sido de esos artistas que lo dan todo en los escenarios, adem\u00e1s de brillar por la importancia que le da a sus fan\u00e1ticos al tratar de hablar el idioma del pa\u00eds al que vaya, as\u00ed como su ya tradicional manera de compartir con los seguidores de las primeras filas, y por supuesto, ser &quot;bautizado&quot; por \u00e9l.\" \/>\n<meta property=\"og:url\" content=\"http:\/\/www.reconoce.mx\/?p=70661\" \/>\n<meta property=\"og:site_name\" content=\"Reconoce MX\" \/>\n<meta property=\"article:publisher\" content=\"https:\/\/es-la.facebook.com\/ReconoceMX\/\" \/>\n<meta property=\"article:published_time\" content=\"2018-02-21T06:06:35+00:00\" \/>\n<meta property=\"article:modified_time\" content=\"2018-02-21T06:35:22+00:00\" \/>\n<meta property=\"og:image\" content=\"http:\/\/www.reconoce.mx\/wp-content\/uploads\/2018\/02\/damon-albarn-cover.jpg\" \/>\n\t<meta property=\"og:image:width\" content=\"590\" \/>\n\t<meta property=\"og:image:height\" content=\"380\" \/>\n\t<meta property=\"og:image:type\" content=\"image\/jpeg\" \/>\n<meta name=\"author\" content=\"Reconoce MX\" \/>\n<meta name=\"twitter:card\" content=\"summary_large_image\" \/>\n<meta name=\"twitter:creator\" content=\"@reconocemx\" \/>\n<meta name=\"twitter:site\" content=\"@reconocemx\" \/>\n<meta name=\"twitter:label1\" content=\"Escrito por\" \/>\n\t<meta name=\"twitter:data1\" content=\"Reconoce MX\" \/>\n\t<meta name=\"twitter:label2\" content=\"Tiempo de lectura\" \/>\n\t<meta name=\"twitter:data2\" content=\"4 minutos\" \/>\n<script type=\"application\/ld+json\" class=\"yoast-schema-graph\">{\"@context\":\"https:\/\/schema.org\",\"@graph\":[{\"@type\":\"Article\",\"@id\":\"http:\/\/www.reconoce.mx\/?p=70661#article\",\"isPartOf\":{\"@id\":\"http:\/\/www.reconoce.mx\/?p=70661\"},\"author\":{\"name\":\"Reconoce MX\",\"@id\":\"http:\/\/www.reconoce.mx\/#\/schema\/person\/2117e997d7051dc15d6880eaf9bca0b2\"},\"headline\":\"El alma de Damon Albarn\",\"datePublished\":\"2018-02-21T06:06:35+00:00\",\"dateModified\":\"2018-02-21T06:35:22+00:00\",\"mainEntityOfPage\":{\"@id\":\"http:\/\/www.reconoce.mx\/?p=70661\"},\"wordCount\":729,\"commentCount\":0,\"publisher\":{\"@id\":\"http:\/\/www.reconoce.mx\/#organization\"},\"image\":{\"@id\":\"http:\/\/www.reconoce.mx\/?p=70661#primaryimage\"},\"thumbnailUrl\":\"http:\/\/www.reconoce.mx\/wp-content\/uploads\/2018\/02\/damon-albarn-cover.jpg\",\"articleSection\":[\"#RCMXen\",\"Columnistas\",\"Morelia\",\"Principal\"],\"inLanguage\":\"es\",\"potentialAction\":[{\"@type\":\"CommentAction\",\"name\":\"Comment\",\"target\":[\"http:\/\/www.reconoce.mx\/?p=70661#respond\"]}]},{\"@type\":\"WebPage\",\"@id\":\"http:\/\/www.reconoce.mx\/?p=70661\",\"url\":\"http:\/\/www.reconoce.mx\/?p=70661\",\"name\":\"El alma de Damon Albarn &#171; Reconoce MX\",\"isPartOf\":{\"@id\":\"http:\/\/www.reconoce.mx\/#website\"},\"primaryImageOfPage\":{\"@id\":\"http:\/\/www.reconoce.mx\/?p=70661#primaryimage\"},\"image\":{\"@id\":\"http:\/\/www.reconoce.mx\/?p=70661#primaryimage\"},\"thumbnailUrl\":\"http:\/\/www.reconoce.mx\/wp-content\/uploads\/2018\/02\/damon-albarn-cover.jpg\",\"datePublished\":\"2018-02-21T06:06:35+00:00\",\"dateModified\":\"2018-02-21T06:35:22+00:00\",\"breadcrumb\":{\"@id\":\"http:\/\/www.reconoce.mx\/?p=70661#breadcrumb\"},\"inLanguage\":\"es\",\"potentialAction\":[{\"@type\":\"ReadAction\",\"target\":[\"http:\/\/www.reconoce.mx\/?p=70661\"]}]},{\"@type\":\"ImageObject\",\"inLanguage\":\"es\",\"@id\":\"http:\/\/www.reconoce.mx\/?p=70661#primaryimage\",\"url\":\"http:\/\/www.reconoce.mx\/wp-content\/uploads\/2018\/02\/damon-albarn-cover.jpg\",\"contentUrl\":\"http:\/\/www.reconoce.mx\/wp-content\/uploads\/2018\/02\/damon-albarn-cover.jpg\",\"width\":590,\"height\":380},{\"@type\":\"BreadcrumbList\",\"@id\":\"http:\/\/www.reconoce.mx\/?p=70661#breadcrumb\",\"itemListElement\":[{\"@type\":\"ListItem\",\"position\":1,\"name\":\"Portada\",\"item\":\"http:\/\/www.reconoce.mx\/\"},{\"@type\":\"ListItem\",\"position\":2,\"name\":\"El alma de Damon Albarn\"}]},{\"@type\":\"WebSite\",\"@id\":\"http:\/\/www.reconoce.mx\/#website\",\"url\":\"http:\/\/www.reconoce.mx\/\",\"name\":\"Reconoce MX\",\"description\":\"En Reconoce MX difundimos arte, cultura y conciencia social en M\u00e9xico. Tu ciudad en otra perspectiva.\",\"publisher\":{\"@id\":\"http:\/\/www.reconoce.mx\/#organization\"},\"potentialAction\":[{\"@type\":\"SearchAction\",\"target\":{\"@type\":\"EntryPoint\",\"urlTemplate\":\"http:\/\/www.reconoce.mx\/?s={search_term_string}\"},\"query-input\":{\"@type\":\"PropertyValueSpecification\",\"valueRequired\":true,\"valueName\":\"search_term_string\"}}],\"inLanguage\":\"es\"},{\"@type\":\"Organization\",\"@id\":\"http:\/\/www.reconoce.mx\/#organization\",\"name\":\"Reconoce MX\",\"url\":\"http:\/\/www.reconoce.mx\/\",\"logo\":{\"@type\":\"ImageObject\",\"inLanguage\":\"es\",\"@id\":\"http:\/\/www.reconoce.mx\/#\/schema\/logo\/image\/\",\"url\":\"https:\/\/www.reconoce.mx\/wp-content\/uploads\/2019\/03\/logorcmx-good-1.png\",\"contentUrl\":\"https:\/\/www.reconoce.mx\/wp-content\/uploads\/2019\/03\/logorcmx-good-1.png\",\"width\":280,\"height\":90,\"caption\":\"Reconoce MX\"},\"image\":{\"@id\":\"http:\/\/www.reconoce.mx\/#\/schema\/logo\/image\/\"},\"sameAs\":[\"https:\/\/es-la.facebook.com\/ReconoceMX\/\",\"https:\/\/x.com\/reconocemx\",\"http:\/\/@reconocemx\"]},{\"@type\":\"Person\",\"@id\":\"http:\/\/www.reconoce.mx\/#\/schema\/person\/2117e997d7051dc15d6880eaf9bca0b2\",\"name\":\"Reconoce MX\",\"image\":{\"@type\":\"ImageObject\",\"inLanguage\":\"es\",\"@id\":\"http:\/\/www.reconoce.mx\/#\/schema\/person\/image\/\",\"url\":\"https:\/\/secure.gravatar.com\/avatar\/6c8d4dc7569ca1c90c5fdcc349f839d5ddef6fe1e70b4337ead2ef1a4c43fc3a?s=96&d=identicon&r=g\",\"contentUrl\":\"https:\/\/secure.gravatar.com\/avatar\/6c8d4dc7569ca1c90c5fdcc349f839d5ddef6fe1e70b4337ead2ef1a4c43fc3a?s=96&d=identicon&r=g\",\"caption\":\"Reconoce MX\"},\"description\":\"Reconoce MX es un proyecto de difusi\u00f3n art\u00edstica, cultural y de conciencia social que est\u00e1 enfocado a difundir y fomentar el entretenimiento alternativo de calidad para todo el p\u00fablico que comparta el mismo entusiasmo.\",\"sameAs\":[\"http:\/\/www.reconoce.mx\"],\"url\":\"http:\/\/www.reconoce.mx\/?author=2\"}]}<\/script>\n<!-- \/ Yoast SEO plugin. -->","yoast_head_json":{"title":"El alma de Damon Albarn &#171; Reconoce MX","robots":{"index":"index","follow":"follow","max-snippet":"max-snippet:-1","max-image-preview":"max-image-preview:large","max-video-preview":"max-video-preview:-1"},"canonical":"http:\/\/www.reconoce.mx\/?p=70661","og_locale":"es_ES","og_type":"article","og_title":"El alma de Damon Albarn &#171; Reconoce MX","og_description":"Damon Albarn siempre ha sido de esos artistas que lo dan todo en los escenarios, adem\u00e1s de brillar por la importancia que le da a sus fan\u00e1ticos al tratar de hablar el idioma del pa\u00eds al que vaya, as\u00ed como su ya tradicional manera de compartir con los seguidores de las primeras filas, y por supuesto, ser \"bautizado\" por \u00e9l.","og_url":"http:\/\/www.reconoce.mx\/?p=70661","og_site_name":"Reconoce MX","article_publisher":"https:\/\/es-la.facebook.com\/ReconoceMX\/","article_published_time":"2018-02-21T06:06:35+00:00","article_modified_time":"2018-02-21T06:35:22+00:00","og_image":[{"width":590,"height":380,"url":"http:\/\/www.reconoce.mx\/wp-content\/uploads\/2018\/02\/damon-albarn-cover.jpg","type":"image\/jpeg"}],"author":"Reconoce MX","twitter_card":"summary_large_image","twitter_creator":"@reconocemx","twitter_site":"@reconocemx","twitter_misc":{"Escrito por":"Reconoce MX","Tiempo de lectura":"4 minutos"},"schema":{"@context":"https:\/\/schema.org","@graph":[{"@type":"Article","@id":"http:\/\/www.reconoce.mx\/?p=70661#article","isPartOf":{"@id":"http:\/\/www.reconoce.mx\/?p=70661"},"author":{"name":"Reconoce MX","@id":"http:\/\/www.reconoce.mx\/#\/schema\/person\/2117e997d7051dc15d6880eaf9bca0b2"},"headline":"El alma de Damon Albarn","datePublished":"2018-02-21T06:06:35+00:00","dateModified":"2018-02-21T06:35:22+00:00","mainEntityOfPage":{"@id":"http:\/\/www.reconoce.mx\/?p=70661"},"wordCount":729,"commentCount":0,"publisher":{"@id":"http:\/\/www.reconoce.mx\/#organization"},"image":{"@id":"http:\/\/www.reconoce.mx\/?p=70661#primaryimage"},"thumbnailUrl":"http:\/\/www.reconoce.mx\/wp-content\/uploads\/2018\/02\/damon-albarn-cover.jpg","articleSection":["#RCMXen","Columnistas","Morelia","Principal"],"inLanguage":"es","potentialAction":[{"@type":"CommentAction","name":"Comment","target":["http:\/\/www.reconoce.mx\/?p=70661#respond"]}]},{"@type":"WebPage","@id":"http:\/\/www.reconoce.mx\/?p=70661","url":"http:\/\/www.reconoce.mx\/?p=70661","name":"El alma de Damon Albarn &#171; Reconoce MX","isPartOf":{"@id":"http:\/\/www.reconoce.mx\/#website"},"primaryImageOfPage":{"@id":"http:\/\/www.reconoce.mx\/?p=70661#primaryimage"},"image":{"@id":"http:\/\/www.reconoce.mx\/?p=70661#primaryimage"},"thumbnailUrl":"http:\/\/www.reconoce.mx\/wp-content\/uploads\/2018\/02\/damon-albarn-cover.jpg","datePublished":"2018-02-21T06:06:35+00:00","dateModified":"2018-02-21T06:35:22+00:00","breadcrumb":{"@id":"http:\/\/www.reconoce.mx\/?p=70661#breadcrumb"},"inLanguage":"es","potentialAction":[{"@type":"ReadAction","target":["http:\/\/www.reconoce.mx\/?p=70661"]}]},{"@type":"ImageObject","inLanguage":"es","@id":"http:\/\/www.reconoce.mx\/?p=70661#primaryimage","url":"http:\/\/www.reconoce.mx\/wp-content\/uploads\/2018\/02\/damon-albarn-cover.jpg","contentUrl":"http:\/\/www.reconoce.mx\/wp-content\/uploads\/2018\/02\/damon-albarn-cover.jpg","width":590,"height":380},{"@type":"BreadcrumbList","@id":"http:\/\/www.reconoce.mx\/?p=70661#breadcrumb","itemListElement":[{"@type":"ListItem","position":1,"name":"Portada","item":"http:\/\/www.reconoce.mx\/"},{"@type":"ListItem","position":2,"name":"El alma de Damon Albarn"}]},{"@type":"WebSite","@id":"http:\/\/www.reconoce.mx\/#website","url":"http:\/\/www.reconoce.mx\/","name":"Reconoce MX","description":"En Reconoce MX difundimos arte, cultura y conciencia social en M\u00e9xico. Tu ciudad en otra perspectiva.","publisher":{"@id":"http:\/\/www.reconoce.mx\/#organization"},"potentialAction":[{"@type":"SearchAction","target":{"@type":"EntryPoint","urlTemplate":"http:\/\/www.reconoce.mx\/?s={search_term_string}"},"query-input":{"@type":"PropertyValueSpecification","valueRequired":true,"valueName":"search_term_string"}}],"inLanguage":"es"},{"@type":"Organization","@id":"http:\/\/www.reconoce.mx\/#organization","name":"Reconoce MX","url":"http:\/\/www.reconoce.mx\/","logo":{"@type":"ImageObject","inLanguage":"es","@id":"http:\/\/www.reconoce.mx\/#\/schema\/logo\/image\/","url":"https:\/\/www.reconoce.mx\/wp-content\/uploads\/2019\/03\/logorcmx-good-1.png","contentUrl":"https:\/\/www.reconoce.mx\/wp-content\/uploads\/2019\/03\/logorcmx-good-1.png","width":280,"height":90,"caption":"Reconoce MX"},"image":{"@id":"http:\/\/www.reconoce.mx\/#\/schema\/logo\/image\/"},"sameAs":["https:\/\/es-la.facebook.com\/ReconoceMX\/","https:\/\/x.com\/reconocemx","http:\/\/@reconocemx"]},{"@type":"Person","@id":"http:\/\/www.reconoce.mx\/#\/schema\/person\/2117e997d7051dc15d6880eaf9bca0b2","name":"Reconoce MX","image":{"@type":"ImageObject","inLanguage":"es","@id":"http:\/\/www.reconoce.mx\/#\/schema\/person\/image\/","url":"https:\/\/secure.gravatar.com\/avatar\/6c8d4dc7569ca1c90c5fdcc349f839d5ddef6fe1e70b4337ead2ef1a4c43fc3a?s=96&d=identicon&r=g","contentUrl":"https:\/\/secure.gravatar.com\/avatar\/6c8d4dc7569ca1c90c5fdcc349f839d5ddef6fe1e70b4337ead2ef1a4c43fc3a?s=96&d=identicon&r=g","caption":"Reconoce MX"},"description":"Reconoce MX es un proyecto de difusi\u00f3n art\u00edstica, cultural y de conciencia social que est\u00e1 enfocado a difundir y fomentar el entretenimiento alternativo de calidad para todo el p\u00fablico que comparta el mismo entusiasmo.","sameAs":["http:\/\/www.reconoce.mx"],"url":"http:\/\/www.reconoce.mx\/?author=2"}]}},"_links":{"self":[{"href":"http:\/\/www.reconoce.mx\/index.php?rest_route=\/wp\/v2\/posts\/70661","targetHints":{"allow":["GET"]}}],"collection":[{"href":"http:\/\/www.reconoce.mx\/index.php?rest_route=\/wp\/v2\/posts"}],"about":[{"href":"http:\/\/www.reconoce.mx\/index.php?rest_route=\/wp\/v2\/types\/post"}],"author":[{"embeddable":true,"href":"http:\/\/www.reconoce.mx\/index.php?rest_route=\/wp\/v2\/users\/2"}],"replies":[{"embeddable":true,"href":"http:\/\/www.reconoce.mx\/index.php?rest_route=%2Fwp%2Fv2%2Fcomments&post=70661"}],"version-history":[{"count":3,"href":"http:\/\/www.reconoce.mx\/index.php?rest_route=\/wp\/v2\/posts\/70661\/revisions"}],"predecessor-version":[{"id":70665,"href":"http:\/\/www.reconoce.mx\/index.php?rest_route=\/wp\/v2\/posts\/70661\/revisions\/70665"}],"wp:featuredmedia":[{"embeddable":true,"href":"http:\/\/www.reconoce.mx\/index.php?rest_route=\/wp\/v2\/media\/70662"}],"wp:attachment":[{"href":"http:\/\/www.reconoce.mx\/index.php?rest_route=%2Fwp%2Fv2%2Fmedia&parent=70661"}],"wp:term":[{"taxonomy":"category","embeddable":true,"href":"http:\/\/www.reconoce.mx\/index.php?rest_route=%2Fwp%2Fv2%2Fcategories&post=70661"},{"taxonomy":"post_tag","embeddable":true,"href":"http:\/\/www.reconoce.mx\/index.php?rest_route=%2Fwp%2Fv2%2Ftags&post=70661"}],"curies":[{"name":"wp","href":"https:\/\/api.w.org\/{rel}","templated":true}]}}