{"id":70716,"date":"2018-02-23T00:05:23","date_gmt":"2018-02-23T06:05:23","guid":{"rendered":"http:\/\/www.reconoce.mx\/?p=70716"},"modified":"2018-02-22T22:59:33","modified_gmt":"2018-02-23T04:59:33","slug":"mudbound-el-color-de-la-guerra-o-como-vibrar-con-una-cinta-muy-emotiva","status":"publish","type":"post","link":"http:\/\/www.reconoce.mx\/?p=70716","title":{"rendered":"\u00abMudbound: el color de la guerra\u00bb, o c\u00f3mo vibrar con una cinta muy emotiva"},"content":{"rendered":"<p><strong>Por <a title=\"@AsfaltosTweets\" href=\"http:\/\/twitter.com\/AsfaltosTweets\" target=\"_blank\" rel=\"noopener\">Asfaltos<\/a><\/strong>.<\/p>\n<p>En plena fiebre por el <strong>Oscar<\/strong>, entre varios estrenos que se pelean la atenci\u00f3n de la audiencia, se estrena este fin de semana una pel\u00edcula que t\u00edmidamente aparece tambi\u00e9n en la carrera por 4 <strong>Premios de la Academia<\/strong>. Esta cinta, cuya poca presencia en los <strong>Oscar<\/strong> sea explicada quizpa por su origen de \u00abpecado\u00bb, es \u00abMudbound: el color de la guerra\u00bb, una producci\u00f3n de <strong>Netflix<\/strong> que es adem\u00e1s una muy buena pel\u00edcula que desde ya recomendamos que vean.<\/p>\n<p><a href=\"http:\/\/www.reconoce.mx\/wp-content\/uploads\/2018\/02\/mudbound-poster.jpg\"><img loading=\"lazy\" decoding=\"async\" class=\"aligncenter size-full wp-image-70720\" src=\"http:\/\/www.reconoce.mx\/wp-content\/uploads\/2018\/02\/mudbound-poster.jpg\" alt=\"\" width=\"754\" height=\"1116\" srcset=\"http:\/\/www.reconoce.mx\/wp-content\/uploads\/2018\/02\/mudbound-poster.jpg 754w, http:\/\/www.reconoce.mx\/wp-content\/uploads\/2018\/02\/mudbound-poster-203x300.jpg 203w, http:\/\/www.reconoce.mx\/wp-content\/uploads\/2018\/02\/mudbound-poster-692x1024.jpg 692w, http:\/\/www.reconoce.mx\/wp-content\/uploads\/2018\/02\/mudbound-poster-150x222.jpg 150w, http:\/\/www.reconoce.mx\/wp-content\/uploads\/2018\/02\/mudbound-poster-700x1036.jpg 700w, http:\/\/www.reconoce.mx\/wp-content\/uploads\/2018\/02\/mudbound-poster-658x974.jpg 658w, http:\/\/www.reconoce.mx\/wp-content\/uploads\/2018\/02\/mudbound-poster-300x444.jpg 300w\" sizes=\"auto, (max-width: 754px) 100vw, 754px\" \/><\/a><\/p>\n<p>Dirigida por la estadounidense <strong>Dee Rees<\/strong>, y escrita por ella tambi\u00e9n en conjunto con <strong>Virgil Williams<\/strong>, \u00abMudbound: el color de la guerra\u00bb nos cuenta la historia de dos familias de Misisipi en la d\u00e9cada de los 40.<\/p>\n<p>Por un lado tenemos a una familia blanca, cuyo jefe de familia decide llevar un d\u00eda a vivir en una granja que fue alguna vez su sue\u00f1o interrumpido; por el otro lado tenemos a una familia de color, en la que encontramos a un jefe de familia que mas bien sobrevive y sue\u00f1a con un eventual futuro en el que pueda trabajar solo para s\u00ed mismo. En ambos casos sin embargo se les aparece la guerra, esa que enfrent\u00f3 a varias potencias mundiales por segunda ocasi\u00f3n en el siglo XX, esa que se les cambiar\u00e1 para siempre su existencia.<\/p>\n<p><a href=\"http:\/\/www.reconoce.mx\/wp-content\/uploads\/2018\/02\/mudbound-2.jpg\"><img loading=\"lazy\" decoding=\"async\" class=\"aligncenter size-full wp-image-70718\" src=\"http:\/\/www.reconoce.mx\/wp-content\/uploads\/2018\/02\/mudbound-2.jpg\" alt=\"\" width=\"590\" height=\"380\" srcset=\"http:\/\/www.reconoce.mx\/wp-content\/uploads\/2018\/02\/mudbound-2.jpg 590w, http:\/\/www.reconoce.mx\/wp-content\/uploads\/2018\/02\/mudbound-2-300x193.jpg 300w, http:\/\/www.reconoce.mx\/wp-content\/uploads\/2018\/02\/mudbound-2-150x97.jpg 150w\" sizes=\"auto, (max-width: 590px) 100vw, 590px\" \/><\/a><\/p>\n<p>Con cuatro nominaciones a los <strong>Oscar<\/strong>, destacando la nominaci\u00f3n para <strong>Rachel Morrison<\/strong> como la primera mujer en la historia de los<strong> Premios de la Academia<\/strong> nominada en la categor\u00eda de \u00abMejor fotograf\u00eda\u00bb, \u00abMudbound: el color de la guerra\u00bb es una pel\u00edcula que les anticipo no les dejar\u00e1 en paz en la butaca.<\/p>\n<p>Basada en la novela de <strong>Hilary Jordan<\/strong> del mismo nombre, \u00abMudbound: el color de la guerra\u00bb es un drama protagonizado por <strong>Carey Mulligan<\/strong>, <strong>Garrett Hedlund<\/strong>, <strong>Jason Clarke<\/strong>, <strong>Jason Mitchell<\/strong> y la cantante estadounidense de m\u00fasica soul, <strong>Mary J. Blige<\/strong>. S\u00ed, <strong>Mary J. Blige<\/strong> act\u00faa \u00a1y vaya que lo hace tremendamente bien! M\u00e1s all\u00e1 de que fue nominada al <strong>Oscar<\/strong> como \u00abMejor actriz de reparto\u00bb, el papel de la cantante es sobresaliente. Uno en verdad no se da cuenta de que se trata de ella, adem\u00e1s de que a pesar de que comparte con otros actores de carrera, sobresale entre ellos con talento nato.<\/p>\n<p><a href=\"http:\/\/www.reconoce.mx\/wp-content\/uploads\/2018\/02\/mudbound-3.jpg\"><img loading=\"lazy\" decoding=\"async\" class=\"aligncenter size-full wp-image-70719\" src=\"http:\/\/www.reconoce.mx\/wp-content\/uploads\/2018\/02\/mudbound-3.jpg\" alt=\"\" width=\"590\" height=\"380\" srcset=\"http:\/\/www.reconoce.mx\/wp-content\/uploads\/2018\/02\/mudbound-3.jpg 590w, http:\/\/www.reconoce.mx\/wp-content\/uploads\/2018\/02\/mudbound-3-300x193.jpg 300w, http:\/\/www.reconoce.mx\/wp-content\/uploads\/2018\/02\/mudbound-3-150x97.jpg 150w\" sizes=\"auto, (max-width: 590px) 100vw, 590px\" \/><\/a><\/p>\n<p>Con un ritmo que fluye sin problema, la fotograf\u00eda ya descatada, las actuaciones muy bien balanceadas, y adem\u00e1s una interesante historia que atrapa y no suelta, \u00abMudbound: el color de la guerra\u00bb es una cinta que se siente m\u00e1s que necesaria en los tiempos actuales que estamos viviendo. Pareciera, a merced de detallarlo con m\u00e1s cuidado en un texto aparte, que las cintas presentes en los <strong>Premios de la Academia<\/strong> de este a\u00f1o tienen ciertos hilos conductores que las ligan de alguna u otra manera.<\/p>\n<p>S\u00ed, la pel\u00edcula es dura y provocar\u00e1 que las emociones se desborden con natural soltura; pero eso es lo que nos gustan de historias como \u00e9sta, que adem\u00e1s, logra un equilibrio en muchos aspectos que finalmente termina por hacer de esta pel\u00edcula una que probablemente quede en la memoria de muchos.<\/p>\n<style>.embed-container { position: relative; padding-bottom: 56.25%; height: 0; overflow: hidden; max-width: 100%; } .embed-container iframe, .embed-container object, .embed-container embed { position: absolute; top: 0; left: 0; width: 100%; height: 100%; }<\/style>\n<div class='embed-container'><iframe src='https:\/\/www.youtube.com\/embed\/hq-J4hSMuRU' frameborder='0' allowfullscreen><\/iframe><\/div>\n<p>&nbsp;<\/p>\n<p>\u00abMudbound: el color de la guerra\u00bb compite por 4 <strong>Premios de la Academia<\/strong>: \u00abMejor fotograf\u00eda\u00bb para <strong>Rachel Morrison<\/strong>, \u00abMejor actriz de reparto\u00bb para <strong>Mary J. Blige<\/strong>, \u00abMejor gui\u00f3n adaptado\u00bb para <strong>Virgil Williams<\/strong> y <strong>Dee Rees<\/strong>, y finalmente \u00abMejor canci\u00f3n original\u00bb por \u00abMighty River\u00bb interpretada por la misma <strong>Mary J. Blige<\/strong>.<\/p>\n<p>\u00abMudbound: el color de la guerra\u00bb se estrena hoy viernes 23 de febrero, en exclusiva con <strong>Sala de Arte<\/strong> de <strong>Cin\u00e9polis<\/strong>. \u00bfImperdible? Definivitamente.<\/p>\n<p style=\"text-align: right;\">Im\u00e1genes cortes\u00eda de <strong>Diamond Films M\u00e9xico<\/strong>.<\/p>\n<p>&nbsp;<\/p>\n<p>&nbsp;<\/p>\n","protected":false},"excerpt":{"rendered":"<p>En plena fiebre por el Oscar, entre varios estrenos que se pelean la atenci\u00f3n de la audiencia, se estrena este fin de semana una pel\u00edcula que t\u00edmidamente aparece tambi\u00e9n en la carrera por 4 Premios de la Academia. <\/p>\n","protected":false},"author":2,"featured_media":70717,"comment_status":"open","ping_status":"open","sticky":false,"template":"","format":"standard","meta":{"footnotes":""},"categories":[24,1,17],"tags":[],"class_list":["post-70716","post","type-post","status-publish","format-standard","has-post-thumbnail","hentry","category-cine","category-cultura","category-principal"],"yoast_head":"<!-- This site is optimized with the Yoast SEO plugin v24.7 - https:\/\/yoast.com\/wordpress\/plugins\/seo\/ -->\n<title>&quot;Mudbound: el color de la guerra&quot;, o c\u00f3mo vibrar con una cinta muy emotiva &#171; Reconoce MX<\/title>\n<meta name=\"robots\" content=\"index, follow, max-snippet:-1, max-image-preview:large, max-video-preview:-1\" \/>\n<link rel=\"canonical\" href=\"https:\/\/www.reconoce.mx\/?p=70716\" \/>\n<meta property=\"og:locale\" content=\"es_ES\" \/>\n<meta property=\"og:type\" content=\"article\" \/>\n<meta property=\"og:title\" content=\"&quot;Mudbound: el color de la guerra&quot;, o c\u00f3mo vibrar con una cinta muy emotiva &#171; Reconoce MX\" \/>\n<meta property=\"og:description\" content=\"En plena fiebre por el Oscar, entre varios estrenos que se pelean la atenci\u00f3n de la audiencia, se estrena este fin de semana una pel\u00edcula que t\u00edmidamente aparece tambi\u00e9n en la carrera por 4 Premios de la Academia.\" \/>\n<meta property=\"og:url\" content=\"https:\/\/www.reconoce.mx\/?p=70716\" \/>\n<meta property=\"og:site_name\" content=\"Reconoce MX\" \/>\n<meta property=\"article:publisher\" content=\"https:\/\/es-la.facebook.com\/ReconoceMX\/\" \/>\n<meta property=\"article:published_time\" content=\"2018-02-23T06:05:23+00:00\" \/>\n<meta property=\"og:image\" content=\"https:\/\/www.reconoce.mx\/wp-content\/uploads\/2018\/02\/mudbound-1.jpg\" \/>\n\t<meta property=\"og:image:width\" content=\"590\" \/>\n\t<meta property=\"og:image:height\" content=\"380\" \/>\n\t<meta property=\"og:image:type\" content=\"image\/jpeg\" \/>\n<meta name=\"author\" content=\"Reconoce MX\" \/>\n<meta name=\"twitter:card\" content=\"summary_large_image\" \/>\n<meta name=\"twitter:creator\" content=\"@reconocemx\" \/>\n<meta name=\"twitter:site\" content=\"@reconocemx\" \/>\n<meta name=\"twitter:label1\" content=\"Escrito por\" \/>\n\t<meta name=\"twitter:data1\" content=\"Reconoce MX\" \/>\n\t<meta name=\"twitter:label2\" content=\"Tiempo de lectura\" \/>\n\t<meta name=\"twitter:data2\" content=\"3 minutos\" \/>\n<script type=\"application\/ld+json\" class=\"yoast-schema-graph\">{\"@context\":\"https:\/\/schema.org\",\"@graph\":[{\"@type\":\"Article\",\"@id\":\"https:\/\/www.reconoce.mx\/?p=70716#article\",\"isPartOf\":{\"@id\":\"https:\/\/www.reconoce.mx\/?p=70716\"},\"author\":{\"name\":\"Reconoce MX\",\"@id\":\"http:\/\/www.reconoce.mx\/#\/schema\/person\/2117e997d7051dc15d6880eaf9bca0b2\"},\"headline\":\"\u00abMudbound: el color de la guerra\u00bb, o c\u00f3mo vibrar con una cinta muy emotiva\",\"datePublished\":\"2018-02-23T06:05:23+00:00\",\"mainEntityOfPage\":{\"@id\":\"https:\/\/www.reconoce.mx\/?p=70716\"},\"wordCount\":636,\"commentCount\":0,\"publisher\":{\"@id\":\"http:\/\/www.reconoce.mx\/#organization\"},\"image\":{\"@id\":\"https:\/\/www.reconoce.mx\/?p=70716#primaryimage\"},\"thumbnailUrl\":\"http:\/\/www.reconoce.mx\/wp-content\/uploads\/2018\/02\/mudbound-1.jpg\",\"articleSection\":[\"Cine\",\"Cultura\",\"Principal\"],\"inLanguage\":\"es\",\"potentialAction\":[{\"@type\":\"CommentAction\",\"name\":\"Comment\",\"target\":[\"https:\/\/www.reconoce.mx\/?p=70716#respond\"]}]},{\"@type\":\"WebPage\",\"@id\":\"https:\/\/www.reconoce.mx\/?p=70716\",\"url\":\"https:\/\/www.reconoce.mx\/?p=70716\",\"name\":\"\\\"Mudbound: el color de la guerra\\\", o c\u00f3mo vibrar con una cinta muy emotiva &#171; Reconoce MX\",\"isPartOf\":{\"@id\":\"http:\/\/www.reconoce.mx\/#website\"},\"primaryImageOfPage\":{\"@id\":\"https:\/\/www.reconoce.mx\/?p=70716#primaryimage\"},\"image\":{\"@id\":\"https:\/\/www.reconoce.mx\/?p=70716#primaryimage\"},\"thumbnailUrl\":\"http:\/\/www.reconoce.mx\/wp-content\/uploads\/2018\/02\/mudbound-1.jpg\",\"datePublished\":\"2018-02-23T06:05:23+00:00\",\"breadcrumb\":{\"@id\":\"https:\/\/www.reconoce.mx\/?p=70716#breadcrumb\"},\"inLanguage\":\"es\",\"potentialAction\":[{\"@type\":\"ReadAction\",\"target\":[\"https:\/\/www.reconoce.mx\/?p=70716\"]}]},{\"@type\":\"ImageObject\",\"inLanguage\":\"es\",\"@id\":\"https:\/\/www.reconoce.mx\/?p=70716#primaryimage\",\"url\":\"http:\/\/www.reconoce.mx\/wp-content\/uploads\/2018\/02\/mudbound-1.jpg\",\"contentUrl\":\"http:\/\/www.reconoce.mx\/wp-content\/uploads\/2018\/02\/mudbound-1.jpg\",\"width\":590,\"height\":380},{\"@type\":\"BreadcrumbList\",\"@id\":\"https:\/\/www.reconoce.mx\/?p=70716#breadcrumb\",\"itemListElement\":[{\"@type\":\"ListItem\",\"position\":1,\"name\":\"Portada\",\"item\":\"http:\/\/www.reconoce.mx\/\"},{\"@type\":\"ListItem\",\"position\":2,\"name\":\"\u00abMudbound: el color de la guerra\u00bb, o c\u00f3mo vibrar con una cinta muy emotiva\"}]},{\"@type\":\"WebSite\",\"@id\":\"http:\/\/www.reconoce.mx\/#website\",\"url\":\"http:\/\/www.reconoce.mx\/\",\"name\":\"Reconoce MX\",\"description\":\"En Reconoce MX difundimos arte, cultura y conciencia social en M\u00e9xico. Tu ciudad en otra perspectiva.\",\"publisher\":{\"@id\":\"http:\/\/www.reconoce.mx\/#organization\"},\"potentialAction\":[{\"@type\":\"SearchAction\",\"target\":{\"@type\":\"EntryPoint\",\"urlTemplate\":\"http:\/\/www.reconoce.mx\/?s={search_term_string}\"},\"query-input\":{\"@type\":\"PropertyValueSpecification\",\"valueRequired\":true,\"valueName\":\"search_term_string\"}}],\"inLanguage\":\"es\"},{\"@type\":\"Organization\",\"@id\":\"http:\/\/www.reconoce.mx\/#organization\",\"name\":\"Reconoce MX\",\"url\":\"http:\/\/www.reconoce.mx\/\",\"logo\":{\"@type\":\"ImageObject\",\"inLanguage\":\"es\",\"@id\":\"http:\/\/www.reconoce.mx\/#\/schema\/logo\/image\/\",\"url\":\"https:\/\/www.reconoce.mx\/wp-content\/uploads\/2019\/03\/logorcmx-good-1.png\",\"contentUrl\":\"https:\/\/www.reconoce.mx\/wp-content\/uploads\/2019\/03\/logorcmx-good-1.png\",\"width\":280,\"height\":90,\"caption\":\"Reconoce MX\"},\"image\":{\"@id\":\"http:\/\/www.reconoce.mx\/#\/schema\/logo\/image\/\"},\"sameAs\":[\"https:\/\/es-la.facebook.com\/ReconoceMX\/\",\"https:\/\/x.com\/reconocemx\",\"http:\/\/@reconocemx\"]},{\"@type\":\"Person\",\"@id\":\"http:\/\/www.reconoce.mx\/#\/schema\/person\/2117e997d7051dc15d6880eaf9bca0b2\",\"name\":\"Reconoce MX\",\"image\":{\"@type\":\"ImageObject\",\"inLanguage\":\"es\",\"@id\":\"http:\/\/www.reconoce.mx\/#\/schema\/person\/image\/\",\"url\":\"https:\/\/secure.gravatar.com\/avatar\/6c8d4dc7569ca1c90c5fdcc349f839d5ddef6fe1e70b4337ead2ef1a4c43fc3a?s=96&d=identicon&r=g\",\"contentUrl\":\"https:\/\/secure.gravatar.com\/avatar\/6c8d4dc7569ca1c90c5fdcc349f839d5ddef6fe1e70b4337ead2ef1a4c43fc3a?s=96&d=identicon&r=g\",\"caption\":\"Reconoce MX\"},\"description\":\"Reconoce MX es un proyecto de difusi\u00f3n art\u00edstica, cultural y de conciencia social que est\u00e1 enfocado a difundir y fomentar el entretenimiento alternativo de calidad para todo el p\u00fablico que comparta el mismo entusiasmo.\",\"sameAs\":[\"http:\/\/www.reconoce.mx\"],\"url\":\"http:\/\/www.reconoce.mx\/?author=2\"}]}<\/script>\n<!-- \/ Yoast SEO plugin. -->","yoast_head_json":{"title":"\"Mudbound: el color de la guerra\", o c\u00f3mo vibrar con una cinta muy emotiva &#171; Reconoce MX","robots":{"index":"index","follow":"follow","max-snippet":"max-snippet:-1","max-image-preview":"max-image-preview:large","max-video-preview":"max-video-preview:-1"},"canonical":"https:\/\/www.reconoce.mx\/?p=70716","og_locale":"es_ES","og_type":"article","og_title":"\"Mudbound: el color de la guerra\", o c\u00f3mo vibrar con una cinta muy emotiva &#171; Reconoce MX","og_description":"En plena fiebre por el Oscar, entre varios estrenos que se pelean la atenci\u00f3n de la audiencia, se estrena este fin de semana una pel\u00edcula que t\u00edmidamente aparece tambi\u00e9n en la carrera por 4 Premios de la Academia.","og_url":"https:\/\/www.reconoce.mx\/?p=70716","og_site_name":"Reconoce MX","article_publisher":"https:\/\/es-la.facebook.com\/ReconoceMX\/","article_published_time":"2018-02-23T06:05:23+00:00","og_image":[{"width":590,"height":380,"url":"https:\/\/www.reconoce.mx\/wp-content\/uploads\/2018\/02\/mudbound-1.jpg","type":"image\/jpeg"}],"author":"Reconoce MX","twitter_card":"summary_large_image","twitter_creator":"@reconocemx","twitter_site":"@reconocemx","twitter_misc":{"Escrito por":"Reconoce MX","Tiempo de lectura":"3 minutos"},"schema":{"@context":"https:\/\/schema.org","@graph":[{"@type":"Article","@id":"https:\/\/www.reconoce.mx\/?p=70716#article","isPartOf":{"@id":"https:\/\/www.reconoce.mx\/?p=70716"},"author":{"name":"Reconoce MX","@id":"http:\/\/www.reconoce.mx\/#\/schema\/person\/2117e997d7051dc15d6880eaf9bca0b2"},"headline":"\u00abMudbound: el color de la guerra\u00bb, o c\u00f3mo vibrar con una cinta muy emotiva","datePublished":"2018-02-23T06:05:23+00:00","mainEntityOfPage":{"@id":"https:\/\/www.reconoce.mx\/?p=70716"},"wordCount":636,"commentCount":0,"publisher":{"@id":"http:\/\/www.reconoce.mx\/#organization"},"image":{"@id":"https:\/\/www.reconoce.mx\/?p=70716#primaryimage"},"thumbnailUrl":"http:\/\/www.reconoce.mx\/wp-content\/uploads\/2018\/02\/mudbound-1.jpg","articleSection":["Cine","Cultura","Principal"],"inLanguage":"es","potentialAction":[{"@type":"CommentAction","name":"Comment","target":["https:\/\/www.reconoce.mx\/?p=70716#respond"]}]},{"@type":"WebPage","@id":"https:\/\/www.reconoce.mx\/?p=70716","url":"https:\/\/www.reconoce.mx\/?p=70716","name":"\"Mudbound: el color de la guerra\", o c\u00f3mo vibrar con una cinta muy emotiva &#171; Reconoce MX","isPartOf":{"@id":"http:\/\/www.reconoce.mx\/#website"},"primaryImageOfPage":{"@id":"https:\/\/www.reconoce.mx\/?p=70716#primaryimage"},"image":{"@id":"https:\/\/www.reconoce.mx\/?p=70716#primaryimage"},"thumbnailUrl":"http:\/\/www.reconoce.mx\/wp-content\/uploads\/2018\/02\/mudbound-1.jpg","datePublished":"2018-02-23T06:05:23+00:00","breadcrumb":{"@id":"https:\/\/www.reconoce.mx\/?p=70716#breadcrumb"},"inLanguage":"es","potentialAction":[{"@type":"ReadAction","target":["https:\/\/www.reconoce.mx\/?p=70716"]}]},{"@type":"ImageObject","inLanguage":"es","@id":"https:\/\/www.reconoce.mx\/?p=70716#primaryimage","url":"http:\/\/www.reconoce.mx\/wp-content\/uploads\/2018\/02\/mudbound-1.jpg","contentUrl":"http:\/\/www.reconoce.mx\/wp-content\/uploads\/2018\/02\/mudbound-1.jpg","width":590,"height":380},{"@type":"BreadcrumbList","@id":"https:\/\/www.reconoce.mx\/?p=70716#breadcrumb","itemListElement":[{"@type":"ListItem","position":1,"name":"Portada","item":"http:\/\/www.reconoce.mx\/"},{"@type":"ListItem","position":2,"name":"\u00abMudbound: el color de la guerra\u00bb, o c\u00f3mo vibrar con una cinta muy emotiva"}]},{"@type":"WebSite","@id":"http:\/\/www.reconoce.mx\/#website","url":"http:\/\/www.reconoce.mx\/","name":"Reconoce MX","description":"En Reconoce MX difundimos arte, cultura y conciencia social en M\u00e9xico. Tu ciudad en otra perspectiva.","publisher":{"@id":"http:\/\/www.reconoce.mx\/#organization"},"potentialAction":[{"@type":"SearchAction","target":{"@type":"EntryPoint","urlTemplate":"http:\/\/www.reconoce.mx\/?s={search_term_string}"},"query-input":{"@type":"PropertyValueSpecification","valueRequired":true,"valueName":"search_term_string"}}],"inLanguage":"es"},{"@type":"Organization","@id":"http:\/\/www.reconoce.mx\/#organization","name":"Reconoce MX","url":"http:\/\/www.reconoce.mx\/","logo":{"@type":"ImageObject","inLanguage":"es","@id":"http:\/\/www.reconoce.mx\/#\/schema\/logo\/image\/","url":"https:\/\/www.reconoce.mx\/wp-content\/uploads\/2019\/03\/logorcmx-good-1.png","contentUrl":"https:\/\/www.reconoce.mx\/wp-content\/uploads\/2019\/03\/logorcmx-good-1.png","width":280,"height":90,"caption":"Reconoce MX"},"image":{"@id":"http:\/\/www.reconoce.mx\/#\/schema\/logo\/image\/"},"sameAs":["https:\/\/es-la.facebook.com\/ReconoceMX\/","https:\/\/x.com\/reconocemx","http:\/\/@reconocemx"]},{"@type":"Person","@id":"http:\/\/www.reconoce.mx\/#\/schema\/person\/2117e997d7051dc15d6880eaf9bca0b2","name":"Reconoce MX","image":{"@type":"ImageObject","inLanguage":"es","@id":"http:\/\/www.reconoce.mx\/#\/schema\/person\/image\/","url":"https:\/\/secure.gravatar.com\/avatar\/6c8d4dc7569ca1c90c5fdcc349f839d5ddef6fe1e70b4337ead2ef1a4c43fc3a?s=96&d=identicon&r=g","contentUrl":"https:\/\/secure.gravatar.com\/avatar\/6c8d4dc7569ca1c90c5fdcc349f839d5ddef6fe1e70b4337ead2ef1a4c43fc3a?s=96&d=identicon&r=g","caption":"Reconoce MX"},"description":"Reconoce MX es un proyecto de difusi\u00f3n art\u00edstica, cultural y de conciencia social que est\u00e1 enfocado a difundir y fomentar el entretenimiento alternativo de calidad para todo el p\u00fablico que comparta el mismo entusiasmo.","sameAs":["http:\/\/www.reconoce.mx"],"url":"http:\/\/www.reconoce.mx\/?author=2"}]}},"_links":{"self":[{"href":"http:\/\/www.reconoce.mx\/index.php?rest_route=\/wp\/v2\/posts\/70716","targetHints":{"allow":["GET"]}}],"collection":[{"href":"http:\/\/www.reconoce.mx\/index.php?rest_route=\/wp\/v2\/posts"}],"about":[{"href":"http:\/\/www.reconoce.mx\/index.php?rest_route=\/wp\/v2\/types\/post"}],"author":[{"embeddable":true,"href":"http:\/\/www.reconoce.mx\/index.php?rest_route=\/wp\/v2\/users\/2"}],"replies":[{"embeddable":true,"href":"http:\/\/www.reconoce.mx\/index.php?rest_route=%2Fwp%2Fv2%2Fcomments&post=70716"}],"version-history":[{"count":2,"href":"http:\/\/www.reconoce.mx\/index.php?rest_route=\/wp\/v2\/posts\/70716\/revisions"}],"predecessor-version":[{"id":70722,"href":"http:\/\/www.reconoce.mx\/index.php?rest_route=\/wp\/v2\/posts\/70716\/revisions\/70722"}],"wp:featuredmedia":[{"embeddable":true,"href":"http:\/\/www.reconoce.mx\/index.php?rest_route=\/wp\/v2\/media\/70717"}],"wp:attachment":[{"href":"http:\/\/www.reconoce.mx\/index.php?rest_route=%2Fwp%2Fv2%2Fmedia&parent=70716"}],"wp:term":[{"taxonomy":"category","embeddable":true,"href":"http:\/\/www.reconoce.mx\/index.php?rest_route=%2Fwp%2Fv2%2Fcategories&post=70716"},{"taxonomy":"post_tag","embeddable":true,"href":"http:\/\/www.reconoce.mx\/index.php?rest_route=%2Fwp%2Fv2%2Ftags&post=70716"}],"curies":[{"name":"wp","href":"https:\/\/api.w.org\/{rel}","templated":true}]}}