{"id":70750,"date":"2018-02-26T00:02:15","date_gmt":"2018-02-26T06:02:15","guid":{"rendered":"http:\/\/www.reconoce.mx\/?p=70750"},"modified":"2018-02-26T00:10:56","modified_gmt":"2018-02-26T06:10:56","slug":"surffilmfestival18-promover-el-surf-y-proteger-las-playas-mexicanas","status":"publish","type":"post","link":"http:\/\/www.reconoce.mx\/?p=70750","title":{"rendered":"#SurfFilmFestival18: promover el surf y proteger las playas mexicanas"},"content":{"rendered":"<p><strong>Por <a title=\"@AsfaltosTweets\" href=\"http:\/\/twitter.com\/AsfaltosTweets\" target=\"_blank\" rel=\"noopener\">Asfaltos<\/a><\/strong>.<\/p>\n<p>Si de algo no podemos quejarnos en M\u00e9xico, es definitivamente de la oferta de festivales de cine con la que contamos. Cada d\u00eda, literalmente, surgen nuevos festivales que buscan anclarse entre el p\u00fablico, con la encomienda principal de ser espacios abiertos que sobre todo sirvan como exhibidores del mucho cine que se produce, y que luego no se ve&#8230; En ese entendido, \u00a1bienvenido <a href=\"https:\/\/twitter.com\/search?q=%23SurfFilmFestival18&amp;src=typd\" target=\"_blank\" rel=\"noopener\">#SurfFilmFestival18<\/a>!<\/p>\n<p><a href=\"http:\/\/www.reconoce.mx\/wp-content\/uploads\/2018\/02\/surf-film-festival.jpg\"><img loading=\"lazy\" decoding=\"async\" class=\"aligncenter size-full wp-image-70751\" src=\"http:\/\/www.reconoce.mx\/wp-content\/uploads\/2018\/02\/surf-film-festival.jpg\" alt=\"\" width=\"822\" height=\"1232\" srcset=\"http:\/\/www.reconoce.mx\/wp-content\/uploads\/2018\/02\/surf-film-festival.jpg 822w, http:\/\/www.reconoce.mx\/wp-content\/uploads\/2018\/02\/surf-film-festival-200x300.jpg 200w, http:\/\/www.reconoce.mx\/wp-content\/uploads\/2018\/02\/surf-film-festival-768x1151.jpg 768w, http:\/\/www.reconoce.mx\/wp-content\/uploads\/2018\/02\/surf-film-festival-683x1024.jpg 683w, http:\/\/www.reconoce.mx\/wp-content\/uploads\/2018\/02\/surf-film-festival-150x225.jpg 150w, http:\/\/www.reconoce.mx\/wp-content\/uploads\/2018\/02\/surf-film-festival-700x1049.jpg 700w, http:\/\/www.reconoce.mx\/wp-content\/uploads\/2018\/02\/surf-film-festival-658x986.jpg 658w, http:\/\/www.reconoce.mx\/wp-content\/uploads\/2018\/02\/surf-film-festival-300x450.jpg 300w\" sizes=\"auto, (max-width: 822px) 100vw, 822px\" \/><\/a><\/p>\n<p>En su segunda edici\u00f3n llega a 35 ciudades ma\u00f1ana 27 de febrero y el pr\u00f3ximo 1 de marzo, el <a href=\"https:\/\/twitter.com\/search?q=%23SurfFilmFestival18&amp;src=typd\" target=\"_blank\" rel=\"noopener\">#SurfFilmFest18<\/a>. Cinco cortometrajes mexicanos premiados y uno estadounidense, conforman la selecci\u00f3n que ser\u00e1 presentada en complejos <strong>Cin\u00e9polis<\/strong> seleccionados. El <strong>Surf Film Festival 2018<\/strong> tiene el objetivo de promover la pr\u00e1ctica del surf y su cultura como factor de conciencia social y ambiental en las playas mexicanas.<\/p>\n<p>El <strong>Surf Film Festival 2018<\/strong> fue creado en 2016 por surfers mexicanos en alianza con <strong>Sidetrack<\/strong> y <strong>eldesurf<\/strong>, as\u00ed como con el apoyo de <strong>Patagonia<\/strong>. Con dos eventos realizados en <strong>Huerto Roma Verde<\/strong> (Ciudad de M\u00e9xico) con m\u00e1s de mil personas reunidas, la apuesta de este nuevo evento f\u00edlmico es la de disfrutar del mejor cine de surf, conviviendo con atletas y personalidades que promueven tanto el deporte como el estilo de vida de respeto, sustentabilidad y comunidad detr\u00e1s del surf y los deportes outdoors en general.<\/p>\n<style>.embed-container { position: relative; padding-bottom: 56.25%; height: 0; overflow: hidden; max-width: 100%; } .embed-container iframe, .embed-container object, .embed-container embed { position: absolute; top: 0; left: 0; width: 100%; height: 100%; }<\/style>\n<div class=\"embed-container\"><iframe loading=\"lazy\" src=\"https:\/\/www.youtube.com\/embed\/wFEEtwWfZC4\" width=\"300\" height=\"150\" frameborder=\"0\" allowfullscreen=\"allowfullscreen\"><\/iframe><\/div>\n<p>&nbsp;<\/p>\n<p>Ahora, bajo el cobijo de <strong>Cin\u00e9polis<\/strong> como parte de su \u00abContenido Alternativo\u00bb, el <strong>Surf Film Festival<\/strong> llega por primera vez primera a pantallas <strong>Cin\u00e9polis <\/strong>con una selecci\u00f3n que incluye cortos como \u00abAbelino Vargas\u00bb, ganador oficial al Corto Creativo 2018; as\u00ed como \u00abFish People\u00bb, magna producci\u00f3n de <strong>Patagonia<\/strong> que es un tributo al oc\u00e9ano, su gente y sus valores.<\/p>\n<p><strong>Surf Film Festival 2018<\/strong> podr\u00e1s disfrutarlo ma\u00f1ana martes 27 de febrero y el pr\u00f3ximo jueves 1 de marzo en salas Cin\u00e9polis. <a href=\"http:\/\/www.cinepolis.com\/contenidos-alternativos\/pelicula\/surf-film-festival\" target=\"_blank\" rel=\"noopener\">Consulta cartelera aqu\u00ed<\/a>.<\/p>\n<p style=\"text-align: right;\">Con informaci\u00f3n e imagen cortes\u00eda de <strong>Cin\u00e9polis<\/strong>.<\/p>\n<p>&nbsp;<\/p>\n<p>&nbsp;<\/p>\n","protected":false},"excerpt":{"rendered":"<p>Si de algo no podemos quejarnos en M\u00e9xico, es definitivamente de la oferta de festivales de cine con la que contamos.<\/p>\n","protected":false},"author":2,"featured_media":70752,"comment_status":"open","ping_status":"open","sticky":false,"template":"","format":"standard","meta":{"footnotes":""},"categories":[24,1,17],"tags":[],"class_list":["post-70750","post","type-post","status-publish","format-standard","has-post-thumbnail","hentry","category-cine","category-cultura","category-principal"],"yoast_head":"<!-- This site is optimized with the Yoast SEO plugin v24.7 - https:\/\/yoast.com\/wordpress\/plugins\/seo\/ -->\n<title>#SurfFilmFestival18: promover el surf y proteger las playas mexicanas &#171; Reconoce MX<\/title>\n<meta name=\"robots\" content=\"index, follow, max-snippet:-1, max-image-preview:large, max-video-preview:-1\" \/>\n<link rel=\"canonical\" href=\"https:\/\/www.reconoce.mx\/?p=70750\" \/>\n<meta property=\"og:locale\" content=\"es_ES\" \/>\n<meta property=\"og:type\" content=\"article\" \/>\n<meta property=\"og:title\" content=\"#SurfFilmFestival18: promover el surf y proteger las playas mexicanas &#171; Reconoce MX\" \/>\n<meta property=\"og:description\" content=\"Si de algo no podemos quejarnos en M\u00e9xico, es definitivamente de la oferta de festivales de cine con la que contamos.\" \/>\n<meta property=\"og:url\" content=\"https:\/\/www.reconoce.mx\/?p=70750\" \/>\n<meta property=\"og:site_name\" content=\"Reconoce MX\" \/>\n<meta property=\"article:publisher\" content=\"https:\/\/es-la.facebook.com\/ReconoceMX\/\" \/>\n<meta property=\"article:published_time\" content=\"2018-02-26T06:02:15+00:00\" \/>\n<meta property=\"article:modified_time\" content=\"2018-02-26T06:10:56+00:00\" \/>\n<meta property=\"og:image\" content=\"https:\/\/www.reconoce.mx\/wp-content\/uploads\/2018\/02\/surf-film-festival-cover.jpg\" \/>\n\t<meta property=\"og:image:width\" content=\"590\" \/>\n\t<meta property=\"og:image:height\" content=\"380\" \/>\n\t<meta property=\"og:image:type\" content=\"image\/jpeg\" \/>\n<meta name=\"author\" content=\"Reconoce MX\" \/>\n<meta name=\"twitter:card\" content=\"summary_large_image\" \/>\n<meta name=\"twitter:creator\" content=\"@reconocemx\" \/>\n<meta name=\"twitter:site\" content=\"@reconocemx\" \/>\n<meta name=\"twitter:label1\" content=\"Escrito por\" \/>\n\t<meta name=\"twitter:data1\" content=\"Reconoce MX\" \/>\n\t<meta name=\"twitter:label2\" content=\"Tiempo de lectura\" \/>\n\t<meta name=\"twitter:data2\" content=\"2 minutos\" \/>\n<script type=\"application\/ld+json\" class=\"yoast-schema-graph\">{\"@context\":\"https:\/\/schema.org\",\"@graph\":[{\"@type\":\"Article\",\"@id\":\"https:\/\/www.reconoce.mx\/?p=70750#article\",\"isPartOf\":{\"@id\":\"https:\/\/www.reconoce.mx\/?p=70750\"},\"author\":{\"name\":\"Reconoce MX\",\"@id\":\"http:\/\/www.reconoce.mx\/#\/schema\/person\/2117e997d7051dc15d6880eaf9bca0b2\"},\"headline\":\"#SurfFilmFestival18: promover el surf y proteger las playas mexicanas\",\"datePublished\":\"2018-02-26T06:02:15+00:00\",\"dateModified\":\"2018-02-26T06:10:56+00:00\",\"mainEntityOfPage\":{\"@id\":\"https:\/\/www.reconoce.mx\/?p=70750\"},\"wordCount\":334,\"commentCount\":0,\"publisher\":{\"@id\":\"http:\/\/www.reconoce.mx\/#organization\"},\"image\":{\"@id\":\"https:\/\/www.reconoce.mx\/?p=70750#primaryimage\"},\"thumbnailUrl\":\"http:\/\/www.reconoce.mx\/wp-content\/uploads\/2018\/02\/surf-film-festival-cover.jpg\",\"articleSection\":[\"Cine\",\"Cultura\",\"Principal\"],\"inLanguage\":\"es\",\"potentialAction\":[{\"@type\":\"CommentAction\",\"name\":\"Comment\",\"target\":[\"https:\/\/www.reconoce.mx\/?p=70750#respond\"]}]},{\"@type\":\"WebPage\",\"@id\":\"https:\/\/www.reconoce.mx\/?p=70750\",\"url\":\"https:\/\/www.reconoce.mx\/?p=70750\",\"name\":\"#SurfFilmFestival18: promover el surf y proteger las playas mexicanas &#171; Reconoce MX\",\"isPartOf\":{\"@id\":\"http:\/\/www.reconoce.mx\/#website\"},\"primaryImageOfPage\":{\"@id\":\"https:\/\/www.reconoce.mx\/?p=70750#primaryimage\"},\"image\":{\"@id\":\"https:\/\/www.reconoce.mx\/?p=70750#primaryimage\"},\"thumbnailUrl\":\"http:\/\/www.reconoce.mx\/wp-content\/uploads\/2018\/02\/surf-film-festival-cover.jpg\",\"datePublished\":\"2018-02-26T06:02:15+00:00\",\"dateModified\":\"2018-02-26T06:10:56+00:00\",\"breadcrumb\":{\"@id\":\"https:\/\/www.reconoce.mx\/?p=70750#breadcrumb\"},\"inLanguage\":\"es\",\"potentialAction\":[{\"@type\":\"ReadAction\",\"target\":[\"https:\/\/www.reconoce.mx\/?p=70750\"]}]},{\"@type\":\"ImageObject\",\"inLanguage\":\"es\",\"@id\":\"https:\/\/www.reconoce.mx\/?p=70750#primaryimage\",\"url\":\"http:\/\/www.reconoce.mx\/wp-content\/uploads\/2018\/02\/surf-film-festival-cover.jpg\",\"contentUrl\":\"http:\/\/www.reconoce.mx\/wp-content\/uploads\/2018\/02\/surf-film-festival-cover.jpg\",\"width\":590,\"height\":380},{\"@type\":\"BreadcrumbList\",\"@id\":\"https:\/\/www.reconoce.mx\/?p=70750#breadcrumb\",\"itemListElement\":[{\"@type\":\"ListItem\",\"position\":1,\"name\":\"Portada\",\"item\":\"http:\/\/www.reconoce.mx\/\"},{\"@type\":\"ListItem\",\"position\":2,\"name\":\"#SurfFilmFestival18: promover el surf y proteger las playas mexicanas\"}]},{\"@type\":\"WebSite\",\"@id\":\"http:\/\/www.reconoce.mx\/#website\",\"url\":\"http:\/\/www.reconoce.mx\/\",\"name\":\"Reconoce MX\",\"description\":\"En Reconoce MX difundimos arte, cultura y conciencia social en M\u00e9xico. Tu ciudad en otra perspectiva.\",\"publisher\":{\"@id\":\"http:\/\/www.reconoce.mx\/#organization\"},\"potentialAction\":[{\"@type\":\"SearchAction\",\"target\":{\"@type\":\"EntryPoint\",\"urlTemplate\":\"http:\/\/www.reconoce.mx\/?s={search_term_string}\"},\"query-input\":{\"@type\":\"PropertyValueSpecification\",\"valueRequired\":true,\"valueName\":\"search_term_string\"}}],\"inLanguage\":\"es\"},{\"@type\":\"Organization\",\"@id\":\"http:\/\/www.reconoce.mx\/#organization\",\"name\":\"Reconoce MX\",\"url\":\"http:\/\/www.reconoce.mx\/\",\"logo\":{\"@type\":\"ImageObject\",\"inLanguage\":\"es\",\"@id\":\"http:\/\/www.reconoce.mx\/#\/schema\/logo\/image\/\",\"url\":\"https:\/\/www.reconoce.mx\/wp-content\/uploads\/2019\/03\/logorcmx-good-1.png\",\"contentUrl\":\"https:\/\/www.reconoce.mx\/wp-content\/uploads\/2019\/03\/logorcmx-good-1.png\",\"width\":280,\"height\":90,\"caption\":\"Reconoce MX\"},\"image\":{\"@id\":\"http:\/\/www.reconoce.mx\/#\/schema\/logo\/image\/\"},\"sameAs\":[\"https:\/\/es-la.facebook.com\/ReconoceMX\/\",\"https:\/\/x.com\/reconocemx\",\"http:\/\/@reconocemx\"]},{\"@type\":\"Person\",\"@id\":\"http:\/\/www.reconoce.mx\/#\/schema\/person\/2117e997d7051dc15d6880eaf9bca0b2\",\"name\":\"Reconoce MX\",\"image\":{\"@type\":\"ImageObject\",\"inLanguage\":\"es\",\"@id\":\"http:\/\/www.reconoce.mx\/#\/schema\/person\/image\/\",\"url\":\"https:\/\/secure.gravatar.com\/avatar\/6c8d4dc7569ca1c90c5fdcc349f839d5ddef6fe1e70b4337ead2ef1a4c43fc3a?s=96&d=identicon&r=g\",\"contentUrl\":\"https:\/\/secure.gravatar.com\/avatar\/6c8d4dc7569ca1c90c5fdcc349f839d5ddef6fe1e70b4337ead2ef1a4c43fc3a?s=96&d=identicon&r=g\",\"caption\":\"Reconoce MX\"},\"description\":\"Reconoce MX es un proyecto de difusi\u00f3n art\u00edstica, cultural y de conciencia social que est\u00e1 enfocado a difundir y fomentar el entretenimiento alternativo de calidad para todo el p\u00fablico que comparta el mismo entusiasmo.\",\"sameAs\":[\"http:\/\/www.reconoce.mx\"],\"url\":\"http:\/\/www.reconoce.mx\/?author=2\"}]}<\/script>\n<!-- \/ Yoast SEO plugin. -->","yoast_head_json":{"title":"#SurfFilmFestival18: promover el surf y proteger las playas mexicanas &#171; Reconoce MX","robots":{"index":"index","follow":"follow","max-snippet":"max-snippet:-1","max-image-preview":"max-image-preview:large","max-video-preview":"max-video-preview:-1"},"canonical":"https:\/\/www.reconoce.mx\/?p=70750","og_locale":"es_ES","og_type":"article","og_title":"#SurfFilmFestival18: promover el surf y proteger las playas mexicanas &#171; Reconoce MX","og_description":"Si de algo no podemos quejarnos en M\u00e9xico, es definitivamente de la oferta de festivales de cine con la que contamos.","og_url":"https:\/\/www.reconoce.mx\/?p=70750","og_site_name":"Reconoce MX","article_publisher":"https:\/\/es-la.facebook.com\/ReconoceMX\/","article_published_time":"2018-02-26T06:02:15+00:00","article_modified_time":"2018-02-26T06:10:56+00:00","og_image":[{"width":590,"height":380,"url":"https:\/\/www.reconoce.mx\/wp-content\/uploads\/2018\/02\/surf-film-festival-cover.jpg","type":"image\/jpeg"}],"author":"Reconoce MX","twitter_card":"summary_large_image","twitter_creator":"@reconocemx","twitter_site":"@reconocemx","twitter_misc":{"Escrito por":"Reconoce MX","Tiempo de lectura":"2 minutos"},"schema":{"@context":"https:\/\/schema.org","@graph":[{"@type":"Article","@id":"https:\/\/www.reconoce.mx\/?p=70750#article","isPartOf":{"@id":"https:\/\/www.reconoce.mx\/?p=70750"},"author":{"name":"Reconoce MX","@id":"http:\/\/www.reconoce.mx\/#\/schema\/person\/2117e997d7051dc15d6880eaf9bca0b2"},"headline":"#SurfFilmFestival18: promover el surf y proteger las playas mexicanas","datePublished":"2018-02-26T06:02:15+00:00","dateModified":"2018-02-26T06:10:56+00:00","mainEntityOfPage":{"@id":"https:\/\/www.reconoce.mx\/?p=70750"},"wordCount":334,"commentCount":0,"publisher":{"@id":"http:\/\/www.reconoce.mx\/#organization"},"image":{"@id":"https:\/\/www.reconoce.mx\/?p=70750#primaryimage"},"thumbnailUrl":"http:\/\/www.reconoce.mx\/wp-content\/uploads\/2018\/02\/surf-film-festival-cover.jpg","articleSection":["Cine","Cultura","Principal"],"inLanguage":"es","potentialAction":[{"@type":"CommentAction","name":"Comment","target":["https:\/\/www.reconoce.mx\/?p=70750#respond"]}]},{"@type":"WebPage","@id":"https:\/\/www.reconoce.mx\/?p=70750","url":"https:\/\/www.reconoce.mx\/?p=70750","name":"#SurfFilmFestival18: promover el surf y proteger las playas mexicanas &#171; Reconoce MX","isPartOf":{"@id":"http:\/\/www.reconoce.mx\/#website"},"primaryImageOfPage":{"@id":"https:\/\/www.reconoce.mx\/?p=70750#primaryimage"},"image":{"@id":"https:\/\/www.reconoce.mx\/?p=70750#primaryimage"},"thumbnailUrl":"http:\/\/www.reconoce.mx\/wp-content\/uploads\/2018\/02\/surf-film-festival-cover.jpg","datePublished":"2018-02-26T06:02:15+00:00","dateModified":"2018-02-26T06:10:56+00:00","breadcrumb":{"@id":"https:\/\/www.reconoce.mx\/?p=70750#breadcrumb"},"inLanguage":"es","potentialAction":[{"@type":"ReadAction","target":["https:\/\/www.reconoce.mx\/?p=70750"]}]},{"@type":"ImageObject","inLanguage":"es","@id":"https:\/\/www.reconoce.mx\/?p=70750#primaryimage","url":"http:\/\/www.reconoce.mx\/wp-content\/uploads\/2018\/02\/surf-film-festival-cover.jpg","contentUrl":"http:\/\/www.reconoce.mx\/wp-content\/uploads\/2018\/02\/surf-film-festival-cover.jpg","width":590,"height":380},{"@type":"BreadcrumbList","@id":"https:\/\/www.reconoce.mx\/?p=70750#breadcrumb","itemListElement":[{"@type":"ListItem","position":1,"name":"Portada","item":"http:\/\/www.reconoce.mx\/"},{"@type":"ListItem","position":2,"name":"#SurfFilmFestival18: promover el surf y proteger las playas mexicanas"}]},{"@type":"WebSite","@id":"http:\/\/www.reconoce.mx\/#website","url":"http:\/\/www.reconoce.mx\/","name":"Reconoce MX","description":"En Reconoce MX difundimos arte, cultura y conciencia social en M\u00e9xico. Tu ciudad en otra perspectiva.","publisher":{"@id":"http:\/\/www.reconoce.mx\/#organization"},"potentialAction":[{"@type":"SearchAction","target":{"@type":"EntryPoint","urlTemplate":"http:\/\/www.reconoce.mx\/?s={search_term_string}"},"query-input":{"@type":"PropertyValueSpecification","valueRequired":true,"valueName":"search_term_string"}}],"inLanguage":"es"},{"@type":"Organization","@id":"http:\/\/www.reconoce.mx\/#organization","name":"Reconoce MX","url":"http:\/\/www.reconoce.mx\/","logo":{"@type":"ImageObject","inLanguage":"es","@id":"http:\/\/www.reconoce.mx\/#\/schema\/logo\/image\/","url":"https:\/\/www.reconoce.mx\/wp-content\/uploads\/2019\/03\/logorcmx-good-1.png","contentUrl":"https:\/\/www.reconoce.mx\/wp-content\/uploads\/2019\/03\/logorcmx-good-1.png","width":280,"height":90,"caption":"Reconoce MX"},"image":{"@id":"http:\/\/www.reconoce.mx\/#\/schema\/logo\/image\/"},"sameAs":["https:\/\/es-la.facebook.com\/ReconoceMX\/","https:\/\/x.com\/reconocemx","http:\/\/@reconocemx"]},{"@type":"Person","@id":"http:\/\/www.reconoce.mx\/#\/schema\/person\/2117e997d7051dc15d6880eaf9bca0b2","name":"Reconoce MX","image":{"@type":"ImageObject","inLanguage":"es","@id":"http:\/\/www.reconoce.mx\/#\/schema\/person\/image\/","url":"https:\/\/secure.gravatar.com\/avatar\/6c8d4dc7569ca1c90c5fdcc349f839d5ddef6fe1e70b4337ead2ef1a4c43fc3a?s=96&d=identicon&r=g","contentUrl":"https:\/\/secure.gravatar.com\/avatar\/6c8d4dc7569ca1c90c5fdcc349f839d5ddef6fe1e70b4337ead2ef1a4c43fc3a?s=96&d=identicon&r=g","caption":"Reconoce MX"},"description":"Reconoce MX es un proyecto de difusi\u00f3n art\u00edstica, cultural y de conciencia social que est\u00e1 enfocado a difundir y fomentar el entretenimiento alternativo de calidad para todo el p\u00fablico que comparta el mismo entusiasmo.","sameAs":["http:\/\/www.reconoce.mx"],"url":"http:\/\/www.reconoce.mx\/?author=2"}]}},"_links":{"self":[{"href":"http:\/\/www.reconoce.mx\/index.php?rest_route=\/wp\/v2\/posts\/70750","targetHints":{"allow":["GET"]}}],"collection":[{"href":"http:\/\/www.reconoce.mx\/index.php?rest_route=\/wp\/v2\/posts"}],"about":[{"href":"http:\/\/www.reconoce.mx\/index.php?rest_route=\/wp\/v2\/types\/post"}],"author":[{"embeddable":true,"href":"http:\/\/www.reconoce.mx\/index.php?rest_route=\/wp\/v2\/users\/2"}],"replies":[{"embeddable":true,"href":"http:\/\/www.reconoce.mx\/index.php?rest_route=%2Fwp%2Fv2%2Fcomments&post=70750"}],"version-history":[{"count":6,"href":"http:\/\/www.reconoce.mx\/index.php?rest_route=\/wp\/v2\/posts\/70750\/revisions"}],"predecessor-version":[{"id":70768,"href":"http:\/\/www.reconoce.mx\/index.php?rest_route=\/wp\/v2\/posts\/70750\/revisions\/70768"}],"wp:featuredmedia":[{"embeddable":true,"href":"http:\/\/www.reconoce.mx\/index.php?rest_route=\/wp\/v2\/media\/70752"}],"wp:attachment":[{"href":"http:\/\/www.reconoce.mx\/index.php?rest_route=%2Fwp%2Fv2%2Fmedia&parent=70750"}],"wp:term":[{"taxonomy":"category","embeddable":true,"href":"http:\/\/www.reconoce.mx\/index.php?rest_route=%2Fwp%2Fv2%2Fcategories&post=70750"},{"taxonomy":"post_tag","embeddable":true,"href":"http:\/\/www.reconoce.mx\/index.php?rest_route=%2Fwp%2Fv2%2Ftags&post=70750"}],"curies":[{"name":"wp","href":"https:\/\/api.w.org\/{rel}","templated":true}]}}