{"id":70792,"date":"2018-02-26T00:04:00","date_gmt":"2018-02-26T06:04:00","guid":{"rendered":"http:\/\/www.reconoce.mx\/?p=70792"},"modified":"2018-02-26T00:10:42","modified_gmt":"2018-02-26T06:10:42","slug":"25-thoughts-in-my-head-de-norwayy","status":"publish","type":"post","link":"http:\/\/www.reconoce.mx\/?p=70792","title":{"rendered":"&#8217;25 thoughts in my head&#8217;, de Norwayy"},"content":{"rendered":"<p><a href=\"http:\/\/www.reconoce.mx\/category\/cultura\/musica\/lunes-musical-musica\/\"><img loading=\"lazy\" decoding=\"async\" class=\"aligncenter size-full wp-image-38360\" src=\"http:\/\/www.reconoce.mx\/wp-content\/uploads\/2015\/06\/Lunes1.png\" sizes=\"auto, (max-width: 550px) 100vw, 550px\" srcset=\"http:\/\/www.reconoce.mx\/wp-content\/uploads\/2015\/06\/Lunes1.png 550w, http:\/\/www.reconoce.mx\/wp-content\/uploads\/2015\/06\/Lunes1-300x38.png 300w, http:\/\/www.reconoce.mx\/wp-content\/uploads\/2015\/06\/Lunes1-150x19.png 150w\" alt=\"Lunes\" width=\"550\" height=\"70\" \/><\/a><strong><br \/>\nPor <a title=\"@AsfaltosTweets\" href=\"http:\/\/twitter.com\/AsfaltosTweets\" target=\"_blank\" rel=\"noopener\">Asfaltos<\/a><\/strong>.<\/p>\n<p>Uno de los festivales favoritos -no solo m\u00edo- de <span style=\"color: #a81f25;\"><strong>Reconoce MX<\/strong><\/span>, es sin duda el <a href=\"http:\/\/www.reconoce.mx\/lo-que-tienes-que-saber-de-nrmal-2018\/\" target=\"_blank\" rel=\"noopener\"><strong>NRMAL<\/strong><\/a>. Con una esencia \u00fanica, que le separa de los much\u00edsimos festivales que surgen en la escena musical de la capital mexicana, <strong>NRMAL<\/strong> ha logrado con el paso de los a\u00f1os mantenerse y sostenerse por s\u00ed mismo gracias a su especial curadur\u00eda sonora. Para ir entr\u00e1ndole a esta fiesta, que nos espera con ansias el pr\u00f3ximo s\u00e1bado 3 de marzo, una propuesta nacional que no se deben de perder.<\/p>\n<style>.embed-container { position: relative; padding-bottom: 56.25%; height: 0; overflow: hidden; max-width: 100%; } .embed-container iframe, .embed-container object, .embed-container embed { position: absolute; top: 0; left: 0; width: 100%; height: 100%; }<\/style>\n<div class=\"embed-container\"><iframe loading=\"lazy\" src=\"https:\/\/www.youtube.com\/embed\/h7Tq2gHW35I\" width=\"300\" height=\"150\" frameborder=\"0\" allowfullscreen=\"allowfullscreen\"><\/iframe><\/div>\n<p>&nbsp;<\/p>\n<p><strong>Norwayy<\/strong> es el nombre del d\u00fao compuesto por <strong>Gabriela Navarro<\/strong> y <strong>Roc\u00edo M\u00e1rquez<\/strong>, originarias de Guadalajara, M\u00e9xico, y que recomiendo absolutamente no se pierdan en este pr\u00f3ximo <strong>NRMAL<\/strong>. La historia de <strong>Norwayy<\/strong> comienza en 2014, cuando ambas chicas despu\u00e9s de un rato de tocar versiones, se deciden por finalmente entrarle a la composici\u00f3n. Inspiradas por los sonidos indie de aquel a\u00f1o, como bien marca su propio nombre inspirado por la canci\u00f3n hom\u00f3nima de <strong>Beach House<\/strong>, las <strong>Norwayy<\/strong> entraron por la puerta grande.<\/p>\n<p>Entre sus influencias se puede distinguir claramente el shoegaze, mismo que aparece de manera preponderante en la canci\u00f3n con la que eleg\u00ed present\u00e1rselas; pero la verdad es que hay una serie de sonidos que terminan por hacer que su sonido atrape de inmediato a quien se permite escucharles. Con una serie de sensaciones, mayormente oscuras, si se quiere, la m\u00fasica de <strong>Norwayy<\/strong> hay que escucharla en vivo.<\/p>\n<blockquote class=\"instagram-media\" data-instgrm-captioned data-instgrm-permalink=\"https:\/\/www.instagram.com\/p\/Be6QkHelHEL\/\" data-instgrm-version=\"8\" style=\" background:#FFF; border:0; border-radius:3px; box-shadow:0 0 1px 0 rgba(0,0,0,0.5),0 1px 10px 0 rgba(0,0,0,0.15); margin: 1px; max-width:658px; padding:0; width:99.375%; width:-webkit-calc(100% - 2px); width:calc(100% - 2px);\">\n<div style=\"padding:8px;\">\n<div style=\" background:#F8F8F8; line-height:0; margin-top:40px; padding:50.0% 0; text-align:center; width:100%;\">\n<div style=\" background:url(data:image\/png;base64,iVBORw0KGgoAAAANSUhEUgAAACwAAAAsCAMAAAApWqozAAAABGdBTUEAALGPC\/xhBQAAAAFzUkdCAK7OHOkAAAAMUExURczMzPf399fX1+bm5mzY9AMAAADiSURBVDjLvZXbEsMgCES5\/P8\/t9FuRVCRmU73JWlzosgSIIZURCjo\/ad+EQJJB4Hv8BFt+IDpQoCx1wjOSBFhh2XssxEIYn3ulI\/6MNReE07UIWJEv8UEOWDS88LY97kqyTliJKKtuYBbruAyVh5wOHiXmpi5we58Ek028czwyuQdLKPG1Bkb4NnM+VeAnfHqn1k4+GPT6uGQcvu2h2OVuIf\/gWUFyy8OWEpdyZSa3aVCqpVoVvzZZ2VTnn2wU8qzVjDDetO90GSy9mVLqtgYSy231MxrY6I2gGqjrTY0L8fxCxfCBbhWrsYYAAAAAElFTkSuQmCC); display:block; height:44px; margin:0 auto -44px; position:relative; top:-22px; width:44px;\"><\/div>\n<\/div>\n<p style=\" margin:8px 0 0 0; padding:0 4px;\"> <a href=\"https:\/\/www.instagram.com\/p\/Be6QkHelHEL\/\" style=\" color:#000; font-family:Arial,sans-serif; font-size:14px; font-style:normal; font-weight:normal; line-height:17px; text-decoration:none; word-wrap:break-word;\" target=\"_blank\">\ud83d\ude0a\u270c\ufe0f\u2728\ud83d\udc7e\ud83e\udd16\ud83d\ude80\ud83e\udd96\ud83c\udfb9\ud83c\udf9b\u2728<\/a><\/p>\n<p style=\" color:#c9c8cd; font-family:Arial,sans-serif; font-size:14px; line-height:17px; margin-bottom:0; margin-top:8px; overflow:hidden; padding:8px 0 7px; text-align:center; text-overflow:ellipsis; white-space:nowrap;\">Una publicaci\u00f3n compartida por <a href=\"https:\/\/www.instagram.com\/norwayy.oficial\/\" style=\" color:#c9c8cd; font-family:Arial,sans-serif; font-size:14px; font-style:normal; font-weight:normal; line-height:17px;\" target=\"_blank\"> Norwayy<\/a> (@norwayy.oficial) el <time style=\" font-family:Arial,sans-serif; font-size:14px; line-height:17px;\" datetime=\"2018-02-07T21:18:46+00:00\">Feb 7, 2018 at 1:18 PST<\/time><\/p>\n<\/div>\n<\/blockquote>\n<p><script async defer src=\"\/\/www.instagram.com\/embed.js\"><\/script><\/p>\n<p>\u00ab25 thoughts in my head\u00bb, tema que les presento en una versi\u00f3n en vivo que ambas chicas subieron a su canal de <a href=\"https:\/\/www.youtube.com\/channel\/UCVXMxRQYO9zEprRdVxr_gDQ\" target=\"_blank\" rel=\"noopener\">YouTube<\/a>, brilla con intensidad gracias a la pasi\u00f3n que <strong>Norwayy<\/strong> imprime en su interpretaci\u00f3n. El atardecer que acompa\u00f1a a video de esta versi\u00f3n, as\u00ed como la intensidad de cada uno de los instrumentos ejecutados, hacen de esta canci\u00f3n un aut\u00e9ntico viaje sideral que se anticipa como un gran momento del pr\u00f3ximo <strong>NRMAL 2018<\/strong>.<\/p>\n<p>\u00bfLes gust\u00f3? Sigan a <strong>Norwayy<\/strong> a trav\u00e9s de <a href=\"https:\/\/twitter.com\/norwayyoficial\" target=\"_blank\" rel=\"noopener\">Twitter<\/a>, <a href=\"https:\/\/www.facebook.com\/NorwayyOficial\/\" target=\"_blank\" rel=\"noopener\">Facebook<\/a> e <a href=\"https:\/\/www.instagram.com\/norwayy.oficial\/\" target=\"_blank\" rel=\"noopener\">Instagram<\/a>; y s\u00ed, v\u00e9anlas en vivo este pr\u00f3ximo s\u00e1bado 3 de marzo a las 14:00 horas abriendo el escenario \u00abBlack\u00bb del <strong>NRMAL 2018<\/strong>. \u00bfDetalles del <strong>NRMAL<\/strong>? <a href=\"http:\/\/www.reconoce.mx\/lo-que-tienes-que-saber-de-nrmal-2018\/\" target=\"_blank\" rel=\"noopener\">Pasen ac\u00e1<\/a>.<\/p>\n<p style=\"text-align: right;\">Imagen tomada del Instagram de la banda.<\/p>\n<p>&nbsp;<\/p>\n<p>&nbsp;<\/p>\n","protected":false},"excerpt":{"rendered":"<p>Uno de los festivales favoritos -no solo m\u00edo- de Reconoce MX, es sin duda el NRMAL. Con una esencia \u00fanica, que le separa de los much\u00edsimos festivales que surgen en la escena musical de la capital mexicana, NRMAL ha logrado con el paso de los a\u00f1os mantenerse y sostenerse por s\u00ed mismo gracias a su especial curadur\u00eda sonora. <\/p>\n","protected":false},"author":2,"featured_media":70794,"comment_status":"open","ping_status":"open","sticky":false,"template":"","format":"standard","meta":{"footnotes":""},"categories":[1,665,18,17],"tags":[],"class_list":["post-70792","post","type-post","status-publish","format-standard","has-post-thumbnail","hentry","category-cultura","category-lunes-musical-musica","category-musica","category-principal"],"yoast_head":"<!-- This site is optimized with the Yoast SEO plugin v24.7 - https:\/\/yoast.com\/wordpress\/plugins\/seo\/ -->\n<title>&#039;25 thoughts in my head&#039;, de Norwayy &#171; Reconoce MX<\/title>\n<meta name=\"robots\" content=\"index, follow, max-snippet:-1, max-image-preview:large, max-video-preview:-1\" \/>\n<link rel=\"canonical\" href=\"https:\/\/www.reconoce.mx\/?p=70792\" \/>\n<meta property=\"og:locale\" content=\"es_ES\" \/>\n<meta property=\"og:type\" content=\"article\" \/>\n<meta property=\"og:title\" content=\"&#039;25 thoughts in my head&#039;, de Norwayy &#171; Reconoce MX\" \/>\n<meta property=\"og:description\" content=\"Uno de los festivales favoritos -no solo m\u00edo- de Reconoce MX, es sin duda el NRMAL. Con una esencia \u00fanica, que le separa de los much\u00edsimos festivales que surgen en la escena musical de la capital mexicana, NRMAL ha logrado con el paso de los a\u00f1os mantenerse y sostenerse por s\u00ed mismo gracias a su especial curadur\u00eda sonora.\" \/>\n<meta property=\"og:url\" content=\"https:\/\/www.reconoce.mx\/?p=70792\" \/>\n<meta property=\"og:site_name\" content=\"Reconoce MX\" \/>\n<meta property=\"article:publisher\" content=\"https:\/\/es-la.facebook.com\/ReconoceMX\/\" \/>\n<meta property=\"article:published_time\" content=\"2018-02-26T06:04:00+00:00\" \/>\n<meta property=\"article:modified_time\" content=\"2018-02-26T06:10:42+00:00\" \/>\n<meta property=\"og:image\" content=\"https:\/\/www.reconoce.mx\/wp-content\/uploads\/2018\/02\/norwayy-cover.jpg\" \/>\n\t<meta property=\"og:image:width\" content=\"590\" \/>\n\t<meta property=\"og:image:height\" content=\"380\" \/>\n\t<meta property=\"og:image:type\" content=\"image\/jpeg\" \/>\n<meta name=\"author\" content=\"Reconoce MX\" \/>\n<meta name=\"twitter:card\" content=\"summary_large_image\" \/>\n<meta name=\"twitter:creator\" content=\"@reconocemx\" \/>\n<meta name=\"twitter:site\" content=\"@reconocemx\" \/>\n<meta name=\"twitter:label1\" content=\"Escrito por\" \/>\n\t<meta name=\"twitter:data1\" content=\"Reconoce MX\" \/>\n\t<meta name=\"twitter:label2\" content=\"Tiempo de lectura\" \/>\n\t<meta name=\"twitter:data2\" content=\"2 minutos\" \/>\n<script type=\"application\/ld+json\" class=\"yoast-schema-graph\">{\"@context\":\"https:\/\/schema.org\",\"@graph\":[{\"@type\":\"Article\",\"@id\":\"https:\/\/www.reconoce.mx\/?p=70792#article\",\"isPartOf\":{\"@id\":\"https:\/\/www.reconoce.mx\/?p=70792\"},\"author\":{\"name\":\"Reconoce MX\",\"@id\":\"http:\/\/www.reconoce.mx\/#\/schema\/person\/2117e997d7051dc15d6880eaf9bca0b2\"},\"headline\":\"&#8217;25 thoughts in my head&#8217;, de Norwayy\",\"datePublished\":\"2018-02-26T06:04:00+00:00\",\"dateModified\":\"2018-02-26T06:10:42+00:00\",\"mainEntityOfPage\":{\"@id\":\"https:\/\/www.reconoce.mx\/?p=70792\"},\"wordCount\":402,\"commentCount\":0,\"publisher\":{\"@id\":\"http:\/\/www.reconoce.mx\/#organization\"},\"image\":{\"@id\":\"https:\/\/www.reconoce.mx\/?p=70792#primaryimage\"},\"thumbnailUrl\":\"http:\/\/www.reconoce.mx\/wp-content\/uploads\/2018\/02\/norwayy-cover.jpg\",\"articleSection\":[\"Cultura\",\"Lunes musical\",\"M\u00fasica\",\"Principal\"],\"inLanguage\":\"es\",\"potentialAction\":[{\"@type\":\"CommentAction\",\"name\":\"Comment\",\"target\":[\"https:\/\/www.reconoce.mx\/?p=70792#respond\"]}]},{\"@type\":\"WebPage\",\"@id\":\"https:\/\/www.reconoce.mx\/?p=70792\",\"url\":\"https:\/\/www.reconoce.mx\/?p=70792\",\"name\":\"'25 thoughts in my head', de Norwayy &#171; Reconoce MX\",\"isPartOf\":{\"@id\":\"http:\/\/www.reconoce.mx\/#website\"},\"primaryImageOfPage\":{\"@id\":\"https:\/\/www.reconoce.mx\/?p=70792#primaryimage\"},\"image\":{\"@id\":\"https:\/\/www.reconoce.mx\/?p=70792#primaryimage\"},\"thumbnailUrl\":\"http:\/\/www.reconoce.mx\/wp-content\/uploads\/2018\/02\/norwayy-cover.jpg\",\"datePublished\":\"2018-02-26T06:04:00+00:00\",\"dateModified\":\"2018-02-26T06:10:42+00:00\",\"breadcrumb\":{\"@id\":\"https:\/\/www.reconoce.mx\/?p=70792#breadcrumb\"},\"inLanguage\":\"es\",\"potentialAction\":[{\"@type\":\"ReadAction\",\"target\":[\"https:\/\/www.reconoce.mx\/?p=70792\"]}]},{\"@type\":\"ImageObject\",\"inLanguage\":\"es\",\"@id\":\"https:\/\/www.reconoce.mx\/?p=70792#primaryimage\",\"url\":\"http:\/\/www.reconoce.mx\/wp-content\/uploads\/2018\/02\/norwayy-cover.jpg\",\"contentUrl\":\"http:\/\/www.reconoce.mx\/wp-content\/uploads\/2018\/02\/norwayy-cover.jpg\",\"width\":590,\"height\":380},{\"@type\":\"BreadcrumbList\",\"@id\":\"https:\/\/www.reconoce.mx\/?p=70792#breadcrumb\",\"itemListElement\":[{\"@type\":\"ListItem\",\"position\":1,\"name\":\"Portada\",\"item\":\"http:\/\/www.reconoce.mx\/\"},{\"@type\":\"ListItem\",\"position\":2,\"name\":\"&#8217;25 thoughts in my head&#8217;, de Norwayy\"}]},{\"@type\":\"WebSite\",\"@id\":\"http:\/\/www.reconoce.mx\/#website\",\"url\":\"http:\/\/www.reconoce.mx\/\",\"name\":\"Reconoce MX\",\"description\":\"En Reconoce MX difundimos arte, cultura y conciencia social en M\u00e9xico. Tu ciudad en otra perspectiva.\",\"publisher\":{\"@id\":\"http:\/\/www.reconoce.mx\/#organization\"},\"potentialAction\":[{\"@type\":\"SearchAction\",\"target\":{\"@type\":\"EntryPoint\",\"urlTemplate\":\"http:\/\/www.reconoce.mx\/?s={search_term_string}\"},\"query-input\":{\"@type\":\"PropertyValueSpecification\",\"valueRequired\":true,\"valueName\":\"search_term_string\"}}],\"inLanguage\":\"es\"},{\"@type\":\"Organization\",\"@id\":\"http:\/\/www.reconoce.mx\/#organization\",\"name\":\"Reconoce MX\",\"url\":\"http:\/\/www.reconoce.mx\/\",\"logo\":{\"@type\":\"ImageObject\",\"inLanguage\":\"es\",\"@id\":\"http:\/\/www.reconoce.mx\/#\/schema\/logo\/image\/\",\"url\":\"https:\/\/www.reconoce.mx\/wp-content\/uploads\/2019\/03\/logorcmx-good-1.png\",\"contentUrl\":\"https:\/\/www.reconoce.mx\/wp-content\/uploads\/2019\/03\/logorcmx-good-1.png\",\"width\":280,\"height\":90,\"caption\":\"Reconoce MX\"},\"image\":{\"@id\":\"http:\/\/www.reconoce.mx\/#\/schema\/logo\/image\/\"},\"sameAs\":[\"https:\/\/es-la.facebook.com\/ReconoceMX\/\",\"https:\/\/x.com\/reconocemx\",\"http:\/\/@reconocemx\"]},{\"@type\":\"Person\",\"@id\":\"http:\/\/www.reconoce.mx\/#\/schema\/person\/2117e997d7051dc15d6880eaf9bca0b2\",\"name\":\"Reconoce MX\",\"image\":{\"@type\":\"ImageObject\",\"inLanguage\":\"es\",\"@id\":\"http:\/\/www.reconoce.mx\/#\/schema\/person\/image\/\",\"url\":\"https:\/\/secure.gravatar.com\/avatar\/6c8d4dc7569ca1c90c5fdcc349f839d5ddef6fe1e70b4337ead2ef1a4c43fc3a?s=96&d=identicon&r=g\",\"contentUrl\":\"https:\/\/secure.gravatar.com\/avatar\/6c8d4dc7569ca1c90c5fdcc349f839d5ddef6fe1e70b4337ead2ef1a4c43fc3a?s=96&d=identicon&r=g\",\"caption\":\"Reconoce MX\"},\"description\":\"Reconoce MX es un proyecto de difusi\u00f3n art\u00edstica, cultural y de conciencia social que est\u00e1 enfocado a difundir y fomentar el entretenimiento alternativo de calidad para todo el p\u00fablico que comparta el mismo entusiasmo.\",\"sameAs\":[\"http:\/\/www.reconoce.mx\"],\"url\":\"http:\/\/www.reconoce.mx\/?author=2\"}]}<\/script>\n<!-- \/ Yoast SEO plugin. -->","yoast_head_json":{"title":"'25 thoughts in my head', de Norwayy &#171; Reconoce MX","robots":{"index":"index","follow":"follow","max-snippet":"max-snippet:-1","max-image-preview":"max-image-preview:large","max-video-preview":"max-video-preview:-1"},"canonical":"https:\/\/www.reconoce.mx\/?p=70792","og_locale":"es_ES","og_type":"article","og_title":"'25 thoughts in my head', de Norwayy &#171; Reconoce MX","og_description":"Uno de los festivales favoritos -no solo m\u00edo- de Reconoce MX, es sin duda el NRMAL. Con una esencia \u00fanica, que le separa de los much\u00edsimos festivales que surgen en la escena musical de la capital mexicana, NRMAL ha logrado con el paso de los a\u00f1os mantenerse y sostenerse por s\u00ed mismo gracias a su especial curadur\u00eda sonora.","og_url":"https:\/\/www.reconoce.mx\/?p=70792","og_site_name":"Reconoce MX","article_publisher":"https:\/\/es-la.facebook.com\/ReconoceMX\/","article_published_time":"2018-02-26T06:04:00+00:00","article_modified_time":"2018-02-26T06:10:42+00:00","og_image":[{"width":590,"height":380,"url":"https:\/\/www.reconoce.mx\/wp-content\/uploads\/2018\/02\/norwayy-cover.jpg","type":"image\/jpeg"}],"author":"Reconoce MX","twitter_card":"summary_large_image","twitter_creator":"@reconocemx","twitter_site":"@reconocemx","twitter_misc":{"Escrito por":"Reconoce MX","Tiempo de lectura":"2 minutos"},"schema":{"@context":"https:\/\/schema.org","@graph":[{"@type":"Article","@id":"https:\/\/www.reconoce.mx\/?p=70792#article","isPartOf":{"@id":"https:\/\/www.reconoce.mx\/?p=70792"},"author":{"name":"Reconoce MX","@id":"http:\/\/www.reconoce.mx\/#\/schema\/person\/2117e997d7051dc15d6880eaf9bca0b2"},"headline":"&#8217;25 thoughts in my head&#8217;, de Norwayy","datePublished":"2018-02-26T06:04:00+00:00","dateModified":"2018-02-26T06:10:42+00:00","mainEntityOfPage":{"@id":"https:\/\/www.reconoce.mx\/?p=70792"},"wordCount":402,"commentCount":0,"publisher":{"@id":"http:\/\/www.reconoce.mx\/#organization"},"image":{"@id":"https:\/\/www.reconoce.mx\/?p=70792#primaryimage"},"thumbnailUrl":"http:\/\/www.reconoce.mx\/wp-content\/uploads\/2018\/02\/norwayy-cover.jpg","articleSection":["Cultura","Lunes musical","M\u00fasica","Principal"],"inLanguage":"es","potentialAction":[{"@type":"CommentAction","name":"Comment","target":["https:\/\/www.reconoce.mx\/?p=70792#respond"]}]},{"@type":"WebPage","@id":"https:\/\/www.reconoce.mx\/?p=70792","url":"https:\/\/www.reconoce.mx\/?p=70792","name":"'25 thoughts in my head', de Norwayy &#171; Reconoce MX","isPartOf":{"@id":"http:\/\/www.reconoce.mx\/#website"},"primaryImageOfPage":{"@id":"https:\/\/www.reconoce.mx\/?p=70792#primaryimage"},"image":{"@id":"https:\/\/www.reconoce.mx\/?p=70792#primaryimage"},"thumbnailUrl":"http:\/\/www.reconoce.mx\/wp-content\/uploads\/2018\/02\/norwayy-cover.jpg","datePublished":"2018-02-26T06:04:00+00:00","dateModified":"2018-02-26T06:10:42+00:00","breadcrumb":{"@id":"https:\/\/www.reconoce.mx\/?p=70792#breadcrumb"},"inLanguage":"es","potentialAction":[{"@type":"ReadAction","target":["https:\/\/www.reconoce.mx\/?p=70792"]}]},{"@type":"ImageObject","inLanguage":"es","@id":"https:\/\/www.reconoce.mx\/?p=70792#primaryimage","url":"http:\/\/www.reconoce.mx\/wp-content\/uploads\/2018\/02\/norwayy-cover.jpg","contentUrl":"http:\/\/www.reconoce.mx\/wp-content\/uploads\/2018\/02\/norwayy-cover.jpg","width":590,"height":380},{"@type":"BreadcrumbList","@id":"https:\/\/www.reconoce.mx\/?p=70792#breadcrumb","itemListElement":[{"@type":"ListItem","position":1,"name":"Portada","item":"http:\/\/www.reconoce.mx\/"},{"@type":"ListItem","position":2,"name":"&#8217;25 thoughts in my head&#8217;, de Norwayy"}]},{"@type":"WebSite","@id":"http:\/\/www.reconoce.mx\/#website","url":"http:\/\/www.reconoce.mx\/","name":"Reconoce MX","description":"En Reconoce MX difundimos arte, cultura y conciencia social en M\u00e9xico. Tu ciudad en otra perspectiva.","publisher":{"@id":"http:\/\/www.reconoce.mx\/#organization"},"potentialAction":[{"@type":"SearchAction","target":{"@type":"EntryPoint","urlTemplate":"http:\/\/www.reconoce.mx\/?s={search_term_string}"},"query-input":{"@type":"PropertyValueSpecification","valueRequired":true,"valueName":"search_term_string"}}],"inLanguage":"es"},{"@type":"Organization","@id":"http:\/\/www.reconoce.mx\/#organization","name":"Reconoce MX","url":"http:\/\/www.reconoce.mx\/","logo":{"@type":"ImageObject","inLanguage":"es","@id":"http:\/\/www.reconoce.mx\/#\/schema\/logo\/image\/","url":"https:\/\/www.reconoce.mx\/wp-content\/uploads\/2019\/03\/logorcmx-good-1.png","contentUrl":"https:\/\/www.reconoce.mx\/wp-content\/uploads\/2019\/03\/logorcmx-good-1.png","width":280,"height":90,"caption":"Reconoce MX"},"image":{"@id":"http:\/\/www.reconoce.mx\/#\/schema\/logo\/image\/"},"sameAs":["https:\/\/es-la.facebook.com\/ReconoceMX\/","https:\/\/x.com\/reconocemx","http:\/\/@reconocemx"]},{"@type":"Person","@id":"http:\/\/www.reconoce.mx\/#\/schema\/person\/2117e997d7051dc15d6880eaf9bca0b2","name":"Reconoce MX","image":{"@type":"ImageObject","inLanguage":"es","@id":"http:\/\/www.reconoce.mx\/#\/schema\/person\/image\/","url":"https:\/\/secure.gravatar.com\/avatar\/6c8d4dc7569ca1c90c5fdcc349f839d5ddef6fe1e70b4337ead2ef1a4c43fc3a?s=96&d=identicon&r=g","contentUrl":"https:\/\/secure.gravatar.com\/avatar\/6c8d4dc7569ca1c90c5fdcc349f839d5ddef6fe1e70b4337ead2ef1a4c43fc3a?s=96&d=identicon&r=g","caption":"Reconoce MX"},"description":"Reconoce MX es un proyecto de difusi\u00f3n art\u00edstica, cultural y de conciencia social que est\u00e1 enfocado a difundir y fomentar el entretenimiento alternativo de calidad para todo el p\u00fablico que comparta el mismo entusiasmo.","sameAs":["http:\/\/www.reconoce.mx"],"url":"http:\/\/www.reconoce.mx\/?author=2"}]}},"_links":{"self":[{"href":"http:\/\/www.reconoce.mx\/index.php?rest_route=\/wp\/v2\/posts\/70792","targetHints":{"allow":["GET"]}}],"collection":[{"href":"http:\/\/www.reconoce.mx\/index.php?rest_route=\/wp\/v2\/posts"}],"about":[{"href":"http:\/\/www.reconoce.mx\/index.php?rest_route=\/wp\/v2\/types\/post"}],"author":[{"embeddable":true,"href":"http:\/\/www.reconoce.mx\/index.php?rest_route=\/wp\/v2\/users\/2"}],"replies":[{"embeddable":true,"href":"http:\/\/www.reconoce.mx\/index.php?rest_route=%2Fwp%2Fv2%2Fcomments&post=70792"}],"version-history":[{"count":2,"href":"http:\/\/www.reconoce.mx\/index.php?rest_route=\/wp\/v2\/posts\/70792\/revisions"}],"predecessor-version":[{"id":70795,"href":"http:\/\/www.reconoce.mx\/index.php?rest_route=\/wp\/v2\/posts\/70792\/revisions\/70795"}],"wp:featuredmedia":[{"embeddable":true,"href":"http:\/\/www.reconoce.mx\/index.php?rest_route=\/wp\/v2\/media\/70794"}],"wp:attachment":[{"href":"http:\/\/www.reconoce.mx\/index.php?rest_route=%2Fwp%2Fv2%2Fmedia&parent=70792"}],"wp:term":[{"taxonomy":"category","embeddable":true,"href":"http:\/\/www.reconoce.mx\/index.php?rest_route=%2Fwp%2Fv2%2Fcategories&post=70792"},{"taxonomy":"post_tag","embeddable":true,"href":"http:\/\/www.reconoce.mx\/index.php?rest_route=%2Fwp%2Fv2%2Ftags&post=70792"}],"curies":[{"name":"wp","href":"https:\/\/api.w.org\/{rel}","templated":true}]}}